{"id":392593,"date":"2025-04-23T10:03:28","date_gmt":"2025-04-23T13:03:28","guid":{"rendered":"https:\/\/blogdofarnesio.com.br\/?p=392593"},"modified":"2025-04-23T09:56:06","modified_gmt":"2025-04-23T12:56:06","slug":"ifsertaope-celebra-dia-nacional-da-caatinga-com-programacao-especial-inscricoes-estao-abertas","status":"publish","type":"post","link":"https:\/\/blogdofarnesio.com.br\/?p=392593","title":{"rendered":"IFSert\u00e3oPE celebra Dia Nacional da Caatinga com programa\u00e7\u00e3o especial. Inscri\u00e7\u00f5es est\u00e3o abertas"},"content":{"rendered":"<div>O campus Petrolina Zona Rural do\u00a0<b>IFSert\u00e3oPE\u00a0<\/b>realiza, no pr\u00f3ximo dia 28 de abril, evento alusivo ao Dia Nacional da Caatinga. A data, institu\u00edda em 2003, tem como objetivo incentivar a conscientiza\u00e7\u00e3o sobre a import\u00e2ncia do bioma e reverenciar sua biodiversidade.<\/div>\n<div><\/div>\n<div>Para a professora Eliz\u00e2ngela Souza, uma das organizadoras do evento, vivenciar o Dia Nacional da Caatinga \u00e9 de suma import\u00e2ncia para conscientizar as pessoas que desconhecem a relev\u00e2ncia deste bioma, genuinamente brasileiro, rico de fauna e flora \u00fanicas.<\/div>\n<div><\/div>\n<div>\u201cA Caatinga tem grande import\u00e2ncia no sequestro de carbono e redu\u00e7\u00e3o dos impactos clim\u00e1ticos. Manter a Caatinga de p\u00e9 \u00e9 garantir a nossa sobreviv\u00eancia e das demais esp\u00e9cies que ali vivem. O nosso evento traz tem\u00e1ticas importantes sobre formas de preserva\u00e7\u00e3o e o uso sustent\u00e1vel desse bioma\u201d, afirmou.<\/div>\n<div>A programa\u00e7\u00e3o tem in\u00edcio \u00e0s 8h30, no audit\u00f3rio do campus, com a palestra \u201cProdu\u00e7\u00e3o de bioinsumos com uso de bact\u00e9rias da Caatinga\u201d, ministrada pela professora Dra. Adriana Bezerra dos Santos (Uneb).<\/div>\n<div><\/div>\n<div><img loading=\"lazy\" decoding=\"async\" class=\"wp-image-392590 aligncenter\" src=\"https:\/\/blogdofarnesio.com.br\/wp-content\/uploads\/2025\/04\/Dia-da-Caatinga-programacao-scaled-e1745355701837.png\" alt=\"\" width=\"382\" height=\"509\" \/>Entre \u00e0s 10h e 12h, ser\u00e3o ofertadas treze oficinas, com tem\u00e1ticas diversas envolvendo o bioma Caatinga, como, por exemplo, \u201cReceitas com Pancs da Caatinga\u201d; \u201cProdu\u00e7\u00e3o de lambedor de plantas da Caatinga\u201d; \u201cFotografias e narrativas visuais do bioma Caatinga\u201d; \u201cSaberes ancestrais da Caatinga\u201d e \u201cA caatinga em impress\u00e3o 3D\u201d.<\/div>\n<div>\u00c0 tarde, a partir das 13h30, ser\u00e1 realizada a palestra \u201cAmea\u00e7as \u00e0 Caatinga\u201d, ministrada pelo professor Dr. Carlos Alberto Batista dos Santos (Uneb). O evento terminar\u00e1 com apresenta\u00e7\u00f5es de atividades dos n\u00facleos e projetos de Ensino, Pesquisa, Inova\u00e7\u00e3o e Extens\u00e3o do campus Petrolina Zona Rural.<\/div>\n<div>Todas as pessoas interessadas podem participar. As inscri\u00e7\u00f5es s\u00e3o gratuitas e est\u00e3o abertas at\u00e9 dia 26 de abril, atrav\u00e9s do Suap Eventos (<a href=\"https:\/\/suap.ifsertao-pe.edu.br\/eventos\/inscricao\/1\/601\/\" target=\"_blank\" rel=\"noopener\" data-saferedirecturl=\"https:\/\/www.google.com\/url?q=https:\/\/suap.ifsertao-pe.edu.br\/eventos\/inscricao\/1\/601\/&amp;source=gmail&amp;ust=1745428844582000&amp;usg=AOvVaw20WP_sUzTZHKKsYvK5FNxI\">clique aqui<\/a>).<\/div>\n","protected":false},"excerpt":{"rendered":"<p>O campus Petrolina Zona Rural do\u00a0IFSert\u00e3oPE\u00a0realiza, no pr\u00f3ximo dia 28 de abril, evento alusivo ao Dia Nacional da Caatinga. A data, institu\u00edda em 2003, tem como objetivo incentivar a conscientiza\u00e7\u00e3o sobre a import\u00e2ncia do bioma e reverenciar sua biodiversidade. Para a professora Eliz\u00e2ngela Souza, uma das organizadoras do evento, vivenciar o Dia Nacional da Caatinga \u00e9 de suma import\u00e2ncia para conscientizar as pessoas que desconhecem a relev\u00e2ncia deste bioma, genuinamente brasileiro, rico de fauna e flora \u00fanicas. \u201cA Caatinga tem grande import\u00e2ncia no sequestro de carbono e redu\u00e7\u00e3o dos impactos clim\u00e1ticos. Manter a Caatinga de p\u00e9 \u00e9 garantir a nossa sobreviv\u00eancia e das demais esp\u00e9cies que ali vivem. O nosso evento traz tem\u00e1ticas importantes sobre formas de preserva\u00e7\u00e3o e o&hellip; <\/p>\n","protected":false},"author":2,"featured_media":392591,"comment_status":"open","ping_status":"open","sticky":false,"template":"","format":"standard","meta":{"_acf_changed":false,"footnotes":""},"categories":[29],"tags":[],"class_list":["post-392593","post","type-post","status-publish","format-standard","has-post-thumbnail","hentry","category-meio-ambiente"],"acf":[],"yoast_head":"<!-- This site is optimized with the Yoast SEO plugin v27.4 - https:\/\/yoast.com\/product\/yoast-seo-wordpress\/ -->\n<title>IFSert\u00e3oPE celebra Dia Nacional da Caatinga com programa\u00e7\u00e3o especial. Inscri\u00e7\u00f5es est\u00e3o abertas - Blog do Farn\u00e9sio<\/title>\n<meta name=\"robots\" content=\"index, follow, max-snippet:-1, max-image-preview:large, max-video-preview:-1\" \/>\n<link rel=\"canonical\" href=\"https:\/\/blogdofarnesio.com.br\/?p=392593\" \/>\n<meta property=\"og:locale\" content=\"pt_BR\" \/>\n<meta property=\"og:type\" content=\"article\" \/>\n<meta property=\"og:title\" content=\"IFSert\u00e3oPE celebra Dia Nacional da Caatinga com programa\u00e7\u00e3o especial. Inscri\u00e7\u00f5es est\u00e3o abertas - Blog do Farn\u00e9sio\" \/>\n<meta property=\"og:description\" content=\"O campus Petrolina Zona Rural do\u00a0IFSert\u00e3oPE\u00a0realiza, no pr\u00f3ximo dia 28 de abril, evento alusivo ao Dia Nacional da Caatinga. A data, institu\u00edda em 2003, tem como objetivo incentivar a conscientiza\u00e7\u00e3o sobre a import\u00e2ncia do bioma e reverenciar sua biodiversidade. Para a professora Eliz\u00e2ngela Souza, uma das organizadoras do evento, vivenciar o Dia Nacional da Caatinga \u00e9 de suma import\u00e2ncia para conscientizar as pessoas que desconhecem a relev\u00e2ncia deste bioma, genuinamente brasileiro, rico de fauna e flora \u00fanicas. \u201cA Caatinga tem grande import\u00e2ncia no sequestro de carbono e redu\u00e7\u00e3o dos impactos clim\u00e1ticos. Manter a Caatinga de p\u00e9 \u00e9 garantir a nossa sobreviv\u00eancia e das demais esp\u00e9cies que ali vivem. O nosso evento traz tem\u00e1ticas importantes sobre formas de preserva\u00e7\u00e3o e o&hellip;\" \/>\n<meta property=\"og:url\" content=\"https:\/\/blogdofarnesio.com.br\/?p=392593\" \/>\n<meta property=\"og:site_name\" content=\"Blog do Farn\u00e9sio\" \/>\n<meta property=\"article:publisher\" content=\"https:\/\/www.facebook.com\/BlogQuerSaberPolitica\/\" \/>\n<meta property=\"article:author\" content=\"https:\/\/www.facebook.com\/?ref=tn_tnmn\" \/>\n<meta property=\"article:published_time\" content=\"2025-04-23T13:03:28+00:00\" \/>\n<meta property=\"og:image\" content=\"https:\/\/blogdofarnesio.com.br\/wp-content\/uploads\/2025\/04\/Dia-da-Caatinga-1-e1745355525656.jpeg\" \/>\n\t<meta property=\"og:image:width\" content=\"500\" \/>\n\t<meta property=\"og:image:height\" content=\"468\" \/>\n\t<meta property=\"og:image:type\" content=\"image\/jpeg\" \/>\n<meta name=\"author\" content=\"Farn\u00e9sio\" \/>\n<meta name=\"twitter:card\" content=\"summary_large_image\" \/>\n<meta name=\"twitter:label1\" content=\"Escrito por\" \/>\n\t<meta name=\"twitter:data1\" content=\"Farn\u00e9sio\" \/>\n\t<meta name=\"twitter:label2\" content=\"Est. tempo de leitura\" \/>\n\t<meta name=\"twitter:data2\" content=\"2 minutos\" \/>\n<script type=\"application\/ld+json\" class=\"yoast-schema-graph\">{\"@context\":\"https:\\\/\\\/schema.org\",\"@graph\":[{\"@type\":\"Article\",\"@id\":\"https:\\\/\\\/blogdofarnesio.com.br\\\/?p=392593#article\",\"isPartOf\":{\"@id\":\"https:\\\/\\\/blogdofarnesio.com.br\\\/?p=392593\"},\"author\":{\"name\":\"Farn\u00e9sio\",\"@id\":\"https:\\\/\\\/blogdofarnesio.com.br\\\/#\\\/schema\\\/person\\\/bb9b23ae3ad0609ce8df7b6c9e76824d\"},\"headline\":\"IFSert\u00e3oPE celebra Dia Nacional da Caatinga com programa\u00e7\u00e3o especial. Inscri\u00e7\u00f5es est\u00e3o abertas\",\"datePublished\":\"2025-04-23T13:03:28+00:00\",\"mainEntityOfPage\":{\"@id\":\"https:\\\/\\\/blogdofarnesio.com.br\\\/?p=392593\"},\"wordCount\":318,\"commentCount\":0,\"publisher\":{\"@id\":\"https:\\\/\\\/blogdofarnesio.com.br\\\/#organization\"},\"image\":{\"@id\":\"https:\\\/\\\/blogdofarnesio.com.br\\\/?p=392593#primaryimage\"},\"thumbnailUrl\":\"https:\\\/\\\/blogdofarnesio.com.br\\\/wp-content\\\/uploads\\\/2025\\\/04\\\/Dia-da-Caatinga-1-e1745355525656.jpeg\",\"articleSection\":[\"Meio Ambiente\"],\"inLanguage\":\"pt-BR\",\"potentialAction\":[{\"@type\":\"CommentAction\",\"name\":\"Comment\",\"target\":[\"https:\\\/\\\/blogdofarnesio.com.br\\\/?p=392593#respond\"]}]},{\"@type\":\"WebPage\",\"@id\":\"https:\\\/\\\/blogdofarnesio.com.br\\\/?p=392593\",\"url\":\"https:\\\/\\\/blogdofarnesio.com.br\\\/?p=392593\",\"name\":\"IFSert\u00e3oPE celebra Dia Nacional da Caatinga com programa\u00e7\u00e3o especial. Inscri\u00e7\u00f5es est\u00e3o abertas - Blog do Farn\u00e9sio\",\"isPartOf\":{\"@id\":\"https:\\\/\\\/blogdofarnesio.com.br\\\/#website\"},\"primaryImageOfPage\":{\"@id\":\"https:\\\/\\\/blogdofarnesio.com.br\\\/?p=392593#primaryimage\"},\"image\":{\"@id\":\"https:\\\/\\\/blogdofarnesio.com.br\\\/?p=392593#primaryimage\"},\"thumbnailUrl\":\"https:\\\/\\\/blogdofarnesio.com.br\\\/wp-content\\\/uploads\\\/2025\\\/04\\\/Dia-da-Caatinga-1-e1745355525656.jpeg\",\"datePublished\":\"2025-04-23T13:03:28+00:00\",\"breadcrumb\":{\"@id\":\"https:\\\/\\\/blogdofarnesio.com.br\\\/?p=392593#breadcrumb\"},\"inLanguage\":\"pt-BR\",\"potentialAction\":[{\"@type\":\"ReadAction\",\"target\":[\"https:\\\/\\\/blogdofarnesio.com.br\\\/?p=392593\"]}]},{\"@type\":\"ImageObject\",\"inLanguage\":\"pt-BR\",\"@id\":\"https:\\\/\\\/blogdofarnesio.com.br\\\/?p=392593#primaryimage\",\"url\":\"https:\\\/\\\/blogdofarnesio.com.br\\\/wp-content\\\/uploads\\\/2025\\\/04\\\/Dia-da-Caatinga-1-e1745355525656.jpeg\",\"contentUrl\":\"https:\\\/\\\/blogdofarnesio.com.br\\\/wp-content\\\/uploads\\\/2025\\\/04\\\/Dia-da-Caatinga-1-e1745355525656.jpeg\",\"width\":500,\"height\":468},{\"@type\":\"BreadcrumbList\",\"@id\":\"https:\\\/\\\/blogdofarnesio.com.br\\\/?p=392593#breadcrumb\",\"itemListElement\":[{\"@type\":\"ListItem\",\"position\":1,\"name\":\"In\u00edcio\",\"item\":\"https:\\\/\\\/blogdofarnesio.com.br\\\/\"},{\"@type\":\"ListItem\",\"position\":2,\"name\":\"IFSert\u00e3oPE celebra Dia Nacional da Caatinga com programa\u00e7\u00e3o especial. Inscri\u00e7\u00f5es est\u00e3o abertas\"}]},{\"@type\":\"WebSite\",\"@id\":\"https:\\\/\\\/blogdofarnesio.com.br\\\/#website\",\"url\":\"https:\\\/\\\/blogdofarnesio.com.br\\\/\",\"name\":\"Blog do Farn\u00e9sio\",\"description\":\"Quer Saber Pol\u00edtica?\",\"publisher\":{\"@id\":\"https:\\\/\\\/blogdofarnesio.com.br\\\/#organization\"},\"potentialAction\":[{\"@type\":\"SearchAction\",\"target\":{\"@type\":\"EntryPoint\",\"urlTemplate\":\"https:\\\/\\\/blogdofarnesio.com.br\\\/?s={search_term_string}\"},\"query-input\":{\"@type\":\"PropertyValueSpecification\",\"valueRequired\":true,\"valueName\":\"search_term_string\"}}],\"inLanguage\":\"pt-BR\"},{\"@type\":\"Organization\",\"@id\":\"https:\\\/\\\/blogdofarnesio.com.br\\\/#organization\",\"name\":\"Blog do Farn\u00e9sio\",\"url\":\"https:\\\/\\\/blogdofarnesio.com.br\\\/\",\"logo\":{\"@type\":\"ImageObject\",\"inLanguage\":\"pt-BR\",\"@id\":\"https:\\\/\\\/blogdofarnesio.com.br\\\/#\\\/schema\\\/logo\\\/image\\\/\",\"url\":\"https:\\\/\\\/blogdofarnesio.com.br\\\/wp-content\\\/uploads\\\/2026\\\/03\\\/cropped-logo_new-1.png\",\"contentUrl\":\"https:\\\/\\\/blogdofarnesio.com.br\\\/wp-content\\\/uploads\\\/2026\\\/03\\\/cropped-logo_new-1.png\",\"width\":881,\"height\":685,\"caption\":\"Blog do Farn\u00e9sio\"},\"image\":{\"@id\":\"https:\\\/\\\/blogdofarnesio.com.br\\\/#\\\/schema\\\/logo\\\/image\\\/\"},\"sameAs\":[\"https:\\\/\\\/www.facebook.com\\\/BlogQuerSaberPolitica\\\/\"]},{\"@type\":\"Person\",\"@id\":\"https:\\\/\\\/blogdofarnesio.com.br\\\/#\\\/schema\\\/person\\\/bb9b23ae3ad0609ce8df7b6c9e76824d\",\"name\":\"Farn\u00e9sio\",\"image\":{\"@type\":\"ImageObject\",\"inLanguage\":\"pt-BR\",\"@id\":\"https:\\\/\\\/secure.gravatar.com\\\/avatar\\\/986aa4c61ccdb66f8555bf88fc2a65609d00bcabd4d2d94377a727547345cbca?s=96&d=mm&r=g\",\"url\":\"https:\\\/\\\/secure.gravatar.com\\\/avatar\\\/986aa4c61ccdb66f8555bf88fc2a65609d00bcabd4d2d94377a727547345cbca?s=96&d=mm&r=g\",\"contentUrl\":\"https:\\\/\\\/secure.gravatar.com\\\/avatar\\\/986aa4c61ccdb66f8555bf88fc2a65609d00bcabd4d2d94377a727547345cbca?s=96&d=mm&r=g\",\"caption\":\"Farn\u00e9sio\"},\"description\":\"Radialista blogueiro, chegou a Petrolina\\\/Juazeiro em setembro de 1980, Farn\u00e9sio Silva \u00e9 de Arapiraca-Alagoas.\",\"sameAs\":[\"http:\\\/\\\/blogdofarnesio.com.br\",\"https:\\\/\\\/www.facebook.com\\\/?ref=tn_tnmn\",\"https:\\\/\\\/www.instagram.com\\\/?utm_source=pwa_homescreen\",\"https:\\\/\\\/youtube.com.br\\\/\"],\"url\":\"https:\\\/\\\/blogdofarnesio.com.br\\\/?author=2\"}]}<\/script>\n<!-- \/ Yoast SEO plugin. -->","yoast_head_json":{"title":"IFSert\u00e3oPE celebra Dia Nacional da Caatinga com programa\u00e7\u00e3o especial. Inscri\u00e7\u00f5es est\u00e3o abertas - Blog do Farn\u00e9sio","robots":{"index":"index","follow":"follow","max-snippet":"max-snippet:-1","max-image-preview":"max-image-preview:large","max-video-preview":"max-video-preview:-1"},"canonical":"https:\/\/blogdofarnesio.com.br\/?p=392593","og_locale":"pt_BR","og_type":"article","og_title":"IFSert\u00e3oPE celebra Dia Nacional da Caatinga com programa\u00e7\u00e3o especial. Inscri\u00e7\u00f5es est\u00e3o abertas - Blog do Farn\u00e9sio","og_description":"O campus Petrolina Zona Rural do\u00a0IFSert\u00e3oPE\u00a0realiza, no pr\u00f3ximo dia 28 de abril, evento alusivo ao Dia Nacional da Caatinga. A data, institu\u00edda em 2003, tem como objetivo incentivar a conscientiza\u00e7\u00e3o sobre a import\u00e2ncia do bioma e reverenciar sua biodiversidade. Para a professora Eliz\u00e2ngela Souza, uma das organizadoras do evento, vivenciar o Dia Nacional da Caatinga \u00e9 de suma import\u00e2ncia para conscientizar as pessoas que desconhecem a relev\u00e2ncia deste bioma, genuinamente brasileiro, rico de fauna e flora \u00fanicas. \u201cA Caatinga tem grande import\u00e2ncia no sequestro de carbono e redu\u00e7\u00e3o dos impactos clim\u00e1ticos. Manter a Caatinga de p\u00e9 \u00e9 garantir a nossa sobreviv\u00eancia e das demais esp\u00e9cies que ali vivem. O nosso evento traz tem\u00e1ticas importantes sobre formas de preserva\u00e7\u00e3o e o&hellip;","og_url":"https:\/\/blogdofarnesio.com.br\/?p=392593","og_site_name":"Blog do Farn\u00e9sio","article_publisher":"https:\/\/www.facebook.com\/BlogQuerSaberPolitica\/","article_author":"https:\/\/www.facebook.com\/?ref=tn_tnmn","article_published_time":"2025-04-23T13:03:28+00:00","og_image":[{"width":500,"height":468,"url":"https:\/\/blogdofarnesio.com.br\/wp-content\/uploads\/2025\/04\/Dia-da-Caatinga-1-e1745355525656.jpeg","type":"image\/jpeg"}],"author":"Farn\u00e9sio","twitter_card":"summary_large_image","twitter_misc":{"Escrito por":"Farn\u00e9sio","Est. tempo de leitura":"2 minutos"},"schema":{"@context":"https:\/\/schema.org","@graph":[{"@type":"Article","@id":"https:\/\/blogdofarnesio.com.br\/?p=392593#article","isPartOf":{"@id":"https:\/\/blogdofarnesio.com.br\/?p=392593"},"author":{"name":"Farn\u00e9sio","@id":"https:\/\/blogdofarnesio.com.br\/#\/schema\/person\/bb9b23ae3ad0609ce8df7b6c9e76824d"},"headline":"IFSert\u00e3oPE celebra Dia Nacional da Caatinga com programa\u00e7\u00e3o especial. Inscri\u00e7\u00f5es est\u00e3o abertas","datePublished":"2025-04-23T13:03:28+00:00","mainEntityOfPage":{"@id":"https:\/\/blogdofarnesio.com.br\/?p=392593"},"wordCount":318,"commentCount":0,"publisher":{"@id":"https:\/\/blogdofarnesio.com.br\/#organization"},"image":{"@id":"https:\/\/blogdofarnesio.com.br\/?p=392593#primaryimage"},"thumbnailUrl":"https:\/\/blogdofarnesio.com.br\/wp-content\/uploads\/2025\/04\/Dia-da-Caatinga-1-e1745355525656.jpeg","articleSection":["Meio Ambiente"],"inLanguage":"pt-BR","potentialAction":[{"@type":"CommentAction","name":"Comment","target":["https:\/\/blogdofarnesio.com.br\/?p=392593#respond"]}]},{"@type":"WebPage","@id":"https:\/\/blogdofarnesio.com.br\/?p=392593","url":"https:\/\/blogdofarnesio.com.br\/?p=392593","name":"IFSert\u00e3oPE celebra Dia Nacional da Caatinga com programa\u00e7\u00e3o especial. Inscri\u00e7\u00f5es est\u00e3o abertas - Blog do Farn\u00e9sio","isPartOf":{"@id":"https:\/\/blogdofarnesio.com.br\/#website"},"primaryImageOfPage":{"@id":"https:\/\/blogdofarnesio.com.br\/?p=392593#primaryimage"},"image":{"@id":"https:\/\/blogdofarnesio.com.br\/?p=392593#primaryimage"},"thumbnailUrl":"https:\/\/blogdofarnesio.com.br\/wp-content\/uploads\/2025\/04\/Dia-da-Caatinga-1-e1745355525656.jpeg","datePublished":"2025-04-23T13:03:28+00:00","breadcrumb":{"@id":"https:\/\/blogdofarnesio.com.br\/?p=392593#breadcrumb"},"inLanguage":"pt-BR","potentialAction":[{"@type":"ReadAction","target":["https:\/\/blogdofarnesio.com.br\/?p=392593"]}]},{"@type":"ImageObject","inLanguage":"pt-BR","@id":"https:\/\/blogdofarnesio.com.br\/?p=392593#primaryimage","url":"https:\/\/blogdofarnesio.com.br\/wp-content\/uploads\/2025\/04\/Dia-da-Caatinga-1-e1745355525656.jpeg","contentUrl":"https:\/\/blogdofarnesio.com.br\/wp-content\/uploads\/2025\/04\/Dia-da-Caatinga-1-e1745355525656.jpeg","width":500,"height":468},{"@type":"BreadcrumbList","@id":"https:\/\/blogdofarnesio.com.br\/?p=392593#breadcrumb","itemListElement":[{"@type":"ListItem","position":1,"name":"In\u00edcio","item":"https:\/\/blogdofarnesio.com.br\/"},{"@type":"ListItem","position":2,"name":"IFSert\u00e3oPE celebra Dia Nacional da Caatinga com programa\u00e7\u00e3o especial. Inscri\u00e7\u00f5es est\u00e3o abertas"}]},{"@type":"WebSite","@id":"https:\/\/blogdofarnesio.com.br\/#website","url":"https:\/\/blogdofarnesio.com.br\/","name":"Blog do Farn\u00e9sio","description":"Quer Saber Pol\u00edtica?","publisher":{"@id":"https:\/\/blogdofarnesio.com.br\/#organization"},"potentialAction":[{"@type":"SearchAction","target":{"@type":"EntryPoint","urlTemplate":"https:\/\/blogdofarnesio.com.br\/?s={search_term_string}"},"query-input":{"@type":"PropertyValueSpecification","valueRequired":true,"valueName":"search_term_string"}}],"inLanguage":"pt-BR"},{"@type":"Organization","@id":"https:\/\/blogdofarnesio.com.br\/#organization","name":"Blog do Farn\u00e9sio","url":"https:\/\/blogdofarnesio.com.br\/","logo":{"@type":"ImageObject","inLanguage":"pt-BR","@id":"https:\/\/blogdofarnesio.com.br\/#\/schema\/logo\/image\/","url":"https:\/\/blogdofarnesio.com.br\/wp-content\/uploads\/2026\/03\/cropped-logo_new-1.png","contentUrl":"https:\/\/blogdofarnesio.com.br\/wp-content\/uploads\/2026\/03\/cropped-logo_new-1.png","width":881,"height":685,"caption":"Blog do Farn\u00e9sio"},"image":{"@id":"https:\/\/blogdofarnesio.com.br\/#\/schema\/logo\/image\/"},"sameAs":["https:\/\/www.facebook.com\/BlogQuerSaberPolitica\/"]},{"@type":"Person","@id":"https:\/\/blogdofarnesio.com.br\/#\/schema\/person\/bb9b23ae3ad0609ce8df7b6c9e76824d","name":"Farn\u00e9sio","image":{"@type":"ImageObject","inLanguage":"pt-BR","@id":"https:\/\/secure.gravatar.com\/avatar\/986aa4c61ccdb66f8555bf88fc2a65609d00bcabd4d2d94377a727547345cbca?s=96&d=mm&r=g","url":"https:\/\/secure.gravatar.com\/avatar\/986aa4c61ccdb66f8555bf88fc2a65609d00bcabd4d2d94377a727547345cbca?s=96&d=mm&r=g","contentUrl":"https:\/\/secure.gravatar.com\/avatar\/986aa4c61ccdb66f8555bf88fc2a65609d00bcabd4d2d94377a727547345cbca?s=96&d=mm&r=g","caption":"Farn\u00e9sio"},"description":"Radialista blogueiro, chegou a Petrolina\/Juazeiro em setembro de 1980, Farn\u00e9sio Silva \u00e9 de Arapiraca-Alagoas.","sameAs":["http:\/\/blogdofarnesio.com.br","https:\/\/www.facebook.com\/?ref=tn_tnmn","https:\/\/www.instagram.com\/?utm_source=pwa_homescreen","https:\/\/youtube.com.br\/"],"url":"https:\/\/blogdofarnesio.com.br\/?author=2"}]}},"_links":{"self":[{"href":"https:\/\/blogdofarnesio.com.br\/index.php?rest_route=\/wp\/v2\/posts\/392593","targetHints":{"allow":["GET"]}}],"collection":[{"href":"https:\/\/blogdofarnesio.com.br\/index.php?rest_route=\/wp\/v2\/posts"}],"about":[{"href":"https:\/\/blogdofarnesio.com.br\/index.php?rest_route=\/wp\/v2\/types\/post"}],"author":[{"embeddable":true,"href":"https:\/\/blogdofarnesio.com.br\/index.php?rest_route=\/wp\/v2\/users\/2"}],"replies":[{"embeddable":true,"href":"https:\/\/blogdofarnesio.com.br\/index.php?rest_route=%2Fwp%2Fv2%2Fcomments&post=392593"}],"version-history":[{"count":0,"href":"https:\/\/blogdofarnesio.com.br\/index.php?rest_route=\/wp\/v2\/posts\/392593\/revisions"}],"wp:featuredmedia":[{"embeddable":true,"href":"https:\/\/blogdofarnesio.com.br\/index.php?rest_route=\/wp\/v2\/media\/392591"}],"wp:attachment":[{"href":"https:\/\/blogdofarnesio.com.br\/index.php?rest_route=%2Fwp%2Fv2%2Fmedia&parent=392593"}],"wp:term":[{"taxonomy":"category","embeddable":true,"href":"https:\/\/blogdofarnesio.com.br\/index.php?rest_route=%2Fwp%2Fv2%2Fcategories&post=392593"},{"taxonomy":"post_tag","embeddable":true,"href":"https:\/\/blogdofarnesio.com.br\/index.php?rest_route=%2Fwp%2Fv2%2Ftags&post=392593"}],"curies":[{"name":"wp","href":"https:\/\/api.w.org\/{rel}","templated":true}]}}