{"id":392573,"date":"2025-04-23T09:22:22","date_gmt":"2025-04-23T12:22:22","guid":{"rendered":"https:\/\/blogdofarnesio.com.br\/?p=392573"},"modified":"2025-04-22T17:10:30","modified_gmt":"2025-04-22T20:10:30","slug":"juazeiro-celebra-dia-nacional-e-municipal-do-chorinho-com-evento-musical-nesta-quarta-23","status":"publish","type":"post","link":"https:\/\/blogdofarnesio.com.br\/?p=392573","title":{"rendered":"Juazeiro celebra Dia Nacional e Municipal do Chorinho com evento musical nesta quarta (23)"},"content":{"rendered":"<p>Juazeiro vai comemorar, nesta quarta-feira (23), o Dia Nacional e Municipal do Choro, g\u00eanero musical considerado patrim\u00f4nio do Brasil. Para celebrar o ritmo, a cidade contar\u00e1 com um evento gratuito de m\u00fasica no Museu Regional do S\u00e3o Francisco, localizado na Pra\u00e7a da Bandeira, a partir das 17h. O evento tem apoio da Prefeitura de Juazeiro, por meio da Secretaria de Cultura, Turismo e Esportes (Seculte).<\/p>\n<p>Entre as atra\u00e7\u00f5es, o festejo receber\u00e1 o cantor Silas Fran\u00e7a, organizador *e idealizador* da atividade, al\u00e9m de artistas como a cantora W\u00eania Trindade, vencedora do Pr\u00eamio Geraldo Azevedo; o m\u00fasico Rog\u00e9rio Leal; e o gestor cultural Jo\u00e3o Leopoldo, refer\u00eancias no g\u00eanero samba-can\u00e7\u00e3o.<\/p>\n<p>A banda base do evento contar\u00e1, ainda, com a participa\u00e7\u00e3o de Maria Pena, no cavaquinho; Jaaziel Barbosa, no viol\u00e3o; e Marcondes dos Santos e Celso Jos\u00e9, na percuss\u00e3o.<\/p>\n<p>Em 2025, o evento chega \u00e0 sua nona edi\u00e7\u00e3o. Para o superintendente de Cultura da Seculte, Jo\u00e3o Leopoldo, o projeto tem grande relev\u00e2ncia na promo\u00e7\u00e3o e valoriza\u00e7\u00e3o da musicalidade em Juazeiro. \u201cPor ser um g\u00eanero que nasce da fus\u00e3o de diversos estilos musicais, se encaixa perfeitamente na terra do inventor da Bossa Nova, al\u00e9m de carregar um forte simbolismo\u201d, diz.<\/p>\n<p>O Dia Nacional do Choro, assim como o Dia Municipal, foi institu\u00eddo no dia 23 de abril em homenagem \u00e0 data de nascimento de Pixinguinha, uma das figuras mais representativas desse ritmo musical. A data integra o calend\u00e1rio de Juazeiro por meio da Lei Municipal do Chorinho, aprovada pela C\u00e2mara Municipal em 2019.<\/p>\n<p>Ascom PMJ\/Seculte<\/p>\n","protected":false},"excerpt":{"rendered":"<p>Juazeiro vai comemorar, nesta quarta-feira (23), o Dia Nacional e Municipal do Choro, g\u00eanero musical considerado patrim\u00f4nio do Brasil. Para celebrar o ritmo, a cidade contar\u00e1 com um evento gratuito de m\u00fasica no Museu Regional do S\u00e3o Francisco, localizado na Pra\u00e7a da Bandeira, a partir das 17h. O evento tem apoio da Prefeitura de Juazeiro, por meio da Secretaria de Cultura, Turismo e Esportes (Seculte). Entre as atra\u00e7\u00f5es, o festejo receber\u00e1 o cantor Silas Fran\u00e7a, organizador *e idealizador* da atividade, al\u00e9m de artistas como a cantora W\u00eania Trindade, vencedora do Pr\u00eamio Geraldo Azevedo; o m\u00fasico Rog\u00e9rio Leal; e o gestor cultural Jo\u00e3o Leopoldo, refer\u00eancias no g\u00eanero samba-can\u00e7\u00e3o. A banda base do evento contar\u00e1, ainda, com a participa\u00e7\u00e3o de Maria Pena,&hellip; <\/p>\n","protected":false},"author":2,"featured_media":392574,"comment_status":"open","ping_status":"open","sticky":false,"template":"","format":"standard","meta":{"_acf_changed":false,"footnotes":""},"categories":[10],"tags":[],"class_list":["post-392573","post","type-post","status-publish","format-standard","has-post-thumbnail","hentry","category-cultura"],"acf":[],"yoast_head":"<!-- This site is optimized with the Yoast SEO plugin v27.4 - https:\/\/yoast.com\/product\/yoast-seo-wordpress\/ -->\n<title>Juazeiro celebra Dia Nacional e Municipal do Chorinho com evento musical nesta quarta (23) - Blog do Farn\u00e9sio<\/title>\n<meta name=\"robots\" content=\"index, follow, max-snippet:-1, max-image-preview:large, max-video-preview:-1\" \/>\n<link rel=\"canonical\" href=\"https:\/\/blogdofarnesio.com.br\/?p=392573\" \/>\n<meta property=\"og:locale\" content=\"pt_BR\" \/>\n<meta property=\"og:type\" content=\"article\" \/>\n<meta property=\"og:title\" content=\"Juazeiro celebra Dia Nacional e Municipal do Chorinho com evento musical nesta quarta (23) - Blog do Farn\u00e9sio\" \/>\n<meta property=\"og:description\" content=\"Juazeiro vai comemorar, nesta quarta-feira (23), o Dia Nacional e Municipal do Choro, g\u00eanero musical considerado patrim\u00f4nio do Brasil. Para celebrar o ritmo, a cidade contar\u00e1 com um evento gratuito de m\u00fasica no Museu Regional do S\u00e3o Francisco, localizado na Pra\u00e7a da Bandeira, a partir das 17h. O evento tem apoio da Prefeitura de Juazeiro, por meio da Secretaria de Cultura, Turismo e Esportes (Seculte). Entre as atra\u00e7\u00f5es, o festejo receber\u00e1 o cantor Silas Fran\u00e7a, organizador *e idealizador* da atividade, al\u00e9m de artistas como a cantora W\u00eania Trindade, vencedora do Pr\u00eamio Geraldo Azevedo; o m\u00fasico Rog\u00e9rio Leal; e o gestor cultural Jo\u00e3o Leopoldo, refer\u00eancias no g\u00eanero samba-can\u00e7\u00e3o. A banda base do evento contar\u00e1, ainda, com a participa\u00e7\u00e3o de Maria Pena,&hellip;\" \/>\n<meta property=\"og:url\" content=\"https:\/\/blogdofarnesio.com.br\/?p=392573\" \/>\n<meta property=\"og:site_name\" content=\"Blog do Farn\u00e9sio\" \/>\n<meta property=\"article:publisher\" content=\"https:\/\/www.facebook.com\/BlogQuerSaberPolitica\/\" \/>\n<meta property=\"article:author\" content=\"https:\/\/www.facebook.com\/?ref=tn_tnmn\" \/>\n<meta property=\"article:published_time\" content=\"2025-04-23T12:22:22+00:00\" \/>\n<meta property=\"og:image\" content=\"https:\/\/blogdofarnesio.com.br\/wp-content\/uploads\/2025\/04\/blogqspjua-dia-do-chorinho-e1745352591871.jpeg\" \/>\n\t<meta property=\"og:image:width\" content=\"500\" \/>\n\t<meta property=\"og:image:height\" content=\"408\" \/>\n\t<meta property=\"og:image:type\" content=\"image\/jpeg\" \/>\n<meta name=\"author\" content=\"Farn\u00e9sio\" \/>\n<meta name=\"twitter:card\" content=\"summary_large_image\" \/>\n<meta name=\"twitter:label1\" content=\"Escrito por\" \/>\n\t<meta name=\"twitter:data1\" content=\"Farn\u00e9sio\" \/>\n\t<meta name=\"twitter:label2\" content=\"Est. tempo de leitura\" \/>\n\t<meta name=\"twitter:data2\" content=\"2 minutos\" \/>\n<script type=\"application\/ld+json\" class=\"yoast-schema-graph\">{\"@context\":\"https:\\\/\\\/schema.org\",\"@graph\":[{\"@type\":\"Article\",\"@id\":\"https:\\\/\\\/blogdofarnesio.com.br\\\/?p=392573#article\",\"isPartOf\":{\"@id\":\"https:\\\/\\\/blogdofarnesio.com.br\\\/?p=392573\"},\"author\":{\"name\":\"Farn\u00e9sio\",\"@id\":\"https:\\\/\\\/blogdofarnesio.com.br\\\/#\\\/schema\\\/person\\\/bb9b23ae3ad0609ce8df7b6c9e76824d\"},\"headline\":\"Juazeiro celebra Dia Nacional e Municipal do Chorinho com evento musical nesta quarta (23)\",\"datePublished\":\"2025-04-23T12:22:22+00:00\",\"mainEntityOfPage\":{\"@id\":\"https:\\\/\\\/blogdofarnesio.com.br\\\/?p=392573\"},\"wordCount\":288,\"commentCount\":0,\"publisher\":{\"@id\":\"https:\\\/\\\/blogdofarnesio.com.br\\\/#organization\"},\"image\":{\"@id\":\"https:\\\/\\\/blogdofarnesio.com.br\\\/?p=392573#primaryimage\"},\"thumbnailUrl\":\"https:\\\/\\\/blogdofarnesio.com.br\\\/wp-content\\\/uploads\\\/2025\\\/04\\\/blogqspjua-dia-do-chorinho-e1745352591871.jpeg\",\"articleSection\":[\"Cultura\"],\"inLanguage\":\"pt-BR\",\"potentialAction\":[{\"@type\":\"CommentAction\",\"name\":\"Comment\",\"target\":[\"https:\\\/\\\/blogdofarnesio.com.br\\\/?p=392573#respond\"]}]},{\"@type\":\"WebPage\",\"@id\":\"https:\\\/\\\/blogdofarnesio.com.br\\\/?p=392573\",\"url\":\"https:\\\/\\\/blogdofarnesio.com.br\\\/?p=392573\",\"name\":\"Juazeiro celebra Dia Nacional e Municipal do Chorinho com evento musical nesta quarta (23) - Blog do Farn\u00e9sio\",\"isPartOf\":{\"@id\":\"https:\\\/\\\/blogdofarnesio.com.br\\\/#website\"},\"primaryImageOfPage\":{\"@id\":\"https:\\\/\\\/blogdofarnesio.com.br\\\/?p=392573#primaryimage\"},\"image\":{\"@id\":\"https:\\\/\\\/blogdofarnesio.com.br\\\/?p=392573#primaryimage\"},\"thumbnailUrl\":\"https:\\\/\\\/blogdofarnesio.com.br\\\/wp-content\\\/uploads\\\/2025\\\/04\\\/blogqspjua-dia-do-chorinho-e1745352591871.jpeg\",\"datePublished\":\"2025-04-23T12:22:22+00:00\",\"breadcrumb\":{\"@id\":\"https:\\\/\\\/blogdofarnesio.com.br\\\/?p=392573#breadcrumb\"},\"inLanguage\":\"pt-BR\",\"potentialAction\":[{\"@type\":\"ReadAction\",\"target\":[\"https:\\\/\\\/blogdofarnesio.com.br\\\/?p=392573\"]}]},{\"@type\":\"ImageObject\",\"inLanguage\":\"pt-BR\",\"@id\":\"https:\\\/\\\/blogdofarnesio.com.br\\\/?p=392573#primaryimage\",\"url\":\"https:\\\/\\\/blogdofarnesio.com.br\\\/wp-content\\\/uploads\\\/2025\\\/04\\\/blogqspjua-dia-do-chorinho-e1745352591871.jpeg\",\"contentUrl\":\"https:\\\/\\\/blogdofarnesio.com.br\\\/wp-content\\\/uploads\\\/2025\\\/04\\\/blogqspjua-dia-do-chorinho-e1745352591871.jpeg\",\"width\":500,\"height\":408},{\"@type\":\"BreadcrumbList\",\"@id\":\"https:\\\/\\\/blogdofarnesio.com.br\\\/?p=392573#breadcrumb\",\"itemListElement\":[{\"@type\":\"ListItem\",\"position\":1,\"name\":\"In\u00edcio\",\"item\":\"https:\\\/\\\/blogdofarnesio.com.br\\\/\"},{\"@type\":\"ListItem\",\"position\":2,\"name\":\"Juazeiro celebra Dia Nacional e Municipal do Chorinho com evento musical nesta quarta (23)\"}]},{\"@type\":\"WebSite\",\"@id\":\"https:\\\/\\\/blogdofarnesio.com.br\\\/#website\",\"url\":\"https:\\\/\\\/blogdofarnesio.com.br\\\/\",\"name\":\"Blog do Farn\u00e9sio\",\"description\":\"Quer Saber Pol\u00edtica?\",\"publisher\":{\"@id\":\"https:\\\/\\\/blogdofarnesio.com.br\\\/#organization\"},\"potentialAction\":[{\"@type\":\"SearchAction\",\"target\":{\"@type\":\"EntryPoint\",\"urlTemplate\":\"https:\\\/\\\/blogdofarnesio.com.br\\\/?s={search_term_string}\"},\"query-input\":{\"@type\":\"PropertyValueSpecification\",\"valueRequired\":true,\"valueName\":\"search_term_string\"}}],\"inLanguage\":\"pt-BR\"},{\"@type\":\"Organization\",\"@id\":\"https:\\\/\\\/blogdofarnesio.com.br\\\/#organization\",\"name\":\"Blog do Farn\u00e9sio\",\"url\":\"https:\\\/\\\/blogdofarnesio.com.br\\\/\",\"logo\":{\"@type\":\"ImageObject\",\"inLanguage\":\"pt-BR\",\"@id\":\"https:\\\/\\\/blogdofarnesio.com.br\\\/#\\\/schema\\\/logo\\\/image\\\/\",\"url\":\"https:\\\/\\\/blogdofarnesio.com.br\\\/wp-content\\\/uploads\\\/2026\\\/03\\\/cropped-logo_new-1.png\",\"contentUrl\":\"https:\\\/\\\/blogdofarnesio.com.br\\\/wp-content\\\/uploads\\\/2026\\\/03\\\/cropped-logo_new-1.png\",\"width\":881,\"height\":685,\"caption\":\"Blog do Farn\u00e9sio\"},\"image\":{\"@id\":\"https:\\\/\\\/blogdofarnesio.com.br\\\/#\\\/schema\\\/logo\\\/image\\\/\"},\"sameAs\":[\"https:\\\/\\\/www.facebook.com\\\/BlogQuerSaberPolitica\\\/\"]},{\"@type\":\"Person\",\"@id\":\"https:\\\/\\\/blogdofarnesio.com.br\\\/#\\\/schema\\\/person\\\/bb9b23ae3ad0609ce8df7b6c9e76824d\",\"name\":\"Farn\u00e9sio\",\"image\":{\"@type\":\"ImageObject\",\"inLanguage\":\"pt-BR\",\"@id\":\"https:\\\/\\\/secure.gravatar.com\\\/avatar\\\/986aa4c61ccdb66f8555bf88fc2a65609d00bcabd4d2d94377a727547345cbca?s=96&d=mm&r=g\",\"url\":\"https:\\\/\\\/secure.gravatar.com\\\/avatar\\\/986aa4c61ccdb66f8555bf88fc2a65609d00bcabd4d2d94377a727547345cbca?s=96&d=mm&r=g\",\"contentUrl\":\"https:\\\/\\\/secure.gravatar.com\\\/avatar\\\/986aa4c61ccdb66f8555bf88fc2a65609d00bcabd4d2d94377a727547345cbca?s=96&d=mm&r=g\",\"caption\":\"Farn\u00e9sio\"},\"description\":\"Radialista blogueiro, chegou a Petrolina\\\/Juazeiro em setembro de 1980, Farn\u00e9sio Silva \u00e9 de Arapiraca-Alagoas.\",\"sameAs\":[\"http:\\\/\\\/blogdofarnesio.com.br\",\"https:\\\/\\\/www.facebook.com\\\/?ref=tn_tnmn\",\"https:\\\/\\\/www.instagram.com\\\/?utm_source=pwa_homescreen\",\"https:\\\/\\\/youtube.com.br\\\/\"],\"url\":\"https:\\\/\\\/blogdofarnesio.com.br\\\/?author=2\"}]}<\/script>\n<!-- \/ Yoast SEO plugin. -->","yoast_head_json":{"title":"Juazeiro celebra Dia Nacional e Municipal do Chorinho com evento musical nesta quarta (23) - Blog do Farn\u00e9sio","robots":{"index":"index","follow":"follow","max-snippet":"max-snippet:-1","max-image-preview":"max-image-preview:large","max-video-preview":"max-video-preview:-1"},"canonical":"https:\/\/blogdofarnesio.com.br\/?p=392573","og_locale":"pt_BR","og_type":"article","og_title":"Juazeiro celebra Dia Nacional e Municipal do Chorinho com evento musical nesta quarta (23) - Blog do Farn\u00e9sio","og_description":"Juazeiro vai comemorar, nesta quarta-feira (23), o Dia Nacional e Municipal do Choro, g\u00eanero musical considerado patrim\u00f4nio do Brasil. Para celebrar o ritmo, a cidade contar\u00e1 com um evento gratuito de m\u00fasica no Museu Regional do S\u00e3o Francisco, localizado na Pra\u00e7a da Bandeira, a partir das 17h. O evento tem apoio da Prefeitura de Juazeiro, por meio da Secretaria de Cultura, Turismo e Esportes (Seculte). Entre as atra\u00e7\u00f5es, o festejo receber\u00e1 o cantor Silas Fran\u00e7a, organizador *e idealizador* da atividade, al\u00e9m de artistas como a cantora W\u00eania Trindade, vencedora do Pr\u00eamio Geraldo Azevedo; o m\u00fasico Rog\u00e9rio Leal; e o gestor cultural Jo\u00e3o Leopoldo, refer\u00eancias no g\u00eanero samba-can\u00e7\u00e3o. A banda base do evento contar\u00e1, ainda, com a participa\u00e7\u00e3o de Maria Pena,&hellip;","og_url":"https:\/\/blogdofarnesio.com.br\/?p=392573","og_site_name":"Blog do Farn\u00e9sio","article_publisher":"https:\/\/www.facebook.com\/BlogQuerSaberPolitica\/","article_author":"https:\/\/www.facebook.com\/?ref=tn_tnmn","article_published_time":"2025-04-23T12:22:22+00:00","og_image":[{"width":500,"height":408,"url":"https:\/\/blogdofarnesio.com.br\/wp-content\/uploads\/2025\/04\/blogqspjua-dia-do-chorinho-e1745352591871.jpeg","type":"image\/jpeg"}],"author":"Farn\u00e9sio","twitter_card":"summary_large_image","twitter_misc":{"Escrito por":"Farn\u00e9sio","Est. tempo de leitura":"2 minutos"},"schema":{"@context":"https:\/\/schema.org","@graph":[{"@type":"Article","@id":"https:\/\/blogdofarnesio.com.br\/?p=392573#article","isPartOf":{"@id":"https:\/\/blogdofarnesio.com.br\/?p=392573"},"author":{"name":"Farn\u00e9sio","@id":"https:\/\/blogdofarnesio.com.br\/#\/schema\/person\/bb9b23ae3ad0609ce8df7b6c9e76824d"},"headline":"Juazeiro celebra Dia Nacional e Municipal do Chorinho com evento musical nesta quarta (23)","datePublished":"2025-04-23T12:22:22+00:00","mainEntityOfPage":{"@id":"https:\/\/blogdofarnesio.com.br\/?p=392573"},"wordCount":288,"commentCount":0,"publisher":{"@id":"https:\/\/blogdofarnesio.com.br\/#organization"},"image":{"@id":"https:\/\/blogdofarnesio.com.br\/?p=392573#primaryimage"},"thumbnailUrl":"https:\/\/blogdofarnesio.com.br\/wp-content\/uploads\/2025\/04\/blogqspjua-dia-do-chorinho-e1745352591871.jpeg","articleSection":["Cultura"],"inLanguage":"pt-BR","potentialAction":[{"@type":"CommentAction","name":"Comment","target":["https:\/\/blogdofarnesio.com.br\/?p=392573#respond"]}]},{"@type":"WebPage","@id":"https:\/\/blogdofarnesio.com.br\/?p=392573","url":"https:\/\/blogdofarnesio.com.br\/?p=392573","name":"Juazeiro celebra Dia Nacional e Municipal do Chorinho com evento musical nesta quarta (23) - Blog do Farn\u00e9sio","isPartOf":{"@id":"https:\/\/blogdofarnesio.com.br\/#website"},"primaryImageOfPage":{"@id":"https:\/\/blogdofarnesio.com.br\/?p=392573#primaryimage"},"image":{"@id":"https:\/\/blogdofarnesio.com.br\/?p=392573#primaryimage"},"thumbnailUrl":"https:\/\/blogdofarnesio.com.br\/wp-content\/uploads\/2025\/04\/blogqspjua-dia-do-chorinho-e1745352591871.jpeg","datePublished":"2025-04-23T12:22:22+00:00","breadcrumb":{"@id":"https:\/\/blogdofarnesio.com.br\/?p=392573#breadcrumb"},"inLanguage":"pt-BR","potentialAction":[{"@type":"ReadAction","target":["https:\/\/blogdofarnesio.com.br\/?p=392573"]}]},{"@type":"ImageObject","inLanguage":"pt-BR","@id":"https:\/\/blogdofarnesio.com.br\/?p=392573#primaryimage","url":"https:\/\/blogdofarnesio.com.br\/wp-content\/uploads\/2025\/04\/blogqspjua-dia-do-chorinho-e1745352591871.jpeg","contentUrl":"https:\/\/blogdofarnesio.com.br\/wp-content\/uploads\/2025\/04\/blogqspjua-dia-do-chorinho-e1745352591871.jpeg","width":500,"height":408},{"@type":"BreadcrumbList","@id":"https:\/\/blogdofarnesio.com.br\/?p=392573#breadcrumb","itemListElement":[{"@type":"ListItem","position":1,"name":"In\u00edcio","item":"https:\/\/blogdofarnesio.com.br\/"},{"@type":"ListItem","position":2,"name":"Juazeiro celebra Dia Nacional e Municipal do Chorinho com evento musical nesta quarta (23)"}]},{"@type":"WebSite","@id":"https:\/\/blogdofarnesio.com.br\/#website","url":"https:\/\/blogdofarnesio.com.br\/","name":"Blog do Farn\u00e9sio","description":"Quer Saber Pol\u00edtica?","publisher":{"@id":"https:\/\/blogdofarnesio.com.br\/#organization"},"potentialAction":[{"@type":"SearchAction","target":{"@type":"EntryPoint","urlTemplate":"https:\/\/blogdofarnesio.com.br\/?s={search_term_string}"},"query-input":{"@type":"PropertyValueSpecification","valueRequired":true,"valueName":"search_term_string"}}],"inLanguage":"pt-BR"},{"@type":"Organization","@id":"https:\/\/blogdofarnesio.com.br\/#organization","name":"Blog do Farn\u00e9sio","url":"https:\/\/blogdofarnesio.com.br\/","logo":{"@type":"ImageObject","inLanguage":"pt-BR","@id":"https:\/\/blogdofarnesio.com.br\/#\/schema\/logo\/image\/","url":"https:\/\/blogdofarnesio.com.br\/wp-content\/uploads\/2026\/03\/cropped-logo_new-1.png","contentUrl":"https:\/\/blogdofarnesio.com.br\/wp-content\/uploads\/2026\/03\/cropped-logo_new-1.png","width":881,"height":685,"caption":"Blog do Farn\u00e9sio"},"image":{"@id":"https:\/\/blogdofarnesio.com.br\/#\/schema\/logo\/image\/"},"sameAs":["https:\/\/www.facebook.com\/BlogQuerSaberPolitica\/"]},{"@type":"Person","@id":"https:\/\/blogdofarnesio.com.br\/#\/schema\/person\/bb9b23ae3ad0609ce8df7b6c9e76824d","name":"Farn\u00e9sio","image":{"@type":"ImageObject","inLanguage":"pt-BR","@id":"https:\/\/secure.gravatar.com\/avatar\/986aa4c61ccdb66f8555bf88fc2a65609d00bcabd4d2d94377a727547345cbca?s=96&d=mm&r=g","url":"https:\/\/secure.gravatar.com\/avatar\/986aa4c61ccdb66f8555bf88fc2a65609d00bcabd4d2d94377a727547345cbca?s=96&d=mm&r=g","contentUrl":"https:\/\/secure.gravatar.com\/avatar\/986aa4c61ccdb66f8555bf88fc2a65609d00bcabd4d2d94377a727547345cbca?s=96&d=mm&r=g","caption":"Farn\u00e9sio"},"description":"Radialista blogueiro, chegou a Petrolina\/Juazeiro em setembro de 1980, Farn\u00e9sio Silva \u00e9 de Arapiraca-Alagoas.","sameAs":["http:\/\/blogdofarnesio.com.br","https:\/\/www.facebook.com\/?ref=tn_tnmn","https:\/\/www.instagram.com\/?utm_source=pwa_homescreen","https:\/\/youtube.com.br\/"],"url":"https:\/\/blogdofarnesio.com.br\/?author=2"}]}},"_links":{"self":[{"href":"https:\/\/blogdofarnesio.com.br\/index.php?rest_route=\/wp\/v2\/posts\/392573","targetHints":{"allow":["GET"]}}],"collection":[{"href":"https:\/\/blogdofarnesio.com.br\/index.php?rest_route=\/wp\/v2\/posts"}],"about":[{"href":"https:\/\/blogdofarnesio.com.br\/index.php?rest_route=\/wp\/v2\/types\/post"}],"author":[{"embeddable":true,"href":"https:\/\/blogdofarnesio.com.br\/index.php?rest_route=\/wp\/v2\/users\/2"}],"replies":[{"embeddable":true,"href":"https:\/\/blogdofarnesio.com.br\/index.php?rest_route=%2Fwp%2Fv2%2Fcomments&post=392573"}],"version-history":[{"count":0,"href":"https:\/\/blogdofarnesio.com.br\/index.php?rest_route=\/wp\/v2\/posts\/392573\/revisions"}],"wp:featuredmedia":[{"embeddable":true,"href":"https:\/\/blogdofarnesio.com.br\/index.php?rest_route=\/wp\/v2\/media\/392574"}],"wp:attachment":[{"href":"https:\/\/blogdofarnesio.com.br\/index.php?rest_route=%2Fwp%2Fv2%2Fmedia&parent=392573"}],"wp:term":[{"taxonomy":"category","embeddable":true,"href":"https:\/\/blogdofarnesio.com.br\/index.php?rest_route=%2Fwp%2Fv2%2Fcategories&post=392573"},{"taxonomy":"post_tag","embeddable":true,"href":"https:\/\/blogdofarnesio.com.br\/index.php?rest_route=%2Fwp%2Fv2%2Ftags&post=392573"}],"curies":[{"name":"wp","href":"https:\/\/api.w.org\/{rel}","templated":true}]}}