{"id":391935,"date":"2025-04-13T15:00:24","date_gmt":"2025-04-13T18:00:24","guid":{"rendered":"https:\/\/blogdofarnesio.com.br\/?p=391935"},"modified":"2025-04-13T10:19:22","modified_gmt":"2025-04-13T13:19:22","slug":"12o-festa-dos-vaqueiros-em-pinhoes-une-sertanejos-em-evento-com-cavalgada-missa-e-desfile","status":"publish","type":"post","link":"https:\/\/blogdofarnesio.com.br\/?p=391935","title":{"rendered":"12\u00ba Festa dos Vaqueiros, em Pinh\u00f5es, une sertanejos em evento com cavalgada, missa e desfile"},"content":{"rendered":"<p dir=\"ltr\">&#8220;Ei, vaqueiro! Ei, irm\u00e3o! Vamos \u00e0 Missa do Vaqueiro fazer nossa ora\u00e7\u00e3o&#8221;. Era entoando esse pequeno aboio que o Frei Valdevan Correio, conhecido como &#8220;Padre Vaqueiro&#8221;, fazia o convite para a 12\u00ba Festa dos Vaqueiros do distrito de Pinh\u00f5es \u2013 evento realizado neste s\u00e1bado (12). O sacerdote foi o respons\u00e1vel por guiar a missa destinada aos boiadeiros da regi\u00e3o, ponto alto da festividade que h\u00e1 d\u00e9cadas acontece no munic\u00edpio de Juazeiro (BA). Em mais um ano, o evento reuniu fam\u00edlias inteiras e amigos de diferentes locais em um encontro de f\u00e9 e cultura.<\/p>\n<p dir=\"ltr\"><img loading=\"lazy\" decoding=\"async\" class=\" wp-image-391939 aligncenter\" src=\"https:\/\/blogdofarnesio.com.br\/wp-content\/uploads\/2025\/04\/logqspjua-pinhoes-12-festa-vaqueiro.png\" alt=\"\" width=\"487\" height=\"370\" srcset=\"https:\/\/blogdofarnesio.com.br\/wp-content\/uploads\/2025\/04\/logqspjua-pinhoes-12-festa-vaqueiro.png 357w, https:\/\/blogdofarnesio.com.br\/wp-content\/uploads\/2025\/04\/logqspjua-pinhoes-12-festa-vaqueiro-300x228.png 300w\" sizes=\"auto, (max-width: 487px) 100vw, 487px\" \/>O festejo teve in\u00edcio \u00e0s 7h, quando, aos poucos, os participantes foram chegando ao Jorrinho, ponto de concentra\u00e7\u00e3o da festa. L\u00e1, av\u00f3s, pais, filhos e netos surgiram montados em seus cavalos. Assim, mostraram que a tradi\u00e7\u00e3o do vaqueiro segue viva e atravessa gera\u00e7\u00f5es, mas tamb\u00e9m se mant\u00e9m como a hist\u00f3rica pe\u00e7a-chave de uma das atividades econ\u00f4micas mais not\u00e1veis do territ\u00f3rio brasileiro: a pecu\u00e1ria.<\/p>\n<p dir=\"ltr\">Com perneira, gib\u00e3o, guarda-peito, luvas e chap\u00e9u de couro, o vaqueiro sertanejo vestiu seu traje de gala para desfilar com orgulho em Pinh\u00f5es \u2013 e prestar as suas ora\u00e7\u00f5es. Ainda cedo, eles seguiram em provis\u00e3o, com chap\u00e9u na cabe\u00e7a e cora\u00e7\u00e3o em prece, at\u00e9 o local da missa, que foi conduzida pelo Padre Vaqueiro. Assim como no &#8220;aboio-convite&#8221; do frei, a missa foi um momento em que todos se trataram, de fato, como &#8220;irm\u00e3os&#8221;, unidos em preces e louvores.<\/p>\n<p dir=\"ltr\">A celebra\u00e7\u00e3o seguiu com um desfile pelas principais ruas do distrito, quando ecoaram aboios, ora\u00e7\u00f5es e demonstra\u00e7\u00f5es de afeto \u00e0 cultura nordestina. A manh\u00e3 encerrou com um almo\u00e7o coletivo e refor\u00e7ado, al\u00e9m de entrega de brindes e um show musical, encerrando a programa\u00e7\u00e3o com muita alegria.<\/p>\n<p dir=\"ltr\">A Festa dos Vaqueiros \u00e9 um reflexo da relev\u00e2ncia dessa profiss\u00e3o e manifesta\u00e7\u00e3o cultural hist\u00f3rica para o sert\u00e3o, valorizada pela gest\u00e3o da Prefeitura de Juazeiro, que refor\u00e7a a import\u00e2ncia de preservar a tradi\u00e7\u00e3o do povo juazeirense em suas diversas formas.<\/p>\n<p>&nbsp;<\/p>\n<p dir=\"ltr\">Ascom PMJ\/Seculte<\/p>\n<div class=\"yj6qo\"><\/div>\n<div class=\"adL\"><\/div>\n","protected":false},"excerpt":{"rendered":"<p>&#8220;Ei, vaqueiro! Ei, irm\u00e3o! Vamos \u00e0 Missa do Vaqueiro fazer nossa ora\u00e7\u00e3o&#8221;. Era entoando esse pequeno aboio que o Frei Valdevan Correio, conhecido como &#8220;Padre Vaqueiro&#8221;, fazia o convite para a 12\u00ba Festa dos Vaqueiros do distrito de Pinh\u00f5es \u2013 evento realizado neste s\u00e1bado (12). O sacerdote foi o respons\u00e1vel por guiar a missa destinada aos boiadeiros da regi\u00e3o, ponto alto da festividade que h\u00e1 d\u00e9cadas acontece no munic\u00edpio de Juazeiro (BA). Em mais um ano, o evento reuniu fam\u00edlias inteiras e amigos de diferentes locais em um encontro de f\u00e9 e cultura. O festejo teve in\u00edcio \u00e0s 7h, quando, aos poucos, os participantes foram chegando ao Jorrinho, ponto de concentra\u00e7\u00e3o da festa. L\u00e1, av\u00f3s, pais, filhos e netos surgiram&hellip; <\/p>\n","protected":false},"author":2,"featured_media":391938,"comment_status":"open","ping_status":"open","sticky":false,"template":"","format":"standard","meta":{"_acf_changed":false,"footnotes":""},"categories":[32,10],"tags":[],"class_list":["post-391935","post","type-post","status-publish","format-standard","has-post-thumbnail","hentry","category-costumes","category-cultura"],"acf":[],"yoast_head":"<!-- This site is optimized with the Yoast SEO plugin v27.4 - https:\/\/yoast.com\/product\/yoast-seo-wordpress\/ -->\n<title>12\u00ba Festa dos Vaqueiros, em Pinh\u00f5es, une sertanejos em evento com cavalgada, missa e desfile - Blog do Farn\u00e9sio<\/title>\n<meta name=\"robots\" content=\"index, follow, max-snippet:-1, max-image-preview:large, max-video-preview:-1\" \/>\n<link rel=\"canonical\" href=\"https:\/\/blogdofarnesio.com.br\/?p=391935\" \/>\n<meta property=\"og:locale\" content=\"pt_BR\" \/>\n<meta property=\"og:type\" content=\"article\" \/>\n<meta property=\"og:title\" content=\"12\u00ba Festa dos Vaqueiros, em Pinh\u00f5es, une sertanejos em evento com cavalgada, missa e desfile - Blog do Farn\u00e9sio\" \/>\n<meta property=\"og:description\" content=\"&#8220;Ei, vaqueiro! Ei, irm\u00e3o! Vamos \u00e0 Missa do Vaqueiro fazer nossa ora\u00e7\u00e3o&#8221;. Era entoando esse pequeno aboio que o Frei Valdevan Correio, conhecido como &#8220;Padre Vaqueiro&#8221;, fazia o convite para a 12\u00ba Festa dos Vaqueiros do distrito de Pinh\u00f5es \u2013 evento realizado neste s\u00e1bado (12). O sacerdote foi o respons\u00e1vel por guiar a missa destinada aos boiadeiros da regi\u00e3o, ponto alto da festividade que h\u00e1 d\u00e9cadas acontece no munic\u00edpio de Juazeiro (BA). Em mais um ano, o evento reuniu fam\u00edlias inteiras e amigos de diferentes locais em um encontro de f\u00e9 e cultura. O festejo teve in\u00edcio \u00e0s 7h, quando, aos poucos, os participantes foram chegando ao Jorrinho, ponto de concentra\u00e7\u00e3o da festa. L\u00e1, av\u00f3s, pais, filhos e netos surgiram&hellip;\" \/>\n<meta property=\"og:url\" content=\"https:\/\/blogdofarnesio.com.br\/?p=391935\" \/>\n<meta property=\"og:site_name\" content=\"Blog do Farn\u00e9sio\" \/>\n<meta property=\"article:publisher\" content=\"https:\/\/www.facebook.com\/BlogQuerSaberPolitica\/\" \/>\n<meta property=\"article:author\" content=\"https:\/\/www.facebook.com\/?ref=tn_tnmn\" \/>\n<meta property=\"article:published_time\" content=\"2025-04-13T18:00:24+00:00\" \/>\n<meta property=\"og:image\" content=\"https:\/\/blogdofarnesio.com.br\/wp-content\/uploads\/2025\/04\/blogqspjua-pinhoes-12-festa-vaqueiro-1.png\" \/>\n\t<meta property=\"og:image:width\" content=\"361\" \/>\n\t<meta property=\"og:image:height\" content=\"249\" \/>\n\t<meta property=\"og:image:type\" content=\"image\/png\" \/>\n<meta name=\"author\" content=\"Farn\u00e9sio\" \/>\n<meta name=\"twitter:card\" content=\"summary_large_image\" \/>\n<meta name=\"twitter:label1\" content=\"Escrito por\" \/>\n\t<meta name=\"twitter:data1\" content=\"Farn\u00e9sio\" \/>\n\t<meta name=\"twitter:label2\" content=\"Est. tempo de leitura\" \/>\n\t<meta name=\"twitter:data2\" content=\"3 minutos\" \/>\n<script type=\"application\/ld+json\" class=\"yoast-schema-graph\">{\"@context\":\"https:\\\/\\\/schema.org\",\"@graph\":[{\"@type\":\"Article\",\"@id\":\"https:\\\/\\\/blogdofarnesio.com.br\\\/?p=391935#article\",\"isPartOf\":{\"@id\":\"https:\\\/\\\/blogdofarnesio.com.br\\\/?p=391935\"},\"author\":{\"name\":\"Farn\u00e9sio\",\"@id\":\"https:\\\/\\\/blogdofarnesio.com.br\\\/#\\\/schema\\\/person\\\/bb9b23ae3ad0609ce8df7b6c9e76824d\"},\"headline\":\"12\u00ba Festa dos Vaqueiros, em Pinh\u00f5es, une sertanejos em evento com cavalgada, missa e desfile\",\"datePublished\":\"2025-04-13T18:00:24+00:00\",\"mainEntityOfPage\":{\"@id\":\"https:\\\/\\\/blogdofarnesio.com.br\\\/?p=391935\"},\"wordCount\":380,\"commentCount\":0,\"publisher\":{\"@id\":\"https:\\\/\\\/blogdofarnesio.com.br\\\/#organization\"},\"image\":{\"@id\":\"https:\\\/\\\/blogdofarnesio.com.br\\\/?p=391935#primaryimage\"},\"thumbnailUrl\":\"https:\\\/\\\/blogdofarnesio.com.br\\\/wp-content\\\/uploads\\\/2025\\\/04\\\/blogqspjua-pinhoes-12-festa-vaqueiro-1.png\",\"articleSection\":[\"Costumes\",\"Cultura\"],\"inLanguage\":\"pt-BR\",\"potentialAction\":[{\"@type\":\"CommentAction\",\"name\":\"Comment\",\"target\":[\"https:\\\/\\\/blogdofarnesio.com.br\\\/?p=391935#respond\"]}]},{\"@type\":\"WebPage\",\"@id\":\"https:\\\/\\\/blogdofarnesio.com.br\\\/?p=391935\",\"url\":\"https:\\\/\\\/blogdofarnesio.com.br\\\/?p=391935\",\"name\":\"12\u00ba Festa dos Vaqueiros, em Pinh\u00f5es, une sertanejos em evento com cavalgada, missa e desfile - Blog do Farn\u00e9sio\",\"isPartOf\":{\"@id\":\"https:\\\/\\\/blogdofarnesio.com.br\\\/#website\"},\"primaryImageOfPage\":{\"@id\":\"https:\\\/\\\/blogdofarnesio.com.br\\\/?p=391935#primaryimage\"},\"image\":{\"@id\":\"https:\\\/\\\/blogdofarnesio.com.br\\\/?p=391935#primaryimage\"},\"thumbnailUrl\":\"https:\\\/\\\/blogdofarnesio.com.br\\\/wp-content\\\/uploads\\\/2025\\\/04\\\/blogqspjua-pinhoes-12-festa-vaqueiro-1.png\",\"datePublished\":\"2025-04-13T18:00:24+00:00\",\"breadcrumb\":{\"@id\":\"https:\\\/\\\/blogdofarnesio.com.br\\\/?p=391935#breadcrumb\"},\"inLanguage\":\"pt-BR\",\"potentialAction\":[{\"@type\":\"ReadAction\",\"target\":[\"https:\\\/\\\/blogdofarnesio.com.br\\\/?p=391935\"]}]},{\"@type\":\"ImageObject\",\"inLanguage\":\"pt-BR\",\"@id\":\"https:\\\/\\\/blogdofarnesio.com.br\\\/?p=391935#primaryimage\",\"url\":\"https:\\\/\\\/blogdofarnesio.com.br\\\/wp-content\\\/uploads\\\/2025\\\/04\\\/blogqspjua-pinhoes-12-festa-vaqueiro-1.png\",\"contentUrl\":\"https:\\\/\\\/blogdofarnesio.com.br\\\/wp-content\\\/uploads\\\/2025\\\/04\\\/blogqspjua-pinhoes-12-festa-vaqueiro-1.png\",\"width\":361,\"height\":249},{\"@type\":\"BreadcrumbList\",\"@id\":\"https:\\\/\\\/blogdofarnesio.com.br\\\/?p=391935#breadcrumb\",\"itemListElement\":[{\"@type\":\"ListItem\",\"position\":1,\"name\":\"In\u00edcio\",\"item\":\"https:\\\/\\\/blogdofarnesio.com.br\\\/\"},{\"@type\":\"ListItem\",\"position\":2,\"name\":\"12\u00ba Festa dos Vaqueiros, em Pinh\u00f5es, une sertanejos em evento com cavalgada, missa e desfile\"}]},{\"@type\":\"WebSite\",\"@id\":\"https:\\\/\\\/blogdofarnesio.com.br\\\/#website\",\"url\":\"https:\\\/\\\/blogdofarnesio.com.br\\\/\",\"name\":\"Blog do Farn\u00e9sio\",\"description\":\"Quer Saber Pol\u00edtica?\",\"publisher\":{\"@id\":\"https:\\\/\\\/blogdofarnesio.com.br\\\/#organization\"},\"potentialAction\":[{\"@type\":\"SearchAction\",\"target\":{\"@type\":\"EntryPoint\",\"urlTemplate\":\"https:\\\/\\\/blogdofarnesio.com.br\\\/?s={search_term_string}\"},\"query-input\":{\"@type\":\"PropertyValueSpecification\",\"valueRequired\":true,\"valueName\":\"search_term_string\"}}],\"inLanguage\":\"pt-BR\"},{\"@type\":\"Organization\",\"@id\":\"https:\\\/\\\/blogdofarnesio.com.br\\\/#organization\",\"name\":\"Blog do Farn\u00e9sio\",\"url\":\"https:\\\/\\\/blogdofarnesio.com.br\\\/\",\"logo\":{\"@type\":\"ImageObject\",\"inLanguage\":\"pt-BR\",\"@id\":\"https:\\\/\\\/blogdofarnesio.com.br\\\/#\\\/schema\\\/logo\\\/image\\\/\",\"url\":\"https:\\\/\\\/blogdofarnesio.com.br\\\/wp-content\\\/uploads\\\/2026\\\/03\\\/cropped-logo_new-1.png\",\"contentUrl\":\"https:\\\/\\\/blogdofarnesio.com.br\\\/wp-content\\\/uploads\\\/2026\\\/03\\\/cropped-logo_new-1.png\",\"width\":881,\"height\":685,\"caption\":\"Blog do Farn\u00e9sio\"},\"image\":{\"@id\":\"https:\\\/\\\/blogdofarnesio.com.br\\\/#\\\/schema\\\/logo\\\/image\\\/\"},\"sameAs\":[\"https:\\\/\\\/www.facebook.com\\\/BlogQuerSaberPolitica\\\/\"]},{\"@type\":\"Person\",\"@id\":\"https:\\\/\\\/blogdofarnesio.com.br\\\/#\\\/schema\\\/person\\\/bb9b23ae3ad0609ce8df7b6c9e76824d\",\"name\":\"Farn\u00e9sio\",\"image\":{\"@type\":\"ImageObject\",\"inLanguage\":\"pt-BR\",\"@id\":\"https:\\\/\\\/secure.gravatar.com\\\/avatar\\\/986aa4c61ccdb66f8555bf88fc2a65609d00bcabd4d2d94377a727547345cbca?s=96&d=mm&r=g\",\"url\":\"https:\\\/\\\/secure.gravatar.com\\\/avatar\\\/986aa4c61ccdb66f8555bf88fc2a65609d00bcabd4d2d94377a727547345cbca?s=96&d=mm&r=g\",\"contentUrl\":\"https:\\\/\\\/secure.gravatar.com\\\/avatar\\\/986aa4c61ccdb66f8555bf88fc2a65609d00bcabd4d2d94377a727547345cbca?s=96&d=mm&r=g\",\"caption\":\"Farn\u00e9sio\"},\"description\":\"Radialista blogueiro, chegou a Petrolina\\\/Juazeiro em setembro de 1980, Farn\u00e9sio Silva \u00e9 de Arapiraca-Alagoas.\",\"sameAs\":[\"http:\\\/\\\/blogdofarnesio.com.br\",\"https:\\\/\\\/www.facebook.com\\\/?ref=tn_tnmn\",\"https:\\\/\\\/www.instagram.com\\\/?utm_source=pwa_homescreen\",\"https:\\\/\\\/youtube.com.br\\\/\"],\"url\":\"https:\\\/\\\/blogdofarnesio.com.br\\\/?author=2\"}]}<\/script>\n<!-- \/ Yoast SEO plugin. -->","yoast_head_json":{"title":"12\u00ba Festa dos Vaqueiros, em Pinh\u00f5es, une sertanejos em evento com cavalgada, missa e desfile - Blog do Farn\u00e9sio","robots":{"index":"index","follow":"follow","max-snippet":"max-snippet:-1","max-image-preview":"max-image-preview:large","max-video-preview":"max-video-preview:-1"},"canonical":"https:\/\/blogdofarnesio.com.br\/?p=391935","og_locale":"pt_BR","og_type":"article","og_title":"12\u00ba Festa dos Vaqueiros, em Pinh\u00f5es, une sertanejos em evento com cavalgada, missa e desfile - Blog do Farn\u00e9sio","og_description":"&#8220;Ei, vaqueiro! Ei, irm\u00e3o! Vamos \u00e0 Missa do Vaqueiro fazer nossa ora\u00e7\u00e3o&#8221;. Era entoando esse pequeno aboio que o Frei Valdevan Correio, conhecido como &#8220;Padre Vaqueiro&#8221;, fazia o convite para a 12\u00ba Festa dos Vaqueiros do distrito de Pinh\u00f5es \u2013 evento realizado neste s\u00e1bado (12). O sacerdote foi o respons\u00e1vel por guiar a missa destinada aos boiadeiros da regi\u00e3o, ponto alto da festividade que h\u00e1 d\u00e9cadas acontece no munic\u00edpio de Juazeiro (BA). Em mais um ano, o evento reuniu fam\u00edlias inteiras e amigos de diferentes locais em um encontro de f\u00e9 e cultura. O festejo teve in\u00edcio \u00e0s 7h, quando, aos poucos, os participantes foram chegando ao Jorrinho, ponto de concentra\u00e7\u00e3o da festa. L\u00e1, av\u00f3s, pais, filhos e netos surgiram&hellip;","og_url":"https:\/\/blogdofarnesio.com.br\/?p=391935","og_site_name":"Blog do Farn\u00e9sio","article_publisher":"https:\/\/www.facebook.com\/BlogQuerSaberPolitica\/","article_author":"https:\/\/www.facebook.com\/?ref=tn_tnmn","article_published_time":"2025-04-13T18:00:24+00:00","og_image":[{"width":361,"height":249,"url":"https:\/\/blogdofarnesio.com.br\/wp-content\/uploads\/2025\/04\/blogqspjua-pinhoes-12-festa-vaqueiro-1.png","type":"image\/png"}],"author":"Farn\u00e9sio","twitter_card":"summary_large_image","twitter_misc":{"Escrito por":"Farn\u00e9sio","Est. tempo de leitura":"3 minutos"},"schema":{"@context":"https:\/\/schema.org","@graph":[{"@type":"Article","@id":"https:\/\/blogdofarnesio.com.br\/?p=391935#article","isPartOf":{"@id":"https:\/\/blogdofarnesio.com.br\/?p=391935"},"author":{"name":"Farn\u00e9sio","@id":"https:\/\/blogdofarnesio.com.br\/#\/schema\/person\/bb9b23ae3ad0609ce8df7b6c9e76824d"},"headline":"12\u00ba Festa dos Vaqueiros, em Pinh\u00f5es, une sertanejos em evento com cavalgada, missa e desfile","datePublished":"2025-04-13T18:00:24+00:00","mainEntityOfPage":{"@id":"https:\/\/blogdofarnesio.com.br\/?p=391935"},"wordCount":380,"commentCount":0,"publisher":{"@id":"https:\/\/blogdofarnesio.com.br\/#organization"},"image":{"@id":"https:\/\/blogdofarnesio.com.br\/?p=391935#primaryimage"},"thumbnailUrl":"https:\/\/blogdofarnesio.com.br\/wp-content\/uploads\/2025\/04\/blogqspjua-pinhoes-12-festa-vaqueiro-1.png","articleSection":["Costumes","Cultura"],"inLanguage":"pt-BR","potentialAction":[{"@type":"CommentAction","name":"Comment","target":["https:\/\/blogdofarnesio.com.br\/?p=391935#respond"]}]},{"@type":"WebPage","@id":"https:\/\/blogdofarnesio.com.br\/?p=391935","url":"https:\/\/blogdofarnesio.com.br\/?p=391935","name":"12\u00ba Festa dos Vaqueiros, em Pinh\u00f5es, une sertanejos em evento com cavalgada, missa e desfile - Blog do Farn\u00e9sio","isPartOf":{"@id":"https:\/\/blogdofarnesio.com.br\/#website"},"primaryImageOfPage":{"@id":"https:\/\/blogdofarnesio.com.br\/?p=391935#primaryimage"},"image":{"@id":"https:\/\/blogdofarnesio.com.br\/?p=391935#primaryimage"},"thumbnailUrl":"https:\/\/blogdofarnesio.com.br\/wp-content\/uploads\/2025\/04\/blogqspjua-pinhoes-12-festa-vaqueiro-1.png","datePublished":"2025-04-13T18:00:24+00:00","breadcrumb":{"@id":"https:\/\/blogdofarnesio.com.br\/?p=391935#breadcrumb"},"inLanguage":"pt-BR","potentialAction":[{"@type":"ReadAction","target":["https:\/\/blogdofarnesio.com.br\/?p=391935"]}]},{"@type":"ImageObject","inLanguage":"pt-BR","@id":"https:\/\/blogdofarnesio.com.br\/?p=391935#primaryimage","url":"https:\/\/blogdofarnesio.com.br\/wp-content\/uploads\/2025\/04\/blogqspjua-pinhoes-12-festa-vaqueiro-1.png","contentUrl":"https:\/\/blogdofarnesio.com.br\/wp-content\/uploads\/2025\/04\/blogqspjua-pinhoes-12-festa-vaqueiro-1.png","width":361,"height":249},{"@type":"BreadcrumbList","@id":"https:\/\/blogdofarnesio.com.br\/?p=391935#breadcrumb","itemListElement":[{"@type":"ListItem","position":1,"name":"In\u00edcio","item":"https:\/\/blogdofarnesio.com.br\/"},{"@type":"ListItem","position":2,"name":"12\u00ba Festa dos Vaqueiros, em Pinh\u00f5es, une sertanejos em evento com cavalgada, missa e desfile"}]},{"@type":"WebSite","@id":"https:\/\/blogdofarnesio.com.br\/#website","url":"https:\/\/blogdofarnesio.com.br\/","name":"Blog do Farn\u00e9sio","description":"Quer Saber Pol\u00edtica?","publisher":{"@id":"https:\/\/blogdofarnesio.com.br\/#organization"},"potentialAction":[{"@type":"SearchAction","target":{"@type":"EntryPoint","urlTemplate":"https:\/\/blogdofarnesio.com.br\/?s={search_term_string}"},"query-input":{"@type":"PropertyValueSpecification","valueRequired":true,"valueName":"search_term_string"}}],"inLanguage":"pt-BR"},{"@type":"Organization","@id":"https:\/\/blogdofarnesio.com.br\/#organization","name":"Blog do Farn\u00e9sio","url":"https:\/\/blogdofarnesio.com.br\/","logo":{"@type":"ImageObject","inLanguage":"pt-BR","@id":"https:\/\/blogdofarnesio.com.br\/#\/schema\/logo\/image\/","url":"https:\/\/blogdofarnesio.com.br\/wp-content\/uploads\/2026\/03\/cropped-logo_new-1.png","contentUrl":"https:\/\/blogdofarnesio.com.br\/wp-content\/uploads\/2026\/03\/cropped-logo_new-1.png","width":881,"height":685,"caption":"Blog do Farn\u00e9sio"},"image":{"@id":"https:\/\/blogdofarnesio.com.br\/#\/schema\/logo\/image\/"},"sameAs":["https:\/\/www.facebook.com\/BlogQuerSaberPolitica\/"]},{"@type":"Person","@id":"https:\/\/blogdofarnesio.com.br\/#\/schema\/person\/bb9b23ae3ad0609ce8df7b6c9e76824d","name":"Farn\u00e9sio","image":{"@type":"ImageObject","inLanguage":"pt-BR","@id":"https:\/\/secure.gravatar.com\/avatar\/986aa4c61ccdb66f8555bf88fc2a65609d00bcabd4d2d94377a727547345cbca?s=96&d=mm&r=g","url":"https:\/\/secure.gravatar.com\/avatar\/986aa4c61ccdb66f8555bf88fc2a65609d00bcabd4d2d94377a727547345cbca?s=96&d=mm&r=g","contentUrl":"https:\/\/secure.gravatar.com\/avatar\/986aa4c61ccdb66f8555bf88fc2a65609d00bcabd4d2d94377a727547345cbca?s=96&d=mm&r=g","caption":"Farn\u00e9sio"},"description":"Radialista blogueiro, chegou a Petrolina\/Juazeiro em setembro de 1980, Farn\u00e9sio Silva \u00e9 de Arapiraca-Alagoas.","sameAs":["http:\/\/blogdofarnesio.com.br","https:\/\/www.facebook.com\/?ref=tn_tnmn","https:\/\/www.instagram.com\/?utm_source=pwa_homescreen","https:\/\/youtube.com.br\/"],"url":"https:\/\/blogdofarnesio.com.br\/?author=2"}]}},"_links":{"self":[{"href":"https:\/\/blogdofarnesio.com.br\/index.php?rest_route=\/wp\/v2\/posts\/391935","targetHints":{"allow":["GET"]}}],"collection":[{"href":"https:\/\/blogdofarnesio.com.br\/index.php?rest_route=\/wp\/v2\/posts"}],"about":[{"href":"https:\/\/blogdofarnesio.com.br\/index.php?rest_route=\/wp\/v2\/types\/post"}],"author":[{"embeddable":true,"href":"https:\/\/blogdofarnesio.com.br\/index.php?rest_route=\/wp\/v2\/users\/2"}],"replies":[{"embeddable":true,"href":"https:\/\/blogdofarnesio.com.br\/index.php?rest_route=%2Fwp%2Fv2%2Fcomments&post=391935"}],"version-history":[{"count":0,"href":"https:\/\/blogdofarnesio.com.br\/index.php?rest_route=\/wp\/v2\/posts\/391935\/revisions"}],"wp:featuredmedia":[{"embeddable":true,"href":"https:\/\/blogdofarnesio.com.br\/index.php?rest_route=\/wp\/v2\/media\/391938"}],"wp:attachment":[{"href":"https:\/\/blogdofarnesio.com.br\/index.php?rest_route=%2Fwp%2Fv2%2Fmedia&parent=391935"}],"wp:term":[{"taxonomy":"category","embeddable":true,"href":"https:\/\/blogdofarnesio.com.br\/index.php?rest_route=%2Fwp%2Fv2%2Fcategories&post=391935"},{"taxonomy":"post_tag","embeddable":true,"href":"https:\/\/blogdofarnesio.com.br\/index.php?rest_route=%2Fwp%2Fv2%2Ftags&post=391935"}],"curies":[{"name":"wp","href":"https:\/\/api.w.org\/{rel}","templated":true}]}}