{"id":391926,"date":"2025-04-14T09:22:08","date_gmt":"2025-04-14T12:22:08","guid":{"rendered":"https:\/\/blogdofarnesio.com.br\/?p=391926"},"modified":"2025-04-13T11:03:12","modified_gmt":"2025-04-13T14:03:12","slug":"st-e-quem-vai-decidir-se-acusado-de-matar-a-menina-beatriz-vai-juri-popular","status":"publish","type":"post","link":"https:\/\/blogdofarnesio.com.br\/?p=391926","title":{"rendered":"STJ \u00e9 quem vai decidir se acusado de matar a menina Beatriz vai j\u00fari popular"},"content":{"rendered":"<p>*Marcelo Damasceno &#8211;<\/p>\n<p>&nbsp;<\/p>\n<p>Ap\u00f3s quase quatro meses parado, o processo relacionado ao assassinato da Beatriz Ang\u00e9lica Mota, de 7 anos, ocorrido em Petrolina, no Sert\u00e3o de Pernambuco, chegou ao Superior Tribunal de Justi\u00e7a (STJ), em Bras\u00edlia.<\/p>\n<p>A defesa de Marcelo da Silva, assassino confesso da menina, tenta impedir que ele v\u00e1 a j\u00fari popular.<\/p>\n<p>Os autos do processo com o recurso especial foram recebidos no gabinete do ministro Herman Benjamin, presidente do STJ, na \u00faltima quarta-feira (9). N\u00e3o h\u00e1 prazo para decis\u00e3o do relator.<\/p>\n<p>Marcelo da Silva responde por homic\u00eddio triplamente qualificado (motivo torpe, com emprego de meio cruel e mediante dissimula\u00e7\u00e3o, recurso que dificultou a defesa da v\u00edtima). O crime est\u00e1 perto de completar dez anos ainda sem um desfecho.<\/p>\n<p>Em dezembro de 2023, a ju\u00edza Elane Brand\u00e3o Ribeiro, da Vara do Tribunal do J\u00fari de Petrolina, decidiu pela pron\u00fancia de Marcelo. Desde ent\u00e3o, v\u00e1rios recursos foram apresentados pela defesa, que argumenta que as provas s\u00e3o fr\u00e1geis e n\u00e3o apontam para a culpa do r\u00e9u. Diante das provas, todos os recursos foram negados em primeira e segunda inst\u00e2ncia no TJPE &#8211; inclusive em decis\u00e3o colegiada.<\/p>\n<p>Por isso, a defesa de Marcelo ingressou com o recurso especial para exigir reaprecia\u00e7\u00e3o da prova contida nos autos no STJ. Caso a defesa saia derrotada na inst\u00e2ncia superior, o r\u00e9u ser\u00e1 julgado no F\u00f3rum de Petrolina pelo crime.<\/p>\n<p>*Marcelo Damasceno \u00e9 radialista<br \/>\nPETROLINA PE<\/p>\n","protected":false},"excerpt":{"rendered":"<p>*Marcelo Damasceno &#8211; &nbsp; Ap\u00f3s quase quatro meses parado, o processo relacionado ao assassinato da Beatriz Ang\u00e9lica Mota, de 7 anos, ocorrido em Petrolina, no Sert\u00e3o de Pernambuco, chegou ao Superior Tribunal de Justi\u00e7a (STJ), em Bras\u00edlia. A defesa de Marcelo da Silva, assassino confesso da menina, tenta impedir que ele v\u00e1 a j\u00fari popular. Os autos do processo com o recurso especial foram recebidos no gabinete do ministro Herman Benjamin, presidente do STJ, na \u00faltima quarta-feira (9). N\u00e3o h\u00e1 prazo para decis\u00e3o do relator. Marcelo da Silva responde por homic\u00eddio triplamente qualificado (motivo torpe, com emprego de meio cruel e mediante dissimula\u00e7\u00e3o, recurso que dificultou a defesa da v\u00edtima). O crime est\u00e1 perto de completar dez anos ainda sem&hellip; <\/p>\n","protected":false},"author":2,"featured_media":326844,"comment_status":"open","ping_status":"open","sticky":false,"template":"","format":"standard","meta":{"_acf_changed":false,"footnotes":""},"categories":[30],"tags":[],"class_list":["post-391926","post","type-post","status-publish","format-standard","has-post-thumbnail","hentry","category-artigo"],"acf":[],"yoast_head":"<!-- This site is optimized with the Yoast SEO plugin v27.4 - https:\/\/yoast.com\/product\/yoast-seo-wordpress\/ -->\n<title>STJ \u00e9 quem vai decidir se acusado de matar a menina Beatriz vai j\u00fari popular - Blog do Farn\u00e9sio<\/title>\n<meta name=\"robots\" content=\"index, follow, max-snippet:-1, max-image-preview:large, max-video-preview:-1\" \/>\n<link rel=\"canonical\" href=\"https:\/\/blogdofarnesio.com.br\/?p=391926\" \/>\n<meta property=\"og:locale\" content=\"pt_BR\" \/>\n<meta property=\"og:type\" content=\"article\" \/>\n<meta property=\"og:title\" content=\"STJ \u00e9 quem vai decidir se acusado de matar a menina Beatriz vai j\u00fari popular - Blog do Farn\u00e9sio\" \/>\n<meta property=\"og:description\" content=\"*Marcelo Damasceno &#8211; &nbsp; Ap\u00f3s quase quatro meses parado, o processo relacionado ao assassinato da Beatriz Ang\u00e9lica Mota, de 7 anos, ocorrido em Petrolina, no Sert\u00e3o de Pernambuco, chegou ao Superior Tribunal de Justi\u00e7a (STJ), em Bras\u00edlia. A defesa de Marcelo da Silva, assassino confesso da menina, tenta impedir que ele v\u00e1 a j\u00fari popular. Os autos do processo com o recurso especial foram recebidos no gabinete do ministro Herman Benjamin, presidente do STJ, na \u00faltima quarta-feira (9). N\u00e3o h\u00e1 prazo para decis\u00e3o do relator. Marcelo da Silva responde por homic\u00eddio triplamente qualificado (motivo torpe, com emprego de meio cruel e mediante dissimula\u00e7\u00e3o, recurso que dificultou a defesa da v\u00edtima). O crime est\u00e1 perto de completar dez anos ainda sem&hellip;\" \/>\n<meta property=\"og:url\" content=\"https:\/\/blogdofarnesio.com.br\/?p=391926\" \/>\n<meta property=\"og:site_name\" content=\"Blog do Farn\u00e9sio\" \/>\n<meta property=\"article:publisher\" content=\"https:\/\/www.facebook.com\/BlogQuerSaberPolitica\/\" \/>\n<meta property=\"article:author\" content=\"https:\/\/www.facebook.com\/?ref=tn_tnmn\" \/>\n<meta property=\"article:published_time\" content=\"2025-04-14T12:22:08+00:00\" \/>\n<meta property=\"og:image\" content=\"https:\/\/blogdofarnesio.com.br\/wp-content\/uploads\/2022\/11\/blogqsppet-caso-beatriz-e1721821499288.jpg\" \/>\n\t<meta property=\"og:image:width\" content=\"567\" \/>\n\t<meta property=\"og:image:height\" content=\"442\" \/>\n\t<meta property=\"og:image:type\" content=\"image\/jpeg\" \/>\n<meta name=\"author\" content=\"Farn\u00e9sio\" \/>\n<meta name=\"twitter:card\" content=\"summary_large_image\" \/>\n<meta name=\"twitter:label1\" content=\"Escrito por\" \/>\n\t<meta name=\"twitter:data1\" content=\"Farn\u00e9sio\" \/>\n\t<meta name=\"twitter:label2\" content=\"Est. tempo de leitura\" \/>\n\t<meta name=\"twitter:data2\" content=\"2 minutos\" \/>\n<script type=\"application\/ld+json\" class=\"yoast-schema-graph\">{\"@context\":\"https:\\\/\\\/schema.org\",\"@graph\":[{\"@type\":\"Article\",\"@id\":\"https:\\\/\\\/blogdofarnesio.com.br\\\/?p=391926#article\",\"isPartOf\":{\"@id\":\"https:\\\/\\\/blogdofarnesio.com.br\\\/?p=391926\"},\"author\":{\"name\":\"Farn\u00e9sio\",\"@id\":\"https:\\\/\\\/blogdofarnesio.com.br\\\/#\\\/schema\\\/person\\\/bb9b23ae3ad0609ce8df7b6c9e76824d\"},\"headline\":\"STJ \u00e9 quem vai decidir se acusado de matar a menina Beatriz vai j\u00fari popular\",\"datePublished\":\"2025-04-14T12:22:08+00:00\",\"mainEntityOfPage\":{\"@id\":\"https:\\\/\\\/blogdofarnesio.com.br\\\/?p=391926\"},\"wordCount\":270,\"commentCount\":0,\"publisher\":{\"@id\":\"https:\\\/\\\/blogdofarnesio.com.br\\\/#organization\"},\"image\":{\"@id\":\"https:\\\/\\\/blogdofarnesio.com.br\\\/?p=391926#primaryimage\"},\"thumbnailUrl\":\"https:\\\/\\\/blogdofarnesio.com.br\\\/wp-content\\\/uploads\\\/2022\\\/11\\\/blogqsppet-caso-beatriz-e1721821499288.jpg\",\"articleSection\":[\"Artigo\"],\"inLanguage\":\"pt-BR\",\"potentialAction\":[{\"@type\":\"CommentAction\",\"name\":\"Comment\",\"target\":[\"https:\\\/\\\/blogdofarnesio.com.br\\\/?p=391926#respond\"]}]},{\"@type\":\"WebPage\",\"@id\":\"https:\\\/\\\/blogdofarnesio.com.br\\\/?p=391926\",\"url\":\"https:\\\/\\\/blogdofarnesio.com.br\\\/?p=391926\",\"name\":\"STJ \u00e9 quem vai decidir se acusado de matar a menina Beatriz vai j\u00fari popular - Blog do Farn\u00e9sio\",\"isPartOf\":{\"@id\":\"https:\\\/\\\/blogdofarnesio.com.br\\\/#website\"},\"primaryImageOfPage\":{\"@id\":\"https:\\\/\\\/blogdofarnesio.com.br\\\/?p=391926#primaryimage\"},\"image\":{\"@id\":\"https:\\\/\\\/blogdofarnesio.com.br\\\/?p=391926#primaryimage\"},\"thumbnailUrl\":\"https:\\\/\\\/blogdofarnesio.com.br\\\/wp-content\\\/uploads\\\/2022\\\/11\\\/blogqsppet-caso-beatriz-e1721821499288.jpg\",\"datePublished\":\"2025-04-14T12:22:08+00:00\",\"breadcrumb\":{\"@id\":\"https:\\\/\\\/blogdofarnesio.com.br\\\/?p=391926#breadcrumb\"},\"inLanguage\":\"pt-BR\",\"potentialAction\":[{\"@type\":\"ReadAction\",\"target\":[\"https:\\\/\\\/blogdofarnesio.com.br\\\/?p=391926\"]}]},{\"@type\":\"ImageObject\",\"inLanguage\":\"pt-BR\",\"@id\":\"https:\\\/\\\/blogdofarnesio.com.br\\\/?p=391926#primaryimage\",\"url\":\"https:\\\/\\\/blogdofarnesio.com.br\\\/wp-content\\\/uploads\\\/2022\\\/11\\\/blogqsppet-caso-beatriz-e1721821499288.jpg\",\"contentUrl\":\"https:\\\/\\\/blogdofarnesio.com.br\\\/wp-content\\\/uploads\\\/2022\\\/11\\\/blogqsppet-caso-beatriz-e1721821499288.jpg\",\"width\":567,\"height\":442,\"caption\":\"Assassino e v\u00edtima\"},{\"@type\":\"BreadcrumbList\",\"@id\":\"https:\\\/\\\/blogdofarnesio.com.br\\\/?p=391926#breadcrumb\",\"itemListElement\":[{\"@type\":\"ListItem\",\"position\":1,\"name\":\"In\u00edcio\",\"item\":\"https:\\\/\\\/blogdofarnesio.com.br\\\/\"},{\"@type\":\"ListItem\",\"position\":2,\"name\":\"STJ \u00e9 quem vai decidir se acusado de matar a menina Beatriz vai j\u00fari popular\"}]},{\"@type\":\"WebSite\",\"@id\":\"https:\\\/\\\/blogdofarnesio.com.br\\\/#website\",\"url\":\"https:\\\/\\\/blogdofarnesio.com.br\\\/\",\"name\":\"Blog do Farn\u00e9sio\",\"description\":\"Quer Saber Pol\u00edtica?\",\"publisher\":{\"@id\":\"https:\\\/\\\/blogdofarnesio.com.br\\\/#organization\"},\"potentialAction\":[{\"@type\":\"SearchAction\",\"target\":{\"@type\":\"EntryPoint\",\"urlTemplate\":\"https:\\\/\\\/blogdofarnesio.com.br\\\/?s={search_term_string}\"},\"query-input\":{\"@type\":\"PropertyValueSpecification\",\"valueRequired\":true,\"valueName\":\"search_term_string\"}}],\"inLanguage\":\"pt-BR\"},{\"@type\":\"Organization\",\"@id\":\"https:\\\/\\\/blogdofarnesio.com.br\\\/#organization\",\"name\":\"Blog do Farn\u00e9sio\",\"url\":\"https:\\\/\\\/blogdofarnesio.com.br\\\/\",\"logo\":{\"@type\":\"ImageObject\",\"inLanguage\":\"pt-BR\",\"@id\":\"https:\\\/\\\/blogdofarnesio.com.br\\\/#\\\/schema\\\/logo\\\/image\\\/\",\"url\":\"https:\\\/\\\/blogdofarnesio.com.br\\\/wp-content\\\/uploads\\\/2026\\\/03\\\/cropped-logo_new-1.png\",\"contentUrl\":\"https:\\\/\\\/blogdofarnesio.com.br\\\/wp-content\\\/uploads\\\/2026\\\/03\\\/cropped-logo_new-1.png\",\"width\":881,\"height\":685,\"caption\":\"Blog do Farn\u00e9sio\"},\"image\":{\"@id\":\"https:\\\/\\\/blogdofarnesio.com.br\\\/#\\\/schema\\\/logo\\\/image\\\/\"},\"sameAs\":[\"https:\\\/\\\/www.facebook.com\\\/BlogQuerSaberPolitica\\\/\"]},{\"@type\":\"Person\",\"@id\":\"https:\\\/\\\/blogdofarnesio.com.br\\\/#\\\/schema\\\/person\\\/bb9b23ae3ad0609ce8df7b6c9e76824d\",\"name\":\"Farn\u00e9sio\",\"image\":{\"@type\":\"ImageObject\",\"inLanguage\":\"pt-BR\",\"@id\":\"https:\\\/\\\/secure.gravatar.com\\\/avatar\\\/986aa4c61ccdb66f8555bf88fc2a65609d00bcabd4d2d94377a727547345cbca?s=96&d=mm&r=g\",\"url\":\"https:\\\/\\\/secure.gravatar.com\\\/avatar\\\/986aa4c61ccdb66f8555bf88fc2a65609d00bcabd4d2d94377a727547345cbca?s=96&d=mm&r=g\",\"contentUrl\":\"https:\\\/\\\/secure.gravatar.com\\\/avatar\\\/986aa4c61ccdb66f8555bf88fc2a65609d00bcabd4d2d94377a727547345cbca?s=96&d=mm&r=g\",\"caption\":\"Farn\u00e9sio\"},\"description\":\"Radialista blogueiro, chegou a Petrolina\\\/Juazeiro em setembro de 1980, Farn\u00e9sio Silva \u00e9 de Arapiraca-Alagoas.\",\"sameAs\":[\"http:\\\/\\\/blogdofarnesio.com.br\",\"https:\\\/\\\/www.facebook.com\\\/?ref=tn_tnmn\",\"https:\\\/\\\/www.instagram.com\\\/?utm_source=pwa_homescreen\",\"https:\\\/\\\/youtube.com.br\\\/\"],\"url\":\"https:\\\/\\\/blogdofarnesio.com.br\\\/?author=2\"}]}<\/script>\n<!-- \/ Yoast SEO plugin. -->","yoast_head_json":{"title":"STJ \u00e9 quem vai decidir se acusado de matar a menina Beatriz vai j\u00fari popular - Blog do Farn\u00e9sio","robots":{"index":"index","follow":"follow","max-snippet":"max-snippet:-1","max-image-preview":"max-image-preview:large","max-video-preview":"max-video-preview:-1"},"canonical":"https:\/\/blogdofarnesio.com.br\/?p=391926","og_locale":"pt_BR","og_type":"article","og_title":"STJ \u00e9 quem vai decidir se acusado de matar a menina Beatriz vai j\u00fari popular - Blog do Farn\u00e9sio","og_description":"*Marcelo Damasceno &#8211; &nbsp; Ap\u00f3s quase quatro meses parado, o processo relacionado ao assassinato da Beatriz Ang\u00e9lica Mota, de 7 anos, ocorrido em Petrolina, no Sert\u00e3o de Pernambuco, chegou ao Superior Tribunal de Justi\u00e7a (STJ), em Bras\u00edlia. A defesa de Marcelo da Silva, assassino confesso da menina, tenta impedir que ele v\u00e1 a j\u00fari popular. Os autos do processo com o recurso especial foram recebidos no gabinete do ministro Herman Benjamin, presidente do STJ, na \u00faltima quarta-feira (9). N\u00e3o h\u00e1 prazo para decis\u00e3o do relator. Marcelo da Silva responde por homic\u00eddio triplamente qualificado (motivo torpe, com emprego de meio cruel e mediante dissimula\u00e7\u00e3o, recurso que dificultou a defesa da v\u00edtima). O crime est\u00e1 perto de completar dez anos ainda sem&hellip;","og_url":"https:\/\/blogdofarnesio.com.br\/?p=391926","og_site_name":"Blog do Farn\u00e9sio","article_publisher":"https:\/\/www.facebook.com\/BlogQuerSaberPolitica\/","article_author":"https:\/\/www.facebook.com\/?ref=tn_tnmn","article_published_time":"2025-04-14T12:22:08+00:00","og_image":[{"width":567,"height":442,"url":"https:\/\/blogdofarnesio.com.br\/wp-content\/uploads\/2022\/11\/blogqsppet-caso-beatriz-e1721821499288.jpg","type":"image\/jpeg"}],"author":"Farn\u00e9sio","twitter_card":"summary_large_image","twitter_misc":{"Escrito por":"Farn\u00e9sio","Est. tempo de leitura":"2 minutos"},"schema":{"@context":"https:\/\/schema.org","@graph":[{"@type":"Article","@id":"https:\/\/blogdofarnesio.com.br\/?p=391926#article","isPartOf":{"@id":"https:\/\/blogdofarnesio.com.br\/?p=391926"},"author":{"name":"Farn\u00e9sio","@id":"https:\/\/blogdofarnesio.com.br\/#\/schema\/person\/bb9b23ae3ad0609ce8df7b6c9e76824d"},"headline":"STJ \u00e9 quem vai decidir se acusado de matar a menina Beatriz vai j\u00fari popular","datePublished":"2025-04-14T12:22:08+00:00","mainEntityOfPage":{"@id":"https:\/\/blogdofarnesio.com.br\/?p=391926"},"wordCount":270,"commentCount":0,"publisher":{"@id":"https:\/\/blogdofarnesio.com.br\/#organization"},"image":{"@id":"https:\/\/blogdofarnesio.com.br\/?p=391926#primaryimage"},"thumbnailUrl":"https:\/\/blogdofarnesio.com.br\/wp-content\/uploads\/2022\/11\/blogqsppet-caso-beatriz-e1721821499288.jpg","articleSection":["Artigo"],"inLanguage":"pt-BR","potentialAction":[{"@type":"CommentAction","name":"Comment","target":["https:\/\/blogdofarnesio.com.br\/?p=391926#respond"]}]},{"@type":"WebPage","@id":"https:\/\/blogdofarnesio.com.br\/?p=391926","url":"https:\/\/blogdofarnesio.com.br\/?p=391926","name":"STJ \u00e9 quem vai decidir se acusado de matar a menina Beatriz vai j\u00fari popular - Blog do Farn\u00e9sio","isPartOf":{"@id":"https:\/\/blogdofarnesio.com.br\/#website"},"primaryImageOfPage":{"@id":"https:\/\/blogdofarnesio.com.br\/?p=391926#primaryimage"},"image":{"@id":"https:\/\/blogdofarnesio.com.br\/?p=391926#primaryimage"},"thumbnailUrl":"https:\/\/blogdofarnesio.com.br\/wp-content\/uploads\/2022\/11\/blogqsppet-caso-beatriz-e1721821499288.jpg","datePublished":"2025-04-14T12:22:08+00:00","breadcrumb":{"@id":"https:\/\/blogdofarnesio.com.br\/?p=391926#breadcrumb"},"inLanguage":"pt-BR","potentialAction":[{"@type":"ReadAction","target":["https:\/\/blogdofarnesio.com.br\/?p=391926"]}]},{"@type":"ImageObject","inLanguage":"pt-BR","@id":"https:\/\/blogdofarnesio.com.br\/?p=391926#primaryimage","url":"https:\/\/blogdofarnesio.com.br\/wp-content\/uploads\/2022\/11\/blogqsppet-caso-beatriz-e1721821499288.jpg","contentUrl":"https:\/\/blogdofarnesio.com.br\/wp-content\/uploads\/2022\/11\/blogqsppet-caso-beatriz-e1721821499288.jpg","width":567,"height":442,"caption":"Assassino e v\u00edtima"},{"@type":"BreadcrumbList","@id":"https:\/\/blogdofarnesio.com.br\/?p=391926#breadcrumb","itemListElement":[{"@type":"ListItem","position":1,"name":"In\u00edcio","item":"https:\/\/blogdofarnesio.com.br\/"},{"@type":"ListItem","position":2,"name":"STJ \u00e9 quem vai decidir se acusado de matar a menina Beatriz vai j\u00fari popular"}]},{"@type":"WebSite","@id":"https:\/\/blogdofarnesio.com.br\/#website","url":"https:\/\/blogdofarnesio.com.br\/","name":"Blog do Farn\u00e9sio","description":"Quer Saber Pol\u00edtica?","publisher":{"@id":"https:\/\/blogdofarnesio.com.br\/#organization"},"potentialAction":[{"@type":"SearchAction","target":{"@type":"EntryPoint","urlTemplate":"https:\/\/blogdofarnesio.com.br\/?s={search_term_string}"},"query-input":{"@type":"PropertyValueSpecification","valueRequired":true,"valueName":"search_term_string"}}],"inLanguage":"pt-BR"},{"@type":"Organization","@id":"https:\/\/blogdofarnesio.com.br\/#organization","name":"Blog do Farn\u00e9sio","url":"https:\/\/blogdofarnesio.com.br\/","logo":{"@type":"ImageObject","inLanguage":"pt-BR","@id":"https:\/\/blogdofarnesio.com.br\/#\/schema\/logo\/image\/","url":"https:\/\/blogdofarnesio.com.br\/wp-content\/uploads\/2026\/03\/cropped-logo_new-1.png","contentUrl":"https:\/\/blogdofarnesio.com.br\/wp-content\/uploads\/2026\/03\/cropped-logo_new-1.png","width":881,"height":685,"caption":"Blog do Farn\u00e9sio"},"image":{"@id":"https:\/\/blogdofarnesio.com.br\/#\/schema\/logo\/image\/"},"sameAs":["https:\/\/www.facebook.com\/BlogQuerSaberPolitica\/"]},{"@type":"Person","@id":"https:\/\/blogdofarnesio.com.br\/#\/schema\/person\/bb9b23ae3ad0609ce8df7b6c9e76824d","name":"Farn\u00e9sio","image":{"@type":"ImageObject","inLanguage":"pt-BR","@id":"https:\/\/secure.gravatar.com\/avatar\/986aa4c61ccdb66f8555bf88fc2a65609d00bcabd4d2d94377a727547345cbca?s=96&d=mm&r=g","url":"https:\/\/secure.gravatar.com\/avatar\/986aa4c61ccdb66f8555bf88fc2a65609d00bcabd4d2d94377a727547345cbca?s=96&d=mm&r=g","contentUrl":"https:\/\/secure.gravatar.com\/avatar\/986aa4c61ccdb66f8555bf88fc2a65609d00bcabd4d2d94377a727547345cbca?s=96&d=mm&r=g","caption":"Farn\u00e9sio"},"description":"Radialista blogueiro, chegou a Petrolina\/Juazeiro em setembro de 1980, Farn\u00e9sio Silva \u00e9 de Arapiraca-Alagoas.","sameAs":["http:\/\/blogdofarnesio.com.br","https:\/\/www.facebook.com\/?ref=tn_tnmn","https:\/\/www.instagram.com\/?utm_source=pwa_homescreen","https:\/\/youtube.com.br\/"],"url":"https:\/\/blogdofarnesio.com.br\/?author=2"}]}},"_links":{"self":[{"href":"https:\/\/blogdofarnesio.com.br\/index.php?rest_route=\/wp\/v2\/posts\/391926","targetHints":{"allow":["GET"]}}],"collection":[{"href":"https:\/\/blogdofarnesio.com.br\/index.php?rest_route=\/wp\/v2\/posts"}],"about":[{"href":"https:\/\/blogdofarnesio.com.br\/index.php?rest_route=\/wp\/v2\/types\/post"}],"author":[{"embeddable":true,"href":"https:\/\/blogdofarnesio.com.br\/index.php?rest_route=\/wp\/v2\/users\/2"}],"replies":[{"embeddable":true,"href":"https:\/\/blogdofarnesio.com.br\/index.php?rest_route=%2Fwp%2Fv2%2Fcomments&post=391926"}],"version-history":[{"count":0,"href":"https:\/\/blogdofarnesio.com.br\/index.php?rest_route=\/wp\/v2\/posts\/391926\/revisions"}],"wp:featuredmedia":[{"embeddable":true,"href":"https:\/\/blogdofarnesio.com.br\/index.php?rest_route=\/wp\/v2\/media\/326844"}],"wp:attachment":[{"href":"https:\/\/blogdofarnesio.com.br\/index.php?rest_route=%2Fwp%2Fv2%2Fmedia&parent=391926"}],"wp:term":[{"taxonomy":"category","embeddable":true,"href":"https:\/\/blogdofarnesio.com.br\/index.php?rest_route=%2Fwp%2Fv2%2Fcategories&post=391926"},{"taxonomy":"post_tag","embeddable":true,"href":"https:\/\/blogdofarnesio.com.br\/index.php?rest_route=%2Fwp%2Fv2%2Ftags&post=391926"}],"curies":[{"name":"wp","href":"https:\/\/api.w.org\/{rel}","templated":true}]}}