{"id":391416,"date":"2025-04-07T16:00:24","date_gmt":"2025-04-07T19:00:24","guid":{"rendered":"https:\/\/blogdofarnesio.com.br\/?p=391416"},"modified":"2025-04-07T15:42:11","modified_gmt":"2025-04-07T18:42:11","slug":"em-brasilia-simao-durando-participa-de-debates-estrategicos-na-reuniao-da-frente-nacional-de-prefeitos","status":"publish","type":"post","link":"https:\/\/blogdofarnesio.com.br\/?p=391416","title":{"rendered":"Em Bras\u00edlia, Sim\u00e3o Durando participa de debates estrat\u00e9gicos na reuni\u00e3o da Frente Nacional de Prefeitos"},"content":{"rendered":"<p>O prefeito de Petrolina, Sim\u00e3o Durando, cumpre agenda em Bras\u00edlia nesta semana, onde participa da 87\u00aa Reuni\u00e3o Geral da Frente Nacional de Prefeitas e Prefeitos (FNP). O encontro, re\u00fane os gestores de diversas cidades do pa\u00eds para discutir pautas estrat\u00e9gicas e eleger a nova diretoria da FNP para o bi\u00eanio 2025-2027. O objetivo \u00e9 debater e promover o desenvolvimento e a inova\u00e7\u00e3o nas pol\u00edticas p\u00fablicas municipais.<\/p>\n<p>Durante o evento, os prefeitos discutir\u00e3o sobre temas fundamentais como seguran\u00e7a p\u00fablica, efeitos clim\u00e1ticos, riscos fiscais, transporte, e oportunidades de parcerias com institui\u00e7\u00f5es financeiras e entidades nacionais e internacionais. A reuni\u00e3o contar\u00e1 tamb\u00e9m com a presen\u00e7a do vice-presidente da Rep\u00fablica, Geraldo Alckmin, al\u00e9m de diversos ministros.<\/p>\n<p>O prefeito Sim\u00e3o destacou a relev\u00e2ncia do encontro como um espa\u00e7o de fortalecimento das pol\u00edticas p\u00fablicas municipais. \u201cParticipar da reuni\u00e3o da FNP \u00e9 uma oportunidade de dialogar com prefeitos e prefeitas de todo o Brasil, trocar experi\u00eancias e discutir solu\u00e7\u00f5es conjuntas para desafios comuns, como a seguran\u00e7a p\u00fablica, que \u00e9 uma das maiores preocupa\u00e7\u00f5es da popula\u00e7\u00e3o hoje. Al\u00e9m disso, estamos aproveitando para buscar novas parcerias e projetos que beneficiem diretamente Petrolina\u201d, afirmou o gestor.<\/p>\n<p>O gestor petrolinense tamb\u00e9m participar\u00e1 de reuni\u00f5es com ministros ao longo da semana para apresentar demandas da cidade e articular novos investimentos para o munic\u00edpio sertanejo.<\/p>\n","protected":false},"excerpt":{"rendered":"<p>O prefeito de Petrolina, Sim\u00e3o Durando, cumpre agenda em Bras\u00edlia nesta semana, onde participa da 87\u00aa Reuni\u00e3o Geral da Frente Nacional de Prefeitas e Prefeitos (FNP). O encontro, re\u00fane os gestores de diversas cidades do pa\u00eds para discutir pautas estrat\u00e9gicas e eleger a nova diretoria da FNP para o bi\u00eanio 2025-2027. O objetivo \u00e9 debater e promover o desenvolvimento e a inova\u00e7\u00e3o nas pol\u00edticas p\u00fablicas municipais. Durante o evento, os prefeitos discutir\u00e3o sobre temas fundamentais como seguran\u00e7a p\u00fablica, efeitos clim\u00e1ticos, riscos fiscais, transporte, e oportunidades de parcerias com institui\u00e7\u00f5es financeiras e entidades nacionais e internacionais. A reuni\u00e3o contar\u00e1 tamb\u00e9m com a presen\u00e7a do vice-presidente da Rep\u00fablica, Geraldo Alckmin, al\u00e9m de diversos ministros. O prefeito Sim\u00e3o destacou a relev\u00e2ncia do encontro&hellip; <\/p>\n","protected":false},"author":2,"featured_media":391418,"comment_status":"open","ping_status":"open","sticky":false,"template":"","format":"standard","meta":{"_acf_changed":false,"footnotes":""},"categories":[1],"tags":[],"class_list":["post-391416","post","type-post","status-publish","format-standard","has-post-thumbnail","hentry","category-politica"],"acf":[],"yoast_head":"<!-- This site is optimized with the Yoast SEO plugin v27.4 - https:\/\/yoast.com\/product\/yoast-seo-wordpress\/ -->\n<title>Em Bras\u00edlia, Sim\u00e3o Durando participa de debates estrat\u00e9gicos na reuni\u00e3o da Frente Nacional de Prefeitos - Blog do Farn\u00e9sio<\/title>\n<meta name=\"robots\" content=\"index, follow, max-snippet:-1, max-image-preview:large, max-video-preview:-1\" \/>\n<link rel=\"canonical\" href=\"https:\/\/blogdofarnesio.com.br\/?p=391416\" \/>\n<meta property=\"og:locale\" content=\"pt_BR\" \/>\n<meta property=\"og:type\" content=\"article\" \/>\n<meta property=\"og:title\" content=\"Em Bras\u00edlia, Sim\u00e3o Durando participa de debates estrat\u00e9gicos na reuni\u00e3o da Frente Nacional de Prefeitos - Blog do Farn\u00e9sio\" \/>\n<meta property=\"og:description\" content=\"O prefeito de Petrolina, Sim\u00e3o Durando, cumpre agenda em Bras\u00edlia nesta semana, onde participa da 87\u00aa Reuni\u00e3o Geral da Frente Nacional de Prefeitas e Prefeitos (FNP). O encontro, re\u00fane os gestores de diversas cidades do pa\u00eds para discutir pautas estrat\u00e9gicas e eleger a nova diretoria da FNP para o bi\u00eanio 2025-2027. O objetivo \u00e9 debater e promover o desenvolvimento e a inova\u00e7\u00e3o nas pol\u00edticas p\u00fablicas municipais. Durante o evento, os prefeitos discutir\u00e3o sobre temas fundamentais como seguran\u00e7a p\u00fablica, efeitos clim\u00e1ticos, riscos fiscais, transporte, e oportunidades de parcerias com institui\u00e7\u00f5es financeiras e entidades nacionais e internacionais. A reuni\u00e3o contar\u00e1 tamb\u00e9m com a presen\u00e7a do vice-presidente da Rep\u00fablica, Geraldo Alckmin, al\u00e9m de diversos ministros. O prefeito Sim\u00e3o destacou a relev\u00e2ncia do encontro&hellip;\" \/>\n<meta property=\"og:url\" content=\"https:\/\/blogdofarnesio.com.br\/?p=391416\" \/>\n<meta property=\"og:site_name\" content=\"Blog do Farn\u00e9sio\" \/>\n<meta property=\"article:publisher\" content=\"https:\/\/www.facebook.com\/BlogQuerSaberPolitica\/\" \/>\n<meta property=\"article:author\" content=\"https:\/\/www.facebook.com\/?ref=tn_tnmn\" \/>\n<meta property=\"article:published_time\" content=\"2025-04-07T19:00:24+00:00\" \/>\n<meta property=\"og:image\" content=\"https:\/\/blogdofarnesio.com.br\/wp-content\/uploads\/2025\/04\/blogqsppet-simao-enc-prefeitos-e1744051301423.jpg\" \/>\n\t<meta property=\"og:image:width\" content=\"533\" \/>\n\t<meta property=\"og:image:height\" content=\"291\" \/>\n\t<meta property=\"og:image:type\" content=\"image\/jpeg\" \/>\n<meta name=\"author\" content=\"Farn\u00e9sio\" \/>\n<meta name=\"twitter:card\" content=\"summary_large_image\" \/>\n<meta name=\"twitter:label1\" content=\"Escrito por\" \/>\n\t<meta name=\"twitter:data1\" content=\"Farn\u00e9sio\" \/>\n\t<meta name=\"twitter:label2\" content=\"Est. tempo de leitura\" \/>\n\t<meta name=\"twitter:data2\" content=\"2 minutos\" \/>\n<script type=\"application\/ld+json\" class=\"yoast-schema-graph\">{\"@context\":\"https:\\\/\\\/schema.org\",\"@graph\":[{\"@type\":\"Article\",\"@id\":\"https:\\\/\\\/blogdofarnesio.com.br\\\/?p=391416#article\",\"isPartOf\":{\"@id\":\"https:\\\/\\\/blogdofarnesio.com.br\\\/?p=391416\"},\"author\":{\"name\":\"Farn\u00e9sio\",\"@id\":\"https:\\\/\\\/blogdofarnesio.com.br\\\/#\\\/schema\\\/person\\\/bb9b23ae3ad0609ce8df7b6c9e76824d\"},\"headline\":\"Em Bras\u00edlia, Sim\u00e3o Durando participa de debates estrat\u00e9gicos na reuni\u00e3o da Frente Nacional de Prefeitos\",\"datePublished\":\"2025-04-07T19:00:24+00:00\",\"mainEntityOfPage\":{\"@id\":\"https:\\\/\\\/blogdofarnesio.com.br\\\/?p=391416\"},\"wordCount\":263,\"commentCount\":0,\"publisher\":{\"@id\":\"https:\\\/\\\/blogdofarnesio.com.br\\\/#organization\"},\"image\":{\"@id\":\"https:\\\/\\\/blogdofarnesio.com.br\\\/?p=391416#primaryimage\"},\"thumbnailUrl\":\"https:\\\/\\\/blogdofarnesio.com.br\\\/wp-content\\\/uploads\\\/2025\\\/04\\\/blogqsppet-simao-enc-prefeitos-e1744051301423.jpg\",\"articleSection\":[\"Pol\u00edtica\"],\"inLanguage\":\"pt-BR\",\"potentialAction\":[{\"@type\":\"CommentAction\",\"name\":\"Comment\",\"target\":[\"https:\\\/\\\/blogdofarnesio.com.br\\\/?p=391416#respond\"]}]},{\"@type\":\"WebPage\",\"@id\":\"https:\\\/\\\/blogdofarnesio.com.br\\\/?p=391416\",\"url\":\"https:\\\/\\\/blogdofarnesio.com.br\\\/?p=391416\",\"name\":\"Em Bras\u00edlia, Sim\u00e3o Durando participa de debates estrat\u00e9gicos na reuni\u00e3o da Frente Nacional de Prefeitos - Blog do Farn\u00e9sio\",\"isPartOf\":{\"@id\":\"https:\\\/\\\/blogdofarnesio.com.br\\\/#website\"},\"primaryImageOfPage\":{\"@id\":\"https:\\\/\\\/blogdofarnesio.com.br\\\/?p=391416#primaryimage\"},\"image\":{\"@id\":\"https:\\\/\\\/blogdofarnesio.com.br\\\/?p=391416#primaryimage\"},\"thumbnailUrl\":\"https:\\\/\\\/blogdofarnesio.com.br\\\/wp-content\\\/uploads\\\/2025\\\/04\\\/blogqsppet-simao-enc-prefeitos-e1744051301423.jpg\",\"datePublished\":\"2025-04-07T19:00:24+00:00\",\"breadcrumb\":{\"@id\":\"https:\\\/\\\/blogdofarnesio.com.br\\\/?p=391416#breadcrumb\"},\"inLanguage\":\"pt-BR\",\"potentialAction\":[{\"@type\":\"ReadAction\",\"target\":[\"https:\\\/\\\/blogdofarnesio.com.br\\\/?p=391416\"]}]},{\"@type\":\"ImageObject\",\"inLanguage\":\"pt-BR\",\"@id\":\"https:\\\/\\\/blogdofarnesio.com.br\\\/?p=391416#primaryimage\",\"url\":\"https:\\\/\\\/blogdofarnesio.com.br\\\/wp-content\\\/uploads\\\/2025\\\/04\\\/blogqsppet-simao-enc-prefeitos-e1744051301423.jpg\",\"contentUrl\":\"https:\\\/\\\/blogdofarnesio.com.br\\\/wp-content\\\/uploads\\\/2025\\\/04\\\/blogqsppet-simao-enc-prefeitos-e1744051301423.jpg\",\"width\":533,\"height\":291},{\"@type\":\"BreadcrumbList\",\"@id\":\"https:\\\/\\\/blogdofarnesio.com.br\\\/?p=391416#breadcrumb\",\"itemListElement\":[{\"@type\":\"ListItem\",\"position\":1,\"name\":\"In\u00edcio\",\"item\":\"https:\\\/\\\/blogdofarnesio.com.br\\\/\"},{\"@type\":\"ListItem\",\"position\":2,\"name\":\"Em Bras\u00edlia, Sim\u00e3o Durando participa de debates estrat\u00e9gicos na reuni\u00e3o da Frente Nacional de Prefeitos\"}]},{\"@type\":\"WebSite\",\"@id\":\"https:\\\/\\\/blogdofarnesio.com.br\\\/#website\",\"url\":\"https:\\\/\\\/blogdofarnesio.com.br\\\/\",\"name\":\"Blog do Farn\u00e9sio\",\"description\":\"Quer Saber Pol\u00edtica?\",\"publisher\":{\"@id\":\"https:\\\/\\\/blogdofarnesio.com.br\\\/#organization\"},\"potentialAction\":[{\"@type\":\"SearchAction\",\"target\":{\"@type\":\"EntryPoint\",\"urlTemplate\":\"https:\\\/\\\/blogdofarnesio.com.br\\\/?s={search_term_string}\"},\"query-input\":{\"@type\":\"PropertyValueSpecification\",\"valueRequired\":true,\"valueName\":\"search_term_string\"}}],\"inLanguage\":\"pt-BR\"},{\"@type\":\"Organization\",\"@id\":\"https:\\\/\\\/blogdofarnesio.com.br\\\/#organization\",\"name\":\"Blog do Farn\u00e9sio\",\"url\":\"https:\\\/\\\/blogdofarnesio.com.br\\\/\",\"logo\":{\"@type\":\"ImageObject\",\"inLanguage\":\"pt-BR\",\"@id\":\"https:\\\/\\\/blogdofarnesio.com.br\\\/#\\\/schema\\\/logo\\\/image\\\/\",\"url\":\"https:\\\/\\\/blogdofarnesio.com.br\\\/wp-content\\\/uploads\\\/2026\\\/03\\\/cropped-logo_new-1.png\",\"contentUrl\":\"https:\\\/\\\/blogdofarnesio.com.br\\\/wp-content\\\/uploads\\\/2026\\\/03\\\/cropped-logo_new-1.png\",\"width\":881,\"height\":685,\"caption\":\"Blog do Farn\u00e9sio\"},\"image\":{\"@id\":\"https:\\\/\\\/blogdofarnesio.com.br\\\/#\\\/schema\\\/logo\\\/image\\\/\"},\"sameAs\":[\"https:\\\/\\\/www.facebook.com\\\/BlogQuerSaberPolitica\\\/\"]},{\"@type\":\"Person\",\"@id\":\"https:\\\/\\\/blogdofarnesio.com.br\\\/#\\\/schema\\\/person\\\/bb9b23ae3ad0609ce8df7b6c9e76824d\",\"name\":\"Farn\u00e9sio\",\"image\":{\"@type\":\"ImageObject\",\"inLanguage\":\"pt-BR\",\"@id\":\"https:\\\/\\\/secure.gravatar.com\\\/avatar\\\/986aa4c61ccdb66f8555bf88fc2a65609d00bcabd4d2d94377a727547345cbca?s=96&d=mm&r=g\",\"url\":\"https:\\\/\\\/secure.gravatar.com\\\/avatar\\\/986aa4c61ccdb66f8555bf88fc2a65609d00bcabd4d2d94377a727547345cbca?s=96&d=mm&r=g\",\"contentUrl\":\"https:\\\/\\\/secure.gravatar.com\\\/avatar\\\/986aa4c61ccdb66f8555bf88fc2a65609d00bcabd4d2d94377a727547345cbca?s=96&d=mm&r=g\",\"caption\":\"Farn\u00e9sio\"},\"description\":\"Radialista blogueiro, chegou a Petrolina\\\/Juazeiro em setembro de 1980, Farn\u00e9sio Silva \u00e9 de Arapiraca-Alagoas.\",\"sameAs\":[\"http:\\\/\\\/blogdofarnesio.com.br\",\"https:\\\/\\\/www.facebook.com\\\/?ref=tn_tnmn\",\"https:\\\/\\\/www.instagram.com\\\/?utm_source=pwa_homescreen\",\"https:\\\/\\\/youtube.com.br\\\/\"],\"url\":\"https:\\\/\\\/blogdofarnesio.com.br\\\/?author=2\"}]}<\/script>\n<!-- \/ Yoast SEO plugin. -->","yoast_head_json":{"title":"Em Bras\u00edlia, Sim\u00e3o Durando participa de debates estrat\u00e9gicos na reuni\u00e3o da Frente Nacional de Prefeitos - Blog do Farn\u00e9sio","robots":{"index":"index","follow":"follow","max-snippet":"max-snippet:-1","max-image-preview":"max-image-preview:large","max-video-preview":"max-video-preview:-1"},"canonical":"https:\/\/blogdofarnesio.com.br\/?p=391416","og_locale":"pt_BR","og_type":"article","og_title":"Em Bras\u00edlia, Sim\u00e3o Durando participa de debates estrat\u00e9gicos na reuni\u00e3o da Frente Nacional de Prefeitos - Blog do Farn\u00e9sio","og_description":"O prefeito de Petrolina, Sim\u00e3o Durando, cumpre agenda em Bras\u00edlia nesta semana, onde participa da 87\u00aa Reuni\u00e3o Geral da Frente Nacional de Prefeitas e Prefeitos (FNP). O encontro, re\u00fane os gestores de diversas cidades do pa\u00eds para discutir pautas estrat\u00e9gicas e eleger a nova diretoria da FNP para o bi\u00eanio 2025-2027. O objetivo \u00e9 debater e promover o desenvolvimento e a inova\u00e7\u00e3o nas pol\u00edticas p\u00fablicas municipais. Durante o evento, os prefeitos discutir\u00e3o sobre temas fundamentais como seguran\u00e7a p\u00fablica, efeitos clim\u00e1ticos, riscos fiscais, transporte, e oportunidades de parcerias com institui\u00e7\u00f5es financeiras e entidades nacionais e internacionais. A reuni\u00e3o contar\u00e1 tamb\u00e9m com a presen\u00e7a do vice-presidente da Rep\u00fablica, Geraldo Alckmin, al\u00e9m de diversos ministros. O prefeito Sim\u00e3o destacou a relev\u00e2ncia do encontro&hellip;","og_url":"https:\/\/blogdofarnesio.com.br\/?p=391416","og_site_name":"Blog do Farn\u00e9sio","article_publisher":"https:\/\/www.facebook.com\/BlogQuerSaberPolitica\/","article_author":"https:\/\/www.facebook.com\/?ref=tn_tnmn","article_published_time":"2025-04-07T19:00:24+00:00","og_image":[{"width":533,"height":291,"url":"https:\/\/blogdofarnesio.com.br\/wp-content\/uploads\/2025\/04\/blogqsppet-simao-enc-prefeitos-e1744051301423.jpg","type":"image\/jpeg"}],"author":"Farn\u00e9sio","twitter_card":"summary_large_image","twitter_misc":{"Escrito por":"Farn\u00e9sio","Est. tempo de leitura":"2 minutos"},"schema":{"@context":"https:\/\/schema.org","@graph":[{"@type":"Article","@id":"https:\/\/blogdofarnesio.com.br\/?p=391416#article","isPartOf":{"@id":"https:\/\/blogdofarnesio.com.br\/?p=391416"},"author":{"name":"Farn\u00e9sio","@id":"https:\/\/blogdofarnesio.com.br\/#\/schema\/person\/bb9b23ae3ad0609ce8df7b6c9e76824d"},"headline":"Em Bras\u00edlia, Sim\u00e3o Durando participa de debates estrat\u00e9gicos na reuni\u00e3o da Frente Nacional de Prefeitos","datePublished":"2025-04-07T19:00:24+00:00","mainEntityOfPage":{"@id":"https:\/\/blogdofarnesio.com.br\/?p=391416"},"wordCount":263,"commentCount":0,"publisher":{"@id":"https:\/\/blogdofarnesio.com.br\/#organization"},"image":{"@id":"https:\/\/blogdofarnesio.com.br\/?p=391416#primaryimage"},"thumbnailUrl":"https:\/\/blogdofarnesio.com.br\/wp-content\/uploads\/2025\/04\/blogqsppet-simao-enc-prefeitos-e1744051301423.jpg","articleSection":["Pol\u00edtica"],"inLanguage":"pt-BR","potentialAction":[{"@type":"CommentAction","name":"Comment","target":["https:\/\/blogdofarnesio.com.br\/?p=391416#respond"]}]},{"@type":"WebPage","@id":"https:\/\/blogdofarnesio.com.br\/?p=391416","url":"https:\/\/blogdofarnesio.com.br\/?p=391416","name":"Em Bras\u00edlia, Sim\u00e3o Durando participa de debates estrat\u00e9gicos na reuni\u00e3o da Frente Nacional de Prefeitos - Blog do Farn\u00e9sio","isPartOf":{"@id":"https:\/\/blogdofarnesio.com.br\/#website"},"primaryImageOfPage":{"@id":"https:\/\/blogdofarnesio.com.br\/?p=391416#primaryimage"},"image":{"@id":"https:\/\/blogdofarnesio.com.br\/?p=391416#primaryimage"},"thumbnailUrl":"https:\/\/blogdofarnesio.com.br\/wp-content\/uploads\/2025\/04\/blogqsppet-simao-enc-prefeitos-e1744051301423.jpg","datePublished":"2025-04-07T19:00:24+00:00","breadcrumb":{"@id":"https:\/\/blogdofarnesio.com.br\/?p=391416#breadcrumb"},"inLanguage":"pt-BR","potentialAction":[{"@type":"ReadAction","target":["https:\/\/blogdofarnesio.com.br\/?p=391416"]}]},{"@type":"ImageObject","inLanguage":"pt-BR","@id":"https:\/\/blogdofarnesio.com.br\/?p=391416#primaryimage","url":"https:\/\/blogdofarnesio.com.br\/wp-content\/uploads\/2025\/04\/blogqsppet-simao-enc-prefeitos-e1744051301423.jpg","contentUrl":"https:\/\/blogdofarnesio.com.br\/wp-content\/uploads\/2025\/04\/blogqsppet-simao-enc-prefeitos-e1744051301423.jpg","width":533,"height":291},{"@type":"BreadcrumbList","@id":"https:\/\/blogdofarnesio.com.br\/?p=391416#breadcrumb","itemListElement":[{"@type":"ListItem","position":1,"name":"In\u00edcio","item":"https:\/\/blogdofarnesio.com.br\/"},{"@type":"ListItem","position":2,"name":"Em Bras\u00edlia, Sim\u00e3o Durando participa de debates estrat\u00e9gicos na reuni\u00e3o da Frente Nacional de Prefeitos"}]},{"@type":"WebSite","@id":"https:\/\/blogdofarnesio.com.br\/#website","url":"https:\/\/blogdofarnesio.com.br\/","name":"Blog do Farn\u00e9sio","description":"Quer Saber Pol\u00edtica?","publisher":{"@id":"https:\/\/blogdofarnesio.com.br\/#organization"},"potentialAction":[{"@type":"SearchAction","target":{"@type":"EntryPoint","urlTemplate":"https:\/\/blogdofarnesio.com.br\/?s={search_term_string}"},"query-input":{"@type":"PropertyValueSpecification","valueRequired":true,"valueName":"search_term_string"}}],"inLanguage":"pt-BR"},{"@type":"Organization","@id":"https:\/\/blogdofarnesio.com.br\/#organization","name":"Blog do Farn\u00e9sio","url":"https:\/\/blogdofarnesio.com.br\/","logo":{"@type":"ImageObject","inLanguage":"pt-BR","@id":"https:\/\/blogdofarnesio.com.br\/#\/schema\/logo\/image\/","url":"https:\/\/blogdofarnesio.com.br\/wp-content\/uploads\/2026\/03\/cropped-logo_new-1.png","contentUrl":"https:\/\/blogdofarnesio.com.br\/wp-content\/uploads\/2026\/03\/cropped-logo_new-1.png","width":881,"height":685,"caption":"Blog do Farn\u00e9sio"},"image":{"@id":"https:\/\/blogdofarnesio.com.br\/#\/schema\/logo\/image\/"},"sameAs":["https:\/\/www.facebook.com\/BlogQuerSaberPolitica\/"]},{"@type":"Person","@id":"https:\/\/blogdofarnesio.com.br\/#\/schema\/person\/bb9b23ae3ad0609ce8df7b6c9e76824d","name":"Farn\u00e9sio","image":{"@type":"ImageObject","inLanguage":"pt-BR","@id":"https:\/\/secure.gravatar.com\/avatar\/986aa4c61ccdb66f8555bf88fc2a65609d00bcabd4d2d94377a727547345cbca?s=96&d=mm&r=g","url":"https:\/\/secure.gravatar.com\/avatar\/986aa4c61ccdb66f8555bf88fc2a65609d00bcabd4d2d94377a727547345cbca?s=96&d=mm&r=g","contentUrl":"https:\/\/secure.gravatar.com\/avatar\/986aa4c61ccdb66f8555bf88fc2a65609d00bcabd4d2d94377a727547345cbca?s=96&d=mm&r=g","caption":"Farn\u00e9sio"},"description":"Radialista blogueiro, chegou a Petrolina\/Juazeiro em setembro de 1980, Farn\u00e9sio Silva \u00e9 de Arapiraca-Alagoas.","sameAs":["http:\/\/blogdofarnesio.com.br","https:\/\/www.facebook.com\/?ref=tn_tnmn","https:\/\/www.instagram.com\/?utm_source=pwa_homescreen","https:\/\/youtube.com.br\/"],"url":"https:\/\/blogdofarnesio.com.br\/?author=2"}]}},"_links":{"self":[{"href":"https:\/\/blogdofarnesio.com.br\/index.php?rest_route=\/wp\/v2\/posts\/391416","targetHints":{"allow":["GET"]}}],"collection":[{"href":"https:\/\/blogdofarnesio.com.br\/index.php?rest_route=\/wp\/v2\/posts"}],"about":[{"href":"https:\/\/blogdofarnesio.com.br\/index.php?rest_route=\/wp\/v2\/types\/post"}],"author":[{"embeddable":true,"href":"https:\/\/blogdofarnesio.com.br\/index.php?rest_route=\/wp\/v2\/users\/2"}],"replies":[{"embeddable":true,"href":"https:\/\/blogdofarnesio.com.br\/index.php?rest_route=%2Fwp%2Fv2%2Fcomments&post=391416"}],"version-history":[{"count":0,"href":"https:\/\/blogdofarnesio.com.br\/index.php?rest_route=\/wp\/v2\/posts\/391416\/revisions"}],"wp:featuredmedia":[{"embeddable":true,"href":"https:\/\/blogdofarnesio.com.br\/index.php?rest_route=\/wp\/v2\/media\/391418"}],"wp:attachment":[{"href":"https:\/\/blogdofarnesio.com.br\/index.php?rest_route=%2Fwp%2Fv2%2Fmedia&parent=391416"}],"wp:term":[{"taxonomy":"category","embeddable":true,"href":"https:\/\/blogdofarnesio.com.br\/index.php?rest_route=%2Fwp%2Fv2%2Fcategories&post=391416"},{"taxonomy":"post_tag","embeddable":true,"href":"https:\/\/blogdofarnesio.com.br\/index.php?rest_route=%2Fwp%2Fv2%2Ftags&post=391416"}],"curies":[{"name":"wp","href":"https:\/\/api.w.org\/{rel}","templated":true}]}}