{"id":390882,"date":"2025-03-31T16:03:14","date_gmt":"2025-03-31T19:03:14","guid":{"rendered":"https:\/\/blogdofarnesio.com.br\/?p=390882"},"modified":"2025-03-31T14:45:06","modified_gmt":"2025-03-31T17:45:06","slug":"petrobras-anuncia-reducao-do-preco-do-diesel-nas-refinarias","status":"publish","type":"post","link":"https:\/\/blogdofarnesio.com.br\/?p=390882","title":{"rendered":"Petrobras anuncia redu\u00e7\u00e3o do pre\u00e7o do diesel nas refinarias"},"content":{"rendered":"<header class=\"single-header\">\n<h1 class=\"single-header__title\"><\/h1>\n<address class=\"single-header__author\">\n<p class=\"author__name\"><span class=\"author__group\"><a href=\"https:\/\/www.cnnbrasil.com.br\/autor\/da-cnn\/\">Da CNN<\/a><\/span><\/p>\n<\/address>\n<p>Estatal anunciou redu\u00e7\u00e3o de R$ 0,17 por litro a partir desta ter\u00e7a-feira (1\u00ba)<\/header>\n<div class=\"single-content\">\n<p>A\u00a0<strong>Petrobras<\/strong>\u00a0vai reduzir o pre\u00e7o m\u00e9dio do\u00a0<strong>diesel<\/strong> vendido em suas refinarias em 4,6%, afirmou a presidente Magda Chambriard, nesta segunda-feira (31), a jornalistas.<\/p>\n<p>Ap\u00f3s a declara\u00e7\u00e3o, a estatal publicou um comunicado detalhando a redu\u00e7\u00e3o, que a medida passa a valer nesta ter\u00e7a-feira (1\u00b0).<\/p>\n<p>A estatal reduzir\u00e1 seus pre\u00e7os de venda de diesel para as distribuidoras que passar\u00e1 a ser, em m\u00e9dia, de R$ 3,55 por litro, uma redu\u00e7\u00e3o de R$ 0,17 por litro.<\/p>\n<p>Com o reajuste anunciado, a Petrobras reduziu, desde dezembro de 2022, os pre\u00e7os de diesel para as distribuidoras em R$ 0,94 \/ litro, uma redu\u00e7\u00e3o de 20,9%. Considerando a infla\u00e7\u00e3o do per\u00edodo, esta redu\u00e7\u00e3o \u00e9 de R$ 1,45\/ litro ou 29,0%.<\/p>\n<\/div>\n","protected":false},"excerpt":{"rendered":"<p>Da CNN Estatal anunciou redu\u00e7\u00e3o de R$ 0,17 por litro a partir desta ter\u00e7a-feira (1\u00ba) A\u00a0Petrobras\u00a0vai reduzir o pre\u00e7o m\u00e9dio do\u00a0diesel vendido em suas refinarias em 4,6%, afirmou a presidente Magda Chambriard, nesta segunda-feira (31), a jornalistas. Ap\u00f3s a declara\u00e7\u00e3o, a estatal publicou um comunicado detalhando a redu\u00e7\u00e3o, que a medida passa a valer nesta ter\u00e7a-feira (1\u00b0). A estatal reduzir\u00e1 seus pre\u00e7os de venda de diesel para as distribuidoras que passar\u00e1 a ser, em m\u00e9dia, de R$ 3,55 por litro, uma redu\u00e7\u00e3o de R$ 0,17 por litro. Com o reajuste anunciado, a Petrobras reduziu, desde dezembro de 2022, os pre\u00e7os de diesel para as distribuidoras em R$ 0,94 \/ litro, uma redu\u00e7\u00e3o de 20,9%. Considerando a infla\u00e7\u00e3o do per\u00edodo, esta&hellip; <\/p>\n","protected":false},"author":2,"featured_media":215679,"comment_status":"open","ping_status":"open","sticky":false,"template":"","format":"standard","meta":{"_acf_changed":false,"footnotes":""},"categories":[20],"tags":[],"class_list":["post-390882","post","type-post","status-publish","format-standard","has-post-thumbnail","hentry","category-economia"],"acf":[],"yoast_head":"<!-- This site is optimized with the Yoast SEO plugin v27.4 - https:\/\/yoast.com\/product\/yoast-seo-wordpress\/ -->\n<title>Petrobras anuncia redu\u00e7\u00e3o do pre\u00e7o do diesel nas refinarias - Blog do Farn\u00e9sio<\/title>\n<meta name=\"robots\" content=\"index, follow, max-snippet:-1, max-image-preview:large, max-video-preview:-1\" \/>\n<link rel=\"canonical\" href=\"https:\/\/blogdofarnesio.com.br\/?p=390882\" \/>\n<meta property=\"og:locale\" content=\"pt_BR\" \/>\n<meta property=\"og:type\" content=\"article\" \/>\n<meta property=\"og:title\" content=\"Petrobras anuncia redu\u00e7\u00e3o do pre\u00e7o do diesel nas refinarias - Blog do Farn\u00e9sio\" \/>\n<meta property=\"og:description\" content=\"Da CNN Estatal anunciou redu\u00e7\u00e3o de R$ 0,17 por litro a partir desta ter\u00e7a-feira (1\u00ba) A\u00a0Petrobras\u00a0vai reduzir o pre\u00e7o m\u00e9dio do\u00a0diesel vendido em suas refinarias em 4,6%, afirmou a presidente Magda Chambriard, nesta segunda-feira (31), a jornalistas. Ap\u00f3s a declara\u00e7\u00e3o, a estatal publicou um comunicado detalhando a redu\u00e7\u00e3o, que a medida passa a valer nesta ter\u00e7a-feira (1\u00b0). A estatal reduzir\u00e1 seus pre\u00e7os de venda de diesel para as distribuidoras que passar\u00e1 a ser, em m\u00e9dia, de R$ 3,55 por litro, uma redu\u00e7\u00e3o de R$ 0,17 por litro. Com o reajuste anunciado, a Petrobras reduziu, desde dezembro de 2022, os pre\u00e7os de diesel para as distribuidoras em R$ 0,94 \/ litro, uma redu\u00e7\u00e3o de 20,9%. Considerando a infla\u00e7\u00e3o do per\u00edodo, esta&hellip;\" \/>\n<meta property=\"og:url\" content=\"https:\/\/blogdofarnesio.com.br\/?p=390882\" \/>\n<meta property=\"og:site_name\" content=\"Blog do Farn\u00e9sio\" \/>\n<meta property=\"article:publisher\" content=\"https:\/\/www.facebook.com\/BlogQuerSaberPolitica\/\" \/>\n<meta property=\"article:author\" content=\"https:\/\/www.facebook.com\/?ref=tn_tnmn\" \/>\n<meta property=\"article:published_time\" content=\"2025-03-31T19:03:14+00:00\" \/>\n<meta property=\"og:image\" content=\"https:\/\/blogdofarnesio.com.br\/wp-content\/uploads\/2018\/11\/blogqspPetrobras-Distribuidora-Caminhoes-139-868x644-e1543520985582.jpg\" \/>\n\t<meta property=\"og:image:width\" content=\"668\" \/>\n\t<meta property=\"og:image:height\" content=\"496\" \/>\n\t<meta property=\"og:image:type\" content=\"image\/jpeg\" \/>\n<meta name=\"author\" content=\"Farn\u00e9sio\" \/>\n<meta name=\"twitter:card\" content=\"summary_large_image\" \/>\n<meta name=\"twitter:label1\" content=\"Escrito por\" \/>\n\t<meta name=\"twitter:data1\" content=\"Farn\u00e9sio\" \/>\n\t<meta name=\"twitter:label2\" content=\"Est. tempo de leitura\" \/>\n\t<meta name=\"twitter:data2\" content=\"1 minuto\" \/>\n<script type=\"application\/ld+json\" class=\"yoast-schema-graph\">{\"@context\":\"https:\\\/\\\/schema.org\",\"@graph\":[{\"@type\":\"Article\",\"@id\":\"https:\\\/\\\/blogdofarnesio.com.br\\\/?p=390882#article\",\"isPartOf\":{\"@id\":\"https:\\\/\\\/blogdofarnesio.com.br\\\/?p=390882\"},\"author\":{\"name\":\"Farn\u00e9sio\",\"@id\":\"https:\\\/\\\/blogdofarnesio.com.br\\\/#\\\/schema\\\/person\\\/bb9b23ae3ad0609ce8df7b6c9e76824d\"},\"headline\":\"Petrobras anuncia redu\u00e7\u00e3o do pre\u00e7o do diesel nas refinarias\",\"datePublished\":\"2025-03-31T19:03:14+00:00\",\"mainEntityOfPage\":{\"@id\":\"https:\\\/\\\/blogdofarnesio.com.br\\\/?p=390882\"},\"wordCount\":144,\"commentCount\":0,\"publisher\":{\"@id\":\"https:\\\/\\\/blogdofarnesio.com.br\\\/#organization\"},\"image\":{\"@id\":\"https:\\\/\\\/blogdofarnesio.com.br\\\/?p=390882#primaryimage\"},\"thumbnailUrl\":\"https:\\\/\\\/blogdofarnesio.com.br\\\/wp-content\\\/uploads\\\/2018\\\/11\\\/blogqspPetrobras-Distribuidora-Caminhoes-139-868x644-e1543520985582.jpg\",\"articleSection\":[\"Economia\"],\"inLanguage\":\"pt-BR\",\"potentialAction\":[{\"@type\":\"CommentAction\",\"name\":\"Comment\",\"target\":[\"https:\\\/\\\/blogdofarnesio.com.br\\\/?p=390882#respond\"]}]},{\"@type\":\"WebPage\",\"@id\":\"https:\\\/\\\/blogdofarnesio.com.br\\\/?p=390882\",\"url\":\"https:\\\/\\\/blogdofarnesio.com.br\\\/?p=390882\",\"name\":\"Petrobras anuncia redu\u00e7\u00e3o do pre\u00e7o do diesel nas refinarias - Blog do Farn\u00e9sio\",\"isPartOf\":{\"@id\":\"https:\\\/\\\/blogdofarnesio.com.br\\\/#website\"},\"primaryImageOfPage\":{\"@id\":\"https:\\\/\\\/blogdofarnesio.com.br\\\/?p=390882#primaryimage\"},\"image\":{\"@id\":\"https:\\\/\\\/blogdofarnesio.com.br\\\/?p=390882#primaryimage\"},\"thumbnailUrl\":\"https:\\\/\\\/blogdofarnesio.com.br\\\/wp-content\\\/uploads\\\/2018\\\/11\\\/blogqspPetrobras-Distribuidora-Caminhoes-139-868x644-e1543520985582.jpg\",\"datePublished\":\"2025-03-31T19:03:14+00:00\",\"breadcrumb\":{\"@id\":\"https:\\\/\\\/blogdofarnesio.com.br\\\/?p=390882#breadcrumb\"},\"inLanguage\":\"pt-BR\",\"potentialAction\":[{\"@type\":\"ReadAction\",\"target\":[\"https:\\\/\\\/blogdofarnesio.com.br\\\/?p=390882\"]}]},{\"@type\":\"ImageObject\",\"inLanguage\":\"pt-BR\",\"@id\":\"https:\\\/\\\/blogdofarnesio.com.br\\\/?p=390882#primaryimage\",\"url\":\"https:\\\/\\\/blogdofarnesio.com.br\\\/wp-content\\\/uploads\\\/2018\\\/11\\\/blogqspPetrobras-Distribuidora-Caminhoes-139-868x644-e1543520985582.jpg\",\"contentUrl\":\"https:\\\/\\\/blogdofarnesio.com.br\\\/wp-content\\\/uploads\\\/2018\\\/11\\\/blogqspPetrobras-Distribuidora-Caminhoes-139-868x644-e1543520985582.jpg\",\"width\":668,\"height\":496,\"caption\":\"Distribuidoras de combustivel da Petrobras. Gasolina, caminh\u00e3o tanque, caminhoneiros, paralizacao. Foto: S\u00e9rgio Lima\\\/Poder 360\"},{\"@type\":\"BreadcrumbList\",\"@id\":\"https:\\\/\\\/blogdofarnesio.com.br\\\/?p=390882#breadcrumb\",\"itemListElement\":[{\"@type\":\"ListItem\",\"position\":1,\"name\":\"In\u00edcio\",\"item\":\"https:\\\/\\\/blogdofarnesio.com.br\\\/\"},{\"@type\":\"ListItem\",\"position\":2,\"name\":\"Petrobras anuncia redu\u00e7\u00e3o do pre\u00e7o do diesel nas refinarias\"}]},{\"@type\":\"WebSite\",\"@id\":\"https:\\\/\\\/blogdofarnesio.com.br\\\/#website\",\"url\":\"https:\\\/\\\/blogdofarnesio.com.br\\\/\",\"name\":\"Blog do Farn\u00e9sio\",\"description\":\"Quer Saber Pol\u00edtica?\",\"publisher\":{\"@id\":\"https:\\\/\\\/blogdofarnesio.com.br\\\/#organization\"},\"potentialAction\":[{\"@type\":\"SearchAction\",\"target\":{\"@type\":\"EntryPoint\",\"urlTemplate\":\"https:\\\/\\\/blogdofarnesio.com.br\\\/?s={search_term_string}\"},\"query-input\":{\"@type\":\"PropertyValueSpecification\",\"valueRequired\":true,\"valueName\":\"search_term_string\"}}],\"inLanguage\":\"pt-BR\"},{\"@type\":\"Organization\",\"@id\":\"https:\\\/\\\/blogdofarnesio.com.br\\\/#organization\",\"name\":\"Blog do Farn\u00e9sio\",\"url\":\"https:\\\/\\\/blogdofarnesio.com.br\\\/\",\"logo\":{\"@type\":\"ImageObject\",\"inLanguage\":\"pt-BR\",\"@id\":\"https:\\\/\\\/blogdofarnesio.com.br\\\/#\\\/schema\\\/logo\\\/image\\\/\",\"url\":\"https:\\\/\\\/blogdofarnesio.com.br\\\/wp-content\\\/uploads\\\/2026\\\/03\\\/cropped-logo_new-1.png\",\"contentUrl\":\"https:\\\/\\\/blogdofarnesio.com.br\\\/wp-content\\\/uploads\\\/2026\\\/03\\\/cropped-logo_new-1.png\",\"width\":881,\"height\":685,\"caption\":\"Blog do Farn\u00e9sio\"},\"image\":{\"@id\":\"https:\\\/\\\/blogdofarnesio.com.br\\\/#\\\/schema\\\/logo\\\/image\\\/\"},\"sameAs\":[\"https:\\\/\\\/www.facebook.com\\\/BlogQuerSaberPolitica\\\/\"]},{\"@type\":\"Person\",\"@id\":\"https:\\\/\\\/blogdofarnesio.com.br\\\/#\\\/schema\\\/person\\\/bb9b23ae3ad0609ce8df7b6c9e76824d\",\"name\":\"Farn\u00e9sio\",\"image\":{\"@type\":\"ImageObject\",\"inLanguage\":\"pt-BR\",\"@id\":\"https:\\\/\\\/secure.gravatar.com\\\/avatar\\\/986aa4c61ccdb66f8555bf88fc2a65609d00bcabd4d2d94377a727547345cbca?s=96&d=mm&r=g\",\"url\":\"https:\\\/\\\/secure.gravatar.com\\\/avatar\\\/986aa4c61ccdb66f8555bf88fc2a65609d00bcabd4d2d94377a727547345cbca?s=96&d=mm&r=g\",\"contentUrl\":\"https:\\\/\\\/secure.gravatar.com\\\/avatar\\\/986aa4c61ccdb66f8555bf88fc2a65609d00bcabd4d2d94377a727547345cbca?s=96&d=mm&r=g\",\"caption\":\"Farn\u00e9sio\"},\"description\":\"Radialista blogueiro, chegou a Petrolina\\\/Juazeiro em setembro de 1980, Farn\u00e9sio Silva \u00e9 de Arapiraca-Alagoas.\",\"sameAs\":[\"http:\\\/\\\/blogdofarnesio.com.br\",\"https:\\\/\\\/www.facebook.com\\\/?ref=tn_tnmn\",\"https:\\\/\\\/www.instagram.com\\\/?utm_source=pwa_homescreen\",\"https:\\\/\\\/youtube.com.br\\\/\"],\"url\":\"https:\\\/\\\/blogdofarnesio.com.br\\\/?author=2\"}]}<\/script>\n<!-- \/ Yoast SEO plugin. -->","yoast_head_json":{"title":"Petrobras anuncia redu\u00e7\u00e3o do pre\u00e7o do diesel nas refinarias - Blog do Farn\u00e9sio","robots":{"index":"index","follow":"follow","max-snippet":"max-snippet:-1","max-image-preview":"max-image-preview:large","max-video-preview":"max-video-preview:-1"},"canonical":"https:\/\/blogdofarnesio.com.br\/?p=390882","og_locale":"pt_BR","og_type":"article","og_title":"Petrobras anuncia redu\u00e7\u00e3o do pre\u00e7o do diesel nas refinarias - Blog do Farn\u00e9sio","og_description":"Da CNN Estatal anunciou redu\u00e7\u00e3o de R$ 0,17 por litro a partir desta ter\u00e7a-feira (1\u00ba) A\u00a0Petrobras\u00a0vai reduzir o pre\u00e7o m\u00e9dio do\u00a0diesel vendido em suas refinarias em 4,6%, afirmou a presidente Magda Chambriard, nesta segunda-feira (31), a jornalistas. Ap\u00f3s a declara\u00e7\u00e3o, a estatal publicou um comunicado detalhando a redu\u00e7\u00e3o, que a medida passa a valer nesta ter\u00e7a-feira (1\u00b0). A estatal reduzir\u00e1 seus pre\u00e7os de venda de diesel para as distribuidoras que passar\u00e1 a ser, em m\u00e9dia, de R$ 3,55 por litro, uma redu\u00e7\u00e3o de R$ 0,17 por litro. Com o reajuste anunciado, a Petrobras reduziu, desde dezembro de 2022, os pre\u00e7os de diesel para as distribuidoras em R$ 0,94 \/ litro, uma redu\u00e7\u00e3o de 20,9%. Considerando a infla\u00e7\u00e3o do per\u00edodo, esta&hellip;","og_url":"https:\/\/blogdofarnesio.com.br\/?p=390882","og_site_name":"Blog do Farn\u00e9sio","article_publisher":"https:\/\/www.facebook.com\/BlogQuerSaberPolitica\/","article_author":"https:\/\/www.facebook.com\/?ref=tn_tnmn","article_published_time":"2025-03-31T19:03:14+00:00","og_image":[{"width":668,"height":496,"url":"https:\/\/blogdofarnesio.com.br\/wp-content\/uploads\/2018\/11\/blogqspPetrobras-Distribuidora-Caminhoes-139-868x644-e1543520985582.jpg","type":"image\/jpeg"}],"author":"Farn\u00e9sio","twitter_card":"summary_large_image","twitter_misc":{"Escrito por":"Farn\u00e9sio","Est. tempo de leitura":"1 minuto"},"schema":{"@context":"https:\/\/schema.org","@graph":[{"@type":"Article","@id":"https:\/\/blogdofarnesio.com.br\/?p=390882#article","isPartOf":{"@id":"https:\/\/blogdofarnesio.com.br\/?p=390882"},"author":{"name":"Farn\u00e9sio","@id":"https:\/\/blogdofarnesio.com.br\/#\/schema\/person\/bb9b23ae3ad0609ce8df7b6c9e76824d"},"headline":"Petrobras anuncia redu\u00e7\u00e3o do pre\u00e7o do diesel nas refinarias","datePublished":"2025-03-31T19:03:14+00:00","mainEntityOfPage":{"@id":"https:\/\/blogdofarnesio.com.br\/?p=390882"},"wordCount":144,"commentCount":0,"publisher":{"@id":"https:\/\/blogdofarnesio.com.br\/#organization"},"image":{"@id":"https:\/\/blogdofarnesio.com.br\/?p=390882#primaryimage"},"thumbnailUrl":"https:\/\/blogdofarnesio.com.br\/wp-content\/uploads\/2018\/11\/blogqspPetrobras-Distribuidora-Caminhoes-139-868x644-e1543520985582.jpg","articleSection":["Economia"],"inLanguage":"pt-BR","potentialAction":[{"@type":"CommentAction","name":"Comment","target":["https:\/\/blogdofarnesio.com.br\/?p=390882#respond"]}]},{"@type":"WebPage","@id":"https:\/\/blogdofarnesio.com.br\/?p=390882","url":"https:\/\/blogdofarnesio.com.br\/?p=390882","name":"Petrobras anuncia redu\u00e7\u00e3o do pre\u00e7o do diesel nas refinarias - Blog do Farn\u00e9sio","isPartOf":{"@id":"https:\/\/blogdofarnesio.com.br\/#website"},"primaryImageOfPage":{"@id":"https:\/\/blogdofarnesio.com.br\/?p=390882#primaryimage"},"image":{"@id":"https:\/\/blogdofarnesio.com.br\/?p=390882#primaryimage"},"thumbnailUrl":"https:\/\/blogdofarnesio.com.br\/wp-content\/uploads\/2018\/11\/blogqspPetrobras-Distribuidora-Caminhoes-139-868x644-e1543520985582.jpg","datePublished":"2025-03-31T19:03:14+00:00","breadcrumb":{"@id":"https:\/\/blogdofarnesio.com.br\/?p=390882#breadcrumb"},"inLanguage":"pt-BR","potentialAction":[{"@type":"ReadAction","target":["https:\/\/blogdofarnesio.com.br\/?p=390882"]}]},{"@type":"ImageObject","inLanguage":"pt-BR","@id":"https:\/\/blogdofarnesio.com.br\/?p=390882#primaryimage","url":"https:\/\/blogdofarnesio.com.br\/wp-content\/uploads\/2018\/11\/blogqspPetrobras-Distribuidora-Caminhoes-139-868x644-e1543520985582.jpg","contentUrl":"https:\/\/blogdofarnesio.com.br\/wp-content\/uploads\/2018\/11\/blogqspPetrobras-Distribuidora-Caminhoes-139-868x644-e1543520985582.jpg","width":668,"height":496,"caption":"Distribuidoras de combustivel da Petrobras. Gasolina, caminh\u00e3o tanque, caminhoneiros, paralizacao. Foto: S\u00e9rgio Lima\/Poder 360"},{"@type":"BreadcrumbList","@id":"https:\/\/blogdofarnesio.com.br\/?p=390882#breadcrumb","itemListElement":[{"@type":"ListItem","position":1,"name":"In\u00edcio","item":"https:\/\/blogdofarnesio.com.br\/"},{"@type":"ListItem","position":2,"name":"Petrobras anuncia redu\u00e7\u00e3o do pre\u00e7o do diesel nas refinarias"}]},{"@type":"WebSite","@id":"https:\/\/blogdofarnesio.com.br\/#website","url":"https:\/\/blogdofarnesio.com.br\/","name":"Blog do Farn\u00e9sio","description":"Quer Saber Pol\u00edtica?","publisher":{"@id":"https:\/\/blogdofarnesio.com.br\/#organization"},"potentialAction":[{"@type":"SearchAction","target":{"@type":"EntryPoint","urlTemplate":"https:\/\/blogdofarnesio.com.br\/?s={search_term_string}"},"query-input":{"@type":"PropertyValueSpecification","valueRequired":true,"valueName":"search_term_string"}}],"inLanguage":"pt-BR"},{"@type":"Organization","@id":"https:\/\/blogdofarnesio.com.br\/#organization","name":"Blog do Farn\u00e9sio","url":"https:\/\/blogdofarnesio.com.br\/","logo":{"@type":"ImageObject","inLanguage":"pt-BR","@id":"https:\/\/blogdofarnesio.com.br\/#\/schema\/logo\/image\/","url":"https:\/\/blogdofarnesio.com.br\/wp-content\/uploads\/2026\/03\/cropped-logo_new-1.png","contentUrl":"https:\/\/blogdofarnesio.com.br\/wp-content\/uploads\/2026\/03\/cropped-logo_new-1.png","width":881,"height":685,"caption":"Blog do Farn\u00e9sio"},"image":{"@id":"https:\/\/blogdofarnesio.com.br\/#\/schema\/logo\/image\/"},"sameAs":["https:\/\/www.facebook.com\/BlogQuerSaberPolitica\/"]},{"@type":"Person","@id":"https:\/\/blogdofarnesio.com.br\/#\/schema\/person\/bb9b23ae3ad0609ce8df7b6c9e76824d","name":"Farn\u00e9sio","image":{"@type":"ImageObject","inLanguage":"pt-BR","@id":"https:\/\/secure.gravatar.com\/avatar\/986aa4c61ccdb66f8555bf88fc2a65609d00bcabd4d2d94377a727547345cbca?s=96&d=mm&r=g","url":"https:\/\/secure.gravatar.com\/avatar\/986aa4c61ccdb66f8555bf88fc2a65609d00bcabd4d2d94377a727547345cbca?s=96&d=mm&r=g","contentUrl":"https:\/\/secure.gravatar.com\/avatar\/986aa4c61ccdb66f8555bf88fc2a65609d00bcabd4d2d94377a727547345cbca?s=96&d=mm&r=g","caption":"Farn\u00e9sio"},"description":"Radialista blogueiro, chegou a Petrolina\/Juazeiro em setembro de 1980, Farn\u00e9sio Silva \u00e9 de Arapiraca-Alagoas.","sameAs":["http:\/\/blogdofarnesio.com.br","https:\/\/www.facebook.com\/?ref=tn_tnmn","https:\/\/www.instagram.com\/?utm_source=pwa_homescreen","https:\/\/youtube.com.br\/"],"url":"https:\/\/blogdofarnesio.com.br\/?author=2"}]}},"_links":{"self":[{"href":"https:\/\/blogdofarnesio.com.br\/index.php?rest_route=\/wp\/v2\/posts\/390882","targetHints":{"allow":["GET"]}}],"collection":[{"href":"https:\/\/blogdofarnesio.com.br\/index.php?rest_route=\/wp\/v2\/posts"}],"about":[{"href":"https:\/\/blogdofarnesio.com.br\/index.php?rest_route=\/wp\/v2\/types\/post"}],"author":[{"embeddable":true,"href":"https:\/\/blogdofarnesio.com.br\/index.php?rest_route=\/wp\/v2\/users\/2"}],"replies":[{"embeddable":true,"href":"https:\/\/blogdofarnesio.com.br\/index.php?rest_route=%2Fwp%2Fv2%2Fcomments&post=390882"}],"version-history":[{"count":0,"href":"https:\/\/blogdofarnesio.com.br\/index.php?rest_route=\/wp\/v2\/posts\/390882\/revisions"}],"wp:featuredmedia":[{"embeddable":true,"href":"https:\/\/blogdofarnesio.com.br\/index.php?rest_route=\/wp\/v2\/media\/215679"}],"wp:attachment":[{"href":"https:\/\/blogdofarnesio.com.br\/index.php?rest_route=%2Fwp%2Fv2%2Fmedia&parent=390882"}],"wp:term":[{"taxonomy":"category","embeddable":true,"href":"https:\/\/blogdofarnesio.com.br\/index.php?rest_route=%2Fwp%2Fv2%2Fcategories&post=390882"},{"taxonomy":"post_tag","embeddable":true,"href":"https:\/\/blogdofarnesio.com.br\/index.php?rest_route=%2Fwp%2Fv2%2Ftags&post=390882"}],"curies":[{"name":"wp","href":"https:\/\/api.w.org\/{rel}","templated":true}]}}