{"id":390877,"date":"2025-03-31T15:42:54","date_gmt":"2025-03-31T18:42:54","guid":{"rendered":"https:\/\/blogdofarnesio.com.br\/?p=390877"},"modified":"2025-03-31T11:56:34","modified_gmt":"2025-03-31T14:56:34","slug":"durante-show-o-grande-encontro-prefeito-entrega-selo-comemorativo-a-geraldo-azevedo","status":"publish","type":"post","link":"https:\/\/blogdofarnesio.com.br\/?p=390877","title":{"rendered":"Durante show \u201cO Grande Encontro\u201d prefeito entrega selo comemorativo a Geraldo Azevedo"},"content":{"rendered":"<p>O prefeito de Petrolina, Sim\u00e3o Durando, esteve presente no show O Grande Encontro, realizado neste fim de semana na cidade. O espet\u00e1culo reuniu tr\u00eas \u00edcones da m\u00fasica nordestina \u2014 Geraldo Azevedo, Elba Ramalho e Alceu Valen\u00e7a \u2014 em uma apresenta\u00e7\u00e3o emocionante que encantou o p\u00fablico petrolinense.<\/p>\n<p>Nos bastidores, Sim\u00e3o fez quest\u00e3o de visitar os artistas nos camarins e entregou cestas com produtos t\u00edpicos da regi\u00e3o, al\u00e9m de um broche com a bandeira de Petrolina, em homenagem ao legado musical dos tr\u00eas. O momento mais simb\u00f3lico foi a entrega do selo comemorativo criado pela prefeitura para celebrar os 80 anos do artista, um dos maiores expoentes da MPB e filho ilustre de Petrolina.<\/p>\n<p>O selo ser\u00e1 utilizado pela prefeitura em eventos, inaugura\u00e7\u00f5es e outras atividades ao longo do ano. A iniciativa faz parte de uma s\u00e9rie de homenagens que come\u00e7ou no Carnaval e seguir\u00e1 at\u00e9 dezembro, sempre refor\u00e7ando a import\u00e2ncia do artista para a cultura de Petrolina e do Brasil.<\/p>\n<p>\u201cGeraldo \u00e9 um orgulho para nossa cidade, um artista que leva o nome de Petrolina para todo o Brasil com sua m\u00fasica e sua poesia. Criamos esse selo para marcar essa trajet\u00f3ria brilhante e garantir que, ao longo de 2025, sua hist\u00f3ria seja lembrada e reverenciada em diversos momentos da nossa cidade\u201d, destacou o prefeito Sim\u00e3o.<\/p>\n<p>Al\u00e9m do show deste fim de semana, Geraldo Azevedo, Elba Ramalho e Alceu Valen\u00e7a j\u00e1 t\u00eam data para retornar a Petrolina. O trio se apresentar\u00e1 novamente durante os festejos juninos, trazendo a energia e a musicalidade de O Grande Encontro ao palco do S\u00e3o Jo\u00e3o, uma das festas mais tradicionais do Nordeste.<\/p>\n","protected":false},"excerpt":{"rendered":"<p>O prefeito de Petrolina, Sim\u00e3o Durando, esteve presente no show O Grande Encontro, realizado neste fim de semana na cidade. O espet\u00e1culo reuniu tr\u00eas \u00edcones da m\u00fasica nordestina \u2014 Geraldo Azevedo, Elba Ramalho e Alceu Valen\u00e7a \u2014 em uma apresenta\u00e7\u00e3o emocionante que encantou o p\u00fablico petrolinense. Nos bastidores, Sim\u00e3o fez quest\u00e3o de visitar os artistas nos camarins e entregou cestas com produtos t\u00edpicos da regi\u00e3o, al\u00e9m de um broche com a bandeira de Petrolina, em homenagem ao legado musical dos tr\u00eas. O momento mais simb\u00f3lico foi a entrega do selo comemorativo criado pela prefeitura para celebrar os 80 anos do artista, um dos maiores expoentes da MPB e filho ilustre de Petrolina. O selo ser\u00e1 utilizado pela prefeitura em eventos,&hellip; <\/p>\n","protected":false},"author":2,"featured_media":390878,"comment_status":"open","ping_status":"open","sticky":false,"template":"","format":"standard","meta":{"_acf_changed":false,"footnotes":""},"categories":[12,10],"tags":[],"class_list":["post-390877","post","type-post","status-publish","format-standard","has-post-thumbnail","hentry","category-confraternizacoes","category-cultura"],"acf":[],"yoast_head":"<!-- This site is optimized with the Yoast SEO plugin v27.4 - https:\/\/yoast.com\/product\/yoast-seo-wordpress\/ -->\n<title>Durante show \u201cO Grande Encontro\u201d prefeito entrega selo comemorativo a Geraldo Azevedo - Blog do Farn\u00e9sio<\/title>\n<meta name=\"robots\" content=\"index, follow, max-snippet:-1, max-image-preview:large, max-video-preview:-1\" \/>\n<link rel=\"canonical\" href=\"https:\/\/blogdofarnesio.com.br\/?p=390877\" \/>\n<meta property=\"og:locale\" content=\"pt_BR\" \/>\n<meta property=\"og:type\" content=\"article\" \/>\n<meta property=\"og:title\" content=\"Durante show \u201cO Grande Encontro\u201d prefeito entrega selo comemorativo a Geraldo Azevedo - Blog do Farn\u00e9sio\" \/>\n<meta property=\"og:description\" content=\"O prefeito de Petrolina, Sim\u00e3o Durando, esteve presente no show O Grande Encontro, realizado neste fim de semana na cidade. O espet\u00e1culo reuniu tr\u00eas \u00edcones da m\u00fasica nordestina \u2014 Geraldo Azevedo, Elba Ramalho e Alceu Valen\u00e7a \u2014 em uma apresenta\u00e7\u00e3o emocionante que encantou o p\u00fablico petrolinense. Nos bastidores, Sim\u00e3o fez quest\u00e3o de visitar os artistas nos camarins e entregou cestas com produtos t\u00edpicos da regi\u00e3o, al\u00e9m de um broche com a bandeira de Petrolina, em homenagem ao legado musical dos tr\u00eas. O momento mais simb\u00f3lico foi a entrega do selo comemorativo criado pela prefeitura para celebrar os 80 anos do artista, um dos maiores expoentes da MPB e filho ilustre de Petrolina. O selo ser\u00e1 utilizado pela prefeitura em eventos,&hellip;\" \/>\n<meta property=\"og:url\" content=\"https:\/\/blogdofarnesio.com.br\/?p=390877\" \/>\n<meta property=\"og:site_name\" content=\"Blog do Farn\u00e9sio\" \/>\n<meta property=\"article:publisher\" content=\"https:\/\/www.facebook.com\/BlogQuerSaberPolitica\/\" \/>\n<meta property=\"article:author\" content=\"https:\/\/www.facebook.com\/?ref=tn_tnmn\" \/>\n<meta property=\"article:published_time\" content=\"2025-03-31T18:42:54+00:00\" \/>\n<meta property=\"og:image\" content=\"https:\/\/blogdofarnesio.com.br\/wp-content\/uploads\/2025\/03\/IMG-20250331-WA0099-e1743432508709.jpg\" \/>\n\t<meta property=\"og:image:width\" content=\"600\" \/>\n\t<meta property=\"og:image:height\" content=\"400\" \/>\n\t<meta property=\"og:image:type\" content=\"image\/jpeg\" \/>\n<meta name=\"author\" content=\"Farn\u00e9sio\" \/>\n<meta name=\"twitter:card\" content=\"summary_large_image\" \/>\n<meta name=\"twitter:label1\" content=\"Escrito por\" \/>\n\t<meta name=\"twitter:data1\" content=\"Farn\u00e9sio\" \/>\n\t<meta name=\"twitter:label2\" content=\"Est. tempo de leitura\" \/>\n\t<meta name=\"twitter:data2\" content=\"2 minutos\" \/>\n<script type=\"application\/ld+json\" class=\"yoast-schema-graph\">{\"@context\":\"https:\\\/\\\/schema.org\",\"@graph\":[{\"@type\":\"Article\",\"@id\":\"https:\\\/\\\/blogdofarnesio.com.br\\\/?p=390877#article\",\"isPartOf\":{\"@id\":\"https:\\\/\\\/blogdofarnesio.com.br\\\/?p=390877\"},\"author\":{\"name\":\"Farn\u00e9sio\",\"@id\":\"https:\\\/\\\/blogdofarnesio.com.br\\\/#\\\/schema\\\/person\\\/bb9b23ae3ad0609ce8df7b6c9e76824d\"},\"headline\":\"Durante show \u201cO Grande Encontro\u201d prefeito entrega selo comemorativo a Geraldo Azevedo\",\"datePublished\":\"2025-03-31T18:42:54+00:00\",\"mainEntityOfPage\":{\"@id\":\"https:\\\/\\\/blogdofarnesio.com.br\\\/?p=390877\"},\"wordCount\":302,\"commentCount\":0,\"publisher\":{\"@id\":\"https:\\\/\\\/blogdofarnesio.com.br\\\/#organization\"},\"image\":{\"@id\":\"https:\\\/\\\/blogdofarnesio.com.br\\\/?p=390877#primaryimage\"},\"thumbnailUrl\":\"https:\\\/\\\/blogdofarnesio.com.br\\\/wp-content\\\/uploads\\\/2025\\\/03\\\/IMG-20250331-WA0099-e1743432508709.jpg\",\"articleSection\":[\"Confraterniza\u00e7\u00f5es\",\"Cultura\"],\"inLanguage\":\"pt-BR\",\"potentialAction\":[{\"@type\":\"CommentAction\",\"name\":\"Comment\",\"target\":[\"https:\\\/\\\/blogdofarnesio.com.br\\\/?p=390877#respond\"]}]},{\"@type\":\"WebPage\",\"@id\":\"https:\\\/\\\/blogdofarnesio.com.br\\\/?p=390877\",\"url\":\"https:\\\/\\\/blogdofarnesio.com.br\\\/?p=390877\",\"name\":\"Durante show \u201cO Grande Encontro\u201d prefeito entrega selo comemorativo a Geraldo Azevedo - Blog do Farn\u00e9sio\",\"isPartOf\":{\"@id\":\"https:\\\/\\\/blogdofarnesio.com.br\\\/#website\"},\"primaryImageOfPage\":{\"@id\":\"https:\\\/\\\/blogdofarnesio.com.br\\\/?p=390877#primaryimage\"},\"image\":{\"@id\":\"https:\\\/\\\/blogdofarnesio.com.br\\\/?p=390877#primaryimage\"},\"thumbnailUrl\":\"https:\\\/\\\/blogdofarnesio.com.br\\\/wp-content\\\/uploads\\\/2025\\\/03\\\/IMG-20250331-WA0099-e1743432508709.jpg\",\"datePublished\":\"2025-03-31T18:42:54+00:00\",\"breadcrumb\":{\"@id\":\"https:\\\/\\\/blogdofarnesio.com.br\\\/?p=390877#breadcrumb\"},\"inLanguage\":\"pt-BR\",\"potentialAction\":[{\"@type\":\"ReadAction\",\"target\":[\"https:\\\/\\\/blogdofarnesio.com.br\\\/?p=390877\"]}]},{\"@type\":\"ImageObject\",\"inLanguage\":\"pt-BR\",\"@id\":\"https:\\\/\\\/blogdofarnesio.com.br\\\/?p=390877#primaryimage\",\"url\":\"https:\\\/\\\/blogdofarnesio.com.br\\\/wp-content\\\/uploads\\\/2025\\\/03\\\/IMG-20250331-WA0099-e1743432508709.jpg\",\"contentUrl\":\"https:\\\/\\\/blogdofarnesio.com.br\\\/wp-content\\\/uploads\\\/2025\\\/03\\\/IMG-20250331-WA0099-e1743432508709.jpg\",\"width\":600,\"height\":400},{\"@type\":\"BreadcrumbList\",\"@id\":\"https:\\\/\\\/blogdofarnesio.com.br\\\/?p=390877#breadcrumb\",\"itemListElement\":[{\"@type\":\"ListItem\",\"position\":1,\"name\":\"In\u00edcio\",\"item\":\"https:\\\/\\\/blogdofarnesio.com.br\\\/\"},{\"@type\":\"ListItem\",\"position\":2,\"name\":\"Durante show \u201cO Grande Encontro\u201d prefeito entrega selo comemorativo a Geraldo Azevedo\"}]},{\"@type\":\"WebSite\",\"@id\":\"https:\\\/\\\/blogdofarnesio.com.br\\\/#website\",\"url\":\"https:\\\/\\\/blogdofarnesio.com.br\\\/\",\"name\":\"Blog do Farn\u00e9sio\",\"description\":\"Quer Saber Pol\u00edtica?\",\"publisher\":{\"@id\":\"https:\\\/\\\/blogdofarnesio.com.br\\\/#organization\"},\"potentialAction\":[{\"@type\":\"SearchAction\",\"target\":{\"@type\":\"EntryPoint\",\"urlTemplate\":\"https:\\\/\\\/blogdofarnesio.com.br\\\/?s={search_term_string}\"},\"query-input\":{\"@type\":\"PropertyValueSpecification\",\"valueRequired\":true,\"valueName\":\"search_term_string\"}}],\"inLanguage\":\"pt-BR\"},{\"@type\":\"Organization\",\"@id\":\"https:\\\/\\\/blogdofarnesio.com.br\\\/#organization\",\"name\":\"Blog do Farn\u00e9sio\",\"url\":\"https:\\\/\\\/blogdofarnesio.com.br\\\/\",\"logo\":{\"@type\":\"ImageObject\",\"inLanguage\":\"pt-BR\",\"@id\":\"https:\\\/\\\/blogdofarnesio.com.br\\\/#\\\/schema\\\/logo\\\/image\\\/\",\"url\":\"https:\\\/\\\/blogdofarnesio.com.br\\\/wp-content\\\/uploads\\\/2026\\\/03\\\/cropped-logo_new-1.png\",\"contentUrl\":\"https:\\\/\\\/blogdofarnesio.com.br\\\/wp-content\\\/uploads\\\/2026\\\/03\\\/cropped-logo_new-1.png\",\"width\":881,\"height\":685,\"caption\":\"Blog do Farn\u00e9sio\"},\"image\":{\"@id\":\"https:\\\/\\\/blogdofarnesio.com.br\\\/#\\\/schema\\\/logo\\\/image\\\/\"},\"sameAs\":[\"https:\\\/\\\/www.facebook.com\\\/BlogQuerSaberPolitica\\\/\"]},{\"@type\":\"Person\",\"@id\":\"https:\\\/\\\/blogdofarnesio.com.br\\\/#\\\/schema\\\/person\\\/bb9b23ae3ad0609ce8df7b6c9e76824d\",\"name\":\"Farn\u00e9sio\",\"image\":{\"@type\":\"ImageObject\",\"inLanguage\":\"pt-BR\",\"@id\":\"https:\\\/\\\/secure.gravatar.com\\\/avatar\\\/986aa4c61ccdb66f8555bf88fc2a65609d00bcabd4d2d94377a727547345cbca?s=96&d=mm&r=g\",\"url\":\"https:\\\/\\\/secure.gravatar.com\\\/avatar\\\/986aa4c61ccdb66f8555bf88fc2a65609d00bcabd4d2d94377a727547345cbca?s=96&d=mm&r=g\",\"contentUrl\":\"https:\\\/\\\/secure.gravatar.com\\\/avatar\\\/986aa4c61ccdb66f8555bf88fc2a65609d00bcabd4d2d94377a727547345cbca?s=96&d=mm&r=g\",\"caption\":\"Farn\u00e9sio\"},\"description\":\"Radialista blogueiro, chegou a Petrolina\\\/Juazeiro em setembro de 1980, Farn\u00e9sio Silva \u00e9 de Arapiraca-Alagoas.\",\"sameAs\":[\"http:\\\/\\\/blogdofarnesio.com.br\",\"https:\\\/\\\/www.facebook.com\\\/?ref=tn_tnmn\",\"https:\\\/\\\/www.instagram.com\\\/?utm_source=pwa_homescreen\",\"https:\\\/\\\/youtube.com.br\\\/\"],\"url\":\"https:\\\/\\\/blogdofarnesio.com.br\\\/?author=2\"}]}<\/script>\n<!-- \/ Yoast SEO plugin. -->","yoast_head_json":{"title":"Durante show \u201cO Grande Encontro\u201d prefeito entrega selo comemorativo a Geraldo Azevedo - Blog do Farn\u00e9sio","robots":{"index":"index","follow":"follow","max-snippet":"max-snippet:-1","max-image-preview":"max-image-preview:large","max-video-preview":"max-video-preview:-1"},"canonical":"https:\/\/blogdofarnesio.com.br\/?p=390877","og_locale":"pt_BR","og_type":"article","og_title":"Durante show \u201cO Grande Encontro\u201d prefeito entrega selo comemorativo a Geraldo Azevedo - Blog do Farn\u00e9sio","og_description":"O prefeito de Petrolina, Sim\u00e3o Durando, esteve presente no show O Grande Encontro, realizado neste fim de semana na cidade. O espet\u00e1culo reuniu tr\u00eas \u00edcones da m\u00fasica nordestina \u2014 Geraldo Azevedo, Elba Ramalho e Alceu Valen\u00e7a \u2014 em uma apresenta\u00e7\u00e3o emocionante que encantou o p\u00fablico petrolinense. Nos bastidores, Sim\u00e3o fez quest\u00e3o de visitar os artistas nos camarins e entregou cestas com produtos t\u00edpicos da regi\u00e3o, al\u00e9m de um broche com a bandeira de Petrolina, em homenagem ao legado musical dos tr\u00eas. O momento mais simb\u00f3lico foi a entrega do selo comemorativo criado pela prefeitura para celebrar os 80 anos do artista, um dos maiores expoentes da MPB e filho ilustre de Petrolina. O selo ser\u00e1 utilizado pela prefeitura em eventos,&hellip;","og_url":"https:\/\/blogdofarnesio.com.br\/?p=390877","og_site_name":"Blog do Farn\u00e9sio","article_publisher":"https:\/\/www.facebook.com\/BlogQuerSaberPolitica\/","article_author":"https:\/\/www.facebook.com\/?ref=tn_tnmn","article_published_time":"2025-03-31T18:42:54+00:00","og_image":[{"width":600,"height":400,"url":"https:\/\/blogdofarnesio.com.br\/wp-content\/uploads\/2025\/03\/IMG-20250331-WA0099-e1743432508709.jpg","type":"image\/jpeg"}],"author":"Farn\u00e9sio","twitter_card":"summary_large_image","twitter_misc":{"Escrito por":"Farn\u00e9sio","Est. tempo de leitura":"2 minutos"},"schema":{"@context":"https:\/\/schema.org","@graph":[{"@type":"Article","@id":"https:\/\/blogdofarnesio.com.br\/?p=390877#article","isPartOf":{"@id":"https:\/\/blogdofarnesio.com.br\/?p=390877"},"author":{"name":"Farn\u00e9sio","@id":"https:\/\/blogdofarnesio.com.br\/#\/schema\/person\/bb9b23ae3ad0609ce8df7b6c9e76824d"},"headline":"Durante show \u201cO Grande Encontro\u201d prefeito entrega selo comemorativo a Geraldo Azevedo","datePublished":"2025-03-31T18:42:54+00:00","mainEntityOfPage":{"@id":"https:\/\/blogdofarnesio.com.br\/?p=390877"},"wordCount":302,"commentCount":0,"publisher":{"@id":"https:\/\/blogdofarnesio.com.br\/#organization"},"image":{"@id":"https:\/\/blogdofarnesio.com.br\/?p=390877#primaryimage"},"thumbnailUrl":"https:\/\/blogdofarnesio.com.br\/wp-content\/uploads\/2025\/03\/IMG-20250331-WA0099-e1743432508709.jpg","articleSection":["Confraterniza\u00e7\u00f5es","Cultura"],"inLanguage":"pt-BR","potentialAction":[{"@type":"CommentAction","name":"Comment","target":["https:\/\/blogdofarnesio.com.br\/?p=390877#respond"]}]},{"@type":"WebPage","@id":"https:\/\/blogdofarnesio.com.br\/?p=390877","url":"https:\/\/blogdofarnesio.com.br\/?p=390877","name":"Durante show \u201cO Grande Encontro\u201d prefeito entrega selo comemorativo a Geraldo Azevedo - Blog do Farn\u00e9sio","isPartOf":{"@id":"https:\/\/blogdofarnesio.com.br\/#website"},"primaryImageOfPage":{"@id":"https:\/\/blogdofarnesio.com.br\/?p=390877#primaryimage"},"image":{"@id":"https:\/\/blogdofarnesio.com.br\/?p=390877#primaryimage"},"thumbnailUrl":"https:\/\/blogdofarnesio.com.br\/wp-content\/uploads\/2025\/03\/IMG-20250331-WA0099-e1743432508709.jpg","datePublished":"2025-03-31T18:42:54+00:00","breadcrumb":{"@id":"https:\/\/blogdofarnesio.com.br\/?p=390877#breadcrumb"},"inLanguage":"pt-BR","potentialAction":[{"@type":"ReadAction","target":["https:\/\/blogdofarnesio.com.br\/?p=390877"]}]},{"@type":"ImageObject","inLanguage":"pt-BR","@id":"https:\/\/blogdofarnesio.com.br\/?p=390877#primaryimage","url":"https:\/\/blogdofarnesio.com.br\/wp-content\/uploads\/2025\/03\/IMG-20250331-WA0099-e1743432508709.jpg","contentUrl":"https:\/\/blogdofarnesio.com.br\/wp-content\/uploads\/2025\/03\/IMG-20250331-WA0099-e1743432508709.jpg","width":600,"height":400},{"@type":"BreadcrumbList","@id":"https:\/\/blogdofarnesio.com.br\/?p=390877#breadcrumb","itemListElement":[{"@type":"ListItem","position":1,"name":"In\u00edcio","item":"https:\/\/blogdofarnesio.com.br\/"},{"@type":"ListItem","position":2,"name":"Durante show \u201cO Grande Encontro\u201d prefeito entrega selo comemorativo a Geraldo Azevedo"}]},{"@type":"WebSite","@id":"https:\/\/blogdofarnesio.com.br\/#website","url":"https:\/\/blogdofarnesio.com.br\/","name":"Blog do Farn\u00e9sio","description":"Quer Saber Pol\u00edtica?","publisher":{"@id":"https:\/\/blogdofarnesio.com.br\/#organization"},"potentialAction":[{"@type":"SearchAction","target":{"@type":"EntryPoint","urlTemplate":"https:\/\/blogdofarnesio.com.br\/?s={search_term_string}"},"query-input":{"@type":"PropertyValueSpecification","valueRequired":true,"valueName":"search_term_string"}}],"inLanguage":"pt-BR"},{"@type":"Organization","@id":"https:\/\/blogdofarnesio.com.br\/#organization","name":"Blog do Farn\u00e9sio","url":"https:\/\/blogdofarnesio.com.br\/","logo":{"@type":"ImageObject","inLanguage":"pt-BR","@id":"https:\/\/blogdofarnesio.com.br\/#\/schema\/logo\/image\/","url":"https:\/\/blogdofarnesio.com.br\/wp-content\/uploads\/2026\/03\/cropped-logo_new-1.png","contentUrl":"https:\/\/blogdofarnesio.com.br\/wp-content\/uploads\/2026\/03\/cropped-logo_new-1.png","width":881,"height":685,"caption":"Blog do Farn\u00e9sio"},"image":{"@id":"https:\/\/blogdofarnesio.com.br\/#\/schema\/logo\/image\/"},"sameAs":["https:\/\/www.facebook.com\/BlogQuerSaberPolitica\/"]},{"@type":"Person","@id":"https:\/\/blogdofarnesio.com.br\/#\/schema\/person\/bb9b23ae3ad0609ce8df7b6c9e76824d","name":"Farn\u00e9sio","image":{"@type":"ImageObject","inLanguage":"pt-BR","@id":"https:\/\/secure.gravatar.com\/avatar\/986aa4c61ccdb66f8555bf88fc2a65609d00bcabd4d2d94377a727547345cbca?s=96&d=mm&r=g","url":"https:\/\/secure.gravatar.com\/avatar\/986aa4c61ccdb66f8555bf88fc2a65609d00bcabd4d2d94377a727547345cbca?s=96&d=mm&r=g","contentUrl":"https:\/\/secure.gravatar.com\/avatar\/986aa4c61ccdb66f8555bf88fc2a65609d00bcabd4d2d94377a727547345cbca?s=96&d=mm&r=g","caption":"Farn\u00e9sio"},"description":"Radialista blogueiro, chegou a Petrolina\/Juazeiro em setembro de 1980, Farn\u00e9sio Silva \u00e9 de Arapiraca-Alagoas.","sameAs":["http:\/\/blogdofarnesio.com.br","https:\/\/www.facebook.com\/?ref=tn_tnmn","https:\/\/www.instagram.com\/?utm_source=pwa_homescreen","https:\/\/youtube.com.br\/"],"url":"https:\/\/blogdofarnesio.com.br\/?author=2"}]}},"_links":{"self":[{"href":"https:\/\/blogdofarnesio.com.br\/index.php?rest_route=\/wp\/v2\/posts\/390877","targetHints":{"allow":["GET"]}}],"collection":[{"href":"https:\/\/blogdofarnesio.com.br\/index.php?rest_route=\/wp\/v2\/posts"}],"about":[{"href":"https:\/\/blogdofarnesio.com.br\/index.php?rest_route=\/wp\/v2\/types\/post"}],"author":[{"embeddable":true,"href":"https:\/\/blogdofarnesio.com.br\/index.php?rest_route=\/wp\/v2\/users\/2"}],"replies":[{"embeddable":true,"href":"https:\/\/blogdofarnesio.com.br\/index.php?rest_route=%2Fwp%2Fv2%2Fcomments&post=390877"}],"version-history":[{"count":0,"href":"https:\/\/blogdofarnesio.com.br\/index.php?rest_route=\/wp\/v2\/posts\/390877\/revisions"}],"wp:featuredmedia":[{"embeddable":true,"href":"https:\/\/blogdofarnesio.com.br\/index.php?rest_route=\/wp\/v2\/media\/390878"}],"wp:attachment":[{"href":"https:\/\/blogdofarnesio.com.br\/index.php?rest_route=%2Fwp%2Fv2%2Fmedia&parent=390877"}],"wp:term":[{"taxonomy":"category","embeddable":true,"href":"https:\/\/blogdofarnesio.com.br\/index.php?rest_route=%2Fwp%2Fv2%2Fcategories&post=390877"},{"taxonomy":"post_tag","embeddable":true,"href":"https:\/\/blogdofarnesio.com.br\/index.php?rest_route=%2Fwp%2Fv2%2Ftags&post=390877"}],"curies":[{"name":"wp","href":"https:\/\/api.w.org\/{rel}","templated":true}]}}