{"id":390861,"date":"2025-03-31T14:42:24","date_gmt":"2025-03-31T17:42:24","guid":{"rendered":"https:\/\/blogdofarnesio.com.br\/?p=390861"},"modified":"2025-03-31T10:21:55","modified_gmt":"2025-03-31T13:21:55","slug":"educacao-de-juazeiro-promove-encontro-com-gestores-e-secretarios-escolares","status":"publish","type":"post","link":"https:\/\/blogdofarnesio.com.br\/?p=390861","title":{"rendered":"Educa\u00e7\u00e3o de Juazeiro promove encontro com gestores e secret\u00e1rios escolares"},"content":{"rendered":"<p dir=\"ltr\">A Secretaria de Educa\u00e7\u00e3o de Juazeiro (Seduc) cerrou, nesta sexta-feira (28), mais um ciclo de encontros com os gestores e secret\u00e1rios escolares da rede municipal de ensino. As reuni\u00f5es, iniciadas na \u00faltima quarta-feira (26), fazem parte da rotina da Secretaria para alinhar e fortalecer o trabalho da gest\u00e3o escolar.<\/p>\n<p dir=\"ltr\">De acordo com a superintendente da Rede da Seduc, Miranery Amorim, esse ciclo de encontros teve como objetivo refletir sobre os processos educacionais na perspectiva da gest\u00e3o democr\u00e1tica. \u201c\u00c9 importante acompanhar os encaminhamentos dos processos junto com os gestores e conhecer os desafios que eles enfrentam no dia a dia, para que possamos unir for\u00e7as e melhorar a vida e a aprendizagem das nossas crian\u00e7as e adolescentes\u201d.<\/p>\n<p dir=\"ltr\">Para Jeferson Bartolomeu Gomes, gestor da Escola Municipal Pedro Raimundo Rodrigues R\u00eago, o encontro tamb\u00e9m possibilita o estreitamento dos v\u00ednculos com a Seduc e a troca de experi\u00eancias. \u201c\u00c9 um momento em que a gente encontra todos os gestores escolares, esclarecemos nossas d\u00favidas, recebemos informa\u00e7\u00f5es para atender melhor nossos alunos e compartilhamos pr\u00e1ticas exitosas para fortalecer a rede e oferecer um ensino de qualidade para todas as crian\u00e7as\u201d, frisou.<\/p>\n<p>&nbsp;<\/p>\n<p dir=\"ltr\">\u2013<\/p>\n<p dir=\"ltr\">Ascom Seduc\/PMJ<\/p>\n<div class=\"yj6qo\"><\/div>\n<div class=\"adL\"><\/div>\n","protected":false},"excerpt":{"rendered":"<p>A Secretaria de Educa\u00e7\u00e3o de Juazeiro (Seduc) cerrou, nesta sexta-feira (28), mais um ciclo de encontros com os gestores e secret\u00e1rios escolares da rede municipal de ensino. As reuni\u00f5es, iniciadas na \u00faltima quarta-feira (26), fazem parte da rotina da Secretaria para alinhar e fortalecer o trabalho da gest\u00e3o escolar. De acordo com a superintendente da Rede da Seduc, Miranery Amorim, esse ciclo de encontros teve como objetivo refletir sobre os processos educacionais na perspectiva da gest\u00e3o democr\u00e1tica. \u201c\u00c9 importante acompanhar os encaminhamentos dos processos junto com os gestores e conhecer os desafios que eles enfrentam no dia a dia, para que possamos unir for\u00e7as e melhorar a vida e a aprendizagem das nossas crian\u00e7as e adolescentes\u201d. Para Jeferson Bartolomeu Gomes,&hellip; <\/p>\n","protected":false},"author":2,"featured_media":385878,"comment_status":"open","ping_status":"open","sticky":false,"template":"","format":"standard","meta":{"_acf_changed":false,"footnotes":""},"categories":[6],"tags":[],"class_list":["post-390861","post","type-post","status-publish","format-standard","has-post-thumbnail","hentry","category-educacao"],"acf":[],"yoast_head":"<!-- This site is optimized with the Yoast SEO plugin v27.4 - https:\/\/yoast.com\/product\/yoast-seo-wordpress\/ -->\n<title>Educa\u00e7\u00e3o de Juazeiro promove encontro com gestores e secret\u00e1rios escolares - Blog do Farn\u00e9sio<\/title>\n<meta name=\"robots\" content=\"index, follow, max-snippet:-1, max-image-preview:large, max-video-preview:-1\" \/>\n<link rel=\"canonical\" href=\"https:\/\/blogdofarnesio.com.br\/?p=390861\" \/>\n<meta property=\"og:locale\" content=\"pt_BR\" \/>\n<meta property=\"og:type\" content=\"article\" \/>\n<meta property=\"og:title\" content=\"Educa\u00e7\u00e3o de Juazeiro promove encontro com gestores e secret\u00e1rios escolares - Blog do Farn\u00e9sio\" \/>\n<meta property=\"og:description\" content=\"A Secretaria de Educa\u00e7\u00e3o de Juazeiro (Seduc) cerrou, nesta sexta-feira (28), mais um ciclo de encontros com os gestores e secret\u00e1rios escolares da rede municipal de ensino. As reuni\u00f5es, iniciadas na \u00faltima quarta-feira (26), fazem parte da rotina da Secretaria para alinhar e fortalecer o trabalho da gest\u00e3o escolar. De acordo com a superintendente da Rede da Seduc, Miranery Amorim, esse ciclo de encontros teve como objetivo refletir sobre os processos educacionais na perspectiva da gest\u00e3o democr\u00e1tica. \u201c\u00c9 importante acompanhar os encaminhamentos dos processos junto com os gestores e conhecer os desafios que eles enfrentam no dia a dia, para que possamos unir for\u00e7as e melhorar a vida e a aprendizagem das nossas crian\u00e7as e adolescentes\u201d. Para Jeferson Bartolomeu Gomes,&hellip;\" \/>\n<meta property=\"og:url\" content=\"https:\/\/blogdofarnesio.com.br\/?p=390861\" \/>\n<meta property=\"og:site_name\" content=\"Blog do Farn\u00e9sio\" \/>\n<meta property=\"article:publisher\" content=\"https:\/\/www.facebook.com\/BlogQuerSaberPolitica\/\" \/>\n<meta property=\"article:author\" content=\"https:\/\/www.facebook.com\/?ref=tn_tnmn\" \/>\n<meta property=\"article:published_time\" content=\"2025-03-31T17:42:24+00:00\" \/>\n<meta property=\"og:image\" content=\"https:\/\/blogdofarnesio.com.br\/wp-content\/uploads\/2025\/01\/blogqspjua-Reuniao-gestores-escolares-e1737551012626.jpeg\" \/>\n\t<meta property=\"og:image:width\" content=\"580\" \/>\n\t<meta property=\"og:image:height\" content=\"378\" \/>\n\t<meta property=\"og:image:type\" content=\"image\/jpeg\" \/>\n<meta name=\"author\" content=\"Farn\u00e9sio\" \/>\n<meta name=\"twitter:card\" content=\"summary_large_image\" \/>\n<meta name=\"twitter:label1\" content=\"Escrito por\" \/>\n\t<meta name=\"twitter:data1\" content=\"Farn\u00e9sio\" \/>\n\t<meta name=\"twitter:label2\" content=\"Est. tempo de leitura\" \/>\n\t<meta name=\"twitter:data2\" content=\"2 minutos\" \/>\n<script type=\"application\/ld+json\" class=\"yoast-schema-graph\">{\"@context\":\"https:\\\/\\\/schema.org\",\"@graph\":[{\"@type\":\"Article\",\"@id\":\"https:\\\/\\\/blogdofarnesio.com.br\\\/?p=390861#article\",\"isPartOf\":{\"@id\":\"https:\\\/\\\/blogdofarnesio.com.br\\\/?p=390861\"},\"author\":{\"name\":\"Farn\u00e9sio\",\"@id\":\"https:\\\/\\\/blogdofarnesio.com.br\\\/#\\\/schema\\\/person\\\/bb9b23ae3ad0609ce8df7b6c9e76824d\"},\"headline\":\"Educa\u00e7\u00e3o de Juazeiro promove encontro com gestores e secret\u00e1rios escolares\",\"datePublished\":\"2025-03-31T17:42:24+00:00\",\"mainEntityOfPage\":{\"@id\":\"https:\\\/\\\/blogdofarnesio.com.br\\\/?p=390861\"},\"wordCount\":213,\"commentCount\":0,\"publisher\":{\"@id\":\"https:\\\/\\\/blogdofarnesio.com.br\\\/#organization\"},\"image\":{\"@id\":\"https:\\\/\\\/blogdofarnesio.com.br\\\/?p=390861#primaryimage\"},\"thumbnailUrl\":\"https:\\\/\\\/blogdofarnesio.com.br\\\/wp-content\\\/uploads\\\/2025\\\/01\\\/blogqspjua-Reuniao-gestores-escolares-e1737551012626.jpeg\",\"articleSection\":[\"Educa\u00e7\u00e3o\"],\"inLanguage\":\"pt-BR\",\"potentialAction\":[{\"@type\":\"CommentAction\",\"name\":\"Comment\",\"target\":[\"https:\\\/\\\/blogdofarnesio.com.br\\\/?p=390861#respond\"]}]},{\"@type\":\"WebPage\",\"@id\":\"https:\\\/\\\/blogdofarnesio.com.br\\\/?p=390861\",\"url\":\"https:\\\/\\\/blogdofarnesio.com.br\\\/?p=390861\",\"name\":\"Educa\u00e7\u00e3o de Juazeiro promove encontro com gestores e secret\u00e1rios escolares - Blog do Farn\u00e9sio\",\"isPartOf\":{\"@id\":\"https:\\\/\\\/blogdofarnesio.com.br\\\/#website\"},\"primaryImageOfPage\":{\"@id\":\"https:\\\/\\\/blogdofarnesio.com.br\\\/?p=390861#primaryimage\"},\"image\":{\"@id\":\"https:\\\/\\\/blogdofarnesio.com.br\\\/?p=390861#primaryimage\"},\"thumbnailUrl\":\"https:\\\/\\\/blogdofarnesio.com.br\\\/wp-content\\\/uploads\\\/2025\\\/01\\\/blogqspjua-Reuniao-gestores-escolares-e1737551012626.jpeg\",\"datePublished\":\"2025-03-31T17:42:24+00:00\",\"breadcrumb\":{\"@id\":\"https:\\\/\\\/blogdofarnesio.com.br\\\/?p=390861#breadcrumb\"},\"inLanguage\":\"pt-BR\",\"potentialAction\":[{\"@type\":\"ReadAction\",\"target\":[\"https:\\\/\\\/blogdofarnesio.com.br\\\/?p=390861\"]}]},{\"@type\":\"ImageObject\",\"inLanguage\":\"pt-BR\",\"@id\":\"https:\\\/\\\/blogdofarnesio.com.br\\\/?p=390861#primaryimage\",\"url\":\"https:\\\/\\\/blogdofarnesio.com.br\\\/wp-content\\\/uploads\\\/2025\\\/01\\\/blogqspjua-Reuniao-gestores-escolares-e1737551012626.jpeg\",\"contentUrl\":\"https:\\\/\\\/blogdofarnesio.com.br\\\/wp-content\\\/uploads\\\/2025\\\/01\\\/blogqspjua-Reuniao-gestores-escolares-e1737551012626.jpeg\",\"width\":580,\"height\":378},{\"@type\":\"BreadcrumbList\",\"@id\":\"https:\\\/\\\/blogdofarnesio.com.br\\\/?p=390861#breadcrumb\",\"itemListElement\":[{\"@type\":\"ListItem\",\"position\":1,\"name\":\"In\u00edcio\",\"item\":\"https:\\\/\\\/blogdofarnesio.com.br\\\/\"},{\"@type\":\"ListItem\",\"position\":2,\"name\":\"Educa\u00e7\u00e3o de Juazeiro promove encontro com gestores e secret\u00e1rios escolares\"}]},{\"@type\":\"WebSite\",\"@id\":\"https:\\\/\\\/blogdofarnesio.com.br\\\/#website\",\"url\":\"https:\\\/\\\/blogdofarnesio.com.br\\\/\",\"name\":\"Blog do Farn\u00e9sio\",\"description\":\"Quer Saber Pol\u00edtica?\",\"publisher\":{\"@id\":\"https:\\\/\\\/blogdofarnesio.com.br\\\/#organization\"},\"potentialAction\":[{\"@type\":\"SearchAction\",\"target\":{\"@type\":\"EntryPoint\",\"urlTemplate\":\"https:\\\/\\\/blogdofarnesio.com.br\\\/?s={search_term_string}\"},\"query-input\":{\"@type\":\"PropertyValueSpecification\",\"valueRequired\":true,\"valueName\":\"search_term_string\"}}],\"inLanguage\":\"pt-BR\"},{\"@type\":\"Organization\",\"@id\":\"https:\\\/\\\/blogdofarnesio.com.br\\\/#organization\",\"name\":\"Blog do Farn\u00e9sio\",\"url\":\"https:\\\/\\\/blogdofarnesio.com.br\\\/\",\"logo\":{\"@type\":\"ImageObject\",\"inLanguage\":\"pt-BR\",\"@id\":\"https:\\\/\\\/blogdofarnesio.com.br\\\/#\\\/schema\\\/logo\\\/image\\\/\",\"url\":\"https:\\\/\\\/blogdofarnesio.com.br\\\/wp-content\\\/uploads\\\/2026\\\/03\\\/cropped-logo_new-1.png\",\"contentUrl\":\"https:\\\/\\\/blogdofarnesio.com.br\\\/wp-content\\\/uploads\\\/2026\\\/03\\\/cropped-logo_new-1.png\",\"width\":881,\"height\":685,\"caption\":\"Blog do Farn\u00e9sio\"},\"image\":{\"@id\":\"https:\\\/\\\/blogdofarnesio.com.br\\\/#\\\/schema\\\/logo\\\/image\\\/\"},\"sameAs\":[\"https:\\\/\\\/www.facebook.com\\\/BlogQuerSaberPolitica\\\/\"]},{\"@type\":\"Person\",\"@id\":\"https:\\\/\\\/blogdofarnesio.com.br\\\/#\\\/schema\\\/person\\\/bb9b23ae3ad0609ce8df7b6c9e76824d\",\"name\":\"Farn\u00e9sio\",\"image\":{\"@type\":\"ImageObject\",\"inLanguage\":\"pt-BR\",\"@id\":\"https:\\\/\\\/secure.gravatar.com\\\/avatar\\\/986aa4c61ccdb66f8555bf88fc2a65609d00bcabd4d2d94377a727547345cbca?s=96&d=mm&r=g\",\"url\":\"https:\\\/\\\/secure.gravatar.com\\\/avatar\\\/986aa4c61ccdb66f8555bf88fc2a65609d00bcabd4d2d94377a727547345cbca?s=96&d=mm&r=g\",\"contentUrl\":\"https:\\\/\\\/secure.gravatar.com\\\/avatar\\\/986aa4c61ccdb66f8555bf88fc2a65609d00bcabd4d2d94377a727547345cbca?s=96&d=mm&r=g\",\"caption\":\"Farn\u00e9sio\"},\"description\":\"Radialista blogueiro, chegou a Petrolina\\\/Juazeiro em setembro de 1980, Farn\u00e9sio Silva \u00e9 de Arapiraca-Alagoas.\",\"sameAs\":[\"http:\\\/\\\/blogdofarnesio.com.br\",\"https:\\\/\\\/www.facebook.com\\\/?ref=tn_tnmn\",\"https:\\\/\\\/www.instagram.com\\\/?utm_source=pwa_homescreen\",\"https:\\\/\\\/youtube.com.br\\\/\"],\"url\":\"https:\\\/\\\/blogdofarnesio.com.br\\\/?author=2\"}]}<\/script>\n<!-- \/ Yoast SEO plugin. -->","yoast_head_json":{"title":"Educa\u00e7\u00e3o de Juazeiro promove encontro com gestores e secret\u00e1rios escolares - Blog do Farn\u00e9sio","robots":{"index":"index","follow":"follow","max-snippet":"max-snippet:-1","max-image-preview":"max-image-preview:large","max-video-preview":"max-video-preview:-1"},"canonical":"https:\/\/blogdofarnesio.com.br\/?p=390861","og_locale":"pt_BR","og_type":"article","og_title":"Educa\u00e7\u00e3o de Juazeiro promove encontro com gestores e secret\u00e1rios escolares - Blog do Farn\u00e9sio","og_description":"A Secretaria de Educa\u00e7\u00e3o de Juazeiro (Seduc) cerrou, nesta sexta-feira (28), mais um ciclo de encontros com os gestores e secret\u00e1rios escolares da rede municipal de ensino. As reuni\u00f5es, iniciadas na \u00faltima quarta-feira (26), fazem parte da rotina da Secretaria para alinhar e fortalecer o trabalho da gest\u00e3o escolar. De acordo com a superintendente da Rede da Seduc, Miranery Amorim, esse ciclo de encontros teve como objetivo refletir sobre os processos educacionais na perspectiva da gest\u00e3o democr\u00e1tica. \u201c\u00c9 importante acompanhar os encaminhamentos dos processos junto com os gestores e conhecer os desafios que eles enfrentam no dia a dia, para que possamos unir for\u00e7as e melhorar a vida e a aprendizagem das nossas crian\u00e7as e adolescentes\u201d. Para Jeferson Bartolomeu Gomes,&hellip;","og_url":"https:\/\/blogdofarnesio.com.br\/?p=390861","og_site_name":"Blog do Farn\u00e9sio","article_publisher":"https:\/\/www.facebook.com\/BlogQuerSaberPolitica\/","article_author":"https:\/\/www.facebook.com\/?ref=tn_tnmn","article_published_time":"2025-03-31T17:42:24+00:00","og_image":[{"width":580,"height":378,"url":"https:\/\/blogdofarnesio.com.br\/wp-content\/uploads\/2025\/01\/blogqspjua-Reuniao-gestores-escolares-e1737551012626.jpeg","type":"image\/jpeg"}],"author":"Farn\u00e9sio","twitter_card":"summary_large_image","twitter_misc":{"Escrito por":"Farn\u00e9sio","Est. tempo de leitura":"2 minutos"},"schema":{"@context":"https:\/\/schema.org","@graph":[{"@type":"Article","@id":"https:\/\/blogdofarnesio.com.br\/?p=390861#article","isPartOf":{"@id":"https:\/\/blogdofarnesio.com.br\/?p=390861"},"author":{"name":"Farn\u00e9sio","@id":"https:\/\/blogdofarnesio.com.br\/#\/schema\/person\/bb9b23ae3ad0609ce8df7b6c9e76824d"},"headline":"Educa\u00e7\u00e3o de Juazeiro promove encontro com gestores e secret\u00e1rios escolares","datePublished":"2025-03-31T17:42:24+00:00","mainEntityOfPage":{"@id":"https:\/\/blogdofarnesio.com.br\/?p=390861"},"wordCount":213,"commentCount":0,"publisher":{"@id":"https:\/\/blogdofarnesio.com.br\/#organization"},"image":{"@id":"https:\/\/blogdofarnesio.com.br\/?p=390861#primaryimage"},"thumbnailUrl":"https:\/\/blogdofarnesio.com.br\/wp-content\/uploads\/2025\/01\/blogqspjua-Reuniao-gestores-escolares-e1737551012626.jpeg","articleSection":["Educa\u00e7\u00e3o"],"inLanguage":"pt-BR","potentialAction":[{"@type":"CommentAction","name":"Comment","target":["https:\/\/blogdofarnesio.com.br\/?p=390861#respond"]}]},{"@type":"WebPage","@id":"https:\/\/blogdofarnesio.com.br\/?p=390861","url":"https:\/\/blogdofarnesio.com.br\/?p=390861","name":"Educa\u00e7\u00e3o de Juazeiro promove encontro com gestores e secret\u00e1rios escolares - Blog do Farn\u00e9sio","isPartOf":{"@id":"https:\/\/blogdofarnesio.com.br\/#website"},"primaryImageOfPage":{"@id":"https:\/\/blogdofarnesio.com.br\/?p=390861#primaryimage"},"image":{"@id":"https:\/\/blogdofarnesio.com.br\/?p=390861#primaryimage"},"thumbnailUrl":"https:\/\/blogdofarnesio.com.br\/wp-content\/uploads\/2025\/01\/blogqspjua-Reuniao-gestores-escolares-e1737551012626.jpeg","datePublished":"2025-03-31T17:42:24+00:00","breadcrumb":{"@id":"https:\/\/blogdofarnesio.com.br\/?p=390861#breadcrumb"},"inLanguage":"pt-BR","potentialAction":[{"@type":"ReadAction","target":["https:\/\/blogdofarnesio.com.br\/?p=390861"]}]},{"@type":"ImageObject","inLanguage":"pt-BR","@id":"https:\/\/blogdofarnesio.com.br\/?p=390861#primaryimage","url":"https:\/\/blogdofarnesio.com.br\/wp-content\/uploads\/2025\/01\/blogqspjua-Reuniao-gestores-escolares-e1737551012626.jpeg","contentUrl":"https:\/\/blogdofarnesio.com.br\/wp-content\/uploads\/2025\/01\/blogqspjua-Reuniao-gestores-escolares-e1737551012626.jpeg","width":580,"height":378},{"@type":"BreadcrumbList","@id":"https:\/\/blogdofarnesio.com.br\/?p=390861#breadcrumb","itemListElement":[{"@type":"ListItem","position":1,"name":"In\u00edcio","item":"https:\/\/blogdofarnesio.com.br\/"},{"@type":"ListItem","position":2,"name":"Educa\u00e7\u00e3o de Juazeiro promove encontro com gestores e secret\u00e1rios escolares"}]},{"@type":"WebSite","@id":"https:\/\/blogdofarnesio.com.br\/#website","url":"https:\/\/blogdofarnesio.com.br\/","name":"Blog do Farn\u00e9sio","description":"Quer Saber Pol\u00edtica?","publisher":{"@id":"https:\/\/blogdofarnesio.com.br\/#organization"},"potentialAction":[{"@type":"SearchAction","target":{"@type":"EntryPoint","urlTemplate":"https:\/\/blogdofarnesio.com.br\/?s={search_term_string}"},"query-input":{"@type":"PropertyValueSpecification","valueRequired":true,"valueName":"search_term_string"}}],"inLanguage":"pt-BR"},{"@type":"Organization","@id":"https:\/\/blogdofarnesio.com.br\/#organization","name":"Blog do Farn\u00e9sio","url":"https:\/\/blogdofarnesio.com.br\/","logo":{"@type":"ImageObject","inLanguage":"pt-BR","@id":"https:\/\/blogdofarnesio.com.br\/#\/schema\/logo\/image\/","url":"https:\/\/blogdofarnesio.com.br\/wp-content\/uploads\/2026\/03\/cropped-logo_new-1.png","contentUrl":"https:\/\/blogdofarnesio.com.br\/wp-content\/uploads\/2026\/03\/cropped-logo_new-1.png","width":881,"height":685,"caption":"Blog do Farn\u00e9sio"},"image":{"@id":"https:\/\/blogdofarnesio.com.br\/#\/schema\/logo\/image\/"},"sameAs":["https:\/\/www.facebook.com\/BlogQuerSaberPolitica\/"]},{"@type":"Person","@id":"https:\/\/blogdofarnesio.com.br\/#\/schema\/person\/bb9b23ae3ad0609ce8df7b6c9e76824d","name":"Farn\u00e9sio","image":{"@type":"ImageObject","inLanguage":"pt-BR","@id":"https:\/\/secure.gravatar.com\/avatar\/986aa4c61ccdb66f8555bf88fc2a65609d00bcabd4d2d94377a727547345cbca?s=96&d=mm&r=g","url":"https:\/\/secure.gravatar.com\/avatar\/986aa4c61ccdb66f8555bf88fc2a65609d00bcabd4d2d94377a727547345cbca?s=96&d=mm&r=g","contentUrl":"https:\/\/secure.gravatar.com\/avatar\/986aa4c61ccdb66f8555bf88fc2a65609d00bcabd4d2d94377a727547345cbca?s=96&d=mm&r=g","caption":"Farn\u00e9sio"},"description":"Radialista blogueiro, chegou a Petrolina\/Juazeiro em setembro de 1980, Farn\u00e9sio Silva \u00e9 de Arapiraca-Alagoas.","sameAs":["http:\/\/blogdofarnesio.com.br","https:\/\/www.facebook.com\/?ref=tn_tnmn","https:\/\/www.instagram.com\/?utm_source=pwa_homescreen","https:\/\/youtube.com.br\/"],"url":"https:\/\/blogdofarnesio.com.br\/?author=2"}]}},"_links":{"self":[{"href":"https:\/\/blogdofarnesio.com.br\/index.php?rest_route=\/wp\/v2\/posts\/390861","targetHints":{"allow":["GET"]}}],"collection":[{"href":"https:\/\/blogdofarnesio.com.br\/index.php?rest_route=\/wp\/v2\/posts"}],"about":[{"href":"https:\/\/blogdofarnesio.com.br\/index.php?rest_route=\/wp\/v2\/types\/post"}],"author":[{"embeddable":true,"href":"https:\/\/blogdofarnesio.com.br\/index.php?rest_route=\/wp\/v2\/users\/2"}],"replies":[{"embeddable":true,"href":"https:\/\/blogdofarnesio.com.br\/index.php?rest_route=%2Fwp%2Fv2%2Fcomments&post=390861"}],"version-history":[{"count":0,"href":"https:\/\/blogdofarnesio.com.br\/index.php?rest_route=\/wp\/v2\/posts\/390861\/revisions"}],"wp:featuredmedia":[{"embeddable":true,"href":"https:\/\/blogdofarnesio.com.br\/index.php?rest_route=\/wp\/v2\/media\/385878"}],"wp:attachment":[{"href":"https:\/\/blogdofarnesio.com.br\/index.php?rest_route=%2Fwp%2Fv2%2Fmedia&parent=390861"}],"wp:term":[{"taxonomy":"category","embeddable":true,"href":"https:\/\/blogdofarnesio.com.br\/index.php?rest_route=%2Fwp%2Fv2%2Fcategories&post=390861"},{"taxonomy":"post_tag","embeddable":true,"href":"https:\/\/blogdofarnesio.com.br\/index.php?rest_route=%2Fwp%2Fv2%2Ftags&post=390861"}],"curies":[{"name":"wp","href":"https:\/\/api.w.org\/{rel}","templated":true}]}}