{"id":390807,"date":"2025-03-28T17:35:43","date_gmt":"2025-03-28T20:35:43","guid":{"rendered":"https:\/\/blogdofarnesio.com.br\/?p=390807"},"modified":"2025-03-28T16:00:09","modified_gmt":"2025-03-28T19:00:09","slug":"com-autoridades-dos-quatro-cantos-de-pernambuco-corrinha-de-geomarco-inaugura-memorial-geomarco-coelho-em-dormentes","status":"publish","type":"post","link":"https:\/\/blogdofarnesio.com.br\/?p=390807","title":{"rendered":"COM AUTORIDADES DOS QUATRO CANTOS DE PERNAMBUCO, CORRINHA DE GEOMARCO INAUGURA MEMORIAL GEOMARCO COELHO EM DORMENTES"},"content":{"rendered":"<div dir=\"auto\">Tristeza, alegria, orgulho e muita saudade! Essa mistura de sentimentos deu o tom da noite desta quinta-feira (27) em Dormentes, no sert\u00e3o pernambucano. A convite da prefeita Corrinha de Geomarco, a cidade parou para acompanhar a inaugura\u00e7\u00e3o do Centro Cultural e Memorial Geomarco Coelho de Sousa, uma justa e merecida homenagem ao saudoso prefeito que partiu no ano de 2017, durante o exerc\u00edcio do 4\u00ba mandato, ap\u00f3s n\u00e3o resistir a uma cirurgia card\u00edaca no Recife.<\/div>\n<div dir=\"auto\"><\/div>\n<div dir=\"auto\">Autoridades, pol\u00edticos, parentes e, sobretudo, gente do povo, que tanto Geomarco prezava, estiveram presentes na solenidade como forma de honrar a mem\u00f3ria do amigo querido. Na oportunidade tamb\u00e9m foi aberto ao p\u00fablico o 1\u00ba audit\u00f3rio municipal, totalmente climatizado.<\/p>\n<p><i><img loading=\"lazy\" decoding=\"async\" class=\"size-full wp-image-390808 aligncenter\" src=\"https:\/\/blogdofarnesio.com.br\/wp-content\/uploads\/2025\/03\/blogqspdormentes-geomarco-homenagem-1-scaled-e1743188391766.jpeg\" alt=\"\" width=\"560\" height=\"373\" \/>\u201cSe temos a honra da nossa fam\u00edlia estar de p\u00e9 aqui hoje, dona Mariah, seu Zezinho, meus pais F\u00e1tima e Gonzaga, meus filhos, com certeza, \u00e9 Deus que nos sustenta! O que seria de n\u00f3s se n\u00e3o tiv\u00e9ssemos a f\u00e9 pra continuar, pra suportar a saudade e continuar a miss\u00e3o? Honrar o legado de Geomarco \u00e9 cuidar do povo, \u00e9 trabalhar diariamente pra garantir uma vida melhor para o homem e a mulher do campo, construir o desenvolvimento da caprinovinocultura e da nossa cidade. Tudo isso Geomarco nos ensinou atrav\u00e9s do exemplo! Agrade\u00e7o ao Deputado Gonzaga Patriota, ao Deputado Fernando Monteiro e a ex-prefeita Josimara que nos ajudaram a tirar esse projeto do papel e a realizar o sonho de eternizar a hist\u00f3ria de Geomarco e inspirar as pr\u00f3ximas gera\u00e7\u00f5es\u201d,<\/i>\u00a0orgulhou-se a prefeita Corrinha de Geomarco.<\/p>\n<p><b>AMIGOS DE F\u00c9 E LUTA<\/b><\/div>\n<div dir=\"auto\"><b><br \/>\n<\/b>Ao longo de sua vida p\u00fablica, Geomarco Coelho colecionou amigos que compartilhavam com ele a paix\u00e3o pelo povo. Muitos deles estiveram presentes neste momento hist\u00f3rico para Dormentes, como o deputado federal Fernando Monteiro, o deputado federal Fernando Filho, a deputada estadual Roberta Arraes, al\u00e9m de Rafael Cavalcanti, ex-prefeito de Afr\u00e2nio, que representou a governadora Raquel Lyra.<\/div>\n<div dir=\"auto\"><\/div>\n<div dir=\"auto\">E tamb\u00e9m os prefeitos de Petrolina, Sim\u00e3o Durando, e de Afr\u00e2nio, Cl\u00f3vis Ramos, de Lagoa Grande (em exerc\u00edcio), Olavo Marques, de Santa Filomena, Gildevan Melo, al\u00e9m do ex-prefeito de Dormentes, Jos\u00e9 Ol\u00edmpio, da ex-prefeita Josimara Cavalcanti, e ainda os presidentes das c\u00e2maras de vereadores de Afr\u00e2nio, Marlene Cavalcanti, de Araripina, Francisco Edivaldo, e de Dormentes, Lomanto Ferreira, assim como os demais vereadores dormentenses, Jackson Reis, Nandinho Coelho, Ancelmo Coelho, Paizinha, Corrinha da Sa\u00fade, Jer\u00f4nimo do Sindicato, Paulo Macedo, Avelar Gomes, Gabriel Ribeiro e Zezinho do Pov\u00e3o. Tamb\u00e9m marcaram presen\u00e7a, o ex-senador Fernando Bezerra Coelho, o ex-prefeito de Petrolina, Miguel Coelho, juntamente com os vereadores petrolinenses, Aero Cruz, Rosarinho Coelho, Os\u00f3rio Siqueira, Ronaldo Canc\u00e3o, Marquinhos Amorim e Dhiego Serra, al\u00e9m da vereadora Edv\u00e2nia Rodrigues, de Patos-PI.<\/p>\n<p><b><i>Texto e fotos: Felipe Pereira\/ Isabella Mendes &#8211; AsCom Prefeitura de Dormentes<\/i><\/b><\/div>\n","protected":false},"excerpt":{"rendered":"<p>Tristeza, alegria, orgulho e muita saudade! Essa mistura de sentimentos deu o tom da noite desta quinta-feira (27) em Dormentes, no sert\u00e3o pernambucano. A convite da prefeita Corrinha de Geomarco, a cidade parou para acompanhar a inaugura\u00e7\u00e3o do Centro Cultural e Memorial Geomarco Coelho de Sousa, uma justa e merecida homenagem ao saudoso prefeito que partiu no ano de 2017, durante o exerc\u00edcio do 4\u00ba mandato, ap\u00f3s n\u00e3o resistir a uma cirurgia card\u00edaca no Recife. Autoridades, pol\u00edticos, parentes e, sobretudo, gente do povo, que tanto Geomarco prezava, estiveram presentes na solenidade como forma de honrar a mem\u00f3ria do amigo querido. Na oportunidade tamb\u00e9m foi aberto ao p\u00fablico o 1\u00ba audit\u00f3rio municipal, totalmente climatizado. \u201cSe temos a honra da nossa fam\u00edlia&hellip; <\/p>\n","protected":false},"author":2,"featured_media":390809,"comment_status":"open","ping_status":"open","sticky":false,"template":"","format":"standard","meta":{"_acf_changed":false,"footnotes":""},"categories":[27],"tags":[],"class_list":["post-390807","post","type-post","status-publish","format-standard","has-post-thumbnail","hentry","category-cidades"],"acf":[],"yoast_head":"<!-- This site is optimized with the Yoast SEO plugin v27.4 - https:\/\/yoast.com\/product\/yoast-seo-wordpress\/ -->\n<title>COM AUTORIDADES DOS QUATRO CANTOS DE PERNAMBUCO, CORRINHA DE GEOMARCO INAUGURA MEMORIAL GEOMARCO COELHO EM DORMENTES - Blog do Farn\u00e9sio<\/title>\n<meta name=\"robots\" content=\"index, follow, max-snippet:-1, max-image-preview:large, max-video-preview:-1\" \/>\n<link rel=\"canonical\" href=\"https:\/\/blogdofarnesio.com.br\/?p=390807\" \/>\n<meta property=\"og:locale\" content=\"pt_BR\" \/>\n<meta property=\"og:type\" content=\"article\" \/>\n<meta property=\"og:title\" content=\"COM AUTORIDADES DOS QUATRO CANTOS DE PERNAMBUCO, CORRINHA DE GEOMARCO INAUGURA MEMORIAL GEOMARCO COELHO EM DORMENTES - Blog do Farn\u00e9sio\" \/>\n<meta property=\"og:description\" content=\"Tristeza, alegria, orgulho e muita saudade! Essa mistura de sentimentos deu o tom da noite desta quinta-feira (27) em Dormentes, no sert\u00e3o pernambucano. A convite da prefeita Corrinha de Geomarco, a cidade parou para acompanhar a inaugura\u00e7\u00e3o do Centro Cultural e Memorial Geomarco Coelho de Sousa, uma justa e merecida homenagem ao saudoso prefeito que partiu no ano de 2017, durante o exerc\u00edcio do 4\u00ba mandato, ap\u00f3s n\u00e3o resistir a uma cirurgia card\u00edaca no Recife. Autoridades, pol\u00edticos, parentes e, sobretudo, gente do povo, que tanto Geomarco prezava, estiveram presentes na solenidade como forma de honrar a mem\u00f3ria do amigo querido. Na oportunidade tamb\u00e9m foi aberto ao p\u00fablico o 1\u00ba audit\u00f3rio municipal, totalmente climatizado. \u201cSe temos a honra da nossa fam\u00edlia&hellip;\" \/>\n<meta property=\"og:url\" content=\"https:\/\/blogdofarnesio.com.br\/?p=390807\" \/>\n<meta property=\"og:site_name\" content=\"Blog do Farn\u00e9sio\" \/>\n<meta property=\"article:publisher\" content=\"https:\/\/www.facebook.com\/BlogQuerSaberPolitica\/\" \/>\n<meta property=\"article:author\" content=\"https:\/\/www.facebook.com\/?ref=tn_tnmn\" \/>\n<meta property=\"article:published_time\" content=\"2025-03-28T20:35:43+00:00\" \/>\n<meta property=\"og:image\" content=\"https:\/\/blogdofarnesio.com.br\/wp-content\/uploads\/2025\/03\/blogqspdormentes-geomarco-homenagem-2-scaled-e1743188305527.jpeg\" \/>\n\t<meta property=\"og:image:width\" content=\"560\" \/>\n\t<meta property=\"og:image:height\" content=\"373\" \/>\n\t<meta property=\"og:image:type\" content=\"image\/jpeg\" \/>\n<meta name=\"author\" content=\"Farn\u00e9sio\" \/>\n<meta name=\"twitter:card\" content=\"summary_large_image\" \/>\n<meta name=\"twitter:label1\" content=\"Escrito por\" \/>\n\t<meta name=\"twitter:data1\" content=\"Farn\u00e9sio\" \/>\n\t<meta name=\"twitter:label2\" content=\"Est. tempo de leitura\" \/>\n\t<meta name=\"twitter:data2\" content=\"3 minutos\" \/>\n<script type=\"application\/ld+json\" class=\"yoast-schema-graph\">{\"@context\":\"https:\\\/\\\/schema.org\",\"@graph\":[{\"@type\":\"Article\",\"@id\":\"https:\\\/\\\/blogdofarnesio.com.br\\\/?p=390807#article\",\"isPartOf\":{\"@id\":\"https:\\\/\\\/blogdofarnesio.com.br\\\/?p=390807\"},\"author\":{\"name\":\"Farn\u00e9sio\",\"@id\":\"https:\\\/\\\/blogdofarnesio.com.br\\\/#\\\/schema\\\/person\\\/bb9b23ae3ad0609ce8df7b6c9e76824d\"},\"headline\":\"COM AUTORIDADES DOS QUATRO CANTOS DE PERNAMBUCO, CORRINHA DE GEOMARCO INAUGURA MEMORIAL GEOMARCO COELHO EM DORMENTES\",\"datePublished\":\"2025-03-28T20:35:43+00:00\",\"mainEntityOfPage\":{\"@id\":\"https:\\\/\\\/blogdofarnesio.com.br\\\/?p=390807\"},\"wordCount\":501,\"commentCount\":0,\"publisher\":{\"@id\":\"https:\\\/\\\/blogdofarnesio.com.br\\\/#organization\"},\"image\":{\"@id\":\"https:\\\/\\\/blogdofarnesio.com.br\\\/?p=390807#primaryimage\"},\"thumbnailUrl\":\"https:\\\/\\\/blogdofarnesio.com.br\\\/wp-content\\\/uploads\\\/2025\\\/03\\\/blogqspdormentes-geomarco-homenagem-2-scaled-e1743188305527.jpeg\",\"articleSection\":[\"Cidades\"],\"inLanguage\":\"pt-BR\",\"potentialAction\":[{\"@type\":\"CommentAction\",\"name\":\"Comment\",\"target\":[\"https:\\\/\\\/blogdofarnesio.com.br\\\/?p=390807#respond\"]}]},{\"@type\":\"WebPage\",\"@id\":\"https:\\\/\\\/blogdofarnesio.com.br\\\/?p=390807\",\"url\":\"https:\\\/\\\/blogdofarnesio.com.br\\\/?p=390807\",\"name\":\"COM AUTORIDADES DOS QUATRO CANTOS DE PERNAMBUCO, CORRINHA DE GEOMARCO INAUGURA MEMORIAL GEOMARCO COELHO EM DORMENTES - Blog do Farn\u00e9sio\",\"isPartOf\":{\"@id\":\"https:\\\/\\\/blogdofarnesio.com.br\\\/#website\"},\"primaryImageOfPage\":{\"@id\":\"https:\\\/\\\/blogdofarnesio.com.br\\\/?p=390807#primaryimage\"},\"image\":{\"@id\":\"https:\\\/\\\/blogdofarnesio.com.br\\\/?p=390807#primaryimage\"},\"thumbnailUrl\":\"https:\\\/\\\/blogdofarnesio.com.br\\\/wp-content\\\/uploads\\\/2025\\\/03\\\/blogqspdormentes-geomarco-homenagem-2-scaled-e1743188305527.jpeg\",\"datePublished\":\"2025-03-28T20:35:43+00:00\",\"breadcrumb\":{\"@id\":\"https:\\\/\\\/blogdofarnesio.com.br\\\/?p=390807#breadcrumb\"},\"inLanguage\":\"pt-BR\",\"potentialAction\":[{\"@type\":\"ReadAction\",\"target\":[\"https:\\\/\\\/blogdofarnesio.com.br\\\/?p=390807\"]}]},{\"@type\":\"ImageObject\",\"inLanguage\":\"pt-BR\",\"@id\":\"https:\\\/\\\/blogdofarnesio.com.br\\\/?p=390807#primaryimage\",\"url\":\"https:\\\/\\\/blogdofarnesio.com.br\\\/wp-content\\\/uploads\\\/2025\\\/03\\\/blogqspdormentes-geomarco-homenagem-2-scaled-e1743188305527.jpeg\",\"contentUrl\":\"https:\\\/\\\/blogdofarnesio.com.br\\\/wp-content\\\/uploads\\\/2025\\\/03\\\/blogqspdormentes-geomarco-homenagem-2-scaled-e1743188305527.jpeg\",\"width\":560,\"height\":373},{\"@type\":\"BreadcrumbList\",\"@id\":\"https:\\\/\\\/blogdofarnesio.com.br\\\/?p=390807#breadcrumb\",\"itemListElement\":[{\"@type\":\"ListItem\",\"position\":1,\"name\":\"In\u00edcio\",\"item\":\"https:\\\/\\\/blogdofarnesio.com.br\\\/\"},{\"@type\":\"ListItem\",\"position\":2,\"name\":\"COM AUTORIDADES DOS QUATRO CANTOS DE PERNAMBUCO, CORRINHA DE GEOMARCO INAUGURA MEMORIAL GEOMARCO COELHO EM DORMENTES\"}]},{\"@type\":\"WebSite\",\"@id\":\"https:\\\/\\\/blogdofarnesio.com.br\\\/#website\",\"url\":\"https:\\\/\\\/blogdofarnesio.com.br\\\/\",\"name\":\"Blog do Farn\u00e9sio\",\"description\":\"Quer Saber Pol\u00edtica?\",\"publisher\":{\"@id\":\"https:\\\/\\\/blogdofarnesio.com.br\\\/#organization\"},\"potentialAction\":[{\"@type\":\"SearchAction\",\"target\":{\"@type\":\"EntryPoint\",\"urlTemplate\":\"https:\\\/\\\/blogdofarnesio.com.br\\\/?s={search_term_string}\"},\"query-input\":{\"@type\":\"PropertyValueSpecification\",\"valueRequired\":true,\"valueName\":\"search_term_string\"}}],\"inLanguage\":\"pt-BR\"},{\"@type\":\"Organization\",\"@id\":\"https:\\\/\\\/blogdofarnesio.com.br\\\/#organization\",\"name\":\"Blog do Farn\u00e9sio\",\"url\":\"https:\\\/\\\/blogdofarnesio.com.br\\\/\",\"logo\":{\"@type\":\"ImageObject\",\"inLanguage\":\"pt-BR\",\"@id\":\"https:\\\/\\\/blogdofarnesio.com.br\\\/#\\\/schema\\\/logo\\\/image\\\/\",\"url\":\"https:\\\/\\\/blogdofarnesio.com.br\\\/wp-content\\\/uploads\\\/2026\\\/03\\\/cropped-logo_new-1.png\",\"contentUrl\":\"https:\\\/\\\/blogdofarnesio.com.br\\\/wp-content\\\/uploads\\\/2026\\\/03\\\/cropped-logo_new-1.png\",\"width\":881,\"height\":685,\"caption\":\"Blog do Farn\u00e9sio\"},\"image\":{\"@id\":\"https:\\\/\\\/blogdofarnesio.com.br\\\/#\\\/schema\\\/logo\\\/image\\\/\"},\"sameAs\":[\"https:\\\/\\\/www.facebook.com\\\/BlogQuerSaberPolitica\\\/\"]},{\"@type\":\"Person\",\"@id\":\"https:\\\/\\\/blogdofarnesio.com.br\\\/#\\\/schema\\\/person\\\/bb9b23ae3ad0609ce8df7b6c9e76824d\",\"name\":\"Farn\u00e9sio\",\"image\":{\"@type\":\"ImageObject\",\"inLanguage\":\"pt-BR\",\"@id\":\"https:\\\/\\\/secure.gravatar.com\\\/avatar\\\/986aa4c61ccdb66f8555bf88fc2a65609d00bcabd4d2d94377a727547345cbca?s=96&d=mm&r=g\",\"url\":\"https:\\\/\\\/secure.gravatar.com\\\/avatar\\\/986aa4c61ccdb66f8555bf88fc2a65609d00bcabd4d2d94377a727547345cbca?s=96&d=mm&r=g\",\"contentUrl\":\"https:\\\/\\\/secure.gravatar.com\\\/avatar\\\/986aa4c61ccdb66f8555bf88fc2a65609d00bcabd4d2d94377a727547345cbca?s=96&d=mm&r=g\",\"caption\":\"Farn\u00e9sio\"},\"description\":\"Radialista blogueiro, chegou a Petrolina\\\/Juazeiro em setembro de 1980, Farn\u00e9sio Silva \u00e9 de Arapiraca-Alagoas.\",\"sameAs\":[\"http:\\\/\\\/blogdofarnesio.com.br\",\"https:\\\/\\\/www.facebook.com\\\/?ref=tn_tnmn\",\"https:\\\/\\\/www.instagram.com\\\/?utm_source=pwa_homescreen\",\"https:\\\/\\\/youtube.com.br\\\/\"],\"url\":\"https:\\\/\\\/blogdofarnesio.com.br\\\/?author=2\"}]}<\/script>\n<!-- \/ Yoast SEO plugin. -->","yoast_head_json":{"title":"COM AUTORIDADES DOS QUATRO CANTOS DE PERNAMBUCO, CORRINHA DE GEOMARCO INAUGURA MEMORIAL GEOMARCO COELHO EM DORMENTES - Blog do Farn\u00e9sio","robots":{"index":"index","follow":"follow","max-snippet":"max-snippet:-1","max-image-preview":"max-image-preview:large","max-video-preview":"max-video-preview:-1"},"canonical":"https:\/\/blogdofarnesio.com.br\/?p=390807","og_locale":"pt_BR","og_type":"article","og_title":"COM AUTORIDADES DOS QUATRO CANTOS DE PERNAMBUCO, CORRINHA DE GEOMARCO INAUGURA MEMORIAL GEOMARCO COELHO EM DORMENTES - Blog do Farn\u00e9sio","og_description":"Tristeza, alegria, orgulho e muita saudade! Essa mistura de sentimentos deu o tom da noite desta quinta-feira (27) em Dormentes, no sert\u00e3o pernambucano. A convite da prefeita Corrinha de Geomarco, a cidade parou para acompanhar a inaugura\u00e7\u00e3o do Centro Cultural e Memorial Geomarco Coelho de Sousa, uma justa e merecida homenagem ao saudoso prefeito que partiu no ano de 2017, durante o exerc\u00edcio do 4\u00ba mandato, ap\u00f3s n\u00e3o resistir a uma cirurgia card\u00edaca no Recife. Autoridades, pol\u00edticos, parentes e, sobretudo, gente do povo, que tanto Geomarco prezava, estiveram presentes na solenidade como forma de honrar a mem\u00f3ria do amigo querido. Na oportunidade tamb\u00e9m foi aberto ao p\u00fablico o 1\u00ba audit\u00f3rio municipal, totalmente climatizado. \u201cSe temos a honra da nossa fam\u00edlia&hellip;","og_url":"https:\/\/blogdofarnesio.com.br\/?p=390807","og_site_name":"Blog do Farn\u00e9sio","article_publisher":"https:\/\/www.facebook.com\/BlogQuerSaberPolitica\/","article_author":"https:\/\/www.facebook.com\/?ref=tn_tnmn","article_published_time":"2025-03-28T20:35:43+00:00","og_image":[{"width":560,"height":373,"url":"https:\/\/blogdofarnesio.com.br\/wp-content\/uploads\/2025\/03\/blogqspdormentes-geomarco-homenagem-2-scaled-e1743188305527.jpeg","type":"image\/jpeg"}],"author":"Farn\u00e9sio","twitter_card":"summary_large_image","twitter_misc":{"Escrito por":"Farn\u00e9sio","Est. tempo de leitura":"3 minutos"},"schema":{"@context":"https:\/\/schema.org","@graph":[{"@type":"Article","@id":"https:\/\/blogdofarnesio.com.br\/?p=390807#article","isPartOf":{"@id":"https:\/\/blogdofarnesio.com.br\/?p=390807"},"author":{"name":"Farn\u00e9sio","@id":"https:\/\/blogdofarnesio.com.br\/#\/schema\/person\/bb9b23ae3ad0609ce8df7b6c9e76824d"},"headline":"COM AUTORIDADES DOS QUATRO CANTOS DE PERNAMBUCO, CORRINHA DE GEOMARCO INAUGURA MEMORIAL GEOMARCO COELHO EM DORMENTES","datePublished":"2025-03-28T20:35:43+00:00","mainEntityOfPage":{"@id":"https:\/\/blogdofarnesio.com.br\/?p=390807"},"wordCount":501,"commentCount":0,"publisher":{"@id":"https:\/\/blogdofarnesio.com.br\/#organization"},"image":{"@id":"https:\/\/blogdofarnesio.com.br\/?p=390807#primaryimage"},"thumbnailUrl":"https:\/\/blogdofarnesio.com.br\/wp-content\/uploads\/2025\/03\/blogqspdormentes-geomarco-homenagem-2-scaled-e1743188305527.jpeg","articleSection":["Cidades"],"inLanguage":"pt-BR","potentialAction":[{"@type":"CommentAction","name":"Comment","target":["https:\/\/blogdofarnesio.com.br\/?p=390807#respond"]}]},{"@type":"WebPage","@id":"https:\/\/blogdofarnesio.com.br\/?p=390807","url":"https:\/\/blogdofarnesio.com.br\/?p=390807","name":"COM AUTORIDADES DOS QUATRO CANTOS DE PERNAMBUCO, CORRINHA DE GEOMARCO INAUGURA MEMORIAL GEOMARCO COELHO EM DORMENTES - Blog do Farn\u00e9sio","isPartOf":{"@id":"https:\/\/blogdofarnesio.com.br\/#website"},"primaryImageOfPage":{"@id":"https:\/\/blogdofarnesio.com.br\/?p=390807#primaryimage"},"image":{"@id":"https:\/\/blogdofarnesio.com.br\/?p=390807#primaryimage"},"thumbnailUrl":"https:\/\/blogdofarnesio.com.br\/wp-content\/uploads\/2025\/03\/blogqspdormentes-geomarco-homenagem-2-scaled-e1743188305527.jpeg","datePublished":"2025-03-28T20:35:43+00:00","breadcrumb":{"@id":"https:\/\/blogdofarnesio.com.br\/?p=390807#breadcrumb"},"inLanguage":"pt-BR","potentialAction":[{"@type":"ReadAction","target":["https:\/\/blogdofarnesio.com.br\/?p=390807"]}]},{"@type":"ImageObject","inLanguage":"pt-BR","@id":"https:\/\/blogdofarnesio.com.br\/?p=390807#primaryimage","url":"https:\/\/blogdofarnesio.com.br\/wp-content\/uploads\/2025\/03\/blogqspdormentes-geomarco-homenagem-2-scaled-e1743188305527.jpeg","contentUrl":"https:\/\/blogdofarnesio.com.br\/wp-content\/uploads\/2025\/03\/blogqspdormentes-geomarco-homenagem-2-scaled-e1743188305527.jpeg","width":560,"height":373},{"@type":"BreadcrumbList","@id":"https:\/\/blogdofarnesio.com.br\/?p=390807#breadcrumb","itemListElement":[{"@type":"ListItem","position":1,"name":"In\u00edcio","item":"https:\/\/blogdofarnesio.com.br\/"},{"@type":"ListItem","position":2,"name":"COM AUTORIDADES DOS QUATRO CANTOS DE PERNAMBUCO, CORRINHA DE GEOMARCO INAUGURA MEMORIAL GEOMARCO COELHO EM DORMENTES"}]},{"@type":"WebSite","@id":"https:\/\/blogdofarnesio.com.br\/#website","url":"https:\/\/blogdofarnesio.com.br\/","name":"Blog do Farn\u00e9sio","description":"Quer Saber Pol\u00edtica?","publisher":{"@id":"https:\/\/blogdofarnesio.com.br\/#organization"},"potentialAction":[{"@type":"SearchAction","target":{"@type":"EntryPoint","urlTemplate":"https:\/\/blogdofarnesio.com.br\/?s={search_term_string}"},"query-input":{"@type":"PropertyValueSpecification","valueRequired":true,"valueName":"search_term_string"}}],"inLanguage":"pt-BR"},{"@type":"Organization","@id":"https:\/\/blogdofarnesio.com.br\/#organization","name":"Blog do Farn\u00e9sio","url":"https:\/\/blogdofarnesio.com.br\/","logo":{"@type":"ImageObject","inLanguage":"pt-BR","@id":"https:\/\/blogdofarnesio.com.br\/#\/schema\/logo\/image\/","url":"https:\/\/blogdofarnesio.com.br\/wp-content\/uploads\/2026\/03\/cropped-logo_new-1.png","contentUrl":"https:\/\/blogdofarnesio.com.br\/wp-content\/uploads\/2026\/03\/cropped-logo_new-1.png","width":881,"height":685,"caption":"Blog do Farn\u00e9sio"},"image":{"@id":"https:\/\/blogdofarnesio.com.br\/#\/schema\/logo\/image\/"},"sameAs":["https:\/\/www.facebook.com\/BlogQuerSaberPolitica\/"]},{"@type":"Person","@id":"https:\/\/blogdofarnesio.com.br\/#\/schema\/person\/bb9b23ae3ad0609ce8df7b6c9e76824d","name":"Farn\u00e9sio","image":{"@type":"ImageObject","inLanguage":"pt-BR","@id":"https:\/\/secure.gravatar.com\/avatar\/986aa4c61ccdb66f8555bf88fc2a65609d00bcabd4d2d94377a727547345cbca?s=96&d=mm&r=g","url":"https:\/\/secure.gravatar.com\/avatar\/986aa4c61ccdb66f8555bf88fc2a65609d00bcabd4d2d94377a727547345cbca?s=96&d=mm&r=g","contentUrl":"https:\/\/secure.gravatar.com\/avatar\/986aa4c61ccdb66f8555bf88fc2a65609d00bcabd4d2d94377a727547345cbca?s=96&d=mm&r=g","caption":"Farn\u00e9sio"},"description":"Radialista blogueiro, chegou a Petrolina\/Juazeiro em setembro de 1980, Farn\u00e9sio Silva \u00e9 de Arapiraca-Alagoas.","sameAs":["http:\/\/blogdofarnesio.com.br","https:\/\/www.facebook.com\/?ref=tn_tnmn","https:\/\/www.instagram.com\/?utm_source=pwa_homescreen","https:\/\/youtube.com.br\/"],"url":"https:\/\/blogdofarnesio.com.br\/?author=2"}]}},"_links":{"self":[{"href":"https:\/\/blogdofarnesio.com.br\/index.php?rest_route=\/wp\/v2\/posts\/390807","targetHints":{"allow":["GET"]}}],"collection":[{"href":"https:\/\/blogdofarnesio.com.br\/index.php?rest_route=\/wp\/v2\/posts"}],"about":[{"href":"https:\/\/blogdofarnesio.com.br\/index.php?rest_route=\/wp\/v2\/types\/post"}],"author":[{"embeddable":true,"href":"https:\/\/blogdofarnesio.com.br\/index.php?rest_route=\/wp\/v2\/users\/2"}],"replies":[{"embeddable":true,"href":"https:\/\/blogdofarnesio.com.br\/index.php?rest_route=%2Fwp%2Fv2%2Fcomments&post=390807"}],"version-history":[{"count":0,"href":"https:\/\/blogdofarnesio.com.br\/index.php?rest_route=\/wp\/v2\/posts\/390807\/revisions"}],"wp:featuredmedia":[{"embeddable":true,"href":"https:\/\/blogdofarnesio.com.br\/index.php?rest_route=\/wp\/v2\/media\/390809"}],"wp:attachment":[{"href":"https:\/\/blogdofarnesio.com.br\/index.php?rest_route=%2Fwp%2Fv2%2Fmedia&parent=390807"}],"wp:term":[{"taxonomy":"category","embeddable":true,"href":"https:\/\/blogdofarnesio.com.br\/index.php?rest_route=%2Fwp%2Fv2%2Fcategories&post=390807"},{"taxonomy":"post_tag","embeddable":true,"href":"https:\/\/blogdofarnesio.com.br\/index.php?rest_route=%2Fwp%2Fv2%2Ftags&post=390807"}],"curies":[{"name":"wp","href":"https:\/\/api.w.org\/{rel}","templated":true}]}}