{"id":390491,"date":"2025-03-28T16:50:37","date_gmt":"2025-03-28T19:50:37","guid":{"rendered":"https:\/\/blogdofarnesio.com.br\/?p=390491"},"modified":"2025-03-28T15:44:06","modified_gmt":"2025-03-28T18:44:06","slug":"transforma-petrolina-inicia-arrecadacao-de-chocolates-para-pascoa-solidaria","status":"publish","type":"post","link":"https:\/\/blogdofarnesio.com.br\/?p=390491","title":{"rendered":"Transforma Petrolina inicia arrecada\u00e7\u00e3o de chocolates para P\u00e1scoa Solid\u00e1ria"},"content":{"rendered":"<p>A atitude de pessoas solid\u00e1rias pode tornar a P\u00e1scoa de centenas de crian\u00e7as mais especial este ano. Para possibilitar que isso aconte\u00e7a, o programa de voluntariado Transforma Petrolina lan\u00e7ou nesta segunda-feira (24) mais uma edi\u00e7\u00e3o da P\u00e1scoa Solid\u00e1ria. A iniciativa tem o objetivo de \u00a0arrecadar ovos de P\u00e1scoa, barras de chocolate e caixas de bombons que ser\u00e3o distribu\u00eddos para crian\u00e7as cujo os pais n\u00e3o t\u00eam condi\u00e7\u00f5es de comprar.<\/p>\n<p>A campanha busca envolver a popula\u00e7\u00e3o, volunt\u00e1rios e empresas socialmente respons\u00e1veis para contribuir doando chocolates para o projeto. Na \u00faltima edi\u00e7\u00e3o, a iniciativa contou com o apoio de muitos colaboradores e conseguiu atender quase 600 crian\u00e7as que residem no Residencial \u00a0Monsenhor Bernardino, N\u00facleo 6 do Per\u00edmetro Irrigado Senador Nilo Coelho e Comunidade Portelinha.\u00a0 Este ano, o objetivo \u00e9 que o quantitativo\u00a0 seja maior e que mais crian\u00e7as possam receber o chocolate.<\/p>\n<p>Os interessados podem fazer sua doa\u00e7\u00e3o \u00a0at\u00e9 o dia 16 de abril em um dos quatro pontos de entrega espalhados na cidade, s\u00e3o eles: sede do Transforma Petrolina, situado dentro do Parque Josepha Coelho, \u00a0de segunda a sexta-feira, das 8h \u00e0s 17h; no pr\u00e9dio da Prefeitura Municipal, de 8h \u00e0s 13h; na Secretaria de Educa\u00e7\u00e3o, Cultura e Esporte, que fica na Avenida Clementino Coelho, n\u00ba 714, Bairro Parque Bandeirantes, das 8h \u00e0s 13h; e na recep\u00e7\u00e3o do Sistema Grande Rio, que fica na Cidade Universit\u00e1ria, s\/n &#8211; Vila Eduardo, \u00a0das 8h \u00e0s 17h.<\/p>\n<p>De acordo com a coordenadora volunt\u00e1ria do Transforma Petrolina, Alinne Durando, a campanha demonstra a for\u00e7a da solidariedade numa \u00e9poca de tantos significados de esperan\u00e7a. \u201cA P\u00e1scoa tem um simbolismo muito forte, e nesse momento precisamos que os cora\u00e7\u00f5es das pessoas estejam voltados para esse prop\u00f3sito de ajudar o pr\u00f3ximo. Contamos com a ajuda de todos para que as crian\u00e7as sejam atendidas\u201d, destaca.<\/p>\n","protected":false},"excerpt":{"rendered":"<p>A atitude de pessoas solid\u00e1rias pode tornar a P\u00e1scoa de centenas de crian\u00e7as mais especial este ano. Para possibilitar que isso aconte\u00e7a, o programa de voluntariado Transforma Petrolina lan\u00e7ou nesta segunda-feira (24) mais uma edi\u00e7\u00e3o da P\u00e1scoa Solid\u00e1ria. A iniciativa tem o objetivo de \u00a0arrecadar ovos de P\u00e1scoa, barras de chocolate e caixas de bombons que ser\u00e3o distribu\u00eddos para crian\u00e7as cujo os pais n\u00e3o t\u00eam condi\u00e7\u00f5es de comprar. A campanha busca envolver a popula\u00e7\u00e3o, volunt\u00e1rios e empresas socialmente respons\u00e1veis para contribuir doando chocolates para o projeto. Na \u00faltima edi\u00e7\u00e3o, a iniciativa contou com o apoio de muitos colaboradores e conseguiu atender quase 600 crian\u00e7as que residem no Residencial \u00a0Monsenhor Bernardino, N\u00facleo 6 do Per\u00edmetro Irrigado Senador Nilo Coelho e Comunidade&hellip; <\/p>\n","protected":false},"author":2,"featured_media":390492,"comment_status":"open","ping_status":"open","sticky":false,"template":"","format":"standard","meta":{"_acf_changed":false,"footnotes":""},"categories":[22],"tags":[],"class_list":["post-390491","post","type-post","status-publish","format-standard","has-post-thumbnail","hentry","category-acao-social"],"acf":[],"yoast_head":"<!-- This site is optimized with the Yoast SEO plugin v27.4 - https:\/\/yoast.com\/product\/yoast-seo-wordpress\/ -->\n<title>Transforma Petrolina inicia arrecada\u00e7\u00e3o de chocolates para P\u00e1scoa Solid\u00e1ria - Blog do Farn\u00e9sio<\/title>\n<meta name=\"robots\" content=\"index, follow, max-snippet:-1, max-image-preview:large, max-video-preview:-1\" \/>\n<link rel=\"canonical\" href=\"https:\/\/blogdofarnesio.com.br\/?p=390491\" \/>\n<meta property=\"og:locale\" content=\"pt_BR\" \/>\n<meta property=\"og:type\" content=\"article\" \/>\n<meta property=\"og:title\" content=\"Transforma Petrolina inicia arrecada\u00e7\u00e3o de chocolates para P\u00e1scoa Solid\u00e1ria - Blog do Farn\u00e9sio\" \/>\n<meta property=\"og:description\" content=\"A atitude de pessoas solid\u00e1rias pode tornar a P\u00e1scoa de centenas de crian\u00e7as mais especial este ano. Para possibilitar que isso aconte\u00e7a, o programa de voluntariado Transforma Petrolina lan\u00e7ou nesta segunda-feira (24) mais uma edi\u00e7\u00e3o da P\u00e1scoa Solid\u00e1ria. A iniciativa tem o objetivo de \u00a0arrecadar ovos de P\u00e1scoa, barras de chocolate e caixas de bombons que ser\u00e3o distribu\u00eddos para crian\u00e7as cujo os pais n\u00e3o t\u00eam condi\u00e7\u00f5es de comprar. A campanha busca envolver a popula\u00e7\u00e3o, volunt\u00e1rios e empresas socialmente respons\u00e1veis para contribuir doando chocolates para o projeto. Na \u00faltima edi\u00e7\u00e3o, a iniciativa contou com o apoio de muitos colaboradores e conseguiu atender quase 600 crian\u00e7as que residem no Residencial \u00a0Monsenhor Bernardino, N\u00facleo 6 do Per\u00edmetro Irrigado Senador Nilo Coelho e Comunidade&hellip;\" \/>\n<meta property=\"og:url\" content=\"https:\/\/blogdofarnesio.com.br\/?p=390491\" \/>\n<meta property=\"og:site_name\" content=\"Blog do Farn\u00e9sio\" \/>\n<meta property=\"article:publisher\" content=\"https:\/\/www.facebook.com\/BlogQuerSaberPolitica\/\" \/>\n<meta property=\"article:author\" content=\"https:\/\/www.facebook.com\/?ref=tn_tnmn\" \/>\n<meta property=\"article:published_time\" content=\"2025-03-28T19:50:37+00:00\" \/>\n<meta property=\"og:image\" content=\"https:\/\/blogdofarnesio.com.br\/wp-content\/uploads\/2025\/03\/blogqsptransforma-ovos-de-pascoa-e1742858459367.jpeg\" \/>\n\t<meta property=\"og:image:width\" content=\"600\" \/>\n\t<meta property=\"og:image:height\" content=\"400\" \/>\n\t<meta property=\"og:image:type\" content=\"image\/jpeg\" \/>\n<meta name=\"author\" content=\"Farn\u00e9sio\" \/>\n<meta name=\"twitter:card\" content=\"summary_large_image\" \/>\n<meta name=\"twitter:label1\" content=\"Escrito por\" \/>\n\t<meta name=\"twitter:data1\" content=\"Farn\u00e9sio\" \/>\n\t<meta name=\"twitter:label2\" content=\"Est. tempo de leitura\" \/>\n\t<meta name=\"twitter:data2\" content=\"2 minutos\" \/>\n<script type=\"application\/ld+json\" class=\"yoast-schema-graph\">{\"@context\":\"https:\\\/\\\/schema.org\",\"@graph\":[{\"@type\":\"Article\",\"@id\":\"https:\\\/\\\/blogdofarnesio.com.br\\\/?p=390491#article\",\"isPartOf\":{\"@id\":\"https:\\\/\\\/blogdofarnesio.com.br\\\/?p=390491\"},\"author\":{\"name\":\"Farn\u00e9sio\",\"@id\":\"https:\\\/\\\/blogdofarnesio.com.br\\\/#\\\/schema\\\/person\\\/bb9b23ae3ad0609ce8df7b6c9e76824d\"},\"headline\":\"Transforma Petrolina inicia arrecada\u00e7\u00e3o de chocolates para P\u00e1scoa Solid\u00e1ria\",\"datePublished\":\"2025-03-28T19:50:37+00:00\",\"mainEntityOfPage\":{\"@id\":\"https:\\\/\\\/blogdofarnesio.com.br\\\/?p=390491\"},\"wordCount\":339,\"commentCount\":0,\"publisher\":{\"@id\":\"https:\\\/\\\/blogdofarnesio.com.br\\\/#organization\"},\"image\":{\"@id\":\"https:\\\/\\\/blogdofarnesio.com.br\\\/?p=390491#primaryimage\"},\"thumbnailUrl\":\"https:\\\/\\\/blogdofarnesio.com.br\\\/wp-content\\\/uploads\\\/2025\\\/03\\\/blogqsptransforma-ovos-de-pascoa-e1742858459367.jpeg\",\"articleSection\":[\"A\u00e7\u00e3o Social\"],\"inLanguage\":\"pt-BR\",\"potentialAction\":[{\"@type\":\"CommentAction\",\"name\":\"Comment\",\"target\":[\"https:\\\/\\\/blogdofarnesio.com.br\\\/?p=390491#respond\"]}]},{\"@type\":\"WebPage\",\"@id\":\"https:\\\/\\\/blogdofarnesio.com.br\\\/?p=390491\",\"url\":\"https:\\\/\\\/blogdofarnesio.com.br\\\/?p=390491\",\"name\":\"Transforma Petrolina inicia arrecada\u00e7\u00e3o de chocolates para P\u00e1scoa Solid\u00e1ria - Blog do Farn\u00e9sio\",\"isPartOf\":{\"@id\":\"https:\\\/\\\/blogdofarnesio.com.br\\\/#website\"},\"primaryImageOfPage\":{\"@id\":\"https:\\\/\\\/blogdofarnesio.com.br\\\/?p=390491#primaryimage\"},\"image\":{\"@id\":\"https:\\\/\\\/blogdofarnesio.com.br\\\/?p=390491#primaryimage\"},\"thumbnailUrl\":\"https:\\\/\\\/blogdofarnesio.com.br\\\/wp-content\\\/uploads\\\/2025\\\/03\\\/blogqsptransforma-ovos-de-pascoa-e1742858459367.jpeg\",\"datePublished\":\"2025-03-28T19:50:37+00:00\",\"breadcrumb\":{\"@id\":\"https:\\\/\\\/blogdofarnesio.com.br\\\/?p=390491#breadcrumb\"},\"inLanguage\":\"pt-BR\",\"potentialAction\":[{\"@type\":\"ReadAction\",\"target\":[\"https:\\\/\\\/blogdofarnesio.com.br\\\/?p=390491\"]}]},{\"@type\":\"ImageObject\",\"inLanguage\":\"pt-BR\",\"@id\":\"https:\\\/\\\/blogdofarnesio.com.br\\\/?p=390491#primaryimage\",\"url\":\"https:\\\/\\\/blogdofarnesio.com.br\\\/wp-content\\\/uploads\\\/2025\\\/03\\\/blogqsptransforma-ovos-de-pascoa-e1742858459367.jpeg\",\"contentUrl\":\"https:\\\/\\\/blogdofarnesio.com.br\\\/wp-content\\\/uploads\\\/2025\\\/03\\\/blogqsptransforma-ovos-de-pascoa-e1742858459367.jpeg\",\"width\":600,\"height\":400},{\"@type\":\"BreadcrumbList\",\"@id\":\"https:\\\/\\\/blogdofarnesio.com.br\\\/?p=390491#breadcrumb\",\"itemListElement\":[{\"@type\":\"ListItem\",\"position\":1,\"name\":\"In\u00edcio\",\"item\":\"https:\\\/\\\/blogdofarnesio.com.br\\\/\"},{\"@type\":\"ListItem\",\"position\":2,\"name\":\"Transforma Petrolina inicia arrecada\u00e7\u00e3o de chocolates para P\u00e1scoa Solid\u00e1ria\"}]},{\"@type\":\"WebSite\",\"@id\":\"https:\\\/\\\/blogdofarnesio.com.br\\\/#website\",\"url\":\"https:\\\/\\\/blogdofarnesio.com.br\\\/\",\"name\":\"Blog do Farn\u00e9sio\",\"description\":\"Quer Saber Pol\u00edtica?\",\"publisher\":{\"@id\":\"https:\\\/\\\/blogdofarnesio.com.br\\\/#organization\"},\"potentialAction\":[{\"@type\":\"SearchAction\",\"target\":{\"@type\":\"EntryPoint\",\"urlTemplate\":\"https:\\\/\\\/blogdofarnesio.com.br\\\/?s={search_term_string}\"},\"query-input\":{\"@type\":\"PropertyValueSpecification\",\"valueRequired\":true,\"valueName\":\"search_term_string\"}}],\"inLanguage\":\"pt-BR\"},{\"@type\":\"Organization\",\"@id\":\"https:\\\/\\\/blogdofarnesio.com.br\\\/#organization\",\"name\":\"Blog do Farn\u00e9sio\",\"url\":\"https:\\\/\\\/blogdofarnesio.com.br\\\/\",\"logo\":{\"@type\":\"ImageObject\",\"inLanguage\":\"pt-BR\",\"@id\":\"https:\\\/\\\/blogdofarnesio.com.br\\\/#\\\/schema\\\/logo\\\/image\\\/\",\"url\":\"https:\\\/\\\/blogdofarnesio.com.br\\\/wp-content\\\/uploads\\\/2026\\\/03\\\/cropped-logo_new-1.png\",\"contentUrl\":\"https:\\\/\\\/blogdofarnesio.com.br\\\/wp-content\\\/uploads\\\/2026\\\/03\\\/cropped-logo_new-1.png\",\"width\":881,\"height\":685,\"caption\":\"Blog do Farn\u00e9sio\"},\"image\":{\"@id\":\"https:\\\/\\\/blogdofarnesio.com.br\\\/#\\\/schema\\\/logo\\\/image\\\/\"},\"sameAs\":[\"https:\\\/\\\/www.facebook.com\\\/BlogQuerSaberPolitica\\\/\"]},{\"@type\":\"Person\",\"@id\":\"https:\\\/\\\/blogdofarnesio.com.br\\\/#\\\/schema\\\/person\\\/bb9b23ae3ad0609ce8df7b6c9e76824d\",\"name\":\"Farn\u00e9sio\",\"image\":{\"@type\":\"ImageObject\",\"inLanguage\":\"pt-BR\",\"@id\":\"https:\\\/\\\/secure.gravatar.com\\\/avatar\\\/986aa4c61ccdb66f8555bf88fc2a65609d00bcabd4d2d94377a727547345cbca?s=96&d=mm&r=g\",\"url\":\"https:\\\/\\\/secure.gravatar.com\\\/avatar\\\/986aa4c61ccdb66f8555bf88fc2a65609d00bcabd4d2d94377a727547345cbca?s=96&d=mm&r=g\",\"contentUrl\":\"https:\\\/\\\/secure.gravatar.com\\\/avatar\\\/986aa4c61ccdb66f8555bf88fc2a65609d00bcabd4d2d94377a727547345cbca?s=96&d=mm&r=g\",\"caption\":\"Farn\u00e9sio\"},\"description\":\"Radialista blogueiro, chegou a Petrolina\\\/Juazeiro em setembro de 1980, Farn\u00e9sio Silva \u00e9 de Arapiraca-Alagoas.\",\"sameAs\":[\"http:\\\/\\\/blogdofarnesio.com.br\",\"https:\\\/\\\/www.facebook.com\\\/?ref=tn_tnmn\",\"https:\\\/\\\/www.instagram.com\\\/?utm_source=pwa_homescreen\",\"https:\\\/\\\/youtube.com.br\\\/\"],\"url\":\"https:\\\/\\\/blogdofarnesio.com.br\\\/?author=2\"}]}<\/script>\n<!-- \/ Yoast SEO plugin. -->","yoast_head_json":{"title":"Transforma Petrolina inicia arrecada\u00e7\u00e3o de chocolates para P\u00e1scoa Solid\u00e1ria - Blog do Farn\u00e9sio","robots":{"index":"index","follow":"follow","max-snippet":"max-snippet:-1","max-image-preview":"max-image-preview:large","max-video-preview":"max-video-preview:-1"},"canonical":"https:\/\/blogdofarnesio.com.br\/?p=390491","og_locale":"pt_BR","og_type":"article","og_title":"Transforma Petrolina inicia arrecada\u00e7\u00e3o de chocolates para P\u00e1scoa Solid\u00e1ria - Blog do Farn\u00e9sio","og_description":"A atitude de pessoas solid\u00e1rias pode tornar a P\u00e1scoa de centenas de crian\u00e7as mais especial este ano. Para possibilitar que isso aconte\u00e7a, o programa de voluntariado Transforma Petrolina lan\u00e7ou nesta segunda-feira (24) mais uma edi\u00e7\u00e3o da P\u00e1scoa Solid\u00e1ria. A iniciativa tem o objetivo de \u00a0arrecadar ovos de P\u00e1scoa, barras de chocolate e caixas de bombons que ser\u00e3o distribu\u00eddos para crian\u00e7as cujo os pais n\u00e3o t\u00eam condi\u00e7\u00f5es de comprar. A campanha busca envolver a popula\u00e7\u00e3o, volunt\u00e1rios e empresas socialmente respons\u00e1veis para contribuir doando chocolates para o projeto. Na \u00faltima edi\u00e7\u00e3o, a iniciativa contou com o apoio de muitos colaboradores e conseguiu atender quase 600 crian\u00e7as que residem no Residencial \u00a0Monsenhor Bernardino, N\u00facleo 6 do Per\u00edmetro Irrigado Senador Nilo Coelho e Comunidade&hellip;","og_url":"https:\/\/blogdofarnesio.com.br\/?p=390491","og_site_name":"Blog do Farn\u00e9sio","article_publisher":"https:\/\/www.facebook.com\/BlogQuerSaberPolitica\/","article_author":"https:\/\/www.facebook.com\/?ref=tn_tnmn","article_published_time":"2025-03-28T19:50:37+00:00","og_image":[{"width":600,"height":400,"url":"https:\/\/blogdofarnesio.com.br\/wp-content\/uploads\/2025\/03\/blogqsptransforma-ovos-de-pascoa-e1742858459367.jpeg","type":"image\/jpeg"}],"author":"Farn\u00e9sio","twitter_card":"summary_large_image","twitter_misc":{"Escrito por":"Farn\u00e9sio","Est. tempo de leitura":"2 minutos"},"schema":{"@context":"https:\/\/schema.org","@graph":[{"@type":"Article","@id":"https:\/\/blogdofarnesio.com.br\/?p=390491#article","isPartOf":{"@id":"https:\/\/blogdofarnesio.com.br\/?p=390491"},"author":{"name":"Farn\u00e9sio","@id":"https:\/\/blogdofarnesio.com.br\/#\/schema\/person\/bb9b23ae3ad0609ce8df7b6c9e76824d"},"headline":"Transforma Petrolina inicia arrecada\u00e7\u00e3o de chocolates para P\u00e1scoa Solid\u00e1ria","datePublished":"2025-03-28T19:50:37+00:00","mainEntityOfPage":{"@id":"https:\/\/blogdofarnesio.com.br\/?p=390491"},"wordCount":339,"commentCount":0,"publisher":{"@id":"https:\/\/blogdofarnesio.com.br\/#organization"},"image":{"@id":"https:\/\/blogdofarnesio.com.br\/?p=390491#primaryimage"},"thumbnailUrl":"https:\/\/blogdofarnesio.com.br\/wp-content\/uploads\/2025\/03\/blogqsptransforma-ovos-de-pascoa-e1742858459367.jpeg","articleSection":["A\u00e7\u00e3o Social"],"inLanguage":"pt-BR","potentialAction":[{"@type":"CommentAction","name":"Comment","target":["https:\/\/blogdofarnesio.com.br\/?p=390491#respond"]}]},{"@type":"WebPage","@id":"https:\/\/blogdofarnesio.com.br\/?p=390491","url":"https:\/\/blogdofarnesio.com.br\/?p=390491","name":"Transforma Petrolina inicia arrecada\u00e7\u00e3o de chocolates para P\u00e1scoa Solid\u00e1ria - Blog do Farn\u00e9sio","isPartOf":{"@id":"https:\/\/blogdofarnesio.com.br\/#website"},"primaryImageOfPage":{"@id":"https:\/\/blogdofarnesio.com.br\/?p=390491#primaryimage"},"image":{"@id":"https:\/\/blogdofarnesio.com.br\/?p=390491#primaryimage"},"thumbnailUrl":"https:\/\/blogdofarnesio.com.br\/wp-content\/uploads\/2025\/03\/blogqsptransforma-ovos-de-pascoa-e1742858459367.jpeg","datePublished":"2025-03-28T19:50:37+00:00","breadcrumb":{"@id":"https:\/\/blogdofarnesio.com.br\/?p=390491#breadcrumb"},"inLanguage":"pt-BR","potentialAction":[{"@type":"ReadAction","target":["https:\/\/blogdofarnesio.com.br\/?p=390491"]}]},{"@type":"ImageObject","inLanguage":"pt-BR","@id":"https:\/\/blogdofarnesio.com.br\/?p=390491#primaryimage","url":"https:\/\/blogdofarnesio.com.br\/wp-content\/uploads\/2025\/03\/blogqsptransforma-ovos-de-pascoa-e1742858459367.jpeg","contentUrl":"https:\/\/blogdofarnesio.com.br\/wp-content\/uploads\/2025\/03\/blogqsptransforma-ovos-de-pascoa-e1742858459367.jpeg","width":600,"height":400},{"@type":"BreadcrumbList","@id":"https:\/\/blogdofarnesio.com.br\/?p=390491#breadcrumb","itemListElement":[{"@type":"ListItem","position":1,"name":"In\u00edcio","item":"https:\/\/blogdofarnesio.com.br\/"},{"@type":"ListItem","position":2,"name":"Transforma Petrolina inicia arrecada\u00e7\u00e3o de chocolates para P\u00e1scoa Solid\u00e1ria"}]},{"@type":"WebSite","@id":"https:\/\/blogdofarnesio.com.br\/#website","url":"https:\/\/blogdofarnesio.com.br\/","name":"Blog do Farn\u00e9sio","description":"Quer Saber Pol\u00edtica?","publisher":{"@id":"https:\/\/blogdofarnesio.com.br\/#organization"},"potentialAction":[{"@type":"SearchAction","target":{"@type":"EntryPoint","urlTemplate":"https:\/\/blogdofarnesio.com.br\/?s={search_term_string}"},"query-input":{"@type":"PropertyValueSpecification","valueRequired":true,"valueName":"search_term_string"}}],"inLanguage":"pt-BR"},{"@type":"Organization","@id":"https:\/\/blogdofarnesio.com.br\/#organization","name":"Blog do Farn\u00e9sio","url":"https:\/\/blogdofarnesio.com.br\/","logo":{"@type":"ImageObject","inLanguage":"pt-BR","@id":"https:\/\/blogdofarnesio.com.br\/#\/schema\/logo\/image\/","url":"https:\/\/blogdofarnesio.com.br\/wp-content\/uploads\/2026\/03\/cropped-logo_new-1.png","contentUrl":"https:\/\/blogdofarnesio.com.br\/wp-content\/uploads\/2026\/03\/cropped-logo_new-1.png","width":881,"height":685,"caption":"Blog do Farn\u00e9sio"},"image":{"@id":"https:\/\/blogdofarnesio.com.br\/#\/schema\/logo\/image\/"},"sameAs":["https:\/\/www.facebook.com\/BlogQuerSaberPolitica\/"]},{"@type":"Person","@id":"https:\/\/blogdofarnesio.com.br\/#\/schema\/person\/bb9b23ae3ad0609ce8df7b6c9e76824d","name":"Farn\u00e9sio","image":{"@type":"ImageObject","inLanguage":"pt-BR","@id":"https:\/\/secure.gravatar.com\/avatar\/986aa4c61ccdb66f8555bf88fc2a65609d00bcabd4d2d94377a727547345cbca?s=96&d=mm&r=g","url":"https:\/\/secure.gravatar.com\/avatar\/986aa4c61ccdb66f8555bf88fc2a65609d00bcabd4d2d94377a727547345cbca?s=96&d=mm&r=g","contentUrl":"https:\/\/secure.gravatar.com\/avatar\/986aa4c61ccdb66f8555bf88fc2a65609d00bcabd4d2d94377a727547345cbca?s=96&d=mm&r=g","caption":"Farn\u00e9sio"},"description":"Radialista blogueiro, chegou a Petrolina\/Juazeiro em setembro de 1980, Farn\u00e9sio Silva \u00e9 de Arapiraca-Alagoas.","sameAs":["http:\/\/blogdofarnesio.com.br","https:\/\/www.facebook.com\/?ref=tn_tnmn","https:\/\/www.instagram.com\/?utm_source=pwa_homescreen","https:\/\/youtube.com.br\/"],"url":"https:\/\/blogdofarnesio.com.br\/?author=2"}]}},"_links":{"self":[{"href":"https:\/\/blogdofarnesio.com.br\/index.php?rest_route=\/wp\/v2\/posts\/390491","targetHints":{"allow":["GET"]}}],"collection":[{"href":"https:\/\/blogdofarnesio.com.br\/index.php?rest_route=\/wp\/v2\/posts"}],"about":[{"href":"https:\/\/blogdofarnesio.com.br\/index.php?rest_route=\/wp\/v2\/types\/post"}],"author":[{"embeddable":true,"href":"https:\/\/blogdofarnesio.com.br\/index.php?rest_route=\/wp\/v2\/users\/2"}],"replies":[{"embeddable":true,"href":"https:\/\/blogdofarnesio.com.br\/index.php?rest_route=%2Fwp%2Fv2%2Fcomments&post=390491"}],"version-history":[{"count":0,"href":"https:\/\/blogdofarnesio.com.br\/index.php?rest_route=\/wp\/v2\/posts\/390491\/revisions"}],"wp:featuredmedia":[{"embeddable":true,"href":"https:\/\/blogdofarnesio.com.br\/index.php?rest_route=\/wp\/v2\/media\/390492"}],"wp:attachment":[{"href":"https:\/\/blogdofarnesio.com.br\/index.php?rest_route=%2Fwp%2Fv2%2Fmedia&parent=390491"}],"wp:term":[{"taxonomy":"category","embeddable":true,"href":"https:\/\/blogdofarnesio.com.br\/index.php?rest_route=%2Fwp%2Fv2%2Fcategories&post=390491"},{"taxonomy":"post_tag","embeddable":true,"href":"https:\/\/blogdofarnesio.com.br\/index.php?rest_route=%2Fwp%2Fv2%2Ftags&post=390491"}],"curies":[{"name":"wp","href":"https:\/\/api.w.org\/{rel}","templated":true}]}}