{"id":390299,"date":"2025-03-24T08:02:43","date_gmt":"2025-03-24T11:02:43","guid":{"rendered":"https:\/\/blogdofarnesio.com.br\/?p=390299"},"modified":"2025-03-23T17:03:06","modified_gmt":"2025-03-23T20:03:06","slug":"especial-guerra-de-canudos-quando-o-misticismo-e-a-desigualdade-social-se-misturaram-no-jovem-brasil-republica","status":"publish","type":"post","link":"https:\/\/blogdofarnesio.com.br\/?p=390299","title":{"rendered":"Especial. Guerra de Canudos: quando o misticismo e a desigualdade social se misturaram no jovem Brasil Rep\u00fablica"},"content":{"rendered":"<header class=\"fixy\">\n<div class=\"header-top\">\n<div class=\"container\">\n<div class=\"row view-menu\">\n<div><strong>Por Iago Filgueiras*<\/strong><\/div>\n<div><\/div>\n<div class=\"c-xs-6 xs-no-p-lr text-center\">Nos primeiros anos ap\u00f3s a Proclama\u00e7\u00e3o da Rep\u00fablica, o Brasil viveu uma das maiores trag\u00e9dias de sua hist\u00f3ria. Descubra o que foi a Guerra de Canudos e como a desigualdade social se tornou marca do conflito.<\/div>\n<\/div>\n<\/div>\n<\/div>\n<\/header>\n<section class=\"no-p-tb featured-media\">\n<div class=\"container\">\n<div class=\"row\">\n<div class=\"c-lg-9 c-md-10 c-sm-11 c-xs-12 c-center\">\n<div class=\"photo-content m-40px-b bg-extra-light-gray border-rd-14\">\n<div class=\"photo-credit\">Fl\u00e1vio de Barros\/Acervo Museu da Rep\u00fablica<\/div>\n<p><img loading=\"lazy\" decoding=\"async\" class=\"width-100 border-rd-14 aligncenter\" src=\"https:\/\/iclnoticias.com.br\/wp-content\/uploads\/2025\/03\/guerra-de-canudos-headr-960x540.webp\" alt=\"Guerra de Canudos: quando o misticismo e a desigualdade social se misturaram no jovem Brasil Rep\u00fablica\" width=\"653\" height=\"367\" \/><\/p>\n<\/div>\n<\/div>\n<\/div>\n<\/div>\n<\/section>\n<section class=\"no-p-t p-50px-b\">\n<div class=\"container\">\n<div class=\"row\">\n<article class=\"c-lg-8 c-md-9 c-sm-10 c-xs-12 c-center\">\n<div class=\"content-text-v1 sm-m-60px-b xs-m-40px-b last-p-no-m-b\">\n<p>A Guerra de Canudos foi um dos mais marcantes conflitos sociais do in\u00edcio do per\u00edodo republicano no Brasil. Eternizado no livro \u201cOs Sert\u00f5es\u201d, de Euclides da Cunha, o movimento passou a fazer parte do imagin\u00e1rio coletivo e da\u00a0<a href=\"https:\/\/iclnoticias.com.br\/atg\/livros-historia-brasil\/\" target=\"_blank\" rel=\"noopener\">hist\u00f3ria brasileira<\/a>.<\/p>\n<p>A guerra exp\u00f4s as contradi\u00e7\u00f5es e diferen\u00e7as entre um Brasil governado por elites intelectuais e econ\u00f4micas litor\u00e2neas \u2014 que desconheciam a realidade social do pa\u00eds \u2014 e uma popula\u00e7\u00e3o cujo direito \u00e0 terra havia sido negado por anos e que, em meio \u00e0 dura realidade da seca e da mis\u00e9ria do sert\u00e3o no s\u00e9culo 19, encontraram em Ant\u00f4nio Conselheiro a promessa de salva\u00e7\u00e3o.<\/p>\n<p>Uma realidade marcada por terr\u00edveis condi\u00e7\u00f5es de trabalho, pobreza, viol\u00eancia e a explora\u00e7\u00e3o de m\u00e3o de obra por grandes latifundi\u00e1rios se chocou com o preconceito, discrimina\u00e7\u00e3o e o car\u00e1ter fortemente olig\u00e1rquico dos primeiros governos republicanos.<\/p>\n<h2>Resumo sobre a Guerra de Canudos<\/h2>\n<ul>\n<li>Foi um dos principais conflitos armados do in\u00edcio do per\u00edodo republicano no Brasil.<\/li>\n<li>Aconteceu na Bahia entre 1896 e 1897 e foi marcada pelo embate entre os seguidores de Ant\u00f4nio Conselheiro e o Ex\u00e9rcito Brasileiro.<br \/>\nAnt\u00f4nio Conselheiro foi um peregrino que nasceu na ent\u00e3o Prov\u00edncia do Cear\u00e1 e, durante suas andan\u00e7as pela Bahia e pelo Sergipe, pregou contra a fome e a desigualdade, al\u00e9m de construir e restaurar igrejas, cemit\u00e9rios e tanques d\u2019\u00e1gua. Em 1896 fundou o Arraial de Canudos.<\/li>\n<li>O Arraial chegou a atrair mais de 25 mil moradores que plantavam e criavam animais no local. Autossuficiente, na comunidade n\u00e3o havia propriedade privada e a comida era distribu\u00edda entre os habitantes.<\/li>\n<li>O Arraial de Canudos sobreviveu a tr\u00eas ataques encabe\u00e7ados por for\u00e7as da elite local, pela igreja, estado da Bahia e Uni\u00e3o. No quarto ataque, milhares de soldados e o uso de canh\u00f5es derrotaram a comunidade.<\/li>\n<li>A Guerra de Canudos foi uma das maiores trag\u00e9dias do Brasil e mais de 25 mil pessoas morreram. A cabe\u00e7a de Ant\u00f4nio Conselheiro foi levada como \u201ctrof\u00e9u\u201d e usada para estudos cl\u00ednicos.<\/li>\n<\/ul>\n<h2>O que foi a Guerra de Canudos<\/h2>\n<p>A Guerra de Canudos foi um conflito armado ocorrido no sert\u00e3o baiano no per\u00edodo da rec\u00e9m inaugurada Rep\u00fablica do Brasil, poucos anos ap\u00f3s a queda da monarquia. Entre 1896 e 1897, as for\u00e7as do Ex\u00e9rcito Brasileiro e os moradores do Arraial de Canudos, seguidores de Ant\u00f4nio Conselheiro, se enfrentaram. O saldo do conflito foi uma das maiores trag\u00e9dias brasileiras, com a morte de milhares de pessoas \u2014 a maioria civis.<\/p>\n<div id=\"attachment_67055\" class=\"wp-caption alignnone\">\n<p><img loading=\"lazy\" decoding=\"async\" class=\"wp-image-67055\" title=\"Foto Arraial de Canudos\" src=\"https:\/\/iclnoticias.com.br\/wp-content\/uploads\/2025\/03\/vista-canudos.webp\" alt=\"Vista do Arraial de Canudos, onde se estima que houvesse mais de cinco mil casas. Foto: Fl\u00e1vio de Barros\/Acervo Museu da Rep\u00fablica\" width=\"750\" height=\"421\" aria-describedby=\"caption-attachment-67055\" \/><\/p>\n<p id=\"caption-attachment-67055\" class=\"wp-caption-text\">Vista do Arraial de Canudos, onde se estima que houvesse mais de cinco mil casas. Foto: Fl\u00e1vio de Barros\/Acervo Museu da Rep\u00fablica<\/p>\n<\/div>\n<h3>Contexto hist\u00f3rico: desigualdades no Brasil do s\u00e9culo 19<\/h3>\n<p>A Guerra de Canudos foi fortemente influenciada pelo contexto hist\u00f3rico brasileiro do final do s\u00e9culo 19. Em 1888, com a aboli\u00e7\u00e3o da escravid\u00e3o, os ex-escravizados rec\u00e9m-libertos foram largados sem que houvesse qualquer pol\u00edtica que permitisse o acesso \u00e0 terra, educa\u00e7\u00e3o ou trabalho digno.<\/p>\n<p>Em 1889, um golpe militar encerrou a monarquia no Brasil, dando in\u00edcio a Primeira Rep\u00fablica, tamb\u00e9m conhecida como Rep\u00fablica Velha (1989-1930). O voto direto foi regulamentado apenas pela Constitui\u00e7\u00e3o Republicana de 1891 e o primeiro presidente civil foi eleito em 1894. Antes disso,\u00a0<a href=\"https:\/\/iclnoticias.com.br\/atg\/ditadura-militar\/\" target=\"_blank\" rel=\"noopener\">o poder era exercido por militares<\/a>.<\/p>\n<div id=\"attachment_67053\" class=\"wp-caption aligncenter\" style=\"width: 647px;\">\n<p><img loading=\"lazy\" decoding=\"async\" class=\"wp-image-67053\" title=\"Proclama\u00e7\u00e3o da Rep\u00fablica\" src=\"https:\/\/iclnoticias.com.br\/wp-content\/uploads\/2025\/03\/proclamacao-republica.webp\" alt=\"O quadro do pintor brasileiro Benedito Calixto, de 1893, retratou a Proclama\u00e7\u00e3o da Rep\u00fablica. Pintura: Benedito Calixto\" width=\"647\" height=\"429\" aria-describedby=\"caption-attachment-67053\" \/><\/p>\n<p id=\"caption-attachment-67053\" class=\"wp-caption-text\">O quadro do pintor brasileiro Benedito Calixto, de 1893, retratou a Proclama\u00e7\u00e3o da Rep\u00fablica. Pintura: Benedito Calixto<\/p>\n<\/div>\n<p>No per\u00edodo entre o final da monarquia e o in\u00edcio da Rep\u00fablica, o pa\u00eds enfrentava graves\u00a0<a href=\"https:\/\/educacao.uol.com.br\/disciplinas\/historia-brasil\/encilhamento-politica-economica-tentou-impulsionar-a-industrializacao.htm\" target=\"_blank\" rel=\"noopener\">problemas econ\u00f4micos<\/a>\u00a0que levaram a uma forte infla\u00e7\u00e3o, desvaloriza\u00e7\u00e3o da moeda e fal\u00eancia de diversas empresas. No nordeste brasileiro, al\u00e9m dos problemas econ\u00f4micos e sociais j\u00e1 citados, as secas que afetavam a regi\u00e3o, amplificadas pelo abandono do estado, tornavam a situa\u00e7\u00e3o ainda mais dram\u00e1tica.<\/p>\n<p>Nesse contexto, um andarilho que pregava uma vida em comunidade, a rejei\u00e7\u00e3o ao governo republicano e a desigualdade social atraiu diversos seguidores. Em suas andan\u00e7as,\u00a0<a href=\"https:\/\/www1.folha.uol.com.br\/fol\/brasil500\/histcanudos3.htm\" target=\"_blank\" rel=\"noopener\">Ant\u00f4nio Conselheiro<\/a>\u00a0construiu capelas, cemit\u00e9rios, tanques d\u2019\u00e1gua e ofertou conselhos a quem precisava ouvi-los.<\/p>\n<h3>A forma\u00e7\u00e3o de Canudos<\/h3>\n<p>Devoto da Virgem Maria, Ant\u00f4nio Conselheiro iniciou sua peregrina\u00e7\u00e3o em meados da d\u00e9cada de 1870 e chegou a passar por Sergipe e Bahia. De 1877 a 1879, a\u00a0<a href=\"https:\/\/brasil.elpais.com\/brasil\/2021-10-26\/500-mil-mortes-doenca-fome-desvio-de-verbas-e-pedido-de-cpi-o-retrato-da-grande-seca-do-imperio.html\" target=\"_blank\" rel=\"noopener\">Grande Seca<\/a>, uma das maiores trag\u00e9dias clim\u00e1ticas da hist\u00f3ria do pa\u00eds, levou milhares de pessoas a migrarem em busca de melhores condi\u00e7\u00f5es. Estima-se que, na \u00e9poca,\u00a0<a href=\"https:\/\/www12.senado.leg.br\/noticias\/especiais\/arquivo-s\/500-mil-mortes-doenca-fome-desvio-de-verbas-e-pedido-de-cpi-o-retrato-da-grande-seca-do-imperio\" target=\"_blank\" rel=\"noopener\">500 mil pessoas tenham morrido de fome e sede<\/a>\u00a0em oito prov\u00edncias brasileiras.<\/p>\n<p>Com o grande n\u00famero de pessoas que caminhavam em busca de uma nova vida, o n\u00famero de seguidores de Ant\u00f4nio Conselheiro aumentou ano ap\u00f3s ano. Ao seu lado, ex-escravizados, ind\u00edgenas e fam\u00edlias inteiras mantinham vivo o sonho de uma realidade sem mis\u00e9ria.<\/p>\n<p>Em 1893, as milhares de pessoas que compunham o grupo se estabeleceram em um antigo latif\u00fandio improdutivo no povoado de Canudos, localizado \u00e0 beira do rio Vaza-Barris, no nordeste baiano. Na comunidade, os \u201cconselheiristas\u201d, como eram conhecidos os seguidores de Ant\u00f4nio Conselheiro, constru\u00edram igrejas, um reservat\u00f3rio de \u00e1gua, uma escola e um dep\u00f3sito de armas.<\/p>\n<div id=\"attachment_67049\" class=\"wp-caption aligncenter\" style=\"width: 649px;\">\n<p><img loading=\"lazy\" decoding=\"async\" class=\"wp-image-67049\" title=\"Arraial de Belo Monte\" src=\"https:\/\/iclnoticias.com.br\/wp-content\/uploads\/2025\/03\/Arraial-de-canudos.webp\" alt=\"Representa\u00e7\u00e3o do Arraial Belo Monte. Imagem: Wikimedia Commons \" width=\"649\" height=\"413\" aria-describedby=\"caption-attachment-67049\" \/><\/p>\n<p id=\"caption-attachment-67049\" class=\"wp-caption-text\">Representa\u00e7\u00e3o do Arraial Belo Monte. Imagem: Wikimedia Commons<\/p>\n<\/div>\n<p>O Arraial, rebatizado de Belo Monte, atraiu milhares de pessoas, que passaram a construir casas e fixar resid\u00eancia no local. O latif\u00fandio improdutivo deu lugar a uma vila onde n\u00e3o havia propriedade privada da terra. No local, a cria\u00e7\u00e3o de animais e a agricultura garantiram a autossufici\u00eancia e autonomia da comunidade, onde a comida era distribu\u00edda entre todos os moradores.<\/p>\n<p>Em\u00a0<a href=\"https:\/\/www.youtube.com\/watch?v=cAQ7Tw6Kly8\" target=\"_blank\" rel=\"noopener\">entrevista ao Canal Curta!<\/a>, o pesquisador e doutor em Ci\u00eancias Sociais pela PUC-SP, Pedro Lima Vasconcelos, enfatizou o papel de Belo Monte como \u201cuma das experi\u00eancias mais aut\u00eanticas da organiza\u00e7\u00e3o popular brasileira\u201d. Para ele, a salva\u00e7\u00e3o ap\u00f3s a morte, pregada no Arraial, dependia tamb\u00e9m da luta cotidiana por mais igualdade.<\/p>\n<h4>Quem foi Ant\u00f4nio Conselheiro?<\/h4>\n<p>Ant\u00f4nio Vicente Mendes Maciel, conhecido como Ant\u00f4nio Conselheiro, nasceu em 13 de mar\u00e7o de 1830, no territ\u00f3rio onde hoje \u00e9 a cidade de Quixeramobim, no Cear\u00e1. Seus pais pretendiam que ele seguisse carreira sacerdotal, o que, \u00e0 \u00e9poca, representava uma possibilidade real de ascens\u00e3o social, mas com a morte de sua m\u00e3e ainda enquanto ele era crian\u00e7a, o sonho foi deixado de lado.<\/p>\n<p>Por volta dos 27 anos, ap\u00f3s perder o pai, Ant\u00f4nio assumiu o armaz\u00e9m de propriedade da fam\u00edlia e passou a sustentar suas quatro irm\u00e3s. Ele se casou e se mudou para v\u00e1rias cidades, chegando a se tornar professor e at\u00e9 r\u00e1bula \u2014 uma pessoa que exercia advocacia sem forma\u00e7\u00e3o, pr\u00e1tica comum no Brasil Col\u00f4nia, onde os cursos de direito eram ministrados apenas na Metr\u00f3pole.<\/p>\n<div id=\"attachment_67048\" class=\"wp-caption alignnone\">\n<p><img loading=\"lazy\" decoding=\"async\" class=\"aligncenter wp-image-67048\" src=\"https:\/\/iclnoticias.com.br\/wp-content\/uploads\/2025\/03\/Antonio-conselheiro.webp\" alt=\"Ant\u00f4nio Conselheiro foi uma figura messi\u00e2nica, l\u00edder do Arraial de Canudos. Imagem: reprodu\u00e7\u00e3o\" width=\"342\" height=\"500\" aria-describedby=\"caption-attachment-67048\" \/><\/p>\n<p id=\"caption-attachment-67048\" class=\"wp-caption-text\">Ant\u00f4nio Conselheiro foi uma figura messi\u00e2nica, l\u00edder do Arraial de Canudos. Imagem: reprodu\u00e7\u00e3o<\/p>\n<\/div>\n<p>Em 1861, Ant\u00f4nio Vicente flagrou sua esposa em um caso extraconjugal e, envergonhado e humilhado, abandonou tudo e resolveu partir para o sert\u00e3o. Com o tempo e atrav\u00e9s de seu conhecimento religioso, passou a divulgar o evangelho e ofertar conselhos durante suas caminhadas, o que lhe rendeu o nome Ant\u00f4nio Conselheiro.<\/p>\n<p>Antes da funda\u00e7\u00e3o do Arraial de Canudos ele precisou enfrentar diversas situa\u00e7\u00f5es. Em 1876, foi acusado de ter assassinado a pr\u00f3pria m\u00e3e e a ex-companheira, mas foi inocentado. No mesmo ano, devido \u00e0 seca, milhares de pessoas passaram a ver no andarilho uma figura prof\u00e9tica, enviada por Deus para ajud\u00e1-los. J\u00e1 em 1889, a aboli\u00e7\u00e3o da escravid\u00e3o levou a popula\u00e7\u00e3o rec\u00e9m liberta a procurar Conselheiro em busca de esperan\u00e7a.<\/p>\n<p>Suas a\u00e7\u00f5es incomodaram cl\u00e9rigos e latifundi\u00e1rios. Para os padres, as prega\u00e7\u00f5es que ele fazia representavam uma amea\u00e7a \u00e0 autoridade da Igreja. J\u00e1 para os grandes propriet\u00e1rios de terra, a enorme quantidade de seguidores atra\u00eddos por Ant\u00f4nio Conselheiro reduzia a oferta de m\u00e3o de obra barata para as fazendas.<\/p>\n<h2>Causas da Guerra de Canudos<\/h2>\n<p>As causas que levaram ao conflito de Canudos s\u00e3o diversas, mas \u00e9 poss\u00edvel dizer que foram fortemente influenciadas por disputas sociais entre uma popula\u00e7\u00e3o que vivia na mis\u00e9ria e encontrou no Arraial uma oportunidade e o rec\u00e9m-inaugurado Brasil Republicano, que via em Canudos uma amea\u00e7a \u00e0 sua exist\u00eancia e um polo de atraso.<\/p>\n<p>Ant\u00f4nio Conselheiro era um opositor da rep\u00fablica e defensor da monarquia, sobretudo, porque para ele o Estado e a Igreja n\u00e3o deveriam estar separados e isso era uma ofensa aos seus valores religiosos.<\/p>\n<p>Embora as suas ideias possam ser interpretadas sob a \u00f3tica do fanatismo religioso, seus seguidores eram pessoas pobres, camponeses e ex-escravizados que enxergavam no modo de vida de Canudos uma alternativa para a mis\u00e9ria.<\/p>\n<p>Al\u00e9m disso, a comunidade se opunha ao pagamento de impostos ao governo central e aos munic\u00edpios. Para quem havia sido abandonado pelo estado e enxergava na institucionalidade apenas a repress\u00e3o, o pagamento de tributos se tornava mais uma forma de viol\u00eancia.<\/p>\n<p>Em seu artigo \u201c<a href=\"https:\/\/www.gepec.ufscar.br\/publicacoes\/ruralidade\/brasil-500-anos-de-luta-pela-terra.pdf\" target=\"_blank\" rel=\"noopener\">Brasil: 500 anos de luta pela terra<\/a>\u201d, o professor e doutor em geografia pela USP, Bernardo Man\u00e7ano Fernandes, citou a rela\u00e7\u00e3o de Canudos com a luta pela terra. Para ele \u201ca migra\u00e7\u00e3o e a peregrina\u00e7\u00e3o, como esperan\u00e7a de chegar \u00e0 terra liberta, s\u00e3o marcas da hist\u00f3ria do campesinato brasileiro\u201d.<\/p>\n<h3>O conflito armado e as expedi\u00e7\u00f5es militares<\/h3>\n<p>O Arraial de Canudos j\u00e1 enfrentava resist\u00eancia da elite local, tanto de coron\u00e9is e latifundi\u00e1rios, quanto da Igreja Cat\u00f3lica. Em 1896, pretendendo construir uma nova igreja na comunidade, Ant\u00f4nio Conselheiro encomendou uma remessa de madeira da cidade de Juazeiro, mas o material n\u00e3o foi entregue. Um boato de que a cidade seria invadida por conselheiristas para exigir o produto levou o governo local a pedir apoio militar ao governo baiano.<\/p>\n<p>Esse evento pode ser considerado como o estopim para o in\u00edcio do conflito armado,\u00a0<a href=\"https:\/\/museudarepublica.museus.gov.br\/wp-content\/uploads\/2017\/10\/CronoCanudos.pdf\" target=\"_blank\" rel=\"noopener\">marcado por uma s\u00e9rie de quatro expedi\u00e7\u00f5es militares<\/a>.<\/p>\n<div id=\"attachment_67050\" class=\"wp-caption aligncenter\" style=\"width: 707px;\">\n<p><img loading=\"lazy\" decoding=\"async\" class=\"wp-image-67050 \" title=\"Expedicoes militares Canudos\" src=\"https:\/\/iclnoticias.com.br\/wp-content\/uploads\/2025\/03\/Canhao-guerra-canudos.webp\" alt=\"Na quarta e \u00faltima expedi\u00e7\u00e3o, o Ex\u00e9rcito Brasileiro utilizou um canh\u00e3o Withworth 32, que foi apelidado pelos conselheiristas de \u201cmatadeira\u201d. Foto: Fl\u00e1vio de Barros\/Acervo Museu da Rep\u00fablica\" width=\"707\" height=\"424\" aria-describedby=\"caption-attachment-67050\" \/><\/p>\n<p id=\"caption-attachment-67050\" class=\"wp-caption-text\">Na quarta e \u00faltima expedi\u00e7\u00e3o, o Ex\u00e9rcito Brasileiro utilizou um canh\u00e3o Withworth 32, que foi apelidado pelos conselheiristas de \u201cmatadeira\u201d. Foto: Fl\u00e1vio de Barros\/Acervo Museu da Rep\u00fablica<\/p>\n<\/div>\n<h4>A primeira expedi\u00e7\u00e3o a Canudos<\/h4>\n<p>Em novembro de 1896, o tenente Manuel da Silva Pires Ferreira liderou a primeira expedi\u00e7\u00e3o militar, composta por 113 oficiais das for\u00e7as do estado da Bahia. Emboscados pelos conselheiristas, os militares fugiram e retornaram para Juazeiro.<\/p>\n<p>Ao saber da hist\u00f3ria e do fracasso dos soldados, os intelectuais cariocas, desconhecendo o contexto da vida no sert\u00e3o \u00e0 \u00e9poca, passam a divulgar na imprensa que os conselheiristas eram conspiradores que queriam restaurar a monarquia e a escravid\u00e3o do Brasil Imp\u00e9rio.<\/p>\n<h4>A segunda expedi\u00e7\u00e3o a Canudos<\/h4>\n<p>No in\u00edcio de 1897, uma segunda expedi\u00e7\u00e3o \u00e9 enviada para tentar destruir o Arraial de Canudos, mas ap\u00f3s dois dias de confronto, os 609 soldados enviados pelo governo baiano s\u00e3o derrotados e fogem.<\/p>\n<h4>A terceira expedi\u00e7\u00e3o a Canudos<\/h4>\n<p>Em fevereiro de 1897, o governo federal organizou uma terceira expedi\u00e7\u00e3o, composta por 1.300 soldados e liderada pelo coronel Ant\u00f4nio Moreira C\u00e9sar,\u00a0<a href=\"https:\/\/revistas.usp.br\/revhistoria\/article\/view\/214617\/208337#:~:text=No%20Rio%2C%20Moreira%20C%C3%A9sar%20ficou,que%20debelou%20a%20Revolu%C3%A7%C3%A3o%20Federalista.\" target=\"_blank\" rel=\"noopener\">militar conhecido como \u201cCorta-Cabe\u00e7as\u201d<\/a>\u00a0pelo hist\u00f3rico de viol\u00eancia e cuja carreira foi marcada pelo linchamento e assassinato de um jornalista no Rio de Janeiro.<\/p>\n<p>Com uniformes inadequados, que n\u00e3o se camuflavam em meio \u00e0 paisagem do sert\u00e3o e n\u00e3o protegiam os soldados dos espinhos dos cactos, os militares foram derrotados e suas armas confiscadas pelos conselheiristas. Quase um m\u00eas depois do conflito, o coronel Moreira C\u00e9sar morreu v\u00edtima de um ferimento da batalha.<\/p>\n<p>A vit\u00f3ria dos sertanejos teve uma forte repercuss\u00e3o no Rio de Janeiro, ent\u00e3o capital federal. Em\u00a0<a href=\"https:\/\/www.fflch.usp.br\/127134\" target=\"_blank\" rel=\"noopener\">entrevista ao portal da Faculdade de Filosofia, Letras e Ci\u00eancias Humanas da Universidade de S\u00e3o Paulo (FFLCH-USP)<\/a>, o professor Marcos Francisco Napolitano de Eug\u00eanio classificou Canudos como \u201cuma experi\u00eancia de rebeldia mais defensiva do que agressiva, mas o p\u00e2nico se alastrou a partir da Capital\u201d.<\/p>\n<h4>A quarta expedi\u00e7\u00e3o a Canudos<\/h4>\n<p>A quarta expedi\u00e7\u00e3o, liderada pelo general Artur Oscar de Andrade Guimar\u00e3es, iniciou-se em junho de 1897 e foi marcada por um longo combate. Inicialmente com cinco mil soldados, ap\u00f3s diversas baixas e solicita\u00e7\u00e3o de refor\u00e7os, o contingente militar chegou a mais de oito mil oficiais.<\/p>\n<p>Com a repercuss\u00e3o na regi\u00e3o sudeste, diversos jornais enviaram representantes para cobrir o conflito, entre eles o ent\u00e3o jornalista Euclides da Cunha, enviado pelo jornal O Estado de S\u00e3o Paulo. Mais tarde, a cobertura da guerra seria imortalizada no livro \u201cOs Sert\u00f5es\u201d.<\/p>\n<p>O Arraial de Canudos foi exterminado em outubro de 1897 e como resultado, al\u00e9m de mortes entre os militares, estima-se que\u00a0<a href=\"https:\/\/periodicos.fgv.br\/mosaico\/article\/view\/62778\" target=\"_blank\" rel=\"noopener\">25 mil conselheiristas tenham morrido<\/a>, muitos deles executados ap\u00f3s serem capturados.<\/p>\n<p>Para garantir a destrui\u00e7\u00e3o total de Canudos, o vilarejo foi incendiado,o corpo de Ant\u00f4nio Conselheiro, morto um m\u00eas antes do t\u00e9rmino da guerra, foi desenterrado e sua cabe\u00e7a enviada para estudos acad\u00eamicos.<\/p>\n<div id=\"attachment_67054\" class=\"wp-caption alignnone\">\n<p><img loading=\"lazy\" decoding=\"async\" class=\"wp-image-67054\" title=\"destruicao Guerra de Canudos\" src=\"https:\/\/iclnoticias.com.br\/wp-content\/uploads\/2025\/03\/ruinas-canudos.webp\" alt=\"Ap\u00f3s a quarta expedi\u00e7\u00e3o a Canudos, o Arraial foi completamente destru\u00eddo e sua popula\u00e7\u00e3o dizimada. Fl\u00e1vio de Barros\/Acervo Museu da Rep\u00fablica\" width=\"750\" height=\"499\" aria-describedby=\"caption-attachment-67054\" \/><\/p>\n<p id=\"caption-attachment-67054\" class=\"wp-caption-text\">Ap\u00f3s a quarta expedi\u00e7\u00e3o a Canudos, o Arraial foi completamente destru\u00eddo e sua popula\u00e7\u00e3o dizimada. Fl\u00e1vio de Barros\/Acervo Museu da Rep\u00fablica<\/p>\n<\/div>\n<h2>O conflito pela terra ainda existe<\/h2>\n<p>A Guerra de Canudos foi fortemente marcada pelo car\u00e1ter m\u00edstico e prof\u00e9tico de Ant\u00f4nio Conselheiro e seus seguidores. Mas, al\u00e9m disso, \u00e9 importante compreender o conflito no contexto da luta pela terra, uma ferida aberta no Brasil at\u00e9 os dias de hoje.<\/p>\n<p>Em 1893, os conselheiristas fundaram Canudos e promoveram uma comunidade marcada pela propriedade coletiva do solo e pela distribui\u00e7\u00e3o de alimentos. A a\u00e7\u00e3o expunha tamb\u00e9m a disputa com os grandes latifundi\u00e1rios, que concentravam propriedades e impunham uma l\u00f3gica explorat\u00f3ria de trabalho aos sertanejos. Al\u00e9m disso, a falta de pol\u00edticas que garantissem acesso \u00e0 terra e direitos b\u00e1sicos para a popula\u00e7\u00e3o rec\u00e9m-liberta ap\u00f3s a aboli\u00e7\u00e3o da escravid\u00e3o era evidente.<\/p>\n<p>O\u00a0<a href=\"https:\/\/agenciadenoticias.ibge.gov.br\/agencia-noticias\/2012-agencia-de-noticias\/noticias\/29724-atlas-do-espaco-rural-retrata-diversidade-e-desigualdade-do-campo-brasileiro\" target=\"_blank\" rel=\"noopener\">Atlas do Espa\u00e7o Rural<\/a>, publicado pelo Instituto Brasileiro de Geografia e Estat\u00edstica (IBGE) em 2020, revelou que a desigualdade nos estabelecimentos agropecu\u00e1rios brasileiros ainda \u00e9 uma marca do espa\u00e7o rural. Entre os dirigentes de propriedades com at\u00e9 um hectare (dez mil m\u00b3), 57,9% se declaram como pardos. Nas terras entre mil a dez mil hectares, 74,7% s\u00e3o brancos e 23,8% pretos ou pardos.<\/p>\n<p>O curioso \u00e9 que 81% desses estabelecimentos t\u00eam at\u00e9 50 hectares, mas eles representam 12,8% da \u00e1rea total destas terras no Brasil. No entanto, as propriedades com 2,5 mil hectares, 0,3% do total de estabelecimentos, representam 32,8% da \u00e1rea ocupada.<\/p>\n<h2>Conclus\u00e3o<\/h2>\n<p>Longe de ser um epis\u00f3dio isolado da hist\u00f3ria brasileira, a Guerra de Canudos foi tamb\u00e9m um reflexo de desigualdades estruturais que ainda prevalecem em nossa sociedade. O massacre do Arraial exp\u00f4s a viol\u00eancia do estado, impulsionado por grupos pol\u00edticos que se opunham aos anseios dos mais pobres e marginalizados, uma realidade que\u00a0<a href=\"https:\/\/iclnoticias.com.br\/ataque-tremembe-investigacao-prendeu-uma-pessoa\/\" target=\"_blank\" rel=\"noopener\">ainda se repete em conflitos fundi\u00e1rios<\/a>\u00a0no Brasil contempor\u00e2neo.<\/p>\n<p>A exclus\u00e3o social ainda pode ser vista na concentra\u00e7\u00e3o de terras no pa\u00eds,\u00a0<a href=\"https:\/\/www.oxfam.org.br\/noticias\/a-desigualdade-no-chao-muita-terra-e-pouca-gente\/\" target=\"_blank\" rel=\"noopener\">uma das mais desiguais do mundo<\/a>. Atualmente,\u00a0<a href=\"https:\/\/iclnoticias.com.br\/atg\/movimentos-sociais\/\" target=\"_blank\" rel=\"noopener\">movimentos sociais<\/a>\u00a0que lutam pela terra s\u00e3o uma marca do territ\u00f3rio rural brasileiro, sendo fundamentais na luta por justi\u00e7a social. Por isso, a hist\u00f3ria de Canudos nos convida a refletir sobre a import\u00e2ncia de promover um pa\u00eds mais justo e plural.<\/p>\n<p>Em um mundo marcado pela desigualdade, injusti\u00e7a e crises sociais, pensar criticamente o Brasil \u00e9 essencial. Se voc\u00ea quer aprender mais sobre aspectos fundamentais da hist\u00f3ria e pol\u00edtica brasileira, conhe\u00e7a a p\u00f3s-gradua\u00e7\u00e3o ICL \u201c<a href=\"https:\/\/iclpos.com.br\/\" target=\"_blank\" rel=\"noopener\">Repensando o Brasil: Sociedade, pol\u00edtica e hist\u00f3ria<\/a>\u201d, oferecida em parceria com a FESPSP. Essa \u00e9 uma oportunidade para desenvolver uma vis\u00e3o cr\u00edtica e engajada sobre os desafios do nosso tempo.<\/p>\n<p>&nbsp;<\/p>\n<p><strong>*Estagi\u00e1rio sob supervis\u00e3o de Leila Cangussu<\/strong><\/p>\n<\/div>\n<\/article>\n<\/div>\n<\/div>\n<\/section>\n","protected":false},"excerpt":{"rendered":"<p>Por Iago Filgueiras* Nos primeiros anos ap\u00f3s a Proclama\u00e7\u00e3o da Rep\u00fablica, o Brasil viveu uma das maiores trag\u00e9dias de sua hist\u00f3ria. Descubra o que foi a Guerra de Canudos e como a desigualdade social se tornou marca do conflito. Fl\u00e1vio de Barros\/Acervo Museu da Rep\u00fablica A Guerra de Canudos foi um dos mais marcantes conflitos sociais do in\u00edcio do per\u00edodo republicano no Brasil. Eternizado no livro \u201cOs Sert\u00f5es\u201d, de Euclides da Cunha, o movimento passou a fazer parte do imagin\u00e1rio coletivo e da\u00a0hist\u00f3ria brasileira. A guerra exp\u00f4s as contradi\u00e7\u00f5es e diferen\u00e7as entre um Brasil governado por elites intelectuais e econ\u00f4micas litor\u00e2neas \u2014 que desconheciam a realidade social do pa\u00eds \u2014 e uma popula\u00e7\u00e3o cujo direito \u00e0 terra havia sido negado&hellip; <\/p>\n","protected":false},"author":2,"featured_media":246359,"comment_status":"open","ping_status":"open","sticky":false,"template":"","format":"standard","meta":{"_acf_changed":false,"footnotes":""},"categories":[10],"tags":[],"class_list":["post-390299","post","type-post","status-publish","format-standard","has-post-thumbnail","hentry","category-cultura"],"acf":[],"yoast_head":"<!-- This site is optimized with the Yoast SEO plugin v27.4 - https:\/\/yoast.com\/product\/yoast-seo-wordpress\/ -->\n<title>Especial. Guerra de Canudos: quando o misticismo e a desigualdade social se misturaram no jovem Brasil Rep\u00fablica - Blog do Farn\u00e9sio<\/title>\n<meta name=\"robots\" content=\"index, follow, max-snippet:-1, max-image-preview:large, max-video-preview:-1\" \/>\n<link rel=\"canonical\" href=\"https:\/\/blogdofarnesio.com.br\/?p=390299\" \/>\n<meta property=\"og:locale\" content=\"pt_BR\" \/>\n<meta property=\"og:type\" content=\"article\" \/>\n<meta property=\"og:title\" content=\"Especial. Guerra de Canudos: quando o misticismo e a desigualdade social se misturaram no jovem Brasil Rep\u00fablica - Blog do Farn\u00e9sio\" \/>\n<meta property=\"og:description\" content=\"Por Iago Filgueiras* Nos primeiros anos ap\u00f3s a Proclama\u00e7\u00e3o da Rep\u00fablica, o Brasil viveu uma das maiores trag\u00e9dias de sua hist\u00f3ria. Descubra o que foi a Guerra de Canudos e como a desigualdade social se tornou marca do conflito. Fl\u00e1vio de Barros\/Acervo Museu da Rep\u00fablica A Guerra de Canudos foi um dos mais marcantes conflitos sociais do in\u00edcio do per\u00edodo republicano no Brasil. Eternizado no livro \u201cOs Sert\u00f5es\u201d, de Euclides da Cunha, o movimento passou a fazer parte do imagin\u00e1rio coletivo e da\u00a0hist\u00f3ria brasileira. A guerra exp\u00f4s as contradi\u00e7\u00f5es e diferen\u00e7as entre um Brasil governado por elites intelectuais e econ\u00f4micas litor\u00e2neas \u2014 que desconheciam a realidade social do pa\u00eds \u2014 e uma popula\u00e7\u00e3o cujo direito \u00e0 terra havia sido negado&hellip;\" \/>\n<meta property=\"og:url\" content=\"https:\/\/blogdofarnesio.com.br\/?p=390299\" \/>\n<meta property=\"og:site_name\" content=\"Blog do Farn\u00e9sio\" \/>\n<meta property=\"article:publisher\" content=\"https:\/\/www.facebook.com\/BlogQuerSaberPolitica\/\" \/>\n<meta property=\"article:author\" content=\"https:\/\/www.facebook.com\/?ref=tn_tnmn\" \/>\n<meta property=\"article:published_time\" content=\"2025-03-24T11:02:43+00:00\" \/>\n<meta property=\"og:image\" content=\"https:\/\/blogdofarnesio.com.br\/wp-content\/uploads\/2019\/12\/blogqspcanudos...jpg\" \/>\n\t<meta property=\"og:image:width\" content=\"380\" \/>\n\t<meta property=\"og:image:height\" content=\"280\" \/>\n\t<meta property=\"og:image:type\" content=\"image\/jpeg\" \/>\n<meta name=\"author\" content=\"Farn\u00e9sio\" \/>\n<meta name=\"twitter:card\" content=\"summary_large_image\" \/>\n<meta name=\"twitter:label1\" content=\"Escrito por\" \/>\n\t<meta name=\"twitter:data1\" content=\"Farn\u00e9sio\" \/>\n\t<meta name=\"twitter:label2\" content=\"Est. tempo de leitura\" \/>\n\t<meta name=\"twitter:data2\" content=\"16 minutos\" \/>\n<script type=\"application\/ld+json\" class=\"yoast-schema-graph\">{\"@context\":\"https:\\\/\\\/schema.org\",\"@graph\":[{\"@type\":\"Article\",\"@id\":\"https:\\\/\\\/blogdofarnesio.com.br\\\/?p=390299#article\",\"isPartOf\":{\"@id\":\"https:\\\/\\\/blogdofarnesio.com.br\\\/?p=390299\"},\"author\":{\"name\":\"Farn\u00e9sio\",\"@id\":\"https:\\\/\\\/blogdofarnesio.com.br\\\/#\\\/schema\\\/person\\\/bb9b23ae3ad0609ce8df7b6c9e76824d\"},\"headline\":\"Especial. Guerra de Canudos: quando o misticismo e a desigualdade social se misturaram no jovem Brasil Rep\u00fablica\",\"datePublished\":\"2025-03-24T11:02:43+00:00\",\"mainEntityOfPage\":{\"@id\":\"https:\\\/\\\/blogdofarnesio.com.br\\\/?p=390299\"},\"wordCount\":2782,\"commentCount\":0,\"publisher\":{\"@id\":\"https:\\\/\\\/blogdofarnesio.com.br\\\/#organization\"},\"image\":{\"@id\":\"https:\\\/\\\/blogdofarnesio.com.br\\\/?p=390299#primaryimage\"},\"thumbnailUrl\":\"https:\\\/\\\/blogdofarnesio.com.br\\\/wp-content\\\/uploads\\\/2019\\\/12\\\/blogqspcanudos...jpg\",\"articleSection\":[\"Cultura\"],\"inLanguage\":\"pt-BR\",\"potentialAction\":[{\"@type\":\"CommentAction\",\"name\":\"Comment\",\"target\":[\"https:\\\/\\\/blogdofarnesio.com.br\\\/?p=390299#respond\"]}]},{\"@type\":\"WebPage\",\"@id\":\"https:\\\/\\\/blogdofarnesio.com.br\\\/?p=390299\",\"url\":\"https:\\\/\\\/blogdofarnesio.com.br\\\/?p=390299\",\"name\":\"Especial. Guerra de Canudos: quando o misticismo e a desigualdade social se misturaram no jovem Brasil Rep\u00fablica - Blog do Farn\u00e9sio\",\"isPartOf\":{\"@id\":\"https:\\\/\\\/blogdofarnesio.com.br\\\/#website\"},\"primaryImageOfPage\":{\"@id\":\"https:\\\/\\\/blogdofarnesio.com.br\\\/?p=390299#primaryimage\"},\"image\":{\"@id\":\"https:\\\/\\\/blogdofarnesio.com.br\\\/?p=390299#primaryimage\"},\"thumbnailUrl\":\"https:\\\/\\\/blogdofarnesio.com.br\\\/wp-content\\\/uploads\\\/2019\\\/12\\\/blogqspcanudos...jpg\",\"datePublished\":\"2025-03-24T11:02:43+00:00\",\"breadcrumb\":{\"@id\":\"https:\\\/\\\/blogdofarnesio.com.br\\\/?p=390299#breadcrumb\"},\"inLanguage\":\"pt-BR\",\"potentialAction\":[{\"@type\":\"ReadAction\",\"target\":[\"https:\\\/\\\/blogdofarnesio.com.br\\\/?p=390299\"]}]},{\"@type\":\"ImageObject\",\"inLanguage\":\"pt-BR\",\"@id\":\"https:\\\/\\\/blogdofarnesio.com.br\\\/?p=390299#primaryimage\",\"url\":\"https:\\\/\\\/blogdofarnesio.com.br\\\/wp-content\\\/uploads\\\/2019\\\/12\\\/blogqspcanudos...jpg\",\"contentUrl\":\"https:\\\/\\\/blogdofarnesio.com.br\\\/wp-content\\\/uploads\\\/2019\\\/12\\\/blogqspcanudos...jpg\",\"width\":380,\"height\":280},{\"@type\":\"BreadcrumbList\",\"@id\":\"https:\\\/\\\/blogdofarnesio.com.br\\\/?p=390299#breadcrumb\",\"itemListElement\":[{\"@type\":\"ListItem\",\"position\":1,\"name\":\"In\u00edcio\",\"item\":\"https:\\\/\\\/blogdofarnesio.com.br\\\/\"},{\"@type\":\"ListItem\",\"position\":2,\"name\":\"Especial. Guerra de Canudos: quando o misticismo e a desigualdade social se misturaram no jovem Brasil Rep\u00fablica\"}]},{\"@type\":\"WebSite\",\"@id\":\"https:\\\/\\\/blogdofarnesio.com.br\\\/#website\",\"url\":\"https:\\\/\\\/blogdofarnesio.com.br\\\/\",\"name\":\"Blog do Farn\u00e9sio\",\"description\":\"Quer Saber Pol\u00edtica?\",\"publisher\":{\"@id\":\"https:\\\/\\\/blogdofarnesio.com.br\\\/#organization\"},\"potentialAction\":[{\"@type\":\"SearchAction\",\"target\":{\"@type\":\"EntryPoint\",\"urlTemplate\":\"https:\\\/\\\/blogdofarnesio.com.br\\\/?s={search_term_string}\"},\"query-input\":{\"@type\":\"PropertyValueSpecification\",\"valueRequired\":true,\"valueName\":\"search_term_string\"}}],\"inLanguage\":\"pt-BR\"},{\"@type\":\"Organization\",\"@id\":\"https:\\\/\\\/blogdofarnesio.com.br\\\/#organization\",\"name\":\"Blog do Farn\u00e9sio\",\"url\":\"https:\\\/\\\/blogdofarnesio.com.br\\\/\",\"logo\":{\"@type\":\"ImageObject\",\"inLanguage\":\"pt-BR\",\"@id\":\"https:\\\/\\\/blogdofarnesio.com.br\\\/#\\\/schema\\\/logo\\\/image\\\/\",\"url\":\"https:\\\/\\\/blogdofarnesio.com.br\\\/wp-content\\\/uploads\\\/2026\\\/03\\\/cropped-logo_new-1.png\",\"contentUrl\":\"https:\\\/\\\/blogdofarnesio.com.br\\\/wp-content\\\/uploads\\\/2026\\\/03\\\/cropped-logo_new-1.png\",\"width\":881,\"height\":685,\"caption\":\"Blog do Farn\u00e9sio\"},\"image\":{\"@id\":\"https:\\\/\\\/blogdofarnesio.com.br\\\/#\\\/schema\\\/logo\\\/image\\\/\"},\"sameAs\":[\"https:\\\/\\\/www.facebook.com\\\/BlogQuerSaberPolitica\\\/\"]},{\"@type\":\"Person\",\"@id\":\"https:\\\/\\\/blogdofarnesio.com.br\\\/#\\\/schema\\\/person\\\/bb9b23ae3ad0609ce8df7b6c9e76824d\",\"name\":\"Farn\u00e9sio\",\"image\":{\"@type\":\"ImageObject\",\"inLanguage\":\"pt-BR\",\"@id\":\"https:\\\/\\\/secure.gravatar.com\\\/avatar\\\/986aa4c61ccdb66f8555bf88fc2a65609d00bcabd4d2d94377a727547345cbca?s=96&d=mm&r=g\",\"url\":\"https:\\\/\\\/secure.gravatar.com\\\/avatar\\\/986aa4c61ccdb66f8555bf88fc2a65609d00bcabd4d2d94377a727547345cbca?s=96&d=mm&r=g\",\"contentUrl\":\"https:\\\/\\\/secure.gravatar.com\\\/avatar\\\/986aa4c61ccdb66f8555bf88fc2a65609d00bcabd4d2d94377a727547345cbca?s=96&d=mm&r=g\",\"caption\":\"Farn\u00e9sio\"},\"description\":\"Radialista blogueiro, chegou a Petrolina\\\/Juazeiro em setembro de 1980, Farn\u00e9sio Silva \u00e9 de Arapiraca-Alagoas.\",\"sameAs\":[\"http:\\\/\\\/blogdofarnesio.com.br\",\"https:\\\/\\\/www.facebook.com\\\/?ref=tn_tnmn\",\"https:\\\/\\\/www.instagram.com\\\/?utm_source=pwa_homescreen\",\"https:\\\/\\\/youtube.com.br\\\/\"],\"url\":\"https:\\\/\\\/blogdofarnesio.com.br\\\/?author=2\"}]}<\/script>\n<!-- \/ Yoast SEO plugin. -->","yoast_head_json":{"title":"Especial. Guerra de Canudos: quando o misticismo e a desigualdade social se misturaram no jovem Brasil Rep\u00fablica - Blog do Farn\u00e9sio","robots":{"index":"index","follow":"follow","max-snippet":"max-snippet:-1","max-image-preview":"max-image-preview:large","max-video-preview":"max-video-preview:-1"},"canonical":"https:\/\/blogdofarnesio.com.br\/?p=390299","og_locale":"pt_BR","og_type":"article","og_title":"Especial. Guerra de Canudos: quando o misticismo e a desigualdade social se misturaram no jovem Brasil Rep\u00fablica - Blog do Farn\u00e9sio","og_description":"Por Iago Filgueiras* Nos primeiros anos ap\u00f3s a Proclama\u00e7\u00e3o da Rep\u00fablica, o Brasil viveu uma das maiores trag\u00e9dias de sua hist\u00f3ria. Descubra o que foi a Guerra de Canudos e como a desigualdade social se tornou marca do conflito. Fl\u00e1vio de Barros\/Acervo Museu da Rep\u00fablica A Guerra de Canudos foi um dos mais marcantes conflitos sociais do in\u00edcio do per\u00edodo republicano no Brasil. Eternizado no livro \u201cOs Sert\u00f5es\u201d, de Euclides da Cunha, o movimento passou a fazer parte do imagin\u00e1rio coletivo e da\u00a0hist\u00f3ria brasileira. A guerra exp\u00f4s as contradi\u00e7\u00f5es e diferen\u00e7as entre um Brasil governado por elites intelectuais e econ\u00f4micas litor\u00e2neas \u2014 que desconheciam a realidade social do pa\u00eds \u2014 e uma popula\u00e7\u00e3o cujo direito \u00e0 terra havia sido negado&hellip;","og_url":"https:\/\/blogdofarnesio.com.br\/?p=390299","og_site_name":"Blog do Farn\u00e9sio","article_publisher":"https:\/\/www.facebook.com\/BlogQuerSaberPolitica\/","article_author":"https:\/\/www.facebook.com\/?ref=tn_tnmn","article_published_time":"2025-03-24T11:02:43+00:00","og_image":[{"width":380,"height":280,"url":"https:\/\/blogdofarnesio.com.br\/wp-content\/uploads\/2019\/12\/blogqspcanudos...jpg","type":"image\/jpeg"}],"author":"Farn\u00e9sio","twitter_card":"summary_large_image","twitter_misc":{"Escrito por":"Farn\u00e9sio","Est. tempo de leitura":"16 minutos"},"schema":{"@context":"https:\/\/schema.org","@graph":[{"@type":"Article","@id":"https:\/\/blogdofarnesio.com.br\/?p=390299#article","isPartOf":{"@id":"https:\/\/blogdofarnesio.com.br\/?p=390299"},"author":{"name":"Farn\u00e9sio","@id":"https:\/\/blogdofarnesio.com.br\/#\/schema\/person\/bb9b23ae3ad0609ce8df7b6c9e76824d"},"headline":"Especial. Guerra de Canudos: quando o misticismo e a desigualdade social se misturaram no jovem Brasil Rep\u00fablica","datePublished":"2025-03-24T11:02:43+00:00","mainEntityOfPage":{"@id":"https:\/\/blogdofarnesio.com.br\/?p=390299"},"wordCount":2782,"commentCount":0,"publisher":{"@id":"https:\/\/blogdofarnesio.com.br\/#organization"},"image":{"@id":"https:\/\/blogdofarnesio.com.br\/?p=390299#primaryimage"},"thumbnailUrl":"https:\/\/blogdofarnesio.com.br\/wp-content\/uploads\/2019\/12\/blogqspcanudos...jpg","articleSection":["Cultura"],"inLanguage":"pt-BR","potentialAction":[{"@type":"CommentAction","name":"Comment","target":["https:\/\/blogdofarnesio.com.br\/?p=390299#respond"]}]},{"@type":"WebPage","@id":"https:\/\/blogdofarnesio.com.br\/?p=390299","url":"https:\/\/blogdofarnesio.com.br\/?p=390299","name":"Especial. Guerra de Canudos: quando o misticismo e a desigualdade social se misturaram no jovem Brasil Rep\u00fablica - Blog do Farn\u00e9sio","isPartOf":{"@id":"https:\/\/blogdofarnesio.com.br\/#website"},"primaryImageOfPage":{"@id":"https:\/\/blogdofarnesio.com.br\/?p=390299#primaryimage"},"image":{"@id":"https:\/\/blogdofarnesio.com.br\/?p=390299#primaryimage"},"thumbnailUrl":"https:\/\/blogdofarnesio.com.br\/wp-content\/uploads\/2019\/12\/blogqspcanudos...jpg","datePublished":"2025-03-24T11:02:43+00:00","breadcrumb":{"@id":"https:\/\/blogdofarnesio.com.br\/?p=390299#breadcrumb"},"inLanguage":"pt-BR","potentialAction":[{"@type":"ReadAction","target":["https:\/\/blogdofarnesio.com.br\/?p=390299"]}]},{"@type":"ImageObject","inLanguage":"pt-BR","@id":"https:\/\/blogdofarnesio.com.br\/?p=390299#primaryimage","url":"https:\/\/blogdofarnesio.com.br\/wp-content\/uploads\/2019\/12\/blogqspcanudos...jpg","contentUrl":"https:\/\/blogdofarnesio.com.br\/wp-content\/uploads\/2019\/12\/blogqspcanudos...jpg","width":380,"height":280},{"@type":"BreadcrumbList","@id":"https:\/\/blogdofarnesio.com.br\/?p=390299#breadcrumb","itemListElement":[{"@type":"ListItem","position":1,"name":"In\u00edcio","item":"https:\/\/blogdofarnesio.com.br\/"},{"@type":"ListItem","position":2,"name":"Especial. Guerra de Canudos: quando o misticismo e a desigualdade social se misturaram no jovem Brasil Rep\u00fablica"}]},{"@type":"WebSite","@id":"https:\/\/blogdofarnesio.com.br\/#website","url":"https:\/\/blogdofarnesio.com.br\/","name":"Blog do Farn\u00e9sio","description":"Quer Saber Pol\u00edtica?","publisher":{"@id":"https:\/\/blogdofarnesio.com.br\/#organization"},"potentialAction":[{"@type":"SearchAction","target":{"@type":"EntryPoint","urlTemplate":"https:\/\/blogdofarnesio.com.br\/?s={search_term_string}"},"query-input":{"@type":"PropertyValueSpecification","valueRequired":true,"valueName":"search_term_string"}}],"inLanguage":"pt-BR"},{"@type":"Organization","@id":"https:\/\/blogdofarnesio.com.br\/#organization","name":"Blog do Farn\u00e9sio","url":"https:\/\/blogdofarnesio.com.br\/","logo":{"@type":"ImageObject","inLanguage":"pt-BR","@id":"https:\/\/blogdofarnesio.com.br\/#\/schema\/logo\/image\/","url":"https:\/\/blogdofarnesio.com.br\/wp-content\/uploads\/2026\/03\/cropped-logo_new-1.png","contentUrl":"https:\/\/blogdofarnesio.com.br\/wp-content\/uploads\/2026\/03\/cropped-logo_new-1.png","width":881,"height":685,"caption":"Blog do Farn\u00e9sio"},"image":{"@id":"https:\/\/blogdofarnesio.com.br\/#\/schema\/logo\/image\/"},"sameAs":["https:\/\/www.facebook.com\/BlogQuerSaberPolitica\/"]},{"@type":"Person","@id":"https:\/\/blogdofarnesio.com.br\/#\/schema\/person\/bb9b23ae3ad0609ce8df7b6c9e76824d","name":"Farn\u00e9sio","image":{"@type":"ImageObject","inLanguage":"pt-BR","@id":"https:\/\/secure.gravatar.com\/avatar\/986aa4c61ccdb66f8555bf88fc2a65609d00bcabd4d2d94377a727547345cbca?s=96&d=mm&r=g","url":"https:\/\/secure.gravatar.com\/avatar\/986aa4c61ccdb66f8555bf88fc2a65609d00bcabd4d2d94377a727547345cbca?s=96&d=mm&r=g","contentUrl":"https:\/\/secure.gravatar.com\/avatar\/986aa4c61ccdb66f8555bf88fc2a65609d00bcabd4d2d94377a727547345cbca?s=96&d=mm&r=g","caption":"Farn\u00e9sio"},"description":"Radialista blogueiro, chegou a Petrolina\/Juazeiro em setembro de 1980, Farn\u00e9sio Silva \u00e9 de Arapiraca-Alagoas.","sameAs":["http:\/\/blogdofarnesio.com.br","https:\/\/www.facebook.com\/?ref=tn_tnmn","https:\/\/www.instagram.com\/?utm_source=pwa_homescreen","https:\/\/youtube.com.br\/"],"url":"https:\/\/blogdofarnesio.com.br\/?author=2"}]}},"_links":{"self":[{"href":"https:\/\/blogdofarnesio.com.br\/index.php?rest_route=\/wp\/v2\/posts\/390299","targetHints":{"allow":["GET"]}}],"collection":[{"href":"https:\/\/blogdofarnesio.com.br\/index.php?rest_route=\/wp\/v2\/posts"}],"about":[{"href":"https:\/\/blogdofarnesio.com.br\/index.php?rest_route=\/wp\/v2\/types\/post"}],"author":[{"embeddable":true,"href":"https:\/\/blogdofarnesio.com.br\/index.php?rest_route=\/wp\/v2\/users\/2"}],"replies":[{"embeddable":true,"href":"https:\/\/blogdofarnesio.com.br\/index.php?rest_route=%2Fwp%2Fv2%2Fcomments&post=390299"}],"version-history":[{"count":0,"href":"https:\/\/blogdofarnesio.com.br\/index.php?rest_route=\/wp\/v2\/posts\/390299\/revisions"}],"wp:featuredmedia":[{"embeddable":true,"href":"https:\/\/blogdofarnesio.com.br\/index.php?rest_route=\/wp\/v2\/media\/246359"}],"wp:attachment":[{"href":"https:\/\/blogdofarnesio.com.br\/index.php?rest_route=%2Fwp%2Fv2%2Fmedia&parent=390299"}],"wp:term":[{"taxonomy":"category","embeddable":true,"href":"https:\/\/blogdofarnesio.com.br\/index.php?rest_route=%2Fwp%2Fv2%2Fcategories&post=390299"},{"taxonomy":"post_tag","embeddable":true,"href":"https:\/\/blogdofarnesio.com.br\/index.php?rest_route=%2Fwp%2Fv2%2Ftags&post=390299"}],"curies":[{"name":"wp","href":"https:\/\/api.w.org\/{rel}","templated":true}]}}