{"id":389951,"date":"2025-03-18T15:03:23","date_gmt":"2025-03-18T18:03:23","guid":{"rendered":"https:\/\/blogdofarnesio.com.br\/?p=389951"},"modified":"2025-03-18T14:40:53","modified_gmt":"2025-03-18T17:40:53","slug":"cnu-matriculas-para-cursos-de-formacao-terminam-nesta-terca-18-3","status":"publish","type":"post","link":"https:\/\/blogdofarnesio.com.br\/?p=389951","title":{"rendered":"CNU: matr\u00edculas para cursos de forma\u00e7\u00e3o terminam nesta ter\u00e7a (18\/3)"},"content":{"rendered":"<header class=\"styles__Head-sc-20qlq5-1 bbMyaj\">\n<nav class=\"MenuWrapper-sc-oovkh1-0 gcBmsF\" data-mrf-recirculation=\"Menu\">\n<div class=\"MenuWrapper__Container-sc-oovkh1-1 jJlsdx\">\n<div class=\"MenuWrapper__CentralSide-sc-oovkh1-3 gjuHeo\">\n<p><a href=\"https:\/\/www.metropoles.com\/author\/flavia-said\" target=\"_top\" rel=\"author\">Fl\u00e1via Said\u00a0 &#8211;\u00a0 <\/a><\/p>\n<p class=\"Text__TextBase-sc-1d75gww-0 jhnILN m-tech-logo\">Cinco carreiras do Concurso Nacional Unificado (CNU) t\u00eam cursos de forma\u00e7\u00e3o promovidos pela Escola Nacional de Administra\u00e7\u00e3o P\u00fablica (Enap)<\/p>\n<\/div>\n<\/div>\n<\/nav>\n<\/header>\n<div class=\"NoticiaInternaWrapper-sc-481g5p-0 cZkWqa categoria__brasil\">\n<div class=\"Grid__Container-sc-owmjhw-0 dqQxhb\">\n<div class=\"Grid__Row-sc-owmjhw-1 cqmWHV\">\n<div class=\"Grid__Col-sc-owmjhw-2 BGIlG\">\n<article class=\"Grid__Row-sc-owmjhw-1 hXiIKi\">\n<div class=\"Grid__Col-sc-owmjhw-2 jxWCJw\">\n<div class=\"Grid__Col-sc-owmjhw-2 cgtvGh\">\n<div class=\"ConteudoNoticiaWrapper-sc-19fsm27-0 hIDPRr m-content\">\n<div class=\"ConteudoNoticiaWrapper__Artigo-sc-19fsm27-1 iZYHrO\">\n<p>O per\u00edodo de matr\u00edculas para os\u00a0<a href=\"https:\/\/www.metropoles.com\/brasil\/veja-como-serao-os-cursos-de-formacao-dos-candidatos-aprovados-no-cnu\">cursos de forma\u00e7\u00e3o<\/a>\u00a0no \u00e2mbito do\u00a0<a href=\"https:\/\/www.metropoles.com\/tag\/concurso-unificado\">Concurso Nacional Unificado (CNU)<\/a>\u00a0promovidos pela\u00a0<a href=\"https:\/\/www.enap.gov.br\/pt\/\" rel=\"noopener\">Escola Nacional de Administra\u00e7\u00e3o P\u00fablica (Enap)<\/a> termina nesta ter\u00e7a-feira (18\/3).<\/p>\n<p>O curso de forma\u00e7\u00e3o \u00e9 uma fase obrigat\u00f3ria, eliminat\u00f3ria e classificat\u00f3ria para nove cargos do CNU.<\/p>\n<p data-gtm-vis-recent-on-screen104869357_94=\"5258\" data-gtm-vis-first-on-screen104869357_94=\"5259\" data-gtm-vis-total-visible-time104869357_94=\"100\" data-gtm-vis-has-fired104869357_94=\"1\">Para ser aprovado no curso de forma\u00e7\u00e3o, \u00e9 preciso obter pelo menos 70% da pontua\u00e7\u00e3o total, no m\u00ednimo 60% em cada eixo program\u00e1tico e cumprir a frequ\u00eancia integral, com at\u00e9 25% de faltas justificadas.<\/p>\n<p>Cinco carreiras ter\u00e3o curso de forma\u00e7\u00e3o conduzido pela Enap. S\u00e3o elas:<\/p>\n<ol>\n<li>Especialista em Pol\u00edticas P\u00fablicas e Gest\u00e3o Governamental (EPPGG);<\/li>\n<li>Analista de Com\u00e9rcio Exterior (ACE);<\/li>\n<li>Analista de Infraestrutura (AIE);<\/li>\n<li>Analista em Tecnologia da Informa\u00e7\u00e3o (ATI); e<\/li>\n<li>Analista T\u00e9cnico de Pol\u00edticas Sociais (ATPS).<\/li>\n<\/ol>\n<p>As matr\u00edculas devem ser feitas por meio de um formul\u00e1rio eletr\u00f4nico de forma on-line no site da Escola, no endere\u00e7o\u00a0<a href=\"https:\/\/www.enap.gov.br\/pt\/\" rel=\"noopener\">www.enap.gov.br<\/a>. Em caso de d\u00favidas sobre o processo de matr\u00edculas, os candidatos podem acessar a p\u00e1gina:\u00a0<a href=\"https:\/\/www.enap.gov.br\/pt\/cursos\/formacao-inicial\/\" rel=\"noopener\">https:\/\/enap.gov.br\/pt\/cursos\/formacao-inicial<\/a>\/.<\/p>\n<h4>In\u00edcio das aulas<\/h4>\n<p>Os cursos de forma\u00e7\u00e3o de todas as carreiras come\u00e7am em abril, mas em datas diferentes. A carga hor\u00e1ria total ter\u00e1 entre 380 e 580 horas, conforme o cargo.<\/p>\n<p>As aulas ser\u00e3o presenciais, em Bras\u00edlia (DF), de segunda a sexta-feira, com carga hor\u00e1ria di\u00e1ria de oito horas-aula, nos per\u00edodos matutino e vespertino, com intervalo para almo\u00e7o.<\/p>\n<p>Durante o per\u00edodo de forma\u00e7\u00e3o, os convocados ter\u00e3o direito a 50% da remunera\u00e7\u00e3o inicial prevista para o cargo, salvo servidores p\u00fablicos federais que optarem por manter seus vencimentos. A log\u00edstica para acomoda\u00e7\u00e3o em Bras\u00edlia \u00e9 de responsabilidade de cada candidato.<\/p>\n<p>As datas previstas para cada carreira s\u00e3o:<\/p>\n<ul>\n<li>Especialista em Pol\u00edticas P\u00fablicas e Gest\u00e3o Governamental (EPPGG): 1\u00ba\/4 a 30\/7;<\/li>\n<li>Analista de Com\u00e9rcio Exterior (ACE): 1\u00ba\/4 a 18\/6;<\/li>\n<li>Analista de Tecnologia da Informa\u00e7\u00e3o (ATI): 15\/4 a 18\/7;<\/li>\n<li>Analista de Infraestrutura (AIE): 8\/4 a 11\/7; e<\/li>\n<li>Analista T\u00e9cnico de Pol\u00edticas Sociais (ATPS): 22\/4 a 25\/7.<\/li>\n<\/ul>\n<p>As datas podem sofrer altera\u00e7\u00f5es. A Enap recomenda acompanhar as atualiza\u00e7\u00f5es no site da escola (<a href=\"https:\/\/enap.gov.br\/pt\/cursos\/formacao-inicial\/\" rel=\"noopener\">https:\/\/enap.gov.br\/pt\/cursos\/formacao-inicial\/<\/a>) e na\u00a0<a href=\"https:\/\/cpnu.cesgranrio.org.br\/login\" rel=\"noopener\">\u00c1rea do Candidato<\/a>, no site da banca organizadora do concurso.<\/p>\n<\/div>\n<\/div>\n<\/div>\n<\/div>\n<\/article>\n<\/div>\n<\/div>\n<\/div>\n<\/div>\n","protected":false},"excerpt":{"rendered":"<p>Fl\u00e1via Said\u00a0 &#8211;\u00a0 Cinco carreiras do Concurso Nacional Unificado (CNU) t\u00eam cursos de forma\u00e7\u00e3o promovidos pela Escola Nacional de Administra\u00e7\u00e3o P\u00fablica (Enap) O per\u00edodo de matr\u00edculas para os\u00a0cursos de forma\u00e7\u00e3o\u00a0no \u00e2mbito do\u00a0Concurso Nacional Unificado (CNU)\u00a0promovidos pela\u00a0Escola Nacional de Administra\u00e7\u00e3o P\u00fablica (Enap) termina nesta ter\u00e7a-feira (18\/3). O curso de forma\u00e7\u00e3o \u00e9 uma fase obrigat\u00f3ria, eliminat\u00f3ria e classificat\u00f3ria para nove cargos do CNU. Para ser aprovado no curso de forma\u00e7\u00e3o, \u00e9 preciso obter pelo menos 70% da pontua\u00e7\u00e3o total, no m\u00ednimo 60% em cada eixo program\u00e1tico e cumprir a frequ\u00eancia integral, com at\u00e9 25% de faltas justificadas. Cinco carreiras ter\u00e3o curso de forma\u00e7\u00e3o conduzido pela Enap. S\u00e3o elas: Especialista em Pol\u00edticas P\u00fablicas e Gest\u00e3o Governamental (EPPGG); Analista de Com\u00e9rcio Exterior (ACE); Analista&hellip; <\/p>\n","protected":false},"author":2,"featured_media":386449,"comment_status":"open","ping_status":"open","sticky":false,"template":"","format":"standard","meta":{"_acf_changed":false,"footnotes":""},"categories":[31],"tags":[],"class_list":["post-389951","post","type-post","status-publish","format-standard","has-post-thumbnail","hentry","category-concursos"],"acf":[],"yoast_head":"<!-- This site is optimized with the Yoast SEO plugin v27.4 - https:\/\/yoast.com\/product\/yoast-seo-wordpress\/ -->\n<title>CNU: matr\u00edculas para cursos de forma\u00e7\u00e3o terminam nesta ter\u00e7a (18\/3) - Blog do Farn\u00e9sio<\/title>\n<meta name=\"robots\" content=\"index, follow, max-snippet:-1, max-image-preview:large, max-video-preview:-1\" \/>\n<link rel=\"canonical\" href=\"https:\/\/blogdofarnesio.com.br\/?p=389951\" \/>\n<meta property=\"og:locale\" content=\"pt_BR\" \/>\n<meta property=\"og:type\" content=\"article\" \/>\n<meta property=\"og:title\" content=\"CNU: matr\u00edculas para cursos de forma\u00e7\u00e3o terminam nesta ter\u00e7a (18\/3) - Blog do Farn\u00e9sio\" \/>\n<meta property=\"og:description\" content=\"Fl\u00e1via Said\u00a0 &#8211;\u00a0 Cinco carreiras do Concurso Nacional Unificado (CNU) t\u00eam cursos de forma\u00e7\u00e3o promovidos pela Escola Nacional de Administra\u00e7\u00e3o P\u00fablica (Enap) O per\u00edodo de matr\u00edculas para os\u00a0cursos de forma\u00e7\u00e3o\u00a0no \u00e2mbito do\u00a0Concurso Nacional Unificado (CNU)\u00a0promovidos pela\u00a0Escola Nacional de Administra\u00e7\u00e3o P\u00fablica (Enap) termina nesta ter\u00e7a-feira (18\/3). O curso de forma\u00e7\u00e3o \u00e9 uma fase obrigat\u00f3ria, eliminat\u00f3ria e classificat\u00f3ria para nove cargos do CNU. Para ser aprovado no curso de forma\u00e7\u00e3o, \u00e9 preciso obter pelo menos 70% da pontua\u00e7\u00e3o total, no m\u00ednimo 60% em cada eixo program\u00e1tico e cumprir a frequ\u00eancia integral, com at\u00e9 25% de faltas justificadas. Cinco carreiras ter\u00e3o curso de forma\u00e7\u00e3o conduzido pela Enap. S\u00e3o elas: Especialista em Pol\u00edticas P\u00fablicas e Gest\u00e3o Governamental (EPPGG); Analista de Com\u00e9rcio Exterior (ACE); Analista&hellip;\" \/>\n<meta property=\"og:url\" content=\"https:\/\/blogdofarnesio.com.br\/?p=389951\" \/>\n<meta property=\"og:site_name\" content=\"Blog do Farn\u00e9sio\" \/>\n<meta property=\"article:publisher\" content=\"https:\/\/www.facebook.com\/BlogQuerSaberPolitica\/\" \/>\n<meta property=\"article:author\" content=\"https:\/\/www.facebook.com\/?ref=tn_tnmn\" \/>\n<meta property=\"article:published_time\" content=\"2025-03-18T18:03:23+00:00\" \/>\n<meta property=\"og:image\" content=\"https:\/\/blogdofarnesio.com.br\/wp-content\/uploads\/2025\/01\/blogqspcnu-concurso-unificado-e1738183226895.jpg\" \/>\n\t<meta property=\"og:image:width\" content=\"568\" \/>\n\t<meta property=\"og:image:height\" content=\"379\" \/>\n\t<meta property=\"og:image:type\" content=\"image\/jpeg\" \/>\n<meta name=\"author\" content=\"Farn\u00e9sio\" \/>\n<meta name=\"twitter:card\" content=\"summary_large_image\" \/>\n<meta name=\"twitter:label1\" content=\"Escrito por\" \/>\n\t<meta name=\"twitter:data1\" content=\"Farn\u00e9sio\" \/>\n\t<meta name=\"twitter:label2\" content=\"Est. tempo de leitura\" \/>\n\t<meta name=\"twitter:data2\" content=\"3 minutos\" \/>\n<script type=\"application\/ld+json\" class=\"yoast-schema-graph\">{\"@context\":\"https:\\\/\\\/schema.org\",\"@graph\":[{\"@type\":\"Article\",\"@id\":\"https:\\\/\\\/blogdofarnesio.com.br\\\/?p=389951#article\",\"isPartOf\":{\"@id\":\"https:\\\/\\\/blogdofarnesio.com.br\\\/?p=389951\"},\"author\":{\"name\":\"Farn\u00e9sio\",\"@id\":\"https:\\\/\\\/blogdofarnesio.com.br\\\/#\\\/schema\\\/person\\\/bb9b23ae3ad0609ce8df7b6c9e76824d\"},\"headline\":\"CNU: matr\u00edculas para cursos de forma\u00e7\u00e3o terminam nesta ter\u00e7a (18\\\/3)\",\"datePublished\":\"2025-03-18T18:03:23+00:00\",\"mainEntityOfPage\":{\"@id\":\"https:\\\/\\\/blogdofarnesio.com.br\\\/?p=389951\"},\"wordCount\":428,\"commentCount\":0,\"publisher\":{\"@id\":\"https:\\\/\\\/blogdofarnesio.com.br\\\/#organization\"},\"image\":{\"@id\":\"https:\\\/\\\/blogdofarnesio.com.br\\\/?p=389951#primaryimage\"},\"thumbnailUrl\":\"https:\\\/\\\/blogdofarnesio.com.br\\\/wp-content\\\/uploads\\\/2025\\\/01\\\/blogqspcnu-concurso-unificado-e1738183226895.jpg\",\"articleSection\":[\"Concursos\"],\"inLanguage\":\"pt-BR\",\"potentialAction\":[{\"@type\":\"CommentAction\",\"name\":\"Comment\",\"target\":[\"https:\\\/\\\/blogdofarnesio.com.br\\\/?p=389951#respond\"]}]},{\"@type\":\"WebPage\",\"@id\":\"https:\\\/\\\/blogdofarnesio.com.br\\\/?p=389951\",\"url\":\"https:\\\/\\\/blogdofarnesio.com.br\\\/?p=389951\",\"name\":\"CNU: matr\u00edculas para cursos de forma\u00e7\u00e3o terminam nesta ter\u00e7a (18\\\/3) - Blog do Farn\u00e9sio\",\"isPartOf\":{\"@id\":\"https:\\\/\\\/blogdofarnesio.com.br\\\/#website\"},\"primaryImageOfPage\":{\"@id\":\"https:\\\/\\\/blogdofarnesio.com.br\\\/?p=389951#primaryimage\"},\"image\":{\"@id\":\"https:\\\/\\\/blogdofarnesio.com.br\\\/?p=389951#primaryimage\"},\"thumbnailUrl\":\"https:\\\/\\\/blogdofarnesio.com.br\\\/wp-content\\\/uploads\\\/2025\\\/01\\\/blogqspcnu-concurso-unificado-e1738183226895.jpg\",\"datePublished\":\"2025-03-18T18:03:23+00:00\",\"breadcrumb\":{\"@id\":\"https:\\\/\\\/blogdofarnesio.com.br\\\/?p=389951#breadcrumb\"},\"inLanguage\":\"pt-BR\",\"potentialAction\":[{\"@type\":\"ReadAction\",\"target\":[\"https:\\\/\\\/blogdofarnesio.com.br\\\/?p=389951\"]}]},{\"@type\":\"ImageObject\",\"inLanguage\":\"pt-BR\",\"@id\":\"https:\\\/\\\/blogdofarnesio.com.br\\\/?p=389951#primaryimage\",\"url\":\"https:\\\/\\\/blogdofarnesio.com.br\\\/wp-content\\\/uploads\\\/2025\\\/01\\\/blogqspcnu-concurso-unificado-e1738183226895.jpg\",\"contentUrl\":\"https:\\\/\\\/blogdofarnesio.com.br\\\/wp-content\\\/uploads\\\/2025\\\/01\\\/blogqspcnu-concurso-unificado-e1738183226895.jpg\",\"width\":568,\"height\":379},{\"@type\":\"BreadcrumbList\",\"@id\":\"https:\\\/\\\/blogdofarnesio.com.br\\\/?p=389951#breadcrumb\",\"itemListElement\":[{\"@type\":\"ListItem\",\"position\":1,\"name\":\"In\u00edcio\",\"item\":\"https:\\\/\\\/blogdofarnesio.com.br\\\/\"},{\"@type\":\"ListItem\",\"position\":2,\"name\":\"CNU: matr\u00edculas para cursos de forma\u00e7\u00e3o terminam nesta ter\u00e7a (18\\\/3)\"}]},{\"@type\":\"WebSite\",\"@id\":\"https:\\\/\\\/blogdofarnesio.com.br\\\/#website\",\"url\":\"https:\\\/\\\/blogdofarnesio.com.br\\\/\",\"name\":\"Blog do Farn\u00e9sio\",\"description\":\"Quer Saber Pol\u00edtica?\",\"publisher\":{\"@id\":\"https:\\\/\\\/blogdofarnesio.com.br\\\/#organization\"},\"potentialAction\":[{\"@type\":\"SearchAction\",\"target\":{\"@type\":\"EntryPoint\",\"urlTemplate\":\"https:\\\/\\\/blogdofarnesio.com.br\\\/?s={search_term_string}\"},\"query-input\":{\"@type\":\"PropertyValueSpecification\",\"valueRequired\":true,\"valueName\":\"search_term_string\"}}],\"inLanguage\":\"pt-BR\"},{\"@type\":\"Organization\",\"@id\":\"https:\\\/\\\/blogdofarnesio.com.br\\\/#organization\",\"name\":\"Blog do Farn\u00e9sio\",\"url\":\"https:\\\/\\\/blogdofarnesio.com.br\\\/\",\"logo\":{\"@type\":\"ImageObject\",\"inLanguage\":\"pt-BR\",\"@id\":\"https:\\\/\\\/blogdofarnesio.com.br\\\/#\\\/schema\\\/logo\\\/image\\\/\",\"url\":\"https:\\\/\\\/blogdofarnesio.com.br\\\/wp-content\\\/uploads\\\/2026\\\/03\\\/cropped-logo_new-1.png\",\"contentUrl\":\"https:\\\/\\\/blogdofarnesio.com.br\\\/wp-content\\\/uploads\\\/2026\\\/03\\\/cropped-logo_new-1.png\",\"width\":881,\"height\":685,\"caption\":\"Blog do Farn\u00e9sio\"},\"image\":{\"@id\":\"https:\\\/\\\/blogdofarnesio.com.br\\\/#\\\/schema\\\/logo\\\/image\\\/\"},\"sameAs\":[\"https:\\\/\\\/www.facebook.com\\\/BlogQuerSaberPolitica\\\/\"]},{\"@type\":\"Person\",\"@id\":\"https:\\\/\\\/blogdofarnesio.com.br\\\/#\\\/schema\\\/person\\\/bb9b23ae3ad0609ce8df7b6c9e76824d\",\"name\":\"Farn\u00e9sio\",\"image\":{\"@type\":\"ImageObject\",\"inLanguage\":\"pt-BR\",\"@id\":\"https:\\\/\\\/secure.gravatar.com\\\/avatar\\\/986aa4c61ccdb66f8555bf88fc2a65609d00bcabd4d2d94377a727547345cbca?s=96&d=mm&r=g\",\"url\":\"https:\\\/\\\/secure.gravatar.com\\\/avatar\\\/986aa4c61ccdb66f8555bf88fc2a65609d00bcabd4d2d94377a727547345cbca?s=96&d=mm&r=g\",\"contentUrl\":\"https:\\\/\\\/secure.gravatar.com\\\/avatar\\\/986aa4c61ccdb66f8555bf88fc2a65609d00bcabd4d2d94377a727547345cbca?s=96&d=mm&r=g\",\"caption\":\"Farn\u00e9sio\"},\"description\":\"Radialista blogueiro, chegou a Petrolina\\\/Juazeiro em setembro de 1980, Farn\u00e9sio Silva \u00e9 de Arapiraca-Alagoas.\",\"sameAs\":[\"http:\\\/\\\/blogdofarnesio.com.br\",\"https:\\\/\\\/www.facebook.com\\\/?ref=tn_tnmn\",\"https:\\\/\\\/www.instagram.com\\\/?utm_source=pwa_homescreen\",\"https:\\\/\\\/youtube.com.br\\\/\"],\"url\":\"https:\\\/\\\/blogdofarnesio.com.br\\\/?author=2\"}]}<\/script>\n<!-- \/ Yoast SEO plugin. -->","yoast_head_json":{"title":"CNU: matr\u00edculas para cursos de forma\u00e7\u00e3o terminam nesta ter\u00e7a (18\/3) - Blog do Farn\u00e9sio","robots":{"index":"index","follow":"follow","max-snippet":"max-snippet:-1","max-image-preview":"max-image-preview:large","max-video-preview":"max-video-preview:-1"},"canonical":"https:\/\/blogdofarnesio.com.br\/?p=389951","og_locale":"pt_BR","og_type":"article","og_title":"CNU: matr\u00edculas para cursos de forma\u00e7\u00e3o terminam nesta ter\u00e7a (18\/3) - Blog do Farn\u00e9sio","og_description":"Fl\u00e1via Said\u00a0 &#8211;\u00a0 Cinco carreiras do Concurso Nacional Unificado (CNU) t\u00eam cursos de forma\u00e7\u00e3o promovidos pela Escola Nacional de Administra\u00e7\u00e3o P\u00fablica (Enap) O per\u00edodo de matr\u00edculas para os\u00a0cursos de forma\u00e7\u00e3o\u00a0no \u00e2mbito do\u00a0Concurso Nacional Unificado (CNU)\u00a0promovidos pela\u00a0Escola Nacional de Administra\u00e7\u00e3o P\u00fablica (Enap) termina nesta ter\u00e7a-feira (18\/3). O curso de forma\u00e7\u00e3o \u00e9 uma fase obrigat\u00f3ria, eliminat\u00f3ria e classificat\u00f3ria para nove cargos do CNU. Para ser aprovado no curso de forma\u00e7\u00e3o, \u00e9 preciso obter pelo menos 70% da pontua\u00e7\u00e3o total, no m\u00ednimo 60% em cada eixo program\u00e1tico e cumprir a frequ\u00eancia integral, com at\u00e9 25% de faltas justificadas. Cinco carreiras ter\u00e3o curso de forma\u00e7\u00e3o conduzido pela Enap. S\u00e3o elas: Especialista em Pol\u00edticas P\u00fablicas e Gest\u00e3o Governamental (EPPGG); Analista de Com\u00e9rcio Exterior (ACE); Analista&hellip;","og_url":"https:\/\/blogdofarnesio.com.br\/?p=389951","og_site_name":"Blog do Farn\u00e9sio","article_publisher":"https:\/\/www.facebook.com\/BlogQuerSaberPolitica\/","article_author":"https:\/\/www.facebook.com\/?ref=tn_tnmn","article_published_time":"2025-03-18T18:03:23+00:00","og_image":[{"width":568,"height":379,"url":"https:\/\/blogdofarnesio.com.br\/wp-content\/uploads\/2025\/01\/blogqspcnu-concurso-unificado-e1738183226895.jpg","type":"image\/jpeg"}],"author":"Farn\u00e9sio","twitter_card":"summary_large_image","twitter_misc":{"Escrito por":"Farn\u00e9sio","Est. tempo de leitura":"3 minutos"},"schema":{"@context":"https:\/\/schema.org","@graph":[{"@type":"Article","@id":"https:\/\/blogdofarnesio.com.br\/?p=389951#article","isPartOf":{"@id":"https:\/\/blogdofarnesio.com.br\/?p=389951"},"author":{"name":"Farn\u00e9sio","@id":"https:\/\/blogdofarnesio.com.br\/#\/schema\/person\/bb9b23ae3ad0609ce8df7b6c9e76824d"},"headline":"CNU: matr\u00edculas para cursos de forma\u00e7\u00e3o terminam nesta ter\u00e7a (18\/3)","datePublished":"2025-03-18T18:03:23+00:00","mainEntityOfPage":{"@id":"https:\/\/blogdofarnesio.com.br\/?p=389951"},"wordCount":428,"commentCount":0,"publisher":{"@id":"https:\/\/blogdofarnesio.com.br\/#organization"},"image":{"@id":"https:\/\/blogdofarnesio.com.br\/?p=389951#primaryimage"},"thumbnailUrl":"https:\/\/blogdofarnesio.com.br\/wp-content\/uploads\/2025\/01\/blogqspcnu-concurso-unificado-e1738183226895.jpg","articleSection":["Concursos"],"inLanguage":"pt-BR","potentialAction":[{"@type":"CommentAction","name":"Comment","target":["https:\/\/blogdofarnesio.com.br\/?p=389951#respond"]}]},{"@type":"WebPage","@id":"https:\/\/blogdofarnesio.com.br\/?p=389951","url":"https:\/\/blogdofarnesio.com.br\/?p=389951","name":"CNU: matr\u00edculas para cursos de forma\u00e7\u00e3o terminam nesta ter\u00e7a (18\/3) - Blog do Farn\u00e9sio","isPartOf":{"@id":"https:\/\/blogdofarnesio.com.br\/#website"},"primaryImageOfPage":{"@id":"https:\/\/blogdofarnesio.com.br\/?p=389951#primaryimage"},"image":{"@id":"https:\/\/blogdofarnesio.com.br\/?p=389951#primaryimage"},"thumbnailUrl":"https:\/\/blogdofarnesio.com.br\/wp-content\/uploads\/2025\/01\/blogqspcnu-concurso-unificado-e1738183226895.jpg","datePublished":"2025-03-18T18:03:23+00:00","breadcrumb":{"@id":"https:\/\/blogdofarnesio.com.br\/?p=389951#breadcrumb"},"inLanguage":"pt-BR","potentialAction":[{"@type":"ReadAction","target":["https:\/\/blogdofarnesio.com.br\/?p=389951"]}]},{"@type":"ImageObject","inLanguage":"pt-BR","@id":"https:\/\/blogdofarnesio.com.br\/?p=389951#primaryimage","url":"https:\/\/blogdofarnesio.com.br\/wp-content\/uploads\/2025\/01\/blogqspcnu-concurso-unificado-e1738183226895.jpg","contentUrl":"https:\/\/blogdofarnesio.com.br\/wp-content\/uploads\/2025\/01\/blogqspcnu-concurso-unificado-e1738183226895.jpg","width":568,"height":379},{"@type":"BreadcrumbList","@id":"https:\/\/blogdofarnesio.com.br\/?p=389951#breadcrumb","itemListElement":[{"@type":"ListItem","position":1,"name":"In\u00edcio","item":"https:\/\/blogdofarnesio.com.br\/"},{"@type":"ListItem","position":2,"name":"CNU: matr\u00edculas para cursos de forma\u00e7\u00e3o terminam nesta ter\u00e7a (18\/3)"}]},{"@type":"WebSite","@id":"https:\/\/blogdofarnesio.com.br\/#website","url":"https:\/\/blogdofarnesio.com.br\/","name":"Blog do Farn\u00e9sio","description":"Quer Saber Pol\u00edtica?","publisher":{"@id":"https:\/\/blogdofarnesio.com.br\/#organization"},"potentialAction":[{"@type":"SearchAction","target":{"@type":"EntryPoint","urlTemplate":"https:\/\/blogdofarnesio.com.br\/?s={search_term_string}"},"query-input":{"@type":"PropertyValueSpecification","valueRequired":true,"valueName":"search_term_string"}}],"inLanguage":"pt-BR"},{"@type":"Organization","@id":"https:\/\/blogdofarnesio.com.br\/#organization","name":"Blog do Farn\u00e9sio","url":"https:\/\/blogdofarnesio.com.br\/","logo":{"@type":"ImageObject","inLanguage":"pt-BR","@id":"https:\/\/blogdofarnesio.com.br\/#\/schema\/logo\/image\/","url":"https:\/\/blogdofarnesio.com.br\/wp-content\/uploads\/2026\/03\/cropped-logo_new-1.png","contentUrl":"https:\/\/blogdofarnesio.com.br\/wp-content\/uploads\/2026\/03\/cropped-logo_new-1.png","width":881,"height":685,"caption":"Blog do Farn\u00e9sio"},"image":{"@id":"https:\/\/blogdofarnesio.com.br\/#\/schema\/logo\/image\/"},"sameAs":["https:\/\/www.facebook.com\/BlogQuerSaberPolitica\/"]},{"@type":"Person","@id":"https:\/\/blogdofarnesio.com.br\/#\/schema\/person\/bb9b23ae3ad0609ce8df7b6c9e76824d","name":"Farn\u00e9sio","image":{"@type":"ImageObject","inLanguage":"pt-BR","@id":"https:\/\/secure.gravatar.com\/avatar\/986aa4c61ccdb66f8555bf88fc2a65609d00bcabd4d2d94377a727547345cbca?s=96&d=mm&r=g","url":"https:\/\/secure.gravatar.com\/avatar\/986aa4c61ccdb66f8555bf88fc2a65609d00bcabd4d2d94377a727547345cbca?s=96&d=mm&r=g","contentUrl":"https:\/\/secure.gravatar.com\/avatar\/986aa4c61ccdb66f8555bf88fc2a65609d00bcabd4d2d94377a727547345cbca?s=96&d=mm&r=g","caption":"Farn\u00e9sio"},"description":"Radialista blogueiro, chegou a Petrolina\/Juazeiro em setembro de 1980, Farn\u00e9sio Silva \u00e9 de Arapiraca-Alagoas.","sameAs":["http:\/\/blogdofarnesio.com.br","https:\/\/www.facebook.com\/?ref=tn_tnmn","https:\/\/www.instagram.com\/?utm_source=pwa_homescreen","https:\/\/youtube.com.br\/"],"url":"https:\/\/blogdofarnesio.com.br\/?author=2"}]}},"_links":{"self":[{"href":"https:\/\/blogdofarnesio.com.br\/index.php?rest_route=\/wp\/v2\/posts\/389951","targetHints":{"allow":["GET"]}}],"collection":[{"href":"https:\/\/blogdofarnesio.com.br\/index.php?rest_route=\/wp\/v2\/posts"}],"about":[{"href":"https:\/\/blogdofarnesio.com.br\/index.php?rest_route=\/wp\/v2\/types\/post"}],"author":[{"embeddable":true,"href":"https:\/\/blogdofarnesio.com.br\/index.php?rest_route=\/wp\/v2\/users\/2"}],"replies":[{"embeddable":true,"href":"https:\/\/blogdofarnesio.com.br\/index.php?rest_route=%2Fwp%2Fv2%2Fcomments&post=389951"}],"version-history":[{"count":0,"href":"https:\/\/blogdofarnesio.com.br\/index.php?rest_route=\/wp\/v2\/posts\/389951\/revisions"}],"wp:featuredmedia":[{"embeddable":true,"href":"https:\/\/blogdofarnesio.com.br\/index.php?rest_route=\/wp\/v2\/media\/386449"}],"wp:attachment":[{"href":"https:\/\/blogdofarnesio.com.br\/index.php?rest_route=%2Fwp%2Fv2%2Fmedia&parent=389951"}],"wp:term":[{"taxonomy":"category","embeddable":true,"href":"https:\/\/blogdofarnesio.com.br\/index.php?rest_route=%2Fwp%2Fv2%2Fcategories&post=389951"},{"taxonomy":"post_tag","embeddable":true,"href":"https:\/\/blogdofarnesio.com.br\/index.php?rest_route=%2Fwp%2Fv2%2Ftags&post=389951"}],"curies":[{"name":"wp","href":"https:\/\/api.w.org\/{rel}","templated":true}]}}