{"id":389275,"date":"2025-03-09T16:00:24","date_gmt":"2025-03-09T19:00:24","guid":{"rendered":"https:\/\/blogdofarnesio.com.br\/?p=389275"},"modified":"2025-03-09T12:03:33","modified_gmt":"2025-03-09T15:03:33","slug":"ex-prefeito-de-sebastiao-barros-pi-e-preso-durante-operacao-que-desarticulou-plantacao-de-maconha-no-sul-do-piaui","status":"publish","type":"post","link":"https:\/\/blogdofarnesio.com.br\/?p=389275","title":{"rendered":"Ex-prefeito de Sebasti\u00e3o Barros-PI \u00e9 preso durante opera\u00e7\u00e3o que desarticulou planta\u00e7\u00e3o de maconha no Sul do Piau\u00ed"},"content":{"rendered":"<div class=\"sc-b4c8ccf3-0 fsXNOt\"><\/div>\n<div class=\"sc-24c322fd-1 laZqPV\">\n<div class=\"sc-24c322fd-2 dQgbLd\">\n<div class=\"imgCredits\">O ex-prefeito de Sebasti\u00e3o Barros, Nivaldo Roberto, foi preso neste s\u00e1bado (8) durante uma opera\u00e7\u00e3o policial que desarticulou uma planta\u00e7\u00e3o de maconha localizada na divisa entre o Piau\u00ed e a Bahia.<\/div>\n<div><\/div>\n<div class=\"imgCredits\">A a\u00e7\u00e3o, conduzida pelo Batalh\u00e3o Especializado de Policiamento do Interior (BEPI) da Pol\u00edcia Militar do Piau\u00ed (PMPI), resultou na erradica\u00e7\u00e3o de uma planta\u00e7\u00e3o com cerca de tr\u00eas hectares de maconha, com uma produ\u00e7\u00e3o estimada em 13 toneladas da droga.<\/div>\n<\/div>\n<div class=\"sc-24c322fd-3 giHdVV\">\n<p>A opera\u00e7\u00e3o contou com o apoio de diversas for\u00e7as de seguran\u00e7a, incluindo o BOPE, a CIPE Caatinga e Cerrado, a Pol\u00edcia Civil e o Corpo de Bombeiros. Durante a a\u00e7\u00e3o, quatro pessoas foram presas, entre elas o ex-prefeito Nivaldo Roberto e uma mulher. Os presos s\u00e3o naturais dos estados do Piau\u00ed, Maranh\u00e3o e Pernambuco.<\/p>\n<p>Al\u00e9m da planta\u00e7\u00e3o, os agentes encontraram um rifle calibre .22 e diversos materiais utilizados para a comercializa\u00e7\u00e3o da droga. A opera\u00e7\u00e3o segue em andamento e outras investiga\u00e7\u00f5es est\u00e3o sendo realizadas para identificar envolvidos na produ\u00e7\u00e3o e distribui\u00e7\u00e3o da droga.<\/p>\n<\/div>\n<\/div>\n","protected":false},"excerpt":{"rendered":"<p>O ex-prefeito de Sebasti\u00e3o Barros, Nivaldo Roberto, foi preso neste s\u00e1bado (8) durante uma opera\u00e7\u00e3o policial que desarticulou uma planta\u00e7\u00e3o de maconha localizada na divisa entre o Piau\u00ed e a Bahia. A a\u00e7\u00e3o, conduzida pelo Batalh\u00e3o Especializado de Policiamento do Interior (BEPI) da Pol\u00edcia Militar do Piau\u00ed (PMPI), resultou na erradica\u00e7\u00e3o de uma planta\u00e7\u00e3o com cerca de tr\u00eas hectares de maconha, com uma produ\u00e7\u00e3o estimada em 13 toneladas da droga. A opera\u00e7\u00e3o contou com o apoio de diversas for\u00e7as de seguran\u00e7a, incluindo o BOPE, a CIPE Caatinga e Cerrado, a Pol\u00edcia Civil e o Corpo de Bombeiros. Durante a a\u00e7\u00e3o, quatro pessoas foram presas, entre elas o ex-prefeito Nivaldo Roberto e uma mulher. Os presos s\u00e3o naturais dos estados do&hellip; <\/p>\n","protected":false},"author":2,"featured_media":389276,"comment_status":"open","ping_status":"open","sticky":false,"template":"","format":"standard","meta":{"_acf_changed":false,"footnotes":""},"categories":[27,9],"tags":[],"class_list":["post-389275","post","type-post","status-publish","format-standard","has-post-thumbnail","hentry","category-cidades","category-policia"],"acf":[],"yoast_head":"<!-- This site is optimized with the Yoast SEO plugin v27.4 - https:\/\/yoast.com\/product\/yoast-seo-wordpress\/ -->\n<title>Ex-prefeito de Sebasti\u00e3o Barros-PI \u00e9 preso durante opera\u00e7\u00e3o que desarticulou planta\u00e7\u00e3o de maconha no Sul do Piau\u00ed - Blog do Farn\u00e9sio<\/title>\n<meta name=\"robots\" content=\"index, follow, max-snippet:-1, max-image-preview:large, max-video-preview:-1\" \/>\n<link rel=\"canonical\" href=\"https:\/\/blogdofarnesio.com.br\/?p=389275\" \/>\n<meta property=\"og:locale\" content=\"pt_BR\" \/>\n<meta property=\"og:type\" content=\"article\" \/>\n<meta property=\"og:title\" content=\"Ex-prefeito de Sebasti\u00e3o Barros-PI \u00e9 preso durante opera\u00e7\u00e3o que desarticulou planta\u00e7\u00e3o de maconha no Sul do Piau\u00ed - Blog do Farn\u00e9sio\" \/>\n<meta property=\"og:description\" content=\"O ex-prefeito de Sebasti\u00e3o Barros, Nivaldo Roberto, foi preso neste s\u00e1bado (8) durante uma opera\u00e7\u00e3o policial que desarticulou uma planta\u00e7\u00e3o de maconha localizada na divisa entre o Piau\u00ed e a Bahia. A a\u00e7\u00e3o, conduzida pelo Batalh\u00e3o Especializado de Policiamento do Interior (BEPI) da Pol\u00edcia Militar do Piau\u00ed (PMPI), resultou na erradica\u00e7\u00e3o de uma planta\u00e7\u00e3o com cerca de tr\u00eas hectares de maconha, com uma produ\u00e7\u00e3o estimada em 13 toneladas da droga. A opera\u00e7\u00e3o contou com o apoio de diversas for\u00e7as de seguran\u00e7a, incluindo o BOPE, a CIPE Caatinga e Cerrado, a Pol\u00edcia Civil e o Corpo de Bombeiros. Durante a a\u00e7\u00e3o, quatro pessoas foram presas, entre elas o ex-prefeito Nivaldo Roberto e uma mulher. Os presos s\u00e3o naturais dos estados do&hellip;\" \/>\n<meta property=\"og:url\" content=\"https:\/\/blogdofarnesio.com.br\/?p=389275\" \/>\n<meta property=\"og:site_name\" content=\"Blog do Farn\u00e9sio\" \/>\n<meta property=\"article:publisher\" content=\"https:\/\/www.facebook.com\/BlogQuerSaberPolitica\/\" \/>\n<meta property=\"article:author\" content=\"https:\/\/www.facebook.com\/?ref=tn_tnmn\" \/>\n<meta property=\"article:published_time\" content=\"2025-03-09T19:00:24+00:00\" \/>\n<meta property=\"og:image\" content=\"https:\/\/blogdofarnesio.com.br\/wp-content\/uploads\/2025\/03\/blogqspex-prefeito-de-Sebastiao-Barros-Nivaldo-Roberto-e1741532500244.webp\" \/>\n\t<meta property=\"og:image:width\" content=\"600\" \/>\n\t<meta property=\"og:image:height\" content=\"315\" \/>\n\t<meta property=\"og:image:type\" content=\"image\/webp\" \/>\n<meta name=\"author\" content=\"Farn\u00e9sio\" \/>\n<meta name=\"twitter:card\" content=\"summary_large_image\" \/>\n<meta name=\"twitter:label1\" content=\"Escrito por\" \/>\n\t<meta name=\"twitter:data1\" content=\"Farn\u00e9sio\" \/>\n\t<meta name=\"twitter:label2\" content=\"Est. tempo de leitura\" \/>\n\t<meta name=\"twitter:data2\" content=\"2 minutos\" \/>\n<script type=\"application\/ld+json\" class=\"yoast-schema-graph\">{\"@context\":\"https:\\\/\\\/schema.org\",\"@graph\":[{\"@type\":\"Article\",\"@id\":\"https:\\\/\\\/blogdofarnesio.com.br\\\/?p=389275#article\",\"isPartOf\":{\"@id\":\"https:\\\/\\\/blogdofarnesio.com.br\\\/?p=389275\"},\"author\":{\"name\":\"Farn\u00e9sio\",\"@id\":\"https:\\\/\\\/blogdofarnesio.com.br\\\/#\\\/schema\\\/person\\\/bb9b23ae3ad0609ce8df7b6c9e76824d\"},\"headline\":\"Ex-prefeito de Sebasti\u00e3o Barros-PI \u00e9 preso durante opera\u00e7\u00e3o que desarticulou planta\u00e7\u00e3o de maconha no Sul do Piau\u00ed\",\"datePublished\":\"2025-03-09T19:00:24+00:00\",\"mainEntityOfPage\":{\"@id\":\"https:\\\/\\\/blogdofarnesio.com.br\\\/?p=389275\"},\"wordCount\":205,\"commentCount\":0,\"publisher\":{\"@id\":\"https:\\\/\\\/blogdofarnesio.com.br\\\/#organization\"},\"image\":{\"@id\":\"https:\\\/\\\/blogdofarnesio.com.br\\\/?p=389275#primaryimage\"},\"thumbnailUrl\":\"https:\\\/\\\/blogdofarnesio.com.br\\\/wp-content\\\/uploads\\\/2025\\\/03\\\/blogqspex-prefeito-de-Sebastiao-Barros-Nivaldo-Roberto-e1741532500244.webp\",\"articleSection\":[\"Cidades\",\"Pol\u00edcia\"],\"inLanguage\":\"pt-BR\",\"potentialAction\":[{\"@type\":\"CommentAction\",\"name\":\"Comment\",\"target\":[\"https:\\\/\\\/blogdofarnesio.com.br\\\/?p=389275#respond\"]}]},{\"@type\":\"WebPage\",\"@id\":\"https:\\\/\\\/blogdofarnesio.com.br\\\/?p=389275\",\"url\":\"https:\\\/\\\/blogdofarnesio.com.br\\\/?p=389275\",\"name\":\"Ex-prefeito de Sebasti\u00e3o Barros-PI \u00e9 preso durante opera\u00e7\u00e3o que desarticulou planta\u00e7\u00e3o de maconha no Sul do Piau\u00ed - Blog do Farn\u00e9sio\",\"isPartOf\":{\"@id\":\"https:\\\/\\\/blogdofarnesio.com.br\\\/#website\"},\"primaryImageOfPage\":{\"@id\":\"https:\\\/\\\/blogdofarnesio.com.br\\\/?p=389275#primaryimage\"},\"image\":{\"@id\":\"https:\\\/\\\/blogdofarnesio.com.br\\\/?p=389275#primaryimage\"},\"thumbnailUrl\":\"https:\\\/\\\/blogdofarnesio.com.br\\\/wp-content\\\/uploads\\\/2025\\\/03\\\/blogqspex-prefeito-de-Sebastiao-Barros-Nivaldo-Roberto-e1741532500244.webp\",\"datePublished\":\"2025-03-09T19:00:24+00:00\",\"breadcrumb\":{\"@id\":\"https:\\\/\\\/blogdofarnesio.com.br\\\/?p=389275#breadcrumb\"},\"inLanguage\":\"pt-BR\",\"potentialAction\":[{\"@type\":\"ReadAction\",\"target\":[\"https:\\\/\\\/blogdofarnesio.com.br\\\/?p=389275\"]}]},{\"@type\":\"ImageObject\",\"inLanguage\":\"pt-BR\",\"@id\":\"https:\\\/\\\/blogdofarnesio.com.br\\\/?p=389275#primaryimage\",\"url\":\"https:\\\/\\\/blogdofarnesio.com.br\\\/wp-content\\\/uploads\\\/2025\\\/03\\\/blogqspex-prefeito-de-Sebastiao-Barros-Nivaldo-Roberto-e1741532500244.webp\",\"contentUrl\":\"https:\\\/\\\/blogdofarnesio.com.br\\\/wp-content\\\/uploads\\\/2025\\\/03\\\/blogqspex-prefeito-de-Sebastiao-Barros-Nivaldo-Roberto-e1741532500244.webp\",\"width\":600,\"height\":315},{\"@type\":\"BreadcrumbList\",\"@id\":\"https:\\\/\\\/blogdofarnesio.com.br\\\/?p=389275#breadcrumb\",\"itemListElement\":[{\"@type\":\"ListItem\",\"position\":1,\"name\":\"In\u00edcio\",\"item\":\"https:\\\/\\\/blogdofarnesio.com.br\\\/\"},{\"@type\":\"ListItem\",\"position\":2,\"name\":\"Ex-prefeito de Sebasti\u00e3o Barros-PI \u00e9 preso durante opera\u00e7\u00e3o que desarticulou planta\u00e7\u00e3o de maconha no Sul do Piau\u00ed\"}]},{\"@type\":\"WebSite\",\"@id\":\"https:\\\/\\\/blogdofarnesio.com.br\\\/#website\",\"url\":\"https:\\\/\\\/blogdofarnesio.com.br\\\/\",\"name\":\"Blog do Farn\u00e9sio\",\"description\":\"Quer Saber Pol\u00edtica?\",\"publisher\":{\"@id\":\"https:\\\/\\\/blogdofarnesio.com.br\\\/#organization\"},\"potentialAction\":[{\"@type\":\"SearchAction\",\"target\":{\"@type\":\"EntryPoint\",\"urlTemplate\":\"https:\\\/\\\/blogdofarnesio.com.br\\\/?s={search_term_string}\"},\"query-input\":{\"@type\":\"PropertyValueSpecification\",\"valueRequired\":true,\"valueName\":\"search_term_string\"}}],\"inLanguage\":\"pt-BR\"},{\"@type\":\"Organization\",\"@id\":\"https:\\\/\\\/blogdofarnesio.com.br\\\/#organization\",\"name\":\"Blog do Farn\u00e9sio\",\"url\":\"https:\\\/\\\/blogdofarnesio.com.br\\\/\",\"logo\":{\"@type\":\"ImageObject\",\"inLanguage\":\"pt-BR\",\"@id\":\"https:\\\/\\\/blogdofarnesio.com.br\\\/#\\\/schema\\\/logo\\\/image\\\/\",\"url\":\"https:\\\/\\\/blogdofarnesio.com.br\\\/wp-content\\\/uploads\\\/2026\\\/03\\\/cropped-logo_new-1.png\",\"contentUrl\":\"https:\\\/\\\/blogdofarnesio.com.br\\\/wp-content\\\/uploads\\\/2026\\\/03\\\/cropped-logo_new-1.png\",\"width\":881,\"height\":685,\"caption\":\"Blog do Farn\u00e9sio\"},\"image\":{\"@id\":\"https:\\\/\\\/blogdofarnesio.com.br\\\/#\\\/schema\\\/logo\\\/image\\\/\"},\"sameAs\":[\"https:\\\/\\\/www.facebook.com\\\/BlogQuerSaberPolitica\\\/\"]},{\"@type\":\"Person\",\"@id\":\"https:\\\/\\\/blogdofarnesio.com.br\\\/#\\\/schema\\\/person\\\/bb9b23ae3ad0609ce8df7b6c9e76824d\",\"name\":\"Farn\u00e9sio\",\"image\":{\"@type\":\"ImageObject\",\"inLanguage\":\"pt-BR\",\"@id\":\"https:\\\/\\\/secure.gravatar.com\\\/avatar\\\/986aa4c61ccdb66f8555bf88fc2a65609d00bcabd4d2d94377a727547345cbca?s=96&d=mm&r=g\",\"url\":\"https:\\\/\\\/secure.gravatar.com\\\/avatar\\\/986aa4c61ccdb66f8555bf88fc2a65609d00bcabd4d2d94377a727547345cbca?s=96&d=mm&r=g\",\"contentUrl\":\"https:\\\/\\\/secure.gravatar.com\\\/avatar\\\/986aa4c61ccdb66f8555bf88fc2a65609d00bcabd4d2d94377a727547345cbca?s=96&d=mm&r=g\",\"caption\":\"Farn\u00e9sio\"},\"description\":\"Radialista blogueiro, chegou a Petrolina\\\/Juazeiro em setembro de 1980, Farn\u00e9sio Silva \u00e9 de Arapiraca-Alagoas.\",\"sameAs\":[\"http:\\\/\\\/blogdofarnesio.com.br\",\"https:\\\/\\\/www.facebook.com\\\/?ref=tn_tnmn\",\"https:\\\/\\\/www.instagram.com\\\/?utm_source=pwa_homescreen\",\"https:\\\/\\\/youtube.com.br\\\/\"],\"url\":\"https:\\\/\\\/blogdofarnesio.com.br\\\/?author=2\"}]}<\/script>\n<!-- \/ Yoast SEO plugin. -->","yoast_head_json":{"title":"Ex-prefeito de Sebasti\u00e3o Barros-PI \u00e9 preso durante opera\u00e7\u00e3o que desarticulou planta\u00e7\u00e3o de maconha no Sul do Piau\u00ed - Blog do Farn\u00e9sio","robots":{"index":"index","follow":"follow","max-snippet":"max-snippet:-1","max-image-preview":"max-image-preview:large","max-video-preview":"max-video-preview:-1"},"canonical":"https:\/\/blogdofarnesio.com.br\/?p=389275","og_locale":"pt_BR","og_type":"article","og_title":"Ex-prefeito de Sebasti\u00e3o Barros-PI \u00e9 preso durante opera\u00e7\u00e3o que desarticulou planta\u00e7\u00e3o de maconha no Sul do Piau\u00ed - Blog do Farn\u00e9sio","og_description":"O ex-prefeito de Sebasti\u00e3o Barros, Nivaldo Roberto, foi preso neste s\u00e1bado (8) durante uma opera\u00e7\u00e3o policial que desarticulou uma planta\u00e7\u00e3o de maconha localizada na divisa entre o Piau\u00ed e a Bahia. A a\u00e7\u00e3o, conduzida pelo Batalh\u00e3o Especializado de Policiamento do Interior (BEPI) da Pol\u00edcia Militar do Piau\u00ed (PMPI), resultou na erradica\u00e7\u00e3o de uma planta\u00e7\u00e3o com cerca de tr\u00eas hectares de maconha, com uma produ\u00e7\u00e3o estimada em 13 toneladas da droga. A opera\u00e7\u00e3o contou com o apoio de diversas for\u00e7as de seguran\u00e7a, incluindo o BOPE, a CIPE Caatinga e Cerrado, a Pol\u00edcia Civil e o Corpo de Bombeiros. Durante a a\u00e7\u00e3o, quatro pessoas foram presas, entre elas o ex-prefeito Nivaldo Roberto e uma mulher. Os presos s\u00e3o naturais dos estados do&hellip;","og_url":"https:\/\/blogdofarnesio.com.br\/?p=389275","og_site_name":"Blog do Farn\u00e9sio","article_publisher":"https:\/\/www.facebook.com\/BlogQuerSaberPolitica\/","article_author":"https:\/\/www.facebook.com\/?ref=tn_tnmn","article_published_time":"2025-03-09T19:00:24+00:00","og_image":[{"width":600,"height":315,"url":"https:\/\/blogdofarnesio.com.br\/wp-content\/uploads\/2025\/03\/blogqspex-prefeito-de-Sebastiao-Barros-Nivaldo-Roberto-e1741532500244.webp","type":"image\/webp"}],"author":"Farn\u00e9sio","twitter_card":"summary_large_image","twitter_misc":{"Escrito por":"Farn\u00e9sio","Est. tempo de leitura":"2 minutos"},"schema":{"@context":"https:\/\/schema.org","@graph":[{"@type":"Article","@id":"https:\/\/blogdofarnesio.com.br\/?p=389275#article","isPartOf":{"@id":"https:\/\/blogdofarnesio.com.br\/?p=389275"},"author":{"name":"Farn\u00e9sio","@id":"https:\/\/blogdofarnesio.com.br\/#\/schema\/person\/bb9b23ae3ad0609ce8df7b6c9e76824d"},"headline":"Ex-prefeito de Sebasti\u00e3o Barros-PI \u00e9 preso durante opera\u00e7\u00e3o que desarticulou planta\u00e7\u00e3o de maconha no Sul do Piau\u00ed","datePublished":"2025-03-09T19:00:24+00:00","mainEntityOfPage":{"@id":"https:\/\/blogdofarnesio.com.br\/?p=389275"},"wordCount":205,"commentCount":0,"publisher":{"@id":"https:\/\/blogdofarnesio.com.br\/#organization"},"image":{"@id":"https:\/\/blogdofarnesio.com.br\/?p=389275#primaryimage"},"thumbnailUrl":"https:\/\/blogdofarnesio.com.br\/wp-content\/uploads\/2025\/03\/blogqspex-prefeito-de-Sebastiao-Barros-Nivaldo-Roberto-e1741532500244.webp","articleSection":["Cidades","Pol\u00edcia"],"inLanguage":"pt-BR","potentialAction":[{"@type":"CommentAction","name":"Comment","target":["https:\/\/blogdofarnesio.com.br\/?p=389275#respond"]}]},{"@type":"WebPage","@id":"https:\/\/blogdofarnesio.com.br\/?p=389275","url":"https:\/\/blogdofarnesio.com.br\/?p=389275","name":"Ex-prefeito de Sebasti\u00e3o Barros-PI \u00e9 preso durante opera\u00e7\u00e3o que desarticulou planta\u00e7\u00e3o de maconha no Sul do Piau\u00ed - Blog do Farn\u00e9sio","isPartOf":{"@id":"https:\/\/blogdofarnesio.com.br\/#website"},"primaryImageOfPage":{"@id":"https:\/\/blogdofarnesio.com.br\/?p=389275#primaryimage"},"image":{"@id":"https:\/\/blogdofarnesio.com.br\/?p=389275#primaryimage"},"thumbnailUrl":"https:\/\/blogdofarnesio.com.br\/wp-content\/uploads\/2025\/03\/blogqspex-prefeito-de-Sebastiao-Barros-Nivaldo-Roberto-e1741532500244.webp","datePublished":"2025-03-09T19:00:24+00:00","breadcrumb":{"@id":"https:\/\/blogdofarnesio.com.br\/?p=389275#breadcrumb"},"inLanguage":"pt-BR","potentialAction":[{"@type":"ReadAction","target":["https:\/\/blogdofarnesio.com.br\/?p=389275"]}]},{"@type":"ImageObject","inLanguage":"pt-BR","@id":"https:\/\/blogdofarnesio.com.br\/?p=389275#primaryimage","url":"https:\/\/blogdofarnesio.com.br\/wp-content\/uploads\/2025\/03\/blogqspex-prefeito-de-Sebastiao-Barros-Nivaldo-Roberto-e1741532500244.webp","contentUrl":"https:\/\/blogdofarnesio.com.br\/wp-content\/uploads\/2025\/03\/blogqspex-prefeito-de-Sebastiao-Barros-Nivaldo-Roberto-e1741532500244.webp","width":600,"height":315},{"@type":"BreadcrumbList","@id":"https:\/\/blogdofarnesio.com.br\/?p=389275#breadcrumb","itemListElement":[{"@type":"ListItem","position":1,"name":"In\u00edcio","item":"https:\/\/blogdofarnesio.com.br\/"},{"@type":"ListItem","position":2,"name":"Ex-prefeito de Sebasti\u00e3o Barros-PI \u00e9 preso durante opera\u00e7\u00e3o que desarticulou planta\u00e7\u00e3o de maconha no Sul do Piau\u00ed"}]},{"@type":"WebSite","@id":"https:\/\/blogdofarnesio.com.br\/#website","url":"https:\/\/blogdofarnesio.com.br\/","name":"Blog do Farn\u00e9sio","description":"Quer Saber Pol\u00edtica?","publisher":{"@id":"https:\/\/blogdofarnesio.com.br\/#organization"},"potentialAction":[{"@type":"SearchAction","target":{"@type":"EntryPoint","urlTemplate":"https:\/\/blogdofarnesio.com.br\/?s={search_term_string}"},"query-input":{"@type":"PropertyValueSpecification","valueRequired":true,"valueName":"search_term_string"}}],"inLanguage":"pt-BR"},{"@type":"Organization","@id":"https:\/\/blogdofarnesio.com.br\/#organization","name":"Blog do Farn\u00e9sio","url":"https:\/\/blogdofarnesio.com.br\/","logo":{"@type":"ImageObject","inLanguage":"pt-BR","@id":"https:\/\/blogdofarnesio.com.br\/#\/schema\/logo\/image\/","url":"https:\/\/blogdofarnesio.com.br\/wp-content\/uploads\/2026\/03\/cropped-logo_new-1.png","contentUrl":"https:\/\/blogdofarnesio.com.br\/wp-content\/uploads\/2026\/03\/cropped-logo_new-1.png","width":881,"height":685,"caption":"Blog do Farn\u00e9sio"},"image":{"@id":"https:\/\/blogdofarnesio.com.br\/#\/schema\/logo\/image\/"},"sameAs":["https:\/\/www.facebook.com\/BlogQuerSaberPolitica\/"]},{"@type":"Person","@id":"https:\/\/blogdofarnesio.com.br\/#\/schema\/person\/bb9b23ae3ad0609ce8df7b6c9e76824d","name":"Farn\u00e9sio","image":{"@type":"ImageObject","inLanguage":"pt-BR","@id":"https:\/\/secure.gravatar.com\/avatar\/986aa4c61ccdb66f8555bf88fc2a65609d00bcabd4d2d94377a727547345cbca?s=96&d=mm&r=g","url":"https:\/\/secure.gravatar.com\/avatar\/986aa4c61ccdb66f8555bf88fc2a65609d00bcabd4d2d94377a727547345cbca?s=96&d=mm&r=g","contentUrl":"https:\/\/secure.gravatar.com\/avatar\/986aa4c61ccdb66f8555bf88fc2a65609d00bcabd4d2d94377a727547345cbca?s=96&d=mm&r=g","caption":"Farn\u00e9sio"},"description":"Radialista blogueiro, chegou a Petrolina\/Juazeiro em setembro de 1980, Farn\u00e9sio Silva \u00e9 de Arapiraca-Alagoas.","sameAs":["http:\/\/blogdofarnesio.com.br","https:\/\/www.facebook.com\/?ref=tn_tnmn","https:\/\/www.instagram.com\/?utm_source=pwa_homescreen","https:\/\/youtube.com.br\/"],"url":"https:\/\/blogdofarnesio.com.br\/?author=2"}]}},"_links":{"self":[{"href":"https:\/\/blogdofarnesio.com.br\/index.php?rest_route=\/wp\/v2\/posts\/389275","targetHints":{"allow":["GET"]}}],"collection":[{"href":"https:\/\/blogdofarnesio.com.br\/index.php?rest_route=\/wp\/v2\/posts"}],"about":[{"href":"https:\/\/blogdofarnesio.com.br\/index.php?rest_route=\/wp\/v2\/types\/post"}],"author":[{"embeddable":true,"href":"https:\/\/blogdofarnesio.com.br\/index.php?rest_route=\/wp\/v2\/users\/2"}],"replies":[{"embeddable":true,"href":"https:\/\/blogdofarnesio.com.br\/index.php?rest_route=%2Fwp%2Fv2%2Fcomments&post=389275"}],"version-history":[{"count":0,"href":"https:\/\/blogdofarnesio.com.br\/index.php?rest_route=\/wp\/v2\/posts\/389275\/revisions"}],"wp:featuredmedia":[{"embeddable":true,"href":"https:\/\/blogdofarnesio.com.br\/index.php?rest_route=\/wp\/v2\/media\/389276"}],"wp:attachment":[{"href":"https:\/\/blogdofarnesio.com.br\/index.php?rest_route=%2Fwp%2Fv2%2Fmedia&parent=389275"}],"wp:term":[{"taxonomy":"category","embeddable":true,"href":"https:\/\/blogdofarnesio.com.br\/index.php?rest_route=%2Fwp%2Fv2%2Fcategories&post=389275"},{"taxonomy":"post_tag","embeddable":true,"href":"https:\/\/blogdofarnesio.com.br\/index.php?rest_route=%2Fwp%2Fv2%2Ftags&post=389275"}],"curies":[{"name":"wp","href":"https:\/\/api.w.org\/{rel}","templated":true}]}}