{"id":389198,"date":"2025-03-10T11:05:27","date_gmt":"2025-03-10T14:05:27","guid":{"rendered":"https:\/\/blogdofarnesio.com.br\/?p=389198"},"modified":"2025-03-10T08:02:32","modified_gmt":"2025-03-10T11:02:32","slug":"inss-13o-salario-de-aposentados-vai-ser-antecipado-em-2025-entenda","status":"publish","type":"post","link":"https:\/\/blogdofarnesio.com.br\/?p=389198","title":{"rendered":"INSS: 13\u00ba sal\u00e1rio de aposentados vai ser antecipado em 2025? Entenda"},"content":{"rendered":"<header class=\"styles__Head-sc-20qlq5-1 bbMyaj\">\n<nav class=\"MenuWrapper-sc-oovkh1-0 gcBmsF\" data-mrf-recirculation=\"Menu\">\n<div class=\"MenuWrapper__Container-sc-oovkh1-1 jJlsdx\">\n<div class=\"MenuWrapper__CentralSide-sc-oovkh1-3 gjuHeo\">\n<p class=\"Text__TextBase-sc-1d75gww-0 jhnILN m-tech-logo\"><a href=\"https:\/\/www.metropoles.com\/author\/flavia-said\" target=\"_top\" rel=\"author\">Fl\u00e1via Said &#8211;\u00a0<\/a><\/p>\n<\/div>\n<\/div>\n<\/nav>\n<\/header>\n<div class=\"NoticiaInternaWrapper-sc-481g5p-0 cZkWqa categoria__brasil\">\n<div class=\"Grid__Container-sc-owmjhw-0 dqQxhb\">\n<div class=\"Grid__Row-sc-owmjhw-1 cqmWHV\">\n<div class=\"Grid__Col-sc-owmjhw-2 BGIlG\">\n<article class=\"Grid__Row-sc-owmjhw-1 hXiIKi\">\n<div class=\"Grid__Col-sc-owmjhw-2 jxWCJw\">\n<header class=\"Grid__Col-sc-owmjhw-2 ivaiSK\">\n<div class=\"HeaderNoticiaWrapper-sc-4exe2y-0 DvlZk colunas-wrapper\">\n<h2 class=\"Text__TextBase-sc-1d75gww-0 jhEviD noticiaCabecalho__subtitulo\"><em>Em 2023 e 2024, Lula assinou decretos para antecipar o pagamento do abono anual aos benefici\u00e1rios da Previd\u00eancia Social, o 13\u00ba do INSS<\/em><\/h2>\n<\/div>\n<\/header>\n<div class=\"Grid__Col-sc-owmjhw-2 cgtvGh\">\n<div class=\"ConteudoNoticiaWrapper-sc-19fsm27-0 hIDPRr m-content\">\n<div class=\"ConteudoNoticiaWrapper__Artigo-sc-19fsm27-1 iZYHrO\">\n<p><a href=\"https:\/\/www.metropoles.com\/tag\/aposentados\">Aposentados<\/a>\u00a0e pensionistas do\u00a0<a href=\"https:\/\/www.gov.br\/inss\/pt-br\" rel=\"noopener\">Instituto Nacional do Seguro Social (INSS)<\/a>\u00a0est\u00e3o com a expectativa de receber a antecipa\u00e7\u00e3o do pagamento do abono anual da\u00a0<a href=\"https:\/\/www.metropoles.com\/tag\/previdencia-social\">Previd\u00eancia Social<\/a>, tamb\u00e9m conhecido como\u00a0<a href=\"https:\/\/www.metropoles.com\/tag\/13o-salario\">13\u00ba sal\u00e1rio<\/a> do INSS, como vem ocorrendo nos \u00faltimos anos, desde 2022.<\/p>\n<p data-gtm-vis-recent-on-screen104869357_94=\"5249\" data-gtm-vis-first-on-screen104869357_94=\"5249\" data-gtm-vis-total-visible-time104869357_94=\"100\" data-gtm-vis-has-fired104869357_94=\"1\">No ano passado, a decis\u00e3o foi tomada em mar\u00e7o, quando o presidente\u00a0<a href=\"https:\/\/www.metropoles.com\/tag\/lula\">Luiz In\u00e1cio Lula da Silva (PT)<\/a>\u00a0assinou decreto a fim de antecipar para abril e maio os pagamentos do aux\u00edlio por incapacidade tempor\u00e1ria, aux\u00edlio-acidente, aposentadoria, pens\u00e3o por morte ou aux\u00edlio-reclus\u00e3o da Previd\u00eancia.<\/p>\n<p>A antecipa\u00e7\u00e3o, por\u00e9m, s\u00f3 poder\u00e1 ser decidida depois da aprova\u00e7\u00e3o da Lei Or\u00e7ament\u00e1ria Anual (LOA) de 2025, que ainda n\u00e3o foi votada pelo Congresso Nacional \u2014 projeto deveria ter sido votado at\u00e9 o fim do ano passado. H\u00e1 previs\u00e3o de que essa vota\u00e7\u00e3o seja destravada na segunda quinzena de mar\u00e7o.<\/p>\n<hr \/>\n<h3>Entenda<\/h3>\n<ul>\n<li>Geralmente,\u00a0<strong>o abono do INSS<\/strong>\u00a0\u00e9 pago no segundo semestre de cada ano.<\/li>\n<li>No entanto, nos \u00faltimos anos, os governos\u00a0<a href=\"https:\/\/www.metropoles.com\/tag\/jair-bolsonaro\">Bolsonaro<\/a>\u00a0e\u00a0<a href=\"https:\/\/www.metropoles.com\/tag\/lula\">Lula<\/a>\u00a0<strong>anteciparam o benef\u00edcio<\/strong>\u00a0com o objetivo de estimular a economia.<\/li>\n<li>Em 2022 e 2023,\u00a0<strong>o abono foi pago entre maio e junho<\/strong>. J\u00e1 em 2024, o pagamento ocorreu entre abril e maio.<\/li>\n<li>O governo espera a vota\u00e7\u00e3o do\u00a0<a href=\"https:\/\/www.metropoles.com\/brasil\/congresso-comissao-marca-votacao-do-orcamento-de-2025-para-11-3\">Or\u00e7amento de 2025<\/a>\u00a0para tomar decis\u00e3o.<\/li>\n<\/ul>\n<hr \/>\n<p>Sem a aprova\u00e7\u00e3o do projeto, o Or\u00e7amento de 2025 \u00e9 executado de forma limitada. Como a Lei de Diretrizes Or\u00e7ament\u00e1rias (LDO) \u2014 que serve de base para a LOA \u2014 foi aprovada, o Executivo come\u00e7ou o ano usando a libera\u00e7\u00e3o mensal de 1\/12 (um 12 avos ou um duod\u00e9cimo) do valor previsto para o custeio da m\u00e1quina p\u00fablica.<\/p>\n<p>Nos \u00faltimos anos, o calend\u00e1rio de antecipa\u00e7\u00e3o do 13\u00ba sal\u00e1rio dos aposentados foi dividido em duas etapas: na primeira, o pagamento foi feito para quem recebia um sal\u00e1rio-m\u00ednimo; na segunda, o valor era depositado para os demais benefici\u00e1rios.<\/p>\n<\/div>\n<\/div>\n<\/div>\n<\/div>\n<\/article>\n<\/div>\n<\/div>\n<\/div>\n<\/div>\n<p>&nbsp;<\/p>\n","protected":false},"excerpt":{"rendered":"<p>Fl\u00e1via Said &#8211;\u00a0 Em 2023 e 2024, Lula assinou decretos para antecipar o pagamento do abono anual aos benefici\u00e1rios da Previd\u00eancia Social, o 13\u00ba do INSS Aposentados\u00a0e pensionistas do\u00a0Instituto Nacional do Seguro Social (INSS)\u00a0est\u00e3o com a expectativa de receber a antecipa\u00e7\u00e3o do pagamento do abono anual da\u00a0Previd\u00eancia Social, tamb\u00e9m conhecido como\u00a013\u00ba sal\u00e1rio do INSS, como vem ocorrendo nos \u00faltimos anos, desde 2022. No ano passado, a decis\u00e3o foi tomada em mar\u00e7o, quando o presidente\u00a0Luiz In\u00e1cio Lula da Silva (PT)\u00a0assinou decreto a fim de antecipar para abril e maio os pagamentos do aux\u00edlio por incapacidade tempor\u00e1ria, aux\u00edlio-acidente, aposentadoria, pens\u00e3o por morte ou aux\u00edlio-reclus\u00e3o da Previd\u00eancia. A antecipa\u00e7\u00e3o, por\u00e9m, s\u00f3 poder\u00e1 ser decidida depois da aprova\u00e7\u00e3o da Lei Or\u00e7ament\u00e1ria Anual (LOA) de&hellip; <\/p>\n","protected":false},"author":2,"featured_media":339893,"comment_status":"open","ping_status":"open","sticky":false,"template":"","format":"standard","meta":{"_acf_changed":false,"footnotes":""},"categories":[43],"tags":[],"class_list":["post-389198","post","type-post","status-publish","format-standard","has-post-thumbnail","hentry","category-sem-categoria"],"acf":[],"yoast_head":"<!-- This site is optimized with the Yoast SEO plugin v27.4 - https:\/\/yoast.com\/product\/yoast-seo-wordpress\/ -->\n<title>INSS: 13\u00ba sal\u00e1rio de aposentados vai ser antecipado em 2025? Entenda - Blog do Farn\u00e9sio<\/title>\n<meta name=\"robots\" content=\"index, follow, max-snippet:-1, max-image-preview:large, max-video-preview:-1\" \/>\n<link rel=\"canonical\" href=\"https:\/\/blogdofarnesio.com.br\/?p=389198\" \/>\n<meta property=\"og:locale\" content=\"pt_BR\" \/>\n<meta property=\"og:type\" content=\"article\" \/>\n<meta property=\"og:title\" content=\"INSS: 13\u00ba sal\u00e1rio de aposentados vai ser antecipado em 2025? Entenda - Blog do Farn\u00e9sio\" \/>\n<meta property=\"og:description\" content=\"Fl\u00e1via Said &#8211;\u00a0 Em 2023 e 2024, Lula assinou decretos para antecipar o pagamento do abono anual aos benefici\u00e1rios da Previd\u00eancia Social, o 13\u00ba do INSS Aposentados\u00a0e pensionistas do\u00a0Instituto Nacional do Seguro Social (INSS)\u00a0est\u00e3o com a expectativa de receber a antecipa\u00e7\u00e3o do pagamento do abono anual da\u00a0Previd\u00eancia Social, tamb\u00e9m conhecido como\u00a013\u00ba sal\u00e1rio do INSS, como vem ocorrendo nos \u00faltimos anos, desde 2022. No ano passado, a decis\u00e3o foi tomada em mar\u00e7o, quando o presidente\u00a0Luiz In\u00e1cio Lula da Silva (PT)\u00a0assinou decreto a fim de antecipar para abril e maio os pagamentos do aux\u00edlio por incapacidade tempor\u00e1ria, aux\u00edlio-acidente, aposentadoria, pens\u00e3o por morte ou aux\u00edlio-reclus\u00e3o da Previd\u00eancia. A antecipa\u00e7\u00e3o, por\u00e9m, s\u00f3 poder\u00e1 ser decidida depois da aprova\u00e7\u00e3o da Lei Or\u00e7ament\u00e1ria Anual (LOA) de&hellip;\" \/>\n<meta property=\"og:url\" content=\"https:\/\/blogdofarnesio.com.br\/?p=389198\" \/>\n<meta property=\"og:site_name\" content=\"Blog do Farn\u00e9sio\" \/>\n<meta property=\"article:publisher\" content=\"https:\/\/www.facebook.com\/BlogQuerSaberPolitica\/\" \/>\n<meta property=\"article:author\" content=\"https:\/\/www.facebook.com\/?ref=tn_tnmn\" \/>\n<meta property=\"article:published_time\" content=\"2025-03-10T14:05:27+00:00\" \/>\n<meta property=\"og:image\" content=\"https:\/\/blogdofarnesio.com.br\/wp-content\/uploads\/2023\/05\/blogqspinss-13\u00b0-salario-dos-aposentados-e1741533005888.jpg\" \/>\n\t<meta property=\"og:image:width\" content=\"700\" \/>\n\t<meta property=\"og:image:height\" content=\"282\" \/>\n\t<meta property=\"og:image:type\" content=\"image\/jpeg\" \/>\n<meta name=\"author\" content=\"Farn\u00e9sio\" \/>\n<meta name=\"twitter:card\" content=\"summary_large_image\" \/>\n<meta name=\"twitter:label1\" content=\"Escrito por\" \/>\n\t<meta name=\"twitter:data1\" content=\"Farn\u00e9sio\" \/>\n\t<meta name=\"twitter:label2\" content=\"Est. tempo de leitura\" \/>\n\t<meta name=\"twitter:data2\" content=\"2 minutos\" \/>\n<script type=\"application\/ld+json\" class=\"yoast-schema-graph\">{\"@context\":\"https:\\\/\\\/schema.org\",\"@graph\":[{\"@type\":\"Article\",\"@id\":\"https:\\\/\\\/blogdofarnesio.com.br\\\/?p=389198#article\",\"isPartOf\":{\"@id\":\"https:\\\/\\\/blogdofarnesio.com.br\\\/?p=389198\"},\"author\":{\"name\":\"Farn\u00e9sio\",\"@id\":\"https:\\\/\\\/blogdofarnesio.com.br\\\/#\\\/schema\\\/person\\\/bb9b23ae3ad0609ce8df7b6c9e76824d\"},\"headline\":\"INSS: 13\u00ba sal\u00e1rio de aposentados vai ser antecipado em 2025? Entenda\",\"datePublished\":\"2025-03-10T14:05:27+00:00\",\"mainEntityOfPage\":{\"@id\":\"https:\\\/\\\/blogdofarnesio.com.br\\\/?p=389198\"},\"wordCount\":363,\"commentCount\":0,\"publisher\":{\"@id\":\"https:\\\/\\\/blogdofarnesio.com.br\\\/#organization\"},\"image\":{\"@id\":\"https:\\\/\\\/blogdofarnesio.com.br\\\/?p=389198#primaryimage\"},\"thumbnailUrl\":\"https:\\\/\\\/blogdofarnesio.com.br\\\/wp-content\\\/uploads\\\/2023\\\/05\\\/blogqspinss-13\u00b0-salario-dos-aposentados-e1763219888181.jpg\",\"inLanguage\":\"pt-BR\",\"potentialAction\":[{\"@type\":\"CommentAction\",\"name\":\"Comment\",\"target\":[\"https:\\\/\\\/blogdofarnesio.com.br\\\/?p=389198#respond\"]}]},{\"@type\":\"WebPage\",\"@id\":\"https:\\\/\\\/blogdofarnesio.com.br\\\/?p=389198\",\"url\":\"https:\\\/\\\/blogdofarnesio.com.br\\\/?p=389198\",\"name\":\"INSS: 13\u00ba sal\u00e1rio de aposentados vai ser antecipado em 2025? Entenda - Blog do Farn\u00e9sio\",\"isPartOf\":{\"@id\":\"https:\\\/\\\/blogdofarnesio.com.br\\\/#website\"},\"primaryImageOfPage\":{\"@id\":\"https:\\\/\\\/blogdofarnesio.com.br\\\/?p=389198#primaryimage\"},\"image\":{\"@id\":\"https:\\\/\\\/blogdofarnesio.com.br\\\/?p=389198#primaryimage\"},\"thumbnailUrl\":\"https:\\\/\\\/blogdofarnesio.com.br\\\/wp-content\\\/uploads\\\/2023\\\/05\\\/blogqspinss-13\u00b0-salario-dos-aposentados-e1763219888181.jpg\",\"datePublished\":\"2025-03-10T14:05:27+00:00\",\"breadcrumb\":{\"@id\":\"https:\\\/\\\/blogdofarnesio.com.br\\\/?p=389198#breadcrumb\"},\"inLanguage\":\"pt-BR\",\"potentialAction\":[{\"@type\":\"ReadAction\",\"target\":[\"https:\\\/\\\/blogdofarnesio.com.br\\\/?p=389198\"]}]},{\"@type\":\"ImageObject\",\"inLanguage\":\"pt-BR\",\"@id\":\"https:\\\/\\\/blogdofarnesio.com.br\\\/?p=389198#primaryimage\",\"url\":\"https:\\\/\\\/blogdofarnesio.com.br\\\/wp-content\\\/uploads\\\/2023\\\/05\\\/blogqspinss-13\u00b0-salario-dos-aposentados-e1763219888181.jpg\",\"contentUrl\":\"https:\\\/\\\/blogdofarnesio.com.br\\\/wp-content\\\/uploads\\\/2023\\\/05\\\/blogqspinss-13\u00b0-salario-dos-aposentados-e1763219888181.jpg\",\"width\":504,\"height\":282},{\"@type\":\"BreadcrumbList\",\"@id\":\"https:\\\/\\\/blogdofarnesio.com.br\\\/?p=389198#breadcrumb\",\"itemListElement\":[{\"@type\":\"ListItem\",\"position\":1,\"name\":\"In\u00edcio\",\"item\":\"https:\\\/\\\/blogdofarnesio.com.br\\\/\"},{\"@type\":\"ListItem\",\"position\":2,\"name\":\"INSS: 13\u00ba sal\u00e1rio de aposentados vai ser antecipado em 2025? Entenda\"}]},{\"@type\":\"WebSite\",\"@id\":\"https:\\\/\\\/blogdofarnesio.com.br\\\/#website\",\"url\":\"https:\\\/\\\/blogdofarnesio.com.br\\\/\",\"name\":\"Blog do Farn\u00e9sio\",\"description\":\"Quer Saber Pol\u00edtica?\",\"publisher\":{\"@id\":\"https:\\\/\\\/blogdofarnesio.com.br\\\/#organization\"},\"potentialAction\":[{\"@type\":\"SearchAction\",\"target\":{\"@type\":\"EntryPoint\",\"urlTemplate\":\"https:\\\/\\\/blogdofarnesio.com.br\\\/?s={search_term_string}\"},\"query-input\":{\"@type\":\"PropertyValueSpecification\",\"valueRequired\":true,\"valueName\":\"search_term_string\"}}],\"inLanguage\":\"pt-BR\"},{\"@type\":\"Organization\",\"@id\":\"https:\\\/\\\/blogdofarnesio.com.br\\\/#organization\",\"name\":\"Blog do Farn\u00e9sio\",\"url\":\"https:\\\/\\\/blogdofarnesio.com.br\\\/\",\"logo\":{\"@type\":\"ImageObject\",\"inLanguage\":\"pt-BR\",\"@id\":\"https:\\\/\\\/blogdofarnesio.com.br\\\/#\\\/schema\\\/logo\\\/image\\\/\",\"url\":\"https:\\\/\\\/blogdofarnesio.com.br\\\/wp-content\\\/uploads\\\/2026\\\/03\\\/cropped-logo_new-1.png\",\"contentUrl\":\"https:\\\/\\\/blogdofarnesio.com.br\\\/wp-content\\\/uploads\\\/2026\\\/03\\\/cropped-logo_new-1.png\",\"width\":881,\"height\":685,\"caption\":\"Blog do Farn\u00e9sio\"},\"image\":{\"@id\":\"https:\\\/\\\/blogdofarnesio.com.br\\\/#\\\/schema\\\/logo\\\/image\\\/\"},\"sameAs\":[\"https:\\\/\\\/www.facebook.com\\\/BlogQuerSaberPolitica\\\/\"]},{\"@type\":\"Person\",\"@id\":\"https:\\\/\\\/blogdofarnesio.com.br\\\/#\\\/schema\\\/person\\\/bb9b23ae3ad0609ce8df7b6c9e76824d\",\"name\":\"Farn\u00e9sio\",\"image\":{\"@type\":\"ImageObject\",\"inLanguage\":\"pt-BR\",\"@id\":\"https:\\\/\\\/secure.gravatar.com\\\/avatar\\\/986aa4c61ccdb66f8555bf88fc2a65609d00bcabd4d2d94377a727547345cbca?s=96&d=mm&r=g\",\"url\":\"https:\\\/\\\/secure.gravatar.com\\\/avatar\\\/986aa4c61ccdb66f8555bf88fc2a65609d00bcabd4d2d94377a727547345cbca?s=96&d=mm&r=g\",\"contentUrl\":\"https:\\\/\\\/secure.gravatar.com\\\/avatar\\\/986aa4c61ccdb66f8555bf88fc2a65609d00bcabd4d2d94377a727547345cbca?s=96&d=mm&r=g\",\"caption\":\"Farn\u00e9sio\"},\"description\":\"Radialista blogueiro, chegou a Petrolina\\\/Juazeiro em setembro de 1980, Farn\u00e9sio Silva \u00e9 de Arapiraca-Alagoas.\",\"sameAs\":[\"http:\\\/\\\/blogdofarnesio.com.br\",\"https:\\\/\\\/www.facebook.com\\\/?ref=tn_tnmn\",\"https:\\\/\\\/www.instagram.com\\\/?utm_source=pwa_homescreen\",\"https:\\\/\\\/youtube.com.br\\\/\"],\"url\":\"https:\\\/\\\/blogdofarnesio.com.br\\\/?author=2\"}]}<\/script>\n<!-- \/ Yoast SEO plugin. -->","yoast_head_json":{"title":"INSS: 13\u00ba sal\u00e1rio de aposentados vai ser antecipado em 2025? Entenda - Blog do Farn\u00e9sio","robots":{"index":"index","follow":"follow","max-snippet":"max-snippet:-1","max-image-preview":"max-image-preview:large","max-video-preview":"max-video-preview:-1"},"canonical":"https:\/\/blogdofarnesio.com.br\/?p=389198","og_locale":"pt_BR","og_type":"article","og_title":"INSS: 13\u00ba sal\u00e1rio de aposentados vai ser antecipado em 2025? Entenda - Blog do Farn\u00e9sio","og_description":"Fl\u00e1via Said &#8211;\u00a0 Em 2023 e 2024, Lula assinou decretos para antecipar o pagamento do abono anual aos benefici\u00e1rios da Previd\u00eancia Social, o 13\u00ba do INSS Aposentados\u00a0e pensionistas do\u00a0Instituto Nacional do Seguro Social (INSS)\u00a0est\u00e3o com a expectativa de receber a antecipa\u00e7\u00e3o do pagamento do abono anual da\u00a0Previd\u00eancia Social, tamb\u00e9m conhecido como\u00a013\u00ba sal\u00e1rio do INSS, como vem ocorrendo nos \u00faltimos anos, desde 2022. No ano passado, a decis\u00e3o foi tomada em mar\u00e7o, quando o presidente\u00a0Luiz In\u00e1cio Lula da Silva (PT)\u00a0assinou decreto a fim de antecipar para abril e maio os pagamentos do aux\u00edlio por incapacidade tempor\u00e1ria, aux\u00edlio-acidente, aposentadoria, pens\u00e3o por morte ou aux\u00edlio-reclus\u00e3o da Previd\u00eancia. A antecipa\u00e7\u00e3o, por\u00e9m, s\u00f3 poder\u00e1 ser decidida depois da aprova\u00e7\u00e3o da Lei Or\u00e7ament\u00e1ria Anual (LOA) de&hellip;","og_url":"https:\/\/blogdofarnesio.com.br\/?p=389198","og_site_name":"Blog do Farn\u00e9sio","article_publisher":"https:\/\/www.facebook.com\/BlogQuerSaberPolitica\/","article_author":"https:\/\/www.facebook.com\/?ref=tn_tnmn","article_published_time":"2025-03-10T14:05:27+00:00","og_image":[{"width":700,"height":282,"url":"https:\/\/blogdofarnesio.com.br\/wp-content\/uploads\/2023\/05\/blogqspinss-13\u00b0-salario-dos-aposentados-e1741533005888.jpg","type":"image\/jpeg"}],"author":"Farn\u00e9sio","twitter_card":"summary_large_image","twitter_misc":{"Escrito por":"Farn\u00e9sio","Est. tempo de leitura":"2 minutos"},"schema":{"@context":"https:\/\/schema.org","@graph":[{"@type":"Article","@id":"https:\/\/blogdofarnesio.com.br\/?p=389198#article","isPartOf":{"@id":"https:\/\/blogdofarnesio.com.br\/?p=389198"},"author":{"name":"Farn\u00e9sio","@id":"https:\/\/blogdofarnesio.com.br\/#\/schema\/person\/bb9b23ae3ad0609ce8df7b6c9e76824d"},"headline":"INSS: 13\u00ba sal\u00e1rio de aposentados vai ser antecipado em 2025? Entenda","datePublished":"2025-03-10T14:05:27+00:00","mainEntityOfPage":{"@id":"https:\/\/blogdofarnesio.com.br\/?p=389198"},"wordCount":363,"commentCount":0,"publisher":{"@id":"https:\/\/blogdofarnesio.com.br\/#organization"},"image":{"@id":"https:\/\/blogdofarnesio.com.br\/?p=389198#primaryimage"},"thumbnailUrl":"https:\/\/blogdofarnesio.com.br\/wp-content\/uploads\/2023\/05\/blogqspinss-13\u00b0-salario-dos-aposentados-e1763219888181.jpg","inLanguage":"pt-BR","potentialAction":[{"@type":"CommentAction","name":"Comment","target":["https:\/\/blogdofarnesio.com.br\/?p=389198#respond"]}]},{"@type":"WebPage","@id":"https:\/\/blogdofarnesio.com.br\/?p=389198","url":"https:\/\/blogdofarnesio.com.br\/?p=389198","name":"INSS: 13\u00ba sal\u00e1rio de aposentados vai ser antecipado em 2025? Entenda - Blog do Farn\u00e9sio","isPartOf":{"@id":"https:\/\/blogdofarnesio.com.br\/#website"},"primaryImageOfPage":{"@id":"https:\/\/blogdofarnesio.com.br\/?p=389198#primaryimage"},"image":{"@id":"https:\/\/blogdofarnesio.com.br\/?p=389198#primaryimage"},"thumbnailUrl":"https:\/\/blogdofarnesio.com.br\/wp-content\/uploads\/2023\/05\/blogqspinss-13\u00b0-salario-dos-aposentados-e1763219888181.jpg","datePublished":"2025-03-10T14:05:27+00:00","breadcrumb":{"@id":"https:\/\/blogdofarnesio.com.br\/?p=389198#breadcrumb"},"inLanguage":"pt-BR","potentialAction":[{"@type":"ReadAction","target":["https:\/\/blogdofarnesio.com.br\/?p=389198"]}]},{"@type":"ImageObject","inLanguage":"pt-BR","@id":"https:\/\/blogdofarnesio.com.br\/?p=389198#primaryimage","url":"https:\/\/blogdofarnesio.com.br\/wp-content\/uploads\/2023\/05\/blogqspinss-13\u00b0-salario-dos-aposentados-e1763219888181.jpg","contentUrl":"https:\/\/blogdofarnesio.com.br\/wp-content\/uploads\/2023\/05\/blogqspinss-13\u00b0-salario-dos-aposentados-e1763219888181.jpg","width":504,"height":282},{"@type":"BreadcrumbList","@id":"https:\/\/blogdofarnesio.com.br\/?p=389198#breadcrumb","itemListElement":[{"@type":"ListItem","position":1,"name":"In\u00edcio","item":"https:\/\/blogdofarnesio.com.br\/"},{"@type":"ListItem","position":2,"name":"INSS: 13\u00ba sal\u00e1rio de aposentados vai ser antecipado em 2025? Entenda"}]},{"@type":"WebSite","@id":"https:\/\/blogdofarnesio.com.br\/#website","url":"https:\/\/blogdofarnesio.com.br\/","name":"Blog do Farn\u00e9sio","description":"Quer Saber Pol\u00edtica?","publisher":{"@id":"https:\/\/blogdofarnesio.com.br\/#organization"},"potentialAction":[{"@type":"SearchAction","target":{"@type":"EntryPoint","urlTemplate":"https:\/\/blogdofarnesio.com.br\/?s={search_term_string}"},"query-input":{"@type":"PropertyValueSpecification","valueRequired":true,"valueName":"search_term_string"}}],"inLanguage":"pt-BR"},{"@type":"Organization","@id":"https:\/\/blogdofarnesio.com.br\/#organization","name":"Blog do Farn\u00e9sio","url":"https:\/\/blogdofarnesio.com.br\/","logo":{"@type":"ImageObject","inLanguage":"pt-BR","@id":"https:\/\/blogdofarnesio.com.br\/#\/schema\/logo\/image\/","url":"https:\/\/blogdofarnesio.com.br\/wp-content\/uploads\/2026\/03\/cropped-logo_new-1.png","contentUrl":"https:\/\/blogdofarnesio.com.br\/wp-content\/uploads\/2026\/03\/cropped-logo_new-1.png","width":881,"height":685,"caption":"Blog do Farn\u00e9sio"},"image":{"@id":"https:\/\/blogdofarnesio.com.br\/#\/schema\/logo\/image\/"},"sameAs":["https:\/\/www.facebook.com\/BlogQuerSaberPolitica\/"]},{"@type":"Person","@id":"https:\/\/blogdofarnesio.com.br\/#\/schema\/person\/bb9b23ae3ad0609ce8df7b6c9e76824d","name":"Farn\u00e9sio","image":{"@type":"ImageObject","inLanguage":"pt-BR","@id":"https:\/\/secure.gravatar.com\/avatar\/986aa4c61ccdb66f8555bf88fc2a65609d00bcabd4d2d94377a727547345cbca?s=96&d=mm&r=g","url":"https:\/\/secure.gravatar.com\/avatar\/986aa4c61ccdb66f8555bf88fc2a65609d00bcabd4d2d94377a727547345cbca?s=96&d=mm&r=g","contentUrl":"https:\/\/secure.gravatar.com\/avatar\/986aa4c61ccdb66f8555bf88fc2a65609d00bcabd4d2d94377a727547345cbca?s=96&d=mm&r=g","caption":"Farn\u00e9sio"},"description":"Radialista blogueiro, chegou a Petrolina\/Juazeiro em setembro de 1980, Farn\u00e9sio Silva \u00e9 de Arapiraca-Alagoas.","sameAs":["http:\/\/blogdofarnesio.com.br","https:\/\/www.facebook.com\/?ref=tn_tnmn","https:\/\/www.instagram.com\/?utm_source=pwa_homescreen","https:\/\/youtube.com.br\/"],"url":"https:\/\/blogdofarnesio.com.br\/?author=2"}]}},"_links":{"self":[{"href":"https:\/\/blogdofarnesio.com.br\/index.php?rest_route=\/wp\/v2\/posts\/389198","targetHints":{"allow":["GET"]}}],"collection":[{"href":"https:\/\/blogdofarnesio.com.br\/index.php?rest_route=\/wp\/v2\/posts"}],"about":[{"href":"https:\/\/blogdofarnesio.com.br\/index.php?rest_route=\/wp\/v2\/types\/post"}],"author":[{"embeddable":true,"href":"https:\/\/blogdofarnesio.com.br\/index.php?rest_route=\/wp\/v2\/users\/2"}],"replies":[{"embeddable":true,"href":"https:\/\/blogdofarnesio.com.br\/index.php?rest_route=%2Fwp%2Fv2%2Fcomments&post=389198"}],"version-history":[{"count":0,"href":"https:\/\/blogdofarnesio.com.br\/index.php?rest_route=\/wp\/v2\/posts\/389198\/revisions"}],"wp:featuredmedia":[{"embeddable":true,"href":"https:\/\/blogdofarnesio.com.br\/index.php?rest_route=\/wp\/v2\/media\/339893"}],"wp:attachment":[{"href":"https:\/\/blogdofarnesio.com.br\/index.php?rest_route=%2Fwp%2Fv2%2Fmedia&parent=389198"}],"wp:term":[{"taxonomy":"category","embeddable":true,"href":"https:\/\/blogdofarnesio.com.br\/index.php?rest_route=%2Fwp%2Fv2%2Fcategories&post=389198"},{"taxonomy":"post_tag","embeddable":true,"href":"https:\/\/blogdofarnesio.com.br\/index.php?rest_route=%2Fwp%2Fv2%2Ftags&post=389198"}],"curies":[{"name":"wp","href":"https:\/\/api.w.org\/{rel}","templated":true}]}}