{"id":389155,"date":"2025-03-07T11:33:25","date_gmt":"2025-03-07T14:33:25","guid":{"rendered":"https:\/\/blogdofarnesio.com.br\/?p=389155"},"modified":"2025-03-07T09:03:47","modified_gmt":"2025-03-07T12:03:47","slug":"concurso-embrapa-publicada-convocacao-para-provas-objetivas-e-discursivas","status":"publish","type":"post","link":"https:\/\/blogdofarnesio.com.br\/?p=389155","title":{"rendered":"Concurso EMBRAPA: publicada convoca\u00e7\u00e3o para provas objetivas e discursivas"},"content":{"rendered":"<div class=\"title\">\n<div class=\"content-title\">\n<div class=\"wrapper\">\n<div class=\"materia-title\">\n<h2><span style=\"font-size: 16px; font-weight: 400;\">Yasmin Rajab\u00a0 &#8211;\u00a0\u00a0<\/span><\/h2>\n<h2><em>Os exames ser\u00e3o aplicados em 23 de mar\u00e7o, seguindo o hor\u00e1rio de Bras\u00edlia (DF). Veja as instru\u00e7\u00f5es para o dia da prova, publicados no Di\u00e1rio Oficial<\/em><\/h2>\n<\/div>\n<\/div>\n<\/div>\n<\/div>\n<div class=\"content-materia\">\n<div class=\"wrapper\">\n<section class=\"body-content-cb\">\n<article id=\"digital\" class=\"article\">\n<div class=\"responsive-img\">\n<picture><source media=\"(max-width: 767px)\" data-srcset=\"https:\/\/midias.correiobraziliense.com.br\/_midias\/jpg\/2024\/11\/24\/360x240\/1_embrapa_e1731429252411-42080679.jpg?20250306083835?20250306083835 360w\" \/><source media=\"(max-width: 1365px)\" data-srcset=\"https:\/\/midias.correiobraziliense.com.br\/_midias\/jpg\/2024\/11\/24\/675x450\/1_embrapa_e1731429252411-42080679.jpg?20250306083835?20250306083835 675w\" \/><source media=\"(min-width: 1366px)\" data-srcset=\"https:\/\/midias.correiobraziliense.com.br\/_midias\/jpg\/2024\/11\/24\/360x240\/1_embrapa_e1731429252411-42080679.jpg?20250306083835?20250306083835 820w\" \/><\/picture>\n<div class=\"responsive-img-caption\"><\/div>\n<\/div>\n<p class=\"texto\">A Empresa Brasileira de Pesquisa Agropecu\u00e1ria (Embrapa) publicou a convoca\u00e7\u00e3o para as provas objetivas e discursivas do\u00a0<a href=\"https:\/\/www.correiobraziliense.com.br\/euestudante\/concursos\/2024\/12\/7005199-embrapa-lanca-concurso-com-1-027-vagas-veja-detalhes-do-edital.html\">concurso p\u00fablico para os cargos de\u00a0pesquisador, analista, assistente e t\u00e9cnico<\/a>. As instru\u00e7\u00f5es foram divulgadas no\u00a0<em><a href=\"https:\/\/www.in.gov.br\/en\/web\/dou\/-\/edital-n-10-embrapa-de-5-de-marco-de-2025-616011262\">Di\u00e1rio Oficial da Uni\u00e3o (DOU)<\/a><\/em>\u00a0desta quinta-feira (6\/3).<\/p>\n<p class=\"texto\">Os exames ser\u00e3o aplicados em 23 de mar\u00e7o, seguindo o hor\u00e1rio de Bras\u00edlia (DF). Para os cargos de pesquisador e t\u00e9cnico, os port\u00f5es ser\u00e3o abertos \u00e0s 7h\u00a0e fechados \u00e0s 8h, e o in\u00edcio das provas est\u00e1 marcado para \u00e0s 8h30.<\/p>\n<p class=\"texto\">J\u00e1 para o cargo de analista e assistente os port\u00f5es abrir\u00e3o \u00e0s 14h e ser\u00e3o fechados \u00e0s 15h, e o in\u00edcio das provas est\u00e1 marcado para 15h30. O tempo de aplica\u00e7\u00e3o dos exames dependem de cada carreira ofertada.<\/p>\n<p class=\"texto\">Conforme o edital, os candidatos dever\u00e3o acessar o\u00a0<a href=\"https:\/\/www.cebraspe.org.br\/concursos\/embrapa_24\">site do Cebraspe<\/a>, banca organizadora, a partir de 14 de mar\u00e7o, para verificar o local de realiza\u00e7\u00e3o das provas, por meio de consulta individual.<\/p>\n<h3>Sobre o concurso<\/h3>\n<p class=\"texto\">A Embrapa oferta\u00a01.027 vagas, distribu\u00eddas entre as carreiras de pesquisador, analista, assistente e t\u00e9cnico, na classe inicial de cada posto.\u00a0Do total de oportunidades, 719 s\u00e3o para ampla concorr\u00eancia, 103\u00a0 para pessoas com defici\u00eancia e 205 para pessoas pretas e pardas. O certame tamb\u00e9m formar\u00e1 cadastro reserva.<\/p>\n<p class=\"texto\">Os aprovados ser\u00e3o lotados na sede da empresa, em Bras\u00edlia (DF), e nas 43 unidades espalhadas pelo Brasil.<\/p>\n<p class=\"texto\">A jornada de trabalho a ser cumprida, para todos os cargos, \u00e9 de 40 horas semanais, salvo jornadas especiais estabelecidas por legisla\u00e7\u00e3o espec\u00edfica.<\/p>\n<p class=\"texto\">O concurso ser\u00e1 composto por cinco fases: provas objetivas, provas discursivas,\u00a0defesa de memorial e apresenta\u00e7\u00e3o de projeto de pesquisa, prova pr\u00e1tica e avalia\u00e7\u00e3o de t\u00edtulos.<\/p>\n<p class=\"texto\">O sal\u00e1rio para assistente \u00e9 de\u00a0R$ 2.186,19, enquanto o de t\u00e9cnico \u00e9 de\u00a0R$ 5.556,81. Para analista, a remunera\u00e7\u00e3o \u00e9 de\u00a0R$ 10.921,33, e para pesquisador\u00a0R$ 12.814,61<\/p>\n<\/article>\n<\/section>\n<\/div>\n<\/div>\n","protected":false},"excerpt":{"rendered":"<p>Yasmin Rajab\u00a0 &#8211;\u00a0\u00a0 Os exames ser\u00e3o aplicados em 23 de mar\u00e7o, seguindo o hor\u00e1rio de Bras\u00edlia (DF). Veja as instru\u00e7\u00f5es para o dia da prova, publicados no Di\u00e1rio Oficial A Empresa Brasileira de Pesquisa Agropecu\u00e1ria (Embrapa) publicou a convoca\u00e7\u00e3o para as provas objetivas e discursivas do\u00a0concurso p\u00fablico para os cargos de\u00a0pesquisador, analista, assistente e t\u00e9cnico. As instru\u00e7\u00f5es foram divulgadas no\u00a0Di\u00e1rio Oficial da Uni\u00e3o (DOU)\u00a0desta quinta-feira (6\/3). Os exames ser\u00e3o aplicados em 23 de mar\u00e7o, seguindo o hor\u00e1rio de Bras\u00edlia (DF). Para os cargos de pesquisador e t\u00e9cnico, os port\u00f5es ser\u00e3o abertos \u00e0s 7h\u00a0e fechados \u00e0s 8h, e o in\u00edcio das provas est\u00e1 marcado para \u00e0s 8h30. J\u00e1 para o cargo de analista e assistente os port\u00f5es abrir\u00e3o \u00e0s 14h e&hellip; <\/p>\n","protected":false},"author":2,"featured_media":389164,"comment_status":"open","ping_status":"open","sticky":false,"template":"","format":"standard","meta":{"_acf_changed":false,"footnotes":""},"categories":[31],"tags":[],"class_list":["post-389155","post","type-post","status-publish","format-standard","has-post-thumbnail","hentry","category-concursos"],"acf":[],"yoast_head":"<!-- This site is optimized with the Yoast SEO plugin v27.4 - https:\/\/yoast.com\/product\/yoast-seo-wordpress\/ -->\n<title>Concurso EMBRAPA: publicada convoca\u00e7\u00e3o para provas objetivas e discursivas - Blog do Farn\u00e9sio<\/title>\n<meta name=\"robots\" content=\"index, follow, max-snippet:-1, max-image-preview:large, max-video-preview:-1\" \/>\n<link rel=\"canonical\" href=\"https:\/\/blogdofarnesio.com.br\/?p=389155\" \/>\n<meta property=\"og:locale\" content=\"pt_BR\" \/>\n<meta property=\"og:type\" content=\"article\" \/>\n<meta property=\"og:title\" content=\"Concurso EMBRAPA: publicada convoca\u00e7\u00e3o para provas objetivas e discursivas - Blog do Farn\u00e9sio\" \/>\n<meta property=\"og:description\" content=\"Yasmin Rajab\u00a0 &#8211;\u00a0\u00a0 Os exames ser\u00e3o aplicados em 23 de mar\u00e7o, seguindo o hor\u00e1rio de Bras\u00edlia (DF). Veja as instru\u00e7\u00f5es para o dia da prova, publicados no Di\u00e1rio Oficial A Empresa Brasileira de Pesquisa Agropecu\u00e1ria (Embrapa) publicou a convoca\u00e7\u00e3o para as provas objetivas e discursivas do\u00a0concurso p\u00fablico para os cargos de\u00a0pesquisador, analista, assistente e t\u00e9cnico. As instru\u00e7\u00f5es foram divulgadas no\u00a0Di\u00e1rio Oficial da Uni\u00e3o (DOU)\u00a0desta quinta-feira (6\/3). Os exames ser\u00e3o aplicados em 23 de mar\u00e7o, seguindo o hor\u00e1rio de Bras\u00edlia (DF). Para os cargos de pesquisador e t\u00e9cnico, os port\u00f5es ser\u00e3o abertos \u00e0s 7h\u00a0e fechados \u00e0s 8h, e o in\u00edcio das provas est\u00e1 marcado para \u00e0s 8h30. J\u00e1 para o cargo de analista e assistente os port\u00f5es abrir\u00e3o \u00e0s 14h e&hellip;\" \/>\n<meta property=\"og:url\" content=\"https:\/\/blogdofarnesio.com.br\/?p=389155\" \/>\n<meta property=\"og:site_name\" content=\"Blog do Farn\u00e9sio\" \/>\n<meta property=\"article:publisher\" content=\"https:\/\/www.facebook.com\/BlogQuerSaberPolitica\/\" \/>\n<meta property=\"article:author\" content=\"https:\/\/www.facebook.com\/?ref=tn_tnmn\" \/>\n<meta property=\"article:published_time\" content=\"2025-03-07T14:33:25+00:00\" \/>\n<meta property=\"og:image\" content=\"https:\/\/blogdofarnesio.com.br\/wp-content\/uploads\/2025\/03\/blogqspembrapa_e1731429252411-42080679.jpg\" \/>\n\t<meta property=\"og:image:width\" content=\"675\" \/>\n\t<meta property=\"og:image:height\" content=\"450\" \/>\n\t<meta property=\"og:image:type\" content=\"image\/jpeg\" \/>\n<meta name=\"author\" content=\"Farn\u00e9sio\" \/>\n<meta name=\"twitter:card\" content=\"summary_large_image\" \/>\n<meta name=\"twitter:label1\" content=\"Escrito por\" \/>\n\t<meta name=\"twitter:data1\" content=\"Farn\u00e9sio\" \/>\n\t<meta name=\"twitter:label2\" content=\"Est. tempo de leitura\" \/>\n\t<meta name=\"twitter:data2\" content=\"3 minutos\" \/>\n<script type=\"application\/ld+json\" class=\"yoast-schema-graph\">{\"@context\":\"https:\\\/\\\/schema.org\",\"@graph\":[{\"@type\":\"Article\",\"@id\":\"https:\\\/\\\/blogdofarnesio.com.br\\\/?p=389155#article\",\"isPartOf\":{\"@id\":\"https:\\\/\\\/blogdofarnesio.com.br\\\/?p=389155\"},\"author\":{\"name\":\"Farn\u00e9sio\",\"@id\":\"https:\\\/\\\/blogdofarnesio.com.br\\\/#\\\/schema\\\/person\\\/bb9b23ae3ad0609ce8df7b6c9e76824d\"},\"headline\":\"Concurso EMBRAPA: publicada convoca\u00e7\u00e3o para provas objetivas e discursivas\",\"datePublished\":\"2025-03-07T14:33:25+00:00\",\"mainEntityOfPage\":{\"@id\":\"https:\\\/\\\/blogdofarnesio.com.br\\\/?p=389155\"},\"wordCount\":366,\"commentCount\":0,\"publisher\":{\"@id\":\"https:\\\/\\\/blogdofarnesio.com.br\\\/#organization\"},\"image\":{\"@id\":\"https:\\\/\\\/blogdofarnesio.com.br\\\/?p=389155#primaryimage\"},\"thumbnailUrl\":\"https:\\\/\\\/blogdofarnesio.com.br\\\/wp-content\\\/uploads\\\/2025\\\/03\\\/blogqspembrapa_e1731429252411-42080679.jpg\",\"articleSection\":[\"Concursos\"],\"inLanguage\":\"pt-BR\",\"potentialAction\":[{\"@type\":\"CommentAction\",\"name\":\"Comment\",\"target\":[\"https:\\\/\\\/blogdofarnesio.com.br\\\/?p=389155#respond\"]}]},{\"@type\":\"WebPage\",\"@id\":\"https:\\\/\\\/blogdofarnesio.com.br\\\/?p=389155\",\"url\":\"https:\\\/\\\/blogdofarnesio.com.br\\\/?p=389155\",\"name\":\"Concurso EMBRAPA: publicada convoca\u00e7\u00e3o para provas objetivas e discursivas - Blog do Farn\u00e9sio\",\"isPartOf\":{\"@id\":\"https:\\\/\\\/blogdofarnesio.com.br\\\/#website\"},\"primaryImageOfPage\":{\"@id\":\"https:\\\/\\\/blogdofarnesio.com.br\\\/?p=389155#primaryimage\"},\"image\":{\"@id\":\"https:\\\/\\\/blogdofarnesio.com.br\\\/?p=389155#primaryimage\"},\"thumbnailUrl\":\"https:\\\/\\\/blogdofarnesio.com.br\\\/wp-content\\\/uploads\\\/2025\\\/03\\\/blogqspembrapa_e1731429252411-42080679.jpg\",\"datePublished\":\"2025-03-07T14:33:25+00:00\",\"breadcrumb\":{\"@id\":\"https:\\\/\\\/blogdofarnesio.com.br\\\/?p=389155#breadcrumb\"},\"inLanguage\":\"pt-BR\",\"potentialAction\":[{\"@type\":\"ReadAction\",\"target\":[\"https:\\\/\\\/blogdofarnesio.com.br\\\/?p=389155\"]}]},{\"@type\":\"ImageObject\",\"inLanguage\":\"pt-BR\",\"@id\":\"https:\\\/\\\/blogdofarnesio.com.br\\\/?p=389155#primaryimage\",\"url\":\"https:\\\/\\\/blogdofarnesio.com.br\\\/wp-content\\\/uploads\\\/2025\\\/03\\\/blogqspembrapa_e1731429252411-42080679.jpg\",\"contentUrl\":\"https:\\\/\\\/blogdofarnesio.com.br\\\/wp-content\\\/uploads\\\/2025\\\/03\\\/blogqspembrapa_e1731429252411-42080679.jpg\",\"width\":675,\"height\":450},{\"@type\":\"BreadcrumbList\",\"@id\":\"https:\\\/\\\/blogdofarnesio.com.br\\\/?p=389155#breadcrumb\",\"itemListElement\":[{\"@type\":\"ListItem\",\"position\":1,\"name\":\"In\u00edcio\",\"item\":\"https:\\\/\\\/blogdofarnesio.com.br\\\/\"},{\"@type\":\"ListItem\",\"position\":2,\"name\":\"Concurso EMBRAPA: publicada convoca\u00e7\u00e3o para provas objetivas e discursivas\"}]},{\"@type\":\"WebSite\",\"@id\":\"https:\\\/\\\/blogdofarnesio.com.br\\\/#website\",\"url\":\"https:\\\/\\\/blogdofarnesio.com.br\\\/\",\"name\":\"Blog do Farn\u00e9sio\",\"description\":\"Quer Saber Pol\u00edtica?\",\"publisher\":{\"@id\":\"https:\\\/\\\/blogdofarnesio.com.br\\\/#organization\"},\"potentialAction\":[{\"@type\":\"SearchAction\",\"target\":{\"@type\":\"EntryPoint\",\"urlTemplate\":\"https:\\\/\\\/blogdofarnesio.com.br\\\/?s={search_term_string}\"},\"query-input\":{\"@type\":\"PropertyValueSpecification\",\"valueRequired\":true,\"valueName\":\"search_term_string\"}}],\"inLanguage\":\"pt-BR\"},{\"@type\":\"Organization\",\"@id\":\"https:\\\/\\\/blogdofarnesio.com.br\\\/#organization\",\"name\":\"Blog do Farn\u00e9sio\",\"url\":\"https:\\\/\\\/blogdofarnesio.com.br\\\/\",\"logo\":{\"@type\":\"ImageObject\",\"inLanguage\":\"pt-BR\",\"@id\":\"https:\\\/\\\/blogdofarnesio.com.br\\\/#\\\/schema\\\/logo\\\/image\\\/\",\"url\":\"https:\\\/\\\/blogdofarnesio.com.br\\\/wp-content\\\/uploads\\\/2026\\\/03\\\/cropped-logo_new-1.png\",\"contentUrl\":\"https:\\\/\\\/blogdofarnesio.com.br\\\/wp-content\\\/uploads\\\/2026\\\/03\\\/cropped-logo_new-1.png\",\"width\":881,\"height\":685,\"caption\":\"Blog do Farn\u00e9sio\"},\"image\":{\"@id\":\"https:\\\/\\\/blogdofarnesio.com.br\\\/#\\\/schema\\\/logo\\\/image\\\/\"},\"sameAs\":[\"https:\\\/\\\/www.facebook.com\\\/BlogQuerSaberPolitica\\\/\"]},{\"@type\":\"Person\",\"@id\":\"https:\\\/\\\/blogdofarnesio.com.br\\\/#\\\/schema\\\/person\\\/bb9b23ae3ad0609ce8df7b6c9e76824d\",\"name\":\"Farn\u00e9sio\",\"image\":{\"@type\":\"ImageObject\",\"inLanguage\":\"pt-BR\",\"@id\":\"https:\\\/\\\/secure.gravatar.com\\\/avatar\\\/986aa4c61ccdb66f8555bf88fc2a65609d00bcabd4d2d94377a727547345cbca?s=96&d=mm&r=g\",\"url\":\"https:\\\/\\\/secure.gravatar.com\\\/avatar\\\/986aa4c61ccdb66f8555bf88fc2a65609d00bcabd4d2d94377a727547345cbca?s=96&d=mm&r=g\",\"contentUrl\":\"https:\\\/\\\/secure.gravatar.com\\\/avatar\\\/986aa4c61ccdb66f8555bf88fc2a65609d00bcabd4d2d94377a727547345cbca?s=96&d=mm&r=g\",\"caption\":\"Farn\u00e9sio\"},\"description\":\"Radialista blogueiro, chegou a Petrolina\\\/Juazeiro em setembro de 1980, Farn\u00e9sio Silva \u00e9 de Arapiraca-Alagoas.\",\"sameAs\":[\"http:\\\/\\\/blogdofarnesio.com.br\",\"https:\\\/\\\/www.facebook.com\\\/?ref=tn_tnmn\",\"https:\\\/\\\/www.instagram.com\\\/?utm_source=pwa_homescreen\",\"https:\\\/\\\/youtube.com.br\\\/\"],\"url\":\"https:\\\/\\\/blogdofarnesio.com.br\\\/?author=2\"}]}<\/script>\n<!-- \/ Yoast SEO plugin. -->","yoast_head_json":{"title":"Concurso EMBRAPA: publicada convoca\u00e7\u00e3o para provas objetivas e discursivas - Blog do Farn\u00e9sio","robots":{"index":"index","follow":"follow","max-snippet":"max-snippet:-1","max-image-preview":"max-image-preview:large","max-video-preview":"max-video-preview:-1"},"canonical":"https:\/\/blogdofarnesio.com.br\/?p=389155","og_locale":"pt_BR","og_type":"article","og_title":"Concurso EMBRAPA: publicada convoca\u00e7\u00e3o para provas objetivas e discursivas - Blog do Farn\u00e9sio","og_description":"Yasmin Rajab\u00a0 &#8211;\u00a0\u00a0 Os exames ser\u00e3o aplicados em 23 de mar\u00e7o, seguindo o hor\u00e1rio de Bras\u00edlia (DF). Veja as instru\u00e7\u00f5es para o dia da prova, publicados no Di\u00e1rio Oficial A Empresa Brasileira de Pesquisa Agropecu\u00e1ria (Embrapa) publicou a convoca\u00e7\u00e3o para as provas objetivas e discursivas do\u00a0concurso p\u00fablico para os cargos de\u00a0pesquisador, analista, assistente e t\u00e9cnico. As instru\u00e7\u00f5es foram divulgadas no\u00a0Di\u00e1rio Oficial da Uni\u00e3o (DOU)\u00a0desta quinta-feira (6\/3). Os exames ser\u00e3o aplicados em 23 de mar\u00e7o, seguindo o hor\u00e1rio de Bras\u00edlia (DF). Para os cargos de pesquisador e t\u00e9cnico, os port\u00f5es ser\u00e3o abertos \u00e0s 7h\u00a0e fechados \u00e0s 8h, e o in\u00edcio das provas est\u00e1 marcado para \u00e0s 8h30. J\u00e1 para o cargo de analista e assistente os port\u00f5es abrir\u00e3o \u00e0s 14h e&hellip;","og_url":"https:\/\/blogdofarnesio.com.br\/?p=389155","og_site_name":"Blog do Farn\u00e9sio","article_publisher":"https:\/\/www.facebook.com\/BlogQuerSaberPolitica\/","article_author":"https:\/\/www.facebook.com\/?ref=tn_tnmn","article_published_time":"2025-03-07T14:33:25+00:00","og_image":[{"width":675,"height":450,"url":"https:\/\/blogdofarnesio.com.br\/wp-content\/uploads\/2025\/03\/blogqspembrapa_e1731429252411-42080679.jpg","type":"image\/jpeg"}],"author":"Farn\u00e9sio","twitter_card":"summary_large_image","twitter_misc":{"Escrito por":"Farn\u00e9sio","Est. tempo de leitura":"3 minutos"},"schema":{"@context":"https:\/\/schema.org","@graph":[{"@type":"Article","@id":"https:\/\/blogdofarnesio.com.br\/?p=389155#article","isPartOf":{"@id":"https:\/\/blogdofarnesio.com.br\/?p=389155"},"author":{"name":"Farn\u00e9sio","@id":"https:\/\/blogdofarnesio.com.br\/#\/schema\/person\/bb9b23ae3ad0609ce8df7b6c9e76824d"},"headline":"Concurso EMBRAPA: publicada convoca\u00e7\u00e3o para provas objetivas e discursivas","datePublished":"2025-03-07T14:33:25+00:00","mainEntityOfPage":{"@id":"https:\/\/blogdofarnesio.com.br\/?p=389155"},"wordCount":366,"commentCount":0,"publisher":{"@id":"https:\/\/blogdofarnesio.com.br\/#organization"},"image":{"@id":"https:\/\/blogdofarnesio.com.br\/?p=389155#primaryimage"},"thumbnailUrl":"https:\/\/blogdofarnesio.com.br\/wp-content\/uploads\/2025\/03\/blogqspembrapa_e1731429252411-42080679.jpg","articleSection":["Concursos"],"inLanguage":"pt-BR","potentialAction":[{"@type":"CommentAction","name":"Comment","target":["https:\/\/blogdofarnesio.com.br\/?p=389155#respond"]}]},{"@type":"WebPage","@id":"https:\/\/blogdofarnesio.com.br\/?p=389155","url":"https:\/\/blogdofarnesio.com.br\/?p=389155","name":"Concurso EMBRAPA: publicada convoca\u00e7\u00e3o para provas objetivas e discursivas - Blog do Farn\u00e9sio","isPartOf":{"@id":"https:\/\/blogdofarnesio.com.br\/#website"},"primaryImageOfPage":{"@id":"https:\/\/blogdofarnesio.com.br\/?p=389155#primaryimage"},"image":{"@id":"https:\/\/blogdofarnesio.com.br\/?p=389155#primaryimage"},"thumbnailUrl":"https:\/\/blogdofarnesio.com.br\/wp-content\/uploads\/2025\/03\/blogqspembrapa_e1731429252411-42080679.jpg","datePublished":"2025-03-07T14:33:25+00:00","breadcrumb":{"@id":"https:\/\/blogdofarnesio.com.br\/?p=389155#breadcrumb"},"inLanguage":"pt-BR","potentialAction":[{"@type":"ReadAction","target":["https:\/\/blogdofarnesio.com.br\/?p=389155"]}]},{"@type":"ImageObject","inLanguage":"pt-BR","@id":"https:\/\/blogdofarnesio.com.br\/?p=389155#primaryimage","url":"https:\/\/blogdofarnesio.com.br\/wp-content\/uploads\/2025\/03\/blogqspembrapa_e1731429252411-42080679.jpg","contentUrl":"https:\/\/blogdofarnesio.com.br\/wp-content\/uploads\/2025\/03\/blogqspembrapa_e1731429252411-42080679.jpg","width":675,"height":450},{"@type":"BreadcrumbList","@id":"https:\/\/blogdofarnesio.com.br\/?p=389155#breadcrumb","itemListElement":[{"@type":"ListItem","position":1,"name":"In\u00edcio","item":"https:\/\/blogdofarnesio.com.br\/"},{"@type":"ListItem","position":2,"name":"Concurso EMBRAPA: publicada convoca\u00e7\u00e3o para provas objetivas e discursivas"}]},{"@type":"WebSite","@id":"https:\/\/blogdofarnesio.com.br\/#website","url":"https:\/\/blogdofarnesio.com.br\/","name":"Blog do Farn\u00e9sio","description":"Quer Saber Pol\u00edtica?","publisher":{"@id":"https:\/\/blogdofarnesio.com.br\/#organization"},"potentialAction":[{"@type":"SearchAction","target":{"@type":"EntryPoint","urlTemplate":"https:\/\/blogdofarnesio.com.br\/?s={search_term_string}"},"query-input":{"@type":"PropertyValueSpecification","valueRequired":true,"valueName":"search_term_string"}}],"inLanguage":"pt-BR"},{"@type":"Organization","@id":"https:\/\/blogdofarnesio.com.br\/#organization","name":"Blog do Farn\u00e9sio","url":"https:\/\/blogdofarnesio.com.br\/","logo":{"@type":"ImageObject","inLanguage":"pt-BR","@id":"https:\/\/blogdofarnesio.com.br\/#\/schema\/logo\/image\/","url":"https:\/\/blogdofarnesio.com.br\/wp-content\/uploads\/2026\/03\/cropped-logo_new-1.png","contentUrl":"https:\/\/blogdofarnesio.com.br\/wp-content\/uploads\/2026\/03\/cropped-logo_new-1.png","width":881,"height":685,"caption":"Blog do Farn\u00e9sio"},"image":{"@id":"https:\/\/blogdofarnesio.com.br\/#\/schema\/logo\/image\/"},"sameAs":["https:\/\/www.facebook.com\/BlogQuerSaberPolitica\/"]},{"@type":"Person","@id":"https:\/\/blogdofarnesio.com.br\/#\/schema\/person\/bb9b23ae3ad0609ce8df7b6c9e76824d","name":"Farn\u00e9sio","image":{"@type":"ImageObject","inLanguage":"pt-BR","@id":"https:\/\/secure.gravatar.com\/avatar\/986aa4c61ccdb66f8555bf88fc2a65609d00bcabd4d2d94377a727547345cbca?s=96&d=mm&r=g","url":"https:\/\/secure.gravatar.com\/avatar\/986aa4c61ccdb66f8555bf88fc2a65609d00bcabd4d2d94377a727547345cbca?s=96&d=mm&r=g","contentUrl":"https:\/\/secure.gravatar.com\/avatar\/986aa4c61ccdb66f8555bf88fc2a65609d00bcabd4d2d94377a727547345cbca?s=96&d=mm&r=g","caption":"Farn\u00e9sio"},"description":"Radialista blogueiro, chegou a Petrolina\/Juazeiro em setembro de 1980, Farn\u00e9sio Silva \u00e9 de Arapiraca-Alagoas.","sameAs":["http:\/\/blogdofarnesio.com.br","https:\/\/www.facebook.com\/?ref=tn_tnmn","https:\/\/www.instagram.com\/?utm_source=pwa_homescreen","https:\/\/youtube.com.br\/"],"url":"https:\/\/blogdofarnesio.com.br\/?author=2"}]}},"_links":{"self":[{"href":"https:\/\/blogdofarnesio.com.br\/index.php?rest_route=\/wp\/v2\/posts\/389155","targetHints":{"allow":["GET"]}}],"collection":[{"href":"https:\/\/blogdofarnesio.com.br\/index.php?rest_route=\/wp\/v2\/posts"}],"about":[{"href":"https:\/\/blogdofarnesio.com.br\/index.php?rest_route=\/wp\/v2\/types\/post"}],"author":[{"embeddable":true,"href":"https:\/\/blogdofarnesio.com.br\/index.php?rest_route=\/wp\/v2\/users\/2"}],"replies":[{"embeddable":true,"href":"https:\/\/blogdofarnesio.com.br\/index.php?rest_route=%2Fwp%2Fv2%2Fcomments&post=389155"}],"version-history":[{"count":0,"href":"https:\/\/blogdofarnesio.com.br\/index.php?rest_route=\/wp\/v2\/posts\/389155\/revisions"}],"wp:featuredmedia":[{"embeddable":true,"href":"https:\/\/blogdofarnesio.com.br\/index.php?rest_route=\/wp\/v2\/media\/389164"}],"wp:attachment":[{"href":"https:\/\/blogdofarnesio.com.br\/index.php?rest_route=%2Fwp%2Fv2%2Fmedia&parent=389155"}],"wp:term":[{"taxonomy":"category","embeddable":true,"href":"https:\/\/blogdofarnesio.com.br\/index.php?rest_route=%2Fwp%2Fv2%2Fcategories&post=389155"},{"taxonomy":"post_tag","embeddable":true,"href":"https:\/\/blogdofarnesio.com.br\/index.php?rest_route=%2Fwp%2Fv2%2Ftags&post=389155"}],"curies":[{"name":"wp","href":"https:\/\/api.w.org\/{rel}","templated":true}]}}