{"id":389143,"date":"2025-03-08T11:00:40","date_gmt":"2025-03-08T14:00:40","guid":{"rendered":"https:\/\/blogdofarnesio.com.br\/?p=389143"},"modified":"2025-03-06T18:48:26","modified_gmt":"2025-03-06T21:48:26","slug":"um-sabado-dedicado-as-mulheres-1o-entardecer-delas-leva-servicos-e-lazer-para-as-juazeirenses","status":"publish","type":"post","link":"https:\/\/blogdofarnesio.com.br\/?p=389143","title":{"rendered":"Um s\u00e1bado dedicado \u00e0s mulheres: 1\u00ba \u201cEntardecer Delas\u201d leva servi\u00e7os e lazer para as juazeirenses"},"content":{"rendered":"<p>Em comemora\u00e7\u00e3o ao 08 de mar\u00e7o, dia simb\u00f3lico para as mulheres e meninas em todo o mundo, a Secretaria da Mulher e Juventude (SMJ) de Juazeiro realizar\u00e1 o primeiro \u201cEntardecer Delas\u201d.<\/p>\n<p>O evento acontecer\u00e1 no s\u00e1bado (8), a partir das 17 horas, na Orla II da cidade, e ser\u00e1 um momento pol\u00edtico e festivo, com servi\u00e7os de sa\u00fade, autocuidado, apresenta\u00e7\u00f5es culturais, aliado \u00e0 Feira da Economia Solid\u00e1ria, onde mulheres empreendedoras estar\u00e3o expondo seus produtos.<\/p>\n<p>As mulheres ter\u00e3o acesso a servi\u00e7os gratuitos de massoterapia, maquiagem, an\u00e1lise capilar e testagem r\u00e1pida de ISTs.<\/p>\n<p>O Programa \u201cToler\u00e2ncia Zero \u00e0 viol\u00eancia contra \u00e0 Mulher\u201d, tamb\u00e9m ser\u00e1 lan\u00e7ado pela SMJ, juntamente com o Prefeito, Andrei Gon\u00e7alves, o vice prefeito Tiano F\u00e9lix e demais autoridades do munic\u00edpio. O programa, que visa uma rede de prote\u00e7\u00e3o \u00e0 mulher, em todas as esferas, \u00e9 um marco para Juazeiro.<\/p>\n<p>Ap\u00f3s o lan\u00e7amento, ser\u00e3o realizadas as apresenta\u00e7\u00f5es culturais, com a presen\u00e7a do grupo de dan\u00e7a Mandala, formado exclusivamente por mulheres. Logo depois, o show &#8220;Vozes Unidas&#8221;, que reunir\u00e1 mais de dez artistas da regi\u00e3o do Vale do S\u00e3o Francisco, cantando m\u00fasicas voltadas para o empoderamento feminino.<\/p>\n<p>A cantora M\u00e1dara e banda dar\u00e1 continuidade a noite com muita comemora\u00e7\u00e3o, empoderamento e conquista das mulheres juazeirenses.<\/p>\n<p>A Secret\u00e1ria da Mulher e Juventude, \u00c9rica Daiane, convida todas e todos, para participar deste momento de integra\u00e7\u00e3o e lazer.<\/p>\n<p>&#8221; Dia 8 de mar\u00e7o, Dia Internacional da mulher, um momento pol\u00edtico, mas um momento tamb\u00e9m de lazer, um momento de celebra\u00e7\u00e3o, porque, afinal, n\u00f3s mulheres encaramos diariamente diversas lutas, diversas batalhas, e n\u00f3s tamb\u00e9m precisamos desse momento de celebrar, de se divertir, de vivenciar um pouco da nossa cultura. E esse convite \u00e9 para voc\u00ea, mulher, para voc\u00ea homem, todo mundo que est\u00e1 junto com a gente nessa luta pela emancipa\u00e7\u00e3o feminina, pela garantia de direitos&#8221;.<\/p>\n<p>&nbsp;<\/p>\n<p><strong>Quer participar? Confira a programa\u00e7\u00e3o:<\/strong><\/p>\n<p>16h &#8211; Feira da Economia Solid\u00e1ria<\/p>\n<p>17h &#8211; Lan\u00e7amento do Programa Toler\u00e2ncia Zero<\/p>\n<p>18h30 &#8211; Grupo Mandala<\/p>\n<p>19h &#8211; Vozes Unidas<\/p>\n<p>19h40 &#8211; M\u00e1dara e banda<\/p>\n<p>&nbsp;<\/p>\n<p>Ascom PMJ<\/p>\n","protected":false},"excerpt":{"rendered":"<p>Em comemora\u00e7\u00e3o ao 08 de mar\u00e7o, dia simb\u00f3lico para as mulheres e meninas em todo o mundo, a Secretaria da Mulher e Juventude (SMJ) de Juazeiro realizar\u00e1 o primeiro \u201cEntardecer Delas\u201d. O evento acontecer\u00e1 no s\u00e1bado (8), a partir das 17 horas, na Orla II da cidade, e ser\u00e1 um momento pol\u00edtico e festivo, com servi\u00e7os de sa\u00fade, autocuidado, apresenta\u00e7\u00f5es culturais, aliado \u00e0 Feira da Economia Solid\u00e1ria, onde mulheres empreendedoras estar\u00e3o expondo seus produtos. As mulheres ter\u00e3o acesso a servi\u00e7os gratuitos de massoterapia, maquiagem, an\u00e1lise capilar e testagem r\u00e1pida de ISTs. O Programa \u201cToler\u00e2ncia Zero \u00e0 viol\u00eancia contra \u00e0 Mulher\u201d, tamb\u00e9m ser\u00e1 lan\u00e7ado pela SMJ, juntamente com o Prefeito, Andrei Gon\u00e7alves, o vice prefeito Tiano F\u00e9lix e demais autoridades do&hellip; <\/p>\n","protected":false},"author":2,"featured_media":389144,"comment_status":"open","ping_status":"open","sticky":false,"template":"","format":"standard","meta":{"_acf_changed":false,"footnotes":""},"categories":[22],"tags":[],"class_list":["post-389143","post","type-post","status-publish","format-standard","has-post-thumbnail","hentry","category-acao-social"],"acf":[],"yoast_head":"<!-- This site is optimized with the Yoast SEO plugin v27.4 - https:\/\/yoast.com\/product\/yoast-seo-wordpress\/ -->\n<title>Um s\u00e1bado dedicado \u00e0s mulheres: 1\u00ba \u201cEntardecer Delas\u201d leva servi\u00e7os e lazer para as juazeirenses - Blog do Farn\u00e9sio<\/title>\n<meta name=\"robots\" content=\"index, follow, max-snippet:-1, max-image-preview:large, max-video-preview:-1\" \/>\n<link rel=\"canonical\" href=\"https:\/\/blogdofarnesio.com.br\/?p=389143\" \/>\n<meta property=\"og:locale\" content=\"pt_BR\" \/>\n<meta property=\"og:type\" content=\"article\" \/>\n<meta property=\"og:title\" content=\"Um s\u00e1bado dedicado \u00e0s mulheres: 1\u00ba \u201cEntardecer Delas\u201d leva servi\u00e7os e lazer para as juazeirenses - Blog do Farn\u00e9sio\" \/>\n<meta property=\"og:description\" content=\"Em comemora\u00e7\u00e3o ao 08 de mar\u00e7o, dia simb\u00f3lico para as mulheres e meninas em todo o mundo, a Secretaria da Mulher e Juventude (SMJ) de Juazeiro realizar\u00e1 o primeiro \u201cEntardecer Delas\u201d. O evento acontecer\u00e1 no s\u00e1bado (8), a partir das 17 horas, na Orla II da cidade, e ser\u00e1 um momento pol\u00edtico e festivo, com servi\u00e7os de sa\u00fade, autocuidado, apresenta\u00e7\u00f5es culturais, aliado \u00e0 Feira da Economia Solid\u00e1ria, onde mulheres empreendedoras estar\u00e3o expondo seus produtos. As mulheres ter\u00e3o acesso a servi\u00e7os gratuitos de massoterapia, maquiagem, an\u00e1lise capilar e testagem r\u00e1pida de ISTs. O Programa \u201cToler\u00e2ncia Zero \u00e0 viol\u00eancia contra \u00e0 Mulher\u201d, tamb\u00e9m ser\u00e1 lan\u00e7ado pela SMJ, juntamente com o Prefeito, Andrei Gon\u00e7alves, o vice prefeito Tiano F\u00e9lix e demais autoridades do&hellip;\" \/>\n<meta property=\"og:url\" content=\"https:\/\/blogdofarnesio.com.br\/?p=389143\" \/>\n<meta property=\"og:site_name\" content=\"Blog do Farn\u00e9sio\" \/>\n<meta property=\"article:publisher\" content=\"https:\/\/www.facebook.com\/BlogQuerSaberPolitica\/\" \/>\n<meta property=\"article:author\" content=\"https:\/\/www.facebook.com\/?ref=tn_tnmn\" \/>\n<meta property=\"article:published_time\" content=\"2025-03-08T14:00:40+00:00\" \/>\n<meta property=\"og:image\" content=\"https:\/\/blogdofarnesio.com.br\/wp-content\/uploads\/2025\/03\/Entardecer-Delas-Programacao-e1753906688542.jpeg\" \/>\n\t<meta property=\"og:image:width\" content=\"480\" \/>\n\t<meta property=\"og:image:height\" content=\"212\" \/>\n\t<meta property=\"og:image:type\" content=\"image\/jpeg\" \/>\n<meta name=\"author\" content=\"Farn\u00e9sio\" \/>\n<meta name=\"twitter:card\" content=\"summary_large_image\" \/>\n<meta name=\"twitter:label1\" content=\"Escrito por\" \/>\n\t<meta name=\"twitter:data1\" content=\"Farn\u00e9sio\" \/>\n\t<meta name=\"twitter:label2\" content=\"Est. tempo de leitura\" \/>\n\t<meta name=\"twitter:data2\" content=\"3 minutos\" \/>\n<script type=\"application\/ld+json\" class=\"yoast-schema-graph\">{\"@context\":\"https:\\\/\\\/schema.org\",\"@graph\":[{\"@type\":\"Article\",\"@id\":\"https:\\\/\\\/blogdofarnesio.com.br\\\/?p=389143#article\",\"isPartOf\":{\"@id\":\"https:\\\/\\\/blogdofarnesio.com.br\\\/?p=389143\"},\"author\":{\"name\":\"Farn\u00e9sio\",\"@id\":\"https:\\\/\\\/blogdofarnesio.com.br\\\/#\\\/schema\\\/person\\\/bb9b23ae3ad0609ce8df7b6c9e76824d\"},\"headline\":\"Um s\u00e1bado dedicado \u00e0s mulheres: 1\u00ba \u201cEntardecer Delas\u201d leva servi\u00e7os e lazer para as juazeirenses\",\"datePublished\":\"2025-03-08T14:00:40+00:00\",\"mainEntityOfPage\":{\"@id\":\"https:\\\/\\\/blogdofarnesio.com.br\\\/?p=389143\"},\"wordCount\":389,\"commentCount\":0,\"publisher\":{\"@id\":\"https:\\\/\\\/blogdofarnesio.com.br\\\/#organization\"},\"image\":{\"@id\":\"https:\\\/\\\/blogdofarnesio.com.br\\\/?p=389143#primaryimage\"},\"thumbnailUrl\":\"https:\\\/\\\/blogdofarnesio.com.br\\\/wp-content\\\/uploads\\\/2025\\\/03\\\/Entardecer-Delas-Programacao-e1753906688542.jpeg\",\"articleSection\":[\"A\u00e7\u00e3o Social\"],\"inLanguage\":\"pt-BR\",\"potentialAction\":[{\"@type\":\"CommentAction\",\"name\":\"Comment\",\"target\":[\"https:\\\/\\\/blogdofarnesio.com.br\\\/?p=389143#respond\"]}]},{\"@type\":\"WebPage\",\"@id\":\"https:\\\/\\\/blogdofarnesio.com.br\\\/?p=389143\",\"url\":\"https:\\\/\\\/blogdofarnesio.com.br\\\/?p=389143\",\"name\":\"Um s\u00e1bado dedicado \u00e0s mulheres: 1\u00ba \u201cEntardecer Delas\u201d leva servi\u00e7os e lazer para as juazeirenses - Blog do Farn\u00e9sio\",\"isPartOf\":{\"@id\":\"https:\\\/\\\/blogdofarnesio.com.br\\\/#website\"},\"primaryImageOfPage\":{\"@id\":\"https:\\\/\\\/blogdofarnesio.com.br\\\/?p=389143#primaryimage\"},\"image\":{\"@id\":\"https:\\\/\\\/blogdofarnesio.com.br\\\/?p=389143#primaryimage\"},\"thumbnailUrl\":\"https:\\\/\\\/blogdofarnesio.com.br\\\/wp-content\\\/uploads\\\/2025\\\/03\\\/Entardecer-Delas-Programacao-e1753906688542.jpeg\",\"datePublished\":\"2025-03-08T14:00:40+00:00\",\"breadcrumb\":{\"@id\":\"https:\\\/\\\/blogdofarnesio.com.br\\\/?p=389143#breadcrumb\"},\"inLanguage\":\"pt-BR\",\"potentialAction\":[{\"@type\":\"ReadAction\",\"target\":[\"https:\\\/\\\/blogdofarnesio.com.br\\\/?p=389143\"]}]},{\"@type\":\"ImageObject\",\"inLanguage\":\"pt-BR\",\"@id\":\"https:\\\/\\\/blogdofarnesio.com.br\\\/?p=389143#primaryimage\",\"url\":\"https:\\\/\\\/blogdofarnesio.com.br\\\/wp-content\\\/uploads\\\/2025\\\/03\\\/Entardecer-Delas-Programacao-e1753906688542.jpeg\",\"contentUrl\":\"https:\\\/\\\/blogdofarnesio.com.br\\\/wp-content\\\/uploads\\\/2025\\\/03\\\/Entardecer-Delas-Programacao-e1753906688542.jpeg\",\"width\":480,\"height\":212},{\"@type\":\"BreadcrumbList\",\"@id\":\"https:\\\/\\\/blogdofarnesio.com.br\\\/?p=389143#breadcrumb\",\"itemListElement\":[{\"@type\":\"ListItem\",\"position\":1,\"name\":\"In\u00edcio\",\"item\":\"https:\\\/\\\/blogdofarnesio.com.br\\\/\"},{\"@type\":\"ListItem\",\"position\":2,\"name\":\"Um s\u00e1bado dedicado \u00e0s mulheres: 1\u00ba \u201cEntardecer Delas\u201d leva servi\u00e7os e lazer para as juazeirenses\"}]},{\"@type\":\"WebSite\",\"@id\":\"https:\\\/\\\/blogdofarnesio.com.br\\\/#website\",\"url\":\"https:\\\/\\\/blogdofarnesio.com.br\\\/\",\"name\":\"Blog do Farn\u00e9sio\",\"description\":\"Quer Saber Pol\u00edtica?\",\"publisher\":{\"@id\":\"https:\\\/\\\/blogdofarnesio.com.br\\\/#organization\"},\"potentialAction\":[{\"@type\":\"SearchAction\",\"target\":{\"@type\":\"EntryPoint\",\"urlTemplate\":\"https:\\\/\\\/blogdofarnesio.com.br\\\/?s={search_term_string}\"},\"query-input\":{\"@type\":\"PropertyValueSpecification\",\"valueRequired\":true,\"valueName\":\"search_term_string\"}}],\"inLanguage\":\"pt-BR\"},{\"@type\":\"Organization\",\"@id\":\"https:\\\/\\\/blogdofarnesio.com.br\\\/#organization\",\"name\":\"Blog do Farn\u00e9sio\",\"url\":\"https:\\\/\\\/blogdofarnesio.com.br\\\/\",\"logo\":{\"@type\":\"ImageObject\",\"inLanguage\":\"pt-BR\",\"@id\":\"https:\\\/\\\/blogdofarnesio.com.br\\\/#\\\/schema\\\/logo\\\/image\\\/\",\"url\":\"https:\\\/\\\/blogdofarnesio.com.br\\\/wp-content\\\/uploads\\\/2026\\\/03\\\/cropped-logo_new-1.png\",\"contentUrl\":\"https:\\\/\\\/blogdofarnesio.com.br\\\/wp-content\\\/uploads\\\/2026\\\/03\\\/cropped-logo_new-1.png\",\"width\":881,\"height\":685,\"caption\":\"Blog do Farn\u00e9sio\"},\"image\":{\"@id\":\"https:\\\/\\\/blogdofarnesio.com.br\\\/#\\\/schema\\\/logo\\\/image\\\/\"},\"sameAs\":[\"https:\\\/\\\/www.facebook.com\\\/BlogQuerSaberPolitica\\\/\"]},{\"@type\":\"Person\",\"@id\":\"https:\\\/\\\/blogdofarnesio.com.br\\\/#\\\/schema\\\/person\\\/bb9b23ae3ad0609ce8df7b6c9e76824d\",\"name\":\"Farn\u00e9sio\",\"image\":{\"@type\":\"ImageObject\",\"inLanguage\":\"pt-BR\",\"@id\":\"https:\\\/\\\/secure.gravatar.com\\\/avatar\\\/986aa4c61ccdb66f8555bf88fc2a65609d00bcabd4d2d94377a727547345cbca?s=96&d=mm&r=g\",\"url\":\"https:\\\/\\\/secure.gravatar.com\\\/avatar\\\/986aa4c61ccdb66f8555bf88fc2a65609d00bcabd4d2d94377a727547345cbca?s=96&d=mm&r=g\",\"contentUrl\":\"https:\\\/\\\/secure.gravatar.com\\\/avatar\\\/986aa4c61ccdb66f8555bf88fc2a65609d00bcabd4d2d94377a727547345cbca?s=96&d=mm&r=g\",\"caption\":\"Farn\u00e9sio\"},\"description\":\"Radialista blogueiro, chegou a Petrolina\\\/Juazeiro em setembro de 1980, Farn\u00e9sio Silva \u00e9 de Arapiraca-Alagoas.\",\"sameAs\":[\"http:\\\/\\\/blogdofarnesio.com.br\",\"https:\\\/\\\/www.facebook.com\\\/?ref=tn_tnmn\",\"https:\\\/\\\/www.instagram.com\\\/?utm_source=pwa_homescreen\",\"https:\\\/\\\/youtube.com.br\\\/\"],\"url\":\"https:\\\/\\\/blogdofarnesio.com.br\\\/?author=2\"}]}<\/script>\n<!-- \/ Yoast SEO plugin. -->","yoast_head_json":{"title":"Um s\u00e1bado dedicado \u00e0s mulheres: 1\u00ba \u201cEntardecer Delas\u201d leva servi\u00e7os e lazer para as juazeirenses - Blog do Farn\u00e9sio","robots":{"index":"index","follow":"follow","max-snippet":"max-snippet:-1","max-image-preview":"max-image-preview:large","max-video-preview":"max-video-preview:-1"},"canonical":"https:\/\/blogdofarnesio.com.br\/?p=389143","og_locale":"pt_BR","og_type":"article","og_title":"Um s\u00e1bado dedicado \u00e0s mulheres: 1\u00ba \u201cEntardecer Delas\u201d leva servi\u00e7os e lazer para as juazeirenses - Blog do Farn\u00e9sio","og_description":"Em comemora\u00e7\u00e3o ao 08 de mar\u00e7o, dia simb\u00f3lico para as mulheres e meninas em todo o mundo, a Secretaria da Mulher e Juventude (SMJ) de Juazeiro realizar\u00e1 o primeiro \u201cEntardecer Delas\u201d. O evento acontecer\u00e1 no s\u00e1bado (8), a partir das 17 horas, na Orla II da cidade, e ser\u00e1 um momento pol\u00edtico e festivo, com servi\u00e7os de sa\u00fade, autocuidado, apresenta\u00e7\u00f5es culturais, aliado \u00e0 Feira da Economia Solid\u00e1ria, onde mulheres empreendedoras estar\u00e3o expondo seus produtos. As mulheres ter\u00e3o acesso a servi\u00e7os gratuitos de massoterapia, maquiagem, an\u00e1lise capilar e testagem r\u00e1pida de ISTs. O Programa \u201cToler\u00e2ncia Zero \u00e0 viol\u00eancia contra \u00e0 Mulher\u201d, tamb\u00e9m ser\u00e1 lan\u00e7ado pela SMJ, juntamente com o Prefeito, Andrei Gon\u00e7alves, o vice prefeito Tiano F\u00e9lix e demais autoridades do&hellip;","og_url":"https:\/\/blogdofarnesio.com.br\/?p=389143","og_site_name":"Blog do Farn\u00e9sio","article_publisher":"https:\/\/www.facebook.com\/BlogQuerSaberPolitica\/","article_author":"https:\/\/www.facebook.com\/?ref=tn_tnmn","article_published_time":"2025-03-08T14:00:40+00:00","og_image":[{"width":480,"height":212,"url":"https:\/\/blogdofarnesio.com.br\/wp-content\/uploads\/2025\/03\/Entardecer-Delas-Programacao-e1753906688542.jpeg","type":"image\/jpeg"}],"author":"Farn\u00e9sio","twitter_card":"summary_large_image","twitter_misc":{"Escrito por":"Farn\u00e9sio","Est. tempo de leitura":"3 minutos"},"schema":{"@context":"https:\/\/schema.org","@graph":[{"@type":"Article","@id":"https:\/\/blogdofarnesio.com.br\/?p=389143#article","isPartOf":{"@id":"https:\/\/blogdofarnesio.com.br\/?p=389143"},"author":{"name":"Farn\u00e9sio","@id":"https:\/\/blogdofarnesio.com.br\/#\/schema\/person\/bb9b23ae3ad0609ce8df7b6c9e76824d"},"headline":"Um s\u00e1bado dedicado \u00e0s mulheres: 1\u00ba \u201cEntardecer Delas\u201d leva servi\u00e7os e lazer para as juazeirenses","datePublished":"2025-03-08T14:00:40+00:00","mainEntityOfPage":{"@id":"https:\/\/blogdofarnesio.com.br\/?p=389143"},"wordCount":389,"commentCount":0,"publisher":{"@id":"https:\/\/blogdofarnesio.com.br\/#organization"},"image":{"@id":"https:\/\/blogdofarnesio.com.br\/?p=389143#primaryimage"},"thumbnailUrl":"https:\/\/blogdofarnesio.com.br\/wp-content\/uploads\/2025\/03\/Entardecer-Delas-Programacao-e1753906688542.jpeg","articleSection":["A\u00e7\u00e3o Social"],"inLanguage":"pt-BR","potentialAction":[{"@type":"CommentAction","name":"Comment","target":["https:\/\/blogdofarnesio.com.br\/?p=389143#respond"]}]},{"@type":"WebPage","@id":"https:\/\/blogdofarnesio.com.br\/?p=389143","url":"https:\/\/blogdofarnesio.com.br\/?p=389143","name":"Um s\u00e1bado dedicado \u00e0s mulheres: 1\u00ba \u201cEntardecer Delas\u201d leva servi\u00e7os e lazer para as juazeirenses - Blog do Farn\u00e9sio","isPartOf":{"@id":"https:\/\/blogdofarnesio.com.br\/#website"},"primaryImageOfPage":{"@id":"https:\/\/blogdofarnesio.com.br\/?p=389143#primaryimage"},"image":{"@id":"https:\/\/blogdofarnesio.com.br\/?p=389143#primaryimage"},"thumbnailUrl":"https:\/\/blogdofarnesio.com.br\/wp-content\/uploads\/2025\/03\/Entardecer-Delas-Programacao-e1753906688542.jpeg","datePublished":"2025-03-08T14:00:40+00:00","breadcrumb":{"@id":"https:\/\/blogdofarnesio.com.br\/?p=389143#breadcrumb"},"inLanguage":"pt-BR","potentialAction":[{"@type":"ReadAction","target":["https:\/\/blogdofarnesio.com.br\/?p=389143"]}]},{"@type":"ImageObject","inLanguage":"pt-BR","@id":"https:\/\/blogdofarnesio.com.br\/?p=389143#primaryimage","url":"https:\/\/blogdofarnesio.com.br\/wp-content\/uploads\/2025\/03\/Entardecer-Delas-Programacao-e1753906688542.jpeg","contentUrl":"https:\/\/blogdofarnesio.com.br\/wp-content\/uploads\/2025\/03\/Entardecer-Delas-Programacao-e1753906688542.jpeg","width":480,"height":212},{"@type":"BreadcrumbList","@id":"https:\/\/blogdofarnesio.com.br\/?p=389143#breadcrumb","itemListElement":[{"@type":"ListItem","position":1,"name":"In\u00edcio","item":"https:\/\/blogdofarnesio.com.br\/"},{"@type":"ListItem","position":2,"name":"Um s\u00e1bado dedicado \u00e0s mulheres: 1\u00ba \u201cEntardecer Delas\u201d leva servi\u00e7os e lazer para as juazeirenses"}]},{"@type":"WebSite","@id":"https:\/\/blogdofarnesio.com.br\/#website","url":"https:\/\/blogdofarnesio.com.br\/","name":"Blog do Farn\u00e9sio","description":"Quer Saber Pol\u00edtica?","publisher":{"@id":"https:\/\/blogdofarnesio.com.br\/#organization"},"potentialAction":[{"@type":"SearchAction","target":{"@type":"EntryPoint","urlTemplate":"https:\/\/blogdofarnesio.com.br\/?s={search_term_string}"},"query-input":{"@type":"PropertyValueSpecification","valueRequired":true,"valueName":"search_term_string"}}],"inLanguage":"pt-BR"},{"@type":"Organization","@id":"https:\/\/blogdofarnesio.com.br\/#organization","name":"Blog do Farn\u00e9sio","url":"https:\/\/blogdofarnesio.com.br\/","logo":{"@type":"ImageObject","inLanguage":"pt-BR","@id":"https:\/\/blogdofarnesio.com.br\/#\/schema\/logo\/image\/","url":"https:\/\/blogdofarnesio.com.br\/wp-content\/uploads\/2026\/03\/cropped-logo_new-1.png","contentUrl":"https:\/\/blogdofarnesio.com.br\/wp-content\/uploads\/2026\/03\/cropped-logo_new-1.png","width":881,"height":685,"caption":"Blog do Farn\u00e9sio"},"image":{"@id":"https:\/\/blogdofarnesio.com.br\/#\/schema\/logo\/image\/"},"sameAs":["https:\/\/www.facebook.com\/BlogQuerSaberPolitica\/"]},{"@type":"Person","@id":"https:\/\/blogdofarnesio.com.br\/#\/schema\/person\/bb9b23ae3ad0609ce8df7b6c9e76824d","name":"Farn\u00e9sio","image":{"@type":"ImageObject","inLanguage":"pt-BR","@id":"https:\/\/secure.gravatar.com\/avatar\/986aa4c61ccdb66f8555bf88fc2a65609d00bcabd4d2d94377a727547345cbca?s=96&d=mm&r=g","url":"https:\/\/secure.gravatar.com\/avatar\/986aa4c61ccdb66f8555bf88fc2a65609d00bcabd4d2d94377a727547345cbca?s=96&d=mm&r=g","contentUrl":"https:\/\/secure.gravatar.com\/avatar\/986aa4c61ccdb66f8555bf88fc2a65609d00bcabd4d2d94377a727547345cbca?s=96&d=mm&r=g","caption":"Farn\u00e9sio"},"description":"Radialista blogueiro, chegou a Petrolina\/Juazeiro em setembro de 1980, Farn\u00e9sio Silva \u00e9 de Arapiraca-Alagoas.","sameAs":["http:\/\/blogdofarnesio.com.br","https:\/\/www.facebook.com\/?ref=tn_tnmn","https:\/\/www.instagram.com\/?utm_source=pwa_homescreen","https:\/\/youtube.com.br\/"],"url":"https:\/\/blogdofarnesio.com.br\/?author=2"}]}},"_links":{"self":[{"href":"https:\/\/blogdofarnesio.com.br\/index.php?rest_route=\/wp\/v2\/posts\/389143","targetHints":{"allow":["GET"]}}],"collection":[{"href":"https:\/\/blogdofarnesio.com.br\/index.php?rest_route=\/wp\/v2\/posts"}],"about":[{"href":"https:\/\/blogdofarnesio.com.br\/index.php?rest_route=\/wp\/v2\/types\/post"}],"author":[{"embeddable":true,"href":"https:\/\/blogdofarnesio.com.br\/index.php?rest_route=\/wp\/v2\/users\/2"}],"replies":[{"embeddable":true,"href":"https:\/\/blogdofarnesio.com.br\/index.php?rest_route=%2Fwp%2Fv2%2Fcomments&post=389143"}],"version-history":[{"count":0,"href":"https:\/\/blogdofarnesio.com.br\/index.php?rest_route=\/wp\/v2\/posts\/389143\/revisions"}],"wp:featuredmedia":[{"embeddable":true,"href":"https:\/\/blogdofarnesio.com.br\/index.php?rest_route=\/wp\/v2\/media\/389144"}],"wp:attachment":[{"href":"https:\/\/blogdofarnesio.com.br\/index.php?rest_route=%2Fwp%2Fv2%2Fmedia&parent=389143"}],"wp:term":[{"taxonomy":"category","embeddable":true,"href":"https:\/\/blogdofarnesio.com.br\/index.php?rest_route=%2Fwp%2Fv2%2Fcategories&post=389143"},{"taxonomy":"post_tag","embeddable":true,"href":"https:\/\/blogdofarnesio.com.br\/index.php?rest_route=%2Fwp%2Fv2%2Ftags&post=389143"}],"curies":[{"name":"wp","href":"https:\/\/api.w.org\/{rel}","templated":true}]}}