{"id":389134,"date":"2025-03-07T10:24:39","date_gmt":"2025-03-07T13:24:39","guid":{"rendered":"https:\/\/blogdofarnesio.com.br\/?p=389134"},"modified":"2025-03-06T18:37:37","modified_gmt":"2025-03-06T21:37:37","slug":"prefeitura-de-juazeiro-apoia-34a-caminhada-da-mulher-realizada-pelo-conselho-do-municipio","status":"publish","type":"post","link":"https:\/\/blogdofarnesio.com.br\/?p=389134","title":{"rendered":"Prefeitura de Juazeiro apoia 34\u00aa Caminhada da Mulher, realizada pelo Conselho do Munic\u00edpio"},"content":{"rendered":"<p>Organizar mulheres para continuar a busca por seus direitos. H\u00e1 34 anos, o Conselho Municipal de Defesa dos Direitos da Mulher vai \u00e0s ruas, em caminhada, para chamar aten\u00e7\u00e3o da sociedade para suas lutas e conquistas. O tema deste ano \u00e9 idealizado pela Organiza\u00e7\u00e3o das Na\u00e7\u00f5es Unidas e regionalizado: \u201cPara todas as meninas e mulheres de Juazeiro: direitos, igualdade e empoderamento!\u201d<\/p>\n<p>Francis Medrado, Presidente do Conselho, explica a escolha do tema. \u201cO tema escolhido pela ONU \u00e9 muito interessante porque infelizmente ainda temos muitas meninas em situa\u00e7\u00e3o de vulnerabilidade. N\u00f3s queremos chamar a aten\u00e7\u00e3o da sociedade, do poder p\u00fablico, para trazer pol\u00edtica p\u00fablicas para as meninas, em car\u00e1ter de preven\u00e7\u00e3o, elas precisam de mais assist\u00eancia\u201d.<\/p>\n<p>A Caminhada acontecer\u00e1 nesta sexta-feira (7), \u00e0s 15:30h. As mulheres se concentrar\u00e3o no CIAM \u2013 Centro Integrado de Atendimento \u00e0 Mulher, no bairro Novo Encontro, e o percurso ir\u00e1 at\u00e9 a Orla II, onde tamb\u00e9m ser\u00e1 realizada a Feira da Economia Solid\u00e1ria, com mais de 30 barracas em que mulheres far\u00e3o exposi\u00e7\u00e3o dos seus produtos e apresenta\u00e7\u00e3o cultural.<\/p>\n<p>Para a Secret\u00e1ria da Mulher e Juventude, \u00c9rica Daiane, \u00e9 importante o apoio da Prefeitura Municipal neste ato, assim como na liberdade de reivindica\u00e7\u00e3o das mulheres durante todo o trajeto.<\/p>\n<p>\u201cEm todo o trajeto a gente vai ter o microfone livre tanto para o Conselho quanto para a Secretaria e outras representa\u00e7\u00f5es, mulheres de movimentos sociais, partidos pol\u00edticos, associa\u00e7\u00f5es, diversas organiza\u00e7\u00f5es em que as mulheres poder\u00e3o se movimentar. A qualquer mulher juazeirense, qualquer mulher petrolinense tamb\u00e9m, que tem interesse em estar participando desse momento de reafirmar, estejamos todas juntas.\u201d<\/p>\n<p>&nbsp;<\/p>\n<p>Ascom PMJ<\/p>\n","protected":false},"excerpt":{"rendered":"<p>Organizar mulheres para continuar a busca por seus direitos. H\u00e1 34 anos, o Conselho Municipal de Defesa dos Direitos da Mulher vai \u00e0s ruas, em caminhada, para chamar aten\u00e7\u00e3o da sociedade para suas lutas e conquistas. O tema deste ano \u00e9 idealizado pela Organiza\u00e7\u00e3o das Na\u00e7\u00f5es Unidas e regionalizado: \u201cPara todas as meninas e mulheres de Juazeiro: direitos, igualdade e empoderamento!\u201d Francis Medrado, Presidente do Conselho, explica a escolha do tema. \u201cO tema escolhido pela ONU \u00e9 muito interessante porque infelizmente ainda temos muitas meninas em situa\u00e7\u00e3o de vulnerabilidade. N\u00f3s queremos chamar a aten\u00e7\u00e3o da sociedade, do poder p\u00fablico, para trazer pol\u00edtica p\u00fablicas para as meninas, em car\u00e1ter de preven\u00e7\u00e3o, elas precisam de mais assist\u00eancia\u201d. A Caminhada acontecer\u00e1 nesta sexta-feira&hellip; <\/p>\n","protected":false},"author":2,"featured_media":389135,"comment_status":"open","ping_status":"open","sticky":false,"template":"","format":"standard","meta":{"_acf_changed":false,"footnotes":""},"categories":[22],"tags":[],"class_list":["post-389134","post","type-post","status-publish","format-standard","has-post-thumbnail","hentry","category-acao-social"],"acf":[],"yoast_head":"<!-- This site is optimized with the Yoast SEO plugin v27.4 - https:\/\/yoast.com\/product\/yoast-seo-wordpress\/ -->\n<title>Prefeitura de Juazeiro apoia 34\u00aa Caminhada da Mulher, realizada pelo Conselho do Munic\u00edpio - Blog do Farn\u00e9sio<\/title>\n<meta name=\"robots\" content=\"index, follow, max-snippet:-1, max-image-preview:large, max-video-preview:-1\" \/>\n<link rel=\"canonical\" href=\"https:\/\/blogdofarnesio.com.br\/?p=389134\" \/>\n<meta property=\"og:locale\" content=\"pt_BR\" \/>\n<meta property=\"og:type\" content=\"article\" \/>\n<meta property=\"og:title\" content=\"Prefeitura de Juazeiro apoia 34\u00aa Caminhada da Mulher, realizada pelo Conselho do Munic\u00edpio - Blog do Farn\u00e9sio\" \/>\n<meta property=\"og:description\" content=\"Organizar mulheres para continuar a busca por seus direitos. H\u00e1 34 anos, o Conselho Municipal de Defesa dos Direitos da Mulher vai \u00e0s ruas, em caminhada, para chamar aten\u00e7\u00e3o da sociedade para suas lutas e conquistas. O tema deste ano \u00e9 idealizado pela Organiza\u00e7\u00e3o das Na\u00e7\u00f5es Unidas e regionalizado: \u201cPara todas as meninas e mulheres de Juazeiro: direitos, igualdade e empoderamento!\u201d Francis Medrado, Presidente do Conselho, explica a escolha do tema. \u201cO tema escolhido pela ONU \u00e9 muito interessante porque infelizmente ainda temos muitas meninas em situa\u00e7\u00e3o de vulnerabilidade. N\u00f3s queremos chamar a aten\u00e7\u00e3o da sociedade, do poder p\u00fablico, para trazer pol\u00edtica p\u00fablicas para as meninas, em car\u00e1ter de preven\u00e7\u00e3o, elas precisam de mais assist\u00eancia\u201d. A Caminhada acontecer\u00e1 nesta sexta-feira&hellip;\" \/>\n<meta property=\"og:url\" content=\"https:\/\/blogdofarnesio.com.br\/?p=389134\" \/>\n<meta property=\"og:site_name\" content=\"Blog do Farn\u00e9sio\" \/>\n<meta property=\"article:publisher\" content=\"https:\/\/www.facebook.com\/BlogQuerSaberPolitica\/\" \/>\n<meta property=\"article:author\" content=\"https:\/\/www.facebook.com\/?ref=tn_tnmn\" \/>\n<meta property=\"article:published_time\" content=\"2025-03-07T13:24:39+00:00\" \/>\n<meta property=\"og:image\" content=\"https:\/\/blogdofarnesio.com.br\/wp-content\/uploads\/2025\/03\/Artboard-1-e1741295394836.png\" \/>\n\t<meta property=\"og:image:width\" content=\"580\" \/>\n\t<meta property=\"og:image:height\" content=\"426\" \/>\n\t<meta property=\"og:image:type\" content=\"image\/png\" \/>\n<meta name=\"author\" content=\"Farn\u00e9sio\" \/>\n<meta name=\"twitter:card\" content=\"summary_large_image\" \/>\n<meta name=\"twitter:label1\" content=\"Escrito por\" \/>\n\t<meta name=\"twitter:data1\" content=\"Farn\u00e9sio\" \/>\n\t<meta name=\"twitter:label2\" content=\"Est. tempo de leitura\" \/>\n\t<meta name=\"twitter:data2\" content=\"2 minutos\" \/>\n<script type=\"application\/ld+json\" class=\"yoast-schema-graph\">{\"@context\":\"https:\\\/\\\/schema.org\",\"@graph\":[{\"@type\":\"Article\",\"@id\":\"https:\\\/\\\/blogdofarnesio.com.br\\\/?p=389134#article\",\"isPartOf\":{\"@id\":\"https:\\\/\\\/blogdofarnesio.com.br\\\/?p=389134\"},\"author\":{\"name\":\"Farn\u00e9sio\",\"@id\":\"https:\\\/\\\/blogdofarnesio.com.br\\\/#\\\/schema\\\/person\\\/bb9b23ae3ad0609ce8df7b6c9e76824d\"},\"headline\":\"Prefeitura de Juazeiro apoia 34\u00aa Caminhada da Mulher, realizada pelo Conselho do Munic\u00edpio\",\"datePublished\":\"2025-03-07T13:24:39+00:00\",\"mainEntityOfPage\":{\"@id\":\"https:\\\/\\\/blogdofarnesio.com.br\\\/?p=389134\"},\"wordCount\":296,\"commentCount\":0,\"publisher\":{\"@id\":\"https:\\\/\\\/blogdofarnesio.com.br\\\/#organization\"},\"image\":{\"@id\":\"https:\\\/\\\/blogdofarnesio.com.br\\\/?p=389134#primaryimage\"},\"thumbnailUrl\":\"https:\\\/\\\/blogdofarnesio.com.br\\\/wp-content\\\/uploads\\\/2025\\\/03\\\/Artboard-1-e1741295394836.png\",\"articleSection\":[\"A\u00e7\u00e3o Social\"],\"inLanguage\":\"pt-BR\",\"potentialAction\":[{\"@type\":\"CommentAction\",\"name\":\"Comment\",\"target\":[\"https:\\\/\\\/blogdofarnesio.com.br\\\/?p=389134#respond\"]}]},{\"@type\":\"WebPage\",\"@id\":\"https:\\\/\\\/blogdofarnesio.com.br\\\/?p=389134\",\"url\":\"https:\\\/\\\/blogdofarnesio.com.br\\\/?p=389134\",\"name\":\"Prefeitura de Juazeiro apoia 34\u00aa Caminhada da Mulher, realizada pelo Conselho do Munic\u00edpio - Blog do Farn\u00e9sio\",\"isPartOf\":{\"@id\":\"https:\\\/\\\/blogdofarnesio.com.br\\\/#website\"},\"primaryImageOfPage\":{\"@id\":\"https:\\\/\\\/blogdofarnesio.com.br\\\/?p=389134#primaryimage\"},\"image\":{\"@id\":\"https:\\\/\\\/blogdofarnesio.com.br\\\/?p=389134#primaryimage\"},\"thumbnailUrl\":\"https:\\\/\\\/blogdofarnesio.com.br\\\/wp-content\\\/uploads\\\/2025\\\/03\\\/Artboard-1-e1741295394836.png\",\"datePublished\":\"2025-03-07T13:24:39+00:00\",\"breadcrumb\":{\"@id\":\"https:\\\/\\\/blogdofarnesio.com.br\\\/?p=389134#breadcrumb\"},\"inLanguage\":\"pt-BR\",\"potentialAction\":[{\"@type\":\"ReadAction\",\"target\":[\"https:\\\/\\\/blogdofarnesio.com.br\\\/?p=389134\"]}]},{\"@type\":\"ImageObject\",\"inLanguage\":\"pt-BR\",\"@id\":\"https:\\\/\\\/blogdofarnesio.com.br\\\/?p=389134#primaryimage\",\"url\":\"https:\\\/\\\/blogdofarnesio.com.br\\\/wp-content\\\/uploads\\\/2025\\\/03\\\/Artboard-1-e1741295394836.png\",\"contentUrl\":\"https:\\\/\\\/blogdofarnesio.com.br\\\/wp-content\\\/uploads\\\/2025\\\/03\\\/Artboard-1-e1741295394836.png\",\"width\":580,\"height\":426},{\"@type\":\"BreadcrumbList\",\"@id\":\"https:\\\/\\\/blogdofarnesio.com.br\\\/?p=389134#breadcrumb\",\"itemListElement\":[{\"@type\":\"ListItem\",\"position\":1,\"name\":\"In\u00edcio\",\"item\":\"https:\\\/\\\/blogdofarnesio.com.br\\\/\"},{\"@type\":\"ListItem\",\"position\":2,\"name\":\"Prefeitura de Juazeiro apoia 34\u00aa Caminhada da Mulher, realizada pelo Conselho do Munic\u00edpio\"}]},{\"@type\":\"WebSite\",\"@id\":\"https:\\\/\\\/blogdofarnesio.com.br\\\/#website\",\"url\":\"https:\\\/\\\/blogdofarnesio.com.br\\\/\",\"name\":\"Blog do Farn\u00e9sio\",\"description\":\"Quer Saber Pol\u00edtica?\",\"publisher\":{\"@id\":\"https:\\\/\\\/blogdofarnesio.com.br\\\/#organization\"},\"potentialAction\":[{\"@type\":\"SearchAction\",\"target\":{\"@type\":\"EntryPoint\",\"urlTemplate\":\"https:\\\/\\\/blogdofarnesio.com.br\\\/?s={search_term_string}\"},\"query-input\":{\"@type\":\"PropertyValueSpecification\",\"valueRequired\":true,\"valueName\":\"search_term_string\"}}],\"inLanguage\":\"pt-BR\"},{\"@type\":\"Organization\",\"@id\":\"https:\\\/\\\/blogdofarnesio.com.br\\\/#organization\",\"name\":\"Blog do Farn\u00e9sio\",\"url\":\"https:\\\/\\\/blogdofarnesio.com.br\\\/\",\"logo\":{\"@type\":\"ImageObject\",\"inLanguage\":\"pt-BR\",\"@id\":\"https:\\\/\\\/blogdofarnesio.com.br\\\/#\\\/schema\\\/logo\\\/image\\\/\",\"url\":\"https:\\\/\\\/blogdofarnesio.com.br\\\/wp-content\\\/uploads\\\/2026\\\/03\\\/cropped-logo_new-1.png\",\"contentUrl\":\"https:\\\/\\\/blogdofarnesio.com.br\\\/wp-content\\\/uploads\\\/2026\\\/03\\\/cropped-logo_new-1.png\",\"width\":881,\"height\":685,\"caption\":\"Blog do Farn\u00e9sio\"},\"image\":{\"@id\":\"https:\\\/\\\/blogdofarnesio.com.br\\\/#\\\/schema\\\/logo\\\/image\\\/\"},\"sameAs\":[\"https:\\\/\\\/www.facebook.com\\\/BlogQuerSaberPolitica\\\/\"]},{\"@type\":\"Person\",\"@id\":\"https:\\\/\\\/blogdofarnesio.com.br\\\/#\\\/schema\\\/person\\\/bb9b23ae3ad0609ce8df7b6c9e76824d\",\"name\":\"Farn\u00e9sio\",\"image\":{\"@type\":\"ImageObject\",\"inLanguage\":\"pt-BR\",\"@id\":\"https:\\\/\\\/secure.gravatar.com\\\/avatar\\\/986aa4c61ccdb66f8555bf88fc2a65609d00bcabd4d2d94377a727547345cbca?s=96&d=mm&r=g\",\"url\":\"https:\\\/\\\/secure.gravatar.com\\\/avatar\\\/986aa4c61ccdb66f8555bf88fc2a65609d00bcabd4d2d94377a727547345cbca?s=96&d=mm&r=g\",\"contentUrl\":\"https:\\\/\\\/secure.gravatar.com\\\/avatar\\\/986aa4c61ccdb66f8555bf88fc2a65609d00bcabd4d2d94377a727547345cbca?s=96&d=mm&r=g\",\"caption\":\"Farn\u00e9sio\"},\"description\":\"Radialista blogueiro, chegou a Petrolina\\\/Juazeiro em setembro de 1980, Farn\u00e9sio Silva \u00e9 de Arapiraca-Alagoas.\",\"sameAs\":[\"http:\\\/\\\/blogdofarnesio.com.br\",\"https:\\\/\\\/www.facebook.com\\\/?ref=tn_tnmn\",\"https:\\\/\\\/www.instagram.com\\\/?utm_source=pwa_homescreen\",\"https:\\\/\\\/youtube.com.br\\\/\"],\"url\":\"https:\\\/\\\/blogdofarnesio.com.br\\\/?author=2\"}]}<\/script>\n<!-- \/ Yoast SEO plugin. -->","yoast_head_json":{"title":"Prefeitura de Juazeiro apoia 34\u00aa Caminhada da Mulher, realizada pelo Conselho do Munic\u00edpio - Blog do Farn\u00e9sio","robots":{"index":"index","follow":"follow","max-snippet":"max-snippet:-1","max-image-preview":"max-image-preview:large","max-video-preview":"max-video-preview:-1"},"canonical":"https:\/\/blogdofarnesio.com.br\/?p=389134","og_locale":"pt_BR","og_type":"article","og_title":"Prefeitura de Juazeiro apoia 34\u00aa Caminhada da Mulher, realizada pelo Conselho do Munic\u00edpio - Blog do Farn\u00e9sio","og_description":"Organizar mulheres para continuar a busca por seus direitos. H\u00e1 34 anos, o Conselho Municipal de Defesa dos Direitos da Mulher vai \u00e0s ruas, em caminhada, para chamar aten\u00e7\u00e3o da sociedade para suas lutas e conquistas. O tema deste ano \u00e9 idealizado pela Organiza\u00e7\u00e3o das Na\u00e7\u00f5es Unidas e regionalizado: \u201cPara todas as meninas e mulheres de Juazeiro: direitos, igualdade e empoderamento!\u201d Francis Medrado, Presidente do Conselho, explica a escolha do tema. \u201cO tema escolhido pela ONU \u00e9 muito interessante porque infelizmente ainda temos muitas meninas em situa\u00e7\u00e3o de vulnerabilidade. N\u00f3s queremos chamar a aten\u00e7\u00e3o da sociedade, do poder p\u00fablico, para trazer pol\u00edtica p\u00fablicas para as meninas, em car\u00e1ter de preven\u00e7\u00e3o, elas precisam de mais assist\u00eancia\u201d. A Caminhada acontecer\u00e1 nesta sexta-feira&hellip;","og_url":"https:\/\/blogdofarnesio.com.br\/?p=389134","og_site_name":"Blog do Farn\u00e9sio","article_publisher":"https:\/\/www.facebook.com\/BlogQuerSaberPolitica\/","article_author":"https:\/\/www.facebook.com\/?ref=tn_tnmn","article_published_time":"2025-03-07T13:24:39+00:00","og_image":[{"width":580,"height":426,"url":"https:\/\/blogdofarnesio.com.br\/wp-content\/uploads\/2025\/03\/Artboard-1-e1741295394836.png","type":"image\/png"}],"author":"Farn\u00e9sio","twitter_card":"summary_large_image","twitter_misc":{"Escrito por":"Farn\u00e9sio","Est. tempo de leitura":"2 minutos"},"schema":{"@context":"https:\/\/schema.org","@graph":[{"@type":"Article","@id":"https:\/\/blogdofarnesio.com.br\/?p=389134#article","isPartOf":{"@id":"https:\/\/blogdofarnesio.com.br\/?p=389134"},"author":{"name":"Farn\u00e9sio","@id":"https:\/\/blogdofarnesio.com.br\/#\/schema\/person\/bb9b23ae3ad0609ce8df7b6c9e76824d"},"headline":"Prefeitura de Juazeiro apoia 34\u00aa Caminhada da Mulher, realizada pelo Conselho do Munic\u00edpio","datePublished":"2025-03-07T13:24:39+00:00","mainEntityOfPage":{"@id":"https:\/\/blogdofarnesio.com.br\/?p=389134"},"wordCount":296,"commentCount":0,"publisher":{"@id":"https:\/\/blogdofarnesio.com.br\/#organization"},"image":{"@id":"https:\/\/blogdofarnesio.com.br\/?p=389134#primaryimage"},"thumbnailUrl":"https:\/\/blogdofarnesio.com.br\/wp-content\/uploads\/2025\/03\/Artboard-1-e1741295394836.png","articleSection":["A\u00e7\u00e3o Social"],"inLanguage":"pt-BR","potentialAction":[{"@type":"CommentAction","name":"Comment","target":["https:\/\/blogdofarnesio.com.br\/?p=389134#respond"]}]},{"@type":"WebPage","@id":"https:\/\/blogdofarnesio.com.br\/?p=389134","url":"https:\/\/blogdofarnesio.com.br\/?p=389134","name":"Prefeitura de Juazeiro apoia 34\u00aa Caminhada da Mulher, realizada pelo Conselho do Munic\u00edpio - Blog do Farn\u00e9sio","isPartOf":{"@id":"https:\/\/blogdofarnesio.com.br\/#website"},"primaryImageOfPage":{"@id":"https:\/\/blogdofarnesio.com.br\/?p=389134#primaryimage"},"image":{"@id":"https:\/\/blogdofarnesio.com.br\/?p=389134#primaryimage"},"thumbnailUrl":"https:\/\/blogdofarnesio.com.br\/wp-content\/uploads\/2025\/03\/Artboard-1-e1741295394836.png","datePublished":"2025-03-07T13:24:39+00:00","breadcrumb":{"@id":"https:\/\/blogdofarnesio.com.br\/?p=389134#breadcrumb"},"inLanguage":"pt-BR","potentialAction":[{"@type":"ReadAction","target":["https:\/\/blogdofarnesio.com.br\/?p=389134"]}]},{"@type":"ImageObject","inLanguage":"pt-BR","@id":"https:\/\/blogdofarnesio.com.br\/?p=389134#primaryimage","url":"https:\/\/blogdofarnesio.com.br\/wp-content\/uploads\/2025\/03\/Artboard-1-e1741295394836.png","contentUrl":"https:\/\/blogdofarnesio.com.br\/wp-content\/uploads\/2025\/03\/Artboard-1-e1741295394836.png","width":580,"height":426},{"@type":"BreadcrumbList","@id":"https:\/\/blogdofarnesio.com.br\/?p=389134#breadcrumb","itemListElement":[{"@type":"ListItem","position":1,"name":"In\u00edcio","item":"https:\/\/blogdofarnesio.com.br\/"},{"@type":"ListItem","position":2,"name":"Prefeitura de Juazeiro apoia 34\u00aa Caminhada da Mulher, realizada pelo Conselho do Munic\u00edpio"}]},{"@type":"WebSite","@id":"https:\/\/blogdofarnesio.com.br\/#website","url":"https:\/\/blogdofarnesio.com.br\/","name":"Blog do Farn\u00e9sio","description":"Quer Saber Pol\u00edtica?","publisher":{"@id":"https:\/\/blogdofarnesio.com.br\/#organization"},"potentialAction":[{"@type":"SearchAction","target":{"@type":"EntryPoint","urlTemplate":"https:\/\/blogdofarnesio.com.br\/?s={search_term_string}"},"query-input":{"@type":"PropertyValueSpecification","valueRequired":true,"valueName":"search_term_string"}}],"inLanguage":"pt-BR"},{"@type":"Organization","@id":"https:\/\/blogdofarnesio.com.br\/#organization","name":"Blog do Farn\u00e9sio","url":"https:\/\/blogdofarnesio.com.br\/","logo":{"@type":"ImageObject","inLanguage":"pt-BR","@id":"https:\/\/blogdofarnesio.com.br\/#\/schema\/logo\/image\/","url":"https:\/\/blogdofarnesio.com.br\/wp-content\/uploads\/2026\/03\/cropped-logo_new-1.png","contentUrl":"https:\/\/blogdofarnesio.com.br\/wp-content\/uploads\/2026\/03\/cropped-logo_new-1.png","width":881,"height":685,"caption":"Blog do Farn\u00e9sio"},"image":{"@id":"https:\/\/blogdofarnesio.com.br\/#\/schema\/logo\/image\/"},"sameAs":["https:\/\/www.facebook.com\/BlogQuerSaberPolitica\/"]},{"@type":"Person","@id":"https:\/\/blogdofarnesio.com.br\/#\/schema\/person\/bb9b23ae3ad0609ce8df7b6c9e76824d","name":"Farn\u00e9sio","image":{"@type":"ImageObject","inLanguage":"pt-BR","@id":"https:\/\/secure.gravatar.com\/avatar\/986aa4c61ccdb66f8555bf88fc2a65609d00bcabd4d2d94377a727547345cbca?s=96&d=mm&r=g","url":"https:\/\/secure.gravatar.com\/avatar\/986aa4c61ccdb66f8555bf88fc2a65609d00bcabd4d2d94377a727547345cbca?s=96&d=mm&r=g","contentUrl":"https:\/\/secure.gravatar.com\/avatar\/986aa4c61ccdb66f8555bf88fc2a65609d00bcabd4d2d94377a727547345cbca?s=96&d=mm&r=g","caption":"Farn\u00e9sio"},"description":"Radialista blogueiro, chegou a Petrolina\/Juazeiro em setembro de 1980, Farn\u00e9sio Silva \u00e9 de Arapiraca-Alagoas.","sameAs":["http:\/\/blogdofarnesio.com.br","https:\/\/www.facebook.com\/?ref=tn_tnmn","https:\/\/www.instagram.com\/?utm_source=pwa_homescreen","https:\/\/youtube.com.br\/"],"url":"https:\/\/blogdofarnesio.com.br\/?author=2"}]}},"_links":{"self":[{"href":"https:\/\/blogdofarnesio.com.br\/index.php?rest_route=\/wp\/v2\/posts\/389134","targetHints":{"allow":["GET"]}}],"collection":[{"href":"https:\/\/blogdofarnesio.com.br\/index.php?rest_route=\/wp\/v2\/posts"}],"about":[{"href":"https:\/\/blogdofarnesio.com.br\/index.php?rest_route=\/wp\/v2\/types\/post"}],"author":[{"embeddable":true,"href":"https:\/\/blogdofarnesio.com.br\/index.php?rest_route=\/wp\/v2\/users\/2"}],"replies":[{"embeddable":true,"href":"https:\/\/blogdofarnesio.com.br\/index.php?rest_route=%2Fwp%2Fv2%2Fcomments&post=389134"}],"version-history":[{"count":0,"href":"https:\/\/blogdofarnesio.com.br\/index.php?rest_route=\/wp\/v2\/posts\/389134\/revisions"}],"wp:featuredmedia":[{"embeddable":true,"href":"https:\/\/blogdofarnesio.com.br\/index.php?rest_route=\/wp\/v2\/media\/389135"}],"wp:attachment":[{"href":"https:\/\/blogdofarnesio.com.br\/index.php?rest_route=%2Fwp%2Fv2%2Fmedia&parent=389134"}],"wp:term":[{"taxonomy":"category","embeddable":true,"href":"https:\/\/blogdofarnesio.com.br\/index.php?rest_route=%2Fwp%2Fv2%2Fcategories&post=389134"},{"taxonomy":"post_tag","embeddable":true,"href":"https:\/\/blogdofarnesio.com.br\/index.php?rest_route=%2Fwp%2Fv2%2Ftags&post=389134"}],"curies":[{"name":"wp","href":"https:\/\/api.w.org\/{rel}","templated":true}]}}