{"id":389117,"date":"2025-03-07T07:42:57","date_gmt":"2025-03-07T10:42:57","guid":{"rendered":"https:\/\/blogdofarnesio.com.br\/?p=389117"},"modified":"2025-03-06T17:19:42","modified_gmt":"2025-03-06T20:19:42","slug":"casa-nova-faz-nova-convocacao-dos-candidatos-aprovados-no-concurso-publico","status":"publish","type":"post","link":"https:\/\/blogdofarnesio.com.br\/?p=389117","title":{"rendered":"Casa Nova faz nova convoca\u00e7\u00e3o dos candidatos aprovados no concurso p\u00fablico"},"content":{"rendered":"<p style=\"font-weight: 400;\">Nesta quinta-feira (06), a Prefeitura de Casa Nova publicou a convoca\u00e7\u00e3o dos candidatos aprovados no Concurso P\u00fablico 001\/2022 para os cargos de Bioqu\u00edmico, Nutricionista, Assistente Social e Psic\u00f3logo. A convoca\u00e7\u00e3o segue a ordem de classifica\u00e7\u00e3o e tem o objetivo de dar continuidade ao processo de efetiva\u00e7\u00e3o dos aprovados. Anteriormente, o prefeito Anisio Viana j\u00e1 havia convocado os professores aprovados no mesmo certame.<\/p>\n<p style=\"font-weight: 400;\">O prefeito Anisio Viana destacou o compromisso da administra\u00e7\u00e3o com os aprovados e com o desenvolvimento do munic\u00edpio. &#8220;Estamos trabalhando para fortalecer a nossa equipe e oferecer \u00e0 popula\u00e7\u00e3o um atendimento cada vez mais qualificado. Ap\u00f3s convocar os professores, agora convocando profissionais de outras fun\u00e7\u00f5es para compor o nosso quadro e prestar um servi\u00e7o de qualidade \u00e0 popula\u00e7\u00e3o\u201d afirmou.<\/p>\n<p style=\"font-weight: 400;\">Os candidatos convocados t\u00eam 15 dias, a partir da publica\u00e7\u00e3o, para comparecer ao Setor de Recursos Humanos, localizado na Quadra &#8220;S&#8221; (Rua do Hospital), n\u00ba 82, Centro, para entregar a documenta\u00e7\u00e3o exigida. Aqueles que j\u00e1 haviam entregado a documenta\u00e7\u00e3o precisam valid\u00e1-la e, se necess\u00e1rio, complement\u00e1-la.<\/p>\n<p style=\"font-weight: 400;\">Os candidatos que n\u00e3o entregarem os documentos dentro do prazo ser\u00e3o notificados via Aviso de Recebimento, conforme os procedimentos previstos no Edital.<\/p>\n<p style=\"font-weight: 400;\"><a href=\"https:\/\/blogdofarnesio.com.br\/wp-content\/uploads\/2025\/03\/CONVOCACAO-CONCURSO-PUBLICO.pdf\">Leia o Edital de CONVOCA\u00c7\u00c3O CONCURSO P\u00daBLICO<\/a><\/p>\n<p style=\"font-weight: 400;\">Texto: Ascom PMCN<\/p>\n","protected":false},"excerpt":{"rendered":"<p>Nesta quinta-feira (06), a Prefeitura de Casa Nova publicou a convoca\u00e7\u00e3o dos candidatos aprovados no Concurso P\u00fablico 001\/2022 para os cargos de Bioqu\u00edmico, Nutricionista, Assistente Social e Psic\u00f3logo. A convoca\u00e7\u00e3o segue a ordem de classifica\u00e7\u00e3o e tem o objetivo de dar continuidade ao processo de efetiva\u00e7\u00e3o dos aprovados. Anteriormente, o prefeito Anisio Viana j\u00e1 havia convocado os professores aprovados no mesmo certame. O prefeito Anisio Viana destacou o compromisso da administra\u00e7\u00e3o com os aprovados e com o desenvolvimento do munic\u00edpio. &#8220;Estamos trabalhando para fortalecer a nossa equipe e oferecer \u00e0 popula\u00e7\u00e3o um atendimento cada vez mais qualificado. Ap\u00f3s convocar os professores, agora convocando profissionais de outras fun\u00e7\u00f5es para compor o nosso quadro e prestar um servi\u00e7o de qualidade \u00e0 popula\u00e7\u00e3o\u201d&hellip; <\/p>\n","protected":false},"author":2,"featured_media":307988,"comment_status":"open","ping_status":"open","sticky":false,"template":"","format":"standard","meta":{"_acf_changed":false,"footnotes":""},"categories":[27,31],"tags":[],"class_list":["post-389117","post","type-post","status-publish","format-standard","has-post-thumbnail","hentry","category-cidades","category-concursos"],"acf":[],"yoast_head":"<!-- This site is optimized with the Yoast SEO plugin v27.4 - https:\/\/yoast.com\/product\/yoast-seo-wordpress\/ -->\n<title>Casa Nova faz nova convoca\u00e7\u00e3o dos candidatos aprovados no concurso p\u00fablico - Blog do Farn\u00e9sio<\/title>\n<meta name=\"robots\" content=\"index, follow, max-snippet:-1, max-image-preview:large, max-video-preview:-1\" \/>\n<link rel=\"canonical\" href=\"https:\/\/blogdofarnesio.com.br\/?p=389117\" \/>\n<meta property=\"og:locale\" content=\"pt_BR\" \/>\n<meta property=\"og:type\" content=\"article\" \/>\n<meta property=\"og:title\" content=\"Casa Nova faz nova convoca\u00e7\u00e3o dos candidatos aprovados no concurso p\u00fablico - Blog do Farn\u00e9sio\" \/>\n<meta property=\"og:description\" content=\"Nesta quinta-feira (06), a Prefeitura de Casa Nova publicou a convoca\u00e7\u00e3o dos candidatos aprovados no Concurso P\u00fablico 001\/2022 para os cargos de Bioqu\u00edmico, Nutricionista, Assistente Social e Psic\u00f3logo. A convoca\u00e7\u00e3o segue a ordem de classifica\u00e7\u00e3o e tem o objetivo de dar continuidade ao processo de efetiva\u00e7\u00e3o dos aprovados. Anteriormente, o prefeito Anisio Viana j\u00e1 havia convocado os professores aprovados no mesmo certame. O prefeito Anisio Viana destacou o compromisso da administra\u00e7\u00e3o com os aprovados e com o desenvolvimento do munic\u00edpio. &#8220;Estamos trabalhando para fortalecer a nossa equipe e oferecer \u00e0 popula\u00e7\u00e3o um atendimento cada vez mais qualificado. Ap\u00f3s convocar os professores, agora convocando profissionais de outras fun\u00e7\u00f5es para compor o nosso quadro e prestar um servi\u00e7o de qualidade \u00e0 popula\u00e7\u00e3o\u201d&hellip;\" \/>\n<meta property=\"og:url\" content=\"https:\/\/blogdofarnesio.com.br\/?p=389117\" \/>\n<meta property=\"og:site_name\" content=\"Blog do Farn\u00e9sio\" \/>\n<meta property=\"article:publisher\" content=\"https:\/\/www.facebook.com\/BlogQuerSaberPolitica\/\" \/>\n<meta property=\"article:author\" content=\"https:\/\/www.facebook.com\/?ref=tn_tnmn\" \/>\n<meta property=\"article:published_time\" content=\"2025-03-07T10:42:57+00:00\" \/>\n<meta property=\"og:image\" content=\"https:\/\/blogdofarnesio.com.br\/wp-content\/uploads\/2022\/03\/blogqspconvocacao.-e1683202747215.jpeg\" \/>\n\t<meta property=\"og:image:width\" content=\"650\" \/>\n\t<meta property=\"og:image:height\" content=\"390\" \/>\n\t<meta property=\"og:image:type\" content=\"image\/jpeg\" \/>\n<meta name=\"author\" content=\"Farn\u00e9sio\" \/>\n<meta name=\"twitter:card\" content=\"summary_large_image\" \/>\n<meta name=\"twitter:label1\" content=\"Escrito por\" \/>\n\t<meta name=\"twitter:data1\" content=\"Farn\u00e9sio\" \/>\n\t<meta name=\"twitter:label2\" content=\"Est. tempo de leitura\" \/>\n\t<meta name=\"twitter:data2\" content=\"2 minutos\" \/>\n<script type=\"application\/ld+json\" class=\"yoast-schema-graph\">{\"@context\":\"https:\\\/\\\/schema.org\",\"@graph\":[{\"@type\":\"Article\",\"@id\":\"https:\\\/\\\/blogdofarnesio.com.br\\\/?p=389117#article\",\"isPartOf\":{\"@id\":\"https:\\\/\\\/blogdofarnesio.com.br\\\/?p=389117\"},\"author\":{\"name\":\"Farn\u00e9sio\",\"@id\":\"https:\\\/\\\/blogdofarnesio.com.br\\\/#\\\/schema\\\/person\\\/bb9b23ae3ad0609ce8df7b6c9e76824d\"},\"headline\":\"Casa Nova faz nova convoca\u00e7\u00e3o dos candidatos aprovados no concurso p\u00fablico\",\"datePublished\":\"2025-03-07T10:42:57+00:00\",\"mainEntityOfPage\":{\"@id\":\"https:\\\/\\\/blogdofarnesio.com.br\\\/?p=389117\"},\"wordCount\":230,\"commentCount\":0,\"publisher\":{\"@id\":\"https:\\\/\\\/blogdofarnesio.com.br\\\/#organization\"},\"image\":{\"@id\":\"https:\\\/\\\/blogdofarnesio.com.br\\\/?p=389117#primaryimage\"},\"thumbnailUrl\":\"https:\\\/\\\/blogdofarnesio.com.br\\\/wp-content\\\/uploads\\\/2022\\\/03\\\/blogqspconvocacao.-e1683202747215.jpeg\",\"articleSection\":[\"Cidades\",\"Concursos\"],\"inLanguage\":\"pt-BR\",\"potentialAction\":[{\"@type\":\"CommentAction\",\"name\":\"Comment\",\"target\":[\"https:\\\/\\\/blogdofarnesio.com.br\\\/?p=389117#respond\"]}]},{\"@type\":\"WebPage\",\"@id\":\"https:\\\/\\\/blogdofarnesio.com.br\\\/?p=389117\",\"url\":\"https:\\\/\\\/blogdofarnesio.com.br\\\/?p=389117\",\"name\":\"Casa Nova faz nova convoca\u00e7\u00e3o dos candidatos aprovados no concurso p\u00fablico - Blog do Farn\u00e9sio\",\"isPartOf\":{\"@id\":\"https:\\\/\\\/blogdofarnesio.com.br\\\/#website\"},\"primaryImageOfPage\":{\"@id\":\"https:\\\/\\\/blogdofarnesio.com.br\\\/?p=389117#primaryimage\"},\"image\":{\"@id\":\"https:\\\/\\\/blogdofarnesio.com.br\\\/?p=389117#primaryimage\"},\"thumbnailUrl\":\"https:\\\/\\\/blogdofarnesio.com.br\\\/wp-content\\\/uploads\\\/2022\\\/03\\\/blogqspconvocacao.-e1683202747215.jpeg\",\"datePublished\":\"2025-03-07T10:42:57+00:00\",\"breadcrumb\":{\"@id\":\"https:\\\/\\\/blogdofarnesio.com.br\\\/?p=389117#breadcrumb\"},\"inLanguage\":\"pt-BR\",\"potentialAction\":[{\"@type\":\"ReadAction\",\"target\":[\"https:\\\/\\\/blogdofarnesio.com.br\\\/?p=389117\"]}]},{\"@type\":\"ImageObject\",\"inLanguage\":\"pt-BR\",\"@id\":\"https:\\\/\\\/blogdofarnesio.com.br\\\/?p=389117#primaryimage\",\"url\":\"https:\\\/\\\/blogdofarnesio.com.br\\\/wp-content\\\/uploads\\\/2022\\\/03\\\/blogqspconvocacao.-e1683202747215.jpeg\",\"contentUrl\":\"https:\\\/\\\/blogdofarnesio.com.br\\\/wp-content\\\/uploads\\\/2022\\\/03\\\/blogqspconvocacao.-e1683202747215.jpeg\",\"width\":650,\"height\":390},{\"@type\":\"BreadcrumbList\",\"@id\":\"https:\\\/\\\/blogdofarnesio.com.br\\\/?p=389117#breadcrumb\",\"itemListElement\":[{\"@type\":\"ListItem\",\"position\":1,\"name\":\"In\u00edcio\",\"item\":\"https:\\\/\\\/blogdofarnesio.com.br\\\/\"},{\"@type\":\"ListItem\",\"position\":2,\"name\":\"Casa Nova faz nova convoca\u00e7\u00e3o dos candidatos aprovados no concurso p\u00fablico\"}]},{\"@type\":\"WebSite\",\"@id\":\"https:\\\/\\\/blogdofarnesio.com.br\\\/#website\",\"url\":\"https:\\\/\\\/blogdofarnesio.com.br\\\/\",\"name\":\"Blog do Farn\u00e9sio\",\"description\":\"Quer Saber Pol\u00edtica?\",\"publisher\":{\"@id\":\"https:\\\/\\\/blogdofarnesio.com.br\\\/#organization\"},\"potentialAction\":[{\"@type\":\"SearchAction\",\"target\":{\"@type\":\"EntryPoint\",\"urlTemplate\":\"https:\\\/\\\/blogdofarnesio.com.br\\\/?s={search_term_string}\"},\"query-input\":{\"@type\":\"PropertyValueSpecification\",\"valueRequired\":true,\"valueName\":\"search_term_string\"}}],\"inLanguage\":\"pt-BR\"},{\"@type\":\"Organization\",\"@id\":\"https:\\\/\\\/blogdofarnesio.com.br\\\/#organization\",\"name\":\"Blog do Farn\u00e9sio\",\"url\":\"https:\\\/\\\/blogdofarnesio.com.br\\\/\",\"logo\":{\"@type\":\"ImageObject\",\"inLanguage\":\"pt-BR\",\"@id\":\"https:\\\/\\\/blogdofarnesio.com.br\\\/#\\\/schema\\\/logo\\\/image\\\/\",\"url\":\"https:\\\/\\\/blogdofarnesio.com.br\\\/wp-content\\\/uploads\\\/2026\\\/03\\\/cropped-logo_new-1.png\",\"contentUrl\":\"https:\\\/\\\/blogdofarnesio.com.br\\\/wp-content\\\/uploads\\\/2026\\\/03\\\/cropped-logo_new-1.png\",\"width\":881,\"height\":685,\"caption\":\"Blog do Farn\u00e9sio\"},\"image\":{\"@id\":\"https:\\\/\\\/blogdofarnesio.com.br\\\/#\\\/schema\\\/logo\\\/image\\\/\"},\"sameAs\":[\"https:\\\/\\\/www.facebook.com\\\/BlogQuerSaberPolitica\\\/\"]},{\"@type\":\"Person\",\"@id\":\"https:\\\/\\\/blogdofarnesio.com.br\\\/#\\\/schema\\\/person\\\/bb9b23ae3ad0609ce8df7b6c9e76824d\",\"name\":\"Farn\u00e9sio\",\"image\":{\"@type\":\"ImageObject\",\"inLanguage\":\"pt-BR\",\"@id\":\"https:\\\/\\\/secure.gravatar.com\\\/avatar\\\/986aa4c61ccdb66f8555bf88fc2a65609d00bcabd4d2d94377a727547345cbca?s=96&d=mm&r=g\",\"url\":\"https:\\\/\\\/secure.gravatar.com\\\/avatar\\\/986aa4c61ccdb66f8555bf88fc2a65609d00bcabd4d2d94377a727547345cbca?s=96&d=mm&r=g\",\"contentUrl\":\"https:\\\/\\\/secure.gravatar.com\\\/avatar\\\/986aa4c61ccdb66f8555bf88fc2a65609d00bcabd4d2d94377a727547345cbca?s=96&d=mm&r=g\",\"caption\":\"Farn\u00e9sio\"},\"description\":\"Radialista blogueiro, chegou a Petrolina\\\/Juazeiro em setembro de 1980, Farn\u00e9sio Silva \u00e9 de Arapiraca-Alagoas.\",\"sameAs\":[\"http:\\\/\\\/blogdofarnesio.com.br\",\"https:\\\/\\\/www.facebook.com\\\/?ref=tn_tnmn\",\"https:\\\/\\\/www.instagram.com\\\/?utm_source=pwa_homescreen\",\"https:\\\/\\\/youtube.com.br\\\/\"],\"url\":\"https:\\\/\\\/blogdofarnesio.com.br\\\/?author=2\"}]}<\/script>\n<!-- \/ Yoast SEO plugin. -->","yoast_head_json":{"title":"Casa Nova faz nova convoca\u00e7\u00e3o dos candidatos aprovados no concurso p\u00fablico - Blog do Farn\u00e9sio","robots":{"index":"index","follow":"follow","max-snippet":"max-snippet:-1","max-image-preview":"max-image-preview:large","max-video-preview":"max-video-preview:-1"},"canonical":"https:\/\/blogdofarnesio.com.br\/?p=389117","og_locale":"pt_BR","og_type":"article","og_title":"Casa Nova faz nova convoca\u00e7\u00e3o dos candidatos aprovados no concurso p\u00fablico - Blog do Farn\u00e9sio","og_description":"Nesta quinta-feira (06), a Prefeitura de Casa Nova publicou a convoca\u00e7\u00e3o dos candidatos aprovados no Concurso P\u00fablico 001\/2022 para os cargos de Bioqu\u00edmico, Nutricionista, Assistente Social e Psic\u00f3logo. A convoca\u00e7\u00e3o segue a ordem de classifica\u00e7\u00e3o e tem o objetivo de dar continuidade ao processo de efetiva\u00e7\u00e3o dos aprovados. Anteriormente, o prefeito Anisio Viana j\u00e1 havia convocado os professores aprovados no mesmo certame. O prefeito Anisio Viana destacou o compromisso da administra\u00e7\u00e3o com os aprovados e com o desenvolvimento do munic\u00edpio. &#8220;Estamos trabalhando para fortalecer a nossa equipe e oferecer \u00e0 popula\u00e7\u00e3o um atendimento cada vez mais qualificado. Ap\u00f3s convocar os professores, agora convocando profissionais de outras fun\u00e7\u00f5es para compor o nosso quadro e prestar um servi\u00e7o de qualidade \u00e0 popula\u00e7\u00e3o\u201d&hellip;","og_url":"https:\/\/blogdofarnesio.com.br\/?p=389117","og_site_name":"Blog do Farn\u00e9sio","article_publisher":"https:\/\/www.facebook.com\/BlogQuerSaberPolitica\/","article_author":"https:\/\/www.facebook.com\/?ref=tn_tnmn","article_published_time":"2025-03-07T10:42:57+00:00","og_image":[{"width":650,"height":390,"url":"https:\/\/blogdofarnesio.com.br\/wp-content\/uploads\/2022\/03\/blogqspconvocacao.-e1683202747215.jpeg","type":"image\/jpeg"}],"author":"Farn\u00e9sio","twitter_card":"summary_large_image","twitter_misc":{"Escrito por":"Farn\u00e9sio","Est. tempo de leitura":"2 minutos"},"schema":{"@context":"https:\/\/schema.org","@graph":[{"@type":"Article","@id":"https:\/\/blogdofarnesio.com.br\/?p=389117#article","isPartOf":{"@id":"https:\/\/blogdofarnesio.com.br\/?p=389117"},"author":{"name":"Farn\u00e9sio","@id":"https:\/\/blogdofarnesio.com.br\/#\/schema\/person\/bb9b23ae3ad0609ce8df7b6c9e76824d"},"headline":"Casa Nova faz nova convoca\u00e7\u00e3o dos candidatos aprovados no concurso p\u00fablico","datePublished":"2025-03-07T10:42:57+00:00","mainEntityOfPage":{"@id":"https:\/\/blogdofarnesio.com.br\/?p=389117"},"wordCount":230,"commentCount":0,"publisher":{"@id":"https:\/\/blogdofarnesio.com.br\/#organization"},"image":{"@id":"https:\/\/blogdofarnesio.com.br\/?p=389117#primaryimage"},"thumbnailUrl":"https:\/\/blogdofarnesio.com.br\/wp-content\/uploads\/2022\/03\/blogqspconvocacao.-e1683202747215.jpeg","articleSection":["Cidades","Concursos"],"inLanguage":"pt-BR","potentialAction":[{"@type":"CommentAction","name":"Comment","target":["https:\/\/blogdofarnesio.com.br\/?p=389117#respond"]}]},{"@type":"WebPage","@id":"https:\/\/blogdofarnesio.com.br\/?p=389117","url":"https:\/\/blogdofarnesio.com.br\/?p=389117","name":"Casa Nova faz nova convoca\u00e7\u00e3o dos candidatos aprovados no concurso p\u00fablico - Blog do Farn\u00e9sio","isPartOf":{"@id":"https:\/\/blogdofarnesio.com.br\/#website"},"primaryImageOfPage":{"@id":"https:\/\/blogdofarnesio.com.br\/?p=389117#primaryimage"},"image":{"@id":"https:\/\/blogdofarnesio.com.br\/?p=389117#primaryimage"},"thumbnailUrl":"https:\/\/blogdofarnesio.com.br\/wp-content\/uploads\/2022\/03\/blogqspconvocacao.-e1683202747215.jpeg","datePublished":"2025-03-07T10:42:57+00:00","breadcrumb":{"@id":"https:\/\/blogdofarnesio.com.br\/?p=389117#breadcrumb"},"inLanguage":"pt-BR","potentialAction":[{"@type":"ReadAction","target":["https:\/\/blogdofarnesio.com.br\/?p=389117"]}]},{"@type":"ImageObject","inLanguage":"pt-BR","@id":"https:\/\/blogdofarnesio.com.br\/?p=389117#primaryimage","url":"https:\/\/blogdofarnesio.com.br\/wp-content\/uploads\/2022\/03\/blogqspconvocacao.-e1683202747215.jpeg","contentUrl":"https:\/\/blogdofarnesio.com.br\/wp-content\/uploads\/2022\/03\/blogqspconvocacao.-e1683202747215.jpeg","width":650,"height":390},{"@type":"BreadcrumbList","@id":"https:\/\/blogdofarnesio.com.br\/?p=389117#breadcrumb","itemListElement":[{"@type":"ListItem","position":1,"name":"In\u00edcio","item":"https:\/\/blogdofarnesio.com.br\/"},{"@type":"ListItem","position":2,"name":"Casa Nova faz nova convoca\u00e7\u00e3o dos candidatos aprovados no concurso p\u00fablico"}]},{"@type":"WebSite","@id":"https:\/\/blogdofarnesio.com.br\/#website","url":"https:\/\/blogdofarnesio.com.br\/","name":"Blog do Farn\u00e9sio","description":"Quer Saber Pol\u00edtica?","publisher":{"@id":"https:\/\/blogdofarnesio.com.br\/#organization"},"potentialAction":[{"@type":"SearchAction","target":{"@type":"EntryPoint","urlTemplate":"https:\/\/blogdofarnesio.com.br\/?s={search_term_string}"},"query-input":{"@type":"PropertyValueSpecification","valueRequired":true,"valueName":"search_term_string"}}],"inLanguage":"pt-BR"},{"@type":"Organization","@id":"https:\/\/blogdofarnesio.com.br\/#organization","name":"Blog do Farn\u00e9sio","url":"https:\/\/blogdofarnesio.com.br\/","logo":{"@type":"ImageObject","inLanguage":"pt-BR","@id":"https:\/\/blogdofarnesio.com.br\/#\/schema\/logo\/image\/","url":"https:\/\/blogdofarnesio.com.br\/wp-content\/uploads\/2026\/03\/cropped-logo_new-1.png","contentUrl":"https:\/\/blogdofarnesio.com.br\/wp-content\/uploads\/2026\/03\/cropped-logo_new-1.png","width":881,"height":685,"caption":"Blog do Farn\u00e9sio"},"image":{"@id":"https:\/\/blogdofarnesio.com.br\/#\/schema\/logo\/image\/"},"sameAs":["https:\/\/www.facebook.com\/BlogQuerSaberPolitica\/"]},{"@type":"Person","@id":"https:\/\/blogdofarnesio.com.br\/#\/schema\/person\/bb9b23ae3ad0609ce8df7b6c9e76824d","name":"Farn\u00e9sio","image":{"@type":"ImageObject","inLanguage":"pt-BR","@id":"https:\/\/secure.gravatar.com\/avatar\/986aa4c61ccdb66f8555bf88fc2a65609d00bcabd4d2d94377a727547345cbca?s=96&d=mm&r=g","url":"https:\/\/secure.gravatar.com\/avatar\/986aa4c61ccdb66f8555bf88fc2a65609d00bcabd4d2d94377a727547345cbca?s=96&d=mm&r=g","contentUrl":"https:\/\/secure.gravatar.com\/avatar\/986aa4c61ccdb66f8555bf88fc2a65609d00bcabd4d2d94377a727547345cbca?s=96&d=mm&r=g","caption":"Farn\u00e9sio"},"description":"Radialista blogueiro, chegou a Petrolina\/Juazeiro em setembro de 1980, Farn\u00e9sio Silva \u00e9 de Arapiraca-Alagoas.","sameAs":["http:\/\/blogdofarnesio.com.br","https:\/\/www.facebook.com\/?ref=tn_tnmn","https:\/\/www.instagram.com\/?utm_source=pwa_homescreen","https:\/\/youtube.com.br\/"],"url":"https:\/\/blogdofarnesio.com.br\/?author=2"}]}},"_links":{"self":[{"href":"https:\/\/blogdofarnesio.com.br\/index.php?rest_route=\/wp\/v2\/posts\/389117","targetHints":{"allow":["GET"]}}],"collection":[{"href":"https:\/\/blogdofarnesio.com.br\/index.php?rest_route=\/wp\/v2\/posts"}],"about":[{"href":"https:\/\/blogdofarnesio.com.br\/index.php?rest_route=\/wp\/v2\/types\/post"}],"author":[{"embeddable":true,"href":"https:\/\/blogdofarnesio.com.br\/index.php?rest_route=\/wp\/v2\/users\/2"}],"replies":[{"embeddable":true,"href":"https:\/\/blogdofarnesio.com.br\/index.php?rest_route=%2Fwp%2Fv2%2Fcomments&post=389117"}],"version-history":[{"count":0,"href":"https:\/\/blogdofarnesio.com.br\/index.php?rest_route=\/wp\/v2\/posts\/389117\/revisions"}],"wp:featuredmedia":[{"embeddable":true,"href":"https:\/\/blogdofarnesio.com.br\/index.php?rest_route=\/wp\/v2\/media\/307988"}],"wp:attachment":[{"href":"https:\/\/blogdofarnesio.com.br\/index.php?rest_route=%2Fwp%2Fv2%2Fmedia&parent=389117"}],"wp:term":[{"taxonomy":"category","embeddable":true,"href":"https:\/\/blogdofarnesio.com.br\/index.php?rest_route=%2Fwp%2Fv2%2Fcategories&post=389117"},{"taxonomy":"post_tag","embeddable":true,"href":"https:\/\/blogdofarnesio.com.br\/index.php?rest_route=%2Fwp%2Fv2%2Ftags&post=389117"}],"curies":[{"name":"wp","href":"https:\/\/api.w.org\/{rel}","templated":true}]}}