{"id":388891,"date":"2025-03-03T16:00:23","date_gmt":"2025-03-03T19:00:23","guid":{"rendered":"https:\/\/blogdofarnesio.com.br\/?p=388891"},"modified":"2025-03-03T13:58:03","modified_gmt":"2025-03-03T16:58:03","slug":"papa-francisco-nem-morreu-e-seu-sucessor-ja-pode-ser-o-ultimo-antes-do-fim-dos-tempos-entenda-a-profecia-dos-papas","status":"publish","type":"post","link":"https:\/\/blogdofarnesio.com.br\/?p=388891","title":{"rendered":"Papa Francisco nem morreu e seu sucessor j\u00e1 pode ser o \u00faltimo antes do fim dos tempos! Entenda a &#8216;Profecia dos Papas&#8217;"},"content":{"rendered":"<div class=\"article-image-slot image-slot-placeholder\" data-is-first=\"true\" data-doc-id=\"cms\/api\/amp\/image\/AA1zILU7\">\n<div class=\"article-image-slot\">\n<div class=\"article-image-container polished\" data-t=\"{&quot;n&quot;:&quot;OpenModal&quot;,&quot;t&quot;:13,&quot;b&quot;:8,&quot;c.i&quot;:&quot;AA1zIVsi&quot;,&quot;c.l&quot;:false,&quot;c.t&quot;:13,&quot;c.v&quot;:&quot;news&quot;,&quot;c.c&quot;:&quot;newsbrazil&quot;,&quot;c.b&quot;:&quot;Purepeople.br&quot;,&quot;c.bi&quot;:&quot;BB2fa0P&quot;,&quot;c.tv&quot;:&quot;society-culture-and-history&quot;,&quot;c.tc&quot;:&quot;religion-and-spirituality&quot;,&quot;c.hl&quot;:&quot;Papa Francisco nem morreu e seu sucessor j\u00e1 pode ser o \u00faltimo antes do fim dos tempos! Entenda a 'Profecia dos Papas'&quot;}\" data-test-id=\"AA1zILU7\">Na <strong>ter\u00e7a-feira (25)<\/strong>, com a sa\u00fade do\u00a0<strong>Papa Francisco<\/strong>\u00a0<a href=\"https:\/\/www.purepeople.com.br\/noticia\/papa-francisco-com-estado-de-saude-critico-novos-exames-de-sangue-mostram-uma-insuficiencia-renal-inicial_a403771\/1\" target=\"_blank\" rel=\"noopener\" data-t=\"{&quot;n&quot;:&quot;destination&quot;,&quot;t&quot;:13,&quot;b&quot;:1,&quot;c.t&quot;:7}\">fragilizada e a expectativa por novos boletins m\u00e9dicos atualizados<\/a>, a chamada\u00a0<strong>\u201cProfecia dos Papas\u201d<\/strong>\u00a0<a href=\"https:\/\/www.purepeople.com.br\/noticia\/saude-papa-francisco-hoje-20-de-fevereiro-famoso-vidente-faz-previsao-sobre-futuro-do-lider-da-igreja-catolica-dificuldades-e-obstaculos_a403628\/1\" target=\"_blank\" rel=\"noopener\" data-t=\"{&quot;n&quot;:&quot;destination&quot;,&quot;t&quot;:13,&quot;b&quot;:1,&quot;c.t&quot;:7}\">voltou a ganhar destaque nas redes sociais\u00a0<\/a>e gerar debates entre fi\u00e9is.\u00a0<a href=\"https:\/\/www.purepeople.com.br\/noticia\/simpsons-e-saude-do-papa-francisco-episodio-esquecido-da-serie-de-comedia-sobre-morte-de-papa-viraliza-e-web-aponta-previsao_a403796\/1\" target=\"_blank\" rel=\"noopener\" data-t=\"{&quot;n&quot;:&quot;destination&quot;,&quot;t&quot;:13,&quot;b&quot;:1,&quot;c.t&quot;:7}\">A previs\u00e3o, atribu\u00edda<\/a>\u00a0a\u00a0<strong>S\u00e3o Malaquias\u00a0<\/strong>e divulgada apenas em 1595,\u00a0<a href=\"https:\/\/www.purepeople.com.br\/noticia\/como-esta-a-saude-do-papa-francisco-novo-boletim-medico-aponta-surgimento-de-condicao-preocupante-saiba-mais_a403756\/1\" target=\"_blank\" rel=\"noopener\" data-t=\"{&quot;n&quot;:&quot;destination&quot;,&quot;t&quot;:13,&quot;b&quot;:1,&quot;c.t&quot;:7}\">sugere que o atual pont\u00edfice<\/a>\u00a0seria\u00a0<a href=\"https:\/\/www.purepeople.com.br\/noticia\/papa-anterior-ao-papa-francisco-hoje-lider-da-igreja-catolica-argentino-desistiu-do-conclave-apos-grave-acusacao_a403754\/1\" target=\"_blank\" rel=\"noopener\" data-t=\"{&quot;n&quot;:&quot;destination&quot;,&quot;t&quot;:13,&quot;b&quot;:1,&quot;c.t&quot;:7}\">o pen\u00faltimo antes de um l\u00edder que<\/a> testemunharia o fim dos tempos.<\/div>\n<\/div>\n<\/div>\n<div class=\"title-h2\"><strong>Quem foi S\u00e3o Malaquias e o que diz sua profecia?<\/strong><\/div>\n<p class=\"continue-read-break\" data-t=\"{&quot;n&quot;:&quot;blueLinks&quot;}\">S\u00e3o Malaquias foi um arcebispo irland\u00eas nascido em 1094 e ordenado sacerdote em 1119. Durante uma visita a Roma em 1139, ele teria tido uma vis\u00e3o sobre todos os papas que governariam a Igreja at\u00e9 o Ju\u00edzo Final. Sua lista, composta por 111 ou 113 descri\u00e7\u00f5es em latim, apontaria caracter\u00edsticas de cada pont\u00edfice, desde Celestino II (1143-1144) at\u00e9 o \u00faltimo, que presenciaria o fim da hist\u00f3ria.<\/p>\n<p data-t=\"{&quot;n&quot;:&quot;blueLinks&quot;}\">A profecia permaneceu desconhecida por s\u00e9culos e s\u00f3 foi revelada em 1595 pelo monge beneditino Arnoldo de Wyon, que a publicou no livro\u00a0<i>Lignum Vitae<\/i>. No entanto, o fato de surgir em meio a disputas pelo trono papal levanta questionamentos sobre sua autenticidade.<\/p>\n<div class=\"title-h2\"><strong>O que a profecia diz sobre os \u00faltimos papas?<\/strong><\/div>\n<p data-t=\"{&quot;n&quot;:&quot;blueLinks&quot;}\">Segundo a previs\u00e3o, o atual pont\u00edfice governaria durante a \u00faltima grande persegui\u00e7\u00e3o \u00e0 Igreja, algo que muitos interpretam como crises internas, perda de fi\u00e9is e ataques \u00e0 institui\u00e7\u00e3o. Al\u00e9m disso,\u00a0<a href=\"https:\/\/www.purepeople.com.br\/noticia\/quantos-pulmoes-tem-o-papa-francisco-internado-com-doenca-grave-infeccao-polimicrobiana-lider-da-igreja-catolica-fez-cirurgia-cruel-aos-21-anos-muita-dor_a403532\/1\" target=\"_blank\" rel=\"noopener\" data-t=\"{&quot;n&quot;:&quot;destination&quot;,&quot;t&quot;:13,&quot;b&quot;:1,&quot;c.t&quot;:7}\">Francisco j\u00e1 enfrenta dificuldades f\u00edsicas<\/a> e, recentemente, passou a utilizar cadeira de rodas, o que alguns enxergam como um cumprimento simb\u00f3lico da profecia. De acordo com a lista de S\u00e3o Malaquias, os \u00faltimos papas seriam:<\/p>\n<div class=\"article-list-slot\">\n<ul>\n<li data-t=\"{&quot;n&quot;:&quot;blueLinks&quot;}\">\n<p data-t=\"{&quot;n&quot;:&quot;blueLinks&quot;}\"><strong>S\u00e3o Jo\u00e3o Paulo II (1978-2005)<\/strong>\u00a0\u2013\u00a0<i>De Labore Solis<\/i>\u00a0(\u201cDo trabalho do Sol\u201d)<\/p>\n<p data-t=\"{&quot;n&quot;:&quot;blueLinks&quot;}\">Nasceu e morreu em dias de eclipses solares.<\/p>\n<\/li>\n<li data-t=\"{&quot;n&quot;:&quot;blueLinks&quot;}\">\n<p data-t=\"{&quot;n&quot;:&quot;blueLinks&quot;}\"><strong>Bento XVI (2005-2013)<\/strong>\u00a0\u2013\u00a0<i>Gloria Olivae<\/i>\u00a0(\u201cGl\u00f3ria da Oliveira\u201d)<\/p>\n<p data-t=\"{&quot;n&quot;:&quot;blueLinks&quot;}\">Antes de ser papa, era Prefeito da Congrega\u00e7\u00e3o para a Doutrina da F\u00e9, cujo bras\u00e3o continha um ramo de oliveira.<\/p>\n<\/li>\n<li data-t=\"{&quot;n&quot;:&quot;blueLinks&quot;}\">\n<p data-t=\"{&quot;n&quot;:&quot;blueLinks&quot;}\"><strong>Francisco (2013-&#8230;)<\/strong>\u00a0\u2013\u00a0<i>In Persecutione Extrema S. R. E. Sedebit<\/i>\u00a0(\u201cDurante a \u00faltima persegui\u00e7\u00e3o \u00e0 Sagrada Igreja Romana, ele sentar\u00e1\u201d)<\/p>\n<p data-t=\"{&quot;n&quot;:&quot;blueLinks&quot;}\">Devido \u00e0 idade avan\u00e7ada e problemas de sa\u00fade, passou a usar cadeira de rodas em suas viagens.<\/p>\n<\/li>\n<li data-t=\"{&quot;n&quot;:&quot;blueLinks&quot;}\">\n<p data-t=\"{&quot;n&quot;:&quot;blueLinks&quot;}\"><strong>Petrus Romanus (futuro papa)<\/strong>\u00a0\u2013\u00a0<i>Pedro, o Romano<\/i><\/p>\n<p data-t=\"{&quot;n&quot;:&quot;blueLinks&quot;}\">O \u00faltimo da lista, que enfrentar\u00e1 muitas tribula\u00e7\u00f5es e ver\u00e1 a destrui\u00e7\u00e3o de Roma.<\/p>\n<\/li>\n<\/ul>\n<\/div>\n<div class=\"title-h2\"><strong>Profecia ou coincid\u00eancia?<\/strong><\/div>\n<p data-t=\"{&quot;n&quot;:&quot;blueLinks&quot;}\">Religiosos e estudiosos divergem sobre a credibilidade dessas previs\u00f5es. Alguns apontam coincid\u00eancias entre as descri\u00e7\u00f5es e os papas reais, enquanto outros questionam a demora de 450 anos para a revela\u00e7\u00e3o da lista e o contexto pol\u00edtico em que surgiu.<\/p>\n<div class=\"intra-article-module\" data-t=\"{&quot;n&quot;:&quot;intraArticle&quot;,&quot;t&quot;:13}\">\n<div class=\"articlePageIntraArticleFullWidth ad-slot-placeholder left-image-intra-ad\" data-ad-index=\"2\">\n<div class=\"intra-article-ad-full left-image-intra-ad\">\n<div class=\"left-image-intra-ad\">O tiktoker <strong>Guilherme Dobrychtop<\/strong>, que se apresenta como escritor, professor de Hist\u00f3ria e doutor pela UFPR, explica que a profecia pode ter sido forjada no s\u00e9culo XVI para influenciar a escolha de papas. Para ele, n\u00e3o h\u00e1 base hist\u00f3rica confi\u00e1vel que comprove sua veracidade.<\/div>\n<\/div>\n<\/div>\n<\/div>\n<p data-t=\"{&quot;n&quot;:&quot;blueLinks&quot;}\">Enquanto isso, no Vaticano, todas as aten\u00e7\u00f5es est\u00e3o voltadas para os boletins m\u00e9dicos di\u00e1rios do Papa Francisco, que enfrenta uma pneumonia dupla. Se a profecia estiver correta, seu sucessor poder\u00e1 ser o \u00faltimo l\u00edder da Igreja antes de um evento sem precedentes na hist\u00f3ria.<\/p>\n<div class=\"intra-article-module-bottom-slot\" data-t=\"{&quot;n&quot;:&quot;intraArticle&quot;,&quot;t&quot;:13}\"><\/div>\n","protected":false},"excerpt":{"rendered":"<p>Na ter\u00e7a-feira (25), com a sa\u00fade do\u00a0Papa Francisco\u00a0fragilizada e a expectativa por novos boletins m\u00e9dicos atualizados, a chamada\u00a0\u201cProfecia dos Papas\u201d\u00a0voltou a ganhar destaque nas redes sociais\u00a0e gerar debates entre fi\u00e9is.\u00a0A previs\u00e3o, atribu\u00edda\u00a0a\u00a0S\u00e3o Malaquias\u00a0e divulgada apenas em 1595,\u00a0sugere que o atual pont\u00edfice\u00a0seria\u00a0o pen\u00faltimo antes de um l\u00edder que testemunharia o fim dos tempos. Quem foi S\u00e3o Malaquias e o que diz sua profecia? S\u00e3o Malaquias foi um arcebispo irland\u00eas nascido em 1094 e ordenado sacerdote em 1119. Durante uma visita a Roma em 1139, ele teria tido uma vis\u00e3o sobre todos os papas que governariam a Igreja at\u00e9 o Ju\u00edzo Final. Sua lista, composta por 111 ou 113 descri\u00e7\u00f5es em latim, apontaria caracter\u00edsticas de cada pont\u00edfice, desde Celestino II (1143-1144) at\u00e9&hellip; <\/p>\n","protected":false},"author":2,"featured_media":388892,"comment_status":"open","ping_status":"open","sticky":false,"template":"","format":"standard","meta":{"_acf_changed":false,"footnotes":""},"categories":[7],"tags":[],"class_list":["post-388891","post","type-post","status-publish","format-standard","has-post-thumbnail","hentry","category-religiao"],"acf":[],"yoast_head":"<!-- This site is optimized with the Yoast SEO plugin v27.4 - https:\/\/yoast.com\/product\/yoast-seo-wordpress\/ -->\n<title>Papa Francisco nem morreu e seu sucessor j\u00e1 pode ser o \u00faltimo antes do fim dos tempos! Entenda a &#039;Profecia dos Papas&#039; - Blog do Farn\u00e9sio<\/title>\n<meta name=\"robots\" content=\"index, follow, max-snippet:-1, max-image-preview:large, max-video-preview:-1\" \/>\n<link rel=\"canonical\" href=\"https:\/\/blogdofarnesio.com.br\/?p=388891\" \/>\n<meta property=\"og:locale\" content=\"pt_BR\" \/>\n<meta property=\"og:type\" content=\"article\" \/>\n<meta property=\"og:title\" content=\"Papa Francisco nem morreu e seu sucessor j\u00e1 pode ser o \u00faltimo antes do fim dos tempos! Entenda a &#039;Profecia dos Papas&#039; - Blog do Farn\u00e9sio\" \/>\n<meta property=\"og:description\" content=\"Na ter\u00e7a-feira (25), com a sa\u00fade do\u00a0Papa Francisco\u00a0fragilizada e a expectativa por novos boletins m\u00e9dicos atualizados, a chamada\u00a0\u201cProfecia dos Papas\u201d\u00a0voltou a ganhar destaque nas redes sociais\u00a0e gerar debates entre fi\u00e9is.\u00a0A previs\u00e3o, atribu\u00edda\u00a0a\u00a0S\u00e3o Malaquias\u00a0e divulgada apenas em 1595,\u00a0sugere que o atual pont\u00edfice\u00a0seria\u00a0o pen\u00faltimo antes de um l\u00edder que testemunharia o fim dos tempos. Quem foi S\u00e3o Malaquias e o que diz sua profecia? S\u00e3o Malaquias foi um arcebispo irland\u00eas nascido em 1094 e ordenado sacerdote em 1119. Durante uma visita a Roma em 1139, ele teria tido uma vis\u00e3o sobre todos os papas que governariam a Igreja at\u00e9 o Ju\u00edzo Final. Sua lista, composta por 111 ou 113 descri\u00e7\u00f5es em latim, apontaria caracter\u00edsticas de cada pont\u00edfice, desde Celestino II (1143-1144) at\u00e9&hellip;\" \/>\n<meta property=\"og:url\" content=\"https:\/\/blogdofarnesio.com.br\/?p=388891\" \/>\n<meta property=\"og:site_name\" content=\"Blog do Farn\u00e9sio\" \/>\n<meta property=\"article:publisher\" content=\"https:\/\/www.facebook.com\/BlogQuerSaberPolitica\/\" \/>\n<meta property=\"article:author\" content=\"https:\/\/www.facebook.com\/?ref=tn_tnmn\" \/>\n<meta property=\"article:published_time\" content=\"2025-03-03T19:00:23+00:00\" \/>\n<meta property=\"og:image\" content=\"https:\/\/blogdofarnesio.com.br\/wp-content\/uploads\/2025\/03\/blogqsppapa-profecia.jpeg\" \/>\n\t<meta property=\"og:image:width\" content=\"768\" \/>\n\t<meta property=\"og:image:height\" content=\"451\" \/>\n\t<meta property=\"og:image:type\" content=\"image\/jpeg\" \/>\n<meta name=\"author\" content=\"Farn\u00e9sio\" \/>\n<meta name=\"twitter:card\" content=\"summary_large_image\" \/>\n<meta name=\"twitter:label1\" content=\"Escrito por\" \/>\n\t<meta name=\"twitter:data1\" content=\"Farn\u00e9sio\" \/>\n\t<meta name=\"twitter:label2\" content=\"Est. tempo de leitura\" \/>\n\t<meta name=\"twitter:data2\" content=\"3 minutos\" \/>\n<script type=\"application\/ld+json\" class=\"yoast-schema-graph\">{\"@context\":\"https:\\\/\\\/schema.org\",\"@graph\":[{\"@type\":\"Article\",\"@id\":\"https:\\\/\\\/blogdofarnesio.com.br\\\/?p=388891#article\",\"isPartOf\":{\"@id\":\"https:\\\/\\\/blogdofarnesio.com.br\\\/?p=388891\"},\"author\":{\"name\":\"Farn\u00e9sio\",\"@id\":\"https:\\\/\\\/blogdofarnesio.com.br\\\/#\\\/schema\\\/person\\\/bb9b23ae3ad0609ce8df7b6c9e76824d\"},\"headline\":\"Papa Francisco nem morreu e seu sucessor j\u00e1 pode ser o \u00faltimo antes do fim dos tempos! Entenda a &#8216;Profecia dos Papas&#8217;\",\"datePublished\":\"2025-03-03T19:00:23+00:00\",\"mainEntityOfPage\":{\"@id\":\"https:\\\/\\\/blogdofarnesio.com.br\\\/?p=388891\"},\"wordCount\":557,\"commentCount\":0,\"publisher\":{\"@id\":\"https:\\\/\\\/blogdofarnesio.com.br\\\/#organization\"},\"image\":{\"@id\":\"https:\\\/\\\/blogdofarnesio.com.br\\\/?p=388891#primaryimage\"},\"thumbnailUrl\":\"https:\\\/\\\/blogdofarnesio.com.br\\\/wp-content\\\/uploads\\\/2025\\\/03\\\/blogqsppapa-profecia.jpeg\",\"articleSection\":[\"Religi\u00e3o\"],\"inLanguage\":\"pt-BR\",\"potentialAction\":[{\"@type\":\"CommentAction\",\"name\":\"Comment\",\"target\":[\"https:\\\/\\\/blogdofarnesio.com.br\\\/?p=388891#respond\"]}]},{\"@type\":\"WebPage\",\"@id\":\"https:\\\/\\\/blogdofarnesio.com.br\\\/?p=388891\",\"url\":\"https:\\\/\\\/blogdofarnesio.com.br\\\/?p=388891\",\"name\":\"Papa Francisco nem morreu e seu sucessor j\u00e1 pode ser o \u00faltimo antes do fim dos tempos! Entenda a 'Profecia dos Papas' - Blog do Farn\u00e9sio\",\"isPartOf\":{\"@id\":\"https:\\\/\\\/blogdofarnesio.com.br\\\/#website\"},\"primaryImageOfPage\":{\"@id\":\"https:\\\/\\\/blogdofarnesio.com.br\\\/?p=388891#primaryimage\"},\"image\":{\"@id\":\"https:\\\/\\\/blogdofarnesio.com.br\\\/?p=388891#primaryimage\"},\"thumbnailUrl\":\"https:\\\/\\\/blogdofarnesio.com.br\\\/wp-content\\\/uploads\\\/2025\\\/03\\\/blogqsppapa-profecia.jpeg\",\"datePublished\":\"2025-03-03T19:00:23+00:00\",\"breadcrumb\":{\"@id\":\"https:\\\/\\\/blogdofarnesio.com.br\\\/?p=388891#breadcrumb\"},\"inLanguage\":\"pt-BR\",\"potentialAction\":[{\"@type\":\"ReadAction\",\"target\":[\"https:\\\/\\\/blogdofarnesio.com.br\\\/?p=388891\"]}]},{\"@type\":\"ImageObject\",\"inLanguage\":\"pt-BR\",\"@id\":\"https:\\\/\\\/blogdofarnesio.com.br\\\/?p=388891#primaryimage\",\"url\":\"https:\\\/\\\/blogdofarnesio.com.br\\\/wp-content\\\/uploads\\\/2025\\\/03\\\/blogqsppapa-profecia.jpeg\",\"contentUrl\":\"https:\\\/\\\/blogdofarnesio.com.br\\\/wp-content\\\/uploads\\\/2025\\\/03\\\/blogqsppapa-profecia.jpeg\",\"width\":768,\"height\":451,\"caption\":\"\u00a9\u00a0Getty Images\"},{\"@type\":\"BreadcrumbList\",\"@id\":\"https:\\\/\\\/blogdofarnesio.com.br\\\/?p=388891#breadcrumb\",\"itemListElement\":[{\"@type\":\"ListItem\",\"position\":1,\"name\":\"In\u00edcio\",\"item\":\"https:\\\/\\\/blogdofarnesio.com.br\\\/\"},{\"@type\":\"ListItem\",\"position\":2,\"name\":\"Papa Francisco nem morreu e seu sucessor j\u00e1 pode ser o \u00faltimo antes do fim dos tempos! Entenda a &#8216;Profecia dos Papas&#8217;\"}]},{\"@type\":\"WebSite\",\"@id\":\"https:\\\/\\\/blogdofarnesio.com.br\\\/#website\",\"url\":\"https:\\\/\\\/blogdofarnesio.com.br\\\/\",\"name\":\"Blog do Farn\u00e9sio\",\"description\":\"Quer Saber Pol\u00edtica?\",\"publisher\":{\"@id\":\"https:\\\/\\\/blogdofarnesio.com.br\\\/#organization\"},\"potentialAction\":[{\"@type\":\"SearchAction\",\"target\":{\"@type\":\"EntryPoint\",\"urlTemplate\":\"https:\\\/\\\/blogdofarnesio.com.br\\\/?s={search_term_string}\"},\"query-input\":{\"@type\":\"PropertyValueSpecification\",\"valueRequired\":true,\"valueName\":\"search_term_string\"}}],\"inLanguage\":\"pt-BR\"},{\"@type\":\"Organization\",\"@id\":\"https:\\\/\\\/blogdofarnesio.com.br\\\/#organization\",\"name\":\"Blog do Farn\u00e9sio\",\"url\":\"https:\\\/\\\/blogdofarnesio.com.br\\\/\",\"logo\":{\"@type\":\"ImageObject\",\"inLanguage\":\"pt-BR\",\"@id\":\"https:\\\/\\\/blogdofarnesio.com.br\\\/#\\\/schema\\\/logo\\\/image\\\/\",\"url\":\"https:\\\/\\\/blogdofarnesio.com.br\\\/wp-content\\\/uploads\\\/2026\\\/03\\\/cropped-logo_new-1.png\",\"contentUrl\":\"https:\\\/\\\/blogdofarnesio.com.br\\\/wp-content\\\/uploads\\\/2026\\\/03\\\/cropped-logo_new-1.png\",\"width\":881,\"height\":685,\"caption\":\"Blog do Farn\u00e9sio\"},\"image\":{\"@id\":\"https:\\\/\\\/blogdofarnesio.com.br\\\/#\\\/schema\\\/logo\\\/image\\\/\"},\"sameAs\":[\"https:\\\/\\\/www.facebook.com\\\/BlogQuerSaberPolitica\\\/\"]},{\"@type\":\"Person\",\"@id\":\"https:\\\/\\\/blogdofarnesio.com.br\\\/#\\\/schema\\\/person\\\/bb9b23ae3ad0609ce8df7b6c9e76824d\",\"name\":\"Farn\u00e9sio\",\"image\":{\"@type\":\"ImageObject\",\"inLanguage\":\"pt-BR\",\"@id\":\"https:\\\/\\\/secure.gravatar.com\\\/avatar\\\/986aa4c61ccdb66f8555bf88fc2a65609d00bcabd4d2d94377a727547345cbca?s=96&d=mm&r=g\",\"url\":\"https:\\\/\\\/secure.gravatar.com\\\/avatar\\\/986aa4c61ccdb66f8555bf88fc2a65609d00bcabd4d2d94377a727547345cbca?s=96&d=mm&r=g\",\"contentUrl\":\"https:\\\/\\\/secure.gravatar.com\\\/avatar\\\/986aa4c61ccdb66f8555bf88fc2a65609d00bcabd4d2d94377a727547345cbca?s=96&d=mm&r=g\",\"caption\":\"Farn\u00e9sio\"},\"description\":\"Radialista blogueiro, chegou a Petrolina\\\/Juazeiro em setembro de 1980, Farn\u00e9sio Silva \u00e9 de Arapiraca-Alagoas.\",\"sameAs\":[\"http:\\\/\\\/blogdofarnesio.com.br\",\"https:\\\/\\\/www.facebook.com\\\/?ref=tn_tnmn\",\"https:\\\/\\\/www.instagram.com\\\/?utm_source=pwa_homescreen\",\"https:\\\/\\\/youtube.com.br\\\/\"],\"url\":\"https:\\\/\\\/blogdofarnesio.com.br\\\/?author=2\"}]}<\/script>\n<!-- \/ Yoast SEO plugin. -->","yoast_head_json":{"title":"Papa Francisco nem morreu e seu sucessor j\u00e1 pode ser o \u00faltimo antes do fim dos tempos! Entenda a 'Profecia dos Papas' - Blog do Farn\u00e9sio","robots":{"index":"index","follow":"follow","max-snippet":"max-snippet:-1","max-image-preview":"max-image-preview:large","max-video-preview":"max-video-preview:-1"},"canonical":"https:\/\/blogdofarnesio.com.br\/?p=388891","og_locale":"pt_BR","og_type":"article","og_title":"Papa Francisco nem morreu e seu sucessor j\u00e1 pode ser o \u00faltimo antes do fim dos tempos! Entenda a 'Profecia dos Papas' - Blog do Farn\u00e9sio","og_description":"Na ter\u00e7a-feira (25), com a sa\u00fade do\u00a0Papa Francisco\u00a0fragilizada e a expectativa por novos boletins m\u00e9dicos atualizados, a chamada\u00a0\u201cProfecia dos Papas\u201d\u00a0voltou a ganhar destaque nas redes sociais\u00a0e gerar debates entre fi\u00e9is.\u00a0A previs\u00e3o, atribu\u00edda\u00a0a\u00a0S\u00e3o Malaquias\u00a0e divulgada apenas em 1595,\u00a0sugere que o atual pont\u00edfice\u00a0seria\u00a0o pen\u00faltimo antes de um l\u00edder que testemunharia o fim dos tempos. Quem foi S\u00e3o Malaquias e o que diz sua profecia? S\u00e3o Malaquias foi um arcebispo irland\u00eas nascido em 1094 e ordenado sacerdote em 1119. Durante uma visita a Roma em 1139, ele teria tido uma vis\u00e3o sobre todos os papas que governariam a Igreja at\u00e9 o Ju\u00edzo Final. Sua lista, composta por 111 ou 113 descri\u00e7\u00f5es em latim, apontaria caracter\u00edsticas de cada pont\u00edfice, desde Celestino II (1143-1144) at\u00e9&hellip;","og_url":"https:\/\/blogdofarnesio.com.br\/?p=388891","og_site_name":"Blog do Farn\u00e9sio","article_publisher":"https:\/\/www.facebook.com\/BlogQuerSaberPolitica\/","article_author":"https:\/\/www.facebook.com\/?ref=tn_tnmn","article_published_time":"2025-03-03T19:00:23+00:00","og_image":[{"width":768,"height":451,"url":"https:\/\/blogdofarnesio.com.br\/wp-content\/uploads\/2025\/03\/blogqsppapa-profecia.jpeg","type":"image\/jpeg"}],"author":"Farn\u00e9sio","twitter_card":"summary_large_image","twitter_misc":{"Escrito por":"Farn\u00e9sio","Est. tempo de leitura":"3 minutos"},"schema":{"@context":"https:\/\/schema.org","@graph":[{"@type":"Article","@id":"https:\/\/blogdofarnesio.com.br\/?p=388891#article","isPartOf":{"@id":"https:\/\/blogdofarnesio.com.br\/?p=388891"},"author":{"name":"Farn\u00e9sio","@id":"https:\/\/blogdofarnesio.com.br\/#\/schema\/person\/bb9b23ae3ad0609ce8df7b6c9e76824d"},"headline":"Papa Francisco nem morreu e seu sucessor j\u00e1 pode ser o \u00faltimo antes do fim dos tempos! Entenda a &#8216;Profecia dos Papas&#8217;","datePublished":"2025-03-03T19:00:23+00:00","mainEntityOfPage":{"@id":"https:\/\/blogdofarnesio.com.br\/?p=388891"},"wordCount":557,"commentCount":0,"publisher":{"@id":"https:\/\/blogdofarnesio.com.br\/#organization"},"image":{"@id":"https:\/\/blogdofarnesio.com.br\/?p=388891#primaryimage"},"thumbnailUrl":"https:\/\/blogdofarnesio.com.br\/wp-content\/uploads\/2025\/03\/blogqsppapa-profecia.jpeg","articleSection":["Religi\u00e3o"],"inLanguage":"pt-BR","potentialAction":[{"@type":"CommentAction","name":"Comment","target":["https:\/\/blogdofarnesio.com.br\/?p=388891#respond"]}]},{"@type":"WebPage","@id":"https:\/\/blogdofarnesio.com.br\/?p=388891","url":"https:\/\/blogdofarnesio.com.br\/?p=388891","name":"Papa Francisco nem morreu e seu sucessor j\u00e1 pode ser o \u00faltimo antes do fim dos tempos! Entenda a 'Profecia dos Papas' - Blog do Farn\u00e9sio","isPartOf":{"@id":"https:\/\/blogdofarnesio.com.br\/#website"},"primaryImageOfPage":{"@id":"https:\/\/blogdofarnesio.com.br\/?p=388891#primaryimage"},"image":{"@id":"https:\/\/blogdofarnesio.com.br\/?p=388891#primaryimage"},"thumbnailUrl":"https:\/\/blogdofarnesio.com.br\/wp-content\/uploads\/2025\/03\/blogqsppapa-profecia.jpeg","datePublished":"2025-03-03T19:00:23+00:00","breadcrumb":{"@id":"https:\/\/blogdofarnesio.com.br\/?p=388891#breadcrumb"},"inLanguage":"pt-BR","potentialAction":[{"@type":"ReadAction","target":["https:\/\/blogdofarnesio.com.br\/?p=388891"]}]},{"@type":"ImageObject","inLanguage":"pt-BR","@id":"https:\/\/blogdofarnesio.com.br\/?p=388891#primaryimage","url":"https:\/\/blogdofarnesio.com.br\/wp-content\/uploads\/2025\/03\/blogqsppapa-profecia.jpeg","contentUrl":"https:\/\/blogdofarnesio.com.br\/wp-content\/uploads\/2025\/03\/blogqsppapa-profecia.jpeg","width":768,"height":451,"caption":"\u00a9\u00a0Getty Images"},{"@type":"BreadcrumbList","@id":"https:\/\/blogdofarnesio.com.br\/?p=388891#breadcrumb","itemListElement":[{"@type":"ListItem","position":1,"name":"In\u00edcio","item":"https:\/\/blogdofarnesio.com.br\/"},{"@type":"ListItem","position":2,"name":"Papa Francisco nem morreu e seu sucessor j\u00e1 pode ser o \u00faltimo antes do fim dos tempos! Entenda a &#8216;Profecia dos Papas&#8217;"}]},{"@type":"WebSite","@id":"https:\/\/blogdofarnesio.com.br\/#website","url":"https:\/\/blogdofarnesio.com.br\/","name":"Blog do Farn\u00e9sio","description":"Quer Saber Pol\u00edtica?","publisher":{"@id":"https:\/\/blogdofarnesio.com.br\/#organization"},"potentialAction":[{"@type":"SearchAction","target":{"@type":"EntryPoint","urlTemplate":"https:\/\/blogdofarnesio.com.br\/?s={search_term_string}"},"query-input":{"@type":"PropertyValueSpecification","valueRequired":true,"valueName":"search_term_string"}}],"inLanguage":"pt-BR"},{"@type":"Organization","@id":"https:\/\/blogdofarnesio.com.br\/#organization","name":"Blog do Farn\u00e9sio","url":"https:\/\/blogdofarnesio.com.br\/","logo":{"@type":"ImageObject","inLanguage":"pt-BR","@id":"https:\/\/blogdofarnesio.com.br\/#\/schema\/logo\/image\/","url":"https:\/\/blogdofarnesio.com.br\/wp-content\/uploads\/2026\/03\/cropped-logo_new-1.png","contentUrl":"https:\/\/blogdofarnesio.com.br\/wp-content\/uploads\/2026\/03\/cropped-logo_new-1.png","width":881,"height":685,"caption":"Blog do Farn\u00e9sio"},"image":{"@id":"https:\/\/blogdofarnesio.com.br\/#\/schema\/logo\/image\/"},"sameAs":["https:\/\/www.facebook.com\/BlogQuerSaberPolitica\/"]},{"@type":"Person","@id":"https:\/\/blogdofarnesio.com.br\/#\/schema\/person\/bb9b23ae3ad0609ce8df7b6c9e76824d","name":"Farn\u00e9sio","image":{"@type":"ImageObject","inLanguage":"pt-BR","@id":"https:\/\/secure.gravatar.com\/avatar\/986aa4c61ccdb66f8555bf88fc2a65609d00bcabd4d2d94377a727547345cbca?s=96&d=mm&r=g","url":"https:\/\/secure.gravatar.com\/avatar\/986aa4c61ccdb66f8555bf88fc2a65609d00bcabd4d2d94377a727547345cbca?s=96&d=mm&r=g","contentUrl":"https:\/\/secure.gravatar.com\/avatar\/986aa4c61ccdb66f8555bf88fc2a65609d00bcabd4d2d94377a727547345cbca?s=96&d=mm&r=g","caption":"Farn\u00e9sio"},"description":"Radialista blogueiro, chegou a Petrolina\/Juazeiro em setembro de 1980, Farn\u00e9sio Silva \u00e9 de Arapiraca-Alagoas.","sameAs":["http:\/\/blogdofarnesio.com.br","https:\/\/www.facebook.com\/?ref=tn_tnmn","https:\/\/www.instagram.com\/?utm_source=pwa_homescreen","https:\/\/youtube.com.br\/"],"url":"https:\/\/blogdofarnesio.com.br\/?author=2"}]}},"_links":{"self":[{"href":"https:\/\/blogdofarnesio.com.br\/index.php?rest_route=\/wp\/v2\/posts\/388891","targetHints":{"allow":["GET"]}}],"collection":[{"href":"https:\/\/blogdofarnesio.com.br\/index.php?rest_route=\/wp\/v2\/posts"}],"about":[{"href":"https:\/\/blogdofarnesio.com.br\/index.php?rest_route=\/wp\/v2\/types\/post"}],"author":[{"embeddable":true,"href":"https:\/\/blogdofarnesio.com.br\/index.php?rest_route=\/wp\/v2\/users\/2"}],"replies":[{"embeddable":true,"href":"https:\/\/blogdofarnesio.com.br\/index.php?rest_route=%2Fwp%2Fv2%2Fcomments&post=388891"}],"version-history":[{"count":0,"href":"https:\/\/blogdofarnesio.com.br\/index.php?rest_route=\/wp\/v2\/posts\/388891\/revisions"}],"wp:featuredmedia":[{"embeddable":true,"href":"https:\/\/blogdofarnesio.com.br\/index.php?rest_route=\/wp\/v2\/media\/388892"}],"wp:attachment":[{"href":"https:\/\/blogdofarnesio.com.br\/index.php?rest_route=%2Fwp%2Fv2%2Fmedia&parent=388891"}],"wp:term":[{"taxonomy":"category","embeddable":true,"href":"https:\/\/blogdofarnesio.com.br\/index.php?rest_route=%2Fwp%2Fv2%2Fcategories&post=388891"},{"taxonomy":"post_tag","embeddable":true,"href":"https:\/\/blogdofarnesio.com.br\/index.php?rest_route=%2Fwp%2Fv2%2Ftags&post=388891"}],"curies":[{"name":"wp","href":"https:\/\/api.w.org\/{rel}","templated":true}]}}