{"id":388852,"date":"2025-03-07T11:05:00","date_gmt":"2025-03-07T14:05:00","guid":{"rendered":"https:\/\/blogdofarnesio.com.br\/?p=388852"},"modified":"2025-03-06T19:02:51","modified_gmt":"2025-03-06T22:02:51","slug":"ceu-de-marco-tem-eclipse-total-da-lua-e-mais-fenomenos-veja","status":"publish","type":"post","link":"https:\/\/blogdofarnesio.com.br\/?p=388852","title":{"rendered":"C\u00e9u de mar\u00e7o tem eclipse total da Lua (14) e mais fen\u00f4menos; fique por dentro"},"content":{"rendered":"<div id=\"stick\" class=\"mobile__sticky__ad\" data-google-query-id=\"CKiC_dLn6YsDFTdc3QIdyHkFxw\"><\/div>\n<div class=\"site__content\">\n<div class=\"container\">\n<div class=\"row\">\n<article>\n<header class=\"single-header\">\n<p class=\"single-header__excerpt\"><a href=\"https:\/\/www.cnnbrasil.com.br\/autor\/fernanda-pinotti\/\">Fernanda Pinotti<\/a><span class=\"tp__author\">da CNN &#8211;\u00a0<\/span><\/p>\n<\/header>\n<div class=\"single-content\">\n<p>O\u00a0<strong>eclipse total da Lua<\/strong>\u00a0acontece na madrugada do dia 14 de mar\u00e7o e ser\u00e1 vis\u00edvel de todo o Brasil.\u00a0<a href=\"https:\/\/www.cnnbrasil.com.br\/tecnologia\/qual-a-diferenca-entre-eclipse-solar-e-lunar\/\" target=\"_blank\" rel=\"noopener\">O fen\u00f4meno<\/a>\u00a0acontece quando a Terra se posiciona entre o Sol e a Lua, lan\u00e7ando sua sombra em nosso sat\u00e9lite. Para ocorrer, \u00e9 necess\u00e1rio que a Lua esteja em sua fase cheia.<\/p>\n<p>No final do m\u00eas, tamb\u00e9m ocorre um\u00a0<strong>eclipse parcial do Sol<\/strong>, em 29 de mar\u00e7o, mas este n\u00e3o ser\u00e1 vis\u00edvel do Brasil. O fen\u00f4meno poder\u00e1 ser observado apenas do Canad\u00e1, leste dos EUA, noroeste da \u00c1frica, Groenl\u00e2ndia, Europa e norte da R\u00fassia.<\/p>\n<p class=\"read__title\">Um eclipse solar ocorre quando a Lua est\u00e1 posicionada entre o Sol e a Terra, impedindo que a luz atinja alguns pontos do nosso planeta. Segundo a Nasa, estes eclipses solares parciais \u2014 em que a Lua n\u00e3o cobre completamente o Sol \u2014 ocorrem pelo menos duas vezes por ano em algum local da Terra.<\/p>\n<aside class=\"read-too read-too--with-img\">\n<h3 class=\"read-too__post-title\">An\u00e9is de Saturno desaparecer\u00e3o no dia 23 de mar\u00e7o; entenda<\/h3>\n<\/aside>\n<p>Al\u00e9m disso, tamb\u00e9m estar\u00e3o vis\u00edveis ao longo do m\u00eas diversas\u00a0<strong>conjun\u00e7\u00f5es celestes,<\/strong> que ocorrem quando dois ou mais corpos celestes aparecem bem pr\u00f3ximos no c\u00e9u \u2014 uma ilus\u00e3o de \u00f3tica, j\u00e1 que eles seguem separados por milhares de quil\u00f4metros no espa\u00e7o.<\/p>\n<p>Geralmente as conjun\u00e7\u00f5es s\u00e3o observ\u00e1veis a olho nu, e costumam render\u00a0<a href=\"https:\/\/www.cnnbrasil.com.br\/tecnologia\/veja-fotos-vencedoras-do-concurso-astronomy-photographer-of-the-year\/\" target=\"_blank\" rel=\"noopener\">belas fotos astron\u00f4micas<\/a>.<\/p>\n<p>Veja abaixo os\u00a0<strong>principais fen\u00f4menos astron\u00f4micos do m\u00eas de mar\u00e7o<\/strong>, de acordo com o\u00a0<strong>guia de efem\u00e9rides astron\u00f4micas do Observat\u00f3rio do Valongo, da Universidade Federal do Rio de Janeiro (UFRJ)<\/strong>.<\/p>\n<ul>\n<li><strong>1\/3:<\/strong>\u00a0Conjun\u00e7\u00e3o entre Lua e V\u00eanus durante o crep\u00fasculo, dire\u00e7\u00e3o oeste, na constela\u00e7\u00e3o de Peixes;<\/li>\n<li><strong>5\/3:<\/strong>\u00a0Conjun\u00e7\u00e3o entre V\u00eanus e Merc\u00fario durante o crep\u00fasculo, dire\u00e7\u00e3o oeste. Os astros est\u00e3o muito pr\u00f3ximos ao horizonte;<\/li>\n<li><strong>6\/3:<\/strong>\u00a0Conjun\u00e7\u00e3o entre Lua e J\u00fapiter no come\u00e7o da noite, dire\u00e7\u00e3o noroeste, na constela\u00e7\u00e3o de Touro;<\/li>\n<li><strong>8\/3:<\/strong>\u00a0Conjun\u00e7\u00e3o entre Lua e Marte, no come\u00e7o da noite, dire\u00e7\u00e3o nordeste, na constela\u00e7\u00e3o de G\u00eameos;<\/li>\n<li><strong>14\/3:<\/strong>\u00a0Eclipse total da Lua, que poder\u00e1 ser visto em todo o Brasil, durante a madrugada. No Rio de Janeiro, o eclipse ter\u00e1 in\u00edcio \u00e0s 02h09, auge \u00e0s 03h58 e t\u00e9rmino \u00e0s 05h47;<\/li>\n<li><strong>20\/3:<\/strong>\u00a0Equin\u00f3cio Outono para o Hemisf\u00e9rio Sul (come\u00e7o do Outono) \u00e0s 06h01 (hor\u00e1rio de Bras\u00edlia);<\/li>\n<li><strong>22\/3:<\/strong>\u00a0V\u00eanus em conjun\u00e7\u00e3o solar inferior;<\/li>\n<li><strong>28\/3:<\/strong>\u00a0Conjun\u00e7\u00e3o entre Lua e Saturno um pouco antes do amanhecer, dire\u00e7\u00e3o leste. Os astros est\u00e3o muito pr\u00f3ximos ao horizonte;<\/li>\n<li><strong>29\/3:<\/strong>\u00a0Eclipse solar parcial, que poder\u00e1 ser visto no Canad\u00e1, leste dos EUA, noroeste da \u00c1frica, Groenl\u00e2ndia, Europa e norte da R\u00fassia. Invis\u00edvel no Brasil.<\/li>\n<\/ul>\n<p>O\u00a0<strong>guia de efem\u00e9rides astron\u00f4micas<\/strong>\u00a0\u00e9 produzido desde 2016 pelo\u00a0<strong>Observat\u00f3rio do Valongo<\/strong>, da\u00a0<strong>UFRJ (Universidade Federal do Rio de Janeiro)<\/strong>, e traz os principais fen\u00f4menos que podem ser vistos no c\u00e9u noturno a cada ano.<\/p>\n<p>Com o objetivo de resgatar o interesse pela contempla\u00e7\u00e3o celeste, o material lista m\u00eas a m\u00eas quais corpos celestes estar\u00e3o vis\u00edveis e qual a melhor forma de procur\u00e1-los. Al\u00e9m de trazer explica\u00e7\u00f5es simples sobre astronomia.<\/p>\n<p>O\u00a0<strong>guia completo de efem\u00e9rides astron\u00f4micas de 2025<\/strong>, com mapas do c\u00e9u, pode ser baixado gratuitamente\u00a0<a href=\"https:\/\/drive.google.com\/file\/d\/1KCKfIYQ-5P13ptn-SGL4AvKnX0AnPq4o\/view\" target=\"_blank\" rel=\"noopener\"><strong>aqui<\/strong>.<\/a><\/p>\n<p><a href=\"https:\/\/www.cnnbrasil.com.br\/tecnologia\/conheca-seis-apps-de-astronomia-para-acompanhar-fenomenos-no-espaco\/\" target=\"_blank\" rel=\"noopener\">Confira tamb\u00e9m aplicativos de astronomia<\/a> para ajudar a localizar e acompanhar os fen\u00f4menos astron\u00f4micos no c\u00e9u noturno.<\/p>\n<\/div>\n<\/article>\n<\/div>\n<\/div>\n<\/div>\n","protected":false},"excerpt":{"rendered":"<p>Fernanda Pinottida CNN &#8211;\u00a0 O\u00a0eclipse total da Lua\u00a0acontece na madrugada do dia 14 de mar\u00e7o e ser\u00e1 vis\u00edvel de todo o Brasil.\u00a0O fen\u00f4meno\u00a0acontece quando a Terra se posiciona entre o Sol e a Lua, lan\u00e7ando sua sombra em nosso sat\u00e9lite. Para ocorrer, \u00e9 necess\u00e1rio que a Lua esteja em sua fase cheia. No final do m\u00eas, tamb\u00e9m ocorre um\u00a0eclipse parcial do Sol, em 29 de mar\u00e7o, mas este n\u00e3o ser\u00e1 vis\u00edvel do Brasil. O fen\u00f4meno poder\u00e1 ser observado apenas do Canad\u00e1, leste dos EUA, noroeste da \u00c1frica, Groenl\u00e2ndia, Europa e norte da R\u00fassia. Um eclipse solar ocorre quando a Lua est\u00e1 posicionada entre o Sol e a Terra, impedindo que a luz atinja alguns pontos do nosso planeta. Segundo a&hellip; <\/p>\n","protected":false},"author":2,"featured_media":130567,"comment_status":"open","ping_status":"open","sticky":false,"template":"","format":"standard","meta":{"_acf_changed":false,"footnotes":""},"categories":[25],"tags":[],"class_list":["post-388852","post","type-post","status-publish","format-standard","has-post-thumbnail","hentry","category-curiosidades"],"acf":[],"yoast_head":"<!-- This site is optimized with the Yoast SEO plugin v27.4 - https:\/\/yoast.com\/product\/yoast-seo-wordpress\/ -->\n<title>C\u00e9u de mar\u00e7o tem eclipse total da Lua (14) e mais fen\u00f4menos; fique por dentro - Blog do Farn\u00e9sio<\/title>\n<meta name=\"robots\" content=\"index, follow, max-snippet:-1, max-image-preview:large, max-video-preview:-1\" \/>\n<link rel=\"canonical\" href=\"https:\/\/blogdofarnesio.com.br\/?p=388852\" \/>\n<meta property=\"og:locale\" content=\"pt_BR\" \/>\n<meta property=\"og:type\" content=\"article\" \/>\n<meta property=\"og:title\" content=\"C\u00e9u de mar\u00e7o tem eclipse total da Lua (14) e mais fen\u00f4menos; fique por dentro - Blog do Farn\u00e9sio\" \/>\n<meta property=\"og:description\" content=\"Fernanda Pinottida CNN &#8211;\u00a0 O\u00a0eclipse total da Lua\u00a0acontece na madrugada do dia 14 de mar\u00e7o e ser\u00e1 vis\u00edvel de todo o Brasil.\u00a0O fen\u00f4meno\u00a0acontece quando a Terra se posiciona entre o Sol e a Lua, lan\u00e7ando sua sombra em nosso sat\u00e9lite. Para ocorrer, \u00e9 necess\u00e1rio que a Lua esteja em sua fase cheia. No final do m\u00eas, tamb\u00e9m ocorre um\u00a0eclipse parcial do Sol, em 29 de mar\u00e7o, mas este n\u00e3o ser\u00e1 vis\u00edvel do Brasil. O fen\u00f4meno poder\u00e1 ser observado apenas do Canad\u00e1, leste dos EUA, noroeste da \u00c1frica, Groenl\u00e2ndia, Europa e norte da R\u00fassia. Um eclipse solar ocorre quando a Lua est\u00e1 posicionada entre o Sol e a Terra, impedindo que a luz atinja alguns pontos do nosso planeta. Segundo a&hellip;\" \/>\n<meta property=\"og:url\" content=\"https:\/\/blogdofarnesio.com.br\/?p=388852\" \/>\n<meta property=\"og:site_name\" content=\"Blog do Farn\u00e9sio\" \/>\n<meta property=\"article:publisher\" content=\"https:\/\/www.facebook.com\/BlogQuerSaberPolitica\/\" \/>\n<meta property=\"article:author\" content=\"https:\/\/www.facebook.com\/?ref=tn_tnmn\" \/>\n<meta property=\"article:published_time\" content=\"2025-03-07T14:05:00+00:00\" \/>\n<meta property=\"og:image\" content=\"https:\/\/blogdofarnesio.com.br\/wp-content\/uploads\/2015\/09\/blogqspsuperluaeclipse-09.2015-Foto-Farn\u00e9sio-Silva3.jpg\" \/>\n\t<meta property=\"og:image:width\" content=\"640\" \/>\n\t<meta property=\"og:image:height\" content=\"370\" \/>\n\t<meta property=\"og:image:type\" content=\"image\/jpeg\" \/>\n<meta name=\"author\" content=\"Farn\u00e9sio\" \/>\n<meta name=\"twitter:card\" content=\"summary_large_image\" \/>\n<meta name=\"twitter:label1\" content=\"Escrito por\" \/>\n\t<meta name=\"twitter:data1\" content=\"Farn\u00e9sio\" \/>\n\t<meta name=\"twitter:label2\" content=\"Est. tempo de leitura\" \/>\n\t<meta name=\"twitter:data2\" content=\"4 minutos\" \/>\n<script type=\"application\/ld+json\" class=\"yoast-schema-graph\">{\"@context\":\"https:\\\/\\\/schema.org\",\"@graph\":[{\"@type\":\"Article\",\"@id\":\"https:\\\/\\\/blogdofarnesio.com.br\\\/?p=388852#article\",\"isPartOf\":{\"@id\":\"https:\\\/\\\/blogdofarnesio.com.br\\\/?p=388852\"},\"author\":{\"name\":\"Farn\u00e9sio\",\"@id\":\"https:\\\/\\\/blogdofarnesio.com.br\\\/#\\\/schema\\\/person\\\/bb9b23ae3ad0609ce8df7b6c9e76824d\"},\"headline\":\"C\u00e9u de mar\u00e7o tem eclipse total da Lua (14) e mais fen\u00f4menos; fique por dentro\",\"datePublished\":\"2025-03-07T14:05:00+00:00\",\"mainEntityOfPage\":{\"@id\":\"https:\\\/\\\/blogdofarnesio.com.br\\\/?p=388852\"},\"wordCount\":614,\"commentCount\":0,\"publisher\":{\"@id\":\"https:\\\/\\\/blogdofarnesio.com.br\\\/#organization\"},\"image\":{\"@id\":\"https:\\\/\\\/blogdofarnesio.com.br\\\/?p=388852#primaryimage\"},\"thumbnailUrl\":\"https:\\\/\\\/blogdofarnesio.com.br\\\/wp-content\\\/uploads\\\/2015\\\/09\\\/blogqspsuperluaeclipse-09.2015-Foto-Farn\u00e9sio-Silva3.jpg\",\"articleSection\":[\"Curiosidades\"],\"inLanguage\":\"pt-BR\",\"potentialAction\":[{\"@type\":\"CommentAction\",\"name\":\"Comment\",\"target\":[\"https:\\\/\\\/blogdofarnesio.com.br\\\/?p=388852#respond\"]}]},{\"@type\":\"WebPage\",\"@id\":\"https:\\\/\\\/blogdofarnesio.com.br\\\/?p=388852\",\"url\":\"https:\\\/\\\/blogdofarnesio.com.br\\\/?p=388852\",\"name\":\"C\u00e9u de mar\u00e7o tem eclipse total da Lua (14) e mais fen\u00f4menos; fique por dentro - Blog do Farn\u00e9sio\",\"isPartOf\":{\"@id\":\"https:\\\/\\\/blogdofarnesio.com.br\\\/#website\"},\"primaryImageOfPage\":{\"@id\":\"https:\\\/\\\/blogdofarnesio.com.br\\\/?p=388852#primaryimage\"},\"image\":{\"@id\":\"https:\\\/\\\/blogdofarnesio.com.br\\\/?p=388852#primaryimage\"},\"thumbnailUrl\":\"https:\\\/\\\/blogdofarnesio.com.br\\\/wp-content\\\/uploads\\\/2015\\\/09\\\/blogqspsuperluaeclipse-09.2015-Foto-Farn\u00e9sio-Silva3.jpg\",\"datePublished\":\"2025-03-07T14:05:00+00:00\",\"breadcrumb\":{\"@id\":\"https:\\\/\\\/blogdofarnesio.com.br\\\/?p=388852#breadcrumb\"},\"inLanguage\":\"pt-BR\",\"potentialAction\":[{\"@type\":\"ReadAction\",\"target\":[\"https:\\\/\\\/blogdofarnesio.com.br\\\/?p=388852\"]}]},{\"@type\":\"ImageObject\",\"inLanguage\":\"pt-BR\",\"@id\":\"https:\\\/\\\/blogdofarnesio.com.br\\\/?p=388852#primaryimage\",\"url\":\"https:\\\/\\\/blogdofarnesio.com.br\\\/wp-content\\\/uploads\\\/2015\\\/09\\\/blogqspsuperluaeclipse-09.2015-Foto-Farn\u00e9sio-Silva3.jpg\",\"contentUrl\":\"https:\\\/\\\/blogdofarnesio.com.br\\\/wp-content\\\/uploads\\\/2015\\\/09\\\/blogqspsuperluaeclipse-09.2015-Foto-Farn\u00e9sio-Silva3.jpg\",\"width\":640,\"height\":370},{\"@type\":\"BreadcrumbList\",\"@id\":\"https:\\\/\\\/blogdofarnesio.com.br\\\/?p=388852#breadcrumb\",\"itemListElement\":[{\"@type\":\"ListItem\",\"position\":1,\"name\":\"In\u00edcio\",\"item\":\"https:\\\/\\\/blogdofarnesio.com.br\\\/\"},{\"@type\":\"ListItem\",\"position\":2,\"name\":\"C\u00e9u de mar\u00e7o tem eclipse total da Lua (14) e mais fen\u00f4menos; fique por dentro\"}]},{\"@type\":\"WebSite\",\"@id\":\"https:\\\/\\\/blogdofarnesio.com.br\\\/#website\",\"url\":\"https:\\\/\\\/blogdofarnesio.com.br\\\/\",\"name\":\"Blog do Farn\u00e9sio\",\"description\":\"Quer Saber Pol\u00edtica?\",\"publisher\":{\"@id\":\"https:\\\/\\\/blogdofarnesio.com.br\\\/#organization\"},\"potentialAction\":[{\"@type\":\"SearchAction\",\"target\":{\"@type\":\"EntryPoint\",\"urlTemplate\":\"https:\\\/\\\/blogdofarnesio.com.br\\\/?s={search_term_string}\"},\"query-input\":{\"@type\":\"PropertyValueSpecification\",\"valueRequired\":true,\"valueName\":\"search_term_string\"}}],\"inLanguage\":\"pt-BR\"},{\"@type\":\"Organization\",\"@id\":\"https:\\\/\\\/blogdofarnesio.com.br\\\/#organization\",\"name\":\"Blog do Farn\u00e9sio\",\"url\":\"https:\\\/\\\/blogdofarnesio.com.br\\\/\",\"logo\":{\"@type\":\"ImageObject\",\"inLanguage\":\"pt-BR\",\"@id\":\"https:\\\/\\\/blogdofarnesio.com.br\\\/#\\\/schema\\\/logo\\\/image\\\/\",\"url\":\"https:\\\/\\\/blogdofarnesio.com.br\\\/wp-content\\\/uploads\\\/2026\\\/03\\\/cropped-logo_new-1.png\",\"contentUrl\":\"https:\\\/\\\/blogdofarnesio.com.br\\\/wp-content\\\/uploads\\\/2026\\\/03\\\/cropped-logo_new-1.png\",\"width\":881,\"height\":685,\"caption\":\"Blog do Farn\u00e9sio\"},\"image\":{\"@id\":\"https:\\\/\\\/blogdofarnesio.com.br\\\/#\\\/schema\\\/logo\\\/image\\\/\"},\"sameAs\":[\"https:\\\/\\\/www.facebook.com\\\/BlogQuerSaberPolitica\\\/\"]},{\"@type\":\"Person\",\"@id\":\"https:\\\/\\\/blogdofarnesio.com.br\\\/#\\\/schema\\\/person\\\/bb9b23ae3ad0609ce8df7b6c9e76824d\",\"name\":\"Farn\u00e9sio\",\"image\":{\"@type\":\"ImageObject\",\"inLanguage\":\"pt-BR\",\"@id\":\"https:\\\/\\\/secure.gravatar.com\\\/avatar\\\/986aa4c61ccdb66f8555bf88fc2a65609d00bcabd4d2d94377a727547345cbca?s=96&d=mm&r=g\",\"url\":\"https:\\\/\\\/secure.gravatar.com\\\/avatar\\\/986aa4c61ccdb66f8555bf88fc2a65609d00bcabd4d2d94377a727547345cbca?s=96&d=mm&r=g\",\"contentUrl\":\"https:\\\/\\\/secure.gravatar.com\\\/avatar\\\/986aa4c61ccdb66f8555bf88fc2a65609d00bcabd4d2d94377a727547345cbca?s=96&d=mm&r=g\",\"caption\":\"Farn\u00e9sio\"},\"description\":\"Radialista blogueiro, chegou a Petrolina\\\/Juazeiro em setembro de 1980, Farn\u00e9sio Silva \u00e9 de Arapiraca-Alagoas.\",\"sameAs\":[\"http:\\\/\\\/blogdofarnesio.com.br\",\"https:\\\/\\\/www.facebook.com\\\/?ref=tn_tnmn\",\"https:\\\/\\\/www.instagram.com\\\/?utm_source=pwa_homescreen\",\"https:\\\/\\\/youtube.com.br\\\/\"],\"url\":\"https:\\\/\\\/blogdofarnesio.com.br\\\/?author=2\"}]}<\/script>\n<!-- \/ Yoast SEO plugin. -->","yoast_head_json":{"title":"C\u00e9u de mar\u00e7o tem eclipse total da Lua (14) e mais fen\u00f4menos; fique por dentro - Blog do Farn\u00e9sio","robots":{"index":"index","follow":"follow","max-snippet":"max-snippet:-1","max-image-preview":"max-image-preview:large","max-video-preview":"max-video-preview:-1"},"canonical":"https:\/\/blogdofarnesio.com.br\/?p=388852","og_locale":"pt_BR","og_type":"article","og_title":"C\u00e9u de mar\u00e7o tem eclipse total da Lua (14) e mais fen\u00f4menos; fique por dentro - Blog do Farn\u00e9sio","og_description":"Fernanda Pinottida CNN &#8211;\u00a0 O\u00a0eclipse total da Lua\u00a0acontece na madrugada do dia 14 de mar\u00e7o e ser\u00e1 vis\u00edvel de todo o Brasil.\u00a0O fen\u00f4meno\u00a0acontece quando a Terra se posiciona entre o Sol e a Lua, lan\u00e7ando sua sombra em nosso sat\u00e9lite. Para ocorrer, \u00e9 necess\u00e1rio que a Lua esteja em sua fase cheia. No final do m\u00eas, tamb\u00e9m ocorre um\u00a0eclipse parcial do Sol, em 29 de mar\u00e7o, mas este n\u00e3o ser\u00e1 vis\u00edvel do Brasil. O fen\u00f4meno poder\u00e1 ser observado apenas do Canad\u00e1, leste dos EUA, noroeste da \u00c1frica, Groenl\u00e2ndia, Europa e norte da R\u00fassia. Um eclipse solar ocorre quando a Lua est\u00e1 posicionada entre o Sol e a Terra, impedindo que a luz atinja alguns pontos do nosso planeta. Segundo a&hellip;","og_url":"https:\/\/blogdofarnesio.com.br\/?p=388852","og_site_name":"Blog do Farn\u00e9sio","article_publisher":"https:\/\/www.facebook.com\/BlogQuerSaberPolitica\/","article_author":"https:\/\/www.facebook.com\/?ref=tn_tnmn","article_published_time":"2025-03-07T14:05:00+00:00","og_image":[{"width":640,"height":370,"url":"https:\/\/blogdofarnesio.com.br\/wp-content\/uploads\/2015\/09\/blogqspsuperluaeclipse-09.2015-Foto-Farn\u00e9sio-Silva3.jpg","type":"image\/jpeg"}],"author":"Farn\u00e9sio","twitter_card":"summary_large_image","twitter_misc":{"Escrito por":"Farn\u00e9sio","Est. tempo de leitura":"4 minutos"},"schema":{"@context":"https:\/\/schema.org","@graph":[{"@type":"Article","@id":"https:\/\/blogdofarnesio.com.br\/?p=388852#article","isPartOf":{"@id":"https:\/\/blogdofarnesio.com.br\/?p=388852"},"author":{"name":"Farn\u00e9sio","@id":"https:\/\/blogdofarnesio.com.br\/#\/schema\/person\/bb9b23ae3ad0609ce8df7b6c9e76824d"},"headline":"C\u00e9u de mar\u00e7o tem eclipse total da Lua (14) e mais fen\u00f4menos; fique por dentro","datePublished":"2025-03-07T14:05:00+00:00","mainEntityOfPage":{"@id":"https:\/\/blogdofarnesio.com.br\/?p=388852"},"wordCount":614,"commentCount":0,"publisher":{"@id":"https:\/\/blogdofarnesio.com.br\/#organization"},"image":{"@id":"https:\/\/blogdofarnesio.com.br\/?p=388852#primaryimage"},"thumbnailUrl":"https:\/\/blogdofarnesio.com.br\/wp-content\/uploads\/2015\/09\/blogqspsuperluaeclipse-09.2015-Foto-Farn\u00e9sio-Silva3.jpg","articleSection":["Curiosidades"],"inLanguage":"pt-BR","potentialAction":[{"@type":"CommentAction","name":"Comment","target":["https:\/\/blogdofarnesio.com.br\/?p=388852#respond"]}]},{"@type":"WebPage","@id":"https:\/\/blogdofarnesio.com.br\/?p=388852","url":"https:\/\/blogdofarnesio.com.br\/?p=388852","name":"C\u00e9u de mar\u00e7o tem eclipse total da Lua (14) e mais fen\u00f4menos; fique por dentro - Blog do Farn\u00e9sio","isPartOf":{"@id":"https:\/\/blogdofarnesio.com.br\/#website"},"primaryImageOfPage":{"@id":"https:\/\/blogdofarnesio.com.br\/?p=388852#primaryimage"},"image":{"@id":"https:\/\/blogdofarnesio.com.br\/?p=388852#primaryimage"},"thumbnailUrl":"https:\/\/blogdofarnesio.com.br\/wp-content\/uploads\/2015\/09\/blogqspsuperluaeclipse-09.2015-Foto-Farn\u00e9sio-Silva3.jpg","datePublished":"2025-03-07T14:05:00+00:00","breadcrumb":{"@id":"https:\/\/blogdofarnesio.com.br\/?p=388852#breadcrumb"},"inLanguage":"pt-BR","potentialAction":[{"@type":"ReadAction","target":["https:\/\/blogdofarnesio.com.br\/?p=388852"]}]},{"@type":"ImageObject","inLanguage":"pt-BR","@id":"https:\/\/blogdofarnesio.com.br\/?p=388852#primaryimage","url":"https:\/\/blogdofarnesio.com.br\/wp-content\/uploads\/2015\/09\/blogqspsuperluaeclipse-09.2015-Foto-Farn\u00e9sio-Silva3.jpg","contentUrl":"https:\/\/blogdofarnesio.com.br\/wp-content\/uploads\/2015\/09\/blogqspsuperluaeclipse-09.2015-Foto-Farn\u00e9sio-Silva3.jpg","width":640,"height":370},{"@type":"BreadcrumbList","@id":"https:\/\/blogdofarnesio.com.br\/?p=388852#breadcrumb","itemListElement":[{"@type":"ListItem","position":1,"name":"In\u00edcio","item":"https:\/\/blogdofarnesio.com.br\/"},{"@type":"ListItem","position":2,"name":"C\u00e9u de mar\u00e7o tem eclipse total da Lua (14) e mais fen\u00f4menos; fique por dentro"}]},{"@type":"WebSite","@id":"https:\/\/blogdofarnesio.com.br\/#website","url":"https:\/\/blogdofarnesio.com.br\/","name":"Blog do Farn\u00e9sio","description":"Quer Saber Pol\u00edtica?","publisher":{"@id":"https:\/\/blogdofarnesio.com.br\/#organization"},"potentialAction":[{"@type":"SearchAction","target":{"@type":"EntryPoint","urlTemplate":"https:\/\/blogdofarnesio.com.br\/?s={search_term_string}"},"query-input":{"@type":"PropertyValueSpecification","valueRequired":true,"valueName":"search_term_string"}}],"inLanguage":"pt-BR"},{"@type":"Organization","@id":"https:\/\/blogdofarnesio.com.br\/#organization","name":"Blog do Farn\u00e9sio","url":"https:\/\/blogdofarnesio.com.br\/","logo":{"@type":"ImageObject","inLanguage":"pt-BR","@id":"https:\/\/blogdofarnesio.com.br\/#\/schema\/logo\/image\/","url":"https:\/\/blogdofarnesio.com.br\/wp-content\/uploads\/2026\/03\/cropped-logo_new-1.png","contentUrl":"https:\/\/blogdofarnesio.com.br\/wp-content\/uploads\/2026\/03\/cropped-logo_new-1.png","width":881,"height":685,"caption":"Blog do Farn\u00e9sio"},"image":{"@id":"https:\/\/blogdofarnesio.com.br\/#\/schema\/logo\/image\/"},"sameAs":["https:\/\/www.facebook.com\/BlogQuerSaberPolitica\/"]},{"@type":"Person","@id":"https:\/\/blogdofarnesio.com.br\/#\/schema\/person\/bb9b23ae3ad0609ce8df7b6c9e76824d","name":"Farn\u00e9sio","image":{"@type":"ImageObject","inLanguage":"pt-BR","@id":"https:\/\/secure.gravatar.com\/avatar\/986aa4c61ccdb66f8555bf88fc2a65609d00bcabd4d2d94377a727547345cbca?s=96&d=mm&r=g","url":"https:\/\/secure.gravatar.com\/avatar\/986aa4c61ccdb66f8555bf88fc2a65609d00bcabd4d2d94377a727547345cbca?s=96&d=mm&r=g","contentUrl":"https:\/\/secure.gravatar.com\/avatar\/986aa4c61ccdb66f8555bf88fc2a65609d00bcabd4d2d94377a727547345cbca?s=96&d=mm&r=g","caption":"Farn\u00e9sio"},"description":"Radialista blogueiro, chegou a Petrolina\/Juazeiro em setembro de 1980, Farn\u00e9sio Silva \u00e9 de Arapiraca-Alagoas.","sameAs":["http:\/\/blogdofarnesio.com.br","https:\/\/www.facebook.com\/?ref=tn_tnmn","https:\/\/www.instagram.com\/?utm_source=pwa_homescreen","https:\/\/youtube.com.br\/"],"url":"https:\/\/blogdofarnesio.com.br\/?author=2"}]}},"_links":{"self":[{"href":"https:\/\/blogdofarnesio.com.br\/index.php?rest_route=\/wp\/v2\/posts\/388852","targetHints":{"allow":["GET"]}}],"collection":[{"href":"https:\/\/blogdofarnesio.com.br\/index.php?rest_route=\/wp\/v2\/posts"}],"about":[{"href":"https:\/\/blogdofarnesio.com.br\/index.php?rest_route=\/wp\/v2\/types\/post"}],"author":[{"embeddable":true,"href":"https:\/\/blogdofarnesio.com.br\/index.php?rest_route=\/wp\/v2\/users\/2"}],"replies":[{"embeddable":true,"href":"https:\/\/blogdofarnesio.com.br\/index.php?rest_route=%2Fwp%2Fv2%2Fcomments&post=388852"}],"version-history":[{"count":0,"href":"https:\/\/blogdofarnesio.com.br\/index.php?rest_route=\/wp\/v2\/posts\/388852\/revisions"}],"wp:featuredmedia":[{"embeddable":true,"href":"https:\/\/blogdofarnesio.com.br\/index.php?rest_route=\/wp\/v2\/media\/130567"}],"wp:attachment":[{"href":"https:\/\/blogdofarnesio.com.br\/index.php?rest_route=%2Fwp%2Fv2%2Fmedia&parent=388852"}],"wp:term":[{"taxonomy":"category","embeddable":true,"href":"https:\/\/blogdofarnesio.com.br\/index.php?rest_route=%2Fwp%2Fv2%2Fcategories&post=388852"},{"taxonomy":"post_tag","embeddable":true,"href":"https:\/\/blogdofarnesio.com.br\/index.php?rest_route=%2Fwp%2Fv2%2Ftags&post=388852"}],"curies":[{"name":"wp","href":"https:\/\/api.w.org\/{rel}","templated":true}]}}