{"id":388299,"date":"2025-02-24T08:33:36","date_gmt":"2025-02-24T11:33:36","guid":{"rendered":"https:\/\/blogdofarnesio.com.br\/?p=388299"},"modified":"2025-02-22T10:18:59","modified_gmt":"2025-02-22T13:18:59","slug":"denuncia-da-pgr-aponta-que-o-agronegocio-financiou-a-tentativa-de-golpe","status":"publish","type":"post","link":"https:\/\/blogdofarnesio.com.br\/?p=388299","title":{"rendered":"Den\u00fancia da PGR aponta que o agroneg\u00f3cio financiou a tentativa de golpe"},"content":{"rendered":"<p><a href=\"https:\/\/www.brasil247.com\/authors\/leonardo-lucena\">Leonardo Lucena\u00a0 &#8211;\u00a0\u00a0<\/a><\/p>\n<h2 class=\"article__lead\"><em>Segundo a Procuradoria, Braga Netto confirmou que recursos financeiros partiram do agro. \u201cO dinheiro foi entregue numa sacola de vinho\u201d, apontou a den\u00fancia<\/em><\/h2>\n<figure class=\"article__image article__featured\" data-cy=\"articleImage\">\n<div class=\"Image_adaptiveImage__2pihe\"><picture><source srcset=\"https:\/\/cdn.brasil247.com\/pb-b247gcp\/swp\/jtjeq9\/media\/20210724150724_96c24d9b39c71fc9e69ac419669fe4703866a840414bf80991a5b9a2df58ea4f.webp\" type=\"image\/webp\" media=\"(max-width: 500px)\" data-srcset=\"https:\/\/cdn.brasil247.com\/pb-b247gcp\/swp\/jtjeq9\/media\/20210724150724_96c24d9b39c71fc9e69ac419669fe4703866a840414bf80991a5b9a2df58ea4f.webp\" \/><source srcset=\"https:\/\/cdn.brasil247.com\/pb-b247gcp\/swp\/jtjeq9\/media\/20210724150724_e76c4c4397eb23b790b27ccdeebc0c415f5d976a158ec73d5c0c935474697153.webp\" type=\"image\/webp\" media=\"(min-width: 501px)\" data-srcset=\"https:\/\/cdn.brasil247.com\/pb-b247gcp\/swp\/jtjeq9\/media\/20210724150724_e76c4c4397eb23b790b27ccdeebc0c415f5d976a158ec73d5c0c935474697153.webp\" \/><img loading=\"lazy\" decoding=\"async\" class=\"Image_imageFull__78K8f\" title=\"Braga Netto\" draggable=\"false\" src=\"https:\/\/www.brasil247.com\/_next\/image?url=https%3A%2F%2Fcdn.brasil247.com%2Fpb-b247gcp%2Fswp%2Fjtjeq9%2Fmedia%2F20210724150724_7236596586336232d4f93eec716c8694c9ebf0f48cea45f8fba464d0cf4dd246.webp&amp;w=3840&amp;q=75\" srcset=\"\/_next\/image?url=https%3A%2F%2Fcdn.brasil247.com%2Fpb-b247gcp%2Fswp%2Fjtjeq9%2Fmedia%2F20210724150724_7236596586336232d4f93eec716c8694c9ebf0f48cea45f8fba464d0cf4dd246.webp&amp;w=1920&amp;q=75 1x, \/_next\/image?url=https%3A%2F%2Fcdn.brasil247.com%2Fpb-b247gcp%2Fswp%2Fjtjeq9%2Fmedia%2F20210724150724_7236596586336232d4f93eec716c8694c9ebf0f48cea45f8fba464d0cf4dd246.webp&amp;w=3840&amp;q=75 2x\" alt=\"Braga Netto\" width=\"1250\" height=\"600\" data-nimg=\"1\" \/><\/picture><\/div><figcaption>Braga Netto (Foto: Isac N\u00f3brega\/PR)<\/figcaption><\/figure>\n<div class=\"article__text marginTop30 article_speakable\">\n<div data-cy=\"articleBody\">\n<p><b>247<\/b>\u00a0&#8211; A Procuradoria-Geral da Rep\u00fablica (PGR) informou que, durante o governo Jair Bolsonaro (2019-2022), representantes do agroneg\u00f3cio disponibilizaram dinheiro para ajudar nas tarefas necess\u00e1rias, com o objetivo de aplicar um golpe de Estado.<\/p>\n<p>De acordo com a PGR, \u201co dinheiro foi entregue numa sacola de vinho\u201d. \u201cO General Braga Netto afirmou \u00e0 \u00e9poca que o dinheiro havia sido obtido junto ao pessoal do agroneg\u00f3cio&#8221;, mostrou um trecho da colabora\u00e7\u00e3o premiada. O relato saiu na\u00a0<a href=\"https:\/\/oglobo.globo.com\/blogs\/lauro-jardim\/post\/2025\/02\/agronegocio-financiou-tentativa-de-golpe-aponta-denuncia-da-pgr.ghtml\" target=\"_blank\" rel=\"noopener noreferrer\"><i>coluna de Lauro Jardim<\/i><\/a>.<\/p>\n<p>&#8220;O Coronel Oliveira entrou em contato com o colaborador solicitando dinheiro para realizar as opera\u00e7\u00f5es que havia discutido com o General Braga Netto e o Coronel Ferreira Lima na reuni\u00e3o do dia 12 de novembro de 2022. (&#8230;) Alguns dias ap\u00f3s, o Coronel De Oliveira esteve em reuni\u00e3o com o colaborador e o General Braga Netto no Pal\u00e1cio do Planalto ou da Alvorada, onde o General Braga Netto entregou o dinheiro que havia sido solicitado para a realiza\u00e7\u00e3o da opera\u00e7\u00e3o\u201d.<\/p>\n<p>A PGR denunciou o pol\u00edtico da extrema-direita e mais 33 pessoas pela participa\u00e7\u00e3o na trama golpista, que, segundo a Pol\u00edcia Federal, tamb\u00e9m envolvia os assassinatos do presidente Lula (PT), do vice Geraldo Alckmin (PSB) e do ministro do Supremo Tribunal Federal Alexandre de Moraes.<\/p>\n<p>Bolsonaro e Braga Netto entre os denunciados. Depois das acusa\u00e7\u00f5es feitas pela PGR, o caso ser\u00e1 analisado no STF, que tem Moraes como relator dessa investiga\u00e7\u00e3o do plano golpista.<\/p>\n<h2><b>Crimes<\/b><\/h2>\n<p>A PGR acusou Bolsonaro de cinco crimes: organiza\u00e7\u00e3o criminosa armada, tentativa de golpe de Estado, tentativa de aboli\u00e7\u00e3o violenta do Estado Democr\u00e1tico de Direito, dano qualificado pela viol\u00eancia e grave amea\u00e7a contra o patrim\u00f4nio da Uni\u00e3o, al\u00e9m de deteriora\u00e7\u00e3o de patrim\u00f4nio tombado.<\/p>\n<p>No inqu\u00e9rito da trama golpista, a Pol\u00edcia Federal, que indiciou Bolsonaro, apontou um plano para assassinar o presidente Luiz In\u00e1cio Lula da Silva (PT), o vice-presidente Geraldo Alckmin (PSB) e o ministro Alexandre de Moraes.<\/p>\n<h2><b>Dela\u00e7\u00e3o<\/b><\/h2>\n<p>O tenente-coronel Mauro Cid afirmou que\u00a0<a href=\"https:\/\/www.brasil247.com\/poder\/mauro-cid-relata-a-pf-que-assessor-de-bolsonaro-tentou-obter-informacoes-sobre-sua-delacao-premiada#google_vignette\">Fabio Wajngarten<\/a>, advogado e assessor de Bolsonaro, tentou descobrir o conte\u00fado de seu acordo de dela\u00e7\u00e3o premiada. De acordo com o ex-ajudante de Bolsonaro, aliados do governo dele\u00a0<a href=\"https:\/\/www.brasil247.com\/brasil\/em-delacao-cid-afirmou-que-radicais-proximos-a-bolsonaro-romantizavam-artigo-142-da-constituicao-para-justificar-o-golpe\">distorceram a interpreta\u00e7\u00e3o do artigo 142<\/a> da Constitui\u00e7\u00e3o Federal para justificar uma tentativa de golpe.<\/p>\n<p>O artigo 142 prev\u00ea que &#8220;as For\u00e7as Armadas, constitu\u00eddas pela Marinha, pelo Ex\u00e9rcito e pela Aeron\u00e1utica, s\u00e3o institui\u00e7\u00f5es nacionais permanentes e regulares, organizadas com base na hierarquia e na disciplina, sob a autoridade suprema do Presidente da Rep\u00fablica, e destinam-se \u00e0 defesa da P\u00e1tria, \u00e0 garantia dos poderes constitucionais e, por iniciativa de qualquer destes, da lei e da ordem&#8221;.<\/p>\n<p>Conforme a dela\u00e7\u00e3o, Bolsonaro tamb\u00e9m\u00a0<a href=\"https:\/\/www.brasil247.com\/brasil\/bolsonaro-apresentou-minuta-do-golpe-a-general-do-exercito-afirmou-cid\">apresentou uma minuta de golpe<\/a>\u00a0ao comandante de Opera\u00e7\u00f5es Terrestres do Ex\u00e9rcito, general Estevam Teophilo. Cid afirmou que\u00a0<a href=\"https:\/\/www.brasil247.com\/brasil\/cid-diz-que-bolsonaro-nunca-desmobilizou-manifestacoes-na-esperanca-de-que-golpe-fosse-concretizado\">o ex-mandat\u00e1rio nunca desmobilizou<\/a>\u00a0os manifestantes que estavam nas ruas e nas portas dos quart\u00e9is do Ex\u00e9rcito ap\u00f3s as elei\u00e7\u00f5es de 2022.<\/p>\n<p>A dela\u00e7\u00e3o apontou que o pol\u00edtico da extrema-direita tamb\u00e9m\u00a0<a href=\"https:\/\/www.brasil247.com\/poder\/jair-bolsonaro-era-quem-alimentava-o-gabinete-do-odio-disse-cid-em-delacao\">&#8220;encaminhava diretamente&#8221; ao gabinete do \u00f3dio<\/a>\u00a0alguns ataques a ministros do STF. Antes da PGR receber da Pol\u00edcia Federal os detalhes do plano golpista, a PF disse que o esquema da tentativa de golpe era formado por\u00a0<a href=\"https:\/\/www.brasil247.com\/regionais\/brasilia\/intentona-golpista-tinha-seis-nucleos-apontam-investigacoes-da-pf\">seis n\u00facleos<\/a>, um deles respons\u00e1vel pela dissemina\u00e7\u00e3o de desinforma\u00e7\u00e3o e ataques ao sistema eleitoral.<\/p>\n<p>O militar disse tamb\u00e9m que Bolsonaro ordenou que ele colocasse\u00a0<a href=\"https:\/\/www.brasil247.com\/brasil\/bolsonaro-ordenou-falsificacao-do-cartao-de-vacina-disse-mauro-cid-em-delacao\">dados falsos de vacina\u00e7\u00e3o contra a Covid-19<\/a>\u00a0nos sistemas do Minist\u00e9rio da Sa\u00fade.<\/p>\n<\/div>\n<div class=\"article__notif\">\n<p class=\"marginBottom30\" data-nosnippet=\"\">\u2757 Se voc\u00ea tem algum posicionamento a acrescentar nesta mat\u00e9ria ou alguma corre\u00e7\u00e3o a fazer, entre em contato com\u00a0<a class=\"link__text\" href=\"mailto:redacao@brasil247.com.br\">redacao@brasil247.com.br<\/a>.<\/p>\n<\/div>\n<\/div>\n","protected":false},"excerpt":{"rendered":"<p>Leonardo Lucena\u00a0 &#8211;\u00a0\u00a0 Segundo a Procuradoria, Braga Netto confirmou que recursos financeiros partiram do agro. \u201cO dinheiro foi entregue numa sacola de vinho\u201d, apontou a den\u00fancia Braga Netto (Foto: Isac N\u00f3brega\/PR) 247\u00a0&#8211; A Procuradoria-Geral da Rep\u00fablica (PGR) informou que, durante o governo Jair Bolsonaro (2019-2022), representantes do agroneg\u00f3cio disponibilizaram dinheiro para ajudar nas tarefas necess\u00e1rias, com o objetivo de aplicar um golpe de Estado. De acordo com a PGR, \u201co dinheiro foi entregue numa sacola de vinho\u201d. \u201cO General Braga Netto afirmou \u00e0 \u00e9poca que o dinheiro havia sido obtido junto ao pessoal do agroneg\u00f3cio&#8221;, mostrou um trecho da colabora\u00e7\u00e3o premiada. O relato saiu na\u00a0coluna de Lauro Jardim. &#8220;O Coronel Oliveira entrou em contato com o colaborador solicitando dinheiro para&hellip; <\/p>\n","protected":false},"author":2,"featured_media":285101,"comment_status":"open","ping_status":"open","sticky":false,"template":"","format":"standard","meta":{"_acf_changed":false,"footnotes":""},"categories":[20,1],"tags":[],"class_list":["post-388299","post","type-post","status-publish","format-standard","has-post-thumbnail","hentry","category-economia","category-politica"],"acf":[],"yoast_head":"<!-- This site is optimized with the Yoast SEO plugin v27.4 - https:\/\/yoast.com\/product\/yoast-seo-wordpress\/ -->\n<title>Den\u00fancia da PGR aponta que o agroneg\u00f3cio financiou a tentativa de golpe - Blog do Farn\u00e9sio<\/title>\n<meta name=\"robots\" content=\"index, follow, max-snippet:-1, max-image-preview:large, max-video-preview:-1\" \/>\n<link rel=\"canonical\" href=\"https:\/\/blogdofarnesio.com.br\/?p=388299\" \/>\n<meta property=\"og:locale\" content=\"pt_BR\" \/>\n<meta property=\"og:type\" content=\"article\" \/>\n<meta property=\"og:title\" content=\"Den\u00fancia da PGR aponta que o agroneg\u00f3cio financiou a tentativa de golpe - Blog do Farn\u00e9sio\" \/>\n<meta property=\"og:description\" content=\"Leonardo Lucena\u00a0 &#8211;\u00a0\u00a0 Segundo a Procuradoria, Braga Netto confirmou que recursos financeiros partiram do agro. \u201cO dinheiro foi entregue numa sacola de vinho\u201d, apontou a den\u00fancia Braga Netto (Foto: Isac N\u00f3brega\/PR) 247\u00a0&#8211; A Procuradoria-Geral da Rep\u00fablica (PGR) informou que, durante o governo Jair Bolsonaro (2019-2022), representantes do agroneg\u00f3cio disponibilizaram dinheiro para ajudar nas tarefas necess\u00e1rias, com o objetivo de aplicar um golpe de Estado. De acordo com a PGR, \u201co dinheiro foi entregue numa sacola de vinho\u201d. \u201cO General Braga Netto afirmou \u00e0 \u00e9poca que o dinheiro havia sido obtido junto ao pessoal do agroneg\u00f3cio&#8221;, mostrou um trecho da colabora\u00e7\u00e3o premiada. O relato saiu na\u00a0coluna de Lauro Jardim. &#8220;O Coronel Oliveira entrou em contato com o colaborador solicitando dinheiro para&hellip;\" \/>\n<meta property=\"og:url\" content=\"https:\/\/blogdofarnesio.com.br\/?p=388299\" \/>\n<meta property=\"og:site_name\" content=\"Blog do Farn\u00e9sio\" \/>\n<meta property=\"article:publisher\" content=\"https:\/\/www.facebook.com\/BlogQuerSaberPolitica\/\" \/>\n<meta property=\"article:author\" content=\"https:\/\/www.facebook.com\/?ref=tn_tnmn\" \/>\n<meta property=\"article:published_time\" content=\"2025-02-24T11:33:36+00:00\" \/>\n<meta property=\"og:image\" content=\"https:\/\/blogdofarnesio.com.br\/wp-content\/uploads\/2021\/05\/blogqspagrovale-scaled-e1620424438124.jpg\" \/>\n\t<meta property=\"og:image:width\" content=\"660\" \/>\n\t<meta property=\"og:image:height\" content=\"440\" \/>\n\t<meta property=\"og:image:type\" content=\"image\/jpeg\" \/>\n<meta name=\"author\" content=\"Farn\u00e9sio\" \/>\n<meta name=\"twitter:card\" content=\"summary_large_image\" \/>\n<meta name=\"twitter:label1\" content=\"Escrito por\" \/>\n\t<meta name=\"twitter:data1\" content=\"Farn\u00e9sio\" \/>\n\t<meta name=\"twitter:label2\" content=\"Est. tempo de leitura\" \/>\n\t<meta name=\"twitter:data2\" content=\"4 minutos\" \/>\n<script type=\"application\/ld+json\" class=\"yoast-schema-graph\">{\"@context\":\"https:\\\/\\\/schema.org\",\"@graph\":[{\"@type\":\"Article\",\"@id\":\"https:\\\/\\\/blogdofarnesio.com.br\\\/?p=388299#article\",\"isPartOf\":{\"@id\":\"https:\\\/\\\/blogdofarnesio.com.br\\\/?p=388299\"},\"author\":{\"name\":\"Farn\u00e9sio\",\"@id\":\"https:\\\/\\\/blogdofarnesio.com.br\\\/#\\\/schema\\\/person\\\/bb9b23ae3ad0609ce8df7b6c9e76824d\"},\"headline\":\"Den\u00fancia da PGR aponta que o agroneg\u00f3cio financiou a tentativa de golpe\",\"datePublished\":\"2025-02-24T11:33:36+00:00\",\"mainEntityOfPage\":{\"@id\":\"https:\\\/\\\/blogdofarnesio.com.br\\\/?p=388299\"},\"wordCount\":674,\"commentCount\":0,\"publisher\":{\"@id\":\"https:\\\/\\\/blogdofarnesio.com.br\\\/#organization\"},\"image\":{\"@id\":\"https:\\\/\\\/blogdofarnesio.com.br\\\/?p=388299#primaryimage\"},\"thumbnailUrl\":\"https:\\\/\\\/blogdofarnesio.com.br\\\/wp-content\\\/uploads\\\/2021\\\/05\\\/blogqspagrovale-scaled-e1620424438124.jpg\",\"articleSection\":[\"Economia\",\"Pol\u00edtica\"],\"inLanguage\":\"pt-BR\",\"potentialAction\":[{\"@type\":\"CommentAction\",\"name\":\"Comment\",\"target\":[\"https:\\\/\\\/blogdofarnesio.com.br\\\/?p=388299#respond\"]}]},{\"@type\":\"WebPage\",\"@id\":\"https:\\\/\\\/blogdofarnesio.com.br\\\/?p=388299\",\"url\":\"https:\\\/\\\/blogdofarnesio.com.br\\\/?p=388299\",\"name\":\"Den\u00fancia da PGR aponta que o agroneg\u00f3cio financiou a tentativa de golpe - Blog do Farn\u00e9sio\",\"isPartOf\":{\"@id\":\"https:\\\/\\\/blogdofarnesio.com.br\\\/#website\"},\"primaryImageOfPage\":{\"@id\":\"https:\\\/\\\/blogdofarnesio.com.br\\\/?p=388299#primaryimage\"},\"image\":{\"@id\":\"https:\\\/\\\/blogdofarnesio.com.br\\\/?p=388299#primaryimage\"},\"thumbnailUrl\":\"https:\\\/\\\/blogdofarnesio.com.br\\\/wp-content\\\/uploads\\\/2021\\\/05\\\/blogqspagrovale-scaled-e1620424438124.jpg\",\"datePublished\":\"2025-02-24T11:33:36+00:00\",\"breadcrumb\":{\"@id\":\"https:\\\/\\\/blogdofarnesio.com.br\\\/?p=388299#breadcrumb\"},\"inLanguage\":\"pt-BR\",\"potentialAction\":[{\"@type\":\"ReadAction\",\"target\":[\"https:\\\/\\\/blogdofarnesio.com.br\\\/?p=388299\"]}]},{\"@type\":\"ImageObject\",\"inLanguage\":\"pt-BR\",\"@id\":\"https:\\\/\\\/blogdofarnesio.com.br\\\/?p=388299#primaryimage\",\"url\":\"https:\\\/\\\/blogdofarnesio.com.br\\\/wp-content\\\/uploads\\\/2021\\\/05\\\/blogqspagrovale-scaled-e1620424438124.jpg\",\"contentUrl\":\"https:\\\/\\\/blogdofarnesio.com.br\\\/wp-content\\\/uploads\\\/2021\\\/05\\\/blogqspagrovale-scaled-e1620424438124.jpg\",\"width\":660,\"height\":440,\"caption\":\"Imagem meramente ilustrativa\"},{\"@type\":\"BreadcrumbList\",\"@id\":\"https:\\\/\\\/blogdofarnesio.com.br\\\/?p=388299#breadcrumb\",\"itemListElement\":[{\"@type\":\"ListItem\",\"position\":1,\"name\":\"In\u00edcio\",\"item\":\"https:\\\/\\\/blogdofarnesio.com.br\\\/\"},{\"@type\":\"ListItem\",\"position\":2,\"name\":\"Den\u00fancia da PGR aponta que o agroneg\u00f3cio financiou a tentativa de golpe\"}]},{\"@type\":\"WebSite\",\"@id\":\"https:\\\/\\\/blogdofarnesio.com.br\\\/#website\",\"url\":\"https:\\\/\\\/blogdofarnesio.com.br\\\/\",\"name\":\"Blog do Farn\u00e9sio\",\"description\":\"Quer Saber Pol\u00edtica?\",\"publisher\":{\"@id\":\"https:\\\/\\\/blogdofarnesio.com.br\\\/#organization\"},\"potentialAction\":[{\"@type\":\"SearchAction\",\"target\":{\"@type\":\"EntryPoint\",\"urlTemplate\":\"https:\\\/\\\/blogdofarnesio.com.br\\\/?s={search_term_string}\"},\"query-input\":{\"@type\":\"PropertyValueSpecification\",\"valueRequired\":true,\"valueName\":\"search_term_string\"}}],\"inLanguage\":\"pt-BR\"},{\"@type\":\"Organization\",\"@id\":\"https:\\\/\\\/blogdofarnesio.com.br\\\/#organization\",\"name\":\"Blog do Farn\u00e9sio\",\"url\":\"https:\\\/\\\/blogdofarnesio.com.br\\\/\",\"logo\":{\"@type\":\"ImageObject\",\"inLanguage\":\"pt-BR\",\"@id\":\"https:\\\/\\\/blogdofarnesio.com.br\\\/#\\\/schema\\\/logo\\\/image\\\/\",\"url\":\"https:\\\/\\\/blogdofarnesio.com.br\\\/wp-content\\\/uploads\\\/2026\\\/03\\\/cropped-logo_new-1.png\",\"contentUrl\":\"https:\\\/\\\/blogdofarnesio.com.br\\\/wp-content\\\/uploads\\\/2026\\\/03\\\/cropped-logo_new-1.png\",\"width\":881,\"height\":685,\"caption\":\"Blog do Farn\u00e9sio\"},\"image\":{\"@id\":\"https:\\\/\\\/blogdofarnesio.com.br\\\/#\\\/schema\\\/logo\\\/image\\\/\"},\"sameAs\":[\"https:\\\/\\\/www.facebook.com\\\/BlogQuerSaberPolitica\\\/\"]},{\"@type\":\"Person\",\"@id\":\"https:\\\/\\\/blogdofarnesio.com.br\\\/#\\\/schema\\\/person\\\/bb9b23ae3ad0609ce8df7b6c9e76824d\",\"name\":\"Farn\u00e9sio\",\"image\":{\"@type\":\"ImageObject\",\"inLanguage\":\"pt-BR\",\"@id\":\"https:\\\/\\\/secure.gravatar.com\\\/avatar\\\/986aa4c61ccdb66f8555bf88fc2a65609d00bcabd4d2d94377a727547345cbca?s=96&d=mm&r=g\",\"url\":\"https:\\\/\\\/secure.gravatar.com\\\/avatar\\\/986aa4c61ccdb66f8555bf88fc2a65609d00bcabd4d2d94377a727547345cbca?s=96&d=mm&r=g\",\"contentUrl\":\"https:\\\/\\\/secure.gravatar.com\\\/avatar\\\/986aa4c61ccdb66f8555bf88fc2a65609d00bcabd4d2d94377a727547345cbca?s=96&d=mm&r=g\",\"caption\":\"Farn\u00e9sio\"},\"description\":\"Radialista blogueiro, chegou a Petrolina\\\/Juazeiro em setembro de 1980, Farn\u00e9sio Silva \u00e9 de Arapiraca-Alagoas.\",\"sameAs\":[\"http:\\\/\\\/blogdofarnesio.com.br\",\"https:\\\/\\\/www.facebook.com\\\/?ref=tn_tnmn\",\"https:\\\/\\\/www.instagram.com\\\/?utm_source=pwa_homescreen\",\"https:\\\/\\\/youtube.com.br\\\/\"],\"url\":\"https:\\\/\\\/blogdofarnesio.com.br\\\/?author=2\"}]}<\/script>\n<!-- \/ Yoast SEO plugin. -->","yoast_head_json":{"title":"Den\u00fancia da PGR aponta que o agroneg\u00f3cio financiou a tentativa de golpe - Blog do Farn\u00e9sio","robots":{"index":"index","follow":"follow","max-snippet":"max-snippet:-1","max-image-preview":"max-image-preview:large","max-video-preview":"max-video-preview:-1"},"canonical":"https:\/\/blogdofarnesio.com.br\/?p=388299","og_locale":"pt_BR","og_type":"article","og_title":"Den\u00fancia da PGR aponta que o agroneg\u00f3cio financiou a tentativa de golpe - Blog do Farn\u00e9sio","og_description":"Leonardo Lucena\u00a0 &#8211;\u00a0\u00a0 Segundo a Procuradoria, Braga Netto confirmou que recursos financeiros partiram do agro. \u201cO dinheiro foi entregue numa sacola de vinho\u201d, apontou a den\u00fancia Braga Netto (Foto: Isac N\u00f3brega\/PR) 247\u00a0&#8211; A Procuradoria-Geral da Rep\u00fablica (PGR) informou que, durante o governo Jair Bolsonaro (2019-2022), representantes do agroneg\u00f3cio disponibilizaram dinheiro para ajudar nas tarefas necess\u00e1rias, com o objetivo de aplicar um golpe de Estado. De acordo com a PGR, \u201co dinheiro foi entregue numa sacola de vinho\u201d. \u201cO General Braga Netto afirmou \u00e0 \u00e9poca que o dinheiro havia sido obtido junto ao pessoal do agroneg\u00f3cio&#8221;, mostrou um trecho da colabora\u00e7\u00e3o premiada. O relato saiu na\u00a0coluna de Lauro Jardim. &#8220;O Coronel Oliveira entrou em contato com o colaborador solicitando dinheiro para&hellip;","og_url":"https:\/\/blogdofarnesio.com.br\/?p=388299","og_site_name":"Blog do Farn\u00e9sio","article_publisher":"https:\/\/www.facebook.com\/BlogQuerSaberPolitica\/","article_author":"https:\/\/www.facebook.com\/?ref=tn_tnmn","article_published_time":"2025-02-24T11:33:36+00:00","og_image":[{"width":660,"height":440,"url":"https:\/\/blogdofarnesio.com.br\/wp-content\/uploads\/2021\/05\/blogqspagrovale-scaled-e1620424438124.jpg","type":"image\/jpeg"}],"author":"Farn\u00e9sio","twitter_card":"summary_large_image","twitter_misc":{"Escrito por":"Farn\u00e9sio","Est. tempo de leitura":"4 minutos"},"schema":{"@context":"https:\/\/schema.org","@graph":[{"@type":"Article","@id":"https:\/\/blogdofarnesio.com.br\/?p=388299#article","isPartOf":{"@id":"https:\/\/blogdofarnesio.com.br\/?p=388299"},"author":{"name":"Farn\u00e9sio","@id":"https:\/\/blogdofarnesio.com.br\/#\/schema\/person\/bb9b23ae3ad0609ce8df7b6c9e76824d"},"headline":"Den\u00fancia da PGR aponta que o agroneg\u00f3cio financiou a tentativa de golpe","datePublished":"2025-02-24T11:33:36+00:00","mainEntityOfPage":{"@id":"https:\/\/blogdofarnesio.com.br\/?p=388299"},"wordCount":674,"commentCount":0,"publisher":{"@id":"https:\/\/blogdofarnesio.com.br\/#organization"},"image":{"@id":"https:\/\/blogdofarnesio.com.br\/?p=388299#primaryimage"},"thumbnailUrl":"https:\/\/blogdofarnesio.com.br\/wp-content\/uploads\/2021\/05\/blogqspagrovale-scaled-e1620424438124.jpg","articleSection":["Economia","Pol\u00edtica"],"inLanguage":"pt-BR","potentialAction":[{"@type":"CommentAction","name":"Comment","target":["https:\/\/blogdofarnesio.com.br\/?p=388299#respond"]}]},{"@type":"WebPage","@id":"https:\/\/blogdofarnesio.com.br\/?p=388299","url":"https:\/\/blogdofarnesio.com.br\/?p=388299","name":"Den\u00fancia da PGR aponta que o agroneg\u00f3cio financiou a tentativa de golpe - Blog do Farn\u00e9sio","isPartOf":{"@id":"https:\/\/blogdofarnesio.com.br\/#website"},"primaryImageOfPage":{"@id":"https:\/\/blogdofarnesio.com.br\/?p=388299#primaryimage"},"image":{"@id":"https:\/\/blogdofarnesio.com.br\/?p=388299#primaryimage"},"thumbnailUrl":"https:\/\/blogdofarnesio.com.br\/wp-content\/uploads\/2021\/05\/blogqspagrovale-scaled-e1620424438124.jpg","datePublished":"2025-02-24T11:33:36+00:00","breadcrumb":{"@id":"https:\/\/blogdofarnesio.com.br\/?p=388299#breadcrumb"},"inLanguage":"pt-BR","potentialAction":[{"@type":"ReadAction","target":["https:\/\/blogdofarnesio.com.br\/?p=388299"]}]},{"@type":"ImageObject","inLanguage":"pt-BR","@id":"https:\/\/blogdofarnesio.com.br\/?p=388299#primaryimage","url":"https:\/\/blogdofarnesio.com.br\/wp-content\/uploads\/2021\/05\/blogqspagrovale-scaled-e1620424438124.jpg","contentUrl":"https:\/\/blogdofarnesio.com.br\/wp-content\/uploads\/2021\/05\/blogqspagrovale-scaled-e1620424438124.jpg","width":660,"height":440,"caption":"Imagem meramente ilustrativa"},{"@type":"BreadcrumbList","@id":"https:\/\/blogdofarnesio.com.br\/?p=388299#breadcrumb","itemListElement":[{"@type":"ListItem","position":1,"name":"In\u00edcio","item":"https:\/\/blogdofarnesio.com.br\/"},{"@type":"ListItem","position":2,"name":"Den\u00fancia da PGR aponta que o agroneg\u00f3cio financiou a tentativa de golpe"}]},{"@type":"WebSite","@id":"https:\/\/blogdofarnesio.com.br\/#website","url":"https:\/\/blogdofarnesio.com.br\/","name":"Blog do Farn\u00e9sio","description":"Quer Saber Pol\u00edtica?","publisher":{"@id":"https:\/\/blogdofarnesio.com.br\/#organization"},"potentialAction":[{"@type":"SearchAction","target":{"@type":"EntryPoint","urlTemplate":"https:\/\/blogdofarnesio.com.br\/?s={search_term_string}"},"query-input":{"@type":"PropertyValueSpecification","valueRequired":true,"valueName":"search_term_string"}}],"inLanguage":"pt-BR"},{"@type":"Organization","@id":"https:\/\/blogdofarnesio.com.br\/#organization","name":"Blog do Farn\u00e9sio","url":"https:\/\/blogdofarnesio.com.br\/","logo":{"@type":"ImageObject","inLanguage":"pt-BR","@id":"https:\/\/blogdofarnesio.com.br\/#\/schema\/logo\/image\/","url":"https:\/\/blogdofarnesio.com.br\/wp-content\/uploads\/2026\/03\/cropped-logo_new-1.png","contentUrl":"https:\/\/blogdofarnesio.com.br\/wp-content\/uploads\/2026\/03\/cropped-logo_new-1.png","width":881,"height":685,"caption":"Blog do Farn\u00e9sio"},"image":{"@id":"https:\/\/blogdofarnesio.com.br\/#\/schema\/logo\/image\/"},"sameAs":["https:\/\/www.facebook.com\/BlogQuerSaberPolitica\/"]},{"@type":"Person","@id":"https:\/\/blogdofarnesio.com.br\/#\/schema\/person\/bb9b23ae3ad0609ce8df7b6c9e76824d","name":"Farn\u00e9sio","image":{"@type":"ImageObject","inLanguage":"pt-BR","@id":"https:\/\/secure.gravatar.com\/avatar\/986aa4c61ccdb66f8555bf88fc2a65609d00bcabd4d2d94377a727547345cbca?s=96&d=mm&r=g","url":"https:\/\/secure.gravatar.com\/avatar\/986aa4c61ccdb66f8555bf88fc2a65609d00bcabd4d2d94377a727547345cbca?s=96&d=mm&r=g","contentUrl":"https:\/\/secure.gravatar.com\/avatar\/986aa4c61ccdb66f8555bf88fc2a65609d00bcabd4d2d94377a727547345cbca?s=96&d=mm&r=g","caption":"Farn\u00e9sio"},"description":"Radialista blogueiro, chegou a Petrolina\/Juazeiro em setembro de 1980, Farn\u00e9sio Silva \u00e9 de Arapiraca-Alagoas.","sameAs":["http:\/\/blogdofarnesio.com.br","https:\/\/www.facebook.com\/?ref=tn_tnmn","https:\/\/www.instagram.com\/?utm_source=pwa_homescreen","https:\/\/youtube.com.br\/"],"url":"https:\/\/blogdofarnesio.com.br\/?author=2"}]}},"_links":{"self":[{"href":"https:\/\/blogdofarnesio.com.br\/index.php?rest_route=\/wp\/v2\/posts\/388299","targetHints":{"allow":["GET"]}}],"collection":[{"href":"https:\/\/blogdofarnesio.com.br\/index.php?rest_route=\/wp\/v2\/posts"}],"about":[{"href":"https:\/\/blogdofarnesio.com.br\/index.php?rest_route=\/wp\/v2\/types\/post"}],"author":[{"embeddable":true,"href":"https:\/\/blogdofarnesio.com.br\/index.php?rest_route=\/wp\/v2\/users\/2"}],"replies":[{"embeddable":true,"href":"https:\/\/blogdofarnesio.com.br\/index.php?rest_route=%2Fwp%2Fv2%2Fcomments&post=388299"}],"version-history":[{"count":0,"href":"https:\/\/blogdofarnesio.com.br\/index.php?rest_route=\/wp\/v2\/posts\/388299\/revisions"}],"wp:featuredmedia":[{"embeddable":true,"href":"https:\/\/blogdofarnesio.com.br\/index.php?rest_route=\/wp\/v2\/media\/285101"}],"wp:attachment":[{"href":"https:\/\/blogdofarnesio.com.br\/index.php?rest_route=%2Fwp%2Fv2%2Fmedia&parent=388299"}],"wp:term":[{"taxonomy":"category","embeddable":true,"href":"https:\/\/blogdofarnesio.com.br\/index.php?rest_route=%2Fwp%2Fv2%2Fcategories&post=388299"},{"taxonomy":"post_tag","embeddable":true,"href":"https:\/\/blogdofarnesio.com.br\/index.php?rest_route=%2Fwp%2Fv2%2Ftags&post=388299"}],"curies":[{"name":"wp","href":"https:\/\/api.w.org\/{rel}","templated":true}]}}