{"id":387741,"date":"2025-02-17T08:02:35","date_gmt":"2025-02-17T11:02:35","guid":{"rendered":"https:\/\/blogdofarnesio.com.br\/?p=387741"},"modified":"2025-02-16T18:33:32","modified_gmt":"2025-02-16T21:33:32","slug":"safra-de-uva-2025-promete-recorde-e-impulsiona-industria","status":"publish","type":"post","link":"https:\/\/blogdofarnesio.com.br\/?p=387741","title":{"rendered":"Safra de uva 2025 promete recorde e impulsiona ind\u00fastria"},"content":{"rendered":"<div class=\"the-post-header s-head-modern s-head-large\">\n<div class=\"post-meta post-meta-a post-meta-left post-meta-single has-below\">\n<div class=\"post-meta-items meta-below has-author-img\"><span class=\"meta-item post-author has-img\"><img loading=\"lazy\" decoding=\"async\" class=\"avatar avatar-32 photo\" src=\"https:\/\/secure.gravatar.com\/avatar\/4df3b27c03ccb950a9323024af43eec0?s=32&amp;d=mm&amp;r=g\" srcset=\"https:\/\/secure.gravatar.com\/avatar\/4df3b27c03ccb950a9323024af43eec0?s=64&amp;d=mm&amp;r=g 2x\" alt=\"Henrique Rodarte\" width=\"32\" height=\"32\" \/><span class=\"by\">Por<\/span>\u00a0<a title=\"Posts de Henrique Rodarte\" href=\"https:\/\/agroemcampo.ig.com.br\/author\/rodarte2001-midia\/\" rel=\"author\">Henrique Rodarte &#8211;\u00a0<\/a><\/span><\/div>\n<\/div>\n<div class=\"post-share post-share-b spc-social-colors post-share-b1\"><\/div>\n<\/div>\n<div class=\"ts-row has-s-large-bot\">\n<div class=\"col-8 main-content s-post-contain\">\n<div class=\"single-featured\">\n<div class=\"featured\"><\/div>\n<\/div>\n<div class=\"the-post s-post-large\">\n<article id=\"post-9140\" class=\"post-9140 post type-post status-publish format-standard has-post-thumbnail category-noticias tag-industria-vitivinicola-brasileira tag-mercado-de-uvas tag-producao-de-sucos tag-producao-de-vinhos tag-safra-de-uva-2025 tag-serra-gaucha tag-uva tag-vale-do-sao-francisco tag-vinho tag-vitivinicola tag-zanlorenzi-bebidas\">\n<div class=\"post-content-wrap has-share-float\">\n<div class=\"post-content cf entry-content content-spacious\">\n<p>A safra de uvas de 2025 sinaliza um ano hist\u00f3rico para o Brasil, com proje\u00e7\u00f5es otimistas que apontam para um crescimento significativo na produ\u00e7\u00e3o. No Rio Grande do Sul, principal estado produtor, a expectativa \u00e9 de que a colheita alcance entre 650 e 700 milh\u00f5es de quilos, superando a produ\u00e7\u00e3o nacional de 703 mil toneladas em 2024.<\/p>\n<p>A retomada da produ\u00e7\u00e3o, ap\u00f3s desafios clim\u00e1ticos em 2024, \u00e9 impulsionada por condi\u00e7\u00f5es clim\u00e1ticas favor\u00e1veis e pela ado\u00e7\u00e3o de tecnologias inovadoras nas colheitas. O Valor Bruto da Produ\u00e7\u00e3o (VBP) da safra de 2024 atingiu R$ 1,68 bilh\u00e3o, mesmo com a redu\u00e7\u00e3o no volume, e a produ\u00e7\u00e3o destinada \u00e0 ind\u00fastria totalizou 485,5 mil toneladas, de acordo com dados do Sistema de Declara\u00e7\u00f5es Vin\u00edcolas (Sisdevin).<\/p>\n<h4>Empresa celebra safra de uvas promissora e fortalece parcerias<\/h4>\n<p>A Zanlorenzi Bebidas, uma empresa do setor, celebra a perspectiva de uma safra de alta qualidade e volumes recordes em 2025. A empresa destaca a Serra Ga\u00facha (RS) e o Vale do S\u00e3o Francisco (PE) como regi\u00f5es estrat\u00e9gicas, onde as condi\u00e7\u00f5es clim\u00e1ticas e a inova\u00e7\u00e3o t\u00eam contribu\u00eddo para superar as dificuldades das safras anteriores.<\/p>\n<p>\u201cO aumento expressivo na produ\u00e7\u00e3o de uvas em 2025 n\u00e3o s\u00f3 traz benef\u00edcios diretos para nossa companhia. Mas\u00a0 tamb\u00e9m refor\u00e7a a import\u00e2ncia do setor vitivin\u00edcola para a economia brasileira\u201d, afirma Mateus Poggere, Diretor de Produto e Estrat\u00e9gia da Zanlorenzi Bebidas.<\/p>\n<p>No Vale do S\u00e3o Francisco, a Zanlorenzi utiliza alta tecnologia agron\u00f4mica, como a fertirriga\u00e7\u00e3o, para viabilizar o cultivo de variedades como Magna, Violeta, Carmem, Isabel e Moscato It\u00e1lia. Na Serra Ga\u00facha, terroir pioneiro e tradicional, s\u00e3o colhidas uvas Bord\u00f4, Isabel, Ni\u00e1gara, Merlot, Moscato e Chardonnay, reconhecidas por sua estrutura e complexidade.<\/p>\n<h4>Solo e clima influenciam<\/h4>\n<p>As caracter\u00edsticas do solo e clima de cada regi\u00e3o influenciam na qualidade das uvas. No Vale do S\u00e3o Francisco, as uvas s\u00e3o mais doces e arom\u00e1ticas, ideais para sucos e espumantes. J\u00e1 na Serra Ga\u00facha, a maior amplitude t\u00e9rmica resulta em uvas mais estruturadas, perfeitas para vinhos.<\/p>\n<p>A Zanlorenzi investe em pesquisa e inova\u00e7\u00e3o, em parceria com institui\u00e7\u00f5es como a Embrapa, para melhorar a produtividade, o manejo sustent\u00e1vel e a mecaniza\u00e7\u00e3o. A empresa tamb\u00e9m oferece suporte t\u00e9cnico aos produtores parceiros do Rio Grande do Sul, incorporando as \u00faltimas tend\u00eancias e tecnologias.<\/p>\n<p>Para enfrentar desafios clim\u00e1ticos e econ\u00f4micos, a empresa diversifica suas bases produtivas e portf\u00f3lio, al\u00e9m de adotar tecnologias avan\u00e7adas em manejo e controle fitossanit\u00e1rio. \u201cNosso olhar \u00e9 atento ao futuro. Por isso seguimos investindo na expans\u00e3o de conhecimentos e pr\u00e1ticas que elevem ainda mais nosso padr\u00e3o de qualidade e inova\u00e7\u00e3o na produ\u00e7\u00e3o. Sempre reafirmando nosso compromisso com a excel\u00eancia no setor de bebidas\u201d, conclui Poggere<\/p>\n<\/div>\n<\/div>\n<\/article>\n<\/div>\n<\/div>\n<\/div>\n","protected":false},"excerpt":{"rendered":"<p>Por\u00a0Henrique Rodarte &#8211;\u00a0 A safra de uvas de 2025 sinaliza um ano hist\u00f3rico para o Brasil, com proje\u00e7\u00f5es otimistas que apontam para um crescimento significativo na produ\u00e7\u00e3o. No Rio Grande do Sul, principal estado produtor, a expectativa \u00e9 de que a colheita alcance entre 650 e 700 milh\u00f5es de quilos, superando a produ\u00e7\u00e3o nacional de 703 mil toneladas em 2024. A retomada da produ\u00e7\u00e3o, ap\u00f3s desafios clim\u00e1ticos em 2024, \u00e9 impulsionada por condi\u00e7\u00f5es clim\u00e1ticas favor\u00e1veis e pela ado\u00e7\u00e3o de tecnologias inovadoras nas colheitas. O Valor Bruto da Produ\u00e7\u00e3o (VBP) da safra de 2024 atingiu R$ 1,68 bilh\u00e3o, mesmo com a redu\u00e7\u00e3o no volume, e a produ\u00e7\u00e3o destinada \u00e0 ind\u00fastria totalizou 485,5 mil toneladas, de acordo com dados do Sistema de&hellip; <\/p>\n","protected":false},"author":2,"featured_media":387824,"comment_status":"open","ping_status":"open","sticky":false,"template":"","format":"standard","meta":{"_acf_changed":false,"footnotes":""},"categories":[20,13],"tags":[],"class_list":["post-387741","post","type-post","status-publish","format-standard","has-post-thumbnail","hentry","category-economia","category-fruticultura"],"acf":[],"yoast_head":"<!-- This site is optimized with the Yoast SEO plugin v27.4 - https:\/\/yoast.com\/product\/yoast-seo-wordpress\/ -->\n<title>Safra de uva 2025 promete recorde e impulsiona ind\u00fastria - Blog do Farn\u00e9sio<\/title>\n<meta name=\"robots\" content=\"index, follow, max-snippet:-1, max-image-preview:large, max-video-preview:-1\" \/>\n<link rel=\"canonical\" href=\"https:\/\/blogdofarnesio.com.br\/?p=387741\" \/>\n<meta property=\"og:locale\" content=\"pt_BR\" \/>\n<meta property=\"og:type\" content=\"article\" \/>\n<meta property=\"og:title\" content=\"Safra de uva 2025 promete recorde e impulsiona ind\u00fastria - Blog do Farn\u00e9sio\" \/>\n<meta property=\"og:description\" content=\"Por\u00a0Henrique Rodarte &#8211;\u00a0 A safra de uvas de 2025 sinaliza um ano hist\u00f3rico para o Brasil, com proje\u00e7\u00f5es otimistas que apontam para um crescimento significativo na produ\u00e7\u00e3o. No Rio Grande do Sul, principal estado produtor, a expectativa \u00e9 de que a colheita alcance entre 650 e 700 milh\u00f5es de quilos, superando a produ\u00e7\u00e3o nacional de 703 mil toneladas em 2024. A retomada da produ\u00e7\u00e3o, ap\u00f3s desafios clim\u00e1ticos em 2024, \u00e9 impulsionada por condi\u00e7\u00f5es clim\u00e1ticas favor\u00e1veis e pela ado\u00e7\u00e3o de tecnologias inovadoras nas colheitas. O Valor Bruto da Produ\u00e7\u00e3o (VBP) da safra de 2024 atingiu R$ 1,68 bilh\u00e3o, mesmo com a redu\u00e7\u00e3o no volume, e a produ\u00e7\u00e3o destinada \u00e0 ind\u00fastria totalizou 485,5 mil toneladas, de acordo com dados do Sistema de&hellip;\" \/>\n<meta property=\"og:url\" content=\"https:\/\/blogdofarnesio.com.br\/?p=387741\" \/>\n<meta property=\"og:site_name\" content=\"Blog do Farn\u00e9sio\" \/>\n<meta property=\"article:publisher\" content=\"https:\/\/www.facebook.com\/BlogQuerSaberPolitica\/\" \/>\n<meta property=\"article:author\" content=\"https:\/\/www.facebook.com\/?ref=tn_tnmn\" \/>\n<meta property=\"article:published_time\" content=\"2025-02-17T11:02:35+00:00\" \/>\n<meta property=\"og:image\" content=\"https:\/\/blogdofarnesio.com.br\/wp-content\/uploads\/2025\/02\/blogqsp-uvas-divulgcao-e1739741560814.jpg\" \/>\n\t<meta property=\"og:image:width\" content=\"600\" \/>\n\t<meta property=\"og:image:height\" content=\"400\" \/>\n\t<meta property=\"og:image:type\" content=\"image\/jpeg\" \/>\n<meta name=\"author\" content=\"Farn\u00e9sio\" \/>\n<meta name=\"twitter:card\" content=\"summary_large_image\" \/>\n<meta name=\"twitter:label1\" content=\"Escrito por\" \/>\n\t<meta name=\"twitter:data1\" content=\"Farn\u00e9sio\" \/>\n\t<meta name=\"twitter:label2\" content=\"Est. tempo de leitura\" \/>\n\t<meta name=\"twitter:data2\" content=\"3 minutos\" \/>\n<script type=\"application\/ld+json\" class=\"yoast-schema-graph\">{\"@context\":\"https:\\\/\\\/schema.org\",\"@graph\":[{\"@type\":\"Article\",\"@id\":\"https:\\\/\\\/blogdofarnesio.com.br\\\/?p=387741#article\",\"isPartOf\":{\"@id\":\"https:\\\/\\\/blogdofarnesio.com.br\\\/?p=387741\"},\"author\":{\"name\":\"Farn\u00e9sio\",\"@id\":\"https:\\\/\\\/blogdofarnesio.com.br\\\/#\\\/schema\\\/person\\\/bb9b23ae3ad0609ce8df7b6c9e76824d\"},\"headline\":\"Safra de uva 2025 promete recorde e impulsiona ind\u00fastria\",\"datePublished\":\"2025-02-17T11:02:35+00:00\",\"mainEntityOfPage\":{\"@id\":\"https:\\\/\\\/blogdofarnesio.com.br\\\/?p=387741\"},\"wordCount\":501,\"commentCount\":0,\"publisher\":{\"@id\":\"https:\\\/\\\/blogdofarnesio.com.br\\\/#organization\"},\"image\":{\"@id\":\"https:\\\/\\\/blogdofarnesio.com.br\\\/?p=387741#primaryimage\"},\"thumbnailUrl\":\"https:\\\/\\\/blogdofarnesio.com.br\\\/wp-content\\\/uploads\\\/2025\\\/02\\\/blogqsp-uvas-divulgcao-e1739741560814.jpg\",\"articleSection\":[\"Economia\",\"Fruticultura\"],\"inLanguage\":\"pt-BR\",\"potentialAction\":[{\"@type\":\"CommentAction\",\"name\":\"Comment\",\"target\":[\"https:\\\/\\\/blogdofarnesio.com.br\\\/?p=387741#respond\"]}]},{\"@type\":\"WebPage\",\"@id\":\"https:\\\/\\\/blogdofarnesio.com.br\\\/?p=387741\",\"url\":\"https:\\\/\\\/blogdofarnesio.com.br\\\/?p=387741\",\"name\":\"Safra de uva 2025 promete recorde e impulsiona ind\u00fastria - Blog do Farn\u00e9sio\",\"isPartOf\":{\"@id\":\"https:\\\/\\\/blogdofarnesio.com.br\\\/#website\"},\"primaryImageOfPage\":{\"@id\":\"https:\\\/\\\/blogdofarnesio.com.br\\\/?p=387741#primaryimage\"},\"image\":{\"@id\":\"https:\\\/\\\/blogdofarnesio.com.br\\\/?p=387741#primaryimage\"},\"thumbnailUrl\":\"https:\\\/\\\/blogdofarnesio.com.br\\\/wp-content\\\/uploads\\\/2025\\\/02\\\/blogqsp-uvas-divulgcao-e1739741560814.jpg\",\"datePublished\":\"2025-02-17T11:02:35+00:00\",\"breadcrumb\":{\"@id\":\"https:\\\/\\\/blogdofarnesio.com.br\\\/?p=387741#breadcrumb\"},\"inLanguage\":\"pt-BR\",\"potentialAction\":[{\"@type\":\"ReadAction\",\"target\":[\"https:\\\/\\\/blogdofarnesio.com.br\\\/?p=387741\"]}]},{\"@type\":\"ImageObject\",\"inLanguage\":\"pt-BR\",\"@id\":\"https:\\\/\\\/blogdofarnesio.com.br\\\/?p=387741#primaryimage\",\"url\":\"https:\\\/\\\/blogdofarnesio.com.br\\\/wp-content\\\/uploads\\\/2025\\\/02\\\/blogqsp-uvas-divulgcao-e1739741560814.jpg\",\"contentUrl\":\"https:\\\/\\\/blogdofarnesio.com.br\\\/wp-content\\\/uploads\\\/2025\\\/02\\\/blogqsp-uvas-divulgcao-e1739741560814.jpg\",\"width\":600,\"height\":400},{\"@type\":\"BreadcrumbList\",\"@id\":\"https:\\\/\\\/blogdofarnesio.com.br\\\/?p=387741#breadcrumb\",\"itemListElement\":[{\"@type\":\"ListItem\",\"position\":1,\"name\":\"In\u00edcio\",\"item\":\"https:\\\/\\\/blogdofarnesio.com.br\\\/\"},{\"@type\":\"ListItem\",\"position\":2,\"name\":\"Safra de uva 2025 promete recorde e impulsiona ind\u00fastria\"}]},{\"@type\":\"WebSite\",\"@id\":\"https:\\\/\\\/blogdofarnesio.com.br\\\/#website\",\"url\":\"https:\\\/\\\/blogdofarnesio.com.br\\\/\",\"name\":\"Blog do Farn\u00e9sio\",\"description\":\"Quer Saber Pol\u00edtica?\",\"publisher\":{\"@id\":\"https:\\\/\\\/blogdofarnesio.com.br\\\/#organization\"},\"potentialAction\":[{\"@type\":\"SearchAction\",\"target\":{\"@type\":\"EntryPoint\",\"urlTemplate\":\"https:\\\/\\\/blogdofarnesio.com.br\\\/?s={search_term_string}\"},\"query-input\":{\"@type\":\"PropertyValueSpecification\",\"valueRequired\":true,\"valueName\":\"search_term_string\"}}],\"inLanguage\":\"pt-BR\"},{\"@type\":\"Organization\",\"@id\":\"https:\\\/\\\/blogdofarnesio.com.br\\\/#organization\",\"name\":\"Blog do Farn\u00e9sio\",\"url\":\"https:\\\/\\\/blogdofarnesio.com.br\\\/\",\"logo\":{\"@type\":\"ImageObject\",\"inLanguage\":\"pt-BR\",\"@id\":\"https:\\\/\\\/blogdofarnesio.com.br\\\/#\\\/schema\\\/logo\\\/image\\\/\",\"url\":\"https:\\\/\\\/blogdofarnesio.com.br\\\/wp-content\\\/uploads\\\/2026\\\/03\\\/cropped-logo_new-1.png\",\"contentUrl\":\"https:\\\/\\\/blogdofarnesio.com.br\\\/wp-content\\\/uploads\\\/2026\\\/03\\\/cropped-logo_new-1.png\",\"width\":881,\"height\":685,\"caption\":\"Blog do Farn\u00e9sio\"},\"image\":{\"@id\":\"https:\\\/\\\/blogdofarnesio.com.br\\\/#\\\/schema\\\/logo\\\/image\\\/\"},\"sameAs\":[\"https:\\\/\\\/www.facebook.com\\\/BlogQuerSaberPolitica\\\/\"]},{\"@type\":\"Person\",\"@id\":\"https:\\\/\\\/blogdofarnesio.com.br\\\/#\\\/schema\\\/person\\\/bb9b23ae3ad0609ce8df7b6c9e76824d\",\"name\":\"Farn\u00e9sio\",\"image\":{\"@type\":\"ImageObject\",\"inLanguage\":\"pt-BR\",\"@id\":\"https:\\\/\\\/secure.gravatar.com\\\/avatar\\\/986aa4c61ccdb66f8555bf88fc2a65609d00bcabd4d2d94377a727547345cbca?s=96&d=mm&r=g\",\"url\":\"https:\\\/\\\/secure.gravatar.com\\\/avatar\\\/986aa4c61ccdb66f8555bf88fc2a65609d00bcabd4d2d94377a727547345cbca?s=96&d=mm&r=g\",\"contentUrl\":\"https:\\\/\\\/secure.gravatar.com\\\/avatar\\\/986aa4c61ccdb66f8555bf88fc2a65609d00bcabd4d2d94377a727547345cbca?s=96&d=mm&r=g\",\"caption\":\"Farn\u00e9sio\"},\"description\":\"Radialista blogueiro, chegou a Petrolina\\\/Juazeiro em setembro de 1980, Farn\u00e9sio Silva \u00e9 de Arapiraca-Alagoas.\",\"sameAs\":[\"http:\\\/\\\/blogdofarnesio.com.br\",\"https:\\\/\\\/www.facebook.com\\\/?ref=tn_tnmn\",\"https:\\\/\\\/www.instagram.com\\\/?utm_source=pwa_homescreen\",\"https:\\\/\\\/youtube.com.br\\\/\"],\"url\":\"https:\\\/\\\/blogdofarnesio.com.br\\\/?author=2\"}]}<\/script>\n<!-- \/ Yoast SEO plugin. -->","yoast_head_json":{"title":"Safra de uva 2025 promete recorde e impulsiona ind\u00fastria - Blog do Farn\u00e9sio","robots":{"index":"index","follow":"follow","max-snippet":"max-snippet:-1","max-image-preview":"max-image-preview:large","max-video-preview":"max-video-preview:-1"},"canonical":"https:\/\/blogdofarnesio.com.br\/?p=387741","og_locale":"pt_BR","og_type":"article","og_title":"Safra de uva 2025 promete recorde e impulsiona ind\u00fastria - Blog do Farn\u00e9sio","og_description":"Por\u00a0Henrique Rodarte &#8211;\u00a0 A safra de uvas de 2025 sinaliza um ano hist\u00f3rico para o Brasil, com proje\u00e7\u00f5es otimistas que apontam para um crescimento significativo na produ\u00e7\u00e3o. No Rio Grande do Sul, principal estado produtor, a expectativa \u00e9 de que a colheita alcance entre 650 e 700 milh\u00f5es de quilos, superando a produ\u00e7\u00e3o nacional de 703 mil toneladas em 2024. A retomada da produ\u00e7\u00e3o, ap\u00f3s desafios clim\u00e1ticos em 2024, \u00e9 impulsionada por condi\u00e7\u00f5es clim\u00e1ticas favor\u00e1veis e pela ado\u00e7\u00e3o de tecnologias inovadoras nas colheitas. O Valor Bruto da Produ\u00e7\u00e3o (VBP) da safra de 2024 atingiu R$ 1,68 bilh\u00e3o, mesmo com a redu\u00e7\u00e3o no volume, e a produ\u00e7\u00e3o destinada \u00e0 ind\u00fastria totalizou 485,5 mil toneladas, de acordo com dados do Sistema de&hellip;","og_url":"https:\/\/blogdofarnesio.com.br\/?p=387741","og_site_name":"Blog do Farn\u00e9sio","article_publisher":"https:\/\/www.facebook.com\/BlogQuerSaberPolitica\/","article_author":"https:\/\/www.facebook.com\/?ref=tn_tnmn","article_published_time":"2025-02-17T11:02:35+00:00","og_image":[{"width":600,"height":400,"url":"https:\/\/blogdofarnesio.com.br\/wp-content\/uploads\/2025\/02\/blogqsp-uvas-divulgcao-e1739741560814.jpg","type":"image\/jpeg"}],"author":"Farn\u00e9sio","twitter_card":"summary_large_image","twitter_misc":{"Escrito por":"Farn\u00e9sio","Est. tempo de leitura":"3 minutos"},"schema":{"@context":"https:\/\/schema.org","@graph":[{"@type":"Article","@id":"https:\/\/blogdofarnesio.com.br\/?p=387741#article","isPartOf":{"@id":"https:\/\/blogdofarnesio.com.br\/?p=387741"},"author":{"name":"Farn\u00e9sio","@id":"https:\/\/blogdofarnesio.com.br\/#\/schema\/person\/bb9b23ae3ad0609ce8df7b6c9e76824d"},"headline":"Safra de uva 2025 promete recorde e impulsiona ind\u00fastria","datePublished":"2025-02-17T11:02:35+00:00","mainEntityOfPage":{"@id":"https:\/\/blogdofarnesio.com.br\/?p=387741"},"wordCount":501,"commentCount":0,"publisher":{"@id":"https:\/\/blogdofarnesio.com.br\/#organization"},"image":{"@id":"https:\/\/blogdofarnesio.com.br\/?p=387741#primaryimage"},"thumbnailUrl":"https:\/\/blogdofarnesio.com.br\/wp-content\/uploads\/2025\/02\/blogqsp-uvas-divulgcao-e1739741560814.jpg","articleSection":["Economia","Fruticultura"],"inLanguage":"pt-BR","potentialAction":[{"@type":"CommentAction","name":"Comment","target":["https:\/\/blogdofarnesio.com.br\/?p=387741#respond"]}]},{"@type":"WebPage","@id":"https:\/\/blogdofarnesio.com.br\/?p=387741","url":"https:\/\/blogdofarnesio.com.br\/?p=387741","name":"Safra de uva 2025 promete recorde e impulsiona ind\u00fastria - Blog do Farn\u00e9sio","isPartOf":{"@id":"https:\/\/blogdofarnesio.com.br\/#website"},"primaryImageOfPage":{"@id":"https:\/\/blogdofarnesio.com.br\/?p=387741#primaryimage"},"image":{"@id":"https:\/\/blogdofarnesio.com.br\/?p=387741#primaryimage"},"thumbnailUrl":"https:\/\/blogdofarnesio.com.br\/wp-content\/uploads\/2025\/02\/blogqsp-uvas-divulgcao-e1739741560814.jpg","datePublished":"2025-02-17T11:02:35+00:00","breadcrumb":{"@id":"https:\/\/blogdofarnesio.com.br\/?p=387741#breadcrumb"},"inLanguage":"pt-BR","potentialAction":[{"@type":"ReadAction","target":["https:\/\/blogdofarnesio.com.br\/?p=387741"]}]},{"@type":"ImageObject","inLanguage":"pt-BR","@id":"https:\/\/blogdofarnesio.com.br\/?p=387741#primaryimage","url":"https:\/\/blogdofarnesio.com.br\/wp-content\/uploads\/2025\/02\/blogqsp-uvas-divulgcao-e1739741560814.jpg","contentUrl":"https:\/\/blogdofarnesio.com.br\/wp-content\/uploads\/2025\/02\/blogqsp-uvas-divulgcao-e1739741560814.jpg","width":600,"height":400},{"@type":"BreadcrumbList","@id":"https:\/\/blogdofarnesio.com.br\/?p=387741#breadcrumb","itemListElement":[{"@type":"ListItem","position":1,"name":"In\u00edcio","item":"https:\/\/blogdofarnesio.com.br\/"},{"@type":"ListItem","position":2,"name":"Safra de uva 2025 promete recorde e impulsiona ind\u00fastria"}]},{"@type":"WebSite","@id":"https:\/\/blogdofarnesio.com.br\/#website","url":"https:\/\/blogdofarnesio.com.br\/","name":"Blog do Farn\u00e9sio","description":"Quer Saber Pol\u00edtica?","publisher":{"@id":"https:\/\/blogdofarnesio.com.br\/#organization"},"potentialAction":[{"@type":"SearchAction","target":{"@type":"EntryPoint","urlTemplate":"https:\/\/blogdofarnesio.com.br\/?s={search_term_string}"},"query-input":{"@type":"PropertyValueSpecification","valueRequired":true,"valueName":"search_term_string"}}],"inLanguage":"pt-BR"},{"@type":"Organization","@id":"https:\/\/blogdofarnesio.com.br\/#organization","name":"Blog do Farn\u00e9sio","url":"https:\/\/blogdofarnesio.com.br\/","logo":{"@type":"ImageObject","inLanguage":"pt-BR","@id":"https:\/\/blogdofarnesio.com.br\/#\/schema\/logo\/image\/","url":"https:\/\/blogdofarnesio.com.br\/wp-content\/uploads\/2026\/03\/cropped-logo_new-1.png","contentUrl":"https:\/\/blogdofarnesio.com.br\/wp-content\/uploads\/2026\/03\/cropped-logo_new-1.png","width":881,"height":685,"caption":"Blog do Farn\u00e9sio"},"image":{"@id":"https:\/\/blogdofarnesio.com.br\/#\/schema\/logo\/image\/"},"sameAs":["https:\/\/www.facebook.com\/BlogQuerSaberPolitica\/"]},{"@type":"Person","@id":"https:\/\/blogdofarnesio.com.br\/#\/schema\/person\/bb9b23ae3ad0609ce8df7b6c9e76824d","name":"Farn\u00e9sio","image":{"@type":"ImageObject","inLanguage":"pt-BR","@id":"https:\/\/secure.gravatar.com\/avatar\/986aa4c61ccdb66f8555bf88fc2a65609d00bcabd4d2d94377a727547345cbca?s=96&d=mm&r=g","url":"https:\/\/secure.gravatar.com\/avatar\/986aa4c61ccdb66f8555bf88fc2a65609d00bcabd4d2d94377a727547345cbca?s=96&d=mm&r=g","contentUrl":"https:\/\/secure.gravatar.com\/avatar\/986aa4c61ccdb66f8555bf88fc2a65609d00bcabd4d2d94377a727547345cbca?s=96&d=mm&r=g","caption":"Farn\u00e9sio"},"description":"Radialista blogueiro, chegou a Petrolina\/Juazeiro em setembro de 1980, Farn\u00e9sio Silva \u00e9 de Arapiraca-Alagoas.","sameAs":["http:\/\/blogdofarnesio.com.br","https:\/\/www.facebook.com\/?ref=tn_tnmn","https:\/\/www.instagram.com\/?utm_source=pwa_homescreen","https:\/\/youtube.com.br\/"],"url":"https:\/\/blogdofarnesio.com.br\/?author=2"}]}},"_links":{"self":[{"href":"https:\/\/blogdofarnesio.com.br\/index.php?rest_route=\/wp\/v2\/posts\/387741","targetHints":{"allow":["GET"]}}],"collection":[{"href":"https:\/\/blogdofarnesio.com.br\/index.php?rest_route=\/wp\/v2\/posts"}],"about":[{"href":"https:\/\/blogdofarnesio.com.br\/index.php?rest_route=\/wp\/v2\/types\/post"}],"author":[{"embeddable":true,"href":"https:\/\/blogdofarnesio.com.br\/index.php?rest_route=\/wp\/v2\/users\/2"}],"replies":[{"embeddable":true,"href":"https:\/\/blogdofarnesio.com.br\/index.php?rest_route=%2Fwp%2Fv2%2Fcomments&post=387741"}],"version-history":[{"count":0,"href":"https:\/\/blogdofarnesio.com.br\/index.php?rest_route=\/wp\/v2\/posts\/387741\/revisions"}],"wp:featuredmedia":[{"embeddable":true,"href":"https:\/\/blogdofarnesio.com.br\/index.php?rest_route=\/wp\/v2\/media\/387824"}],"wp:attachment":[{"href":"https:\/\/blogdofarnesio.com.br\/index.php?rest_route=%2Fwp%2Fv2%2Fmedia&parent=387741"}],"wp:term":[{"taxonomy":"category","embeddable":true,"href":"https:\/\/blogdofarnesio.com.br\/index.php?rest_route=%2Fwp%2Fv2%2Fcategories&post=387741"},{"taxonomy":"post_tag","embeddable":true,"href":"https:\/\/blogdofarnesio.com.br\/index.php?rest_route=%2Fwp%2Fv2%2Ftags&post=387741"}],"curies":[{"name":"wp","href":"https:\/\/api.w.org\/{rel}","templated":true}]}}