{"id":387562,"date":"2025-02-13T09:22:05","date_gmt":"2025-02-13T12:22:05","guid":{"rendered":"https:\/\/blogdofarnesio.com.br\/?p=387562"},"modified":"2025-02-12T17:20:26","modified_gmt":"2025-02-12T20:20:26","slug":"prefeitura-de-petrolina-segue-com-matriculas-abertas-para-educacao-de-jovens-e-adultos","status":"publish","type":"post","link":"https:\/\/blogdofarnesio.com.br\/?p=387562","title":{"rendered":"Prefeitura de Petrolina segue com matr\u00edculas abertas para Educa\u00e7\u00e3o de Jovens e Adultos"},"content":{"rendered":"<div>A Prefeitura de Petrolina, por meio da Secretaria de Educa\u00e7\u00e3o, Cultura e Esporte, segue com as matr\u00edculas abertas para a Educa\u00e7\u00e3o de Jovens e Adultos (EJA) nas 16 escolas da rede municipal de ensino S\u00e3o duas mil vagas para quem deseja retomar ou concluir seus estudos. O processo de matr\u00edcula est\u00e1 dispon\u00edvel para cidad\u00e3os a partir dos 15 anos que ainda n\u00e3o iniciaram ou n\u00e3o conclu\u00edram o Ensino Fundamental.<\/div>\n<div><\/div>\n<div>As aulas s\u00e3o ministradas no per\u00edodo noturno, das 18h30 \u00e0s 21h50, para atender \u00e0queles que, durante o dia, est\u00e3o comprometidos com o trabalho ou outras responsabilidades. A EJA oferece uma forma de inclus\u00e3o educacional que possibilita a constru\u00e7\u00e3o de uma trajet\u00f3ria de aprendizado significativa para aqueles que buscam novas oportunidades e crescimento pessoal.<\/div>\n<div><\/div>\n<div>Para efetuar a matr\u00edcula, os interessados devem se dirigir at\u00e9 a escola municipal mais pr\u00f3xima de sua resid\u00eancia. \u00c9 importante levar os documentos pessoais para facilitar o processo. Caso haja d\u00favidas, basta entrar em contato pelo n\u00famero de orienta\u00e7\u00e3o que est\u00e1 dispon\u00edvel para dar suporte a quem precisa de outras informa\u00e7\u00f5es, que \u00e9 o (87) 3983-6440.<\/div>\n<div><\/div>\n<div><b>Benef\u00edcios de estudar na EJA<\/b><\/div>\n<div><b>\u00a0<\/b><\/div>\n<div>Al\u00e9m da oportunidade de retomar os estudos, os alunos dessa modalidade e ensino t\u00eam acesso a diversos benef\u00edcios. Ao se matricularem, os estudantes recebem material pedag\u00f3gico completo, fardamento da rede municipal e alimenta\u00e7\u00e3o escolar, com um card\u00e1pio diferenciado, que \u00e9 servido assim que os alunos chegam \u00e0 escola. Esse apoio garante que os estudantes possam se concentrar totalmente no processo de aprendizagem, com uma infraestrutura adequada.<\/div>\n<div><\/div>\n<div>As aulas s\u00e3o din\u00e2micas, proporcionando um ambiente de aprendizado que vai al\u00e9m do conte\u00fado tradicional. Os alunos participam de atividades de enriquecimento curricular, promovendo desenvolvimento intelectual e social. O processo pedag\u00f3gico da Educa\u00e7\u00e3o de Jovens e Adultos acelera os cinco primeiros anos do Ensino Fundamental para um per\u00edodo de dois anos, com um total de 200 dias letivos, de forma que o aprendizado se torna mais r\u00e1pido e eficiente.<\/div>\n<div><\/div>\n<div><b>Uma nova chance para o futuro<\/b><\/div>\n<div><b>\u00a0<\/b><\/div>\n<div>A Educa\u00e7\u00e3o e Jovens e Adultos n\u00e3o \u00e9 apenas uma oportunidade de adquirir conhecimento, mas uma verdadeira porta de entrada para novas oportunidades no mercado de trabalho e para a realiza\u00e7\u00e3o de sonhos pessoais. Ao concluir o Ensino Fundamental, os alunos se tornam mais preparados para enfrentar os desafios da vida profissional e acad\u00eamica.<\/div>\n","protected":false},"excerpt":{"rendered":"<p>A Prefeitura de Petrolina, por meio da Secretaria de Educa\u00e7\u00e3o, Cultura e Esporte, segue com as matr\u00edculas abertas para a Educa\u00e7\u00e3o de Jovens e Adultos (EJA) nas 16 escolas da rede municipal de ensino S\u00e3o duas mil vagas para quem deseja retomar ou concluir seus estudos. O processo de matr\u00edcula est\u00e1 dispon\u00edvel para cidad\u00e3os a partir dos 15 anos que ainda n\u00e3o iniciaram ou n\u00e3o conclu\u00edram o Ensino Fundamental. As aulas s\u00e3o ministradas no per\u00edodo noturno, das 18h30 \u00e0s 21h50, para atender \u00e0queles que, durante o dia, est\u00e3o comprometidos com o trabalho ou outras responsabilidades. A EJA oferece uma forma de inclus\u00e3o educacional que possibilita a constru\u00e7\u00e3o de uma trajet\u00f3ria de aprendizado significativa para aqueles que buscam novas oportunidades e&hellip; <\/p>\n","protected":false},"author":2,"featured_media":387563,"comment_status":"open","ping_status":"open","sticky":false,"template":"","format":"standard","meta":{"_acf_changed":false,"footnotes":""},"categories":[6],"tags":[],"class_list":["post-387562","post","type-post","status-publish","format-standard","has-post-thumbnail","hentry","category-educacao"],"acf":[],"yoast_head":"<!-- This site is optimized with the Yoast SEO plugin v27.4 - https:\/\/yoast.com\/product\/yoast-seo-wordpress\/ -->\n<title>Prefeitura de Petrolina segue com matr\u00edculas abertas para Educa\u00e7\u00e3o de Jovens e Adultos - Blog do Farn\u00e9sio<\/title>\n<meta name=\"robots\" content=\"index, follow, max-snippet:-1, max-image-preview:large, max-video-preview:-1\" \/>\n<link rel=\"canonical\" href=\"https:\/\/blogdofarnesio.com.br\/?p=387562\" \/>\n<meta property=\"og:locale\" content=\"pt_BR\" \/>\n<meta property=\"og:type\" content=\"article\" \/>\n<meta property=\"og:title\" content=\"Prefeitura de Petrolina segue com matr\u00edculas abertas para Educa\u00e7\u00e3o de Jovens e Adultos - Blog do Farn\u00e9sio\" \/>\n<meta property=\"og:description\" content=\"A Prefeitura de Petrolina, por meio da Secretaria de Educa\u00e7\u00e3o, Cultura e Esporte, segue com as matr\u00edculas abertas para a Educa\u00e7\u00e3o de Jovens e Adultos (EJA) nas 16 escolas da rede municipal de ensino S\u00e3o duas mil vagas para quem deseja retomar ou concluir seus estudos. O processo de matr\u00edcula est\u00e1 dispon\u00edvel para cidad\u00e3os a partir dos 15 anos que ainda n\u00e3o iniciaram ou n\u00e3o conclu\u00edram o Ensino Fundamental. As aulas s\u00e3o ministradas no per\u00edodo noturno, das 18h30 \u00e0s 21h50, para atender \u00e0queles que, durante o dia, est\u00e3o comprometidos com o trabalho ou outras responsabilidades. A EJA oferece uma forma de inclus\u00e3o educacional que possibilita a constru\u00e7\u00e3o de uma trajet\u00f3ria de aprendizado significativa para aqueles que buscam novas oportunidades e&hellip;\" \/>\n<meta property=\"og:url\" content=\"https:\/\/blogdofarnesio.com.br\/?p=387562\" \/>\n<meta property=\"og:site_name\" content=\"Blog do Farn\u00e9sio\" \/>\n<meta property=\"article:publisher\" content=\"https:\/\/www.facebook.com\/BlogQuerSaberPolitica\/\" \/>\n<meta property=\"article:author\" content=\"https:\/\/www.facebook.com\/?ref=tn_tnmn\" \/>\n<meta property=\"article:published_time\" content=\"2025-02-13T12:22:05+00:00\" \/>\n<meta property=\"og:image\" content=\"https:\/\/blogdofarnesio.com.br\/wp-content\/uploads\/2025\/02\/Educacao-EJA2-1-e1739391594154.jpg\" \/>\n\t<meta property=\"og:image:width\" content=\"600\" \/>\n\t<meta property=\"og:image:height\" content=\"400\" \/>\n\t<meta property=\"og:image:type\" content=\"image\/jpeg\" \/>\n<meta name=\"author\" content=\"Farn\u00e9sio\" \/>\n<meta name=\"twitter:card\" content=\"summary_large_image\" \/>\n<meta name=\"twitter:label1\" content=\"Escrito por\" \/>\n\t<meta name=\"twitter:data1\" content=\"Farn\u00e9sio\" \/>\n\t<meta name=\"twitter:label2\" content=\"Est. tempo de leitura\" \/>\n\t<meta name=\"twitter:data2\" content=\"3 minutos\" \/>\n<script type=\"application\/ld+json\" class=\"yoast-schema-graph\">{\"@context\":\"https:\\\/\\\/schema.org\",\"@graph\":[{\"@type\":\"Article\",\"@id\":\"https:\\\/\\\/blogdofarnesio.com.br\\\/?p=387562#article\",\"isPartOf\":{\"@id\":\"https:\\\/\\\/blogdofarnesio.com.br\\\/?p=387562\"},\"author\":{\"name\":\"Farn\u00e9sio\",\"@id\":\"https:\\\/\\\/blogdofarnesio.com.br\\\/#\\\/schema\\\/person\\\/bb9b23ae3ad0609ce8df7b6c9e76824d\"},\"headline\":\"Prefeitura de Petrolina segue com matr\u00edculas abertas para Educa\u00e7\u00e3o de Jovens e Adultos\",\"datePublished\":\"2025-02-13T12:22:05+00:00\",\"mainEntityOfPage\":{\"@id\":\"https:\\\/\\\/blogdofarnesio.com.br\\\/?p=387562\"},\"wordCount\":427,\"commentCount\":0,\"publisher\":{\"@id\":\"https:\\\/\\\/blogdofarnesio.com.br\\\/#organization\"},\"image\":{\"@id\":\"https:\\\/\\\/blogdofarnesio.com.br\\\/?p=387562#primaryimage\"},\"thumbnailUrl\":\"https:\\\/\\\/blogdofarnesio.com.br\\\/wp-content\\\/uploads\\\/2025\\\/02\\\/Educacao-EJA2-1-e1739391594154.jpg\",\"articleSection\":[\"Educa\u00e7\u00e3o\"],\"inLanguage\":\"pt-BR\",\"potentialAction\":[{\"@type\":\"CommentAction\",\"name\":\"Comment\",\"target\":[\"https:\\\/\\\/blogdofarnesio.com.br\\\/?p=387562#respond\"]}]},{\"@type\":\"WebPage\",\"@id\":\"https:\\\/\\\/blogdofarnesio.com.br\\\/?p=387562\",\"url\":\"https:\\\/\\\/blogdofarnesio.com.br\\\/?p=387562\",\"name\":\"Prefeitura de Petrolina segue com matr\u00edculas abertas para Educa\u00e7\u00e3o de Jovens e Adultos - Blog do Farn\u00e9sio\",\"isPartOf\":{\"@id\":\"https:\\\/\\\/blogdofarnesio.com.br\\\/#website\"},\"primaryImageOfPage\":{\"@id\":\"https:\\\/\\\/blogdofarnesio.com.br\\\/?p=387562#primaryimage\"},\"image\":{\"@id\":\"https:\\\/\\\/blogdofarnesio.com.br\\\/?p=387562#primaryimage\"},\"thumbnailUrl\":\"https:\\\/\\\/blogdofarnesio.com.br\\\/wp-content\\\/uploads\\\/2025\\\/02\\\/Educacao-EJA2-1-e1739391594154.jpg\",\"datePublished\":\"2025-02-13T12:22:05+00:00\",\"breadcrumb\":{\"@id\":\"https:\\\/\\\/blogdofarnesio.com.br\\\/?p=387562#breadcrumb\"},\"inLanguage\":\"pt-BR\",\"potentialAction\":[{\"@type\":\"ReadAction\",\"target\":[\"https:\\\/\\\/blogdofarnesio.com.br\\\/?p=387562\"]}]},{\"@type\":\"ImageObject\",\"inLanguage\":\"pt-BR\",\"@id\":\"https:\\\/\\\/blogdofarnesio.com.br\\\/?p=387562#primaryimage\",\"url\":\"https:\\\/\\\/blogdofarnesio.com.br\\\/wp-content\\\/uploads\\\/2025\\\/02\\\/Educacao-EJA2-1-e1739391594154.jpg\",\"contentUrl\":\"https:\\\/\\\/blogdofarnesio.com.br\\\/wp-content\\\/uploads\\\/2025\\\/02\\\/Educacao-EJA2-1-e1739391594154.jpg\",\"width\":600,\"height\":400},{\"@type\":\"BreadcrumbList\",\"@id\":\"https:\\\/\\\/blogdofarnesio.com.br\\\/?p=387562#breadcrumb\",\"itemListElement\":[{\"@type\":\"ListItem\",\"position\":1,\"name\":\"In\u00edcio\",\"item\":\"https:\\\/\\\/blogdofarnesio.com.br\\\/\"},{\"@type\":\"ListItem\",\"position\":2,\"name\":\"Prefeitura de Petrolina segue com matr\u00edculas abertas para Educa\u00e7\u00e3o de Jovens e Adultos\"}]},{\"@type\":\"WebSite\",\"@id\":\"https:\\\/\\\/blogdofarnesio.com.br\\\/#website\",\"url\":\"https:\\\/\\\/blogdofarnesio.com.br\\\/\",\"name\":\"Blog do Farn\u00e9sio\",\"description\":\"Quer Saber Pol\u00edtica?\",\"publisher\":{\"@id\":\"https:\\\/\\\/blogdofarnesio.com.br\\\/#organization\"},\"potentialAction\":[{\"@type\":\"SearchAction\",\"target\":{\"@type\":\"EntryPoint\",\"urlTemplate\":\"https:\\\/\\\/blogdofarnesio.com.br\\\/?s={search_term_string}\"},\"query-input\":{\"@type\":\"PropertyValueSpecification\",\"valueRequired\":true,\"valueName\":\"search_term_string\"}}],\"inLanguage\":\"pt-BR\"},{\"@type\":\"Organization\",\"@id\":\"https:\\\/\\\/blogdofarnesio.com.br\\\/#organization\",\"name\":\"Blog do Farn\u00e9sio\",\"url\":\"https:\\\/\\\/blogdofarnesio.com.br\\\/\",\"logo\":{\"@type\":\"ImageObject\",\"inLanguage\":\"pt-BR\",\"@id\":\"https:\\\/\\\/blogdofarnesio.com.br\\\/#\\\/schema\\\/logo\\\/image\\\/\",\"url\":\"https:\\\/\\\/blogdofarnesio.com.br\\\/wp-content\\\/uploads\\\/2026\\\/03\\\/cropped-logo_new-1.png\",\"contentUrl\":\"https:\\\/\\\/blogdofarnesio.com.br\\\/wp-content\\\/uploads\\\/2026\\\/03\\\/cropped-logo_new-1.png\",\"width\":881,\"height\":685,\"caption\":\"Blog do Farn\u00e9sio\"},\"image\":{\"@id\":\"https:\\\/\\\/blogdofarnesio.com.br\\\/#\\\/schema\\\/logo\\\/image\\\/\"},\"sameAs\":[\"https:\\\/\\\/www.facebook.com\\\/BlogQuerSaberPolitica\\\/\"]},{\"@type\":\"Person\",\"@id\":\"https:\\\/\\\/blogdofarnesio.com.br\\\/#\\\/schema\\\/person\\\/bb9b23ae3ad0609ce8df7b6c9e76824d\",\"name\":\"Farn\u00e9sio\",\"image\":{\"@type\":\"ImageObject\",\"inLanguage\":\"pt-BR\",\"@id\":\"https:\\\/\\\/secure.gravatar.com\\\/avatar\\\/986aa4c61ccdb66f8555bf88fc2a65609d00bcabd4d2d94377a727547345cbca?s=96&d=mm&r=g\",\"url\":\"https:\\\/\\\/secure.gravatar.com\\\/avatar\\\/986aa4c61ccdb66f8555bf88fc2a65609d00bcabd4d2d94377a727547345cbca?s=96&d=mm&r=g\",\"contentUrl\":\"https:\\\/\\\/secure.gravatar.com\\\/avatar\\\/986aa4c61ccdb66f8555bf88fc2a65609d00bcabd4d2d94377a727547345cbca?s=96&d=mm&r=g\",\"caption\":\"Farn\u00e9sio\"},\"description\":\"Radialista blogueiro, chegou a Petrolina\\\/Juazeiro em setembro de 1980, Farn\u00e9sio Silva \u00e9 de Arapiraca-Alagoas.\",\"sameAs\":[\"http:\\\/\\\/blogdofarnesio.com.br\",\"https:\\\/\\\/www.facebook.com\\\/?ref=tn_tnmn\",\"https:\\\/\\\/www.instagram.com\\\/?utm_source=pwa_homescreen\",\"https:\\\/\\\/youtube.com.br\\\/\"],\"url\":\"https:\\\/\\\/blogdofarnesio.com.br\\\/?author=2\"}]}<\/script>\n<!-- \/ Yoast SEO plugin. -->","yoast_head_json":{"title":"Prefeitura de Petrolina segue com matr\u00edculas abertas para Educa\u00e7\u00e3o de Jovens e Adultos - Blog do Farn\u00e9sio","robots":{"index":"index","follow":"follow","max-snippet":"max-snippet:-1","max-image-preview":"max-image-preview:large","max-video-preview":"max-video-preview:-1"},"canonical":"https:\/\/blogdofarnesio.com.br\/?p=387562","og_locale":"pt_BR","og_type":"article","og_title":"Prefeitura de Petrolina segue com matr\u00edculas abertas para Educa\u00e7\u00e3o de Jovens e Adultos - Blog do Farn\u00e9sio","og_description":"A Prefeitura de Petrolina, por meio da Secretaria de Educa\u00e7\u00e3o, Cultura e Esporte, segue com as matr\u00edculas abertas para a Educa\u00e7\u00e3o de Jovens e Adultos (EJA) nas 16 escolas da rede municipal de ensino S\u00e3o duas mil vagas para quem deseja retomar ou concluir seus estudos. O processo de matr\u00edcula est\u00e1 dispon\u00edvel para cidad\u00e3os a partir dos 15 anos que ainda n\u00e3o iniciaram ou n\u00e3o conclu\u00edram o Ensino Fundamental. As aulas s\u00e3o ministradas no per\u00edodo noturno, das 18h30 \u00e0s 21h50, para atender \u00e0queles que, durante o dia, est\u00e3o comprometidos com o trabalho ou outras responsabilidades. A EJA oferece uma forma de inclus\u00e3o educacional que possibilita a constru\u00e7\u00e3o de uma trajet\u00f3ria de aprendizado significativa para aqueles que buscam novas oportunidades e&hellip;","og_url":"https:\/\/blogdofarnesio.com.br\/?p=387562","og_site_name":"Blog do Farn\u00e9sio","article_publisher":"https:\/\/www.facebook.com\/BlogQuerSaberPolitica\/","article_author":"https:\/\/www.facebook.com\/?ref=tn_tnmn","article_published_time":"2025-02-13T12:22:05+00:00","og_image":[{"width":600,"height":400,"url":"https:\/\/blogdofarnesio.com.br\/wp-content\/uploads\/2025\/02\/Educacao-EJA2-1-e1739391594154.jpg","type":"image\/jpeg"}],"author":"Farn\u00e9sio","twitter_card":"summary_large_image","twitter_misc":{"Escrito por":"Farn\u00e9sio","Est. tempo de leitura":"3 minutos"},"schema":{"@context":"https:\/\/schema.org","@graph":[{"@type":"Article","@id":"https:\/\/blogdofarnesio.com.br\/?p=387562#article","isPartOf":{"@id":"https:\/\/blogdofarnesio.com.br\/?p=387562"},"author":{"name":"Farn\u00e9sio","@id":"https:\/\/blogdofarnesio.com.br\/#\/schema\/person\/bb9b23ae3ad0609ce8df7b6c9e76824d"},"headline":"Prefeitura de Petrolina segue com matr\u00edculas abertas para Educa\u00e7\u00e3o de Jovens e Adultos","datePublished":"2025-02-13T12:22:05+00:00","mainEntityOfPage":{"@id":"https:\/\/blogdofarnesio.com.br\/?p=387562"},"wordCount":427,"commentCount":0,"publisher":{"@id":"https:\/\/blogdofarnesio.com.br\/#organization"},"image":{"@id":"https:\/\/blogdofarnesio.com.br\/?p=387562#primaryimage"},"thumbnailUrl":"https:\/\/blogdofarnesio.com.br\/wp-content\/uploads\/2025\/02\/Educacao-EJA2-1-e1739391594154.jpg","articleSection":["Educa\u00e7\u00e3o"],"inLanguage":"pt-BR","potentialAction":[{"@type":"CommentAction","name":"Comment","target":["https:\/\/blogdofarnesio.com.br\/?p=387562#respond"]}]},{"@type":"WebPage","@id":"https:\/\/blogdofarnesio.com.br\/?p=387562","url":"https:\/\/blogdofarnesio.com.br\/?p=387562","name":"Prefeitura de Petrolina segue com matr\u00edculas abertas para Educa\u00e7\u00e3o de Jovens e Adultos - Blog do Farn\u00e9sio","isPartOf":{"@id":"https:\/\/blogdofarnesio.com.br\/#website"},"primaryImageOfPage":{"@id":"https:\/\/blogdofarnesio.com.br\/?p=387562#primaryimage"},"image":{"@id":"https:\/\/blogdofarnesio.com.br\/?p=387562#primaryimage"},"thumbnailUrl":"https:\/\/blogdofarnesio.com.br\/wp-content\/uploads\/2025\/02\/Educacao-EJA2-1-e1739391594154.jpg","datePublished":"2025-02-13T12:22:05+00:00","breadcrumb":{"@id":"https:\/\/blogdofarnesio.com.br\/?p=387562#breadcrumb"},"inLanguage":"pt-BR","potentialAction":[{"@type":"ReadAction","target":["https:\/\/blogdofarnesio.com.br\/?p=387562"]}]},{"@type":"ImageObject","inLanguage":"pt-BR","@id":"https:\/\/blogdofarnesio.com.br\/?p=387562#primaryimage","url":"https:\/\/blogdofarnesio.com.br\/wp-content\/uploads\/2025\/02\/Educacao-EJA2-1-e1739391594154.jpg","contentUrl":"https:\/\/blogdofarnesio.com.br\/wp-content\/uploads\/2025\/02\/Educacao-EJA2-1-e1739391594154.jpg","width":600,"height":400},{"@type":"BreadcrumbList","@id":"https:\/\/blogdofarnesio.com.br\/?p=387562#breadcrumb","itemListElement":[{"@type":"ListItem","position":1,"name":"In\u00edcio","item":"https:\/\/blogdofarnesio.com.br\/"},{"@type":"ListItem","position":2,"name":"Prefeitura de Petrolina segue com matr\u00edculas abertas para Educa\u00e7\u00e3o de Jovens e Adultos"}]},{"@type":"WebSite","@id":"https:\/\/blogdofarnesio.com.br\/#website","url":"https:\/\/blogdofarnesio.com.br\/","name":"Blog do Farn\u00e9sio","description":"Quer Saber Pol\u00edtica?","publisher":{"@id":"https:\/\/blogdofarnesio.com.br\/#organization"},"potentialAction":[{"@type":"SearchAction","target":{"@type":"EntryPoint","urlTemplate":"https:\/\/blogdofarnesio.com.br\/?s={search_term_string}"},"query-input":{"@type":"PropertyValueSpecification","valueRequired":true,"valueName":"search_term_string"}}],"inLanguage":"pt-BR"},{"@type":"Organization","@id":"https:\/\/blogdofarnesio.com.br\/#organization","name":"Blog do Farn\u00e9sio","url":"https:\/\/blogdofarnesio.com.br\/","logo":{"@type":"ImageObject","inLanguage":"pt-BR","@id":"https:\/\/blogdofarnesio.com.br\/#\/schema\/logo\/image\/","url":"https:\/\/blogdofarnesio.com.br\/wp-content\/uploads\/2026\/03\/cropped-logo_new-1.png","contentUrl":"https:\/\/blogdofarnesio.com.br\/wp-content\/uploads\/2026\/03\/cropped-logo_new-1.png","width":881,"height":685,"caption":"Blog do Farn\u00e9sio"},"image":{"@id":"https:\/\/blogdofarnesio.com.br\/#\/schema\/logo\/image\/"},"sameAs":["https:\/\/www.facebook.com\/BlogQuerSaberPolitica\/"]},{"@type":"Person","@id":"https:\/\/blogdofarnesio.com.br\/#\/schema\/person\/bb9b23ae3ad0609ce8df7b6c9e76824d","name":"Farn\u00e9sio","image":{"@type":"ImageObject","inLanguage":"pt-BR","@id":"https:\/\/secure.gravatar.com\/avatar\/986aa4c61ccdb66f8555bf88fc2a65609d00bcabd4d2d94377a727547345cbca?s=96&d=mm&r=g","url":"https:\/\/secure.gravatar.com\/avatar\/986aa4c61ccdb66f8555bf88fc2a65609d00bcabd4d2d94377a727547345cbca?s=96&d=mm&r=g","contentUrl":"https:\/\/secure.gravatar.com\/avatar\/986aa4c61ccdb66f8555bf88fc2a65609d00bcabd4d2d94377a727547345cbca?s=96&d=mm&r=g","caption":"Farn\u00e9sio"},"description":"Radialista blogueiro, chegou a Petrolina\/Juazeiro em setembro de 1980, Farn\u00e9sio Silva \u00e9 de Arapiraca-Alagoas.","sameAs":["http:\/\/blogdofarnesio.com.br","https:\/\/www.facebook.com\/?ref=tn_tnmn","https:\/\/www.instagram.com\/?utm_source=pwa_homescreen","https:\/\/youtube.com.br\/"],"url":"https:\/\/blogdofarnesio.com.br\/?author=2"}]}},"_links":{"self":[{"href":"https:\/\/blogdofarnesio.com.br\/index.php?rest_route=\/wp\/v2\/posts\/387562","targetHints":{"allow":["GET"]}}],"collection":[{"href":"https:\/\/blogdofarnesio.com.br\/index.php?rest_route=\/wp\/v2\/posts"}],"about":[{"href":"https:\/\/blogdofarnesio.com.br\/index.php?rest_route=\/wp\/v2\/types\/post"}],"author":[{"embeddable":true,"href":"https:\/\/blogdofarnesio.com.br\/index.php?rest_route=\/wp\/v2\/users\/2"}],"replies":[{"embeddable":true,"href":"https:\/\/blogdofarnesio.com.br\/index.php?rest_route=%2Fwp%2Fv2%2Fcomments&post=387562"}],"version-history":[{"count":0,"href":"https:\/\/blogdofarnesio.com.br\/index.php?rest_route=\/wp\/v2\/posts\/387562\/revisions"}],"wp:featuredmedia":[{"embeddable":true,"href":"https:\/\/blogdofarnesio.com.br\/index.php?rest_route=\/wp\/v2\/media\/387563"}],"wp:attachment":[{"href":"https:\/\/blogdofarnesio.com.br\/index.php?rest_route=%2Fwp%2Fv2%2Fmedia&parent=387562"}],"wp:term":[{"taxonomy":"category","embeddable":true,"href":"https:\/\/blogdofarnesio.com.br\/index.php?rest_route=%2Fwp%2Fv2%2Fcategories&post=387562"},{"taxonomy":"post_tag","embeddable":true,"href":"https:\/\/blogdofarnesio.com.br\/index.php?rest_route=%2Fwp%2Fv2%2Ftags&post=387562"}],"curies":[{"name":"wp","href":"https:\/\/api.w.org\/{rel}","templated":true}]}}