{"id":387532,"date":"2025-02-13T09:02:57","date_gmt":"2025-02-13T12:02:57","guid":{"rendered":"https:\/\/blogdofarnesio.com.br\/?p=387532"},"modified":"2025-02-12T17:18:00","modified_gmt":"2025-02-12T20:18:00","slug":"sindilojas-juazeiro-convoca-assembleia-para-deliberacao-sobre-convencao-coletiva-de-trabalho","status":"publish","type":"post","link":"https:\/\/blogdofarnesio.com.br\/?p=387532","title":{"rendered":"Sindilojas\/Juazeiro convoca Assembleia para delibera\u00e7\u00e3o sobre Conven\u00e7\u00e3o Coletiva de Trabalho"},"content":{"rendered":"<p>O Sindicato do Com\u00e9rcio Varejista de Juazeiro (Sindilojas) convoca todos os seus associados e empres\u00e1rios do setor para uma Assembleia Geral Extraordin\u00e1ria, que ocorrer\u00e1 amanh\u00e3, dia 14 de fevereiro de 2025, \u00e0s 9h, na sede do sindicato, localizada na Rua Marechal Floriano Peixoto, 106, Centro de Juazeiro.<\/p>\n<p>Na pauta da reuni\u00e3o, ser\u00e3o debatidos temas fundamentais para a categoria, como a autoriza\u00e7\u00e3o para que o presidente do sindicato negocie e firme a Conven\u00e7\u00e3o Coletiva de Trabalho, al\u00e9m da discuss\u00e3o sobre termos aditivos e a poss\u00edvel instaura\u00e7\u00e3o de Diss\u00eddio Coletivo de Trabalho pelo Sindicato Laboral. Tamb\u00e9m ser\u00e1 tratada a cria\u00e7\u00e3o de uma Comiss\u00e3o Patronal de Negocia\u00e7\u00f5es.<\/p>\n<p>O presidente do Sindilojas, Paulo Henrique Barreto de Andrade, refor\u00e7a a import\u00e2ncia da participa\u00e7\u00e3o de todos os empres\u00e1rios do com\u00e9rcio varejista para contribuir com as decis\u00f5es que impactam diretamente o setor.<\/p>\n<p>Para mais informa\u00e7\u00f5es, os interessados podem entrar em contato pelo telefone (74) 3611-7364 ou pelo e-mail sindilojasjuazeiro@hotmail.com<\/p>\n<p>M\u00f4nia Ramos &#8211; Jornalista<br \/>\nAscom<\/p>\n","protected":false},"excerpt":{"rendered":"<p>O Sindicato do Com\u00e9rcio Varejista de Juazeiro (Sindilojas) convoca todos os seus associados e empres\u00e1rios do setor para uma Assembleia Geral Extraordin\u00e1ria, que ocorrer\u00e1 amanh\u00e3, dia 14 de fevereiro de 2025, \u00e0s 9h, na sede do sindicato, localizada na Rua Marechal Floriano Peixoto, 106, Centro de Juazeiro. Na pauta da reuni\u00e3o, ser\u00e3o debatidos temas fundamentais para a categoria, como a autoriza\u00e7\u00e3o para que o presidente do sindicato negocie e firme a Conven\u00e7\u00e3o Coletiva de Trabalho, al\u00e9m da discuss\u00e3o sobre termos aditivos e a poss\u00edvel instaura\u00e7\u00e3o de Diss\u00eddio Coletivo de Trabalho pelo Sindicato Laboral. Tamb\u00e9m ser\u00e1 tratada a cria\u00e7\u00e3o de uma Comiss\u00e3o Patronal de Negocia\u00e7\u00f5es. O presidente do Sindilojas, Paulo Henrique Barreto de Andrade, refor\u00e7a a import\u00e2ncia da participa\u00e7\u00e3o de todos&hellip; <\/p>\n","protected":false},"author":2,"featured_media":387534,"comment_status":"open","ping_status":"open","sticky":false,"template":"","format":"standard","meta":{"_acf_changed":false,"footnotes":""},"categories":[20],"tags":[],"class_list":["post-387532","post","type-post","status-publish","format-standard","has-post-thumbnail","hentry","category-economia"],"acf":[],"yoast_head":"<!-- This site is optimized with the Yoast SEO plugin v27.4 - https:\/\/yoast.com\/product\/yoast-seo-wordpress\/ -->\n<title>Sindilojas\/Juazeiro convoca Assembleia para delibera\u00e7\u00e3o sobre Conven\u00e7\u00e3o Coletiva de Trabalho - Blog do Farn\u00e9sio<\/title>\n<meta name=\"robots\" content=\"index, follow, max-snippet:-1, max-image-preview:large, max-video-preview:-1\" \/>\n<link rel=\"canonical\" href=\"https:\/\/blogdofarnesio.com.br\/?p=387532\" \/>\n<meta property=\"og:locale\" content=\"pt_BR\" \/>\n<meta property=\"og:type\" content=\"article\" \/>\n<meta property=\"og:title\" content=\"Sindilojas\/Juazeiro convoca Assembleia para delibera\u00e7\u00e3o sobre Conven\u00e7\u00e3o Coletiva de Trabalho - Blog do Farn\u00e9sio\" \/>\n<meta property=\"og:description\" content=\"O Sindicato do Com\u00e9rcio Varejista de Juazeiro (Sindilojas) convoca todos os seus associados e empres\u00e1rios do setor para uma Assembleia Geral Extraordin\u00e1ria, que ocorrer\u00e1 amanh\u00e3, dia 14 de fevereiro de 2025, \u00e0s 9h, na sede do sindicato, localizada na Rua Marechal Floriano Peixoto, 106, Centro de Juazeiro. Na pauta da reuni\u00e3o, ser\u00e3o debatidos temas fundamentais para a categoria, como a autoriza\u00e7\u00e3o para que o presidente do sindicato negocie e firme a Conven\u00e7\u00e3o Coletiva de Trabalho, al\u00e9m da discuss\u00e3o sobre termos aditivos e a poss\u00edvel instaura\u00e7\u00e3o de Diss\u00eddio Coletivo de Trabalho pelo Sindicato Laboral. Tamb\u00e9m ser\u00e1 tratada a cria\u00e7\u00e3o de uma Comiss\u00e3o Patronal de Negocia\u00e7\u00f5es. O presidente do Sindilojas, Paulo Henrique Barreto de Andrade, refor\u00e7a a import\u00e2ncia da participa\u00e7\u00e3o de todos&hellip;\" \/>\n<meta property=\"og:url\" content=\"https:\/\/blogdofarnesio.com.br\/?p=387532\" \/>\n<meta property=\"og:site_name\" content=\"Blog do Farn\u00e9sio\" \/>\n<meta property=\"article:publisher\" content=\"https:\/\/www.facebook.com\/BlogQuerSaberPolitica\/\" \/>\n<meta property=\"article:author\" content=\"https:\/\/www.facebook.com\/?ref=tn_tnmn\" \/>\n<meta property=\"article:published_time\" content=\"2025-02-13T12:02:57+00:00\" \/>\n<meta property=\"og:image\" content=\"https:\/\/blogdofarnesio.com.br\/wp-content\/uploads\/2025\/02\/IMG-20250212-WA0071-e1739391422159.jpg\" \/>\n\t<meta property=\"og:image:width\" content=\"600\" \/>\n\t<meta property=\"og:image:height\" content=\"422\" \/>\n\t<meta property=\"og:image:type\" content=\"image\/jpeg\" \/>\n<meta name=\"author\" content=\"Farn\u00e9sio\" \/>\n<meta name=\"twitter:card\" content=\"summary_large_image\" \/>\n<meta name=\"twitter:label1\" content=\"Escrito por\" \/>\n\t<meta name=\"twitter:data1\" content=\"Farn\u00e9sio\" \/>\n\t<meta name=\"twitter:label2\" content=\"Est. tempo de leitura\" \/>\n\t<meta name=\"twitter:data2\" content=\"2 minutos\" \/>\n<script type=\"application\/ld+json\" class=\"yoast-schema-graph\">{\"@context\":\"https:\\\/\\\/schema.org\",\"@graph\":[{\"@type\":\"Article\",\"@id\":\"https:\\\/\\\/blogdofarnesio.com.br\\\/?p=387532#article\",\"isPartOf\":{\"@id\":\"https:\\\/\\\/blogdofarnesio.com.br\\\/?p=387532\"},\"author\":{\"name\":\"Farn\u00e9sio\",\"@id\":\"https:\\\/\\\/blogdofarnesio.com.br\\\/#\\\/schema\\\/person\\\/bb9b23ae3ad0609ce8df7b6c9e76824d\"},\"headline\":\"Sindilojas\\\/Juazeiro convoca Assembleia para delibera\u00e7\u00e3o sobre Conven\u00e7\u00e3o Coletiva de Trabalho\",\"datePublished\":\"2025-02-13T12:02:57+00:00\",\"mainEntityOfPage\":{\"@id\":\"https:\\\/\\\/blogdofarnesio.com.br\\\/?p=387532\"},\"wordCount\":192,\"commentCount\":0,\"publisher\":{\"@id\":\"https:\\\/\\\/blogdofarnesio.com.br\\\/#organization\"},\"image\":{\"@id\":\"https:\\\/\\\/blogdofarnesio.com.br\\\/?p=387532#primaryimage\"},\"thumbnailUrl\":\"https:\\\/\\\/blogdofarnesio.com.br\\\/wp-content\\\/uploads\\\/2025\\\/02\\\/IMG-20250212-WA0071-e1739391422159.jpg\",\"articleSection\":[\"Economia\"],\"inLanguage\":\"pt-BR\",\"potentialAction\":[{\"@type\":\"CommentAction\",\"name\":\"Comment\",\"target\":[\"https:\\\/\\\/blogdofarnesio.com.br\\\/?p=387532#respond\"]}]},{\"@type\":\"WebPage\",\"@id\":\"https:\\\/\\\/blogdofarnesio.com.br\\\/?p=387532\",\"url\":\"https:\\\/\\\/blogdofarnesio.com.br\\\/?p=387532\",\"name\":\"Sindilojas\\\/Juazeiro convoca Assembleia para delibera\u00e7\u00e3o sobre Conven\u00e7\u00e3o Coletiva de Trabalho - Blog do Farn\u00e9sio\",\"isPartOf\":{\"@id\":\"https:\\\/\\\/blogdofarnesio.com.br\\\/#website\"},\"primaryImageOfPage\":{\"@id\":\"https:\\\/\\\/blogdofarnesio.com.br\\\/?p=387532#primaryimage\"},\"image\":{\"@id\":\"https:\\\/\\\/blogdofarnesio.com.br\\\/?p=387532#primaryimage\"},\"thumbnailUrl\":\"https:\\\/\\\/blogdofarnesio.com.br\\\/wp-content\\\/uploads\\\/2025\\\/02\\\/IMG-20250212-WA0071-e1739391422159.jpg\",\"datePublished\":\"2025-02-13T12:02:57+00:00\",\"breadcrumb\":{\"@id\":\"https:\\\/\\\/blogdofarnesio.com.br\\\/?p=387532#breadcrumb\"},\"inLanguage\":\"pt-BR\",\"potentialAction\":[{\"@type\":\"ReadAction\",\"target\":[\"https:\\\/\\\/blogdofarnesio.com.br\\\/?p=387532\"]}]},{\"@type\":\"ImageObject\",\"inLanguage\":\"pt-BR\",\"@id\":\"https:\\\/\\\/blogdofarnesio.com.br\\\/?p=387532#primaryimage\",\"url\":\"https:\\\/\\\/blogdofarnesio.com.br\\\/wp-content\\\/uploads\\\/2025\\\/02\\\/IMG-20250212-WA0071-e1739391422159.jpg\",\"contentUrl\":\"https:\\\/\\\/blogdofarnesio.com.br\\\/wp-content\\\/uploads\\\/2025\\\/02\\\/IMG-20250212-WA0071-e1739391422159.jpg\",\"width\":600,\"height\":422},{\"@type\":\"BreadcrumbList\",\"@id\":\"https:\\\/\\\/blogdofarnesio.com.br\\\/?p=387532#breadcrumb\",\"itemListElement\":[{\"@type\":\"ListItem\",\"position\":1,\"name\":\"In\u00edcio\",\"item\":\"https:\\\/\\\/blogdofarnesio.com.br\\\/\"},{\"@type\":\"ListItem\",\"position\":2,\"name\":\"Sindilojas\\\/Juazeiro convoca Assembleia para delibera\u00e7\u00e3o sobre Conven\u00e7\u00e3o Coletiva de Trabalho\"}]},{\"@type\":\"WebSite\",\"@id\":\"https:\\\/\\\/blogdofarnesio.com.br\\\/#website\",\"url\":\"https:\\\/\\\/blogdofarnesio.com.br\\\/\",\"name\":\"Blog do Farn\u00e9sio\",\"description\":\"Quer Saber Pol\u00edtica?\",\"publisher\":{\"@id\":\"https:\\\/\\\/blogdofarnesio.com.br\\\/#organization\"},\"potentialAction\":[{\"@type\":\"SearchAction\",\"target\":{\"@type\":\"EntryPoint\",\"urlTemplate\":\"https:\\\/\\\/blogdofarnesio.com.br\\\/?s={search_term_string}\"},\"query-input\":{\"@type\":\"PropertyValueSpecification\",\"valueRequired\":true,\"valueName\":\"search_term_string\"}}],\"inLanguage\":\"pt-BR\"},{\"@type\":\"Organization\",\"@id\":\"https:\\\/\\\/blogdofarnesio.com.br\\\/#organization\",\"name\":\"Blog do Farn\u00e9sio\",\"url\":\"https:\\\/\\\/blogdofarnesio.com.br\\\/\",\"logo\":{\"@type\":\"ImageObject\",\"inLanguage\":\"pt-BR\",\"@id\":\"https:\\\/\\\/blogdofarnesio.com.br\\\/#\\\/schema\\\/logo\\\/image\\\/\",\"url\":\"https:\\\/\\\/blogdofarnesio.com.br\\\/wp-content\\\/uploads\\\/2026\\\/03\\\/cropped-logo_new-1.png\",\"contentUrl\":\"https:\\\/\\\/blogdofarnesio.com.br\\\/wp-content\\\/uploads\\\/2026\\\/03\\\/cropped-logo_new-1.png\",\"width\":881,\"height\":685,\"caption\":\"Blog do Farn\u00e9sio\"},\"image\":{\"@id\":\"https:\\\/\\\/blogdofarnesio.com.br\\\/#\\\/schema\\\/logo\\\/image\\\/\"},\"sameAs\":[\"https:\\\/\\\/www.facebook.com\\\/BlogQuerSaberPolitica\\\/\"]},{\"@type\":\"Person\",\"@id\":\"https:\\\/\\\/blogdofarnesio.com.br\\\/#\\\/schema\\\/person\\\/bb9b23ae3ad0609ce8df7b6c9e76824d\",\"name\":\"Farn\u00e9sio\",\"image\":{\"@type\":\"ImageObject\",\"inLanguage\":\"pt-BR\",\"@id\":\"https:\\\/\\\/secure.gravatar.com\\\/avatar\\\/986aa4c61ccdb66f8555bf88fc2a65609d00bcabd4d2d94377a727547345cbca?s=96&d=mm&r=g\",\"url\":\"https:\\\/\\\/secure.gravatar.com\\\/avatar\\\/986aa4c61ccdb66f8555bf88fc2a65609d00bcabd4d2d94377a727547345cbca?s=96&d=mm&r=g\",\"contentUrl\":\"https:\\\/\\\/secure.gravatar.com\\\/avatar\\\/986aa4c61ccdb66f8555bf88fc2a65609d00bcabd4d2d94377a727547345cbca?s=96&d=mm&r=g\",\"caption\":\"Farn\u00e9sio\"},\"description\":\"Radialista blogueiro, chegou a Petrolina\\\/Juazeiro em setembro de 1980, Farn\u00e9sio Silva \u00e9 de Arapiraca-Alagoas.\",\"sameAs\":[\"http:\\\/\\\/blogdofarnesio.com.br\",\"https:\\\/\\\/www.facebook.com\\\/?ref=tn_tnmn\",\"https:\\\/\\\/www.instagram.com\\\/?utm_source=pwa_homescreen\",\"https:\\\/\\\/youtube.com.br\\\/\"],\"url\":\"https:\\\/\\\/blogdofarnesio.com.br\\\/?author=2\"}]}<\/script>\n<!-- \/ Yoast SEO plugin. -->","yoast_head_json":{"title":"Sindilojas\/Juazeiro convoca Assembleia para delibera\u00e7\u00e3o sobre Conven\u00e7\u00e3o Coletiva de Trabalho - Blog do Farn\u00e9sio","robots":{"index":"index","follow":"follow","max-snippet":"max-snippet:-1","max-image-preview":"max-image-preview:large","max-video-preview":"max-video-preview:-1"},"canonical":"https:\/\/blogdofarnesio.com.br\/?p=387532","og_locale":"pt_BR","og_type":"article","og_title":"Sindilojas\/Juazeiro convoca Assembleia para delibera\u00e7\u00e3o sobre Conven\u00e7\u00e3o Coletiva de Trabalho - Blog do Farn\u00e9sio","og_description":"O Sindicato do Com\u00e9rcio Varejista de Juazeiro (Sindilojas) convoca todos os seus associados e empres\u00e1rios do setor para uma Assembleia Geral Extraordin\u00e1ria, que ocorrer\u00e1 amanh\u00e3, dia 14 de fevereiro de 2025, \u00e0s 9h, na sede do sindicato, localizada na Rua Marechal Floriano Peixoto, 106, Centro de Juazeiro. Na pauta da reuni\u00e3o, ser\u00e3o debatidos temas fundamentais para a categoria, como a autoriza\u00e7\u00e3o para que o presidente do sindicato negocie e firme a Conven\u00e7\u00e3o Coletiva de Trabalho, al\u00e9m da discuss\u00e3o sobre termos aditivos e a poss\u00edvel instaura\u00e7\u00e3o de Diss\u00eddio Coletivo de Trabalho pelo Sindicato Laboral. Tamb\u00e9m ser\u00e1 tratada a cria\u00e7\u00e3o de uma Comiss\u00e3o Patronal de Negocia\u00e7\u00f5es. O presidente do Sindilojas, Paulo Henrique Barreto de Andrade, refor\u00e7a a import\u00e2ncia da participa\u00e7\u00e3o de todos&hellip;","og_url":"https:\/\/blogdofarnesio.com.br\/?p=387532","og_site_name":"Blog do Farn\u00e9sio","article_publisher":"https:\/\/www.facebook.com\/BlogQuerSaberPolitica\/","article_author":"https:\/\/www.facebook.com\/?ref=tn_tnmn","article_published_time":"2025-02-13T12:02:57+00:00","og_image":[{"width":600,"height":422,"url":"https:\/\/blogdofarnesio.com.br\/wp-content\/uploads\/2025\/02\/IMG-20250212-WA0071-e1739391422159.jpg","type":"image\/jpeg"}],"author":"Farn\u00e9sio","twitter_card":"summary_large_image","twitter_misc":{"Escrito por":"Farn\u00e9sio","Est. tempo de leitura":"2 minutos"},"schema":{"@context":"https:\/\/schema.org","@graph":[{"@type":"Article","@id":"https:\/\/blogdofarnesio.com.br\/?p=387532#article","isPartOf":{"@id":"https:\/\/blogdofarnesio.com.br\/?p=387532"},"author":{"name":"Farn\u00e9sio","@id":"https:\/\/blogdofarnesio.com.br\/#\/schema\/person\/bb9b23ae3ad0609ce8df7b6c9e76824d"},"headline":"Sindilojas\/Juazeiro convoca Assembleia para delibera\u00e7\u00e3o sobre Conven\u00e7\u00e3o Coletiva de Trabalho","datePublished":"2025-02-13T12:02:57+00:00","mainEntityOfPage":{"@id":"https:\/\/blogdofarnesio.com.br\/?p=387532"},"wordCount":192,"commentCount":0,"publisher":{"@id":"https:\/\/blogdofarnesio.com.br\/#organization"},"image":{"@id":"https:\/\/blogdofarnesio.com.br\/?p=387532#primaryimage"},"thumbnailUrl":"https:\/\/blogdofarnesio.com.br\/wp-content\/uploads\/2025\/02\/IMG-20250212-WA0071-e1739391422159.jpg","articleSection":["Economia"],"inLanguage":"pt-BR","potentialAction":[{"@type":"CommentAction","name":"Comment","target":["https:\/\/blogdofarnesio.com.br\/?p=387532#respond"]}]},{"@type":"WebPage","@id":"https:\/\/blogdofarnesio.com.br\/?p=387532","url":"https:\/\/blogdofarnesio.com.br\/?p=387532","name":"Sindilojas\/Juazeiro convoca Assembleia para delibera\u00e7\u00e3o sobre Conven\u00e7\u00e3o Coletiva de Trabalho - Blog do Farn\u00e9sio","isPartOf":{"@id":"https:\/\/blogdofarnesio.com.br\/#website"},"primaryImageOfPage":{"@id":"https:\/\/blogdofarnesio.com.br\/?p=387532#primaryimage"},"image":{"@id":"https:\/\/blogdofarnesio.com.br\/?p=387532#primaryimage"},"thumbnailUrl":"https:\/\/blogdofarnesio.com.br\/wp-content\/uploads\/2025\/02\/IMG-20250212-WA0071-e1739391422159.jpg","datePublished":"2025-02-13T12:02:57+00:00","breadcrumb":{"@id":"https:\/\/blogdofarnesio.com.br\/?p=387532#breadcrumb"},"inLanguage":"pt-BR","potentialAction":[{"@type":"ReadAction","target":["https:\/\/blogdofarnesio.com.br\/?p=387532"]}]},{"@type":"ImageObject","inLanguage":"pt-BR","@id":"https:\/\/blogdofarnesio.com.br\/?p=387532#primaryimage","url":"https:\/\/blogdofarnesio.com.br\/wp-content\/uploads\/2025\/02\/IMG-20250212-WA0071-e1739391422159.jpg","contentUrl":"https:\/\/blogdofarnesio.com.br\/wp-content\/uploads\/2025\/02\/IMG-20250212-WA0071-e1739391422159.jpg","width":600,"height":422},{"@type":"BreadcrumbList","@id":"https:\/\/blogdofarnesio.com.br\/?p=387532#breadcrumb","itemListElement":[{"@type":"ListItem","position":1,"name":"In\u00edcio","item":"https:\/\/blogdofarnesio.com.br\/"},{"@type":"ListItem","position":2,"name":"Sindilojas\/Juazeiro convoca Assembleia para delibera\u00e7\u00e3o sobre Conven\u00e7\u00e3o Coletiva de Trabalho"}]},{"@type":"WebSite","@id":"https:\/\/blogdofarnesio.com.br\/#website","url":"https:\/\/blogdofarnesio.com.br\/","name":"Blog do Farn\u00e9sio","description":"Quer Saber Pol\u00edtica?","publisher":{"@id":"https:\/\/blogdofarnesio.com.br\/#organization"},"potentialAction":[{"@type":"SearchAction","target":{"@type":"EntryPoint","urlTemplate":"https:\/\/blogdofarnesio.com.br\/?s={search_term_string}"},"query-input":{"@type":"PropertyValueSpecification","valueRequired":true,"valueName":"search_term_string"}}],"inLanguage":"pt-BR"},{"@type":"Organization","@id":"https:\/\/blogdofarnesio.com.br\/#organization","name":"Blog do Farn\u00e9sio","url":"https:\/\/blogdofarnesio.com.br\/","logo":{"@type":"ImageObject","inLanguage":"pt-BR","@id":"https:\/\/blogdofarnesio.com.br\/#\/schema\/logo\/image\/","url":"https:\/\/blogdofarnesio.com.br\/wp-content\/uploads\/2026\/03\/cropped-logo_new-1.png","contentUrl":"https:\/\/blogdofarnesio.com.br\/wp-content\/uploads\/2026\/03\/cropped-logo_new-1.png","width":881,"height":685,"caption":"Blog do Farn\u00e9sio"},"image":{"@id":"https:\/\/blogdofarnesio.com.br\/#\/schema\/logo\/image\/"},"sameAs":["https:\/\/www.facebook.com\/BlogQuerSaberPolitica\/"]},{"@type":"Person","@id":"https:\/\/blogdofarnesio.com.br\/#\/schema\/person\/bb9b23ae3ad0609ce8df7b6c9e76824d","name":"Farn\u00e9sio","image":{"@type":"ImageObject","inLanguage":"pt-BR","@id":"https:\/\/secure.gravatar.com\/avatar\/986aa4c61ccdb66f8555bf88fc2a65609d00bcabd4d2d94377a727547345cbca?s=96&d=mm&r=g","url":"https:\/\/secure.gravatar.com\/avatar\/986aa4c61ccdb66f8555bf88fc2a65609d00bcabd4d2d94377a727547345cbca?s=96&d=mm&r=g","contentUrl":"https:\/\/secure.gravatar.com\/avatar\/986aa4c61ccdb66f8555bf88fc2a65609d00bcabd4d2d94377a727547345cbca?s=96&d=mm&r=g","caption":"Farn\u00e9sio"},"description":"Radialista blogueiro, chegou a Petrolina\/Juazeiro em setembro de 1980, Farn\u00e9sio Silva \u00e9 de Arapiraca-Alagoas.","sameAs":["http:\/\/blogdofarnesio.com.br","https:\/\/www.facebook.com\/?ref=tn_tnmn","https:\/\/www.instagram.com\/?utm_source=pwa_homescreen","https:\/\/youtube.com.br\/"],"url":"https:\/\/blogdofarnesio.com.br\/?author=2"}]}},"_links":{"self":[{"href":"https:\/\/blogdofarnesio.com.br\/index.php?rest_route=\/wp\/v2\/posts\/387532","targetHints":{"allow":["GET"]}}],"collection":[{"href":"https:\/\/blogdofarnesio.com.br\/index.php?rest_route=\/wp\/v2\/posts"}],"about":[{"href":"https:\/\/blogdofarnesio.com.br\/index.php?rest_route=\/wp\/v2\/types\/post"}],"author":[{"embeddable":true,"href":"https:\/\/blogdofarnesio.com.br\/index.php?rest_route=\/wp\/v2\/users\/2"}],"replies":[{"embeddable":true,"href":"https:\/\/blogdofarnesio.com.br\/index.php?rest_route=%2Fwp%2Fv2%2Fcomments&post=387532"}],"version-history":[{"count":0,"href":"https:\/\/blogdofarnesio.com.br\/index.php?rest_route=\/wp\/v2\/posts\/387532\/revisions"}],"wp:featuredmedia":[{"embeddable":true,"href":"https:\/\/blogdofarnesio.com.br\/index.php?rest_route=\/wp\/v2\/media\/387534"}],"wp:attachment":[{"href":"https:\/\/blogdofarnesio.com.br\/index.php?rest_route=%2Fwp%2Fv2%2Fmedia&parent=387532"}],"wp:term":[{"taxonomy":"category","embeddable":true,"href":"https:\/\/blogdofarnesio.com.br\/index.php?rest_route=%2Fwp%2Fv2%2Fcategories&post=387532"},{"taxonomy":"post_tag","embeddable":true,"href":"https:\/\/blogdofarnesio.com.br\/index.php?rest_route=%2Fwp%2Fv2%2Ftags&post=387532"}],"curies":[{"name":"wp","href":"https:\/\/api.w.org\/{rel}","templated":true}]}}