{"id":387426,"date":"2025-02-11T15:03:44","date_gmt":"2025-02-11T18:03:44","guid":{"rendered":"https:\/\/blogdofarnesio.com.br\/?p=387426"},"modified":"2025-02-11T10:12:31","modified_gmt":"2025-02-11T13:12:31","slug":"policia-apreende-8-toneladas-de-pescado-ilegal-transportado-de-remanso-desta-vez-em-dom-inocencio","status":"publish","type":"post","link":"https:\/\/blogdofarnesio.com.br\/?p=387426","title":{"rendered":"Pol\u00edcia apreende 8 toneladas de pescado ilegal transportado de Remanso, desta vez em Dom Inoc\u00eancio"},"content":{"rendered":"<header class=\"entry-header clearfix\">A Pol\u00edcia Militar do Piau\u00ed, por meio da 1\u00aa Companhia Independente de Policiamento Ambiental (1\u00aa CIPA), apreendeu aproximadamente 8 toneladas de pescado ilegal na noite deste domingo (09). A opera\u00e7\u00e3o ocorreu no povoado Cacimbas, no munic\u00edpio de Dom Inoc\u00eancio, e teve como objetivo combater crimes ambientais relacionados \u00e0 pesca predat\u00f3ria.<\/header>\n<div class=\"post-body clearfix\">\n<div class=\"entry-content clearfix\">\n<p>A equipe foi acionada ap\u00f3s uma den\u00fancia informar que um caminh\u00e3o, com problemas mec\u00e2nicos, transportava pescado de forma irregular. Por volta das 21h50, os policiais chegaram ao local e confirmaram a infra\u00e7\u00e3o.<\/p>\n<p>A carga continha peixes das esp\u00e9cies mandi, piau e cascudo, retirados do Rio S\u00e3o Francisco. O carregamento havia sa\u00eddo de Remanso, na Bahia, e tinha como destino a cidade de Caxias, no Maranh\u00e3o. Segundo as investiga\u00e7\u00f5es, os respons\u00e1veis tentavam desviar das fiscaliza\u00e7\u00f5es ambientais, j\u00e1 que, nas \u00faltimas semanas, a 1\u00aa CIPA realizou tr\u00eas apreens\u00f5es semelhantes:<\/p>\n<p>23 de janeiro: Meia tonelada de pescado ilegal apreendida;<br \/>\n5 de fevereiro: Uma tonelada de pescado irregular interceptada;<br \/>\n7 de fevereiro: Cinco toneladas de peixe transportado sem documenta\u00e7\u00e3o foram apreendidas.<br \/>\nCom essa nova apreens\u00e3o, o volume total de pescado irregular interceptado nos \u00faltimos 15 dias chega a aproximadamente 14,5 toneladas.<\/p>\n<p>Todo o pescado foi apreendido e doado \u00e0 Secretaria de Assist\u00eancia Social de Dom Inoc\u00eancio, que distribuiu os alimentos para fam\u00edlias cadastradas na zona urbana e rural do munic\u00edpio nesta segunda-feira (10).<\/p>\n<p><a href=\"https:\/\/remanso-noticias.com\/author\/rsonoticias\/\">Remanso Not\u00edcias\u00a0 &#8211;\u00a0\u00a0<\/a><\/p>\n<\/div>\n<\/div>\n","protected":false},"excerpt":{"rendered":"<p>A Pol\u00edcia Militar do Piau\u00ed, por meio da 1\u00aa Companhia Independente de Policiamento Ambiental (1\u00aa CIPA), apreendeu aproximadamente 8 toneladas de pescado ilegal na noite deste domingo (09). A opera\u00e7\u00e3o ocorreu no povoado Cacimbas, no munic\u00edpio de Dom Inoc\u00eancio, e teve como objetivo combater crimes ambientais relacionados \u00e0 pesca predat\u00f3ria. A equipe foi acionada ap\u00f3s uma den\u00fancia informar que um caminh\u00e3o, com problemas mec\u00e2nicos, transportava pescado de forma irregular. Por volta das 21h50, os policiais chegaram ao local e confirmaram a infra\u00e7\u00e3o. A carga continha peixes das esp\u00e9cies mandi, piau e cascudo, retirados do Rio S\u00e3o Francisco. O carregamento havia sa\u00eddo de Remanso, na Bahia, e tinha como destino a cidade de Caxias, no Maranh\u00e3o. Segundo as investiga\u00e7\u00f5es, os respons\u00e1veis&hellip; <\/p>\n","protected":false},"author":2,"featured_media":387427,"comment_status":"open","ping_status":"open","sticky":false,"template":"","format":"standard","meta":{"_acf_changed":false,"footnotes":""},"categories":[20],"tags":[],"class_list":["post-387426","post","type-post","status-publish","format-standard","has-post-thumbnail","hentry","category-economia"],"acf":[],"yoast_head":"<!-- This site is optimized with the Yoast SEO plugin v27.4 - https:\/\/yoast.com\/product\/yoast-seo-wordpress\/ -->\n<title>Pol\u00edcia apreende 8 toneladas de pescado ilegal transportado de Remanso, desta vez em Dom Inoc\u00eancio - Blog do Farn\u00e9sio<\/title>\n<meta name=\"robots\" content=\"index, follow, max-snippet:-1, max-image-preview:large, max-video-preview:-1\" \/>\n<link rel=\"canonical\" href=\"https:\/\/blogdofarnesio.com.br\/?p=387426\" \/>\n<meta property=\"og:locale\" content=\"pt_BR\" \/>\n<meta property=\"og:type\" content=\"article\" \/>\n<meta property=\"og:title\" content=\"Pol\u00edcia apreende 8 toneladas de pescado ilegal transportado de Remanso, desta vez em Dom Inoc\u00eancio - Blog do Farn\u00e9sio\" \/>\n<meta property=\"og:description\" content=\"A Pol\u00edcia Militar do Piau\u00ed, por meio da 1\u00aa Companhia Independente de Policiamento Ambiental (1\u00aa CIPA), apreendeu aproximadamente 8 toneladas de pescado ilegal na noite deste domingo (09). A opera\u00e7\u00e3o ocorreu no povoado Cacimbas, no munic\u00edpio de Dom Inoc\u00eancio, e teve como objetivo combater crimes ambientais relacionados \u00e0 pesca predat\u00f3ria. A equipe foi acionada ap\u00f3s uma den\u00fancia informar que um caminh\u00e3o, com problemas mec\u00e2nicos, transportava pescado de forma irregular. Por volta das 21h50, os policiais chegaram ao local e confirmaram a infra\u00e7\u00e3o. A carga continha peixes das esp\u00e9cies mandi, piau e cascudo, retirados do Rio S\u00e3o Francisco. O carregamento havia sa\u00eddo de Remanso, na Bahia, e tinha como destino a cidade de Caxias, no Maranh\u00e3o. Segundo as investiga\u00e7\u00f5es, os respons\u00e1veis&hellip;\" \/>\n<meta property=\"og:url\" content=\"https:\/\/blogdofarnesio.com.br\/?p=387426\" \/>\n<meta property=\"og:site_name\" content=\"Blog do Farn\u00e9sio\" \/>\n<meta property=\"article:publisher\" content=\"https:\/\/www.facebook.com\/BlogQuerSaberPolitica\/\" \/>\n<meta property=\"article:author\" content=\"https:\/\/www.facebook.com\/?ref=tn_tnmn\" \/>\n<meta property=\"article:published_time\" content=\"2025-02-11T18:03:44+00:00\" \/>\n<meta property=\"og:image\" content=\"https:\/\/blogdofarnesio.com.br\/wp-content\/uploads\/2025\/02\/blogqspremanso-peixe-apreendido-e1739279511766.jpeg\" \/>\n\t<meta property=\"og:image:width\" content=\"550\" \/>\n\t<meta property=\"og:image:height\" content=\"362\" \/>\n\t<meta property=\"og:image:type\" content=\"image\/jpeg\" \/>\n<meta name=\"author\" content=\"Farn\u00e9sio\" \/>\n<meta name=\"twitter:card\" content=\"summary_large_image\" \/>\n<meta name=\"twitter:label1\" content=\"Escrito por\" \/>\n\t<meta name=\"twitter:data1\" content=\"Farn\u00e9sio\" \/>\n\t<meta name=\"twitter:label2\" content=\"Est. tempo de leitura\" \/>\n\t<meta name=\"twitter:data2\" content=\"2 minutos\" \/>\n<script type=\"application\/ld+json\" class=\"yoast-schema-graph\">{\"@context\":\"https:\\\/\\\/schema.org\",\"@graph\":[{\"@type\":\"Article\",\"@id\":\"https:\\\/\\\/blogdofarnesio.com.br\\\/?p=387426#article\",\"isPartOf\":{\"@id\":\"https:\\\/\\\/blogdofarnesio.com.br\\\/?p=387426\"},\"author\":{\"name\":\"Farn\u00e9sio\",\"@id\":\"https:\\\/\\\/blogdofarnesio.com.br\\\/#\\\/schema\\\/person\\\/bb9b23ae3ad0609ce8df7b6c9e76824d\"},\"headline\":\"Pol\u00edcia apreende 8 toneladas de pescado ilegal transportado de Remanso, desta vez em Dom Inoc\u00eancio\",\"datePublished\":\"2025-02-11T18:03:44+00:00\",\"mainEntityOfPage\":{\"@id\":\"https:\\\/\\\/blogdofarnesio.com.br\\\/?p=387426\"},\"wordCount\":251,\"commentCount\":0,\"publisher\":{\"@id\":\"https:\\\/\\\/blogdofarnesio.com.br\\\/#organization\"},\"image\":{\"@id\":\"https:\\\/\\\/blogdofarnesio.com.br\\\/?p=387426#primaryimage\"},\"thumbnailUrl\":\"https:\\\/\\\/blogdofarnesio.com.br\\\/wp-content\\\/uploads\\\/2025\\\/02\\\/blogqspremanso-peixe-apreendido-e1739279511766.jpeg\",\"articleSection\":[\"Economia\"],\"inLanguage\":\"pt-BR\",\"potentialAction\":[{\"@type\":\"CommentAction\",\"name\":\"Comment\",\"target\":[\"https:\\\/\\\/blogdofarnesio.com.br\\\/?p=387426#respond\"]}]},{\"@type\":\"WebPage\",\"@id\":\"https:\\\/\\\/blogdofarnesio.com.br\\\/?p=387426\",\"url\":\"https:\\\/\\\/blogdofarnesio.com.br\\\/?p=387426\",\"name\":\"Pol\u00edcia apreende 8 toneladas de pescado ilegal transportado de Remanso, desta vez em Dom Inoc\u00eancio - Blog do Farn\u00e9sio\",\"isPartOf\":{\"@id\":\"https:\\\/\\\/blogdofarnesio.com.br\\\/#website\"},\"primaryImageOfPage\":{\"@id\":\"https:\\\/\\\/blogdofarnesio.com.br\\\/?p=387426#primaryimage\"},\"image\":{\"@id\":\"https:\\\/\\\/blogdofarnesio.com.br\\\/?p=387426#primaryimage\"},\"thumbnailUrl\":\"https:\\\/\\\/blogdofarnesio.com.br\\\/wp-content\\\/uploads\\\/2025\\\/02\\\/blogqspremanso-peixe-apreendido-e1739279511766.jpeg\",\"datePublished\":\"2025-02-11T18:03:44+00:00\",\"breadcrumb\":{\"@id\":\"https:\\\/\\\/blogdofarnesio.com.br\\\/?p=387426#breadcrumb\"},\"inLanguage\":\"pt-BR\",\"potentialAction\":[{\"@type\":\"ReadAction\",\"target\":[\"https:\\\/\\\/blogdofarnesio.com.br\\\/?p=387426\"]}]},{\"@type\":\"ImageObject\",\"inLanguage\":\"pt-BR\",\"@id\":\"https:\\\/\\\/blogdofarnesio.com.br\\\/?p=387426#primaryimage\",\"url\":\"https:\\\/\\\/blogdofarnesio.com.br\\\/wp-content\\\/uploads\\\/2025\\\/02\\\/blogqspremanso-peixe-apreendido-e1739279511766.jpeg\",\"contentUrl\":\"https:\\\/\\\/blogdofarnesio.com.br\\\/wp-content\\\/uploads\\\/2025\\\/02\\\/blogqspremanso-peixe-apreendido-e1739279511766.jpeg\",\"width\":550,\"height\":362},{\"@type\":\"BreadcrumbList\",\"@id\":\"https:\\\/\\\/blogdofarnesio.com.br\\\/?p=387426#breadcrumb\",\"itemListElement\":[{\"@type\":\"ListItem\",\"position\":1,\"name\":\"In\u00edcio\",\"item\":\"https:\\\/\\\/blogdofarnesio.com.br\\\/\"},{\"@type\":\"ListItem\",\"position\":2,\"name\":\"Pol\u00edcia apreende 8 toneladas de pescado ilegal transportado de Remanso, desta vez em Dom Inoc\u00eancio\"}]},{\"@type\":\"WebSite\",\"@id\":\"https:\\\/\\\/blogdofarnesio.com.br\\\/#website\",\"url\":\"https:\\\/\\\/blogdofarnesio.com.br\\\/\",\"name\":\"Blog do Farn\u00e9sio\",\"description\":\"Quer Saber Pol\u00edtica?\",\"publisher\":{\"@id\":\"https:\\\/\\\/blogdofarnesio.com.br\\\/#organization\"},\"potentialAction\":[{\"@type\":\"SearchAction\",\"target\":{\"@type\":\"EntryPoint\",\"urlTemplate\":\"https:\\\/\\\/blogdofarnesio.com.br\\\/?s={search_term_string}\"},\"query-input\":{\"@type\":\"PropertyValueSpecification\",\"valueRequired\":true,\"valueName\":\"search_term_string\"}}],\"inLanguage\":\"pt-BR\"},{\"@type\":\"Organization\",\"@id\":\"https:\\\/\\\/blogdofarnesio.com.br\\\/#organization\",\"name\":\"Blog do Farn\u00e9sio\",\"url\":\"https:\\\/\\\/blogdofarnesio.com.br\\\/\",\"logo\":{\"@type\":\"ImageObject\",\"inLanguage\":\"pt-BR\",\"@id\":\"https:\\\/\\\/blogdofarnesio.com.br\\\/#\\\/schema\\\/logo\\\/image\\\/\",\"url\":\"https:\\\/\\\/blogdofarnesio.com.br\\\/wp-content\\\/uploads\\\/2026\\\/03\\\/cropped-logo_new-1.png\",\"contentUrl\":\"https:\\\/\\\/blogdofarnesio.com.br\\\/wp-content\\\/uploads\\\/2026\\\/03\\\/cropped-logo_new-1.png\",\"width\":881,\"height\":685,\"caption\":\"Blog do Farn\u00e9sio\"},\"image\":{\"@id\":\"https:\\\/\\\/blogdofarnesio.com.br\\\/#\\\/schema\\\/logo\\\/image\\\/\"},\"sameAs\":[\"https:\\\/\\\/www.facebook.com\\\/BlogQuerSaberPolitica\\\/\"]},{\"@type\":\"Person\",\"@id\":\"https:\\\/\\\/blogdofarnesio.com.br\\\/#\\\/schema\\\/person\\\/bb9b23ae3ad0609ce8df7b6c9e76824d\",\"name\":\"Farn\u00e9sio\",\"image\":{\"@type\":\"ImageObject\",\"inLanguage\":\"pt-BR\",\"@id\":\"https:\\\/\\\/secure.gravatar.com\\\/avatar\\\/986aa4c61ccdb66f8555bf88fc2a65609d00bcabd4d2d94377a727547345cbca?s=96&d=mm&r=g\",\"url\":\"https:\\\/\\\/secure.gravatar.com\\\/avatar\\\/986aa4c61ccdb66f8555bf88fc2a65609d00bcabd4d2d94377a727547345cbca?s=96&d=mm&r=g\",\"contentUrl\":\"https:\\\/\\\/secure.gravatar.com\\\/avatar\\\/986aa4c61ccdb66f8555bf88fc2a65609d00bcabd4d2d94377a727547345cbca?s=96&d=mm&r=g\",\"caption\":\"Farn\u00e9sio\"},\"description\":\"Radialista blogueiro, chegou a Petrolina\\\/Juazeiro em setembro de 1980, Farn\u00e9sio Silva \u00e9 de Arapiraca-Alagoas.\",\"sameAs\":[\"http:\\\/\\\/blogdofarnesio.com.br\",\"https:\\\/\\\/www.facebook.com\\\/?ref=tn_tnmn\",\"https:\\\/\\\/www.instagram.com\\\/?utm_source=pwa_homescreen\",\"https:\\\/\\\/youtube.com.br\\\/\"],\"url\":\"https:\\\/\\\/blogdofarnesio.com.br\\\/?author=2\"}]}<\/script>\n<!-- \/ Yoast SEO plugin. -->","yoast_head_json":{"title":"Pol\u00edcia apreende 8 toneladas de pescado ilegal transportado de Remanso, desta vez em Dom Inoc\u00eancio - Blog do Farn\u00e9sio","robots":{"index":"index","follow":"follow","max-snippet":"max-snippet:-1","max-image-preview":"max-image-preview:large","max-video-preview":"max-video-preview:-1"},"canonical":"https:\/\/blogdofarnesio.com.br\/?p=387426","og_locale":"pt_BR","og_type":"article","og_title":"Pol\u00edcia apreende 8 toneladas de pescado ilegal transportado de Remanso, desta vez em Dom Inoc\u00eancio - Blog do Farn\u00e9sio","og_description":"A Pol\u00edcia Militar do Piau\u00ed, por meio da 1\u00aa Companhia Independente de Policiamento Ambiental (1\u00aa CIPA), apreendeu aproximadamente 8 toneladas de pescado ilegal na noite deste domingo (09). A opera\u00e7\u00e3o ocorreu no povoado Cacimbas, no munic\u00edpio de Dom Inoc\u00eancio, e teve como objetivo combater crimes ambientais relacionados \u00e0 pesca predat\u00f3ria. A equipe foi acionada ap\u00f3s uma den\u00fancia informar que um caminh\u00e3o, com problemas mec\u00e2nicos, transportava pescado de forma irregular. Por volta das 21h50, os policiais chegaram ao local e confirmaram a infra\u00e7\u00e3o. A carga continha peixes das esp\u00e9cies mandi, piau e cascudo, retirados do Rio S\u00e3o Francisco. O carregamento havia sa\u00eddo de Remanso, na Bahia, e tinha como destino a cidade de Caxias, no Maranh\u00e3o. Segundo as investiga\u00e7\u00f5es, os respons\u00e1veis&hellip;","og_url":"https:\/\/blogdofarnesio.com.br\/?p=387426","og_site_name":"Blog do Farn\u00e9sio","article_publisher":"https:\/\/www.facebook.com\/BlogQuerSaberPolitica\/","article_author":"https:\/\/www.facebook.com\/?ref=tn_tnmn","article_published_time":"2025-02-11T18:03:44+00:00","og_image":[{"width":550,"height":362,"url":"https:\/\/blogdofarnesio.com.br\/wp-content\/uploads\/2025\/02\/blogqspremanso-peixe-apreendido-e1739279511766.jpeg","type":"image\/jpeg"}],"author":"Farn\u00e9sio","twitter_card":"summary_large_image","twitter_misc":{"Escrito por":"Farn\u00e9sio","Est. tempo de leitura":"2 minutos"},"schema":{"@context":"https:\/\/schema.org","@graph":[{"@type":"Article","@id":"https:\/\/blogdofarnesio.com.br\/?p=387426#article","isPartOf":{"@id":"https:\/\/blogdofarnesio.com.br\/?p=387426"},"author":{"name":"Farn\u00e9sio","@id":"https:\/\/blogdofarnesio.com.br\/#\/schema\/person\/bb9b23ae3ad0609ce8df7b6c9e76824d"},"headline":"Pol\u00edcia apreende 8 toneladas de pescado ilegal transportado de Remanso, desta vez em Dom Inoc\u00eancio","datePublished":"2025-02-11T18:03:44+00:00","mainEntityOfPage":{"@id":"https:\/\/blogdofarnesio.com.br\/?p=387426"},"wordCount":251,"commentCount":0,"publisher":{"@id":"https:\/\/blogdofarnesio.com.br\/#organization"},"image":{"@id":"https:\/\/blogdofarnesio.com.br\/?p=387426#primaryimage"},"thumbnailUrl":"https:\/\/blogdofarnesio.com.br\/wp-content\/uploads\/2025\/02\/blogqspremanso-peixe-apreendido-e1739279511766.jpeg","articleSection":["Economia"],"inLanguage":"pt-BR","potentialAction":[{"@type":"CommentAction","name":"Comment","target":["https:\/\/blogdofarnesio.com.br\/?p=387426#respond"]}]},{"@type":"WebPage","@id":"https:\/\/blogdofarnesio.com.br\/?p=387426","url":"https:\/\/blogdofarnesio.com.br\/?p=387426","name":"Pol\u00edcia apreende 8 toneladas de pescado ilegal transportado de Remanso, desta vez em Dom Inoc\u00eancio - Blog do Farn\u00e9sio","isPartOf":{"@id":"https:\/\/blogdofarnesio.com.br\/#website"},"primaryImageOfPage":{"@id":"https:\/\/blogdofarnesio.com.br\/?p=387426#primaryimage"},"image":{"@id":"https:\/\/blogdofarnesio.com.br\/?p=387426#primaryimage"},"thumbnailUrl":"https:\/\/blogdofarnesio.com.br\/wp-content\/uploads\/2025\/02\/blogqspremanso-peixe-apreendido-e1739279511766.jpeg","datePublished":"2025-02-11T18:03:44+00:00","breadcrumb":{"@id":"https:\/\/blogdofarnesio.com.br\/?p=387426#breadcrumb"},"inLanguage":"pt-BR","potentialAction":[{"@type":"ReadAction","target":["https:\/\/blogdofarnesio.com.br\/?p=387426"]}]},{"@type":"ImageObject","inLanguage":"pt-BR","@id":"https:\/\/blogdofarnesio.com.br\/?p=387426#primaryimage","url":"https:\/\/blogdofarnesio.com.br\/wp-content\/uploads\/2025\/02\/blogqspremanso-peixe-apreendido-e1739279511766.jpeg","contentUrl":"https:\/\/blogdofarnesio.com.br\/wp-content\/uploads\/2025\/02\/blogqspremanso-peixe-apreendido-e1739279511766.jpeg","width":550,"height":362},{"@type":"BreadcrumbList","@id":"https:\/\/blogdofarnesio.com.br\/?p=387426#breadcrumb","itemListElement":[{"@type":"ListItem","position":1,"name":"In\u00edcio","item":"https:\/\/blogdofarnesio.com.br\/"},{"@type":"ListItem","position":2,"name":"Pol\u00edcia apreende 8 toneladas de pescado ilegal transportado de Remanso, desta vez em Dom Inoc\u00eancio"}]},{"@type":"WebSite","@id":"https:\/\/blogdofarnesio.com.br\/#website","url":"https:\/\/blogdofarnesio.com.br\/","name":"Blog do Farn\u00e9sio","description":"Quer Saber Pol\u00edtica?","publisher":{"@id":"https:\/\/blogdofarnesio.com.br\/#organization"},"potentialAction":[{"@type":"SearchAction","target":{"@type":"EntryPoint","urlTemplate":"https:\/\/blogdofarnesio.com.br\/?s={search_term_string}"},"query-input":{"@type":"PropertyValueSpecification","valueRequired":true,"valueName":"search_term_string"}}],"inLanguage":"pt-BR"},{"@type":"Organization","@id":"https:\/\/blogdofarnesio.com.br\/#organization","name":"Blog do Farn\u00e9sio","url":"https:\/\/blogdofarnesio.com.br\/","logo":{"@type":"ImageObject","inLanguage":"pt-BR","@id":"https:\/\/blogdofarnesio.com.br\/#\/schema\/logo\/image\/","url":"https:\/\/blogdofarnesio.com.br\/wp-content\/uploads\/2026\/03\/cropped-logo_new-1.png","contentUrl":"https:\/\/blogdofarnesio.com.br\/wp-content\/uploads\/2026\/03\/cropped-logo_new-1.png","width":881,"height":685,"caption":"Blog do Farn\u00e9sio"},"image":{"@id":"https:\/\/blogdofarnesio.com.br\/#\/schema\/logo\/image\/"},"sameAs":["https:\/\/www.facebook.com\/BlogQuerSaberPolitica\/"]},{"@type":"Person","@id":"https:\/\/blogdofarnesio.com.br\/#\/schema\/person\/bb9b23ae3ad0609ce8df7b6c9e76824d","name":"Farn\u00e9sio","image":{"@type":"ImageObject","inLanguage":"pt-BR","@id":"https:\/\/secure.gravatar.com\/avatar\/986aa4c61ccdb66f8555bf88fc2a65609d00bcabd4d2d94377a727547345cbca?s=96&d=mm&r=g","url":"https:\/\/secure.gravatar.com\/avatar\/986aa4c61ccdb66f8555bf88fc2a65609d00bcabd4d2d94377a727547345cbca?s=96&d=mm&r=g","contentUrl":"https:\/\/secure.gravatar.com\/avatar\/986aa4c61ccdb66f8555bf88fc2a65609d00bcabd4d2d94377a727547345cbca?s=96&d=mm&r=g","caption":"Farn\u00e9sio"},"description":"Radialista blogueiro, chegou a Petrolina\/Juazeiro em setembro de 1980, Farn\u00e9sio Silva \u00e9 de Arapiraca-Alagoas.","sameAs":["http:\/\/blogdofarnesio.com.br","https:\/\/www.facebook.com\/?ref=tn_tnmn","https:\/\/www.instagram.com\/?utm_source=pwa_homescreen","https:\/\/youtube.com.br\/"],"url":"https:\/\/blogdofarnesio.com.br\/?author=2"}]}},"_links":{"self":[{"href":"https:\/\/blogdofarnesio.com.br\/index.php?rest_route=\/wp\/v2\/posts\/387426","targetHints":{"allow":["GET"]}}],"collection":[{"href":"https:\/\/blogdofarnesio.com.br\/index.php?rest_route=\/wp\/v2\/posts"}],"about":[{"href":"https:\/\/blogdofarnesio.com.br\/index.php?rest_route=\/wp\/v2\/types\/post"}],"author":[{"embeddable":true,"href":"https:\/\/blogdofarnesio.com.br\/index.php?rest_route=\/wp\/v2\/users\/2"}],"replies":[{"embeddable":true,"href":"https:\/\/blogdofarnesio.com.br\/index.php?rest_route=%2Fwp%2Fv2%2Fcomments&post=387426"}],"version-history":[{"count":0,"href":"https:\/\/blogdofarnesio.com.br\/index.php?rest_route=\/wp\/v2\/posts\/387426\/revisions"}],"wp:featuredmedia":[{"embeddable":true,"href":"https:\/\/blogdofarnesio.com.br\/index.php?rest_route=\/wp\/v2\/media\/387427"}],"wp:attachment":[{"href":"https:\/\/blogdofarnesio.com.br\/index.php?rest_route=%2Fwp%2Fv2%2Fmedia&parent=387426"}],"wp:term":[{"taxonomy":"category","embeddable":true,"href":"https:\/\/blogdofarnesio.com.br\/index.php?rest_route=%2Fwp%2Fv2%2Fcategories&post=387426"},{"taxonomy":"post_tag","embeddable":true,"href":"https:\/\/blogdofarnesio.com.br\/index.php?rest_route=%2Fwp%2Fv2%2Ftags&post=387426"}],"curies":[{"name":"wp","href":"https:\/\/api.w.org\/{rel}","templated":true}]}}