{"id":387176,"date":"2025-02-07T14:21:14","date_gmt":"2025-02-07T17:21:14","guid":{"rendered":"https:\/\/blogdofarnesio.com.br\/?p=387176"},"modified":"2025-02-07T11:01:57","modified_gmt":"2025-02-07T14:01:57","slug":"sedes-firma-parceria-com-o-sebrae-juazeiro-para-a-realizacao-de-cursos-de-qualificacao-em-empreendedorismo","status":"publish","type":"post","link":"https:\/\/blogdofarnesio.com.br\/?p=387176","title":{"rendered":"Sedes firma parceria com o Sebrae Juazeiro para a realiza\u00e7\u00e3o de cursos de qualifica\u00e7\u00e3o em empreendedorismo"},"content":{"rendered":"<p style=\"font-weight: 400;\">Firmar parcerias de empreendedorismo para transformar a vida das pessoas em vulnerabilidade social, este foi o tema da reuni\u00e3o realizada na \u00faltima quarta-feira (5), entre a Secretaria de Desenvolvimento Social, Diversidade, Igualdade Racial e Combate \u00e0 Fome de Juazeiro e o Sebrae.<\/p>\n<p style=\"font-weight: 400;\">Na ocasi\u00e3o, foi tra\u00e7ado um perfil da popula\u00e7\u00e3o juazeirense, entre homens e mulheres que utilizam os benef\u00edcios sociais do governo e est\u00e3o aptos a aprender e desenvolver uma atividade de trabalho no ramo empreendedor.<\/p>\n<p style=\"font-weight: 400;\">Carlos Cointeiro, Gerente Regional do Sebrae, afirma a import\u00e2ncia da iniciativa da secretaria em buscar parcerias paras a\u00e7\u00f5es que melhorem a vida dos cidad\u00e3os do munic\u00edpio: \u201ca gente enxerga isso com bons olhos e \u00e9 muito bem-vinda essa procura para a realiza\u00e7\u00e3o da parceria porque o ambiente do desenvolvimento econ\u00f4mico e social da cidade precisa ser integrado e, principalmente, fazer a integra\u00e7\u00e3o das pessoas que est\u00e3o em algum estado de vulnerabilidade e precisam ter um apoio para poder transformar suas vidas e sair dessa situa\u00e7\u00e3o\u201d.<\/p>\n<p style=\"font-weight: 400;\">Priorizando \u00e0queles que utilizam os servi\u00e7os dos Centros de Refer\u00eancia de Assist\u00eancia Social (CRAS), as mulheres ser\u00e3o a maioria do p\u00fablico alvo para os cursos, que tem como objetivo principal a forma\u00e7\u00e3o empreendedora, ou seja, o aprendizado de uma atividade econ\u00f4mica, para que atrav\u00e9s dela obtenham uma renda e consigam a mudan\u00e7a de vida de suas fam\u00edlias, migrando do estado de vulnerabilidade para o estado de dignidade, atrav\u00e9s do trabalho, da atividade econ\u00f4mica e da gera\u00e7\u00e3o de renda.<\/p>\n<p style=\"font-weight: 400;\">A superintendente do Sistema \u00danico de Assist\u00eancia Social, Maria Quit\u00e9ria, confirma o saldo positivo da reuni\u00e3o e a expectativa para a futura instala\u00e7\u00e3o dos projetos pilotos nos CRAS do munic\u00edpio: \u201cA autonomia econ\u00f4mica da popula\u00e7\u00e3o e essa transforma\u00e7\u00e3o na vida das pessoas, ela s\u00f3 vem atrav\u00e9s de investimento. Investimento em cursos de qualifica\u00e7\u00e3o e investimento na pessoa. A gente vai trabalhar, tamb\u00e9m, a autoestima dessas mulheres, dentro dos CRAS, onde a gente pretende instalar esse projeto piloto. S\u00f3 atrav\u00e9s de qualifica\u00e7\u00e3o e da autonomia financeira dessas mulheres \u00e9 que a gente consegue avan\u00e7ar na nossa sociedade\u201d.<\/p>\n<p style=\"font-weight: 400;\">\n<p style=\"font-weight: 400;\">ASCOM PMJ<\/p>\n","protected":false},"excerpt":{"rendered":"<p>Firmar parcerias de empreendedorismo para transformar a vida das pessoas em vulnerabilidade social, este foi o tema da reuni\u00e3o realizada na \u00faltima quarta-feira (5), entre a Secretaria de Desenvolvimento Social, Diversidade, Igualdade Racial e Combate \u00e0 Fome de Juazeiro e o Sebrae. Na ocasi\u00e3o, foi tra\u00e7ado um perfil da popula\u00e7\u00e3o juazeirense, entre homens e mulheres que utilizam os benef\u00edcios sociais do governo e est\u00e3o aptos a aprender e desenvolver uma atividade de trabalho no ramo empreendedor. Carlos Cointeiro, Gerente Regional do Sebrae, afirma a import\u00e2ncia da iniciativa da secretaria em buscar parcerias paras a\u00e7\u00f5es que melhorem a vida dos cidad\u00e3os do munic\u00edpio: \u201ca gente enxerga isso com bons olhos e \u00e9 muito bem-vinda essa procura para a realiza\u00e7\u00e3o da parceria&hellip; <\/p>\n","protected":false},"author":2,"featured_media":387177,"comment_status":"open","ping_status":"open","sticky":false,"template":"","format":"standard","meta":{"_acf_changed":false,"footnotes":""},"categories":[20],"tags":[],"class_list":["post-387176","post","type-post","status-publish","format-standard","has-post-thumbnail","hentry","category-economia"],"acf":[],"yoast_head":"<!-- This site is optimized with the Yoast SEO plugin v27.4 - https:\/\/yoast.com\/product\/yoast-seo-wordpress\/ -->\n<title>Sedes firma parceria com o Sebrae Juazeiro para a realiza\u00e7\u00e3o de cursos de qualifica\u00e7\u00e3o em empreendedorismo - Blog do Farn\u00e9sio<\/title>\n<meta name=\"robots\" content=\"index, follow, max-snippet:-1, max-image-preview:large, max-video-preview:-1\" \/>\n<link rel=\"canonical\" href=\"https:\/\/blogdofarnesio.com.br\/?p=387176\" \/>\n<meta property=\"og:locale\" content=\"pt_BR\" \/>\n<meta property=\"og:type\" content=\"article\" \/>\n<meta property=\"og:title\" content=\"Sedes firma parceria com o Sebrae Juazeiro para a realiza\u00e7\u00e3o de cursos de qualifica\u00e7\u00e3o em empreendedorismo - Blog do Farn\u00e9sio\" \/>\n<meta property=\"og:description\" content=\"Firmar parcerias de empreendedorismo para transformar a vida das pessoas em vulnerabilidade social, este foi o tema da reuni\u00e3o realizada na \u00faltima quarta-feira (5), entre a Secretaria de Desenvolvimento Social, Diversidade, Igualdade Racial e Combate \u00e0 Fome de Juazeiro e o Sebrae. Na ocasi\u00e3o, foi tra\u00e7ado um perfil da popula\u00e7\u00e3o juazeirense, entre homens e mulheres que utilizam os benef\u00edcios sociais do governo e est\u00e3o aptos a aprender e desenvolver uma atividade de trabalho no ramo empreendedor. Carlos Cointeiro, Gerente Regional do Sebrae, afirma a import\u00e2ncia da iniciativa da secretaria em buscar parcerias paras a\u00e7\u00f5es que melhorem a vida dos cidad\u00e3os do munic\u00edpio: \u201ca gente enxerga isso com bons olhos e \u00e9 muito bem-vinda essa procura para a realiza\u00e7\u00e3o da parceria&hellip;\" \/>\n<meta property=\"og:url\" content=\"https:\/\/blogdofarnesio.com.br\/?p=387176\" \/>\n<meta property=\"og:site_name\" content=\"Blog do Farn\u00e9sio\" \/>\n<meta property=\"article:publisher\" content=\"https:\/\/www.facebook.com\/BlogQuerSaberPolitica\/\" \/>\n<meta property=\"article:author\" content=\"https:\/\/www.facebook.com\/?ref=tn_tnmn\" \/>\n<meta property=\"article:published_time\" content=\"2025-02-07T17:21:14+00:00\" \/>\n<meta property=\"og:image\" content=\"https:\/\/blogdofarnesio.com.br\/wp-content\/uploads\/2025\/02\/Sedes-II-scaled-e1738936879807.jpeg\" \/>\n\t<meta property=\"og:image:width\" content=\"560\" \/>\n\t<meta property=\"og:image:height\" content=\"315\" \/>\n\t<meta property=\"og:image:type\" content=\"image\/jpeg\" \/>\n<meta name=\"author\" content=\"Farn\u00e9sio\" \/>\n<meta name=\"twitter:card\" content=\"summary_large_image\" \/>\n<meta name=\"twitter:label1\" content=\"Escrito por\" \/>\n\t<meta name=\"twitter:data1\" content=\"Farn\u00e9sio\" \/>\n\t<meta name=\"twitter:label2\" content=\"Est. tempo de leitura\" \/>\n\t<meta name=\"twitter:data2\" content=\"3 minutos\" \/>\n<script type=\"application\/ld+json\" class=\"yoast-schema-graph\">{\"@context\":\"https:\\\/\\\/schema.org\",\"@graph\":[{\"@type\":\"Article\",\"@id\":\"https:\\\/\\\/blogdofarnesio.com.br\\\/?p=387176#article\",\"isPartOf\":{\"@id\":\"https:\\\/\\\/blogdofarnesio.com.br\\\/?p=387176\"},\"author\":{\"name\":\"Farn\u00e9sio\",\"@id\":\"https:\\\/\\\/blogdofarnesio.com.br\\\/#\\\/schema\\\/person\\\/bb9b23ae3ad0609ce8df7b6c9e76824d\"},\"headline\":\"Sedes firma parceria com o Sebrae Juazeiro para a realiza\u00e7\u00e3o de cursos de qualifica\u00e7\u00e3o em empreendedorismo\",\"datePublished\":\"2025-02-07T17:21:14+00:00\",\"mainEntityOfPage\":{\"@id\":\"https:\\\/\\\/blogdofarnesio.com.br\\\/?p=387176\"},\"wordCount\":393,\"commentCount\":0,\"publisher\":{\"@id\":\"https:\\\/\\\/blogdofarnesio.com.br\\\/#organization\"},\"image\":{\"@id\":\"https:\\\/\\\/blogdofarnesio.com.br\\\/?p=387176#primaryimage\"},\"thumbnailUrl\":\"https:\\\/\\\/blogdofarnesio.com.br\\\/wp-content\\\/uploads\\\/2025\\\/02\\\/Sedes-II-scaled-e1738936879807.jpeg\",\"articleSection\":[\"Economia\"],\"inLanguage\":\"pt-BR\",\"potentialAction\":[{\"@type\":\"CommentAction\",\"name\":\"Comment\",\"target\":[\"https:\\\/\\\/blogdofarnesio.com.br\\\/?p=387176#respond\"]}]},{\"@type\":\"WebPage\",\"@id\":\"https:\\\/\\\/blogdofarnesio.com.br\\\/?p=387176\",\"url\":\"https:\\\/\\\/blogdofarnesio.com.br\\\/?p=387176\",\"name\":\"Sedes firma parceria com o Sebrae Juazeiro para a realiza\u00e7\u00e3o de cursos de qualifica\u00e7\u00e3o em empreendedorismo - Blog do Farn\u00e9sio\",\"isPartOf\":{\"@id\":\"https:\\\/\\\/blogdofarnesio.com.br\\\/#website\"},\"primaryImageOfPage\":{\"@id\":\"https:\\\/\\\/blogdofarnesio.com.br\\\/?p=387176#primaryimage\"},\"image\":{\"@id\":\"https:\\\/\\\/blogdofarnesio.com.br\\\/?p=387176#primaryimage\"},\"thumbnailUrl\":\"https:\\\/\\\/blogdofarnesio.com.br\\\/wp-content\\\/uploads\\\/2025\\\/02\\\/Sedes-II-scaled-e1738936879807.jpeg\",\"datePublished\":\"2025-02-07T17:21:14+00:00\",\"breadcrumb\":{\"@id\":\"https:\\\/\\\/blogdofarnesio.com.br\\\/?p=387176#breadcrumb\"},\"inLanguage\":\"pt-BR\",\"potentialAction\":[{\"@type\":\"ReadAction\",\"target\":[\"https:\\\/\\\/blogdofarnesio.com.br\\\/?p=387176\"]}]},{\"@type\":\"ImageObject\",\"inLanguage\":\"pt-BR\",\"@id\":\"https:\\\/\\\/blogdofarnesio.com.br\\\/?p=387176#primaryimage\",\"url\":\"https:\\\/\\\/blogdofarnesio.com.br\\\/wp-content\\\/uploads\\\/2025\\\/02\\\/Sedes-II-scaled-e1738936879807.jpeg\",\"contentUrl\":\"https:\\\/\\\/blogdofarnesio.com.br\\\/wp-content\\\/uploads\\\/2025\\\/02\\\/Sedes-II-scaled-e1738936879807.jpeg\",\"width\":560,\"height\":315},{\"@type\":\"BreadcrumbList\",\"@id\":\"https:\\\/\\\/blogdofarnesio.com.br\\\/?p=387176#breadcrumb\",\"itemListElement\":[{\"@type\":\"ListItem\",\"position\":1,\"name\":\"In\u00edcio\",\"item\":\"https:\\\/\\\/blogdofarnesio.com.br\\\/\"},{\"@type\":\"ListItem\",\"position\":2,\"name\":\"Sedes firma parceria com o Sebrae Juazeiro para a realiza\u00e7\u00e3o de cursos de qualifica\u00e7\u00e3o em empreendedorismo\"}]},{\"@type\":\"WebSite\",\"@id\":\"https:\\\/\\\/blogdofarnesio.com.br\\\/#website\",\"url\":\"https:\\\/\\\/blogdofarnesio.com.br\\\/\",\"name\":\"Blog do Farn\u00e9sio\",\"description\":\"Quer Saber Pol\u00edtica?\",\"publisher\":{\"@id\":\"https:\\\/\\\/blogdofarnesio.com.br\\\/#organization\"},\"potentialAction\":[{\"@type\":\"SearchAction\",\"target\":{\"@type\":\"EntryPoint\",\"urlTemplate\":\"https:\\\/\\\/blogdofarnesio.com.br\\\/?s={search_term_string}\"},\"query-input\":{\"@type\":\"PropertyValueSpecification\",\"valueRequired\":true,\"valueName\":\"search_term_string\"}}],\"inLanguage\":\"pt-BR\"},{\"@type\":\"Organization\",\"@id\":\"https:\\\/\\\/blogdofarnesio.com.br\\\/#organization\",\"name\":\"Blog do Farn\u00e9sio\",\"url\":\"https:\\\/\\\/blogdofarnesio.com.br\\\/\",\"logo\":{\"@type\":\"ImageObject\",\"inLanguage\":\"pt-BR\",\"@id\":\"https:\\\/\\\/blogdofarnesio.com.br\\\/#\\\/schema\\\/logo\\\/image\\\/\",\"url\":\"https:\\\/\\\/blogdofarnesio.com.br\\\/wp-content\\\/uploads\\\/2026\\\/03\\\/cropped-logo_new-1.png\",\"contentUrl\":\"https:\\\/\\\/blogdofarnesio.com.br\\\/wp-content\\\/uploads\\\/2026\\\/03\\\/cropped-logo_new-1.png\",\"width\":881,\"height\":685,\"caption\":\"Blog do Farn\u00e9sio\"},\"image\":{\"@id\":\"https:\\\/\\\/blogdofarnesio.com.br\\\/#\\\/schema\\\/logo\\\/image\\\/\"},\"sameAs\":[\"https:\\\/\\\/www.facebook.com\\\/BlogQuerSaberPolitica\\\/\"]},{\"@type\":\"Person\",\"@id\":\"https:\\\/\\\/blogdofarnesio.com.br\\\/#\\\/schema\\\/person\\\/bb9b23ae3ad0609ce8df7b6c9e76824d\",\"name\":\"Farn\u00e9sio\",\"image\":{\"@type\":\"ImageObject\",\"inLanguage\":\"pt-BR\",\"@id\":\"https:\\\/\\\/secure.gravatar.com\\\/avatar\\\/986aa4c61ccdb66f8555bf88fc2a65609d00bcabd4d2d94377a727547345cbca?s=96&d=mm&r=g\",\"url\":\"https:\\\/\\\/secure.gravatar.com\\\/avatar\\\/986aa4c61ccdb66f8555bf88fc2a65609d00bcabd4d2d94377a727547345cbca?s=96&d=mm&r=g\",\"contentUrl\":\"https:\\\/\\\/secure.gravatar.com\\\/avatar\\\/986aa4c61ccdb66f8555bf88fc2a65609d00bcabd4d2d94377a727547345cbca?s=96&d=mm&r=g\",\"caption\":\"Farn\u00e9sio\"},\"description\":\"Radialista blogueiro, chegou a Petrolina\\\/Juazeiro em setembro de 1980, Farn\u00e9sio Silva \u00e9 de Arapiraca-Alagoas.\",\"sameAs\":[\"http:\\\/\\\/blogdofarnesio.com.br\",\"https:\\\/\\\/www.facebook.com\\\/?ref=tn_tnmn\",\"https:\\\/\\\/www.instagram.com\\\/?utm_source=pwa_homescreen\",\"https:\\\/\\\/youtube.com.br\\\/\"],\"url\":\"https:\\\/\\\/blogdofarnesio.com.br\\\/?author=2\"}]}<\/script>\n<!-- \/ Yoast SEO plugin. -->","yoast_head_json":{"title":"Sedes firma parceria com o Sebrae Juazeiro para a realiza\u00e7\u00e3o de cursos de qualifica\u00e7\u00e3o em empreendedorismo - Blog do Farn\u00e9sio","robots":{"index":"index","follow":"follow","max-snippet":"max-snippet:-1","max-image-preview":"max-image-preview:large","max-video-preview":"max-video-preview:-1"},"canonical":"https:\/\/blogdofarnesio.com.br\/?p=387176","og_locale":"pt_BR","og_type":"article","og_title":"Sedes firma parceria com o Sebrae Juazeiro para a realiza\u00e7\u00e3o de cursos de qualifica\u00e7\u00e3o em empreendedorismo - Blog do Farn\u00e9sio","og_description":"Firmar parcerias de empreendedorismo para transformar a vida das pessoas em vulnerabilidade social, este foi o tema da reuni\u00e3o realizada na \u00faltima quarta-feira (5), entre a Secretaria de Desenvolvimento Social, Diversidade, Igualdade Racial e Combate \u00e0 Fome de Juazeiro e o Sebrae. Na ocasi\u00e3o, foi tra\u00e7ado um perfil da popula\u00e7\u00e3o juazeirense, entre homens e mulheres que utilizam os benef\u00edcios sociais do governo e est\u00e3o aptos a aprender e desenvolver uma atividade de trabalho no ramo empreendedor. Carlos Cointeiro, Gerente Regional do Sebrae, afirma a import\u00e2ncia da iniciativa da secretaria em buscar parcerias paras a\u00e7\u00f5es que melhorem a vida dos cidad\u00e3os do munic\u00edpio: \u201ca gente enxerga isso com bons olhos e \u00e9 muito bem-vinda essa procura para a realiza\u00e7\u00e3o da parceria&hellip;","og_url":"https:\/\/blogdofarnesio.com.br\/?p=387176","og_site_name":"Blog do Farn\u00e9sio","article_publisher":"https:\/\/www.facebook.com\/BlogQuerSaberPolitica\/","article_author":"https:\/\/www.facebook.com\/?ref=tn_tnmn","article_published_time":"2025-02-07T17:21:14+00:00","og_image":[{"width":560,"height":315,"url":"https:\/\/blogdofarnesio.com.br\/wp-content\/uploads\/2025\/02\/Sedes-II-scaled-e1738936879807.jpeg","type":"image\/jpeg"}],"author":"Farn\u00e9sio","twitter_card":"summary_large_image","twitter_misc":{"Escrito por":"Farn\u00e9sio","Est. tempo de leitura":"3 minutos"},"schema":{"@context":"https:\/\/schema.org","@graph":[{"@type":"Article","@id":"https:\/\/blogdofarnesio.com.br\/?p=387176#article","isPartOf":{"@id":"https:\/\/blogdofarnesio.com.br\/?p=387176"},"author":{"name":"Farn\u00e9sio","@id":"https:\/\/blogdofarnesio.com.br\/#\/schema\/person\/bb9b23ae3ad0609ce8df7b6c9e76824d"},"headline":"Sedes firma parceria com o Sebrae Juazeiro para a realiza\u00e7\u00e3o de cursos de qualifica\u00e7\u00e3o em empreendedorismo","datePublished":"2025-02-07T17:21:14+00:00","mainEntityOfPage":{"@id":"https:\/\/blogdofarnesio.com.br\/?p=387176"},"wordCount":393,"commentCount":0,"publisher":{"@id":"https:\/\/blogdofarnesio.com.br\/#organization"},"image":{"@id":"https:\/\/blogdofarnesio.com.br\/?p=387176#primaryimage"},"thumbnailUrl":"https:\/\/blogdofarnesio.com.br\/wp-content\/uploads\/2025\/02\/Sedes-II-scaled-e1738936879807.jpeg","articleSection":["Economia"],"inLanguage":"pt-BR","potentialAction":[{"@type":"CommentAction","name":"Comment","target":["https:\/\/blogdofarnesio.com.br\/?p=387176#respond"]}]},{"@type":"WebPage","@id":"https:\/\/blogdofarnesio.com.br\/?p=387176","url":"https:\/\/blogdofarnesio.com.br\/?p=387176","name":"Sedes firma parceria com o Sebrae Juazeiro para a realiza\u00e7\u00e3o de cursos de qualifica\u00e7\u00e3o em empreendedorismo - Blog do Farn\u00e9sio","isPartOf":{"@id":"https:\/\/blogdofarnesio.com.br\/#website"},"primaryImageOfPage":{"@id":"https:\/\/blogdofarnesio.com.br\/?p=387176#primaryimage"},"image":{"@id":"https:\/\/blogdofarnesio.com.br\/?p=387176#primaryimage"},"thumbnailUrl":"https:\/\/blogdofarnesio.com.br\/wp-content\/uploads\/2025\/02\/Sedes-II-scaled-e1738936879807.jpeg","datePublished":"2025-02-07T17:21:14+00:00","breadcrumb":{"@id":"https:\/\/blogdofarnesio.com.br\/?p=387176#breadcrumb"},"inLanguage":"pt-BR","potentialAction":[{"@type":"ReadAction","target":["https:\/\/blogdofarnesio.com.br\/?p=387176"]}]},{"@type":"ImageObject","inLanguage":"pt-BR","@id":"https:\/\/blogdofarnesio.com.br\/?p=387176#primaryimage","url":"https:\/\/blogdofarnesio.com.br\/wp-content\/uploads\/2025\/02\/Sedes-II-scaled-e1738936879807.jpeg","contentUrl":"https:\/\/blogdofarnesio.com.br\/wp-content\/uploads\/2025\/02\/Sedes-II-scaled-e1738936879807.jpeg","width":560,"height":315},{"@type":"BreadcrumbList","@id":"https:\/\/blogdofarnesio.com.br\/?p=387176#breadcrumb","itemListElement":[{"@type":"ListItem","position":1,"name":"In\u00edcio","item":"https:\/\/blogdofarnesio.com.br\/"},{"@type":"ListItem","position":2,"name":"Sedes firma parceria com o Sebrae Juazeiro para a realiza\u00e7\u00e3o de cursos de qualifica\u00e7\u00e3o em empreendedorismo"}]},{"@type":"WebSite","@id":"https:\/\/blogdofarnesio.com.br\/#website","url":"https:\/\/blogdofarnesio.com.br\/","name":"Blog do Farn\u00e9sio","description":"Quer Saber Pol\u00edtica?","publisher":{"@id":"https:\/\/blogdofarnesio.com.br\/#organization"},"potentialAction":[{"@type":"SearchAction","target":{"@type":"EntryPoint","urlTemplate":"https:\/\/blogdofarnesio.com.br\/?s={search_term_string}"},"query-input":{"@type":"PropertyValueSpecification","valueRequired":true,"valueName":"search_term_string"}}],"inLanguage":"pt-BR"},{"@type":"Organization","@id":"https:\/\/blogdofarnesio.com.br\/#organization","name":"Blog do Farn\u00e9sio","url":"https:\/\/blogdofarnesio.com.br\/","logo":{"@type":"ImageObject","inLanguage":"pt-BR","@id":"https:\/\/blogdofarnesio.com.br\/#\/schema\/logo\/image\/","url":"https:\/\/blogdofarnesio.com.br\/wp-content\/uploads\/2026\/03\/cropped-logo_new-1.png","contentUrl":"https:\/\/blogdofarnesio.com.br\/wp-content\/uploads\/2026\/03\/cropped-logo_new-1.png","width":881,"height":685,"caption":"Blog do Farn\u00e9sio"},"image":{"@id":"https:\/\/blogdofarnesio.com.br\/#\/schema\/logo\/image\/"},"sameAs":["https:\/\/www.facebook.com\/BlogQuerSaberPolitica\/"]},{"@type":"Person","@id":"https:\/\/blogdofarnesio.com.br\/#\/schema\/person\/bb9b23ae3ad0609ce8df7b6c9e76824d","name":"Farn\u00e9sio","image":{"@type":"ImageObject","inLanguage":"pt-BR","@id":"https:\/\/secure.gravatar.com\/avatar\/986aa4c61ccdb66f8555bf88fc2a65609d00bcabd4d2d94377a727547345cbca?s=96&d=mm&r=g","url":"https:\/\/secure.gravatar.com\/avatar\/986aa4c61ccdb66f8555bf88fc2a65609d00bcabd4d2d94377a727547345cbca?s=96&d=mm&r=g","contentUrl":"https:\/\/secure.gravatar.com\/avatar\/986aa4c61ccdb66f8555bf88fc2a65609d00bcabd4d2d94377a727547345cbca?s=96&d=mm&r=g","caption":"Farn\u00e9sio"},"description":"Radialista blogueiro, chegou a Petrolina\/Juazeiro em setembro de 1980, Farn\u00e9sio Silva \u00e9 de Arapiraca-Alagoas.","sameAs":["http:\/\/blogdofarnesio.com.br","https:\/\/www.facebook.com\/?ref=tn_tnmn","https:\/\/www.instagram.com\/?utm_source=pwa_homescreen","https:\/\/youtube.com.br\/"],"url":"https:\/\/blogdofarnesio.com.br\/?author=2"}]}},"_links":{"self":[{"href":"https:\/\/blogdofarnesio.com.br\/index.php?rest_route=\/wp\/v2\/posts\/387176","targetHints":{"allow":["GET"]}}],"collection":[{"href":"https:\/\/blogdofarnesio.com.br\/index.php?rest_route=\/wp\/v2\/posts"}],"about":[{"href":"https:\/\/blogdofarnesio.com.br\/index.php?rest_route=\/wp\/v2\/types\/post"}],"author":[{"embeddable":true,"href":"https:\/\/blogdofarnesio.com.br\/index.php?rest_route=\/wp\/v2\/users\/2"}],"replies":[{"embeddable":true,"href":"https:\/\/blogdofarnesio.com.br\/index.php?rest_route=%2Fwp%2Fv2%2Fcomments&post=387176"}],"version-history":[{"count":0,"href":"https:\/\/blogdofarnesio.com.br\/index.php?rest_route=\/wp\/v2\/posts\/387176\/revisions"}],"wp:featuredmedia":[{"embeddable":true,"href":"https:\/\/blogdofarnesio.com.br\/index.php?rest_route=\/wp\/v2\/media\/387177"}],"wp:attachment":[{"href":"https:\/\/blogdofarnesio.com.br\/index.php?rest_route=%2Fwp%2Fv2%2Fmedia&parent=387176"}],"wp:term":[{"taxonomy":"category","embeddable":true,"href":"https:\/\/blogdofarnesio.com.br\/index.php?rest_route=%2Fwp%2Fv2%2Fcategories&post=387176"},{"taxonomy":"post_tag","embeddable":true,"href":"https:\/\/blogdofarnesio.com.br\/index.php?rest_route=%2Fwp%2Fv2%2Ftags&post=387176"}],"curies":[{"name":"wp","href":"https:\/\/api.w.org\/{rel}","templated":true}]}}