{"id":38716,"date":"2013-05-05T15:00:05","date_gmt":"2013-05-05T18:00:05","guid":{"rendered":"http:\/\/www.quersaberpolitica.com.br\/?p=38716"},"modified":"2013-05-05T18:14:19","modified_gmt":"2013-05-05T21:14:19","slug":"corretores-ganham-um-novo-espaco-na-prefeitura-de-petrolina","status":"publish","type":"post","link":"https:\/\/blogdofarnesio.com.br\/?p=38716","title":{"rendered":"CORRETORES GANHAM UM NOVO ESPA\u00c7O NA PREFEITURA DE PETROLINA"},"content":{"rendered":"<p style=\"text-align: justify\"><a href=\"http:\/\/www.quersaberpolitica.com.br\/2016\/wp-content\/uploads\/2013\/05\/DSC_-8901-01.jpg\"><img loading=\"lazy\" decoding=\"async\" class=\"alignleft size-medium wp-image-38717\" alt=\"DSC_ 8901 01\" src=\"http:\/\/www.quersaberpolitica.com.br\/2016\/wp-content\/uploads\/2013\/05\/DSC_-8901-01-300x214.jpg\" width=\"300\" height=\"214\" srcset=\"https:\/\/blogdofarnesio.com.br\/wp-content\/uploads\/2013\/05\/DSC_-8901-01-300x214.jpg 300w, https:\/\/blogdofarnesio.com.br\/wp-content\/uploads\/2013\/05\/DSC_-8901-01-1024x731.jpg 1024w, https:\/\/blogdofarnesio.com.br\/wp-content\/uploads\/2013\/05\/DSC_-8901-01-420x300.jpg 420w\" sizes=\"auto, (max-width: 300px) 100vw, 300px\" \/><\/a>Mais agilidade e comodidade para os servi\u00e7os de im\u00f3veis: esses s\u00e3o os principais objetivos da Sala do Corretor, instalada na sede da Prefeitura, no t\u00e9rreo, inaugurado (03).<\/p>\n<p style=\"text-align: justify\">Presentes na solenidade o prefeito municipal, Julio Lossio, o presidente do Conselho Regional de Corretores de Im\u00f3veis, Daniel Flor\u00eancio, o presidente do Sindicato dos Corretores de Im\u00f3veis do Estado de Pernambuco (Sindim\u00f3veis), Paulo Santos, al\u00e9m do Deputado Estadual Odacy Amorim (PT), vereadores, secret\u00e1rios municipais e a comunidade local.<\/p>\n<p style=\"text-align: justify\">\u201cTodos os servi\u00e7os relativos \u00e0s transfer\u00eancias de im\u00f3veis poder\u00e3o ser feitos de forma r\u00e1pida e precisa nesse novo setor\u201d, ressalta o secret\u00e1rio da Receita Municipal, Allan Maux.<!--more--><\/p>\n<p style=\"text-align: justify\">O presidente do Conselho Regional de Corretores de Im\u00f3veis, Daniel Flor\u00eancio, agradeceu o apoio do prefeito Lossio para com a classe de corretores. \u201cN\u00f3s corretores agradecemos o espa\u00e7o que o prefeito Julio Lossio est\u00e1 disponibilizando para nossa categoria. A sociedade de Petrolina ter\u00e1 muitos benef\u00edcios com a atua\u00e7\u00e3o do corretor nas transa\u00e7\u00f5es imobili\u00e1rias e com certeza ter\u00e1 tamb\u00e9m mais seguran\u00e7a\u201d.<\/p>\n<p style=\"text-align: justify\">Lossio, ao final do evento, justificou a import\u00e2ncia da cria\u00e7\u00e3o da Sala do Corretor principalmente para auxiliar as transa\u00e7\u00f5es comerciais de terrenos em Petrolina, o que contribuir\u00e1 para um melhor ordenamento p\u00fablico.<\/p>\n<p style=\"text-align: justify\">\u201cPetrolina hoje \u00e9 uma cidade que tem os seus espa\u00e7os valorizados, pois n\u00f3s procuramos investir em infraestrutura, saneamento b\u00e1sico e pavimenta\u00e7\u00e3o. Por isso o trabalho do corretor \u00e9 de muita import\u00e2ncia. \u00c9 ele que far\u00e1 a intermedia\u00e7\u00e3o nas compras de im\u00f3veis, o que contribuir\u00e1 para a organiza\u00e7\u00e3o da cidade\u201d, frisa Lossio.<\/p>\n<p style=\"text-align: justify\">A Sala do Corretor come\u00e7a a funcionar na pr\u00f3xima segunda-feira (06) sempre das 7h \u00e0s 13h, e o cidad\u00e3o petrolinense poder\u00e1 ter acesso a todos os servi\u00e7os relacionados \u00e0 \u00e1rea imobili\u00e1ria como o Imposto sobre a propriedade predial e territorial urbana (IPTU) e o Imposto Sobre a Transmiss\u00e3o de Bens Im\u00f3veis (ITBI).<\/p>\n<p style=\"text-align: justify\">Texto: Alinne Torres<\/p>\n<p style=\"text-align: justify\">Fotos: GIlson Pereira<\/p>\n","protected":false},"excerpt":{"rendered":"<p>Mais agilidade e comodidade para os servi\u00e7os de im\u00f3veis: esses s\u00e3o os principais objetivos da Sala do Corretor, instalada na sede da Prefeitura, no t\u00e9rreo, inaugurado (03). Presentes na solenidade o prefeito municipal, Julio Lossio, o presidente do Conselho Regional de Corretores de Im\u00f3veis, Daniel Flor\u00eancio, o presidente do Sindicato dos Corretores de Im\u00f3veis do Estado de Pernambuco (Sindim\u00f3veis), Paulo Santos, al\u00e9m do Deputado Estadual Odacy Amorim (PT), vereadores, secret\u00e1rios municipais e a comunidade local. \u201cTodos os servi\u00e7os relativos \u00e0s transfer\u00eancias de im\u00f3veis poder\u00e3o ser feitos de forma r\u00e1pida e precisa nesse novo setor\u201d, ressalta o secret\u00e1rio da Receita Municipal, Allan Maux.<\/p>\n","protected":false},"author":3,"featured_media":0,"comment_status":"open","ping_status":"open","sticky":false,"template":"","format":"standard","meta":{"_acf_changed":false,"footnotes":""},"categories":[20],"tags":[],"class_list":["post-38716","post","type-post","status-publish","format-standard","hentry","category-economia"],"acf":[],"yoast_head":"<!-- This site is optimized with the Yoast SEO plugin v27.4 - https:\/\/yoast.com\/product\/yoast-seo-wordpress\/ -->\n<title>CORRETORES GANHAM UM NOVO ESPA\u00c7O NA PREFEITURA DE PETROLINA - Blog do Farn\u00e9sio<\/title>\n<meta name=\"robots\" content=\"index, follow, max-snippet:-1, max-image-preview:large, max-video-preview:-1\" \/>\n<link rel=\"canonical\" href=\"https:\/\/blogdofarnesio.com.br\/?p=38716\" \/>\n<meta property=\"og:locale\" content=\"pt_BR\" \/>\n<meta property=\"og:type\" content=\"article\" \/>\n<meta property=\"og:title\" content=\"CORRETORES GANHAM UM NOVO ESPA\u00c7O NA PREFEITURA DE PETROLINA - Blog do Farn\u00e9sio\" \/>\n<meta property=\"og:description\" content=\"Mais agilidade e comodidade para os servi\u00e7os de im\u00f3veis: esses s\u00e3o os principais objetivos da Sala do Corretor, instalada na sede da Prefeitura, no t\u00e9rreo, inaugurado (03). Presentes na solenidade o prefeito municipal, Julio Lossio, o presidente do Conselho Regional de Corretores de Im\u00f3veis, Daniel Flor\u00eancio, o presidente do Sindicato dos Corretores de Im\u00f3veis do Estado de Pernambuco (Sindim\u00f3veis), Paulo Santos, al\u00e9m do Deputado Estadual Odacy Amorim (PT), vereadores, secret\u00e1rios municipais e a comunidade local. \u201cTodos os servi\u00e7os relativos \u00e0s transfer\u00eancias de im\u00f3veis poder\u00e3o ser feitos de forma r\u00e1pida e precisa nesse novo setor\u201d, ressalta o secret\u00e1rio da Receita Municipal, Allan Maux.\" \/>\n<meta property=\"og:url\" content=\"https:\/\/blogdofarnesio.com.br\/?p=38716\" \/>\n<meta property=\"og:site_name\" content=\"Blog do Farn\u00e9sio\" \/>\n<meta property=\"article:publisher\" content=\"https:\/\/www.facebook.com\/BlogQuerSaberPolitica\/\" \/>\n<meta property=\"article:published_time\" content=\"2013-05-05T18:00:05+00:00\" \/>\n<meta property=\"article:modified_time\" content=\"2013-05-05T21:14:19+00:00\" \/>\n<meta property=\"og:image\" content=\"http:\/\/www.quersaberpolitica.com.br\/2016\/wp-content\/uploads\/2013\/05\/DSC_-8901-01-300x214.jpg\" \/>\n<meta name=\"author\" content=\"teste\" \/>\n<meta name=\"twitter:card\" content=\"summary_large_image\" \/>\n<meta name=\"twitter:label1\" content=\"Escrito por\" \/>\n\t<meta name=\"twitter:data1\" content=\"teste\" \/>\n\t<meta name=\"twitter:label2\" content=\"Est. tempo de leitura\" \/>\n\t<meta name=\"twitter:data2\" content=\"2 minutos\" \/>\n<script type=\"application\/ld+json\" class=\"yoast-schema-graph\">{\"@context\":\"https:\\\/\\\/schema.org\",\"@graph\":[{\"@type\":\"Article\",\"@id\":\"https:\\\/\\\/blogdofarnesio.com.br\\\/?p=38716#article\",\"isPartOf\":{\"@id\":\"https:\\\/\\\/blogdofarnesio.com.br\\\/?p=38716\"},\"author\":{\"name\":\"teste\",\"@id\":\"https:\\\/\\\/blogdofarnesio.com.br\\\/#\\\/schema\\\/person\\\/dd1bf5eba40b687199ba45ca6b97dff9\"},\"headline\":\"CORRETORES GANHAM UM NOVO ESPA\u00c7O NA PREFEITURA DE PETROLINA\",\"datePublished\":\"2013-05-05T18:00:05+00:00\",\"dateModified\":\"2013-05-05T21:14:19+00:00\",\"mainEntityOfPage\":{\"@id\":\"https:\\\/\\\/blogdofarnesio.com.br\\\/?p=38716\"},\"wordCount\":352,\"commentCount\":0,\"publisher\":{\"@id\":\"https:\\\/\\\/blogdofarnesio.com.br\\\/#organization\"},\"image\":{\"@id\":\"https:\\\/\\\/blogdofarnesio.com.br\\\/?p=38716#primaryimage\"},\"thumbnailUrl\":\"http:\\\/\\\/www.quersaberpolitica.com.br\\\/2016\\\/wp-content\\\/uploads\\\/2013\\\/05\\\/DSC_-8901-01-300x214.jpg\",\"articleSection\":[\"Economia\"],\"inLanguage\":\"pt-BR\",\"potentialAction\":[{\"@type\":\"CommentAction\",\"name\":\"Comment\",\"target\":[\"https:\\\/\\\/blogdofarnesio.com.br\\\/?p=38716#respond\"]}]},{\"@type\":\"WebPage\",\"@id\":\"https:\\\/\\\/blogdofarnesio.com.br\\\/?p=38716\",\"url\":\"https:\\\/\\\/blogdofarnesio.com.br\\\/?p=38716\",\"name\":\"CORRETORES GANHAM UM NOVO ESPA\u00c7O NA PREFEITURA DE PETROLINA - Blog do Farn\u00e9sio\",\"isPartOf\":{\"@id\":\"https:\\\/\\\/blogdofarnesio.com.br\\\/#website\"},\"primaryImageOfPage\":{\"@id\":\"https:\\\/\\\/blogdofarnesio.com.br\\\/?p=38716#primaryimage\"},\"image\":{\"@id\":\"https:\\\/\\\/blogdofarnesio.com.br\\\/?p=38716#primaryimage\"},\"thumbnailUrl\":\"http:\\\/\\\/www.quersaberpolitica.com.br\\\/2016\\\/wp-content\\\/uploads\\\/2013\\\/05\\\/DSC_-8901-01-300x214.jpg\",\"datePublished\":\"2013-05-05T18:00:05+00:00\",\"dateModified\":\"2013-05-05T21:14:19+00:00\",\"breadcrumb\":{\"@id\":\"https:\\\/\\\/blogdofarnesio.com.br\\\/?p=38716#breadcrumb\"},\"inLanguage\":\"pt-BR\",\"potentialAction\":[{\"@type\":\"ReadAction\",\"target\":[\"https:\\\/\\\/blogdofarnesio.com.br\\\/?p=38716\"]}]},{\"@type\":\"ImageObject\",\"inLanguage\":\"pt-BR\",\"@id\":\"https:\\\/\\\/blogdofarnesio.com.br\\\/?p=38716#primaryimage\",\"url\":\"http:\\\/\\\/www.quersaberpolitica.com.br\\\/2016\\\/wp-content\\\/uploads\\\/2013\\\/05\\\/DSC_-8901-01-300x214.jpg\",\"contentUrl\":\"http:\\\/\\\/www.quersaberpolitica.com.br\\\/2016\\\/wp-content\\\/uploads\\\/2013\\\/05\\\/DSC_-8901-01-300x214.jpg\"},{\"@type\":\"BreadcrumbList\",\"@id\":\"https:\\\/\\\/blogdofarnesio.com.br\\\/?p=38716#breadcrumb\",\"itemListElement\":[{\"@type\":\"ListItem\",\"position\":1,\"name\":\"In\u00edcio\",\"item\":\"https:\\\/\\\/blogdofarnesio.com.br\\\/\"},{\"@type\":\"ListItem\",\"position\":2,\"name\":\"CORRETORES GANHAM UM NOVO ESPA\u00c7O NA PREFEITURA DE PETROLINA\"}]},{\"@type\":\"WebSite\",\"@id\":\"https:\\\/\\\/blogdofarnesio.com.br\\\/#website\",\"url\":\"https:\\\/\\\/blogdofarnesio.com.br\\\/\",\"name\":\"Blog do Farn\u00e9sio\",\"description\":\"Quer Saber Pol\u00edtica?\",\"publisher\":{\"@id\":\"https:\\\/\\\/blogdofarnesio.com.br\\\/#organization\"},\"potentialAction\":[{\"@type\":\"SearchAction\",\"target\":{\"@type\":\"EntryPoint\",\"urlTemplate\":\"https:\\\/\\\/blogdofarnesio.com.br\\\/?s={search_term_string}\"},\"query-input\":{\"@type\":\"PropertyValueSpecification\",\"valueRequired\":true,\"valueName\":\"search_term_string\"}}],\"inLanguage\":\"pt-BR\"},{\"@type\":\"Organization\",\"@id\":\"https:\\\/\\\/blogdofarnesio.com.br\\\/#organization\",\"name\":\"Blog do Farn\u00e9sio\",\"url\":\"https:\\\/\\\/blogdofarnesio.com.br\\\/\",\"logo\":{\"@type\":\"ImageObject\",\"inLanguage\":\"pt-BR\",\"@id\":\"https:\\\/\\\/blogdofarnesio.com.br\\\/#\\\/schema\\\/logo\\\/image\\\/\",\"url\":\"https:\\\/\\\/blogdofarnesio.com.br\\\/wp-content\\\/uploads\\\/2026\\\/03\\\/cropped-logo_new-1.png\",\"contentUrl\":\"https:\\\/\\\/blogdofarnesio.com.br\\\/wp-content\\\/uploads\\\/2026\\\/03\\\/cropped-logo_new-1.png\",\"width\":881,\"height\":685,\"caption\":\"Blog do Farn\u00e9sio\"},\"image\":{\"@id\":\"https:\\\/\\\/blogdofarnesio.com.br\\\/#\\\/schema\\\/logo\\\/image\\\/\"},\"sameAs\":[\"https:\\\/\\\/www.facebook.com\\\/BlogQuerSaberPolitica\\\/\"]},{\"@type\":\"Person\",\"@id\":\"https:\\\/\\\/blogdofarnesio.com.br\\\/#\\\/schema\\\/person\\\/dd1bf5eba40b687199ba45ca6b97dff9\",\"name\":\"teste\",\"image\":{\"@type\":\"ImageObject\",\"inLanguage\":\"pt-BR\",\"@id\":\"https:\\\/\\\/secure.gravatar.com\\\/avatar\\\/2172498d4914b51e1d89a0f97957b035ac4938723a5cac208135d389b6972a6d?s=96&d=mm&r=g\",\"url\":\"https:\\\/\\\/secure.gravatar.com\\\/avatar\\\/2172498d4914b51e1d89a0f97957b035ac4938723a5cac208135d389b6972a6d?s=96&d=mm&r=g\",\"contentUrl\":\"https:\\\/\\\/secure.gravatar.com\\\/avatar\\\/2172498d4914b51e1d89a0f97957b035ac4938723a5cac208135d389b6972a6d?s=96&d=mm&r=g\",\"caption\":\"teste\"},\"url\":\"https:\\\/\\\/blogdofarnesio.com.br\\\/?author=3\"}]}<\/script>\n<!-- \/ Yoast SEO plugin. -->","yoast_head_json":{"title":"CORRETORES GANHAM UM NOVO ESPA\u00c7O NA PREFEITURA DE PETROLINA - Blog do Farn\u00e9sio","robots":{"index":"index","follow":"follow","max-snippet":"max-snippet:-1","max-image-preview":"max-image-preview:large","max-video-preview":"max-video-preview:-1"},"canonical":"https:\/\/blogdofarnesio.com.br\/?p=38716","og_locale":"pt_BR","og_type":"article","og_title":"CORRETORES GANHAM UM NOVO ESPA\u00c7O NA PREFEITURA DE PETROLINA - Blog do Farn\u00e9sio","og_description":"Mais agilidade e comodidade para os servi\u00e7os de im\u00f3veis: esses s\u00e3o os principais objetivos da Sala do Corretor, instalada na sede da Prefeitura, no t\u00e9rreo, inaugurado (03). Presentes na solenidade o prefeito municipal, Julio Lossio, o presidente do Conselho Regional de Corretores de Im\u00f3veis, Daniel Flor\u00eancio, o presidente do Sindicato dos Corretores de Im\u00f3veis do Estado de Pernambuco (Sindim\u00f3veis), Paulo Santos, al\u00e9m do Deputado Estadual Odacy Amorim (PT), vereadores, secret\u00e1rios municipais e a comunidade local. \u201cTodos os servi\u00e7os relativos \u00e0s transfer\u00eancias de im\u00f3veis poder\u00e3o ser feitos de forma r\u00e1pida e precisa nesse novo setor\u201d, ressalta o secret\u00e1rio da Receita Municipal, Allan Maux.","og_url":"https:\/\/blogdofarnesio.com.br\/?p=38716","og_site_name":"Blog do Farn\u00e9sio","article_publisher":"https:\/\/www.facebook.com\/BlogQuerSaberPolitica\/","article_published_time":"2013-05-05T18:00:05+00:00","article_modified_time":"2013-05-05T21:14:19+00:00","og_image":[{"url":"http:\/\/www.quersaberpolitica.com.br\/2016\/wp-content\/uploads\/2013\/05\/DSC_-8901-01-300x214.jpg","type":"","width":"","height":""}],"author":"teste","twitter_card":"summary_large_image","twitter_misc":{"Escrito por":"teste","Est. tempo de leitura":"2 minutos"},"schema":{"@context":"https:\/\/schema.org","@graph":[{"@type":"Article","@id":"https:\/\/blogdofarnesio.com.br\/?p=38716#article","isPartOf":{"@id":"https:\/\/blogdofarnesio.com.br\/?p=38716"},"author":{"name":"teste","@id":"https:\/\/blogdofarnesio.com.br\/#\/schema\/person\/dd1bf5eba40b687199ba45ca6b97dff9"},"headline":"CORRETORES GANHAM UM NOVO ESPA\u00c7O NA PREFEITURA DE PETROLINA","datePublished":"2013-05-05T18:00:05+00:00","dateModified":"2013-05-05T21:14:19+00:00","mainEntityOfPage":{"@id":"https:\/\/blogdofarnesio.com.br\/?p=38716"},"wordCount":352,"commentCount":0,"publisher":{"@id":"https:\/\/blogdofarnesio.com.br\/#organization"},"image":{"@id":"https:\/\/blogdofarnesio.com.br\/?p=38716#primaryimage"},"thumbnailUrl":"http:\/\/www.quersaberpolitica.com.br\/2016\/wp-content\/uploads\/2013\/05\/DSC_-8901-01-300x214.jpg","articleSection":["Economia"],"inLanguage":"pt-BR","potentialAction":[{"@type":"CommentAction","name":"Comment","target":["https:\/\/blogdofarnesio.com.br\/?p=38716#respond"]}]},{"@type":"WebPage","@id":"https:\/\/blogdofarnesio.com.br\/?p=38716","url":"https:\/\/blogdofarnesio.com.br\/?p=38716","name":"CORRETORES GANHAM UM NOVO ESPA\u00c7O NA PREFEITURA DE PETROLINA - Blog do Farn\u00e9sio","isPartOf":{"@id":"https:\/\/blogdofarnesio.com.br\/#website"},"primaryImageOfPage":{"@id":"https:\/\/blogdofarnesio.com.br\/?p=38716#primaryimage"},"image":{"@id":"https:\/\/blogdofarnesio.com.br\/?p=38716#primaryimage"},"thumbnailUrl":"http:\/\/www.quersaberpolitica.com.br\/2016\/wp-content\/uploads\/2013\/05\/DSC_-8901-01-300x214.jpg","datePublished":"2013-05-05T18:00:05+00:00","dateModified":"2013-05-05T21:14:19+00:00","breadcrumb":{"@id":"https:\/\/blogdofarnesio.com.br\/?p=38716#breadcrumb"},"inLanguage":"pt-BR","potentialAction":[{"@type":"ReadAction","target":["https:\/\/blogdofarnesio.com.br\/?p=38716"]}]},{"@type":"ImageObject","inLanguage":"pt-BR","@id":"https:\/\/blogdofarnesio.com.br\/?p=38716#primaryimage","url":"http:\/\/www.quersaberpolitica.com.br\/2016\/wp-content\/uploads\/2013\/05\/DSC_-8901-01-300x214.jpg","contentUrl":"http:\/\/www.quersaberpolitica.com.br\/2016\/wp-content\/uploads\/2013\/05\/DSC_-8901-01-300x214.jpg"},{"@type":"BreadcrumbList","@id":"https:\/\/blogdofarnesio.com.br\/?p=38716#breadcrumb","itemListElement":[{"@type":"ListItem","position":1,"name":"In\u00edcio","item":"https:\/\/blogdofarnesio.com.br\/"},{"@type":"ListItem","position":2,"name":"CORRETORES GANHAM UM NOVO ESPA\u00c7O NA PREFEITURA DE PETROLINA"}]},{"@type":"WebSite","@id":"https:\/\/blogdofarnesio.com.br\/#website","url":"https:\/\/blogdofarnesio.com.br\/","name":"Blog do Farn\u00e9sio","description":"Quer Saber Pol\u00edtica?","publisher":{"@id":"https:\/\/blogdofarnesio.com.br\/#organization"},"potentialAction":[{"@type":"SearchAction","target":{"@type":"EntryPoint","urlTemplate":"https:\/\/blogdofarnesio.com.br\/?s={search_term_string}"},"query-input":{"@type":"PropertyValueSpecification","valueRequired":true,"valueName":"search_term_string"}}],"inLanguage":"pt-BR"},{"@type":"Organization","@id":"https:\/\/blogdofarnesio.com.br\/#organization","name":"Blog do Farn\u00e9sio","url":"https:\/\/blogdofarnesio.com.br\/","logo":{"@type":"ImageObject","inLanguage":"pt-BR","@id":"https:\/\/blogdofarnesio.com.br\/#\/schema\/logo\/image\/","url":"https:\/\/blogdofarnesio.com.br\/wp-content\/uploads\/2026\/03\/cropped-logo_new-1.png","contentUrl":"https:\/\/blogdofarnesio.com.br\/wp-content\/uploads\/2026\/03\/cropped-logo_new-1.png","width":881,"height":685,"caption":"Blog do Farn\u00e9sio"},"image":{"@id":"https:\/\/blogdofarnesio.com.br\/#\/schema\/logo\/image\/"},"sameAs":["https:\/\/www.facebook.com\/BlogQuerSaberPolitica\/"]},{"@type":"Person","@id":"https:\/\/blogdofarnesio.com.br\/#\/schema\/person\/dd1bf5eba40b687199ba45ca6b97dff9","name":"teste","image":{"@type":"ImageObject","inLanguage":"pt-BR","@id":"https:\/\/secure.gravatar.com\/avatar\/2172498d4914b51e1d89a0f97957b035ac4938723a5cac208135d389b6972a6d?s=96&d=mm&r=g","url":"https:\/\/secure.gravatar.com\/avatar\/2172498d4914b51e1d89a0f97957b035ac4938723a5cac208135d389b6972a6d?s=96&d=mm&r=g","contentUrl":"https:\/\/secure.gravatar.com\/avatar\/2172498d4914b51e1d89a0f97957b035ac4938723a5cac208135d389b6972a6d?s=96&d=mm&r=g","caption":"teste"},"url":"https:\/\/blogdofarnesio.com.br\/?author=3"}]}},"_links":{"self":[{"href":"https:\/\/blogdofarnesio.com.br\/index.php?rest_route=\/wp\/v2\/posts\/38716","targetHints":{"allow":["GET"]}}],"collection":[{"href":"https:\/\/blogdofarnesio.com.br\/index.php?rest_route=\/wp\/v2\/posts"}],"about":[{"href":"https:\/\/blogdofarnesio.com.br\/index.php?rest_route=\/wp\/v2\/types\/post"}],"author":[{"embeddable":true,"href":"https:\/\/blogdofarnesio.com.br\/index.php?rest_route=\/wp\/v2\/users\/3"}],"replies":[{"embeddable":true,"href":"https:\/\/blogdofarnesio.com.br\/index.php?rest_route=%2Fwp%2Fv2%2Fcomments&post=38716"}],"version-history":[{"count":0,"href":"https:\/\/blogdofarnesio.com.br\/index.php?rest_route=\/wp\/v2\/posts\/38716\/revisions"}],"wp:attachment":[{"href":"https:\/\/blogdofarnesio.com.br\/index.php?rest_route=%2Fwp%2Fv2%2Fmedia&parent=38716"}],"wp:term":[{"taxonomy":"category","embeddable":true,"href":"https:\/\/blogdofarnesio.com.br\/index.php?rest_route=%2Fwp%2Fv2%2Fcategories&post=38716"},{"taxonomy":"post_tag","embeddable":true,"href":"https:\/\/blogdofarnesio.com.br\/index.php?rest_route=%2Fwp%2Fv2%2Ftags&post=38716"}],"curies":[{"name":"wp","href":"https:\/\/api.w.org\/{rel}","templated":true}]}}