{"id":387143,"date":"2025-02-07T08:34:51","date_gmt":"2025-02-07T11:34:51","guid":{"rendered":"https:\/\/blogdofarnesio.com.br\/?p=387143"},"modified":"2025-02-06T18:46:23","modified_gmt":"2025-02-06T21:46:23","slug":"pf-reage-apos-relatoria-da-operacao-overclean-permanecer-com-nunes-marques-saiba-mais","status":"publish","type":"post","link":"https:\/\/blogdofarnesio.com.br\/?p=387143","title":{"rendered":"PF reage ap\u00f3s relatoria da Opera\u00e7\u00e3o Overclean permanecer com Nunes Marques; Saiba mais"},"content":{"rendered":"<p>Investigadores da Pol\u00edcia Federal (PF) acreditam que as investiga\u00e7\u00f5es da Opera\u00e7\u00e3o Overclean no Supremo Tribunal Federal (STF) ter\u00e3o vi\u00e9s mais t\u00e9cnico. Na Corte, o caso ficar\u00e1 sob relatoria do ministro K\u00e1ssio Nunes Marques.<\/p>\n<p>Na segunda-feira (3), o presidente do Supremo, Lu\u00eds Roberto Barroso, manteve a relatoria da Overclean com Nunes Marques. O magistrado rejeitou o pedido inicial da PF para que o caso fosse redistribu\u00eddo a Fl\u00e1vio Dino.<\/p>\n<div id=\"post-body-2602638479601737182\" class=\"post-body entry-content\">\n<div class=\"separator\"><a href=\"https:\/\/blogger.googleusercontent.com\/img\/b\/R29vZ2xl\/AVvXsEh226FosLuwZBJgoucfUjHKXd3mvOWs2InKn7Va3T66en045qE5FKNwl1OzJOykBVHNmUInztBz4-X81rf6jn6pelb0tOabq-GRF1sfD-5cDmt95QU-rrnhl1kg5gYxYu4JNecDiJ6xFV0sndvT0VkCltIPiABOb9CixMjM7SeH2bYD9L_vyXRJpg_6Ut-A\/s800\/nunes-marques-stf-relatoria-overclean_widelg_widelg.jpg\"><img loading=\"lazy\" decoding=\"async\" class=\"aligncenter\" src=\"https:\/\/blogger.googleusercontent.com\/img\/b\/R29vZ2xl\/AVvXsEh226FosLuwZBJgoucfUjHKXd3mvOWs2InKn7Va3T66en045qE5FKNwl1OzJOykBVHNmUInztBz4-X81rf6jn6pelb0tOabq-GRF1sfD-5cDmt95QU-rrnhl1kg5gYxYu4JNecDiJ6xFV0sndvT0VkCltIPiABOb9CixMjM7SeH2bYD9L_vyXRJpg_6Ut-A\/w545-h293\/nunes-marques-stf-relatoria-overclean_widelg_widelg.jpg\" width=\"545\" height=\"293\" border=\"0\" data-original-height=\"450\" data-original-width=\"800\" \/><\/a><\/div>\n<p>De acordo com a coluna Mirelle Pinheiro, do Metr\u00f3poles, o pedido para mudan\u00e7a na relatoria foi feito antes da escolha de Nunes Marques. A solicita\u00e7\u00e3o teve como base uma avalia\u00e7\u00e3o t\u00e9cnica que apontava conex\u00f5es entre a Overclean e outros casos em andamento no STF.<\/p>\n<p>A opera\u00e7\u00e3o Overclean investiga um suposto esquema de desvio de verbas de emendas parlamentares destinadas ao Departamento Nacional de Obras contra as Secas (Dnocs). A estimativa \u00e9 que o grupo teria movimentado cerca de R$ 1,4 milh\u00e3o.<\/p>\n<\/div>\n","protected":false},"excerpt":{"rendered":"<p>Investigadores da Pol\u00edcia Federal (PF) acreditam que as investiga\u00e7\u00f5es da Opera\u00e7\u00e3o Overclean no Supremo Tribunal Federal (STF) ter\u00e3o vi\u00e9s mais t\u00e9cnico. Na Corte, o caso ficar\u00e1 sob relatoria do ministro K\u00e1ssio Nunes Marques. Na segunda-feira (3), o presidente do Supremo, Lu\u00eds Roberto Barroso, manteve a relatoria da Overclean com Nunes Marques. O magistrado rejeitou o pedido inicial da PF para que o caso fosse redistribu\u00eddo a Fl\u00e1vio Dino. De acordo com a coluna Mirelle Pinheiro, do Metr\u00f3poles, o pedido para mudan\u00e7a na relatoria foi feito antes da escolha de Nunes Marques. A solicita\u00e7\u00e3o teve como base uma avalia\u00e7\u00e3o t\u00e9cnica que apontava conex\u00f5es entre a Overclean e outros casos em andamento no STF. A opera\u00e7\u00e3o Overclean investiga um suposto esquema de&hellip; <\/p>\n","protected":false},"author":2,"featured_media":343612,"comment_status":"open","ping_status":"open","sticky":false,"template":"","format":"standard","meta":{"_acf_changed":false,"footnotes":""},"categories":[23],"tags":[],"class_list":["post-387143","post","type-post","status-publish","format-standard","has-post-thumbnail","hentry","category-justica"],"acf":[],"yoast_head":"<!-- This site is optimized with the Yoast SEO plugin v27.4 - https:\/\/yoast.com\/product\/yoast-seo-wordpress\/ -->\n<title>PF reage ap\u00f3s relatoria da Opera\u00e7\u00e3o Overclean permanecer com Nunes Marques; Saiba mais - Blog do Farn\u00e9sio<\/title>\n<meta name=\"robots\" content=\"index, follow, max-snippet:-1, max-image-preview:large, max-video-preview:-1\" \/>\n<link rel=\"canonical\" href=\"https:\/\/blogdofarnesio.com.br\/?p=387143\" \/>\n<meta property=\"og:locale\" content=\"pt_BR\" \/>\n<meta property=\"og:type\" content=\"article\" \/>\n<meta property=\"og:title\" content=\"PF reage ap\u00f3s relatoria da Opera\u00e7\u00e3o Overclean permanecer com Nunes Marques; Saiba mais - Blog do Farn\u00e9sio\" \/>\n<meta property=\"og:description\" content=\"Investigadores da Pol\u00edcia Federal (PF) acreditam que as investiga\u00e7\u00f5es da Opera\u00e7\u00e3o Overclean no Supremo Tribunal Federal (STF) ter\u00e3o vi\u00e9s mais t\u00e9cnico. Na Corte, o caso ficar\u00e1 sob relatoria do ministro K\u00e1ssio Nunes Marques. Na segunda-feira (3), o presidente do Supremo, Lu\u00eds Roberto Barroso, manteve a relatoria da Overclean com Nunes Marques. O magistrado rejeitou o pedido inicial da PF para que o caso fosse redistribu\u00eddo a Fl\u00e1vio Dino. De acordo com a coluna Mirelle Pinheiro, do Metr\u00f3poles, o pedido para mudan\u00e7a na relatoria foi feito antes da escolha de Nunes Marques. A solicita\u00e7\u00e3o teve como base uma avalia\u00e7\u00e3o t\u00e9cnica que apontava conex\u00f5es entre a Overclean e outros casos em andamento no STF. A opera\u00e7\u00e3o Overclean investiga um suposto esquema de&hellip;\" \/>\n<meta property=\"og:url\" content=\"https:\/\/blogdofarnesio.com.br\/?p=387143\" \/>\n<meta property=\"og:site_name\" content=\"Blog do Farn\u00e9sio\" \/>\n<meta property=\"article:publisher\" content=\"https:\/\/www.facebook.com\/BlogQuerSaberPolitica\/\" \/>\n<meta property=\"article:author\" content=\"https:\/\/www.facebook.com\/?ref=tn_tnmn\" \/>\n<meta property=\"article:published_time\" content=\"2025-02-07T11:34:51+00:00\" \/>\n<meta property=\"og:image\" content=\"https:\/\/blogdofarnesio.com.br\/wp-content\/uploads\/2023\/06\/blogqspstf-nunes-marques-e1687375107683.webp\" \/>\n\t<meta property=\"og:image:width\" content=\"650\" \/>\n\t<meta property=\"og:image:height\" content=\"312\" \/>\n\t<meta property=\"og:image:type\" content=\"image\/webp\" \/>\n<meta name=\"author\" content=\"Farn\u00e9sio\" \/>\n<meta name=\"twitter:card\" content=\"summary_large_image\" \/>\n<meta name=\"twitter:label1\" content=\"Escrito por\" \/>\n\t<meta name=\"twitter:data1\" content=\"Farn\u00e9sio\" \/>\n\t<meta name=\"twitter:label2\" content=\"Est. tempo de leitura\" \/>\n\t<meta name=\"twitter:data2\" content=\"2 minutos\" \/>\n<script type=\"application\/ld+json\" class=\"yoast-schema-graph\">{\"@context\":\"https:\\\/\\\/schema.org\",\"@graph\":[{\"@type\":\"Article\",\"@id\":\"https:\\\/\\\/blogdofarnesio.com.br\\\/?p=387143#article\",\"isPartOf\":{\"@id\":\"https:\\\/\\\/blogdofarnesio.com.br\\\/?p=387143\"},\"author\":{\"name\":\"Farn\u00e9sio\",\"@id\":\"https:\\\/\\\/blogdofarnesio.com.br\\\/#\\\/schema\\\/person\\\/bb9b23ae3ad0609ce8df7b6c9e76824d\"},\"headline\":\"PF reage ap\u00f3s relatoria da Opera\u00e7\u00e3o Overclean permanecer com Nunes Marques; Saiba mais\",\"datePublished\":\"2025-02-07T11:34:51+00:00\",\"mainEntityOfPage\":{\"@id\":\"https:\\\/\\\/blogdofarnesio.com.br\\\/?p=387143\"},\"wordCount\":179,\"commentCount\":0,\"publisher\":{\"@id\":\"https:\\\/\\\/blogdofarnesio.com.br\\\/#organization\"},\"image\":{\"@id\":\"https:\\\/\\\/blogdofarnesio.com.br\\\/?p=387143#primaryimage\"},\"thumbnailUrl\":\"https:\\\/\\\/blogdofarnesio.com.br\\\/wp-content\\\/uploads\\\/2023\\\/06\\\/blogqspstf-nunes-marques-e1687375107683.webp\",\"articleSection\":[\"Justi\u00e7a\"],\"inLanguage\":\"pt-BR\",\"potentialAction\":[{\"@type\":\"CommentAction\",\"name\":\"Comment\",\"target\":[\"https:\\\/\\\/blogdofarnesio.com.br\\\/?p=387143#respond\"]}]},{\"@type\":\"WebPage\",\"@id\":\"https:\\\/\\\/blogdofarnesio.com.br\\\/?p=387143\",\"url\":\"https:\\\/\\\/blogdofarnesio.com.br\\\/?p=387143\",\"name\":\"PF reage ap\u00f3s relatoria da Opera\u00e7\u00e3o Overclean permanecer com Nunes Marques; Saiba mais - Blog do Farn\u00e9sio\",\"isPartOf\":{\"@id\":\"https:\\\/\\\/blogdofarnesio.com.br\\\/#website\"},\"primaryImageOfPage\":{\"@id\":\"https:\\\/\\\/blogdofarnesio.com.br\\\/?p=387143#primaryimage\"},\"image\":{\"@id\":\"https:\\\/\\\/blogdofarnesio.com.br\\\/?p=387143#primaryimage\"},\"thumbnailUrl\":\"https:\\\/\\\/blogdofarnesio.com.br\\\/wp-content\\\/uploads\\\/2023\\\/06\\\/blogqspstf-nunes-marques-e1687375107683.webp\",\"datePublished\":\"2025-02-07T11:34:51+00:00\",\"breadcrumb\":{\"@id\":\"https:\\\/\\\/blogdofarnesio.com.br\\\/?p=387143#breadcrumb\"},\"inLanguage\":\"pt-BR\",\"potentialAction\":[{\"@type\":\"ReadAction\",\"target\":[\"https:\\\/\\\/blogdofarnesio.com.br\\\/?p=387143\"]}]},{\"@type\":\"ImageObject\",\"inLanguage\":\"pt-BR\",\"@id\":\"https:\\\/\\\/blogdofarnesio.com.br\\\/?p=387143#primaryimage\",\"url\":\"https:\\\/\\\/blogdofarnesio.com.br\\\/wp-content\\\/uploads\\\/2023\\\/06\\\/blogqspstf-nunes-marques-e1687375107683.webp\",\"contentUrl\":\"https:\\\/\\\/blogdofarnesio.com.br\\\/wp-content\\\/uploads\\\/2023\\\/06\\\/blogqspstf-nunes-marques-e1687375107683.webp\",\"width\":650,\"height\":312},{\"@type\":\"BreadcrumbList\",\"@id\":\"https:\\\/\\\/blogdofarnesio.com.br\\\/?p=387143#breadcrumb\",\"itemListElement\":[{\"@type\":\"ListItem\",\"position\":1,\"name\":\"In\u00edcio\",\"item\":\"https:\\\/\\\/blogdofarnesio.com.br\\\/\"},{\"@type\":\"ListItem\",\"position\":2,\"name\":\"PF reage ap\u00f3s relatoria da Opera\u00e7\u00e3o Overclean permanecer com Nunes Marques; Saiba mais\"}]},{\"@type\":\"WebSite\",\"@id\":\"https:\\\/\\\/blogdofarnesio.com.br\\\/#website\",\"url\":\"https:\\\/\\\/blogdofarnesio.com.br\\\/\",\"name\":\"Blog do Farn\u00e9sio\",\"description\":\"Quer Saber Pol\u00edtica?\",\"publisher\":{\"@id\":\"https:\\\/\\\/blogdofarnesio.com.br\\\/#organization\"},\"potentialAction\":[{\"@type\":\"SearchAction\",\"target\":{\"@type\":\"EntryPoint\",\"urlTemplate\":\"https:\\\/\\\/blogdofarnesio.com.br\\\/?s={search_term_string}\"},\"query-input\":{\"@type\":\"PropertyValueSpecification\",\"valueRequired\":true,\"valueName\":\"search_term_string\"}}],\"inLanguage\":\"pt-BR\"},{\"@type\":\"Organization\",\"@id\":\"https:\\\/\\\/blogdofarnesio.com.br\\\/#organization\",\"name\":\"Blog do Farn\u00e9sio\",\"url\":\"https:\\\/\\\/blogdofarnesio.com.br\\\/\",\"logo\":{\"@type\":\"ImageObject\",\"inLanguage\":\"pt-BR\",\"@id\":\"https:\\\/\\\/blogdofarnesio.com.br\\\/#\\\/schema\\\/logo\\\/image\\\/\",\"url\":\"https:\\\/\\\/blogdofarnesio.com.br\\\/wp-content\\\/uploads\\\/2026\\\/03\\\/cropped-logo_new-1.png\",\"contentUrl\":\"https:\\\/\\\/blogdofarnesio.com.br\\\/wp-content\\\/uploads\\\/2026\\\/03\\\/cropped-logo_new-1.png\",\"width\":881,\"height\":685,\"caption\":\"Blog do Farn\u00e9sio\"},\"image\":{\"@id\":\"https:\\\/\\\/blogdofarnesio.com.br\\\/#\\\/schema\\\/logo\\\/image\\\/\"},\"sameAs\":[\"https:\\\/\\\/www.facebook.com\\\/BlogQuerSaberPolitica\\\/\"]},{\"@type\":\"Person\",\"@id\":\"https:\\\/\\\/blogdofarnesio.com.br\\\/#\\\/schema\\\/person\\\/bb9b23ae3ad0609ce8df7b6c9e76824d\",\"name\":\"Farn\u00e9sio\",\"image\":{\"@type\":\"ImageObject\",\"inLanguage\":\"pt-BR\",\"@id\":\"https:\\\/\\\/secure.gravatar.com\\\/avatar\\\/986aa4c61ccdb66f8555bf88fc2a65609d00bcabd4d2d94377a727547345cbca?s=96&d=mm&r=g\",\"url\":\"https:\\\/\\\/secure.gravatar.com\\\/avatar\\\/986aa4c61ccdb66f8555bf88fc2a65609d00bcabd4d2d94377a727547345cbca?s=96&d=mm&r=g\",\"contentUrl\":\"https:\\\/\\\/secure.gravatar.com\\\/avatar\\\/986aa4c61ccdb66f8555bf88fc2a65609d00bcabd4d2d94377a727547345cbca?s=96&d=mm&r=g\",\"caption\":\"Farn\u00e9sio\"},\"description\":\"Radialista blogueiro, chegou a Petrolina\\\/Juazeiro em setembro de 1980, Farn\u00e9sio Silva \u00e9 de Arapiraca-Alagoas.\",\"sameAs\":[\"http:\\\/\\\/blogdofarnesio.com.br\",\"https:\\\/\\\/www.facebook.com\\\/?ref=tn_tnmn\",\"https:\\\/\\\/www.instagram.com\\\/?utm_source=pwa_homescreen\",\"https:\\\/\\\/youtube.com.br\\\/\"],\"url\":\"https:\\\/\\\/blogdofarnesio.com.br\\\/?author=2\"}]}<\/script>\n<!-- \/ Yoast SEO plugin. -->","yoast_head_json":{"title":"PF reage ap\u00f3s relatoria da Opera\u00e7\u00e3o Overclean permanecer com Nunes Marques; Saiba mais - Blog do Farn\u00e9sio","robots":{"index":"index","follow":"follow","max-snippet":"max-snippet:-1","max-image-preview":"max-image-preview:large","max-video-preview":"max-video-preview:-1"},"canonical":"https:\/\/blogdofarnesio.com.br\/?p=387143","og_locale":"pt_BR","og_type":"article","og_title":"PF reage ap\u00f3s relatoria da Opera\u00e7\u00e3o Overclean permanecer com Nunes Marques; Saiba mais - Blog do Farn\u00e9sio","og_description":"Investigadores da Pol\u00edcia Federal (PF) acreditam que as investiga\u00e7\u00f5es da Opera\u00e7\u00e3o Overclean no Supremo Tribunal Federal (STF) ter\u00e3o vi\u00e9s mais t\u00e9cnico. Na Corte, o caso ficar\u00e1 sob relatoria do ministro K\u00e1ssio Nunes Marques. Na segunda-feira (3), o presidente do Supremo, Lu\u00eds Roberto Barroso, manteve a relatoria da Overclean com Nunes Marques. O magistrado rejeitou o pedido inicial da PF para que o caso fosse redistribu\u00eddo a Fl\u00e1vio Dino. De acordo com a coluna Mirelle Pinheiro, do Metr\u00f3poles, o pedido para mudan\u00e7a na relatoria foi feito antes da escolha de Nunes Marques. A solicita\u00e7\u00e3o teve como base uma avalia\u00e7\u00e3o t\u00e9cnica que apontava conex\u00f5es entre a Overclean e outros casos em andamento no STF. A opera\u00e7\u00e3o Overclean investiga um suposto esquema de&hellip;","og_url":"https:\/\/blogdofarnesio.com.br\/?p=387143","og_site_name":"Blog do Farn\u00e9sio","article_publisher":"https:\/\/www.facebook.com\/BlogQuerSaberPolitica\/","article_author":"https:\/\/www.facebook.com\/?ref=tn_tnmn","article_published_time":"2025-02-07T11:34:51+00:00","og_image":[{"width":650,"height":312,"url":"https:\/\/blogdofarnesio.com.br\/wp-content\/uploads\/2023\/06\/blogqspstf-nunes-marques-e1687375107683.webp","type":"image\/webp"}],"author":"Farn\u00e9sio","twitter_card":"summary_large_image","twitter_misc":{"Escrito por":"Farn\u00e9sio","Est. tempo de leitura":"2 minutos"},"schema":{"@context":"https:\/\/schema.org","@graph":[{"@type":"Article","@id":"https:\/\/blogdofarnesio.com.br\/?p=387143#article","isPartOf":{"@id":"https:\/\/blogdofarnesio.com.br\/?p=387143"},"author":{"name":"Farn\u00e9sio","@id":"https:\/\/blogdofarnesio.com.br\/#\/schema\/person\/bb9b23ae3ad0609ce8df7b6c9e76824d"},"headline":"PF reage ap\u00f3s relatoria da Opera\u00e7\u00e3o Overclean permanecer com Nunes Marques; Saiba mais","datePublished":"2025-02-07T11:34:51+00:00","mainEntityOfPage":{"@id":"https:\/\/blogdofarnesio.com.br\/?p=387143"},"wordCount":179,"commentCount":0,"publisher":{"@id":"https:\/\/blogdofarnesio.com.br\/#organization"},"image":{"@id":"https:\/\/blogdofarnesio.com.br\/?p=387143#primaryimage"},"thumbnailUrl":"https:\/\/blogdofarnesio.com.br\/wp-content\/uploads\/2023\/06\/blogqspstf-nunes-marques-e1687375107683.webp","articleSection":["Justi\u00e7a"],"inLanguage":"pt-BR","potentialAction":[{"@type":"CommentAction","name":"Comment","target":["https:\/\/blogdofarnesio.com.br\/?p=387143#respond"]}]},{"@type":"WebPage","@id":"https:\/\/blogdofarnesio.com.br\/?p=387143","url":"https:\/\/blogdofarnesio.com.br\/?p=387143","name":"PF reage ap\u00f3s relatoria da Opera\u00e7\u00e3o Overclean permanecer com Nunes Marques; Saiba mais - Blog do Farn\u00e9sio","isPartOf":{"@id":"https:\/\/blogdofarnesio.com.br\/#website"},"primaryImageOfPage":{"@id":"https:\/\/blogdofarnesio.com.br\/?p=387143#primaryimage"},"image":{"@id":"https:\/\/blogdofarnesio.com.br\/?p=387143#primaryimage"},"thumbnailUrl":"https:\/\/blogdofarnesio.com.br\/wp-content\/uploads\/2023\/06\/blogqspstf-nunes-marques-e1687375107683.webp","datePublished":"2025-02-07T11:34:51+00:00","breadcrumb":{"@id":"https:\/\/blogdofarnesio.com.br\/?p=387143#breadcrumb"},"inLanguage":"pt-BR","potentialAction":[{"@type":"ReadAction","target":["https:\/\/blogdofarnesio.com.br\/?p=387143"]}]},{"@type":"ImageObject","inLanguage":"pt-BR","@id":"https:\/\/blogdofarnesio.com.br\/?p=387143#primaryimage","url":"https:\/\/blogdofarnesio.com.br\/wp-content\/uploads\/2023\/06\/blogqspstf-nunes-marques-e1687375107683.webp","contentUrl":"https:\/\/blogdofarnesio.com.br\/wp-content\/uploads\/2023\/06\/blogqspstf-nunes-marques-e1687375107683.webp","width":650,"height":312},{"@type":"BreadcrumbList","@id":"https:\/\/blogdofarnesio.com.br\/?p=387143#breadcrumb","itemListElement":[{"@type":"ListItem","position":1,"name":"In\u00edcio","item":"https:\/\/blogdofarnesio.com.br\/"},{"@type":"ListItem","position":2,"name":"PF reage ap\u00f3s relatoria da Opera\u00e7\u00e3o Overclean permanecer com Nunes Marques; Saiba mais"}]},{"@type":"WebSite","@id":"https:\/\/blogdofarnesio.com.br\/#website","url":"https:\/\/blogdofarnesio.com.br\/","name":"Blog do Farn\u00e9sio","description":"Quer Saber Pol\u00edtica?","publisher":{"@id":"https:\/\/blogdofarnesio.com.br\/#organization"},"potentialAction":[{"@type":"SearchAction","target":{"@type":"EntryPoint","urlTemplate":"https:\/\/blogdofarnesio.com.br\/?s={search_term_string}"},"query-input":{"@type":"PropertyValueSpecification","valueRequired":true,"valueName":"search_term_string"}}],"inLanguage":"pt-BR"},{"@type":"Organization","@id":"https:\/\/blogdofarnesio.com.br\/#organization","name":"Blog do Farn\u00e9sio","url":"https:\/\/blogdofarnesio.com.br\/","logo":{"@type":"ImageObject","inLanguage":"pt-BR","@id":"https:\/\/blogdofarnesio.com.br\/#\/schema\/logo\/image\/","url":"https:\/\/blogdofarnesio.com.br\/wp-content\/uploads\/2026\/03\/cropped-logo_new-1.png","contentUrl":"https:\/\/blogdofarnesio.com.br\/wp-content\/uploads\/2026\/03\/cropped-logo_new-1.png","width":881,"height":685,"caption":"Blog do Farn\u00e9sio"},"image":{"@id":"https:\/\/blogdofarnesio.com.br\/#\/schema\/logo\/image\/"},"sameAs":["https:\/\/www.facebook.com\/BlogQuerSaberPolitica\/"]},{"@type":"Person","@id":"https:\/\/blogdofarnesio.com.br\/#\/schema\/person\/bb9b23ae3ad0609ce8df7b6c9e76824d","name":"Farn\u00e9sio","image":{"@type":"ImageObject","inLanguage":"pt-BR","@id":"https:\/\/secure.gravatar.com\/avatar\/986aa4c61ccdb66f8555bf88fc2a65609d00bcabd4d2d94377a727547345cbca?s=96&d=mm&r=g","url":"https:\/\/secure.gravatar.com\/avatar\/986aa4c61ccdb66f8555bf88fc2a65609d00bcabd4d2d94377a727547345cbca?s=96&d=mm&r=g","contentUrl":"https:\/\/secure.gravatar.com\/avatar\/986aa4c61ccdb66f8555bf88fc2a65609d00bcabd4d2d94377a727547345cbca?s=96&d=mm&r=g","caption":"Farn\u00e9sio"},"description":"Radialista blogueiro, chegou a Petrolina\/Juazeiro em setembro de 1980, Farn\u00e9sio Silva \u00e9 de Arapiraca-Alagoas.","sameAs":["http:\/\/blogdofarnesio.com.br","https:\/\/www.facebook.com\/?ref=tn_tnmn","https:\/\/www.instagram.com\/?utm_source=pwa_homescreen","https:\/\/youtube.com.br\/"],"url":"https:\/\/blogdofarnesio.com.br\/?author=2"}]}},"_links":{"self":[{"href":"https:\/\/blogdofarnesio.com.br\/index.php?rest_route=\/wp\/v2\/posts\/387143","targetHints":{"allow":["GET"]}}],"collection":[{"href":"https:\/\/blogdofarnesio.com.br\/index.php?rest_route=\/wp\/v2\/posts"}],"about":[{"href":"https:\/\/blogdofarnesio.com.br\/index.php?rest_route=\/wp\/v2\/types\/post"}],"author":[{"embeddable":true,"href":"https:\/\/blogdofarnesio.com.br\/index.php?rest_route=\/wp\/v2\/users\/2"}],"replies":[{"embeddable":true,"href":"https:\/\/blogdofarnesio.com.br\/index.php?rest_route=%2Fwp%2Fv2%2Fcomments&post=387143"}],"version-history":[{"count":0,"href":"https:\/\/blogdofarnesio.com.br\/index.php?rest_route=\/wp\/v2\/posts\/387143\/revisions"}],"wp:featuredmedia":[{"embeddable":true,"href":"https:\/\/blogdofarnesio.com.br\/index.php?rest_route=\/wp\/v2\/media\/343612"}],"wp:attachment":[{"href":"https:\/\/blogdofarnesio.com.br\/index.php?rest_route=%2Fwp%2Fv2%2Fmedia&parent=387143"}],"wp:term":[{"taxonomy":"category","embeddable":true,"href":"https:\/\/blogdofarnesio.com.br\/index.php?rest_route=%2Fwp%2Fv2%2Fcategories&post=387143"},{"taxonomy":"post_tag","embeddable":true,"href":"https:\/\/blogdofarnesio.com.br\/index.php?rest_route=%2Fwp%2Fv2%2Ftags&post=387143"}],"curies":[{"name":"wp","href":"https:\/\/api.w.org\/{rel}","templated":true}]}}