{"id":387077,"date":"2025-02-06T13:00:39","date_gmt":"2025-02-06T16:00:39","guid":{"rendered":"https:\/\/blogdofarnesio.com.br\/?p=387077"},"modified":"2025-02-06T10:36:33","modified_gmt":"2025-02-06T13:36:33","slug":"homem-confessa-assassinato-de-idosa-de-87-anos-no-sertao-de-pernambuco-abusou-e-em-seguida-matou","status":"publish","type":"post","link":"https:\/\/blogdofarnesio.com.br\/?p=387077","title":{"rendered":"Homem confessa assassinato de idosa de 87 anos no Sert\u00e3o de Pernambuco; \u2018abusou e em seguida matou\u2019"},"content":{"rendered":"<div class=\"td-post-text-content\">\n<div id=\"chunk-bq2ps\">\n<div class=\"mc-column content-text active-extra-styles \" data-block-type=\"unstyled\" data-block-weight=\"48\" data-block-id=\"2\">\n<p class=\" content-text__container \" data-track-category=\"Link no Texto\" data-track-links=\"\" data-mrf-recirculation=\"Mat\u00e9ria - Links no Texto\">A\u00a0<a class=\"\" href=\"https:\/\/g1.globo.com\/tudo-sobre\/policia-civil\/\" data-mrf-link=\"https:\/\/g1.globo.com\/tudo-sobre\/policia-civil\/\">Pol\u00edcia Civil<\/a>\u00a0Civil divulgou na noite da \u00faltima ter\u00e7a-feira (4), detalhes do caso da idosa de 87 anos que foi v\u00edtima de latroc\u00ednio, roubo seguido de morte, em\u00a0<a class=\"\" href=\"https:\/\/g1.globo.com\/pe\/caruaru-regiao\/cidade\/serra-talhada\/\" data-mrf-link=\"https:\/\/g1.globo.com\/pe\/caruaru-regiao\/cidade\/serra-talhada\/\">Serra Talhada<\/a>, Sert\u00e3o de Pernambuco. Segundo as investiga\u00e7\u00f5es, o suspeito, um homem de 20 anos, confessou o crime.<\/p>\n<\/div>\n<\/div>\n<div class=\"wall protected-content\">\n<div id=\"chunk-2gbtl\">\n<div class=\"mc-column content-text active-extra-styles \" data-block-type=\"unstyled\" data-block-weight=\"31\" data-block-id=\"5\">\n<p class=\" content-text__container \" data-track-category=\"Link no Texto\" data-track-links=\"\" data-mrf-recirculation=\"Mat\u00e9ria - Links no Texto\">A nota divulgada pela pol\u00edcia diz que o suspeito entrou na casa da v\u00edtima para roubar e, naquela oportunidade,\u00a0<span class=\"highlight highlighted\">\u201cabusou da idosa e em seguida a matou para subtrair v\u00e1rios bens\u201d<\/span>.<\/p>\n<\/div>\n<\/div>\n<div id=\"chunk-ea086\">\n<div class=\"mc-column content-text active-extra-styles \" data-block-type=\"unstyled\" data-block-weight=\"33\" data-block-id=\"6\">\n<p class=\" content-text__container \" data-track-category=\"Link no Texto\" data-track-links=\"\" data-mrf-recirculation=\"Mat\u00e9ria - Links no Texto\">Durante depoimento, o criminoso passou outros detalhes sobre o que fez ap\u00f3s assassinar a idosa Alzira Emiliana de Oliveira, que foi encontrada com as m\u00e3os e boca amarradas na \u00faltima quinta-feira (30).<\/p>\n<p>\u201c(Ele) acrescentou que, ap\u00f3s o crime, pediu que comprassem uma tinta preta para pintar o cabelo e, com isso, dificultar a sua identifica\u00e7\u00e3o. Ademais, na confiss\u00e3o teria afirmado que tamb\u00e9m teria matado um homem em meados de janeiro para vingar uma d\u00edvida de drogas\u201d, diz a nota.<\/p>\n<\/div>\n<\/div>\n<div id=\"chunk-ftbv\">\n<div class=\"mc-column content-text active-extra-styles\" data-block-type=\"raw\" data-block-weight=\"1\" data-block-id=\"9\">\n<div class=\"content-intertitle\">\n<h2>Entenda<\/h2>\n<\/div>\n<\/div>\n<\/div>\n<div id=\"chunk-6t4lp\">\n<div class=\"mc-column content-text active-extra-styles \" data-block-type=\"unstyled\" data-block-weight=\"58\" data-block-id=\"10\">\n<p class=\" content-text__container \" data-track-category=\"Link no Texto\" data-track-links=\"\" data-mrf-recirculation=\"Mat\u00e9ria - Links no Texto\">A Pol\u00edcia Civil prendeu em flagrante durante o \u00faltimo fim de semana um homem de 20 anos pelo crime de latroc\u00ednio, que \u00e9 o roubo seguido de morte de uma idosa de 87 anos. O crime foi registrado na \u00faltima quinta-feira (30). A v\u00edtima foi encontrada com as m\u00e3os e boca amarradas no quintal da resid\u00eancia onde morava.<\/p>\n<\/div>\n<\/div>\n<div id=\"chunk-etbt0\">\n<div class=\"mc-column content-text active-extra-styles \" data-block-type=\"unstyled\" data-block-weight=\"50\" data-block-id=\"11\">\n<p class=\" content-text__container \" data-track-category=\"Link no Texto\" data-track-links=\"\" data-mrf-recirculation=\"Mat\u00e9ria - Links no Texto\">Ao<a class=\"\" href=\"https:\/\/g1.globo.com\/pe\/caruaru-regiao\/\" data-mrf-link=\"https:\/\/g1.globo.com\/pe\/caruaru-regiao\/\">\u00a0g1<\/a>, a pol\u00edcia disse que ap\u00f3s a aplica\u00e7\u00e3o das medidas administrativas, o suspeito foi encaminhado para a audi\u00eancia de cust\u00f3dia ficando \u00e0 disposi\u00e7\u00e3o da justi\u00e7a. Alzira Emiliana de Oliveira, foi encontrada pela filha, de 60 anos, sem vida. A pol\u00edcia n\u00e3o confirmou quais pertences os criminosos levaram da v\u00edtima.\u00a0<strong>(g1 Caruaru)<\/strong><\/p>\n<\/div>\n<\/div>\n<\/div>\n<\/div>\n","protected":false},"excerpt":{"rendered":"<p>A\u00a0Pol\u00edcia Civil\u00a0Civil divulgou na noite da \u00faltima ter\u00e7a-feira (4), detalhes do caso da idosa de 87 anos que foi v\u00edtima de latroc\u00ednio, roubo seguido de morte, em\u00a0Serra Talhada, Sert\u00e3o de Pernambuco. Segundo as investiga\u00e7\u00f5es, o suspeito, um homem de 20 anos, confessou o crime. A nota divulgada pela pol\u00edcia diz que o suspeito entrou na casa da v\u00edtima para roubar e, naquela oportunidade,\u00a0\u201cabusou da idosa e em seguida a matou para subtrair v\u00e1rios bens\u201d. Durante depoimento, o criminoso passou outros detalhes sobre o que fez ap\u00f3s assassinar a idosa Alzira Emiliana de Oliveira, que foi encontrada com as m\u00e3os e boca amarradas na \u00faltima quinta-feira (30). \u201c(Ele) acrescentou que, ap\u00f3s o crime, pediu que comprassem uma tinta preta para pintar&hellip; <\/p>\n","protected":false},"author":2,"featured_media":387078,"comment_status":"open","ping_status":"open","sticky":false,"template":"","format":"standard","meta":{"_acf_changed":false,"footnotes":""},"categories":[27],"tags":[],"class_list":["post-387077","post","type-post","status-publish","format-standard","has-post-thumbnail","hentry","category-cidades"],"acf":[],"yoast_head":"<!-- This site is optimized with the Yoast SEO plugin v27.4 - https:\/\/yoast.com\/product\/yoast-seo-wordpress\/ -->\n<title>Homem confessa assassinato de idosa de 87 anos no Sert\u00e3o de Pernambuco; \u2018abusou e em seguida matou\u2019 - Blog do Farn\u00e9sio<\/title>\n<meta name=\"robots\" content=\"index, follow, max-snippet:-1, max-image-preview:large, max-video-preview:-1\" \/>\n<link rel=\"canonical\" href=\"https:\/\/blogdofarnesio.com.br\/?p=387077\" \/>\n<meta property=\"og:locale\" content=\"pt_BR\" \/>\n<meta property=\"og:type\" content=\"article\" \/>\n<meta property=\"og:title\" content=\"Homem confessa assassinato de idosa de 87 anos no Sert\u00e3o de Pernambuco; \u2018abusou e em seguida matou\u2019 - Blog do Farn\u00e9sio\" \/>\n<meta property=\"og:description\" content=\"A\u00a0Pol\u00edcia Civil\u00a0Civil divulgou na noite da \u00faltima ter\u00e7a-feira (4), detalhes do caso da idosa de 87 anos que foi v\u00edtima de latroc\u00ednio, roubo seguido de morte, em\u00a0Serra Talhada, Sert\u00e3o de Pernambuco. Segundo as investiga\u00e7\u00f5es, o suspeito, um homem de 20 anos, confessou o crime. A nota divulgada pela pol\u00edcia diz que o suspeito entrou na casa da v\u00edtima para roubar e, naquela oportunidade,\u00a0\u201cabusou da idosa e em seguida a matou para subtrair v\u00e1rios bens\u201d. Durante depoimento, o criminoso passou outros detalhes sobre o que fez ap\u00f3s assassinar a idosa Alzira Emiliana de Oliveira, que foi encontrada com as m\u00e3os e boca amarradas na \u00faltima quinta-feira (30). \u201c(Ele) acrescentou que, ap\u00f3s o crime, pediu que comprassem uma tinta preta para pintar&hellip;\" \/>\n<meta property=\"og:url\" content=\"https:\/\/blogdofarnesio.com.br\/?p=387077\" \/>\n<meta property=\"og:site_name\" content=\"Blog do Farn\u00e9sio\" \/>\n<meta property=\"article:publisher\" content=\"https:\/\/www.facebook.com\/BlogQuerSaberPolitica\/\" \/>\n<meta property=\"article:author\" content=\"https:\/\/www.facebook.com\/?ref=tn_tnmn\" \/>\n<meta property=\"article:published_time\" content=\"2025-02-06T16:00:39+00:00\" \/>\n<meta property=\"og:image\" content=\"https:\/\/blogdofarnesio.com.br\/wp-content\/uploads\/2025\/02\/blogqspstalhada-idosa-morta.jpg\" \/>\n\t<meta property=\"og:image:width\" content=\"573\" \/>\n\t<meta property=\"og:image:height\" content=\"369\" \/>\n\t<meta property=\"og:image:type\" content=\"image\/jpeg\" \/>\n<meta name=\"author\" content=\"Farn\u00e9sio\" \/>\n<meta name=\"twitter:card\" content=\"summary_large_image\" \/>\n<meta name=\"twitter:label1\" content=\"Escrito por\" \/>\n\t<meta name=\"twitter:data1\" content=\"Farn\u00e9sio\" \/>\n\t<meta name=\"twitter:label2\" content=\"Est. tempo de leitura\" \/>\n\t<meta name=\"twitter:data2\" content=\"2 minutos\" \/>\n<script type=\"application\/ld+json\" class=\"yoast-schema-graph\">{\"@context\":\"https:\\\/\\\/schema.org\",\"@graph\":[{\"@type\":\"Article\",\"@id\":\"https:\\\/\\\/blogdofarnesio.com.br\\\/?p=387077#article\",\"isPartOf\":{\"@id\":\"https:\\\/\\\/blogdofarnesio.com.br\\\/?p=387077\"},\"author\":{\"name\":\"Farn\u00e9sio\",\"@id\":\"https:\\\/\\\/blogdofarnesio.com.br\\\/#\\\/schema\\\/person\\\/bb9b23ae3ad0609ce8df7b6c9e76824d\"},\"headline\":\"Homem confessa assassinato de idosa de 87 anos no Sert\u00e3o de Pernambuco; \u2018abusou e em seguida matou\u2019\",\"datePublished\":\"2025-02-06T16:00:39+00:00\",\"mainEntityOfPage\":{\"@id\":\"https:\\\/\\\/blogdofarnesio.com.br\\\/?p=387077\"},\"wordCount\":306,\"commentCount\":0,\"publisher\":{\"@id\":\"https:\\\/\\\/blogdofarnesio.com.br\\\/#organization\"},\"image\":{\"@id\":\"https:\\\/\\\/blogdofarnesio.com.br\\\/?p=387077#primaryimage\"},\"thumbnailUrl\":\"https:\\\/\\\/blogdofarnesio.com.br\\\/wp-content\\\/uploads\\\/2025\\\/02\\\/blogqspstalhada-idosa-morta.jpg\",\"articleSection\":[\"Cidades\"],\"inLanguage\":\"pt-BR\",\"potentialAction\":[{\"@type\":\"CommentAction\",\"name\":\"Comment\",\"target\":[\"https:\\\/\\\/blogdofarnesio.com.br\\\/?p=387077#respond\"]}]},{\"@type\":\"WebPage\",\"@id\":\"https:\\\/\\\/blogdofarnesio.com.br\\\/?p=387077\",\"url\":\"https:\\\/\\\/blogdofarnesio.com.br\\\/?p=387077\",\"name\":\"Homem confessa assassinato de idosa de 87 anos no Sert\u00e3o de Pernambuco; \u2018abusou e em seguida matou\u2019 - Blog do Farn\u00e9sio\",\"isPartOf\":{\"@id\":\"https:\\\/\\\/blogdofarnesio.com.br\\\/#website\"},\"primaryImageOfPage\":{\"@id\":\"https:\\\/\\\/blogdofarnesio.com.br\\\/?p=387077#primaryimage\"},\"image\":{\"@id\":\"https:\\\/\\\/blogdofarnesio.com.br\\\/?p=387077#primaryimage\"},\"thumbnailUrl\":\"https:\\\/\\\/blogdofarnesio.com.br\\\/wp-content\\\/uploads\\\/2025\\\/02\\\/blogqspstalhada-idosa-morta.jpg\",\"datePublished\":\"2025-02-06T16:00:39+00:00\",\"breadcrumb\":{\"@id\":\"https:\\\/\\\/blogdofarnesio.com.br\\\/?p=387077#breadcrumb\"},\"inLanguage\":\"pt-BR\",\"potentialAction\":[{\"@type\":\"ReadAction\",\"target\":[\"https:\\\/\\\/blogdofarnesio.com.br\\\/?p=387077\"]}]},{\"@type\":\"ImageObject\",\"inLanguage\":\"pt-BR\",\"@id\":\"https:\\\/\\\/blogdofarnesio.com.br\\\/?p=387077#primaryimage\",\"url\":\"https:\\\/\\\/blogdofarnesio.com.br\\\/wp-content\\\/uploads\\\/2025\\\/02\\\/blogqspstalhada-idosa-morta.jpg\",\"contentUrl\":\"https:\\\/\\\/blogdofarnesio.com.br\\\/wp-content\\\/uploads\\\/2025\\\/02\\\/blogqspstalhada-idosa-morta.jpg\",\"width\":573,\"height\":369},{\"@type\":\"BreadcrumbList\",\"@id\":\"https:\\\/\\\/blogdofarnesio.com.br\\\/?p=387077#breadcrumb\",\"itemListElement\":[{\"@type\":\"ListItem\",\"position\":1,\"name\":\"In\u00edcio\",\"item\":\"https:\\\/\\\/blogdofarnesio.com.br\\\/\"},{\"@type\":\"ListItem\",\"position\":2,\"name\":\"Homem confessa assassinato de idosa de 87 anos no Sert\u00e3o de Pernambuco; \u2018abusou e em seguida matou\u2019\"}]},{\"@type\":\"WebSite\",\"@id\":\"https:\\\/\\\/blogdofarnesio.com.br\\\/#website\",\"url\":\"https:\\\/\\\/blogdofarnesio.com.br\\\/\",\"name\":\"Blog do Farn\u00e9sio\",\"description\":\"Quer Saber Pol\u00edtica?\",\"publisher\":{\"@id\":\"https:\\\/\\\/blogdofarnesio.com.br\\\/#organization\"},\"potentialAction\":[{\"@type\":\"SearchAction\",\"target\":{\"@type\":\"EntryPoint\",\"urlTemplate\":\"https:\\\/\\\/blogdofarnesio.com.br\\\/?s={search_term_string}\"},\"query-input\":{\"@type\":\"PropertyValueSpecification\",\"valueRequired\":true,\"valueName\":\"search_term_string\"}}],\"inLanguage\":\"pt-BR\"},{\"@type\":\"Organization\",\"@id\":\"https:\\\/\\\/blogdofarnesio.com.br\\\/#organization\",\"name\":\"Blog do Farn\u00e9sio\",\"url\":\"https:\\\/\\\/blogdofarnesio.com.br\\\/\",\"logo\":{\"@type\":\"ImageObject\",\"inLanguage\":\"pt-BR\",\"@id\":\"https:\\\/\\\/blogdofarnesio.com.br\\\/#\\\/schema\\\/logo\\\/image\\\/\",\"url\":\"https:\\\/\\\/blogdofarnesio.com.br\\\/wp-content\\\/uploads\\\/2026\\\/03\\\/cropped-logo_new-1.png\",\"contentUrl\":\"https:\\\/\\\/blogdofarnesio.com.br\\\/wp-content\\\/uploads\\\/2026\\\/03\\\/cropped-logo_new-1.png\",\"width\":881,\"height\":685,\"caption\":\"Blog do Farn\u00e9sio\"},\"image\":{\"@id\":\"https:\\\/\\\/blogdofarnesio.com.br\\\/#\\\/schema\\\/logo\\\/image\\\/\"},\"sameAs\":[\"https:\\\/\\\/www.facebook.com\\\/BlogQuerSaberPolitica\\\/\"]},{\"@type\":\"Person\",\"@id\":\"https:\\\/\\\/blogdofarnesio.com.br\\\/#\\\/schema\\\/person\\\/bb9b23ae3ad0609ce8df7b6c9e76824d\",\"name\":\"Farn\u00e9sio\",\"image\":{\"@type\":\"ImageObject\",\"inLanguage\":\"pt-BR\",\"@id\":\"https:\\\/\\\/secure.gravatar.com\\\/avatar\\\/986aa4c61ccdb66f8555bf88fc2a65609d00bcabd4d2d94377a727547345cbca?s=96&d=mm&r=g\",\"url\":\"https:\\\/\\\/secure.gravatar.com\\\/avatar\\\/986aa4c61ccdb66f8555bf88fc2a65609d00bcabd4d2d94377a727547345cbca?s=96&d=mm&r=g\",\"contentUrl\":\"https:\\\/\\\/secure.gravatar.com\\\/avatar\\\/986aa4c61ccdb66f8555bf88fc2a65609d00bcabd4d2d94377a727547345cbca?s=96&d=mm&r=g\",\"caption\":\"Farn\u00e9sio\"},\"description\":\"Radialista blogueiro, chegou a Petrolina\\\/Juazeiro em setembro de 1980, Farn\u00e9sio Silva \u00e9 de Arapiraca-Alagoas.\",\"sameAs\":[\"http:\\\/\\\/blogdofarnesio.com.br\",\"https:\\\/\\\/www.facebook.com\\\/?ref=tn_tnmn\",\"https:\\\/\\\/www.instagram.com\\\/?utm_source=pwa_homescreen\",\"https:\\\/\\\/youtube.com.br\\\/\"],\"url\":\"https:\\\/\\\/blogdofarnesio.com.br\\\/?author=2\"}]}<\/script>\n<!-- \/ Yoast SEO plugin. -->","yoast_head_json":{"title":"Homem confessa assassinato de idosa de 87 anos no Sert\u00e3o de Pernambuco; \u2018abusou e em seguida matou\u2019 - Blog do Farn\u00e9sio","robots":{"index":"index","follow":"follow","max-snippet":"max-snippet:-1","max-image-preview":"max-image-preview:large","max-video-preview":"max-video-preview:-1"},"canonical":"https:\/\/blogdofarnesio.com.br\/?p=387077","og_locale":"pt_BR","og_type":"article","og_title":"Homem confessa assassinato de idosa de 87 anos no Sert\u00e3o de Pernambuco; \u2018abusou e em seguida matou\u2019 - Blog do Farn\u00e9sio","og_description":"A\u00a0Pol\u00edcia Civil\u00a0Civil divulgou na noite da \u00faltima ter\u00e7a-feira (4), detalhes do caso da idosa de 87 anos que foi v\u00edtima de latroc\u00ednio, roubo seguido de morte, em\u00a0Serra Talhada, Sert\u00e3o de Pernambuco. Segundo as investiga\u00e7\u00f5es, o suspeito, um homem de 20 anos, confessou o crime. A nota divulgada pela pol\u00edcia diz que o suspeito entrou na casa da v\u00edtima para roubar e, naquela oportunidade,\u00a0\u201cabusou da idosa e em seguida a matou para subtrair v\u00e1rios bens\u201d. Durante depoimento, o criminoso passou outros detalhes sobre o que fez ap\u00f3s assassinar a idosa Alzira Emiliana de Oliveira, que foi encontrada com as m\u00e3os e boca amarradas na \u00faltima quinta-feira (30). \u201c(Ele) acrescentou que, ap\u00f3s o crime, pediu que comprassem uma tinta preta para pintar&hellip;","og_url":"https:\/\/blogdofarnesio.com.br\/?p=387077","og_site_name":"Blog do Farn\u00e9sio","article_publisher":"https:\/\/www.facebook.com\/BlogQuerSaberPolitica\/","article_author":"https:\/\/www.facebook.com\/?ref=tn_tnmn","article_published_time":"2025-02-06T16:00:39+00:00","og_image":[{"width":573,"height":369,"url":"https:\/\/blogdofarnesio.com.br\/wp-content\/uploads\/2025\/02\/blogqspstalhada-idosa-morta.jpg","type":"image\/jpeg"}],"author":"Farn\u00e9sio","twitter_card":"summary_large_image","twitter_misc":{"Escrito por":"Farn\u00e9sio","Est. tempo de leitura":"2 minutos"},"schema":{"@context":"https:\/\/schema.org","@graph":[{"@type":"Article","@id":"https:\/\/blogdofarnesio.com.br\/?p=387077#article","isPartOf":{"@id":"https:\/\/blogdofarnesio.com.br\/?p=387077"},"author":{"name":"Farn\u00e9sio","@id":"https:\/\/blogdofarnesio.com.br\/#\/schema\/person\/bb9b23ae3ad0609ce8df7b6c9e76824d"},"headline":"Homem confessa assassinato de idosa de 87 anos no Sert\u00e3o de Pernambuco; \u2018abusou e em seguida matou\u2019","datePublished":"2025-02-06T16:00:39+00:00","mainEntityOfPage":{"@id":"https:\/\/blogdofarnesio.com.br\/?p=387077"},"wordCount":306,"commentCount":0,"publisher":{"@id":"https:\/\/blogdofarnesio.com.br\/#organization"},"image":{"@id":"https:\/\/blogdofarnesio.com.br\/?p=387077#primaryimage"},"thumbnailUrl":"https:\/\/blogdofarnesio.com.br\/wp-content\/uploads\/2025\/02\/blogqspstalhada-idosa-morta.jpg","articleSection":["Cidades"],"inLanguage":"pt-BR","potentialAction":[{"@type":"CommentAction","name":"Comment","target":["https:\/\/blogdofarnesio.com.br\/?p=387077#respond"]}]},{"@type":"WebPage","@id":"https:\/\/blogdofarnesio.com.br\/?p=387077","url":"https:\/\/blogdofarnesio.com.br\/?p=387077","name":"Homem confessa assassinato de idosa de 87 anos no Sert\u00e3o de Pernambuco; \u2018abusou e em seguida matou\u2019 - Blog do Farn\u00e9sio","isPartOf":{"@id":"https:\/\/blogdofarnesio.com.br\/#website"},"primaryImageOfPage":{"@id":"https:\/\/blogdofarnesio.com.br\/?p=387077#primaryimage"},"image":{"@id":"https:\/\/blogdofarnesio.com.br\/?p=387077#primaryimage"},"thumbnailUrl":"https:\/\/blogdofarnesio.com.br\/wp-content\/uploads\/2025\/02\/blogqspstalhada-idosa-morta.jpg","datePublished":"2025-02-06T16:00:39+00:00","breadcrumb":{"@id":"https:\/\/blogdofarnesio.com.br\/?p=387077#breadcrumb"},"inLanguage":"pt-BR","potentialAction":[{"@type":"ReadAction","target":["https:\/\/blogdofarnesio.com.br\/?p=387077"]}]},{"@type":"ImageObject","inLanguage":"pt-BR","@id":"https:\/\/blogdofarnesio.com.br\/?p=387077#primaryimage","url":"https:\/\/blogdofarnesio.com.br\/wp-content\/uploads\/2025\/02\/blogqspstalhada-idosa-morta.jpg","contentUrl":"https:\/\/blogdofarnesio.com.br\/wp-content\/uploads\/2025\/02\/blogqspstalhada-idosa-morta.jpg","width":573,"height":369},{"@type":"BreadcrumbList","@id":"https:\/\/blogdofarnesio.com.br\/?p=387077#breadcrumb","itemListElement":[{"@type":"ListItem","position":1,"name":"In\u00edcio","item":"https:\/\/blogdofarnesio.com.br\/"},{"@type":"ListItem","position":2,"name":"Homem confessa assassinato de idosa de 87 anos no Sert\u00e3o de Pernambuco; \u2018abusou e em seguida matou\u2019"}]},{"@type":"WebSite","@id":"https:\/\/blogdofarnesio.com.br\/#website","url":"https:\/\/blogdofarnesio.com.br\/","name":"Blog do Farn\u00e9sio","description":"Quer Saber Pol\u00edtica?","publisher":{"@id":"https:\/\/blogdofarnesio.com.br\/#organization"},"potentialAction":[{"@type":"SearchAction","target":{"@type":"EntryPoint","urlTemplate":"https:\/\/blogdofarnesio.com.br\/?s={search_term_string}"},"query-input":{"@type":"PropertyValueSpecification","valueRequired":true,"valueName":"search_term_string"}}],"inLanguage":"pt-BR"},{"@type":"Organization","@id":"https:\/\/blogdofarnesio.com.br\/#organization","name":"Blog do Farn\u00e9sio","url":"https:\/\/blogdofarnesio.com.br\/","logo":{"@type":"ImageObject","inLanguage":"pt-BR","@id":"https:\/\/blogdofarnesio.com.br\/#\/schema\/logo\/image\/","url":"https:\/\/blogdofarnesio.com.br\/wp-content\/uploads\/2026\/03\/cropped-logo_new-1.png","contentUrl":"https:\/\/blogdofarnesio.com.br\/wp-content\/uploads\/2026\/03\/cropped-logo_new-1.png","width":881,"height":685,"caption":"Blog do Farn\u00e9sio"},"image":{"@id":"https:\/\/blogdofarnesio.com.br\/#\/schema\/logo\/image\/"},"sameAs":["https:\/\/www.facebook.com\/BlogQuerSaberPolitica\/"]},{"@type":"Person","@id":"https:\/\/blogdofarnesio.com.br\/#\/schema\/person\/bb9b23ae3ad0609ce8df7b6c9e76824d","name":"Farn\u00e9sio","image":{"@type":"ImageObject","inLanguage":"pt-BR","@id":"https:\/\/secure.gravatar.com\/avatar\/986aa4c61ccdb66f8555bf88fc2a65609d00bcabd4d2d94377a727547345cbca?s=96&d=mm&r=g","url":"https:\/\/secure.gravatar.com\/avatar\/986aa4c61ccdb66f8555bf88fc2a65609d00bcabd4d2d94377a727547345cbca?s=96&d=mm&r=g","contentUrl":"https:\/\/secure.gravatar.com\/avatar\/986aa4c61ccdb66f8555bf88fc2a65609d00bcabd4d2d94377a727547345cbca?s=96&d=mm&r=g","caption":"Farn\u00e9sio"},"description":"Radialista blogueiro, chegou a Petrolina\/Juazeiro em setembro de 1980, Farn\u00e9sio Silva \u00e9 de Arapiraca-Alagoas.","sameAs":["http:\/\/blogdofarnesio.com.br","https:\/\/www.facebook.com\/?ref=tn_tnmn","https:\/\/www.instagram.com\/?utm_source=pwa_homescreen","https:\/\/youtube.com.br\/"],"url":"https:\/\/blogdofarnesio.com.br\/?author=2"}]}},"_links":{"self":[{"href":"https:\/\/blogdofarnesio.com.br\/index.php?rest_route=\/wp\/v2\/posts\/387077","targetHints":{"allow":["GET"]}}],"collection":[{"href":"https:\/\/blogdofarnesio.com.br\/index.php?rest_route=\/wp\/v2\/posts"}],"about":[{"href":"https:\/\/blogdofarnesio.com.br\/index.php?rest_route=\/wp\/v2\/types\/post"}],"author":[{"embeddable":true,"href":"https:\/\/blogdofarnesio.com.br\/index.php?rest_route=\/wp\/v2\/users\/2"}],"replies":[{"embeddable":true,"href":"https:\/\/blogdofarnesio.com.br\/index.php?rest_route=%2Fwp%2Fv2%2Fcomments&post=387077"}],"version-history":[{"count":0,"href":"https:\/\/blogdofarnesio.com.br\/index.php?rest_route=\/wp\/v2\/posts\/387077\/revisions"}],"wp:featuredmedia":[{"embeddable":true,"href":"https:\/\/blogdofarnesio.com.br\/index.php?rest_route=\/wp\/v2\/media\/387078"}],"wp:attachment":[{"href":"https:\/\/blogdofarnesio.com.br\/index.php?rest_route=%2Fwp%2Fv2%2Fmedia&parent=387077"}],"wp:term":[{"taxonomy":"category","embeddable":true,"href":"https:\/\/blogdofarnesio.com.br\/index.php?rest_route=%2Fwp%2Fv2%2Fcategories&post=387077"},{"taxonomy":"post_tag","embeddable":true,"href":"https:\/\/blogdofarnesio.com.br\/index.php?rest_route=%2Fwp%2Fv2%2Ftags&post=387077"}],"curies":[{"name":"wp","href":"https:\/\/api.w.org\/{rel}","templated":true}]}}