{"id":386996,"date":"2025-02-05T16:24:28","date_gmt":"2025-02-05T19:24:28","guid":{"rendered":"https:\/\/blogdofarnesio.com.br\/?p=386996"},"modified":"2025-02-05T15:27:01","modified_gmt":"2025-02-05T18:27:01","slug":"populacao-de-juazeiro-afetada-pelas-chuvas-recebe-kits-farmaceuticos-de-emergencia","status":"publish","type":"post","link":"https:\/\/blogdofarnesio.com.br\/?p=386996","title":{"rendered":"Popula\u00e7\u00e3o de Juazeiro afetada pelas chuvas recebe kits farmac\u00eauticos de emerg\u00eancia"},"content":{"rendered":"<p style=\"font-weight: 400;\">Nesta ter\u00e7a-feira (04), a Secretaria Municipal de Sa\u00fade de Juazeiro recebeu dois kits de medicamentos e insumos estrat\u00e9gicos para a assist\u00eancia farmac\u00eautica das pessoas atingidas pelas fortes chuvas ocorridas recentemente no munic\u00edpio. S\u00e3o kits que cont\u00eam anti-inflamat\u00f3rios, analg\u00e9sicos, antibi\u00f3ticos, luvas e seringas.<\/p>\n<p style=\"font-weight: 400;\">\n<p style=\"font-weight: 400;\">\u201cO recebimento dos Kits Estadual de Medicamentos foi viabilizado por meio de um pedido formulado pela Sesau, enviado \u00e0 Secretaria Estadual da Sa\u00fade da Bahia, por meio do N\u00facleo Regional de Sa\u00fade Norte, em apoio ao munic\u00edpio ap\u00f3s \u00e0s fortes chuvas, garantindo que as medidas do plano de a\u00e7\u00e3o durante o decreto de emerg\u00eancia (Decreto n\u00ba 054\/2025), declarado no dia 9 de janeiro, atendam a manuten\u00e7\u00e3o e a continuidade da presta\u00e7\u00e3o dos servi\u00e7os de sa\u00fade\u201d, explicou o secret\u00e1rio de Sa\u00fade, Helder Coutinho, que tamb\u00e9m agradeceu a parceria do Governo do Estado<\/p>\n<p style=\"font-weight: 400;\">\n<p style=\"font-weight: 400;\">Os medicamentos e insumos adquiridos v\u00e3o ser usados no enfrentamento de emerg\u00eancias de sa\u00fade p\u00fablica, presta\u00e7\u00e3o de assist\u00eancia aos pacientes e no controle de surtos de doen\u00e7as, somando um investimento de cerca de R$ 13 mil.<\/p>\n<p style=\"font-weight: 400;\">\n<p style=\"font-weight: 400;\">Ascom PMJ<\/p>\n","protected":false},"excerpt":{"rendered":"<p>Nesta ter\u00e7a-feira (04), a Secretaria Municipal de Sa\u00fade de Juazeiro recebeu dois kits de medicamentos e insumos estrat\u00e9gicos para a assist\u00eancia farmac\u00eautica das pessoas atingidas pelas fortes chuvas ocorridas recentemente no munic\u00edpio. S\u00e3o kits que cont\u00eam anti-inflamat\u00f3rios, analg\u00e9sicos, antibi\u00f3ticos, luvas e seringas. \u201cO recebimento dos Kits Estadual de Medicamentos foi viabilizado por meio de um pedido formulado pela Sesau, enviado \u00e0 Secretaria Estadual da Sa\u00fade da Bahia, por meio do N\u00facleo Regional de Sa\u00fade Norte, em apoio ao munic\u00edpio ap\u00f3s \u00e0s fortes chuvas, garantindo que as medidas do plano de a\u00e7\u00e3o durante o decreto de emerg\u00eancia (Decreto n\u00ba 054\/2025), declarado no dia 9 de janeiro, atendam a manuten\u00e7\u00e3o e a continuidade da presta\u00e7\u00e3o dos servi\u00e7os de sa\u00fade\u201d, explicou o secret\u00e1rio&hellip; <\/p>\n","protected":false},"author":2,"featured_media":70031,"comment_status":"open","ping_status":"open","sticky":false,"template":"","format":"standard","meta":{"_acf_changed":false,"footnotes":""},"categories":[43],"tags":[],"class_list":["post-386996","post","type-post","status-publish","format-standard","has-post-thumbnail","hentry","category-sem-categoria"],"acf":[],"yoast_head":"<!-- This site is optimized with the Yoast SEO plugin v27.4 - https:\/\/yoast.com\/product\/yoast-seo-wordpress\/ -->\n<title>Popula\u00e7\u00e3o de Juazeiro afetada pelas chuvas recebe kits farmac\u00eauticos de emerg\u00eancia - Blog do Farn\u00e9sio<\/title>\n<meta name=\"robots\" content=\"index, follow, max-snippet:-1, max-image-preview:large, max-video-preview:-1\" \/>\n<link rel=\"canonical\" href=\"https:\/\/blogdofarnesio.com.br\/?p=386996\" \/>\n<meta property=\"og:locale\" content=\"pt_BR\" \/>\n<meta property=\"og:type\" content=\"article\" \/>\n<meta property=\"og:title\" content=\"Popula\u00e7\u00e3o de Juazeiro afetada pelas chuvas recebe kits farmac\u00eauticos de emerg\u00eancia - Blog do Farn\u00e9sio\" \/>\n<meta property=\"og:description\" content=\"Nesta ter\u00e7a-feira (04), a Secretaria Municipal de Sa\u00fade de Juazeiro recebeu dois kits de medicamentos e insumos estrat\u00e9gicos para a assist\u00eancia farmac\u00eautica das pessoas atingidas pelas fortes chuvas ocorridas recentemente no munic\u00edpio. S\u00e3o kits que cont\u00eam anti-inflamat\u00f3rios, analg\u00e9sicos, antibi\u00f3ticos, luvas e seringas. \u201cO recebimento dos Kits Estadual de Medicamentos foi viabilizado por meio de um pedido formulado pela Sesau, enviado \u00e0 Secretaria Estadual da Sa\u00fade da Bahia, por meio do N\u00facleo Regional de Sa\u00fade Norte, em apoio ao munic\u00edpio ap\u00f3s \u00e0s fortes chuvas, garantindo que as medidas do plano de a\u00e7\u00e3o durante o decreto de emerg\u00eancia (Decreto n\u00ba 054\/2025), declarado no dia 9 de janeiro, atendam a manuten\u00e7\u00e3o e a continuidade da presta\u00e7\u00e3o dos servi\u00e7os de sa\u00fade\u201d, explicou o secret\u00e1rio&hellip;\" \/>\n<meta property=\"og:url\" content=\"https:\/\/blogdofarnesio.com.br\/?p=386996\" \/>\n<meta property=\"og:site_name\" content=\"Blog do Farn\u00e9sio\" \/>\n<meta property=\"article:publisher\" content=\"https:\/\/www.facebook.com\/BlogQuerSaberPolitica\/\" \/>\n<meta property=\"article:author\" content=\"https:\/\/www.facebook.com\/?ref=tn_tnmn\" \/>\n<meta property=\"article:published_time\" content=\"2025-02-05T19:24:28+00:00\" \/>\n<meta property=\"og:image\" content=\"https:\/\/blogdofarnesio.com.br\/wp-content\/uploads\/2014\/01\/blogqspremedio.jpg\" \/>\n\t<meta property=\"og:image:width\" content=\"400\" \/>\n\t<meta property=\"og:image:height\" content=\"267\" \/>\n\t<meta property=\"og:image:type\" content=\"image\/jpeg\" \/>\n<meta name=\"author\" content=\"Farn\u00e9sio\" \/>\n<meta name=\"twitter:card\" content=\"summary_large_image\" \/>\n<meta name=\"twitter:label1\" content=\"Escrito por\" \/>\n\t<meta name=\"twitter:data1\" content=\"Farn\u00e9sio\" \/>\n\t<meta name=\"twitter:label2\" content=\"Est. tempo de leitura\" \/>\n\t<meta name=\"twitter:data2\" content=\"2 minutos\" \/>\n<script type=\"application\/ld+json\" class=\"yoast-schema-graph\">{\"@context\":\"https:\\\/\\\/schema.org\",\"@graph\":[{\"@type\":\"Article\",\"@id\":\"https:\\\/\\\/blogdofarnesio.com.br\\\/?p=386996#article\",\"isPartOf\":{\"@id\":\"https:\\\/\\\/blogdofarnesio.com.br\\\/?p=386996\"},\"author\":{\"name\":\"Farn\u00e9sio\",\"@id\":\"https:\\\/\\\/blogdofarnesio.com.br\\\/#\\\/schema\\\/person\\\/bb9b23ae3ad0609ce8df7b6c9e76824d\"},\"headline\":\"Popula\u00e7\u00e3o de Juazeiro afetada pelas chuvas recebe kits farmac\u00eauticos de emerg\u00eancia\",\"datePublished\":\"2025-02-05T19:24:28+00:00\",\"mainEntityOfPage\":{\"@id\":\"https:\\\/\\\/blogdofarnesio.com.br\\\/?p=386996\"},\"wordCount\":212,\"commentCount\":0,\"publisher\":{\"@id\":\"https:\\\/\\\/blogdofarnesio.com.br\\\/#organization\"},\"image\":{\"@id\":\"https:\\\/\\\/blogdofarnesio.com.br\\\/?p=386996#primaryimage\"},\"thumbnailUrl\":\"https:\\\/\\\/blogdofarnesio.com.br\\\/wp-content\\\/uploads\\\/2014\\\/01\\\/blogqspremedio.jpg\",\"inLanguage\":\"pt-BR\",\"potentialAction\":[{\"@type\":\"CommentAction\",\"name\":\"Comment\",\"target\":[\"https:\\\/\\\/blogdofarnesio.com.br\\\/?p=386996#respond\"]}]},{\"@type\":\"WebPage\",\"@id\":\"https:\\\/\\\/blogdofarnesio.com.br\\\/?p=386996\",\"url\":\"https:\\\/\\\/blogdofarnesio.com.br\\\/?p=386996\",\"name\":\"Popula\u00e7\u00e3o de Juazeiro afetada pelas chuvas recebe kits farmac\u00eauticos de emerg\u00eancia - Blog do Farn\u00e9sio\",\"isPartOf\":{\"@id\":\"https:\\\/\\\/blogdofarnesio.com.br\\\/#website\"},\"primaryImageOfPage\":{\"@id\":\"https:\\\/\\\/blogdofarnesio.com.br\\\/?p=386996#primaryimage\"},\"image\":{\"@id\":\"https:\\\/\\\/blogdofarnesio.com.br\\\/?p=386996#primaryimage\"},\"thumbnailUrl\":\"https:\\\/\\\/blogdofarnesio.com.br\\\/wp-content\\\/uploads\\\/2014\\\/01\\\/blogqspremedio.jpg\",\"datePublished\":\"2025-02-05T19:24:28+00:00\",\"breadcrumb\":{\"@id\":\"https:\\\/\\\/blogdofarnesio.com.br\\\/?p=386996#breadcrumb\"},\"inLanguage\":\"pt-BR\",\"potentialAction\":[{\"@type\":\"ReadAction\",\"target\":[\"https:\\\/\\\/blogdofarnesio.com.br\\\/?p=386996\"]}]},{\"@type\":\"ImageObject\",\"inLanguage\":\"pt-BR\",\"@id\":\"https:\\\/\\\/blogdofarnesio.com.br\\\/?p=386996#primaryimage\",\"url\":\"https:\\\/\\\/blogdofarnesio.com.br\\\/wp-content\\\/uploads\\\/2014\\\/01\\\/blogqspremedio.jpg\",\"contentUrl\":\"https:\\\/\\\/blogdofarnesio.com.br\\\/wp-content\\\/uploads\\\/2014\\\/01\\\/blogqspremedio.jpg\",\"width\":400,\"height\":267,\"caption\":\"Ilustra\u00e7\u00e3o\"},{\"@type\":\"BreadcrumbList\",\"@id\":\"https:\\\/\\\/blogdofarnesio.com.br\\\/?p=386996#breadcrumb\",\"itemListElement\":[{\"@type\":\"ListItem\",\"position\":1,\"name\":\"In\u00edcio\",\"item\":\"https:\\\/\\\/blogdofarnesio.com.br\\\/\"},{\"@type\":\"ListItem\",\"position\":2,\"name\":\"Popula\u00e7\u00e3o de Juazeiro afetada pelas chuvas recebe kits farmac\u00eauticos de emerg\u00eancia\"}]},{\"@type\":\"WebSite\",\"@id\":\"https:\\\/\\\/blogdofarnesio.com.br\\\/#website\",\"url\":\"https:\\\/\\\/blogdofarnesio.com.br\\\/\",\"name\":\"Blog do Farn\u00e9sio\",\"description\":\"Quer Saber Pol\u00edtica?\",\"publisher\":{\"@id\":\"https:\\\/\\\/blogdofarnesio.com.br\\\/#organization\"},\"potentialAction\":[{\"@type\":\"SearchAction\",\"target\":{\"@type\":\"EntryPoint\",\"urlTemplate\":\"https:\\\/\\\/blogdofarnesio.com.br\\\/?s={search_term_string}\"},\"query-input\":{\"@type\":\"PropertyValueSpecification\",\"valueRequired\":true,\"valueName\":\"search_term_string\"}}],\"inLanguage\":\"pt-BR\"},{\"@type\":\"Organization\",\"@id\":\"https:\\\/\\\/blogdofarnesio.com.br\\\/#organization\",\"name\":\"Blog do Farn\u00e9sio\",\"url\":\"https:\\\/\\\/blogdofarnesio.com.br\\\/\",\"logo\":{\"@type\":\"ImageObject\",\"inLanguage\":\"pt-BR\",\"@id\":\"https:\\\/\\\/blogdofarnesio.com.br\\\/#\\\/schema\\\/logo\\\/image\\\/\",\"url\":\"https:\\\/\\\/blogdofarnesio.com.br\\\/wp-content\\\/uploads\\\/2026\\\/03\\\/cropped-logo_new-1.png\",\"contentUrl\":\"https:\\\/\\\/blogdofarnesio.com.br\\\/wp-content\\\/uploads\\\/2026\\\/03\\\/cropped-logo_new-1.png\",\"width\":881,\"height\":685,\"caption\":\"Blog do Farn\u00e9sio\"},\"image\":{\"@id\":\"https:\\\/\\\/blogdofarnesio.com.br\\\/#\\\/schema\\\/logo\\\/image\\\/\"},\"sameAs\":[\"https:\\\/\\\/www.facebook.com\\\/BlogQuerSaberPolitica\\\/\"]},{\"@type\":\"Person\",\"@id\":\"https:\\\/\\\/blogdofarnesio.com.br\\\/#\\\/schema\\\/person\\\/bb9b23ae3ad0609ce8df7b6c9e76824d\",\"name\":\"Farn\u00e9sio\",\"image\":{\"@type\":\"ImageObject\",\"inLanguage\":\"pt-BR\",\"@id\":\"https:\\\/\\\/secure.gravatar.com\\\/avatar\\\/986aa4c61ccdb66f8555bf88fc2a65609d00bcabd4d2d94377a727547345cbca?s=96&d=mm&r=g\",\"url\":\"https:\\\/\\\/secure.gravatar.com\\\/avatar\\\/986aa4c61ccdb66f8555bf88fc2a65609d00bcabd4d2d94377a727547345cbca?s=96&d=mm&r=g\",\"contentUrl\":\"https:\\\/\\\/secure.gravatar.com\\\/avatar\\\/986aa4c61ccdb66f8555bf88fc2a65609d00bcabd4d2d94377a727547345cbca?s=96&d=mm&r=g\",\"caption\":\"Farn\u00e9sio\"},\"description\":\"Radialista blogueiro, chegou a Petrolina\\\/Juazeiro em setembro de 1980, Farn\u00e9sio Silva \u00e9 de Arapiraca-Alagoas.\",\"sameAs\":[\"http:\\\/\\\/blogdofarnesio.com.br\",\"https:\\\/\\\/www.facebook.com\\\/?ref=tn_tnmn\",\"https:\\\/\\\/www.instagram.com\\\/?utm_source=pwa_homescreen\",\"https:\\\/\\\/youtube.com.br\\\/\"],\"url\":\"https:\\\/\\\/blogdofarnesio.com.br\\\/?author=2\"}]}<\/script>\n<!-- \/ Yoast SEO plugin. -->","yoast_head_json":{"title":"Popula\u00e7\u00e3o de Juazeiro afetada pelas chuvas recebe kits farmac\u00eauticos de emerg\u00eancia - Blog do Farn\u00e9sio","robots":{"index":"index","follow":"follow","max-snippet":"max-snippet:-1","max-image-preview":"max-image-preview:large","max-video-preview":"max-video-preview:-1"},"canonical":"https:\/\/blogdofarnesio.com.br\/?p=386996","og_locale":"pt_BR","og_type":"article","og_title":"Popula\u00e7\u00e3o de Juazeiro afetada pelas chuvas recebe kits farmac\u00eauticos de emerg\u00eancia - Blog do Farn\u00e9sio","og_description":"Nesta ter\u00e7a-feira (04), a Secretaria Municipal de Sa\u00fade de Juazeiro recebeu dois kits de medicamentos e insumos estrat\u00e9gicos para a assist\u00eancia farmac\u00eautica das pessoas atingidas pelas fortes chuvas ocorridas recentemente no munic\u00edpio. S\u00e3o kits que cont\u00eam anti-inflamat\u00f3rios, analg\u00e9sicos, antibi\u00f3ticos, luvas e seringas. \u201cO recebimento dos Kits Estadual de Medicamentos foi viabilizado por meio de um pedido formulado pela Sesau, enviado \u00e0 Secretaria Estadual da Sa\u00fade da Bahia, por meio do N\u00facleo Regional de Sa\u00fade Norte, em apoio ao munic\u00edpio ap\u00f3s \u00e0s fortes chuvas, garantindo que as medidas do plano de a\u00e7\u00e3o durante o decreto de emerg\u00eancia (Decreto n\u00ba 054\/2025), declarado no dia 9 de janeiro, atendam a manuten\u00e7\u00e3o e a continuidade da presta\u00e7\u00e3o dos servi\u00e7os de sa\u00fade\u201d, explicou o secret\u00e1rio&hellip;","og_url":"https:\/\/blogdofarnesio.com.br\/?p=386996","og_site_name":"Blog do Farn\u00e9sio","article_publisher":"https:\/\/www.facebook.com\/BlogQuerSaberPolitica\/","article_author":"https:\/\/www.facebook.com\/?ref=tn_tnmn","article_published_time":"2025-02-05T19:24:28+00:00","og_image":[{"width":400,"height":267,"url":"https:\/\/blogdofarnesio.com.br\/wp-content\/uploads\/2014\/01\/blogqspremedio.jpg","type":"image\/jpeg"}],"author":"Farn\u00e9sio","twitter_card":"summary_large_image","twitter_misc":{"Escrito por":"Farn\u00e9sio","Est. tempo de leitura":"2 minutos"},"schema":{"@context":"https:\/\/schema.org","@graph":[{"@type":"Article","@id":"https:\/\/blogdofarnesio.com.br\/?p=386996#article","isPartOf":{"@id":"https:\/\/blogdofarnesio.com.br\/?p=386996"},"author":{"name":"Farn\u00e9sio","@id":"https:\/\/blogdofarnesio.com.br\/#\/schema\/person\/bb9b23ae3ad0609ce8df7b6c9e76824d"},"headline":"Popula\u00e7\u00e3o de Juazeiro afetada pelas chuvas recebe kits farmac\u00eauticos de emerg\u00eancia","datePublished":"2025-02-05T19:24:28+00:00","mainEntityOfPage":{"@id":"https:\/\/blogdofarnesio.com.br\/?p=386996"},"wordCount":212,"commentCount":0,"publisher":{"@id":"https:\/\/blogdofarnesio.com.br\/#organization"},"image":{"@id":"https:\/\/blogdofarnesio.com.br\/?p=386996#primaryimage"},"thumbnailUrl":"https:\/\/blogdofarnesio.com.br\/wp-content\/uploads\/2014\/01\/blogqspremedio.jpg","inLanguage":"pt-BR","potentialAction":[{"@type":"CommentAction","name":"Comment","target":["https:\/\/blogdofarnesio.com.br\/?p=386996#respond"]}]},{"@type":"WebPage","@id":"https:\/\/blogdofarnesio.com.br\/?p=386996","url":"https:\/\/blogdofarnesio.com.br\/?p=386996","name":"Popula\u00e7\u00e3o de Juazeiro afetada pelas chuvas recebe kits farmac\u00eauticos de emerg\u00eancia - Blog do Farn\u00e9sio","isPartOf":{"@id":"https:\/\/blogdofarnesio.com.br\/#website"},"primaryImageOfPage":{"@id":"https:\/\/blogdofarnesio.com.br\/?p=386996#primaryimage"},"image":{"@id":"https:\/\/blogdofarnesio.com.br\/?p=386996#primaryimage"},"thumbnailUrl":"https:\/\/blogdofarnesio.com.br\/wp-content\/uploads\/2014\/01\/blogqspremedio.jpg","datePublished":"2025-02-05T19:24:28+00:00","breadcrumb":{"@id":"https:\/\/blogdofarnesio.com.br\/?p=386996#breadcrumb"},"inLanguage":"pt-BR","potentialAction":[{"@type":"ReadAction","target":["https:\/\/blogdofarnesio.com.br\/?p=386996"]}]},{"@type":"ImageObject","inLanguage":"pt-BR","@id":"https:\/\/blogdofarnesio.com.br\/?p=386996#primaryimage","url":"https:\/\/blogdofarnesio.com.br\/wp-content\/uploads\/2014\/01\/blogqspremedio.jpg","contentUrl":"https:\/\/blogdofarnesio.com.br\/wp-content\/uploads\/2014\/01\/blogqspremedio.jpg","width":400,"height":267,"caption":"Ilustra\u00e7\u00e3o"},{"@type":"BreadcrumbList","@id":"https:\/\/blogdofarnesio.com.br\/?p=386996#breadcrumb","itemListElement":[{"@type":"ListItem","position":1,"name":"In\u00edcio","item":"https:\/\/blogdofarnesio.com.br\/"},{"@type":"ListItem","position":2,"name":"Popula\u00e7\u00e3o de Juazeiro afetada pelas chuvas recebe kits farmac\u00eauticos de emerg\u00eancia"}]},{"@type":"WebSite","@id":"https:\/\/blogdofarnesio.com.br\/#website","url":"https:\/\/blogdofarnesio.com.br\/","name":"Blog do Farn\u00e9sio","description":"Quer Saber Pol\u00edtica?","publisher":{"@id":"https:\/\/blogdofarnesio.com.br\/#organization"},"potentialAction":[{"@type":"SearchAction","target":{"@type":"EntryPoint","urlTemplate":"https:\/\/blogdofarnesio.com.br\/?s={search_term_string}"},"query-input":{"@type":"PropertyValueSpecification","valueRequired":true,"valueName":"search_term_string"}}],"inLanguage":"pt-BR"},{"@type":"Organization","@id":"https:\/\/blogdofarnesio.com.br\/#organization","name":"Blog do Farn\u00e9sio","url":"https:\/\/blogdofarnesio.com.br\/","logo":{"@type":"ImageObject","inLanguage":"pt-BR","@id":"https:\/\/blogdofarnesio.com.br\/#\/schema\/logo\/image\/","url":"https:\/\/blogdofarnesio.com.br\/wp-content\/uploads\/2026\/03\/cropped-logo_new-1.png","contentUrl":"https:\/\/blogdofarnesio.com.br\/wp-content\/uploads\/2026\/03\/cropped-logo_new-1.png","width":881,"height":685,"caption":"Blog do Farn\u00e9sio"},"image":{"@id":"https:\/\/blogdofarnesio.com.br\/#\/schema\/logo\/image\/"},"sameAs":["https:\/\/www.facebook.com\/BlogQuerSaberPolitica\/"]},{"@type":"Person","@id":"https:\/\/blogdofarnesio.com.br\/#\/schema\/person\/bb9b23ae3ad0609ce8df7b6c9e76824d","name":"Farn\u00e9sio","image":{"@type":"ImageObject","inLanguage":"pt-BR","@id":"https:\/\/secure.gravatar.com\/avatar\/986aa4c61ccdb66f8555bf88fc2a65609d00bcabd4d2d94377a727547345cbca?s=96&d=mm&r=g","url":"https:\/\/secure.gravatar.com\/avatar\/986aa4c61ccdb66f8555bf88fc2a65609d00bcabd4d2d94377a727547345cbca?s=96&d=mm&r=g","contentUrl":"https:\/\/secure.gravatar.com\/avatar\/986aa4c61ccdb66f8555bf88fc2a65609d00bcabd4d2d94377a727547345cbca?s=96&d=mm&r=g","caption":"Farn\u00e9sio"},"description":"Radialista blogueiro, chegou a Petrolina\/Juazeiro em setembro de 1980, Farn\u00e9sio Silva \u00e9 de Arapiraca-Alagoas.","sameAs":["http:\/\/blogdofarnesio.com.br","https:\/\/www.facebook.com\/?ref=tn_tnmn","https:\/\/www.instagram.com\/?utm_source=pwa_homescreen","https:\/\/youtube.com.br\/"],"url":"https:\/\/blogdofarnesio.com.br\/?author=2"}]}},"_links":{"self":[{"href":"https:\/\/blogdofarnesio.com.br\/index.php?rest_route=\/wp\/v2\/posts\/386996","targetHints":{"allow":["GET"]}}],"collection":[{"href":"https:\/\/blogdofarnesio.com.br\/index.php?rest_route=\/wp\/v2\/posts"}],"about":[{"href":"https:\/\/blogdofarnesio.com.br\/index.php?rest_route=\/wp\/v2\/types\/post"}],"author":[{"embeddable":true,"href":"https:\/\/blogdofarnesio.com.br\/index.php?rest_route=\/wp\/v2\/users\/2"}],"replies":[{"embeddable":true,"href":"https:\/\/blogdofarnesio.com.br\/index.php?rest_route=%2Fwp%2Fv2%2Fcomments&post=386996"}],"version-history":[{"count":0,"href":"https:\/\/blogdofarnesio.com.br\/index.php?rest_route=\/wp\/v2\/posts\/386996\/revisions"}],"wp:featuredmedia":[{"embeddable":true,"href":"https:\/\/blogdofarnesio.com.br\/index.php?rest_route=\/wp\/v2\/media\/70031"}],"wp:attachment":[{"href":"https:\/\/blogdofarnesio.com.br\/index.php?rest_route=%2Fwp%2Fv2%2Fmedia&parent=386996"}],"wp:term":[{"taxonomy":"category","embeddable":true,"href":"https:\/\/blogdofarnesio.com.br\/index.php?rest_route=%2Fwp%2Fv2%2Fcategories&post=386996"},{"taxonomy":"post_tag","embeddable":true,"href":"https:\/\/blogdofarnesio.com.br\/index.php?rest_route=%2Fwp%2Fv2%2Ftags&post=386996"}],"curies":[{"name":"wp","href":"https:\/\/api.w.org\/{rel}","templated":true}]}}