{"id":386520,"date":"2025-01-30T16:24:07","date_gmt":"2025-01-30T19:24:07","guid":{"rendered":"https:\/\/blogdofarnesio.com.br\/?p=386520"},"modified":"2025-01-30T15:08:11","modified_gmt":"2025-01-30T18:08:11","slug":"com-retorno-das-chuvas-prefeitura-intensifica-servicos-emergenciais-nas-comunidades-de-petrolina","status":"publish","type":"post","link":"https:\/\/blogdofarnesio.com.br\/?p=386520","title":{"rendered":"Com retorno das chuvas, Prefeitura intensifica servi\u00e7os emergenciais nas comunidades de Petrolina"},"content":{"rendered":"<div class=\"H8m9v Z5IDtf\">\n<div class=\"xWfkye\">Conforme previs\u00e3o divulgada nos \u00faltimos dias pela Defesa Civil de Petrolina, nessa quarta-feira (29), voltou a chover na sede e no interior do munic\u00edpio.<\/div>\n<div><\/div>\n<div class=\"xWfkye\">O acumulado das \u00faltimas 24 horas na \u00e1rea urbana \u00e9 de cerca de 25 mm. A gest\u00e3o municipal j\u00e1 retomou os trabalhos de instala\u00e7\u00f5es de bombas nas comunidades e de desobstru\u00e7\u00e3o de canais e grades.<\/div>\n<div><\/div>\n<div class=\"xWfkye\">Com intensidade entre fracas e moderadas, as negocia\u00e7\u00f5es deixaram algumas comunidades com pontos de alagamentos.<\/div>\n<div><\/div>\n<\/div>\n<div class=\"gmSzme\" data-onclick=\"cvmsgcontainercl+23\">\n<div id=\"cvcmsg_194b85feb6596d1b\" class=\"ArwC7c\">\n<div id=\"cvcfullmsg_194b85feb6596d1b\" class=\"LnPMz\">\n<div id=\"cvcmsgbod_194b85feb6596d1b\" class=\"qgRHze\">\n<div class=\"lR4FQe\">\n<div class=\"IoGNdb Zc0jMc \" dir=\"ltr\">\n<div dir=\"ltr\">\n<div><span>Para minimizar os transtornos, a Prefeitura de Petrolina, atrav\u00e9s da Secretaria de Servi\u00e7os P\u00fablicos e Defesa Civil, ativou bombas j\u00e1 existentes no bairro Jatob\u00e1, bem como, a substitui\u00e7\u00e3o por um equipamento mais potente para bombear a lagoa do Dom Avelar.<\/span><\/div>\n<div><\/div>\n<div><span> Paralelamente, as equipes j\u00e1 est\u00e3o fazendo um levantamento de locais que ser\u00e3o selecionados da interven\u00e7\u00e3o.<\/span><\/div>\n<div><\/div>\n<div><span>Entre os pontos visitados \u00e9 poss\u00edvel destacar a Rua 35 do bairro Alto do Cocar, Rua 17 do bairro Santa Luzia, Rua Rio Doce no bairro Jos\u00e9 e Maria e Avenida dos Min\u00e9rios no bairro Dom Avelar.<\/span><\/div>\n<div><\/div>\n<div><span>As equipes da Opera\u00e7\u00e3o Drenagem tamb\u00e9m percorreram diversos bairros da cidade, realizando a limpeza e desobstru\u00e7\u00e3o de grades e caixas de drenagem.<\/span><\/div>\n<div><\/div>\n<div><span>Outra frente de servi\u00e7o deu sequ\u00eancia \u00e0 limpeza dos canais dos bairros Cacheado e Henrique Leite. Ainda dentro das a\u00e7\u00f5es emergenciais por conta das chuvas, a Secretaria de Servi\u00e7os P\u00fablicos e Defesa Civil realizou a\u00e7\u00f5es preventivas e a remo\u00e7\u00e3o de \u00e1rvores ca\u00eddas em vias p\u00fablicas.<\/span><\/div>\n<div><\/div>\n<div><span>Contatos de emerg\u00eancia &#8211; Em Petrolina, caso uma pessoa precisa de ajuda, pode entrar em contato com a Defesa Civil, pelo n\u00famero (87) 99132-9568; e com o SAMU, no (87) 98843- 0931.<\/span><\/div>\n<div><\/div>\n<div><span>Em situa\u00e7\u00f5es de problemas com a rede el\u00e9trica, pode acionar o Programa Mais Luz, no 0800 608 1022; ou a Neoenergia, n\u00ba 116.<\/span><\/div>\n<\/div>\n<\/div>\n<\/div>\n<\/div>\n<\/div>\n<\/div>\n<\/div>\n","protected":false},"excerpt":{"rendered":"<p>Conforme previs\u00e3o divulgada nos \u00faltimos dias pela Defesa Civil de Petrolina, nessa quarta-feira (29), voltou a chover na sede e no interior do munic\u00edpio. O acumulado das \u00faltimas 24 horas na \u00e1rea urbana \u00e9 de cerca de 25 mm. A gest\u00e3o municipal j\u00e1 retomou os trabalhos de instala\u00e7\u00f5es de bombas nas comunidades e de desobstru\u00e7\u00e3o de canais e grades. Com intensidade entre fracas e moderadas, as negocia\u00e7\u00f5es deixaram algumas comunidades com pontos de alagamentos. Para minimizar os transtornos, a Prefeitura de Petrolina, atrav\u00e9s da Secretaria de Servi\u00e7os P\u00fablicos e Defesa Civil, ativou bombas j\u00e1 existentes no bairro Jatob\u00e1, bem como, a substitui\u00e7\u00e3o por um equipamento mais potente para bombear a lagoa do Dom Avelar. Paralelamente, as equipes j\u00e1 est\u00e3o fazendo&hellip; <\/p>\n","protected":false},"author":2,"featured_media":255014,"comment_status":"open","ping_status":"open","sticky":false,"template":"","format":"standard","meta":{"_acf_changed":false,"footnotes":""},"categories":[43],"tags":[],"class_list":["post-386520","post","type-post","status-publish","format-standard","has-post-thumbnail","hentry","category-sem-categoria"],"acf":[],"yoast_head":"<!-- This site is optimized with the Yoast SEO plugin v27.4 - https:\/\/yoast.com\/product\/yoast-seo-wordpress\/ -->\n<title>Com retorno das chuvas, Prefeitura intensifica servi\u00e7os emergenciais nas comunidades de Petrolina - Blog do Farn\u00e9sio<\/title>\n<meta name=\"robots\" content=\"index, follow, max-snippet:-1, max-image-preview:large, max-video-preview:-1\" \/>\n<link rel=\"canonical\" href=\"https:\/\/blogdofarnesio.com.br\/?p=386520\" \/>\n<meta property=\"og:locale\" content=\"pt_BR\" \/>\n<meta property=\"og:type\" content=\"article\" \/>\n<meta property=\"og:title\" content=\"Com retorno das chuvas, Prefeitura intensifica servi\u00e7os emergenciais nas comunidades de Petrolina - Blog do Farn\u00e9sio\" \/>\n<meta property=\"og:description\" content=\"Conforme previs\u00e3o divulgada nos \u00faltimos dias pela Defesa Civil de Petrolina, nessa quarta-feira (29), voltou a chover na sede e no interior do munic\u00edpio. O acumulado das \u00faltimas 24 horas na \u00e1rea urbana \u00e9 de cerca de 25 mm. A gest\u00e3o municipal j\u00e1 retomou os trabalhos de instala\u00e7\u00f5es de bombas nas comunidades e de desobstru\u00e7\u00e3o de canais e grades. Com intensidade entre fracas e moderadas, as negocia\u00e7\u00f5es deixaram algumas comunidades com pontos de alagamentos. Para minimizar os transtornos, a Prefeitura de Petrolina, atrav\u00e9s da Secretaria de Servi\u00e7os P\u00fablicos e Defesa Civil, ativou bombas j\u00e1 existentes no bairro Jatob\u00e1, bem como, a substitui\u00e7\u00e3o por um equipamento mais potente para bombear a lagoa do Dom Avelar. Paralelamente, as equipes j\u00e1 est\u00e3o fazendo&hellip;\" \/>\n<meta property=\"og:url\" content=\"https:\/\/blogdofarnesio.com.br\/?p=386520\" \/>\n<meta property=\"og:site_name\" content=\"Blog do Farn\u00e9sio\" \/>\n<meta property=\"article:publisher\" content=\"https:\/\/www.facebook.com\/BlogQuerSaberPolitica\/\" \/>\n<meta property=\"article:author\" content=\"https:\/\/www.facebook.com\/?ref=tn_tnmn\" \/>\n<meta property=\"article:published_time\" content=\"2025-01-30T19:24:07+00:00\" \/>\n<meta property=\"og:image\" content=\"https:\/\/blogdofarnesio.com.br\/wp-content\/uploads\/2020\/04\/blogqsppet-Lagoa-do-Dom-Avelar-2-e1587041088402.jpeg\" \/>\n\t<meta property=\"og:image:width\" content=\"680\" \/>\n\t<meta property=\"og:image:height\" content=\"510\" \/>\n\t<meta property=\"og:image:type\" content=\"image\/jpeg\" \/>\n<meta name=\"author\" content=\"Farn\u00e9sio\" \/>\n<meta name=\"twitter:card\" content=\"summary_large_image\" \/>\n<meta name=\"twitter:label1\" content=\"Escrito por\" \/>\n\t<meta name=\"twitter:data1\" content=\"Farn\u00e9sio\" \/>\n\t<meta name=\"twitter:label2\" content=\"Est. tempo de leitura\" \/>\n\t<meta name=\"twitter:data2\" content=\"2 minutos\" \/>\n<script type=\"application\/ld+json\" class=\"yoast-schema-graph\">{\"@context\":\"https:\\\/\\\/schema.org\",\"@graph\":[{\"@type\":\"Article\",\"@id\":\"https:\\\/\\\/blogdofarnesio.com.br\\\/?p=386520#article\",\"isPartOf\":{\"@id\":\"https:\\\/\\\/blogdofarnesio.com.br\\\/?p=386520\"},\"author\":{\"name\":\"Farn\u00e9sio\",\"@id\":\"https:\\\/\\\/blogdofarnesio.com.br\\\/#\\\/schema\\\/person\\\/bb9b23ae3ad0609ce8df7b6c9e76824d\"},\"headline\":\"Com retorno das chuvas, Prefeitura intensifica servi\u00e7os emergenciais nas comunidades de Petrolina\",\"datePublished\":\"2025-01-30T19:24:07+00:00\",\"mainEntityOfPage\":{\"@id\":\"https:\\\/\\\/blogdofarnesio.com.br\\\/?p=386520\"},\"wordCount\":317,\"commentCount\":0,\"publisher\":{\"@id\":\"https:\\\/\\\/blogdofarnesio.com.br\\\/#organization\"},\"image\":{\"@id\":\"https:\\\/\\\/blogdofarnesio.com.br\\\/?p=386520#primaryimage\"},\"thumbnailUrl\":\"https:\\\/\\\/blogdofarnesio.com.br\\\/wp-content\\\/uploads\\\/2020\\\/04\\\/blogqsppet-Lagoa-do-Dom-Avelar-2-e1587041088402.jpeg\",\"inLanguage\":\"pt-BR\",\"potentialAction\":[{\"@type\":\"CommentAction\",\"name\":\"Comment\",\"target\":[\"https:\\\/\\\/blogdofarnesio.com.br\\\/?p=386520#respond\"]}]},{\"@type\":\"WebPage\",\"@id\":\"https:\\\/\\\/blogdofarnesio.com.br\\\/?p=386520\",\"url\":\"https:\\\/\\\/blogdofarnesio.com.br\\\/?p=386520\",\"name\":\"Com retorno das chuvas, Prefeitura intensifica servi\u00e7os emergenciais nas comunidades de Petrolina - Blog do Farn\u00e9sio\",\"isPartOf\":{\"@id\":\"https:\\\/\\\/blogdofarnesio.com.br\\\/#website\"},\"primaryImageOfPage\":{\"@id\":\"https:\\\/\\\/blogdofarnesio.com.br\\\/?p=386520#primaryimage\"},\"image\":{\"@id\":\"https:\\\/\\\/blogdofarnesio.com.br\\\/?p=386520#primaryimage\"},\"thumbnailUrl\":\"https:\\\/\\\/blogdofarnesio.com.br\\\/wp-content\\\/uploads\\\/2020\\\/04\\\/blogqsppet-Lagoa-do-Dom-Avelar-2-e1587041088402.jpeg\",\"datePublished\":\"2025-01-30T19:24:07+00:00\",\"breadcrumb\":{\"@id\":\"https:\\\/\\\/blogdofarnesio.com.br\\\/?p=386520#breadcrumb\"},\"inLanguage\":\"pt-BR\",\"potentialAction\":[{\"@type\":\"ReadAction\",\"target\":[\"https:\\\/\\\/blogdofarnesio.com.br\\\/?p=386520\"]}]},{\"@type\":\"ImageObject\",\"inLanguage\":\"pt-BR\",\"@id\":\"https:\\\/\\\/blogdofarnesio.com.br\\\/?p=386520#primaryimage\",\"url\":\"https:\\\/\\\/blogdofarnesio.com.br\\\/wp-content\\\/uploads\\\/2020\\\/04\\\/blogqsppet-Lagoa-do-Dom-Avelar-2-e1587041088402.jpeg\",\"contentUrl\":\"https:\\\/\\\/blogdofarnesio.com.br\\\/wp-content\\\/uploads\\\/2020\\\/04\\\/blogqsppet-Lagoa-do-Dom-Avelar-2-e1587041088402.jpeg\",\"width\":680,\"height\":510},{\"@type\":\"BreadcrumbList\",\"@id\":\"https:\\\/\\\/blogdofarnesio.com.br\\\/?p=386520#breadcrumb\",\"itemListElement\":[{\"@type\":\"ListItem\",\"position\":1,\"name\":\"In\u00edcio\",\"item\":\"https:\\\/\\\/blogdofarnesio.com.br\\\/\"},{\"@type\":\"ListItem\",\"position\":2,\"name\":\"Com retorno das chuvas, Prefeitura intensifica servi\u00e7os emergenciais nas comunidades de Petrolina\"}]},{\"@type\":\"WebSite\",\"@id\":\"https:\\\/\\\/blogdofarnesio.com.br\\\/#website\",\"url\":\"https:\\\/\\\/blogdofarnesio.com.br\\\/\",\"name\":\"Blog do Farn\u00e9sio\",\"description\":\"Quer Saber Pol\u00edtica?\",\"publisher\":{\"@id\":\"https:\\\/\\\/blogdofarnesio.com.br\\\/#organization\"},\"potentialAction\":[{\"@type\":\"SearchAction\",\"target\":{\"@type\":\"EntryPoint\",\"urlTemplate\":\"https:\\\/\\\/blogdofarnesio.com.br\\\/?s={search_term_string}\"},\"query-input\":{\"@type\":\"PropertyValueSpecification\",\"valueRequired\":true,\"valueName\":\"search_term_string\"}}],\"inLanguage\":\"pt-BR\"},{\"@type\":\"Organization\",\"@id\":\"https:\\\/\\\/blogdofarnesio.com.br\\\/#organization\",\"name\":\"Blog do Farn\u00e9sio\",\"url\":\"https:\\\/\\\/blogdofarnesio.com.br\\\/\",\"logo\":{\"@type\":\"ImageObject\",\"inLanguage\":\"pt-BR\",\"@id\":\"https:\\\/\\\/blogdofarnesio.com.br\\\/#\\\/schema\\\/logo\\\/image\\\/\",\"url\":\"https:\\\/\\\/blogdofarnesio.com.br\\\/wp-content\\\/uploads\\\/2026\\\/03\\\/cropped-logo_new-1.png\",\"contentUrl\":\"https:\\\/\\\/blogdofarnesio.com.br\\\/wp-content\\\/uploads\\\/2026\\\/03\\\/cropped-logo_new-1.png\",\"width\":881,\"height\":685,\"caption\":\"Blog do Farn\u00e9sio\"},\"image\":{\"@id\":\"https:\\\/\\\/blogdofarnesio.com.br\\\/#\\\/schema\\\/logo\\\/image\\\/\"},\"sameAs\":[\"https:\\\/\\\/www.facebook.com\\\/BlogQuerSaberPolitica\\\/\"]},{\"@type\":\"Person\",\"@id\":\"https:\\\/\\\/blogdofarnesio.com.br\\\/#\\\/schema\\\/person\\\/bb9b23ae3ad0609ce8df7b6c9e76824d\",\"name\":\"Farn\u00e9sio\",\"image\":{\"@type\":\"ImageObject\",\"inLanguage\":\"pt-BR\",\"@id\":\"https:\\\/\\\/secure.gravatar.com\\\/avatar\\\/986aa4c61ccdb66f8555bf88fc2a65609d00bcabd4d2d94377a727547345cbca?s=96&d=mm&r=g\",\"url\":\"https:\\\/\\\/secure.gravatar.com\\\/avatar\\\/986aa4c61ccdb66f8555bf88fc2a65609d00bcabd4d2d94377a727547345cbca?s=96&d=mm&r=g\",\"contentUrl\":\"https:\\\/\\\/secure.gravatar.com\\\/avatar\\\/986aa4c61ccdb66f8555bf88fc2a65609d00bcabd4d2d94377a727547345cbca?s=96&d=mm&r=g\",\"caption\":\"Farn\u00e9sio\"},\"description\":\"Radialista blogueiro, chegou a Petrolina\\\/Juazeiro em setembro de 1980, Farn\u00e9sio Silva \u00e9 de Arapiraca-Alagoas.\",\"sameAs\":[\"http:\\\/\\\/blogdofarnesio.com.br\",\"https:\\\/\\\/www.facebook.com\\\/?ref=tn_tnmn\",\"https:\\\/\\\/www.instagram.com\\\/?utm_source=pwa_homescreen\",\"https:\\\/\\\/youtube.com.br\\\/\"],\"url\":\"https:\\\/\\\/blogdofarnesio.com.br\\\/?author=2\"}]}<\/script>\n<!-- \/ Yoast SEO plugin. -->","yoast_head_json":{"title":"Com retorno das chuvas, Prefeitura intensifica servi\u00e7os emergenciais nas comunidades de Petrolina - Blog do Farn\u00e9sio","robots":{"index":"index","follow":"follow","max-snippet":"max-snippet:-1","max-image-preview":"max-image-preview:large","max-video-preview":"max-video-preview:-1"},"canonical":"https:\/\/blogdofarnesio.com.br\/?p=386520","og_locale":"pt_BR","og_type":"article","og_title":"Com retorno das chuvas, Prefeitura intensifica servi\u00e7os emergenciais nas comunidades de Petrolina - Blog do Farn\u00e9sio","og_description":"Conforme previs\u00e3o divulgada nos \u00faltimos dias pela Defesa Civil de Petrolina, nessa quarta-feira (29), voltou a chover na sede e no interior do munic\u00edpio. O acumulado das \u00faltimas 24 horas na \u00e1rea urbana \u00e9 de cerca de 25 mm. A gest\u00e3o municipal j\u00e1 retomou os trabalhos de instala\u00e7\u00f5es de bombas nas comunidades e de desobstru\u00e7\u00e3o de canais e grades. Com intensidade entre fracas e moderadas, as negocia\u00e7\u00f5es deixaram algumas comunidades com pontos de alagamentos. Para minimizar os transtornos, a Prefeitura de Petrolina, atrav\u00e9s da Secretaria de Servi\u00e7os P\u00fablicos e Defesa Civil, ativou bombas j\u00e1 existentes no bairro Jatob\u00e1, bem como, a substitui\u00e7\u00e3o por um equipamento mais potente para bombear a lagoa do Dom Avelar. Paralelamente, as equipes j\u00e1 est\u00e3o fazendo&hellip;","og_url":"https:\/\/blogdofarnesio.com.br\/?p=386520","og_site_name":"Blog do Farn\u00e9sio","article_publisher":"https:\/\/www.facebook.com\/BlogQuerSaberPolitica\/","article_author":"https:\/\/www.facebook.com\/?ref=tn_tnmn","article_published_time":"2025-01-30T19:24:07+00:00","og_image":[{"width":680,"height":510,"url":"https:\/\/blogdofarnesio.com.br\/wp-content\/uploads\/2020\/04\/blogqsppet-Lagoa-do-Dom-Avelar-2-e1587041088402.jpeg","type":"image\/jpeg"}],"author":"Farn\u00e9sio","twitter_card":"summary_large_image","twitter_misc":{"Escrito por":"Farn\u00e9sio","Est. tempo de leitura":"2 minutos"},"schema":{"@context":"https:\/\/schema.org","@graph":[{"@type":"Article","@id":"https:\/\/blogdofarnesio.com.br\/?p=386520#article","isPartOf":{"@id":"https:\/\/blogdofarnesio.com.br\/?p=386520"},"author":{"name":"Farn\u00e9sio","@id":"https:\/\/blogdofarnesio.com.br\/#\/schema\/person\/bb9b23ae3ad0609ce8df7b6c9e76824d"},"headline":"Com retorno das chuvas, Prefeitura intensifica servi\u00e7os emergenciais nas comunidades de Petrolina","datePublished":"2025-01-30T19:24:07+00:00","mainEntityOfPage":{"@id":"https:\/\/blogdofarnesio.com.br\/?p=386520"},"wordCount":317,"commentCount":0,"publisher":{"@id":"https:\/\/blogdofarnesio.com.br\/#organization"},"image":{"@id":"https:\/\/blogdofarnesio.com.br\/?p=386520#primaryimage"},"thumbnailUrl":"https:\/\/blogdofarnesio.com.br\/wp-content\/uploads\/2020\/04\/blogqsppet-Lagoa-do-Dom-Avelar-2-e1587041088402.jpeg","inLanguage":"pt-BR","potentialAction":[{"@type":"CommentAction","name":"Comment","target":["https:\/\/blogdofarnesio.com.br\/?p=386520#respond"]}]},{"@type":"WebPage","@id":"https:\/\/blogdofarnesio.com.br\/?p=386520","url":"https:\/\/blogdofarnesio.com.br\/?p=386520","name":"Com retorno das chuvas, Prefeitura intensifica servi\u00e7os emergenciais nas comunidades de Petrolina - Blog do Farn\u00e9sio","isPartOf":{"@id":"https:\/\/blogdofarnesio.com.br\/#website"},"primaryImageOfPage":{"@id":"https:\/\/blogdofarnesio.com.br\/?p=386520#primaryimage"},"image":{"@id":"https:\/\/blogdofarnesio.com.br\/?p=386520#primaryimage"},"thumbnailUrl":"https:\/\/blogdofarnesio.com.br\/wp-content\/uploads\/2020\/04\/blogqsppet-Lagoa-do-Dom-Avelar-2-e1587041088402.jpeg","datePublished":"2025-01-30T19:24:07+00:00","breadcrumb":{"@id":"https:\/\/blogdofarnesio.com.br\/?p=386520#breadcrumb"},"inLanguage":"pt-BR","potentialAction":[{"@type":"ReadAction","target":["https:\/\/blogdofarnesio.com.br\/?p=386520"]}]},{"@type":"ImageObject","inLanguage":"pt-BR","@id":"https:\/\/blogdofarnesio.com.br\/?p=386520#primaryimage","url":"https:\/\/blogdofarnesio.com.br\/wp-content\/uploads\/2020\/04\/blogqsppet-Lagoa-do-Dom-Avelar-2-e1587041088402.jpeg","contentUrl":"https:\/\/blogdofarnesio.com.br\/wp-content\/uploads\/2020\/04\/blogqsppet-Lagoa-do-Dom-Avelar-2-e1587041088402.jpeg","width":680,"height":510},{"@type":"BreadcrumbList","@id":"https:\/\/blogdofarnesio.com.br\/?p=386520#breadcrumb","itemListElement":[{"@type":"ListItem","position":1,"name":"In\u00edcio","item":"https:\/\/blogdofarnesio.com.br\/"},{"@type":"ListItem","position":2,"name":"Com retorno das chuvas, Prefeitura intensifica servi\u00e7os emergenciais nas comunidades de Petrolina"}]},{"@type":"WebSite","@id":"https:\/\/blogdofarnesio.com.br\/#website","url":"https:\/\/blogdofarnesio.com.br\/","name":"Blog do Farn\u00e9sio","description":"Quer Saber Pol\u00edtica?","publisher":{"@id":"https:\/\/blogdofarnesio.com.br\/#organization"},"potentialAction":[{"@type":"SearchAction","target":{"@type":"EntryPoint","urlTemplate":"https:\/\/blogdofarnesio.com.br\/?s={search_term_string}"},"query-input":{"@type":"PropertyValueSpecification","valueRequired":true,"valueName":"search_term_string"}}],"inLanguage":"pt-BR"},{"@type":"Organization","@id":"https:\/\/blogdofarnesio.com.br\/#organization","name":"Blog do Farn\u00e9sio","url":"https:\/\/blogdofarnesio.com.br\/","logo":{"@type":"ImageObject","inLanguage":"pt-BR","@id":"https:\/\/blogdofarnesio.com.br\/#\/schema\/logo\/image\/","url":"https:\/\/blogdofarnesio.com.br\/wp-content\/uploads\/2026\/03\/cropped-logo_new-1.png","contentUrl":"https:\/\/blogdofarnesio.com.br\/wp-content\/uploads\/2026\/03\/cropped-logo_new-1.png","width":881,"height":685,"caption":"Blog do Farn\u00e9sio"},"image":{"@id":"https:\/\/blogdofarnesio.com.br\/#\/schema\/logo\/image\/"},"sameAs":["https:\/\/www.facebook.com\/BlogQuerSaberPolitica\/"]},{"@type":"Person","@id":"https:\/\/blogdofarnesio.com.br\/#\/schema\/person\/bb9b23ae3ad0609ce8df7b6c9e76824d","name":"Farn\u00e9sio","image":{"@type":"ImageObject","inLanguage":"pt-BR","@id":"https:\/\/secure.gravatar.com\/avatar\/986aa4c61ccdb66f8555bf88fc2a65609d00bcabd4d2d94377a727547345cbca?s=96&d=mm&r=g","url":"https:\/\/secure.gravatar.com\/avatar\/986aa4c61ccdb66f8555bf88fc2a65609d00bcabd4d2d94377a727547345cbca?s=96&d=mm&r=g","contentUrl":"https:\/\/secure.gravatar.com\/avatar\/986aa4c61ccdb66f8555bf88fc2a65609d00bcabd4d2d94377a727547345cbca?s=96&d=mm&r=g","caption":"Farn\u00e9sio"},"description":"Radialista blogueiro, chegou a Petrolina\/Juazeiro em setembro de 1980, Farn\u00e9sio Silva \u00e9 de Arapiraca-Alagoas.","sameAs":["http:\/\/blogdofarnesio.com.br","https:\/\/www.facebook.com\/?ref=tn_tnmn","https:\/\/www.instagram.com\/?utm_source=pwa_homescreen","https:\/\/youtube.com.br\/"],"url":"https:\/\/blogdofarnesio.com.br\/?author=2"}]}},"_links":{"self":[{"href":"https:\/\/blogdofarnesio.com.br\/index.php?rest_route=\/wp\/v2\/posts\/386520","targetHints":{"allow":["GET"]}}],"collection":[{"href":"https:\/\/blogdofarnesio.com.br\/index.php?rest_route=\/wp\/v2\/posts"}],"about":[{"href":"https:\/\/blogdofarnesio.com.br\/index.php?rest_route=\/wp\/v2\/types\/post"}],"author":[{"embeddable":true,"href":"https:\/\/blogdofarnesio.com.br\/index.php?rest_route=\/wp\/v2\/users\/2"}],"replies":[{"embeddable":true,"href":"https:\/\/blogdofarnesio.com.br\/index.php?rest_route=%2Fwp%2Fv2%2Fcomments&post=386520"}],"version-history":[{"count":0,"href":"https:\/\/blogdofarnesio.com.br\/index.php?rest_route=\/wp\/v2\/posts\/386520\/revisions"}],"wp:featuredmedia":[{"embeddable":true,"href":"https:\/\/blogdofarnesio.com.br\/index.php?rest_route=\/wp\/v2\/media\/255014"}],"wp:attachment":[{"href":"https:\/\/blogdofarnesio.com.br\/index.php?rest_route=%2Fwp%2Fv2%2Fmedia&parent=386520"}],"wp:term":[{"taxonomy":"category","embeddable":true,"href":"https:\/\/blogdofarnesio.com.br\/index.php?rest_route=%2Fwp%2Fv2%2Fcategories&post=386520"},{"taxonomy":"post_tag","embeddable":true,"href":"https:\/\/blogdofarnesio.com.br\/index.php?rest_route=%2Fwp%2Fv2%2Ftags&post=386520"}],"curies":[{"name":"wp","href":"https:\/\/api.w.org\/{rel}","templated":true}]}}