{"id":386477,"date":"2025-01-30T09:43:39","date_gmt":"2025-01-30T12:43:39","guid":{"rendered":"https:\/\/blogdofarnesio.com.br\/?p=386477"},"modified":"2025-01-30T09:12:14","modified_gmt":"2025-01-30T12:12:14","slug":"mulher-e-presa-em-petrolina-com-mandado-de-prisao-acusada-de-ser-mandante-de-varios-homicidios-em-toritama-pe","status":"publish","type":"post","link":"https:\/\/blogdofarnesio.com.br\/?p=386477","title":{"rendered":"Mulher \u00e9 presa em Petrolina com mandado de pris\u00e3o, acusada de ser mandante de v\u00e1rios homic\u00eddios em Toritama-PE"},"content":{"rendered":"<div id=\"post-body-6389423583971056155\" class=\"post-body entry-content\">\n<p>Nesta quarta-feira dia (29), durante OPERA\u00c7\u00c3O SATURA\u00c7\u00c3O, ap\u00f3s levantamento de informa\u00e7\u00f5es entre as equipes MALHAS DA LEI do\u00a0 5\u00ba BPM e NI-26, 5\u00b0 BPM, MALHAS DA LEI e NIA 24\u00b0 BPM, no tocante a pessoa de TASSIANA APARECIDA BEZERRA, estaria homiziada em um apartamento no centro de Petrolina, no Sert\u00e3o de Pernambuco.<\/p>\n<p>De acordo com informa\u00e7\u00f5es, durante v\u00e1rios dias de campana e monitoramento, os policiais lograram \u00eaxito na captura da foragida, durante uma a\u00e7\u00e3o conjunta com o GATI do 5\u00ba BPM.<\/p>\n<p>Tassiana \u00e9 acusada de ser mandante de v\u00e1rios homic\u00eddios em Toritama-PE, e comandar o tr\u00e1fico de drogas na cidade de Toritama-PE.<\/p>\n<p>Consta contra a mesma ,um Mandado de pris\u00e3o, Processo: 0000045-88.2025.8.17.349 &#8211; \u00d3rg\u00e3o Judicial: VARA \u00daNICA DA COMARCA DE TORITAMA &#8211; TJPE. Esp\u00e9cie de pris\u00e3o criminal: Tipifica\u00e7\u00e3o Penal: Art.121(HOMIC\u00cdDIO).<\/p>\n<p>Ainda de acordo com a pol\u00edcia, TASSIANA APARECIDA BEZERRA\u00a0caiu com 3 kg de maconha no dia 31 de agosto de 2024 em Floresta, e foi solta. Vale salientar que na \u00e9poca, ainda n\u00e3o tinha sa\u00eddo o mandado de pris\u00e3o por ser mandate de homic\u00eddios em\u00a0Toritama-PE,<\/p>\n<p>Durante o cumprimento do mandado de pris\u00e3o, a conduzida estava em posse de 3 gramas de maconha para consumo. Diante do exposto, a ocorr\u00eancia foi apresentada \u00e0 Delegacia de Pol\u00edcia Civil local para serem tomadas as medidas cab\u00edveis.<\/p>\n<p><em>O Povo com a Not\u00edcia<\/em><\/p>\n<\/div>\n","protected":false},"excerpt":{"rendered":"<p>Nesta quarta-feira dia (29), durante OPERA\u00c7\u00c3O SATURA\u00c7\u00c3O, ap\u00f3s levantamento de informa\u00e7\u00f5es entre as equipes MALHAS DA LEI do\u00a0 5\u00ba BPM e NI-26, 5\u00b0 BPM, MALHAS DA LEI e NIA 24\u00b0 BPM, no tocante a pessoa de TASSIANA APARECIDA BEZERRA, estaria homiziada em um apartamento no centro de Petrolina, no Sert\u00e3o de Pernambuco. De acordo com informa\u00e7\u00f5es, durante v\u00e1rios dias de campana e monitoramento, os policiais lograram \u00eaxito na captura da foragida, durante uma a\u00e7\u00e3o conjunta com o GATI do 5\u00ba BPM. Tassiana \u00e9 acusada de ser mandante de v\u00e1rios homic\u00eddios em Toritama-PE, e comandar o tr\u00e1fico de drogas na cidade de Toritama-PE. Consta contra a mesma ,um Mandado de pris\u00e3o, Processo: 0000045-88.2025.8.17.349 &#8211; \u00d3rg\u00e3o Judicial: VARA \u00daNICA DA COMARCA DE&hellip; <\/p>\n","protected":false},"author":2,"featured_media":386478,"comment_status":"open","ping_status":"open","sticky":false,"template":"","format":"standard","meta":{"_acf_changed":false,"footnotes":""},"categories":[9],"tags":[],"class_list":["post-386477","post","type-post","status-publish","format-standard","has-post-thumbnail","hentry","category-policia"],"acf":[],"yoast_head":"<!-- This site is optimized with the Yoast SEO plugin v27.4 - https:\/\/yoast.com\/product\/yoast-seo-wordpress\/ -->\n<title>Mulher \u00e9 presa em Petrolina com mandado de pris\u00e3o, acusada de ser mandante de v\u00e1rios homic\u00eddios em Toritama-PE - Blog do Farn\u00e9sio<\/title>\n<meta name=\"robots\" content=\"index, follow, max-snippet:-1, max-image-preview:large, max-video-preview:-1\" \/>\n<link rel=\"canonical\" href=\"https:\/\/blogdofarnesio.com.br\/?p=386477\" \/>\n<meta property=\"og:locale\" content=\"pt_BR\" \/>\n<meta property=\"og:type\" content=\"article\" \/>\n<meta property=\"og:title\" content=\"Mulher \u00e9 presa em Petrolina com mandado de pris\u00e3o, acusada de ser mandante de v\u00e1rios homic\u00eddios em Toritama-PE - Blog do Farn\u00e9sio\" \/>\n<meta property=\"og:description\" content=\"Nesta quarta-feira dia (29), durante OPERA\u00c7\u00c3O SATURA\u00c7\u00c3O, ap\u00f3s levantamento de informa\u00e7\u00f5es entre as equipes MALHAS DA LEI do\u00a0 5\u00ba BPM e NI-26, 5\u00b0 BPM, MALHAS DA LEI e NIA 24\u00b0 BPM, no tocante a pessoa de TASSIANA APARECIDA BEZERRA, estaria homiziada em um apartamento no centro de Petrolina, no Sert\u00e3o de Pernambuco. De acordo com informa\u00e7\u00f5es, durante v\u00e1rios dias de campana e monitoramento, os policiais lograram \u00eaxito na captura da foragida, durante uma a\u00e7\u00e3o conjunta com o GATI do 5\u00ba BPM. Tassiana \u00e9 acusada de ser mandante de v\u00e1rios homic\u00eddios em Toritama-PE, e comandar o tr\u00e1fico de drogas na cidade de Toritama-PE. Consta contra a mesma ,um Mandado de pris\u00e3o, Processo: 0000045-88.2025.8.17.349 &#8211; \u00d3rg\u00e3o Judicial: VARA \u00daNICA DA COMARCA DE&hellip;\" \/>\n<meta property=\"og:url\" content=\"https:\/\/blogdofarnesio.com.br\/?p=386477\" \/>\n<meta property=\"og:site_name\" content=\"Blog do Farn\u00e9sio\" \/>\n<meta property=\"article:publisher\" content=\"https:\/\/www.facebook.com\/BlogQuerSaberPolitica\/\" \/>\n<meta property=\"article:author\" content=\"https:\/\/www.facebook.com\/?ref=tn_tnmn\" \/>\n<meta property=\"article:published_time\" content=\"2025-01-30T12:43:39+00:00\" \/>\n<meta property=\"og:image\" content=\"https:\/\/blogdofarnesio.com.br\/wp-content\/uploads\/2025\/01\/blogqspmulher-prisao-mandados-crimes.png\" \/>\n\t<meta property=\"og:image:width\" content=\"380\" \/>\n\t<meta property=\"og:image:height\" content=\"154\" \/>\n\t<meta property=\"og:image:type\" content=\"image\/png\" \/>\n<meta name=\"author\" content=\"Farn\u00e9sio\" \/>\n<meta name=\"twitter:card\" content=\"summary_large_image\" \/>\n<meta name=\"twitter:label1\" content=\"Escrito por\" \/>\n\t<meta name=\"twitter:data1\" content=\"Farn\u00e9sio\" \/>\n\t<meta name=\"twitter:label2\" content=\"Est. tempo de leitura\" \/>\n\t<meta name=\"twitter:data2\" content=\"2 minutos\" \/>\n<script type=\"application\/ld+json\" class=\"yoast-schema-graph\">{\"@context\":\"https:\\\/\\\/schema.org\",\"@graph\":[{\"@type\":\"Article\",\"@id\":\"https:\\\/\\\/blogdofarnesio.com.br\\\/?p=386477#article\",\"isPartOf\":{\"@id\":\"https:\\\/\\\/blogdofarnesio.com.br\\\/?p=386477\"},\"author\":{\"name\":\"Farn\u00e9sio\",\"@id\":\"https:\\\/\\\/blogdofarnesio.com.br\\\/#\\\/schema\\\/person\\\/bb9b23ae3ad0609ce8df7b6c9e76824d\"},\"headline\":\"Mulher \u00e9 presa em Petrolina com mandado de pris\u00e3o, acusada de ser mandante de v\u00e1rios homic\u00eddios em Toritama-PE\",\"datePublished\":\"2025-01-30T12:43:39+00:00\",\"mainEntityOfPage\":{\"@id\":\"https:\\\/\\\/blogdofarnesio.com.br\\\/?p=386477\"},\"wordCount\":257,\"commentCount\":0,\"publisher\":{\"@id\":\"https:\\\/\\\/blogdofarnesio.com.br\\\/#organization\"},\"image\":{\"@id\":\"https:\\\/\\\/blogdofarnesio.com.br\\\/?p=386477#primaryimage\"},\"thumbnailUrl\":\"https:\\\/\\\/blogdofarnesio.com.br\\\/wp-content\\\/uploads\\\/2025\\\/01\\\/blogqspmulher-prisao-mandados-crimes.png\",\"articleSection\":[\"Pol\u00edcia\"],\"inLanguage\":\"pt-BR\",\"potentialAction\":[{\"@type\":\"CommentAction\",\"name\":\"Comment\",\"target\":[\"https:\\\/\\\/blogdofarnesio.com.br\\\/?p=386477#respond\"]}]},{\"@type\":\"WebPage\",\"@id\":\"https:\\\/\\\/blogdofarnesio.com.br\\\/?p=386477\",\"url\":\"https:\\\/\\\/blogdofarnesio.com.br\\\/?p=386477\",\"name\":\"Mulher \u00e9 presa em Petrolina com mandado de pris\u00e3o, acusada de ser mandante de v\u00e1rios homic\u00eddios em Toritama-PE - Blog do Farn\u00e9sio\",\"isPartOf\":{\"@id\":\"https:\\\/\\\/blogdofarnesio.com.br\\\/#website\"},\"primaryImageOfPage\":{\"@id\":\"https:\\\/\\\/blogdofarnesio.com.br\\\/?p=386477#primaryimage\"},\"image\":{\"@id\":\"https:\\\/\\\/blogdofarnesio.com.br\\\/?p=386477#primaryimage\"},\"thumbnailUrl\":\"https:\\\/\\\/blogdofarnesio.com.br\\\/wp-content\\\/uploads\\\/2025\\\/01\\\/blogqspmulher-prisao-mandados-crimes.png\",\"datePublished\":\"2025-01-30T12:43:39+00:00\",\"breadcrumb\":{\"@id\":\"https:\\\/\\\/blogdofarnesio.com.br\\\/?p=386477#breadcrumb\"},\"inLanguage\":\"pt-BR\",\"potentialAction\":[{\"@type\":\"ReadAction\",\"target\":[\"https:\\\/\\\/blogdofarnesio.com.br\\\/?p=386477\"]}]},{\"@type\":\"ImageObject\",\"inLanguage\":\"pt-BR\",\"@id\":\"https:\\\/\\\/blogdofarnesio.com.br\\\/?p=386477#primaryimage\",\"url\":\"https:\\\/\\\/blogdofarnesio.com.br\\\/wp-content\\\/uploads\\\/2025\\\/01\\\/blogqspmulher-prisao-mandados-crimes.png\",\"contentUrl\":\"https:\\\/\\\/blogdofarnesio.com.br\\\/wp-content\\\/uploads\\\/2025\\\/01\\\/blogqspmulher-prisao-mandados-crimes.png\",\"width\":380,\"height\":154},{\"@type\":\"BreadcrumbList\",\"@id\":\"https:\\\/\\\/blogdofarnesio.com.br\\\/?p=386477#breadcrumb\",\"itemListElement\":[{\"@type\":\"ListItem\",\"position\":1,\"name\":\"In\u00edcio\",\"item\":\"https:\\\/\\\/blogdofarnesio.com.br\\\/\"},{\"@type\":\"ListItem\",\"position\":2,\"name\":\"Mulher \u00e9 presa em Petrolina com mandado de pris\u00e3o, acusada de ser mandante de v\u00e1rios homic\u00eddios em Toritama-PE\"}]},{\"@type\":\"WebSite\",\"@id\":\"https:\\\/\\\/blogdofarnesio.com.br\\\/#website\",\"url\":\"https:\\\/\\\/blogdofarnesio.com.br\\\/\",\"name\":\"Blog do Farn\u00e9sio\",\"description\":\"Quer Saber Pol\u00edtica?\",\"publisher\":{\"@id\":\"https:\\\/\\\/blogdofarnesio.com.br\\\/#organization\"},\"potentialAction\":[{\"@type\":\"SearchAction\",\"target\":{\"@type\":\"EntryPoint\",\"urlTemplate\":\"https:\\\/\\\/blogdofarnesio.com.br\\\/?s={search_term_string}\"},\"query-input\":{\"@type\":\"PropertyValueSpecification\",\"valueRequired\":true,\"valueName\":\"search_term_string\"}}],\"inLanguage\":\"pt-BR\"},{\"@type\":\"Organization\",\"@id\":\"https:\\\/\\\/blogdofarnesio.com.br\\\/#organization\",\"name\":\"Blog do Farn\u00e9sio\",\"url\":\"https:\\\/\\\/blogdofarnesio.com.br\\\/\",\"logo\":{\"@type\":\"ImageObject\",\"inLanguage\":\"pt-BR\",\"@id\":\"https:\\\/\\\/blogdofarnesio.com.br\\\/#\\\/schema\\\/logo\\\/image\\\/\",\"url\":\"https:\\\/\\\/blogdofarnesio.com.br\\\/wp-content\\\/uploads\\\/2026\\\/03\\\/cropped-logo_new-1.png\",\"contentUrl\":\"https:\\\/\\\/blogdofarnesio.com.br\\\/wp-content\\\/uploads\\\/2026\\\/03\\\/cropped-logo_new-1.png\",\"width\":881,\"height\":685,\"caption\":\"Blog do Farn\u00e9sio\"},\"image\":{\"@id\":\"https:\\\/\\\/blogdofarnesio.com.br\\\/#\\\/schema\\\/logo\\\/image\\\/\"},\"sameAs\":[\"https:\\\/\\\/www.facebook.com\\\/BlogQuerSaberPolitica\\\/\"]},{\"@type\":\"Person\",\"@id\":\"https:\\\/\\\/blogdofarnesio.com.br\\\/#\\\/schema\\\/person\\\/bb9b23ae3ad0609ce8df7b6c9e76824d\",\"name\":\"Farn\u00e9sio\",\"image\":{\"@type\":\"ImageObject\",\"inLanguage\":\"pt-BR\",\"@id\":\"https:\\\/\\\/secure.gravatar.com\\\/avatar\\\/986aa4c61ccdb66f8555bf88fc2a65609d00bcabd4d2d94377a727547345cbca?s=96&d=mm&r=g\",\"url\":\"https:\\\/\\\/secure.gravatar.com\\\/avatar\\\/986aa4c61ccdb66f8555bf88fc2a65609d00bcabd4d2d94377a727547345cbca?s=96&d=mm&r=g\",\"contentUrl\":\"https:\\\/\\\/secure.gravatar.com\\\/avatar\\\/986aa4c61ccdb66f8555bf88fc2a65609d00bcabd4d2d94377a727547345cbca?s=96&d=mm&r=g\",\"caption\":\"Farn\u00e9sio\"},\"description\":\"Radialista blogueiro, chegou a Petrolina\\\/Juazeiro em setembro de 1980, Farn\u00e9sio Silva \u00e9 de Arapiraca-Alagoas.\",\"sameAs\":[\"http:\\\/\\\/blogdofarnesio.com.br\",\"https:\\\/\\\/www.facebook.com\\\/?ref=tn_tnmn\",\"https:\\\/\\\/www.instagram.com\\\/?utm_source=pwa_homescreen\",\"https:\\\/\\\/youtube.com.br\\\/\"],\"url\":\"https:\\\/\\\/blogdofarnesio.com.br\\\/?author=2\"}]}<\/script>\n<!-- \/ Yoast SEO plugin. -->","yoast_head_json":{"title":"Mulher \u00e9 presa em Petrolina com mandado de pris\u00e3o, acusada de ser mandante de v\u00e1rios homic\u00eddios em Toritama-PE - Blog do Farn\u00e9sio","robots":{"index":"index","follow":"follow","max-snippet":"max-snippet:-1","max-image-preview":"max-image-preview:large","max-video-preview":"max-video-preview:-1"},"canonical":"https:\/\/blogdofarnesio.com.br\/?p=386477","og_locale":"pt_BR","og_type":"article","og_title":"Mulher \u00e9 presa em Petrolina com mandado de pris\u00e3o, acusada de ser mandante de v\u00e1rios homic\u00eddios em Toritama-PE - Blog do Farn\u00e9sio","og_description":"Nesta quarta-feira dia (29), durante OPERA\u00c7\u00c3O SATURA\u00c7\u00c3O, ap\u00f3s levantamento de informa\u00e7\u00f5es entre as equipes MALHAS DA LEI do\u00a0 5\u00ba BPM e NI-26, 5\u00b0 BPM, MALHAS DA LEI e NIA 24\u00b0 BPM, no tocante a pessoa de TASSIANA APARECIDA BEZERRA, estaria homiziada em um apartamento no centro de Petrolina, no Sert\u00e3o de Pernambuco. De acordo com informa\u00e7\u00f5es, durante v\u00e1rios dias de campana e monitoramento, os policiais lograram \u00eaxito na captura da foragida, durante uma a\u00e7\u00e3o conjunta com o GATI do 5\u00ba BPM. Tassiana \u00e9 acusada de ser mandante de v\u00e1rios homic\u00eddios em Toritama-PE, e comandar o tr\u00e1fico de drogas na cidade de Toritama-PE. Consta contra a mesma ,um Mandado de pris\u00e3o, Processo: 0000045-88.2025.8.17.349 &#8211; \u00d3rg\u00e3o Judicial: VARA \u00daNICA DA COMARCA DE&hellip;","og_url":"https:\/\/blogdofarnesio.com.br\/?p=386477","og_site_name":"Blog do Farn\u00e9sio","article_publisher":"https:\/\/www.facebook.com\/BlogQuerSaberPolitica\/","article_author":"https:\/\/www.facebook.com\/?ref=tn_tnmn","article_published_time":"2025-01-30T12:43:39+00:00","og_image":[{"width":380,"height":154,"url":"https:\/\/blogdofarnesio.com.br\/wp-content\/uploads\/2025\/01\/blogqspmulher-prisao-mandados-crimes.png","type":"image\/png"}],"author":"Farn\u00e9sio","twitter_card":"summary_large_image","twitter_misc":{"Escrito por":"Farn\u00e9sio","Est. tempo de leitura":"2 minutos"},"schema":{"@context":"https:\/\/schema.org","@graph":[{"@type":"Article","@id":"https:\/\/blogdofarnesio.com.br\/?p=386477#article","isPartOf":{"@id":"https:\/\/blogdofarnesio.com.br\/?p=386477"},"author":{"name":"Farn\u00e9sio","@id":"https:\/\/blogdofarnesio.com.br\/#\/schema\/person\/bb9b23ae3ad0609ce8df7b6c9e76824d"},"headline":"Mulher \u00e9 presa em Petrolina com mandado de pris\u00e3o, acusada de ser mandante de v\u00e1rios homic\u00eddios em Toritama-PE","datePublished":"2025-01-30T12:43:39+00:00","mainEntityOfPage":{"@id":"https:\/\/blogdofarnesio.com.br\/?p=386477"},"wordCount":257,"commentCount":0,"publisher":{"@id":"https:\/\/blogdofarnesio.com.br\/#organization"},"image":{"@id":"https:\/\/blogdofarnesio.com.br\/?p=386477#primaryimage"},"thumbnailUrl":"https:\/\/blogdofarnesio.com.br\/wp-content\/uploads\/2025\/01\/blogqspmulher-prisao-mandados-crimes.png","articleSection":["Pol\u00edcia"],"inLanguage":"pt-BR","potentialAction":[{"@type":"CommentAction","name":"Comment","target":["https:\/\/blogdofarnesio.com.br\/?p=386477#respond"]}]},{"@type":"WebPage","@id":"https:\/\/blogdofarnesio.com.br\/?p=386477","url":"https:\/\/blogdofarnesio.com.br\/?p=386477","name":"Mulher \u00e9 presa em Petrolina com mandado de pris\u00e3o, acusada de ser mandante de v\u00e1rios homic\u00eddios em Toritama-PE - Blog do Farn\u00e9sio","isPartOf":{"@id":"https:\/\/blogdofarnesio.com.br\/#website"},"primaryImageOfPage":{"@id":"https:\/\/blogdofarnesio.com.br\/?p=386477#primaryimage"},"image":{"@id":"https:\/\/blogdofarnesio.com.br\/?p=386477#primaryimage"},"thumbnailUrl":"https:\/\/blogdofarnesio.com.br\/wp-content\/uploads\/2025\/01\/blogqspmulher-prisao-mandados-crimes.png","datePublished":"2025-01-30T12:43:39+00:00","breadcrumb":{"@id":"https:\/\/blogdofarnesio.com.br\/?p=386477#breadcrumb"},"inLanguage":"pt-BR","potentialAction":[{"@type":"ReadAction","target":["https:\/\/blogdofarnesio.com.br\/?p=386477"]}]},{"@type":"ImageObject","inLanguage":"pt-BR","@id":"https:\/\/blogdofarnesio.com.br\/?p=386477#primaryimage","url":"https:\/\/blogdofarnesio.com.br\/wp-content\/uploads\/2025\/01\/blogqspmulher-prisao-mandados-crimes.png","contentUrl":"https:\/\/blogdofarnesio.com.br\/wp-content\/uploads\/2025\/01\/blogqspmulher-prisao-mandados-crimes.png","width":380,"height":154},{"@type":"BreadcrumbList","@id":"https:\/\/blogdofarnesio.com.br\/?p=386477#breadcrumb","itemListElement":[{"@type":"ListItem","position":1,"name":"In\u00edcio","item":"https:\/\/blogdofarnesio.com.br\/"},{"@type":"ListItem","position":2,"name":"Mulher \u00e9 presa em Petrolina com mandado de pris\u00e3o, acusada de ser mandante de v\u00e1rios homic\u00eddios em Toritama-PE"}]},{"@type":"WebSite","@id":"https:\/\/blogdofarnesio.com.br\/#website","url":"https:\/\/blogdofarnesio.com.br\/","name":"Blog do Farn\u00e9sio","description":"Quer Saber Pol\u00edtica?","publisher":{"@id":"https:\/\/blogdofarnesio.com.br\/#organization"},"potentialAction":[{"@type":"SearchAction","target":{"@type":"EntryPoint","urlTemplate":"https:\/\/blogdofarnesio.com.br\/?s={search_term_string}"},"query-input":{"@type":"PropertyValueSpecification","valueRequired":true,"valueName":"search_term_string"}}],"inLanguage":"pt-BR"},{"@type":"Organization","@id":"https:\/\/blogdofarnesio.com.br\/#organization","name":"Blog do Farn\u00e9sio","url":"https:\/\/blogdofarnesio.com.br\/","logo":{"@type":"ImageObject","inLanguage":"pt-BR","@id":"https:\/\/blogdofarnesio.com.br\/#\/schema\/logo\/image\/","url":"https:\/\/blogdofarnesio.com.br\/wp-content\/uploads\/2026\/03\/cropped-logo_new-1.png","contentUrl":"https:\/\/blogdofarnesio.com.br\/wp-content\/uploads\/2026\/03\/cropped-logo_new-1.png","width":881,"height":685,"caption":"Blog do Farn\u00e9sio"},"image":{"@id":"https:\/\/blogdofarnesio.com.br\/#\/schema\/logo\/image\/"},"sameAs":["https:\/\/www.facebook.com\/BlogQuerSaberPolitica\/"]},{"@type":"Person","@id":"https:\/\/blogdofarnesio.com.br\/#\/schema\/person\/bb9b23ae3ad0609ce8df7b6c9e76824d","name":"Farn\u00e9sio","image":{"@type":"ImageObject","inLanguage":"pt-BR","@id":"https:\/\/secure.gravatar.com\/avatar\/986aa4c61ccdb66f8555bf88fc2a65609d00bcabd4d2d94377a727547345cbca?s=96&d=mm&r=g","url":"https:\/\/secure.gravatar.com\/avatar\/986aa4c61ccdb66f8555bf88fc2a65609d00bcabd4d2d94377a727547345cbca?s=96&d=mm&r=g","contentUrl":"https:\/\/secure.gravatar.com\/avatar\/986aa4c61ccdb66f8555bf88fc2a65609d00bcabd4d2d94377a727547345cbca?s=96&d=mm&r=g","caption":"Farn\u00e9sio"},"description":"Radialista blogueiro, chegou a Petrolina\/Juazeiro em setembro de 1980, Farn\u00e9sio Silva \u00e9 de Arapiraca-Alagoas.","sameAs":["http:\/\/blogdofarnesio.com.br","https:\/\/www.facebook.com\/?ref=tn_tnmn","https:\/\/www.instagram.com\/?utm_source=pwa_homescreen","https:\/\/youtube.com.br\/"],"url":"https:\/\/blogdofarnesio.com.br\/?author=2"}]}},"_links":{"self":[{"href":"https:\/\/blogdofarnesio.com.br\/index.php?rest_route=\/wp\/v2\/posts\/386477","targetHints":{"allow":["GET"]}}],"collection":[{"href":"https:\/\/blogdofarnesio.com.br\/index.php?rest_route=\/wp\/v2\/posts"}],"about":[{"href":"https:\/\/blogdofarnesio.com.br\/index.php?rest_route=\/wp\/v2\/types\/post"}],"author":[{"embeddable":true,"href":"https:\/\/blogdofarnesio.com.br\/index.php?rest_route=\/wp\/v2\/users\/2"}],"replies":[{"embeddable":true,"href":"https:\/\/blogdofarnesio.com.br\/index.php?rest_route=%2Fwp%2Fv2%2Fcomments&post=386477"}],"version-history":[{"count":0,"href":"https:\/\/blogdofarnesio.com.br\/index.php?rest_route=\/wp\/v2\/posts\/386477\/revisions"}],"wp:featuredmedia":[{"embeddable":true,"href":"https:\/\/blogdofarnesio.com.br\/index.php?rest_route=\/wp\/v2\/media\/386478"}],"wp:attachment":[{"href":"https:\/\/blogdofarnesio.com.br\/index.php?rest_route=%2Fwp%2Fv2%2Fmedia&parent=386477"}],"wp:term":[{"taxonomy":"category","embeddable":true,"href":"https:\/\/blogdofarnesio.com.br\/index.php?rest_route=%2Fwp%2Fv2%2Fcategories&post=386477"},{"taxonomy":"post_tag","embeddable":true,"href":"https:\/\/blogdofarnesio.com.br\/index.php?rest_route=%2Fwp%2Fv2%2Ftags&post=386477"}],"curies":[{"name":"wp","href":"https:\/\/api.w.org\/{rel}","templated":true}]}}