{"id":385904,"date":"2025-01-22T16:24:03","date_gmt":"2025-01-22T19:24:03","guid":{"rendered":"https:\/\/blogdofarnesio.com.br\/?p=385904"},"modified":"2025-01-22T16:08:13","modified_gmt":"2025-01-22T19:08:13","slug":"obras-de-unidades-basicas-de-saude-de-juazeiro-sao-retomadas-e-novas-unidades-devem-ser-construidas","status":"publish","type":"post","link":"https:\/\/blogdofarnesio.com.br\/?p=385904","title":{"rendered":"Obras de Unidades B\u00e1sicas de Sa\u00fade de Juazeiro s\u00e3o retomadas e novas unidades devem ser constru\u00eddas"},"content":{"rendered":"<p>A infraestrutura prec\u00e1ria de algumas Unidades B\u00e1sicas de Sa\u00fade de Juazeiro \u00e9 um problema s\u00e9rio que compromete a efici\u00eancia dos atendimentos prestados \u00e0 popula\u00e7\u00e3o, por isso o prefeito Andrei Gon\u00e7alves e o secret\u00e1rio de Sa\u00fade, Helder Coutinho, visitaram nesta ter\u00e7a-feira (21), UBSs que est\u00e3o com as obras paralisadas, incluindo as dos bairros Argemiro e Alto do Alencar, al\u00e9m da unidade do Alagadi\u00e7o, que precisa de todos os equipamentos e mobili\u00e1rio necess\u00e1rios para seu funcionamento.<\/p>\n<p>O prefeito explicou que a retomada das obras vai ser feita o quanto antes. \u201cEstamos acompanhando de perto cada detalhe para garantir que essas obras sejam retomadas e finalizadas com rapidez. Nosso compromisso \u00e9 devolver \u00e0 popula\u00e7\u00e3o estruturas adequadas e eficientes, priorizando a sa\u00fade preventiva\u201d, destacou Andrei, que tamb\u00e9m chamou a aten\u00e7\u00e3o para a import\u00e2ncia do atendimento humanizado.<\/p>\n<p>Junto com o secret\u00e1rio de Sa\u00fade, o prefeito est\u00e1 identificando \u00e1reas em Juazeiro para a constru\u00e7\u00e3o de novas unidades de sa\u00fade, um pedido antigo dos moradores. Uma das possibilidades levantadas durante a visita foi a constru\u00e7\u00e3o de uma UBS pr\u00f3xima ao Col\u00e9gio Ca\u00edque, no bairro Malhada da Areia.<\/p>\n<p>\u201cA orienta\u00e7\u00e3o \u00e9 ouvir as demandas da popula\u00e7\u00e3o e planejar a constru\u00e7\u00e3o e reforma de unidades que realmente realizem um melhor atendimento e fa\u00e7am a diferen\u00e7a na vida das pessoas\u201d, disse o secret\u00e1rio Helder.<\/p>\n<p>Al\u00e9m das novas constru\u00e7\u00f5es, a gest\u00e3o municipal est\u00e1 mapeando as UBSs que necessitam de reformas urgentes. O objetivo \u00e9 identificar pontos cr\u00edticos e garantir que cada unidade atenda \u00e0s necessidades da popula\u00e7\u00e3o com qualidade e efici\u00eancia.<\/p>\n<div><\/div>\n<div><\/div>\n<div>&#8212;<\/div>\n<div>Ascom\/PMJ<\/div>\n","protected":false},"excerpt":{"rendered":"<p>A infraestrutura prec\u00e1ria de algumas Unidades B\u00e1sicas de Sa\u00fade de Juazeiro \u00e9 um problema s\u00e9rio que compromete a efici\u00eancia dos atendimentos prestados \u00e0 popula\u00e7\u00e3o, por isso o prefeito Andrei Gon\u00e7alves e o secret\u00e1rio de Sa\u00fade, Helder Coutinho, visitaram nesta ter\u00e7a-feira (21), UBSs que est\u00e3o com as obras paralisadas, incluindo as dos bairros Argemiro e Alto do Alencar, al\u00e9m da unidade do Alagadi\u00e7o, que precisa de todos os equipamentos e mobili\u00e1rio necess\u00e1rios para seu funcionamento. O prefeito explicou que a retomada das obras vai ser feita o quanto antes. \u201cEstamos acompanhando de perto cada detalhe para garantir que essas obras sejam retomadas e finalizadas com rapidez. Nosso compromisso \u00e9 devolver \u00e0 popula\u00e7\u00e3o estruturas adequadas e eficientes, priorizando a sa\u00fade preventiva\u201d, destacou&hellip; <\/p>\n","protected":false},"author":2,"featured_media":385902,"comment_status":"open","ping_status":"open","sticky":false,"template":"","format":"standard","meta":{"_acf_changed":false,"footnotes":""},"categories":[43],"tags":[],"class_list":["post-385904","post","type-post","status-publish","format-standard","has-post-thumbnail","hentry","category-sem-categoria"],"acf":[],"yoast_head":"<!-- This site is optimized with the Yoast SEO plugin v27.4 - https:\/\/yoast.com\/product\/yoast-seo-wordpress\/ -->\n<title>Obras de Unidades B\u00e1sicas de Sa\u00fade de Juazeiro s\u00e3o retomadas e novas unidades devem ser constru\u00eddas - Blog do Farn\u00e9sio<\/title>\n<meta name=\"robots\" content=\"index, follow, max-snippet:-1, max-image-preview:large, max-video-preview:-1\" \/>\n<link rel=\"canonical\" href=\"https:\/\/blogdofarnesio.com.br\/?p=385904\" \/>\n<meta property=\"og:locale\" content=\"pt_BR\" \/>\n<meta property=\"og:type\" content=\"article\" \/>\n<meta property=\"og:title\" content=\"Obras de Unidades B\u00e1sicas de Sa\u00fade de Juazeiro s\u00e3o retomadas e novas unidades devem ser constru\u00eddas - Blog do Farn\u00e9sio\" \/>\n<meta property=\"og:description\" content=\"A infraestrutura prec\u00e1ria de algumas Unidades B\u00e1sicas de Sa\u00fade de Juazeiro \u00e9 um problema s\u00e9rio que compromete a efici\u00eancia dos atendimentos prestados \u00e0 popula\u00e7\u00e3o, por isso o prefeito Andrei Gon\u00e7alves e o secret\u00e1rio de Sa\u00fade, Helder Coutinho, visitaram nesta ter\u00e7a-feira (21), UBSs que est\u00e3o com as obras paralisadas, incluindo as dos bairros Argemiro e Alto do Alencar, al\u00e9m da unidade do Alagadi\u00e7o, que precisa de todos os equipamentos e mobili\u00e1rio necess\u00e1rios para seu funcionamento. O prefeito explicou que a retomada das obras vai ser feita o quanto antes. \u201cEstamos acompanhando de perto cada detalhe para garantir que essas obras sejam retomadas e finalizadas com rapidez. Nosso compromisso \u00e9 devolver \u00e0 popula\u00e7\u00e3o estruturas adequadas e eficientes, priorizando a sa\u00fade preventiva\u201d, destacou&hellip;\" \/>\n<meta property=\"og:url\" content=\"https:\/\/blogdofarnesio.com.br\/?p=385904\" \/>\n<meta property=\"og:site_name\" content=\"Blog do Farn\u00e9sio\" \/>\n<meta property=\"article:publisher\" content=\"https:\/\/www.facebook.com\/BlogQuerSaberPolitica\/\" \/>\n<meta property=\"article:author\" content=\"https:\/\/www.facebook.com\/?ref=tn_tnmn\" \/>\n<meta property=\"article:published_time\" content=\"2025-01-22T19:24:03+00:00\" \/>\n<meta property=\"og:image\" content=\"https:\/\/blogdofarnesio.com.br\/wp-content\/uploads\/2025\/01\/Reforma-UBS05-e1737572826703.jpeg\" \/>\n\t<meta property=\"og:image:width\" content=\"600\" \/>\n\t<meta property=\"og:image:height\" content=\"480\" \/>\n\t<meta property=\"og:image:type\" content=\"image\/jpeg\" \/>\n<meta name=\"author\" content=\"Farn\u00e9sio\" \/>\n<meta name=\"twitter:card\" content=\"summary_large_image\" \/>\n<meta name=\"twitter:label1\" content=\"Escrito por\" \/>\n\t<meta name=\"twitter:data1\" content=\"Farn\u00e9sio\" \/>\n<script type=\"application\/ld+json\" class=\"yoast-schema-graph\">{\"@context\":\"https:\\\/\\\/schema.org\",\"@graph\":[{\"@type\":\"Article\",\"@id\":\"https:\\\/\\\/blogdofarnesio.com.br\\\/?p=385904#article\",\"isPartOf\":{\"@id\":\"https:\\\/\\\/blogdofarnesio.com.br\\\/?p=385904\"},\"author\":{\"name\":\"Farn\u00e9sio\",\"@id\":\"https:\\\/\\\/blogdofarnesio.com.br\\\/#\\\/schema\\\/person\\\/bb9b23ae3ad0609ce8df7b6c9e76824d\"},\"headline\":\"Obras de Unidades B\u00e1sicas de Sa\u00fade de Juazeiro s\u00e3o retomadas e novas unidades devem ser constru\u00eddas\",\"datePublished\":\"2025-01-22T19:24:03+00:00\",\"mainEntityOfPage\":{\"@id\":\"https:\\\/\\\/blogdofarnesio.com.br\\\/?p=385904\"},\"wordCount\":306,\"commentCount\":0,\"publisher\":{\"@id\":\"https:\\\/\\\/blogdofarnesio.com.br\\\/#organization\"},\"image\":{\"@id\":\"https:\\\/\\\/blogdofarnesio.com.br\\\/?p=385904#primaryimage\"},\"thumbnailUrl\":\"https:\\\/\\\/blogdofarnesio.com.br\\\/wp-content\\\/uploads\\\/2025\\\/01\\\/Reforma-UBS05-e1737572826703.jpeg\",\"inLanguage\":\"pt-BR\",\"potentialAction\":[{\"@type\":\"CommentAction\",\"name\":\"Comment\",\"target\":[\"https:\\\/\\\/blogdofarnesio.com.br\\\/?p=385904#respond\"]}]},{\"@type\":\"WebPage\",\"@id\":\"https:\\\/\\\/blogdofarnesio.com.br\\\/?p=385904\",\"url\":\"https:\\\/\\\/blogdofarnesio.com.br\\\/?p=385904\",\"name\":\"Obras de Unidades B\u00e1sicas de Sa\u00fade de Juazeiro s\u00e3o retomadas e novas unidades devem ser constru\u00eddas - Blog do Farn\u00e9sio\",\"isPartOf\":{\"@id\":\"https:\\\/\\\/blogdofarnesio.com.br\\\/#website\"},\"primaryImageOfPage\":{\"@id\":\"https:\\\/\\\/blogdofarnesio.com.br\\\/?p=385904#primaryimage\"},\"image\":{\"@id\":\"https:\\\/\\\/blogdofarnesio.com.br\\\/?p=385904#primaryimage\"},\"thumbnailUrl\":\"https:\\\/\\\/blogdofarnesio.com.br\\\/wp-content\\\/uploads\\\/2025\\\/01\\\/Reforma-UBS05-e1737572826703.jpeg\",\"datePublished\":\"2025-01-22T19:24:03+00:00\",\"breadcrumb\":{\"@id\":\"https:\\\/\\\/blogdofarnesio.com.br\\\/?p=385904#breadcrumb\"},\"inLanguage\":\"pt-BR\",\"potentialAction\":[{\"@type\":\"ReadAction\",\"target\":[\"https:\\\/\\\/blogdofarnesio.com.br\\\/?p=385904\"]}]},{\"@type\":\"ImageObject\",\"inLanguage\":\"pt-BR\",\"@id\":\"https:\\\/\\\/blogdofarnesio.com.br\\\/?p=385904#primaryimage\",\"url\":\"https:\\\/\\\/blogdofarnesio.com.br\\\/wp-content\\\/uploads\\\/2025\\\/01\\\/Reforma-UBS05-e1737572826703.jpeg\",\"contentUrl\":\"https:\\\/\\\/blogdofarnesio.com.br\\\/wp-content\\\/uploads\\\/2025\\\/01\\\/Reforma-UBS05-e1737572826703.jpeg\",\"width\":600,\"height\":480},{\"@type\":\"BreadcrumbList\",\"@id\":\"https:\\\/\\\/blogdofarnesio.com.br\\\/?p=385904#breadcrumb\",\"itemListElement\":[{\"@type\":\"ListItem\",\"position\":1,\"name\":\"In\u00edcio\",\"item\":\"https:\\\/\\\/blogdofarnesio.com.br\\\/\"},{\"@type\":\"ListItem\",\"position\":2,\"name\":\"Obras de Unidades B\u00e1sicas de Sa\u00fade de Juazeiro s\u00e3o retomadas e novas unidades devem ser constru\u00eddas\"}]},{\"@type\":\"WebSite\",\"@id\":\"https:\\\/\\\/blogdofarnesio.com.br\\\/#website\",\"url\":\"https:\\\/\\\/blogdofarnesio.com.br\\\/\",\"name\":\"Blog do Farn\u00e9sio\",\"description\":\"Quer Saber Pol\u00edtica?\",\"publisher\":{\"@id\":\"https:\\\/\\\/blogdofarnesio.com.br\\\/#organization\"},\"potentialAction\":[{\"@type\":\"SearchAction\",\"target\":{\"@type\":\"EntryPoint\",\"urlTemplate\":\"https:\\\/\\\/blogdofarnesio.com.br\\\/?s={search_term_string}\"},\"query-input\":{\"@type\":\"PropertyValueSpecification\",\"valueRequired\":true,\"valueName\":\"search_term_string\"}}],\"inLanguage\":\"pt-BR\"},{\"@type\":\"Organization\",\"@id\":\"https:\\\/\\\/blogdofarnesio.com.br\\\/#organization\",\"name\":\"Blog do Farn\u00e9sio\",\"url\":\"https:\\\/\\\/blogdofarnesio.com.br\\\/\",\"logo\":{\"@type\":\"ImageObject\",\"inLanguage\":\"pt-BR\",\"@id\":\"https:\\\/\\\/blogdofarnesio.com.br\\\/#\\\/schema\\\/logo\\\/image\\\/\",\"url\":\"https:\\\/\\\/blogdofarnesio.com.br\\\/wp-content\\\/uploads\\\/2026\\\/03\\\/cropped-logo_new-1.png\",\"contentUrl\":\"https:\\\/\\\/blogdofarnesio.com.br\\\/wp-content\\\/uploads\\\/2026\\\/03\\\/cropped-logo_new-1.png\",\"width\":881,\"height\":685,\"caption\":\"Blog do Farn\u00e9sio\"},\"image\":{\"@id\":\"https:\\\/\\\/blogdofarnesio.com.br\\\/#\\\/schema\\\/logo\\\/image\\\/\"},\"sameAs\":[\"https:\\\/\\\/www.facebook.com\\\/BlogQuerSaberPolitica\\\/\"]},{\"@type\":\"Person\",\"@id\":\"https:\\\/\\\/blogdofarnesio.com.br\\\/#\\\/schema\\\/person\\\/bb9b23ae3ad0609ce8df7b6c9e76824d\",\"name\":\"Farn\u00e9sio\",\"image\":{\"@type\":\"ImageObject\",\"inLanguage\":\"pt-BR\",\"@id\":\"https:\\\/\\\/secure.gravatar.com\\\/avatar\\\/986aa4c61ccdb66f8555bf88fc2a65609d00bcabd4d2d94377a727547345cbca?s=96&d=mm&r=g\",\"url\":\"https:\\\/\\\/secure.gravatar.com\\\/avatar\\\/986aa4c61ccdb66f8555bf88fc2a65609d00bcabd4d2d94377a727547345cbca?s=96&d=mm&r=g\",\"contentUrl\":\"https:\\\/\\\/secure.gravatar.com\\\/avatar\\\/986aa4c61ccdb66f8555bf88fc2a65609d00bcabd4d2d94377a727547345cbca?s=96&d=mm&r=g\",\"caption\":\"Farn\u00e9sio\"},\"description\":\"Radialista blogueiro, chegou a Petrolina\\\/Juazeiro em setembro de 1980, Farn\u00e9sio Silva \u00e9 de Arapiraca-Alagoas.\",\"sameAs\":[\"http:\\\/\\\/blogdofarnesio.com.br\",\"https:\\\/\\\/www.facebook.com\\\/?ref=tn_tnmn\",\"https:\\\/\\\/www.instagram.com\\\/?utm_source=pwa_homescreen\",\"https:\\\/\\\/youtube.com.br\\\/\"],\"url\":\"https:\\\/\\\/blogdofarnesio.com.br\\\/?author=2\"}]}<\/script>\n<!-- \/ Yoast SEO plugin. -->","yoast_head_json":{"title":"Obras de Unidades B\u00e1sicas de Sa\u00fade de Juazeiro s\u00e3o retomadas e novas unidades devem ser constru\u00eddas - Blog do Farn\u00e9sio","robots":{"index":"index","follow":"follow","max-snippet":"max-snippet:-1","max-image-preview":"max-image-preview:large","max-video-preview":"max-video-preview:-1"},"canonical":"https:\/\/blogdofarnesio.com.br\/?p=385904","og_locale":"pt_BR","og_type":"article","og_title":"Obras de Unidades B\u00e1sicas de Sa\u00fade de Juazeiro s\u00e3o retomadas e novas unidades devem ser constru\u00eddas - Blog do Farn\u00e9sio","og_description":"A infraestrutura prec\u00e1ria de algumas Unidades B\u00e1sicas de Sa\u00fade de Juazeiro \u00e9 um problema s\u00e9rio que compromete a efici\u00eancia dos atendimentos prestados \u00e0 popula\u00e7\u00e3o, por isso o prefeito Andrei Gon\u00e7alves e o secret\u00e1rio de Sa\u00fade, Helder Coutinho, visitaram nesta ter\u00e7a-feira (21), UBSs que est\u00e3o com as obras paralisadas, incluindo as dos bairros Argemiro e Alto do Alencar, al\u00e9m da unidade do Alagadi\u00e7o, que precisa de todos os equipamentos e mobili\u00e1rio necess\u00e1rios para seu funcionamento. O prefeito explicou que a retomada das obras vai ser feita o quanto antes. \u201cEstamos acompanhando de perto cada detalhe para garantir que essas obras sejam retomadas e finalizadas com rapidez. Nosso compromisso \u00e9 devolver \u00e0 popula\u00e7\u00e3o estruturas adequadas e eficientes, priorizando a sa\u00fade preventiva\u201d, destacou&hellip;","og_url":"https:\/\/blogdofarnesio.com.br\/?p=385904","og_site_name":"Blog do Farn\u00e9sio","article_publisher":"https:\/\/www.facebook.com\/BlogQuerSaberPolitica\/","article_author":"https:\/\/www.facebook.com\/?ref=tn_tnmn","article_published_time":"2025-01-22T19:24:03+00:00","og_image":[{"width":600,"height":480,"url":"https:\/\/blogdofarnesio.com.br\/wp-content\/uploads\/2025\/01\/Reforma-UBS05-e1737572826703.jpeg","type":"image\/jpeg"}],"author":"Farn\u00e9sio","twitter_card":"summary_large_image","twitter_misc":{"Escrito por":"Farn\u00e9sio"},"schema":{"@context":"https:\/\/schema.org","@graph":[{"@type":"Article","@id":"https:\/\/blogdofarnesio.com.br\/?p=385904#article","isPartOf":{"@id":"https:\/\/blogdofarnesio.com.br\/?p=385904"},"author":{"name":"Farn\u00e9sio","@id":"https:\/\/blogdofarnesio.com.br\/#\/schema\/person\/bb9b23ae3ad0609ce8df7b6c9e76824d"},"headline":"Obras de Unidades B\u00e1sicas de Sa\u00fade de Juazeiro s\u00e3o retomadas e novas unidades devem ser constru\u00eddas","datePublished":"2025-01-22T19:24:03+00:00","mainEntityOfPage":{"@id":"https:\/\/blogdofarnesio.com.br\/?p=385904"},"wordCount":306,"commentCount":0,"publisher":{"@id":"https:\/\/blogdofarnesio.com.br\/#organization"},"image":{"@id":"https:\/\/blogdofarnesio.com.br\/?p=385904#primaryimage"},"thumbnailUrl":"https:\/\/blogdofarnesio.com.br\/wp-content\/uploads\/2025\/01\/Reforma-UBS05-e1737572826703.jpeg","inLanguage":"pt-BR","potentialAction":[{"@type":"CommentAction","name":"Comment","target":["https:\/\/blogdofarnesio.com.br\/?p=385904#respond"]}]},{"@type":"WebPage","@id":"https:\/\/blogdofarnesio.com.br\/?p=385904","url":"https:\/\/blogdofarnesio.com.br\/?p=385904","name":"Obras de Unidades B\u00e1sicas de Sa\u00fade de Juazeiro s\u00e3o retomadas e novas unidades devem ser constru\u00eddas - Blog do Farn\u00e9sio","isPartOf":{"@id":"https:\/\/blogdofarnesio.com.br\/#website"},"primaryImageOfPage":{"@id":"https:\/\/blogdofarnesio.com.br\/?p=385904#primaryimage"},"image":{"@id":"https:\/\/blogdofarnesio.com.br\/?p=385904#primaryimage"},"thumbnailUrl":"https:\/\/blogdofarnesio.com.br\/wp-content\/uploads\/2025\/01\/Reforma-UBS05-e1737572826703.jpeg","datePublished":"2025-01-22T19:24:03+00:00","breadcrumb":{"@id":"https:\/\/blogdofarnesio.com.br\/?p=385904#breadcrumb"},"inLanguage":"pt-BR","potentialAction":[{"@type":"ReadAction","target":["https:\/\/blogdofarnesio.com.br\/?p=385904"]}]},{"@type":"ImageObject","inLanguage":"pt-BR","@id":"https:\/\/blogdofarnesio.com.br\/?p=385904#primaryimage","url":"https:\/\/blogdofarnesio.com.br\/wp-content\/uploads\/2025\/01\/Reforma-UBS05-e1737572826703.jpeg","contentUrl":"https:\/\/blogdofarnesio.com.br\/wp-content\/uploads\/2025\/01\/Reforma-UBS05-e1737572826703.jpeg","width":600,"height":480},{"@type":"BreadcrumbList","@id":"https:\/\/blogdofarnesio.com.br\/?p=385904#breadcrumb","itemListElement":[{"@type":"ListItem","position":1,"name":"In\u00edcio","item":"https:\/\/blogdofarnesio.com.br\/"},{"@type":"ListItem","position":2,"name":"Obras de Unidades B\u00e1sicas de Sa\u00fade de Juazeiro s\u00e3o retomadas e novas unidades devem ser constru\u00eddas"}]},{"@type":"WebSite","@id":"https:\/\/blogdofarnesio.com.br\/#website","url":"https:\/\/blogdofarnesio.com.br\/","name":"Blog do Farn\u00e9sio","description":"Quer Saber Pol\u00edtica?","publisher":{"@id":"https:\/\/blogdofarnesio.com.br\/#organization"},"potentialAction":[{"@type":"SearchAction","target":{"@type":"EntryPoint","urlTemplate":"https:\/\/blogdofarnesio.com.br\/?s={search_term_string}"},"query-input":{"@type":"PropertyValueSpecification","valueRequired":true,"valueName":"search_term_string"}}],"inLanguage":"pt-BR"},{"@type":"Organization","@id":"https:\/\/blogdofarnesio.com.br\/#organization","name":"Blog do Farn\u00e9sio","url":"https:\/\/blogdofarnesio.com.br\/","logo":{"@type":"ImageObject","inLanguage":"pt-BR","@id":"https:\/\/blogdofarnesio.com.br\/#\/schema\/logo\/image\/","url":"https:\/\/blogdofarnesio.com.br\/wp-content\/uploads\/2026\/03\/cropped-logo_new-1.png","contentUrl":"https:\/\/blogdofarnesio.com.br\/wp-content\/uploads\/2026\/03\/cropped-logo_new-1.png","width":881,"height":685,"caption":"Blog do Farn\u00e9sio"},"image":{"@id":"https:\/\/blogdofarnesio.com.br\/#\/schema\/logo\/image\/"},"sameAs":["https:\/\/www.facebook.com\/BlogQuerSaberPolitica\/"]},{"@type":"Person","@id":"https:\/\/blogdofarnesio.com.br\/#\/schema\/person\/bb9b23ae3ad0609ce8df7b6c9e76824d","name":"Farn\u00e9sio","image":{"@type":"ImageObject","inLanguage":"pt-BR","@id":"https:\/\/secure.gravatar.com\/avatar\/986aa4c61ccdb66f8555bf88fc2a65609d00bcabd4d2d94377a727547345cbca?s=96&d=mm&r=g","url":"https:\/\/secure.gravatar.com\/avatar\/986aa4c61ccdb66f8555bf88fc2a65609d00bcabd4d2d94377a727547345cbca?s=96&d=mm&r=g","contentUrl":"https:\/\/secure.gravatar.com\/avatar\/986aa4c61ccdb66f8555bf88fc2a65609d00bcabd4d2d94377a727547345cbca?s=96&d=mm&r=g","caption":"Farn\u00e9sio"},"description":"Radialista blogueiro, chegou a Petrolina\/Juazeiro em setembro de 1980, Farn\u00e9sio Silva \u00e9 de Arapiraca-Alagoas.","sameAs":["http:\/\/blogdofarnesio.com.br","https:\/\/www.facebook.com\/?ref=tn_tnmn","https:\/\/www.instagram.com\/?utm_source=pwa_homescreen","https:\/\/youtube.com.br\/"],"url":"https:\/\/blogdofarnesio.com.br\/?author=2"}]}},"_links":{"self":[{"href":"https:\/\/blogdofarnesio.com.br\/index.php?rest_route=\/wp\/v2\/posts\/385904","targetHints":{"allow":["GET"]}}],"collection":[{"href":"https:\/\/blogdofarnesio.com.br\/index.php?rest_route=\/wp\/v2\/posts"}],"about":[{"href":"https:\/\/blogdofarnesio.com.br\/index.php?rest_route=\/wp\/v2\/types\/post"}],"author":[{"embeddable":true,"href":"https:\/\/blogdofarnesio.com.br\/index.php?rest_route=\/wp\/v2\/users\/2"}],"replies":[{"embeddable":true,"href":"https:\/\/blogdofarnesio.com.br\/index.php?rest_route=%2Fwp%2Fv2%2Fcomments&post=385904"}],"version-history":[{"count":0,"href":"https:\/\/blogdofarnesio.com.br\/index.php?rest_route=\/wp\/v2\/posts\/385904\/revisions"}],"wp:featuredmedia":[{"embeddable":true,"href":"https:\/\/blogdofarnesio.com.br\/index.php?rest_route=\/wp\/v2\/media\/385902"}],"wp:attachment":[{"href":"https:\/\/blogdofarnesio.com.br\/index.php?rest_route=%2Fwp%2Fv2%2Fmedia&parent=385904"}],"wp:term":[{"taxonomy":"category","embeddable":true,"href":"https:\/\/blogdofarnesio.com.br\/index.php?rest_route=%2Fwp%2Fv2%2Fcategories&post=385904"},{"taxonomy":"post_tag","embeddable":true,"href":"https:\/\/blogdofarnesio.com.br\/index.php?rest_route=%2Fwp%2Fv2%2Ftags&post=385904"}],"curies":[{"name":"wp","href":"https:\/\/api.w.org\/{rel}","templated":true}]}}