{"id":385350,"date":"2025-01-15T15:43:36","date_gmt":"2025-01-15T18:43:36","guid":{"rendered":"https:\/\/blogdofarnesio.com.br\/?p=385350"},"modified":"2025-01-15T15:46:01","modified_gmt":"2025-01-15T18:46:01","slug":"prefeita-de-sento-se-e-alvo-de-denuncias-de-abuso-de-poder-e-fraude-nas-eleicoes-saiba-detalhes","status":"publish","type":"post","link":"https:\/\/blogdofarnesio.com.br\/?p=385350","title":{"rendered":"Prefeita de Sento S\u00e9 \u00e9 alvo de den\u00fancias de abuso de poder e fraude nas elei\u00e7\u00f5es; saiba detalhes"},"content":{"rendered":"<p style=\"font-weight: 400;\">A disputa eleitoral em Sento S\u00e9, norte da Bahia, tem sido marcada por uma s\u00e9rie de acusa\u00e7\u00f5es de irregularidades envolvendo os candidatos \u00e0 prefeitura nas elei\u00e7\u00f5es de 2024. Duas a\u00e7\u00f5es de investiga\u00e7\u00e3o judicial eleitoral (AIJE) foram protocoladas na 96\u00aa Zona Eleitoral, desafiando a conduta dos principais concorrentes ao cargo.<\/p>\n<p style=\"font-weight: 400;\">A primeira AIJE, registrada em 5 de outubro de 2024 (n\u00ba 0600221-50.2024.6.05.0096), tem como autor Ednaldo dos Santos Barros, candidato da coliga\u00e7\u00e3o \u201cPor Uma Sento S\u00e9 Forte, Humana e Promissora\u201d.<\/p>\n<p style=\"font-weight: 400;\">A a\u00e7\u00e3o acusa Giselda Carvalho,ent\u00e3o\u00a0 candidata a prefeita, e Doval Rodrigues dos Reis, candidato a vice-prefeito, de abuso de poder pol\u00edtico e econ\u00f4mico, al\u00e9m de capta\u00e7\u00e3o il\u00edcita de sufr\u00e1gio.<\/p>\n<p style=\"font-weight: 400;\"><img loading=\"lazy\" decoding=\"async\" class=\"aligncenter wp-image-373913 size-full\" src=\"https:\/\/blogdofarnesio.com.br\/wp-content\/uploads\/2024\/07\/DSC_0266-e1722165365550.jpg\" alt=\"\" width=\"500\" height=\"333\" \/>De acordo com a den\u00fancia, a chapa de Giselda e Doval se beneficiou de eventos p\u00fablicos realizados pela gest\u00e3o da prefeita Ana Luiza Rodrigues da Silva Passos, cabo eleitoral da candidata. Entre as irregularidades apontadas est\u00e3o:<\/p>\n<p style=\"font-weight: 400;\">Entrega de um trator \u00e0 associa\u00e7\u00e3o de moradores de Campo Largo, com a presen\u00e7a de Giselda e sua equipe de campanha, em evento conduzido pela prefeita. Entrega de ambul\u00e2ncias nos povoados de Piri e Ponta D\u2019\u00c1gua, com participa\u00e7\u00e3o ativa da prefeita e sua equipe de campanha, al\u00e9m de eleitores exibindo adesivos de Giselda. Promo\u00e7\u00e3o de um campeonato de futebol em que locutores, incluindo funcion\u00e1rios da prefeitura, fizeram propaganda pol\u00edtica em prol da campanha de Giselda.<\/p>\n<p style=\"font-weight: 400;\">Inaugura\u00e7\u00e3o de uma Unidade B\u00e1sica de Sa\u00fade (UBS) e entrega de uma ambul\u00e2ncia em Ponta D\u2019\u00c1gua, ambos divulgados nas redes sociais da prefeita, com a presen\u00e7a de membros da equipe de Giselda. A a\u00e7\u00e3o tamb\u00e9m traz acusa\u00e7\u00f5es contra Juvenilson Passos dos Santos, secret\u00e1rio de administra\u00e7\u00e3o e marido da prefeita, de envolvimento na compra de votos. A den\u00fancia inclui \u00e1udios e mensagens de WhatsApp que supostamente registram a negocia\u00e7\u00e3o de votos por parte de Juvenilson.<\/p>\n<p style=\"font-weight: 400;\">A segunda AIJE, protocolada em 10 de dezembro de 2024 (n\u00ba 0600233-64.2024.6.05.0096), tamb\u00e9m movida por Ednaldo dos Santos Barros, acusa a chapa eleita composta por Giselda Carvalho e Doval Rodrigues dos Reis, al\u00e9m de Ana Luiza Rodrigues da Silva Passos e Juvenilson Passos dos Santos, de abuso de poder pol\u00edtico e econ\u00f4mico e capta\u00e7\u00e3o il\u00edcita de sufr\u00e1gio. A den\u00fancia aponta que a B&amp;M Construtora e Locadora de M\u00e1quinas e Ve\u00edculos LTDA, contratada pela prefeitura, foi usada para realizar transfer\u00eancias banc\u00e1rias a eleitores em situa\u00e7\u00e3o de vulnerabilidade, como forma de comprar votos. O envolvimento de pessoas pr\u00f3ximas \u00e0 gest\u00e3o de Ana Passos tamb\u00e9m \u00e9 destacado, incluindo Marizan Souza Ribeiro, Jackson Andr\u00e9 Alves Silva e Jo\u00e3o Leno dos Santos Soares, todos com v\u00ednculos com a administra\u00e7\u00e3o municipal. A acusa\u00e7\u00e3o indica que Juvenilson Passos, o secret\u00e1rio de administra\u00e7\u00e3o, teria sido respons\u00e1vel por orquestrar as transfer\u00eancias banc\u00e1rias realizadas pelos intermedi\u00e1rios.<\/p>\n<p style=\"font-weight: 400;\">Al\u00e9m das acusa\u00e7\u00f5es envolvendo os candidatos \u00e0 prefeitura, uma terceira AIJE foi protocolada em 4 de dezembro de 2024 (n\u00ba 0600232-79.2024.6.05.0096) contra o Partido dos Trabalhadores (PT), acusando fraude \u00e0 cota de g\u00eanero nas elei\u00e7\u00f5es para a c\u00e2mara de vereadores. A a\u00e7\u00e3o afirma que as candidatas Vanha de Almeida Ribeiro e Eva Maria da Silva, do PT, n\u00e3o realizaram campanhas significativas e tiveram vota\u00e7\u00f5es extremamente baixas, configurando uma candidatura fict\u00edcia.<\/p>\n<p style=\"font-weight: 400;\">A a\u00e7\u00e3o, movida por Ednaldo dos Santos Barros e pela coliga\u00e7\u00e3o \u201cPor Uma Sento S\u00e9 Forte, Humana e Promissora\u201d, pede a cassa\u00e7\u00e3o dos diplomas dos candidatos eleitos pelo PT e a inelegibilidade dos envolvidos na fraude.<\/p>\n<p style=\"font-weight: 400;\">As informa\u00e7\u00f5es s\u00e3o do Al\u00f4 Juca \u2013 site da capital baiana<\/p>\n","protected":false},"excerpt":{"rendered":"<p>A disputa eleitoral em Sento S\u00e9, norte da Bahia, tem sido marcada por uma s\u00e9rie de acusa\u00e7\u00f5es de irregularidades envolvendo os candidatos \u00e0 prefeitura nas elei\u00e7\u00f5es de 2024. Duas a\u00e7\u00f5es de investiga\u00e7\u00e3o judicial eleitoral (AIJE) foram protocoladas na 96\u00aa Zona Eleitoral, desafiando a conduta dos principais concorrentes ao cargo. A primeira AIJE, registrada em 5 de outubro de 2024 (n\u00ba 0600221-50.2024.6.05.0096), tem como autor Ednaldo dos Santos Barros, candidato da coliga\u00e7\u00e3o \u201cPor Uma Sento S\u00e9 Forte, Humana e Promissora\u201d. A a\u00e7\u00e3o acusa Giselda Carvalho,ent\u00e3o\u00a0 candidata a prefeita, e Doval Rodrigues dos Reis, candidato a vice-prefeito, de abuso de poder pol\u00edtico e econ\u00f4mico, al\u00e9m de capta\u00e7\u00e3o il\u00edcita de sufr\u00e1gio. De acordo com a den\u00fancia, a chapa de Giselda e Doval se&hellip; <\/p>\n","protected":false},"author":2,"featured_media":384454,"comment_status":"open","ping_status":"open","sticky":false,"template":"","format":"standard","meta":{"_acf_changed":false,"footnotes":""},"categories":[27],"tags":[],"class_list":["post-385350","post","type-post","status-publish","format-standard","has-post-thumbnail","hentry","category-cidades"],"acf":[],"yoast_head":"<!-- This site is optimized with the Yoast SEO plugin v27.4 - https:\/\/yoast.com\/product\/yoast-seo-wordpress\/ -->\n<title>Prefeita de Sento S\u00e9 \u00e9 alvo de den\u00fancias de abuso de poder e fraude nas elei\u00e7\u00f5es; saiba detalhes - Blog do Farn\u00e9sio<\/title>\n<meta name=\"robots\" content=\"index, follow, max-snippet:-1, max-image-preview:large, max-video-preview:-1\" \/>\n<link rel=\"canonical\" href=\"https:\/\/blogdofarnesio.com.br\/?p=385350\" \/>\n<meta property=\"og:locale\" content=\"pt_BR\" \/>\n<meta property=\"og:type\" content=\"article\" \/>\n<meta property=\"og:title\" content=\"Prefeita de Sento S\u00e9 \u00e9 alvo de den\u00fancias de abuso de poder e fraude nas elei\u00e7\u00f5es; saiba detalhes - Blog do Farn\u00e9sio\" \/>\n<meta property=\"og:description\" content=\"A disputa eleitoral em Sento S\u00e9, norte da Bahia, tem sido marcada por uma s\u00e9rie de acusa\u00e7\u00f5es de irregularidades envolvendo os candidatos \u00e0 prefeitura nas elei\u00e7\u00f5es de 2024. Duas a\u00e7\u00f5es de investiga\u00e7\u00e3o judicial eleitoral (AIJE) foram protocoladas na 96\u00aa Zona Eleitoral, desafiando a conduta dos principais concorrentes ao cargo. A primeira AIJE, registrada em 5 de outubro de 2024 (n\u00ba 0600221-50.2024.6.05.0096), tem como autor Ednaldo dos Santos Barros, candidato da coliga\u00e7\u00e3o \u201cPor Uma Sento S\u00e9 Forte, Humana e Promissora\u201d. A a\u00e7\u00e3o acusa Giselda Carvalho,ent\u00e3o\u00a0 candidata a prefeita, e Doval Rodrigues dos Reis, candidato a vice-prefeito, de abuso de poder pol\u00edtico e econ\u00f4mico, al\u00e9m de capta\u00e7\u00e3o il\u00edcita de sufr\u00e1gio. De acordo com a den\u00fancia, a chapa de Giselda e Doval se&hellip;\" \/>\n<meta property=\"og:url\" content=\"https:\/\/blogdofarnesio.com.br\/?p=385350\" \/>\n<meta property=\"og:site_name\" content=\"Blog do Farn\u00e9sio\" \/>\n<meta property=\"article:publisher\" content=\"https:\/\/www.facebook.com\/BlogQuerSaberPolitica\/\" \/>\n<meta property=\"article:author\" content=\"https:\/\/www.facebook.com\/?ref=tn_tnmn\" \/>\n<meta property=\"article:published_time\" content=\"2025-01-15T18:43:36+00:00\" \/>\n<meta property=\"article:modified_time\" content=\"2025-01-15T18:46:01+00:00\" \/>\n<meta property=\"og:image\" content=\"https:\/\/blogdofarnesio.com.br\/wp-content\/uploads\/2025\/01\/WhatsApp-Image-2025-01-01-at-19.00.20-e1735770154788.jpeg\" \/>\n\t<meta property=\"og:image:width\" content=\"600\" \/>\n\t<meta property=\"og:image:height\" content=\"450\" \/>\n\t<meta property=\"og:image:type\" content=\"image\/jpeg\" \/>\n<meta name=\"author\" content=\"Farn\u00e9sio\" \/>\n<meta name=\"twitter:card\" content=\"summary_large_image\" \/>\n<meta name=\"twitter:label1\" content=\"Escrito por\" \/>\n\t<meta name=\"twitter:data1\" content=\"Farn\u00e9sio\" \/>\n\t<meta name=\"twitter:label2\" content=\"Est. tempo de leitura\" \/>\n\t<meta name=\"twitter:data2\" content=\"4 minutos\" \/>\n<script type=\"application\/ld+json\" class=\"yoast-schema-graph\">{\"@context\":\"https:\\\/\\\/schema.org\",\"@graph\":[{\"@type\":\"Article\",\"@id\":\"https:\\\/\\\/blogdofarnesio.com.br\\\/?p=385350#article\",\"isPartOf\":{\"@id\":\"https:\\\/\\\/blogdofarnesio.com.br\\\/?p=385350\"},\"author\":{\"name\":\"Farn\u00e9sio\",\"@id\":\"https:\\\/\\\/blogdofarnesio.com.br\\\/#\\\/schema\\\/person\\\/bb9b23ae3ad0609ce8df7b6c9e76824d\"},\"headline\":\"Prefeita de Sento S\u00e9 \u00e9 alvo de den\u00fancias de abuso de poder e fraude nas elei\u00e7\u00f5es; saiba detalhes\",\"datePublished\":\"2025-01-15T18:43:36+00:00\",\"dateModified\":\"2025-01-15T18:46:01+00:00\",\"mainEntityOfPage\":{\"@id\":\"https:\\\/\\\/blogdofarnesio.com.br\\\/?p=385350\"},\"wordCount\":643,\"commentCount\":0,\"publisher\":{\"@id\":\"https:\\\/\\\/blogdofarnesio.com.br\\\/#organization\"},\"image\":{\"@id\":\"https:\\\/\\\/blogdofarnesio.com.br\\\/?p=385350#primaryimage\"},\"thumbnailUrl\":\"https:\\\/\\\/blogdofarnesio.com.br\\\/wp-content\\\/uploads\\\/2025\\\/01\\\/WhatsApp-Image-2025-01-01-at-19.00.20-e1735770154788.jpeg\",\"articleSection\":[\"Cidades\"],\"inLanguage\":\"pt-BR\",\"potentialAction\":[{\"@type\":\"CommentAction\",\"name\":\"Comment\",\"target\":[\"https:\\\/\\\/blogdofarnesio.com.br\\\/?p=385350#respond\"]}]},{\"@type\":\"WebPage\",\"@id\":\"https:\\\/\\\/blogdofarnesio.com.br\\\/?p=385350\",\"url\":\"https:\\\/\\\/blogdofarnesio.com.br\\\/?p=385350\",\"name\":\"Prefeita de Sento S\u00e9 \u00e9 alvo de den\u00fancias de abuso de poder e fraude nas elei\u00e7\u00f5es; saiba detalhes - Blog do Farn\u00e9sio\",\"isPartOf\":{\"@id\":\"https:\\\/\\\/blogdofarnesio.com.br\\\/#website\"},\"primaryImageOfPage\":{\"@id\":\"https:\\\/\\\/blogdofarnesio.com.br\\\/?p=385350#primaryimage\"},\"image\":{\"@id\":\"https:\\\/\\\/blogdofarnesio.com.br\\\/?p=385350#primaryimage\"},\"thumbnailUrl\":\"https:\\\/\\\/blogdofarnesio.com.br\\\/wp-content\\\/uploads\\\/2025\\\/01\\\/WhatsApp-Image-2025-01-01-at-19.00.20-e1735770154788.jpeg\",\"datePublished\":\"2025-01-15T18:43:36+00:00\",\"dateModified\":\"2025-01-15T18:46:01+00:00\",\"breadcrumb\":{\"@id\":\"https:\\\/\\\/blogdofarnesio.com.br\\\/?p=385350#breadcrumb\"},\"inLanguage\":\"pt-BR\",\"potentialAction\":[{\"@type\":\"ReadAction\",\"target\":[\"https:\\\/\\\/blogdofarnesio.com.br\\\/?p=385350\"]}]},{\"@type\":\"ImageObject\",\"inLanguage\":\"pt-BR\",\"@id\":\"https:\\\/\\\/blogdofarnesio.com.br\\\/?p=385350#primaryimage\",\"url\":\"https:\\\/\\\/blogdofarnesio.com.br\\\/wp-content\\\/uploads\\\/2025\\\/01\\\/WhatsApp-Image-2025-01-01-at-19.00.20-e1735770154788.jpeg\",\"contentUrl\":\"https:\\\/\\\/blogdofarnesio.com.br\\\/wp-content\\\/uploads\\\/2025\\\/01\\\/WhatsApp-Image-2025-01-01-at-19.00.20-e1735770154788.jpeg\",\"width\":600,\"height\":450},{\"@type\":\"BreadcrumbList\",\"@id\":\"https:\\\/\\\/blogdofarnesio.com.br\\\/?p=385350#breadcrumb\",\"itemListElement\":[{\"@type\":\"ListItem\",\"position\":1,\"name\":\"In\u00edcio\",\"item\":\"https:\\\/\\\/blogdofarnesio.com.br\\\/\"},{\"@type\":\"ListItem\",\"position\":2,\"name\":\"Prefeita de Sento S\u00e9 \u00e9 alvo de den\u00fancias de abuso de poder e fraude nas elei\u00e7\u00f5es; saiba detalhes\"}]},{\"@type\":\"WebSite\",\"@id\":\"https:\\\/\\\/blogdofarnesio.com.br\\\/#website\",\"url\":\"https:\\\/\\\/blogdofarnesio.com.br\\\/\",\"name\":\"Blog do Farn\u00e9sio\",\"description\":\"Quer Saber Pol\u00edtica?\",\"publisher\":{\"@id\":\"https:\\\/\\\/blogdofarnesio.com.br\\\/#organization\"},\"potentialAction\":[{\"@type\":\"SearchAction\",\"target\":{\"@type\":\"EntryPoint\",\"urlTemplate\":\"https:\\\/\\\/blogdofarnesio.com.br\\\/?s={search_term_string}\"},\"query-input\":{\"@type\":\"PropertyValueSpecification\",\"valueRequired\":true,\"valueName\":\"search_term_string\"}}],\"inLanguage\":\"pt-BR\"},{\"@type\":\"Organization\",\"@id\":\"https:\\\/\\\/blogdofarnesio.com.br\\\/#organization\",\"name\":\"Blog do Farn\u00e9sio\",\"url\":\"https:\\\/\\\/blogdofarnesio.com.br\\\/\",\"logo\":{\"@type\":\"ImageObject\",\"inLanguage\":\"pt-BR\",\"@id\":\"https:\\\/\\\/blogdofarnesio.com.br\\\/#\\\/schema\\\/logo\\\/image\\\/\",\"url\":\"https:\\\/\\\/blogdofarnesio.com.br\\\/wp-content\\\/uploads\\\/2026\\\/03\\\/cropped-logo_new-1.png\",\"contentUrl\":\"https:\\\/\\\/blogdofarnesio.com.br\\\/wp-content\\\/uploads\\\/2026\\\/03\\\/cropped-logo_new-1.png\",\"width\":881,\"height\":685,\"caption\":\"Blog do Farn\u00e9sio\"},\"image\":{\"@id\":\"https:\\\/\\\/blogdofarnesio.com.br\\\/#\\\/schema\\\/logo\\\/image\\\/\"},\"sameAs\":[\"https:\\\/\\\/www.facebook.com\\\/BlogQuerSaberPolitica\\\/\"]},{\"@type\":\"Person\",\"@id\":\"https:\\\/\\\/blogdofarnesio.com.br\\\/#\\\/schema\\\/person\\\/bb9b23ae3ad0609ce8df7b6c9e76824d\",\"name\":\"Farn\u00e9sio\",\"image\":{\"@type\":\"ImageObject\",\"inLanguage\":\"pt-BR\",\"@id\":\"https:\\\/\\\/secure.gravatar.com\\\/avatar\\\/986aa4c61ccdb66f8555bf88fc2a65609d00bcabd4d2d94377a727547345cbca?s=96&d=mm&r=g\",\"url\":\"https:\\\/\\\/secure.gravatar.com\\\/avatar\\\/986aa4c61ccdb66f8555bf88fc2a65609d00bcabd4d2d94377a727547345cbca?s=96&d=mm&r=g\",\"contentUrl\":\"https:\\\/\\\/secure.gravatar.com\\\/avatar\\\/986aa4c61ccdb66f8555bf88fc2a65609d00bcabd4d2d94377a727547345cbca?s=96&d=mm&r=g\",\"caption\":\"Farn\u00e9sio\"},\"description\":\"Radialista blogueiro, chegou a Petrolina\\\/Juazeiro em setembro de 1980, Farn\u00e9sio Silva \u00e9 de Arapiraca-Alagoas.\",\"sameAs\":[\"http:\\\/\\\/blogdofarnesio.com.br\",\"https:\\\/\\\/www.facebook.com\\\/?ref=tn_tnmn\",\"https:\\\/\\\/www.instagram.com\\\/?utm_source=pwa_homescreen\",\"https:\\\/\\\/youtube.com.br\\\/\"],\"url\":\"https:\\\/\\\/blogdofarnesio.com.br\\\/?author=2\"}]}<\/script>\n<!-- \/ Yoast SEO plugin. -->","yoast_head_json":{"title":"Prefeita de Sento S\u00e9 \u00e9 alvo de den\u00fancias de abuso de poder e fraude nas elei\u00e7\u00f5es; saiba detalhes - Blog do Farn\u00e9sio","robots":{"index":"index","follow":"follow","max-snippet":"max-snippet:-1","max-image-preview":"max-image-preview:large","max-video-preview":"max-video-preview:-1"},"canonical":"https:\/\/blogdofarnesio.com.br\/?p=385350","og_locale":"pt_BR","og_type":"article","og_title":"Prefeita de Sento S\u00e9 \u00e9 alvo de den\u00fancias de abuso de poder e fraude nas elei\u00e7\u00f5es; saiba detalhes - Blog do Farn\u00e9sio","og_description":"A disputa eleitoral em Sento S\u00e9, norte da Bahia, tem sido marcada por uma s\u00e9rie de acusa\u00e7\u00f5es de irregularidades envolvendo os candidatos \u00e0 prefeitura nas elei\u00e7\u00f5es de 2024. Duas a\u00e7\u00f5es de investiga\u00e7\u00e3o judicial eleitoral (AIJE) foram protocoladas na 96\u00aa Zona Eleitoral, desafiando a conduta dos principais concorrentes ao cargo. A primeira AIJE, registrada em 5 de outubro de 2024 (n\u00ba 0600221-50.2024.6.05.0096), tem como autor Ednaldo dos Santos Barros, candidato da coliga\u00e7\u00e3o \u201cPor Uma Sento S\u00e9 Forte, Humana e Promissora\u201d. A a\u00e7\u00e3o acusa Giselda Carvalho,ent\u00e3o\u00a0 candidata a prefeita, e Doval Rodrigues dos Reis, candidato a vice-prefeito, de abuso de poder pol\u00edtico e econ\u00f4mico, al\u00e9m de capta\u00e7\u00e3o il\u00edcita de sufr\u00e1gio. De acordo com a den\u00fancia, a chapa de Giselda e Doval se&hellip;","og_url":"https:\/\/blogdofarnesio.com.br\/?p=385350","og_site_name":"Blog do Farn\u00e9sio","article_publisher":"https:\/\/www.facebook.com\/BlogQuerSaberPolitica\/","article_author":"https:\/\/www.facebook.com\/?ref=tn_tnmn","article_published_time":"2025-01-15T18:43:36+00:00","article_modified_time":"2025-01-15T18:46:01+00:00","og_image":[{"width":600,"height":450,"url":"https:\/\/blogdofarnesio.com.br\/wp-content\/uploads\/2025\/01\/WhatsApp-Image-2025-01-01-at-19.00.20-e1735770154788.jpeg","type":"image\/jpeg"}],"author":"Farn\u00e9sio","twitter_card":"summary_large_image","twitter_misc":{"Escrito por":"Farn\u00e9sio","Est. tempo de leitura":"4 minutos"},"schema":{"@context":"https:\/\/schema.org","@graph":[{"@type":"Article","@id":"https:\/\/blogdofarnesio.com.br\/?p=385350#article","isPartOf":{"@id":"https:\/\/blogdofarnesio.com.br\/?p=385350"},"author":{"name":"Farn\u00e9sio","@id":"https:\/\/blogdofarnesio.com.br\/#\/schema\/person\/bb9b23ae3ad0609ce8df7b6c9e76824d"},"headline":"Prefeita de Sento S\u00e9 \u00e9 alvo de den\u00fancias de abuso de poder e fraude nas elei\u00e7\u00f5es; saiba detalhes","datePublished":"2025-01-15T18:43:36+00:00","dateModified":"2025-01-15T18:46:01+00:00","mainEntityOfPage":{"@id":"https:\/\/blogdofarnesio.com.br\/?p=385350"},"wordCount":643,"commentCount":0,"publisher":{"@id":"https:\/\/blogdofarnesio.com.br\/#organization"},"image":{"@id":"https:\/\/blogdofarnesio.com.br\/?p=385350#primaryimage"},"thumbnailUrl":"https:\/\/blogdofarnesio.com.br\/wp-content\/uploads\/2025\/01\/WhatsApp-Image-2025-01-01-at-19.00.20-e1735770154788.jpeg","articleSection":["Cidades"],"inLanguage":"pt-BR","potentialAction":[{"@type":"CommentAction","name":"Comment","target":["https:\/\/blogdofarnesio.com.br\/?p=385350#respond"]}]},{"@type":"WebPage","@id":"https:\/\/blogdofarnesio.com.br\/?p=385350","url":"https:\/\/blogdofarnesio.com.br\/?p=385350","name":"Prefeita de Sento S\u00e9 \u00e9 alvo de den\u00fancias de abuso de poder e fraude nas elei\u00e7\u00f5es; saiba detalhes - Blog do Farn\u00e9sio","isPartOf":{"@id":"https:\/\/blogdofarnesio.com.br\/#website"},"primaryImageOfPage":{"@id":"https:\/\/blogdofarnesio.com.br\/?p=385350#primaryimage"},"image":{"@id":"https:\/\/blogdofarnesio.com.br\/?p=385350#primaryimage"},"thumbnailUrl":"https:\/\/blogdofarnesio.com.br\/wp-content\/uploads\/2025\/01\/WhatsApp-Image-2025-01-01-at-19.00.20-e1735770154788.jpeg","datePublished":"2025-01-15T18:43:36+00:00","dateModified":"2025-01-15T18:46:01+00:00","breadcrumb":{"@id":"https:\/\/blogdofarnesio.com.br\/?p=385350#breadcrumb"},"inLanguage":"pt-BR","potentialAction":[{"@type":"ReadAction","target":["https:\/\/blogdofarnesio.com.br\/?p=385350"]}]},{"@type":"ImageObject","inLanguage":"pt-BR","@id":"https:\/\/blogdofarnesio.com.br\/?p=385350#primaryimage","url":"https:\/\/blogdofarnesio.com.br\/wp-content\/uploads\/2025\/01\/WhatsApp-Image-2025-01-01-at-19.00.20-e1735770154788.jpeg","contentUrl":"https:\/\/blogdofarnesio.com.br\/wp-content\/uploads\/2025\/01\/WhatsApp-Image-2025-01-01-at-19.00.20-e1735770154788.jpeg","width":600,"height":450},{"@type":"BreadcrumbList","@id":"https:\/\/blogdofarnesio.com.br\/?p=385350#breadcrumb","itemListElement":[{"@type":"ListItem","position":1,"name":"In\u00edcio","item":"https:\/\/blogdofarnesio.com.br\/"},{"@type":"ListItem","position":2,"name":"Prefeita de Sento S\u00e9 \u00e9 alvo de den\u00fancias de abuso de poder e fraude nas elei\u00e7\u00f5es; saiba detalhes"}]},{"@type":"WebSite","@id":"https:\/\/blogdofarnesio.com.br\/#website","url":"https:\/\/blogdofarnesio.com.br\/","name":"Blog do Farn\u00e9sio","description":"Quer Saber Pol\u00edtica?","publisher":{"@id":"https:\/\/blogdofarnesio.com.br\/#organization"},"potentialAction":[{"@type":"SearchAction","target":{"@type":"EntryPoint","urlTemplate":"https:\/\/blogdofarnesio.com.br\/?s={search_term_string}"},"query-input":{"@type":"PropertyValueSpecification","valueRequired":true,"valueName":"search_term_string"}}],"inLanguage":"pt-BR"},{"@type":"Organization","@id":"https:\/\/blogdofarnesio.com.br\/#organization","name":"Blog do Farn\u00e9sio","url":"https:\/\/blogdofarnesio.com.br\/","logo":{"@type":"ImageObject","inLanguage":"pt-BR","@id":"https:\/\/blogdofarnesio.com.br\/#\/schema\/logo\/image\/","url":"https:\/\/blogdofarnesio.com.br\/wp-content\/uploads\/2026\/03\/cropped-logo_new-1.png","contentUrl":"https:\/\/blogdofarnesio.com.br\/wp-content\/uploads\/2026\/03\/cropped-logo_new-1.png","width":881,"height":685,"caption":"Blog do Farn\u00e9sio"},"image":{"@id":"https:\/\/blogdofarnesio.com.br\/#\/schema\/logo\/image\/"},"sameAs":["https:\/\/www.facebook.com\/BlogQuerSaberPolitica\/"]},{"@type":"Person","@id":"https:\/\/blogdofarnesio.com.br\/#\/schema\/person\/bb9b23ae3ad0609ce8df7b6c9e76824d","name":"Farn\u00e9sio","image":{"@type":"ImageObject","inLanguage":"pt-BR","@id":"https:\/\/secure.gravatar.com\/avatar\/986aa4c61ccdb66f8555bf88fc2a65609d00bcabd4d2d94377a727547345cbca?s=96&d=mm&r=g","url":"https:\/\/secure.gravatar.com\/avatar\/986aa4c61ccdb66f8555bf88fc2a65609d00bcabd4d2d94377a727547345cbca?s=96&d=mm&r=g","contentUrl":"https:\/\/secure.gravatar.com\/avatar\/986aa4c61ccdb66f8555bf88fc2a65609d00bcabd4d2d94377a727547345cbca?s=96&d=mm&r=g","caption":"Farn\u00e9sio"},"description":"Radialista blogueiro, chegou a Petrolina\/Juazeiro em setembro de 1980, Farn\u00e9sio Silva \u00e9 de Arapiraca-Alagoas.","sameAs":["http:\/\/blogdofarnesio.com.br","https:\/\/www.facebook.com\/?ref=tn_tnmn","https:\/\/www.instagram.com\/?utm_source=pwa_homescreen","https:\/\/youtube.com.br\/"],"url":"https:\/\/blogdofarnesio.com.br\/?author=2"}]}},"_links":{"self":[{"href":"https:\/\/blogdofarnesio.com.br\/index.php?rest_route=\/wp\/v2\/posts\/385350","targetHints":{"allow":["GET"]}}],"collection":[{"href":"https:\/\/blogdofarnesio.com.br\/index.php?rest_route=\/wp\/v2\/posts"}],"about":[{"href":"https:\/\/blogdofarnesio.com.br\/index.php?rest_route=\/wp\/v2\/types\/post"}],"author":[{"embeddable":true,"href":"https:\/\/blogdofarnesio.com.br\/index.php?rest_route=\/wp\/v2\/users\/2"}],"replies":[{"embeddable":true,"href":"https:\/\/blogdofarnesio.com.br\/index.php?rest_route=%2Fwp%2Fv2%2Fcomments&post=385350"}],"version-history":[{"count":0,"href":"https:\/\/blogdofarnesio.com.br\/index.php?rest_route=\/wp\/v2\/posts\/385350\/revisions"}],"wp:featuredmedia":[{"embeddable":true,"href":"https:\/\/blogdofarnesio.com.br\/index.php?rest_route=\/wp\/v2\/media\/384454"}],"wp:attachment":[{"href":"https:\/\/blogdofarnesio.com.br\/index.php?rest_route=%2Fwp%2Fv2%2Fmedia&parent=385350"}],"wp:term":[{"taxonomy":"category","embeddable":true,"href":"https:\/\/blogdofarnesio.com.br\/index.php?rest_route=%2Fwp%2Fv2%2Fcategories&post=385350"},{"taxonomy":"post_tag","embeddable":true,"href":"https:\/\/blogdofarnesio.com.br\/index.php?rest_route=%2Fwp%2Fv2%2Ftags&post=385350"}],"curies":[{"name":"wp","href":"https:\/\/api.w.org\/{rel}","templated":true}]}}