{"id":385324,"date":"2025-01-15T15:03:43","date_gmt":"2025-01-15T18:03:43","guid":{"rendered":"https:\/\/blogdofarnesio.com.br\/?p=385324"},"modified":"2025-01-15T12:43:16","modified_gmt":"2025-01-15T15:43:16","slug":"membros-de-faccao-em-petrolina-sao-presos-momentos-antes-de-matarem-rival-por-divida-de-trafico","status":"publish","type":"post","link":"https:\/\/blogdofarnesio.com.br\/?p=385324","title":{"rendered":"Membros de fac\u00e7\u00e3o em Petrolina s\u00e3o presos momentos antes de matarem rival por d\u00edvida de tr\u00e1fico"},"content":{"rendered":"<div id=\"post-body-6892127618361239030\" class=\"post-body entry-content\">\n<p>Policiais militares do 2\u00ba BIEsp prenderam dois homens, na noite de ontem(14), em Petrolina. Os suspeitos foram avistados em um Ford Ka com todos os vidros fum\u00ea, na Avenida Fernando Farias. Foi dada voz de parada e eles desobedeceram, dando in\u00edcio a uma fuga.<\/p>\n<p class=\"selectable-text copyable-text x15bjb6t x1n2onr6\" dir=\"ltr\"><span class=\"selectable-text copyable-text false\">Ap\u00f3s acompanhamento por cerca de um quil\u00f4metro, eles abandonaram o ve\u00edculo e tentaram fugir a p\u00e9. No carro foram encontrados um carregador de pistola com 11 muni\u00e7\u00f5es. Um dos envolvidos foi capturado duas ruas depois, escondido em um lama\u00e7al, e o segundo em um terreno baldio, portando uma pistola 9mm, com dois carregadores e 38 muni\u00e7\u00f5es.<\/span><\/p>\n<p class=\"selectable-text copyable-text x15bjb6t x1n2onr6\" dir=\"ltr\"><span class=\"selectable-text copyable-text false\">Foi verificado, ainda, que o ve\u00edculo utilizado pela dupla tinha queixa de roubo. Os homens admitiram que iriam cometer um assassinato motivado por d\u00edvida de drogas e foram conduzidos junto com o material apreendido para a Delegacia de Plant\u00e3o, para ado\u00e7\u00e3o dos procedimentos cab\u00edveis.<\/span><\/p>\n<div class=\"separator\"><a href=\"https:\/\/blogger.googleusercontent.com\/img\/b\/R29vZ2xl\/AVvXsEixsFdWhpjNl1Ambl099-YlxQir_wrwBeUbChSsJjA-Tnt6w6KopI-pe2ZJNb1nFY3P451UO0JA71jGkBi1SYt7yM8y6CU-pScDOOtOzGRZOOm5bq7b0ZnGg0V27CYJyh39koLFkGgQHit9OQXLIxEvoSds12ZC9QUA6rCo7L8NLVwyNiwvm2ts1UF6U1xH\/s689\/IMG-20250115-WA0110.jpg.webp\"><img loading=\"lazy\" decoding=\"async\" class=\"aligncenter\" src=\"https:\/\/blogger.googleusercontent.com\/img\/b\/R29vZ2xl\/AVvXsEixsFdWhpjNl1Ambl099-YlxQir_wrwBeUbChSsJjA-Tnt6w6KopI-pe2ZJNb1nFY3P451UO0JA71jGkBi1SYt7yM8y6CU-pScDOOtOzGRZOOm5bq7b0ZnGg0V27CYJyh39koLFkGgQHit9OQXLIxEvoSds12ZC9QUA6rCo7L8NLVwyNiwvm2ts1UF6U1xH\/w537-h283\/IMG-20250115-WA0110.jpg.webp\" width=\"537\" height=\"283\" border=\"0\" data-original-height=\"354\" data-original-width=\"689\" \/><\/a><\/div>\n<\/div>\n","protected":false},"excerpt":{"rendered":"<p>Policiais militares do 2\u00ba BIEsp prenderam dois homens, na noite de ontem(14), em Petrolina. Os suspeitos foram avistados em um Ford Ka com todos os vidros fum\u00ea, na Avenida Fernando Farias. Foi dada voz de parada e eles desobedeceram, dando in\u00edcio a uma fuga. Ap\u00f3s acompanhamento por cerca de um quil\u00f4metro, eles abandonaram o ve\u00edculo e tentaram fugir a p\u00e9. No carro foram encontrados um carregador de pistola com 11 muni\u00e7\u00f5es. Um dos envolvidos foi capturado duas ruas depois, escondido em um lama\u00e7al, e o segundo em um terreno baldio, portando uma pistola 9mm, com dois carregadores e 38 muni\u00e7\u00f5es. Foi verificado, ainda, que o ve\u00edculo utilizado pela dupla tinha queixa de roubo. Os homens admitiram que iriam cometer um&hellip; <\/p>\n","protected":false},"author":2,"featured_media":385325,"comment_status":"open","ping_status":"open","sticky":false,"template":"","format":"standard","meta":{"_acf_changed":false,"footnotes":""},"categories":[9],"tags":[],"class_list":["post-385324","post","type-post","status-publish","format-standard","has-post-thumbnail","hentry","category-policia"],"acf":[],"yoast_head":"<!-- This site is optimized with the Yoast SEO plugin v27.4 - https:\/\/yoast.com\/product\/yoast-seo-wordpress\/ -->\n<title>Membros de fac\u00e7\u00e3o em Petrolina s\u00e3o presos momentos antes de matarem rival por d\u00edvida de tr\u00e1fico - Blog do Farn\u00e9sio<\/title>\n<meta name=\"robots\" content=\"index, follow, max-snippet:-1, max-image-preview:large, max-video-preview:-1\" \/>\n<link rel=\"canonical\" href=\"https:\/\/blogdofarnesio.com.br\/?p=385324\" \/>\n<meta property=\"og:locale\" content=\"pt_BR\" \/>\n<meta property=\"og:type\" content=\"article\" \/>\n<meta property=\"og:title\" content=\"Membros de fac\u00e7\u00e3o em Petrolina s\u00e3o presos momentos antes de matarem rival por d\u00edvida de tr\u00e1fico - Blog do Farn\u00e9sio\" \/>\n<meta property=\"og:description\" content=\"Policiais militares do 2\u00ba BIEsp prenderam dois homens, na noite de ontem(14), em Petrolina. Os suspeitos foram avistados em um Ford Ka com todos os vidros fum\u00ea, na Avenida Fernando Farias. Foi dada voz de parada e eles desobedeceram, dando in\u00edcio a uma fuga. Ap\u00f3s acompanhamento por cerca de um quil\u00f4metro, eles abandonaram o ve\u00edculo e tentaram fugir a p\u00e9. No carro foram encontrados um carregador de pistola com 11 muni\u00e7\u00f5es. Um dos envolvidos foi capturado duas ruas depois, escondido em um lama\u00e7al, e o segundo em um terreno baldio, portando uma pistola 9mm, com dois carregadores e 38 muni\u00e7\u00f5es. Foi verificado, ainda, que o ve\u00edculo utilizado pela dupla tinha queixa de roubo. Os homens admitiram que iriam cometer um&hellip;\" \/>\n<meta property=\"og:url\" content=\"https:\/\/blogdofarnesio.com.br\/?p=385324\" \/>\n<meta property=\"og:site_name\" content=\"Blog do Farn\u00e9sio\" \/>\n<meta property=\"article:publisher\" content=\"https:\/\/www.facebook.com\/BlogQuerSaberPolitica\/\" \/>\n<meta property=\"article:author\" content=\"https:\/\/www.facebook.com\/?ref=tn_tnmn\" \/>\n<meta property=\"article:published_time\" content=\"2025-01-15T18:03:43+00:00\" \/>\n<meta property=\"og:image\" content=\"https:\/\/blogdofarnesio.com.br\/wp-content\/uploads\/2025\/01\/blogqsppolicia-2biesp.jpg\" \/>\n\t<meta property=\"og:image:width\" content=\"497\" \/>\n\t<meta property=\"og:image:height\" content=\"330\" \/>\n\t<meta property=\"og:image:type\" content=\"image\/jpeg\" \/>\n<meta name=\"author\" content=\"Farn\u00e9sio\" \/>\n<meta name=\"twitter:card\" content=\"summary_large_image\" \/>\n<meta name=\"twitter:label1\" content=\"Escrito por\" \/>\n\t<meta name=\"twitter:data1\" content=\"Farn\u00e9sio\" \/>\n\t<meta name=\"twitter:label2\" content=\"Est. tempo de leitura\" \/>\n\t<meta name=\"twitter:data2\" content=\"2 minutos\" \/>\n<script type=\"application\/ld+json\" class=\"yoast-schema-graph\">{\"@context\":\"https:\\\/\\\/schema.org\",\"@graph\":[{\"@type\":\"Article\",\"@id\":\"https:\\\/\\\/blogdofarnesio.com.br\\\/?p=385324#article\",\"isPartOf\":{\"@id\":\"https:\\\/\\\/blogdofarnesio.com.br\\\/?p=385324\"},\"author\":{\"name\":\"Farn\u00e9sio\",\"@id\":\"https:\\\/\\\/blogdofarnesio.com.br\\\/#\\\/schema\\\/person\\\/bb9b23ae3ad0609ce8df7b6c9e76824d\"},\"headline\":\"Membros de fac\u00e7\u00e3o em Petrolina s\u00e3o presos momentos antes de matarem rival por d\u00edvida de tr\u00e1fico\",\"datePublished\":\"2025-01-15T18:03:43+00:00\",\"mainEntityOfPage\":{\"@id\":\"https:\\\/\\\/blogdofarnesio.com.br\\\/?p=385324\"},\"wordCount\":173,\"commentCount\":0,\"publisher\":{\"@id\":\"https:\\\/\\\/blogdofarnesio.com.br\\\/#organization\"},\"image\":{\"@id\":\"https:\\\/\\\/blogdofarnesio.com.br\\\/?p=385324#primaryimage\"},\"thumbnailUrl\":\"https:\\\/\\\/blogdofarnesio.com.br\\\/wp-content\\\/uploads\\\/2025\\\/01\\\/blogqsppolicia-2biesp.jpg\",\"articleSection\":[\"Pol\u00edcia\"],\"inLanguage\":\"pt-BR\",\"potentialAction\":[{\"@type\":\"CommentAction\",\"name\":\"Comment\",\"target\":[\"https:\\\/\\\/blogdofarnesio.com.br\\\/?p=385324#respond\"]}]},{\"@type\":\"WebPage\",\"@id\":\"https:\\\/\\\/blogdofarnesio.com.br\\\/?p=385324\",\"url\":\"https:\\\/\\\/blogdofarnesio.com.br\\\/?p=385324\",\"name\":\"Membros de fac\u00e7\u00e3o em Petrolina s\u00e3o presos momentos antes de matarem rival por d\u00edvida de tr\u00e1fico - Blog do Farn\u00e9sio\",\"isPartOf\":{\"@id\":\"https:\\\/\\\/blogdofarnesio.com.br\\\/#website\"},\"primaryImageOfPage\":{\"@id\":\"https:\\\/\\\/blogdofarnesio.com.br\\\/?p=385324#primaryimage\"},\"image\":{\"@id\":\"https:\\\/\\\/blogdofarnesio.com.br\\\/?p=385324#primaryimage\"},\"thumbnailUrl\":\"https:\\\/\\\/blogdofarnesio.com.br\\\/wp-content\\\/uploads\\\/2025\\\/01\\\/blogqsppolicia-2biesp.jpg\",\"datePublished\":\"2025-01-15T18:03:43+00:00\",\"breadcrumb\":{\"@id\":\"https:\\\/\\\/blogdofarnesio.com.br\\\/?p=385324#breadcrumb\"},\"inLanguage\":\"pt-BR\",\"potentialAction\":[{\"@type\":\"ReadAction\",\"target\":[\"https:\\\/\\\/blogdofarnesio.com.br\\\/?p=385324\"]}]},{\"@type\":\"ImageObject\",\"inLanguage\":\"pt-BR\",\"@id\":\"https:\\\/\\\/blogdofarnesio.com.br\\\/?p=385324#primaryimage\",\"url\":\"https:\\\/\\\/blogdofarnesio.com.br\\\/wp-content\\\/uploads\\\/2025\\\/01\\\/blogqsppolicia-2biesp.jpg\",\"contentUrl\":\"https:\\\/\\\/blogdofarnesio.com.br\\\/wp-content\\\/uploads\\\/2025\\\/01\\\/blogqsppolicia-2biesp.jpg\",\"width\":497,\"height\":330},{\"@type\":\"BreadcrumbList\",\"@id\":\"https:\\\/\\\/blogdofarnesio.com.br\\\/?p=385324#breadcrumb\",\"itemListElement\":[{\"@type\":\"ListItem\",\"position\":1,\"name\":\"In\u00edcio\",\"item\":\"https:\\\/\\\/blogdofarnesio.com.br\\\/\"},{\"@type\":\"ListItem\",\"position\":2,\"name\":\"Membros de fac\u00e7\u00e3o em Petrolina s\u00e3o presos momentos antes de matarem rival por d\u00edvida de tr\u00e1fico\"}]},{\"@type\":\"WebSite\",\"@id\":\"https:\\\/\\\/blogdofarnesio.com.br\\\/#website\",\"url\":\"https:\\\/\\\/blogdofarnesio.com.br\\\/\",\"name\":\"Blog do Farn\u00e9sio\",\"description\":\"Quer Saber Pol\u00edtica?\",\"publisher\":{\"@id\":\"https:\\\/\\\/blogdofarnesio.com.br\\\/#organization\"},\"potentialAction\":[{\"@type\":\"SearchAction\",\"target\":{\"@type\":\"EntryPoint\",\"urlTemplate\":\"https:\\\/\\\/blogdofarnesio.com.br\\\/?s={search_term_string}\"},\"query-input\":{\"@type\":\"PropertyValueSpecification\",\"valueRequired\":true,\"valueName\":\"search_term_string\"}}],\"inLanguage\":\"pt-BR\"},{\"@type\":\"Organization\",\"@id\":\"https:\\\/\\\/blogdofarnesio.com.br\\\/#organization\",\"name\":\"Blog do Farn\u00e9sio\",\"url\":\"https:\\\/\\\/blogdofarnesio.com.br\\\/\",\"logo\":{\"@type\":\"ImageObject\",\"inLanguage\":\"pt-BR\",\"@id\":\"https:\\\/\\\/blogdofarnesio.com.br\\\/#\\\/schema\\\/logo\\\/image\\\/\",\"url\":\"https:\\\/\\\/blogdofarnesio.com.br\\\/wp-content\\\/uploads\\\/2026\\\/03\\\/cropped-logo_new-1.png\",\"contentUrl\":\"https:\\\/\\\/blogdofarnesio.com.br\\\/wp-content\\\/uploads\\\/2026\\\/03\\\/cropped-logo_new-1.png\",\"width\":881,\"height\":685,\"caption\":\"Blog do Farn\u00e9sio\"},\"image\":{\"@id\":\"https:\\\/\\\/blogdofarnesio.com.br\\\/#\\\/schema\\\/logo\\\/image\\\/\"},\"sameAs\":[\"https:\\\/\\\/www.facebook.com\\\/BlogQuerSaberPolitica\\\/\"]},{\"@type\":\"Person\",\"@id\":\"https:\\\/\\\/blogdofarnesio.com.br\\\/#\\\/schema\\\/person\\\/bb9b23ae3ad0609ce8df7b6c9e76824d\",\"name\":\"Farn\u00e9sio\",\"image\":{\"@type\":\"ImageObject\",\"inLanguage\":\"pt-BR\",\"@id\":\"https:\\\/\\\/secure.gravatar.com\\\/avatar\\\/986aa4c61ccdb66f8555bf88fc2a65609d00bcabd4d2d94377a727547345cbca?s=96&d=mm&r=g\",\"url\":\"https:\\\/\\\/secure.gravatar.com\\\/avatar\\\/986aa4c61ccdb66f8555bf88fc2a65609d00bcabd4d2d94377a727547345cbca?s=96&d=mm&r=g\",\"contentUrl\":\"https:\\\/\\\/secure.gravatar.com\\\/avatar\\\/986aa4c61ccdb66f8555bf88fc2a65609d00bcabd4d2d94377a727547345cbca?s=96&d=mm&r=g\",\"caption\":\"Farn\u00e9sio\"},\"description\":\"Radialista blogueiro, chegou a Petrolina\\\/Juazeiro em setembro de 1980, Farn\u00e9sio Silva \u00e9 de Arapiraca-Alagoas.\",\"sameAs\":[\"http:\\\/\\\/blogdofarnesio.com.br\",\"https:\\\/\\\/www.facebook.com\\\/?ref=tn_tnmn\",\"https:\\\/\\\/www.instagram.com\\\/?utm_source=pwa_homescreen\",\"https:\\\/\\\/youtube.com.br\\\/\"],\"url\":\"https:\\\/\\\/blogdofarnesio.com.br\\\/?author=2\"}]}<\/script>\n<!-- \/ Yoast SEO plugin. -->","yoast_head_json":{"title":"Membros de fac\u00e7\u00e3o em Petrolina s\u00e3o presos momentos antes de matarem rival por d\u00edvida de tr\u00e1fico - Blog do Farn\u00e9sio","robots":{"index":"index","follow":"follow","max-snippet":"max-snippet:-1","max-image-preview":"max-image-preview:large","max-video-preview":"max-video-preview:-1"},"canonical":"https:\/\/blogdofarnesio.com.br\/?p=385324","og_locale":"pt_BR","og_type":"article","og_title":"Membros de fac\u00e7\u00e3o em Petrolina s\u00e3o presos momentos antes de matarem rival por d\u00edvida de tr\u00e1fico - Blog do Farn\u00e9sio","og_description":"Policiais militares do 2\u00ba BIEsp prenderam dois homens, na noite de ontem(14), em Petrolina. Os suspeitos foram avistados em um Ford Ka com todos os vidros fum\u00ea, na Avenida Fernando Farias. Foi dada voz de parada e eles desobedeceram, dando in\u00edcio a uma fuga. Ap\u00f3s acompanhamento por cerca de um quil\u00f4metro, eles abandonaram o ve\u00edculo e tentaram fugir a p\u00e9. No carro foram encontrados um carregador de pistola com 11 muni\u00e7\u00f5es. Um dos envolvidos foi capturado duas ruas depois, escondido em um lama\u00e7al, e o segundo em um terreno baldio, portando uma pistola 9mm, com dois carregadores e 38 muni\u00e7\u00f5es. Foi verificado, ainda, que o ve\u00edculo utilizado pela dupla tinha queixa de roubo. Os homens admitiram que iriam cometer um&hellip;","og_url":"https:\/\/blogdofarnesio.com.br\/?p=385324","og_site_name":"Blog do Farn\u00e9sio","article_publisher":"https:\/\/www.facebook.com\/BlogQuerSaberPolitica\/","article_author":"https:\/\/www.facebook.com\/?ref=tn_tnmn","article_published_time":"2025-01-15T18:03:43+00:00","og_image":[{"width":497,"height":330,"url":"https:\/\/blogdofarnesio.com.br\/wp-content\/uploads\/2025\/01\/blogqsppolicia-2biesp.jpg","type":"image\/jpeg"}],"author":"Farn\u00e9sio","twitter_card":"summary_large_image","twitter_misc":{"Escrito por":"Farn\u00e9sio","Est. tempo de leitura":"2 minutos"},"schema":{"@context":"https:\/\/schema.org","@graph":[{"@type":"Article","@id":"https:\/\/blogdofarnesio.com.br\/?p=385324#article","isPartOf":{"@id":"https:\/\/blogdofarnesio.com.br\/?p=385324"},"author":{"name":"Farn\u00e9sio","@id":"https:\/\/blogdofarnesio.com.br\/#\/schema\/person\/bb9b23ae3ad0609ce8df7b6c9e76824d"},"headline":"Membros de fac\u00e7\u00e3o em Petrolina s\u00e3o presos momentos antes de matarem rival por d\u00edvida de tr\u00e1fico","datePublished":"2025-01-15T18:03:43+00:00","mainEntityOfPage":{"@id":"https:\/\/blogdofarnesio.com.br\/?p=385324"},"wordCount":173,"commentCount":0,"publisher":{"@id":"https:\/\/blogdofarnesio.com.br\/#organization"},"image":{"@id":"https:\/\/blogdofarnesio.com.br\/?p=385324#primaryimage"},"thumbnailUrl":"https:\/\/blogdofarnesio.com.br\/wp-content\/uploads\/2025\/01\/blogqsppolicia-2biesp.jpg","articleSection":["Pol\u00edcia"],"inLanguage":"pt-BR","potentialAction":[{"@type":"CommentAction","name":"Comment","target":["https:\/\/blogdofarnesio.com.br\/?p=385324#respond"]}]},{"@type":"WebPage","@id":"https:\/\/blogdofarnesio.com.br\/?p=385324","url":"https:\/\/blogdofarnesio.com.br\/?p=385324","name":"Membros de fac\u00e7\u00e3o em Petrolina s\u00e3o presos momentos antes de matarem rival por d\u00edvida de tr\u00e1fico - Blog do Farn\u00e9sio","isPartOf":{"@id":"https:\/\/blogdofarnesio.com.br\/#website"},"primaryImageOfPage":{"@id":"https:\/\/blogdofarnesio.com.br\/?p=385324#primaryimage"},"image":{"@id":"https:\/\/blogdofarnesio.com.br\/?p=385324#primaryimage"},"thumbnailUrl":"https:\/\/blogdofarnesio.com.br\/wp-content\/uploads\/2025\/01\/blogqsppolicia-2biesp.jpg","datePublished":"2025-01-15T18:03:43+00:00","breadcrumb":{"@id":"https:\/\/blogdofarnesio.com.br\/?p=385324#breadcrumb"},"inLanguage":"pt-BR","potentialAction":[{"@type":"ReadAction","target":["https:\/\/blogdofarnesio.com.br\/?p=385324"]}]},{"@type":"ImageObject","inLanguage":"pt-BR","@id":"https:\/\/blogdofarnesio.com.br\/?p=385324#primaryimage","url":"https:\/\/blogdofarnesio.com.br\/wp-content\/uploads\/2025\/01\/blogqsppolicia-2biesp.jpg","contentUrl":"https:\/\/blogdofarnesio.com.br\/wp-content\/uploads\/2025\/01\/blogqsppolicia-2biesp.jpg","width":497,"height":330},{"@type":"BreadcrumbList","@id":"https:\/\/blogdofarnesio.com.br\/?p=385324#breadcrumb","itemListElement":[{"@type":"ListItem","position":1,"name":"In\u00edcio","item":"https:\/\/blogdofarnesio.com.br\/"},{"@type":"ListItem","position":2,"name":"Membros de fac\u00e7\u00e3o em Petrolina s\u00e3o presos momentos antes de matarem rival por d\u00edvida de tr\u00e1fico"}]},{"@type":"WebSite","@id":"https:\/\/blogdofarnesio.com.br\/#website","url":"https:\/\/blogdofarnesio.com.br\/","name":"Blog do Farn\u00e9sio","description":"Quer Saber Pol\u00edtica?","publisher":{"@id":"https:\/\/blogdofarnesio.com.br\/#organization"},"potentialAction":[{"@type":"SearchAction","target":{"@type":"EntryPoint","urlTemplate":"https:\/\/blogdofarnesio.com.br\/?s={search_term_string}"},"query-input":{"@type":"PropertyValueSpecification","valueRequired":true,"valueName":"search_term_string"}}],"inLanguage":"pt-BR"},{"@type":"Organization","@id":"https:\/\/blogdofarnesio.com.br\/#organization","name":"Blog do Farn\u00e9sio","url":"https:\/\/blogdofarnesio.com.br\/","logo":{"@type":"ImageObject","inLanguage":"pt-BR","@id":"https:\/\/blogdofarnesio.com.br\/#\/schema\/logo\/image\/","url":"https:\/\/blogdofarnesio.com.br\/wp-content\/uploads\/2026\/03\/cropped-logo_new-1.png","contentUrl":"https:\/\/blogdofarnesio.com.br\/wp-content\/uploads\/2026\/03\/cropped-logo_new-1.png","width":881,"height":685,"caption":"Blog do Farn\u00e9sio"},"image":{"@id":"https:\/\/blogdofarnesio.com.br\/#\/schema\/logo\/image\/"},"sameAs":["https:\/\/www.facebook.com\/BlogQuerSaberPolitica\/"]},{"@type":"Person","@id":"https:\/\/blogdofarnesio.com.br\/#\/schema\/person\/bb9b23ae3ad0609ce8df7b6c9e76824d","name":"Farn\u00e9sio","image":{"@type":"ImageObject","inLanguage":"pt-BR","@id":"https:\/\/secure.gravatar.com\/avatar\/986aa4c61ccdb66f8555bf88fc2a65609d00bcabd4d2d94377a727547345cbca?s=96&d=mm&r=g","url":"https:\/\/secure.gravatar.com\/avatar\/986aa4c61ccdb66f8555bf88fc2a65609d00bcabd4d2d94377a727547345cbca?s=96&d=mm&r=g","contentUrl":"https:\/\/secure.gravatar.com\/avatar\/986aa4c61ccdb66f8555bf88fc2a65609d00bcabd4d2d94377a727547345cbca?s=96&d=mm&r=g","caption":"Farn\u00e9sio"},"description":"Radialista blogueiro, chegou a Petrolina\/Juazeiro em setembro de 1980, Farn\u00e9sio Silva \u00e9 de Arapiraca-Alagoas.","sameAs":["http:\/\/blogdofarnesio.com.br","https:\/\/www.facebook.com\/?ref=tn_tnmn","https:\/\/www.instagram.com\/?utm_source=pwa_homescreen","https:\/\/youtube.com.br\/"],"url":"https:\/\/blogdofarnesio.com.br\/?author=2"}]}},"_links":{"self":[{"href":"https:\/\/blogdofarnesio.com.br\/index.php?rest_route=\/wp\/v2\/posts\/385324","targetHints":{"allow":["GET"]}}],"collection":[{"href":"https:\/\/blogdofarnesio.com.br\/index.php?rest_route=\/wp\/v2\/posts"}],"about":[{"href":"https:\/\/blogdofarnesio.com.br\/index.php?rest_route=\/wp\/v2\/types\/post"}],"author":[{"embeddable":true,"href":"https:\/\/blogdofarnesio.com.br\/index.php?rest_route=\/wp\/v2\/users\/2"}],"replies":[{"embeddable":true,"href":"https:\/\/blogdofarnesio.com.br\/index.php?rest_route=%2Fwp%2Fv2%2Fcomments&post=385324"}],"version-history":[{"count":0,"href":"https:\/\/blogdofarnesio.com.br\/index.php?rest_route=\/wp\/v2\/posts\/385324\/revisions"}],"wp:featuredmedia":[{"embeddable":true,"href":"https:\/\/blogdofarnesio.com.br\/index.php?rest_route=\/wp\/v2\/media\/385325"}],"wp:attachment":[{"href":"https:\/\/blogdofarnesio.com.br\/index.php?rest_route=%2Fwp%2Fv2%2Fmedia&parent=385324"}],"wp:term":[{"taxonomy":"category","embeddable":true,"href":"https:\/\/blogdofarnesio.com.br\/index.php?rest_route=%2Fwp%2Fv2%2Fcategories&post=385324"},{"taxonomy":"post_tag","embeddable":true,"href":"https:\/\/blogdofarnesio.com.br\/index.php?rest_route=%2Fwp%2Fv2%2Ftags&post=385324"}],"curies":[{"name":"wp","href":"https:\/\/api.w.org\/{rel}","templated":true}]}}