{"id":385224,"date":"2025-01-14T15:03:37","date_gmt":"2025-01-14T18:03:37","guid":{"rendered":"https:\/\/blogdofarnesio.com.br\/?p=385224"},"modified":"2025-01-14T13:40:28","modified_gmt":"2025-01-14T16:40:28","slug":"vitoria-desembarcara-em-petrolina-para-enfrentar-a-juazeirense","status":"publish","type":"post","link":"https:\/\/blogdofarnesio.com.br\/?p=385224","title":{"rendered":"Vit\u00f3ria desembarcara em Petrolina para enfrentar a Juazeirense"},"content":{"rendered":"<h1 class=\"entry-title\"><\/h1>\n<p><a href=\"https:\/\/arenarubronegra.com\/author\/hmota\/\">Heider Mota\u00a0 &#8211;\u00a0<\/a><\/p>\n<div class=\"td-post-header\">\n<header class=\"td-post-title\">\n<p class=\"td-post-sub-title\">Carpini fala em esfor\u00e7os da diretoria para proporcionar uma melhor log\u00edstica devido ao calend\u00e1rio apertado<\/p>\n<\/header>\n<\/div>\n<div class=\"td-post-content tbl-forkorts-article\">\n<div class=\"td-post-featured-image\">\n<figure>\n<div id=\"standard_1\" class=\"st-placement standard_1 inImage\">\n<div class=\"st-adunit st-adunit-tagged st-reset st-show\"><\/div>\n<\/div>\n<p><img loading=\"lazy\" decoding=\"async\" class=\"entry-thumb\" title=\"Vit\u00f3ria\" src=\"https:\/\/arenarubronegra.com\/wp-content\/uploads\/2024\/07\/Vitoria-1-640x440.jpg\" sizes=\"auto, (-webkit-min-device-pixel-ratio: 2) 1280px, (min-resolution: 192dpi) 1280px, 640px\" srcset=\"https:\/\/arenarubronegra.com\/wp-content\/uploads\/2024\/07\/Vitoria-1-640x440.jpg 640w, https:\/\/arenarubronegra.com\/wp-content\/uploads\/2024\/07\/Vitoria-1.jpg 1280w\" alt=\"Vit\u00f3ria\" width=\"640\" height=\"440\" \/><figcaption class=\"wp-caption-text\">Foto: Victor Ferreira\/EC Vit\u00f3ria<\/figcaption><\/figure>\n<\/div>\n<p>Ap\u00f3s fazer no s\u00e1bado (11) seu primeiro jogo na temporada, somente oito dias ap\u00f3s a apresenta\u00e7\u00e3o do elenco, o Vit\u00f3ria j\u00e1 encara uma viagem longa na segunda rodada do Baiano: vai enfrentar a Juazeirense no est\u00e1dio Adauto Morais.<\/p>\n<p>Para o jogo, o t\u00e9cnico Thiago Carpini revelou em coletiva que o Vit\u00f3ria viajar\u00e1 de avi\u00e3o para reduzir o cansa\u00e7o que seria uma longa viagem de \u00f4nibus de Salvador a Juazeiro.<\/p>\n<p>\u201cTalvez fosse mais c\u00f4modo ao Vit\u00f3ria que atletas da base iniciassem o estadual, mas nossa atitude demonstra respeito \u00e0 competi\u00e7\u00e3o e mostra como valorizamos o Campeonato Baiano.<\/p>\n<p>Entramos com atletas rec\u00e9m-chegados no jogo de hoje. O clube corre riscos, e a diretoria faz esfor\u00e7o para entregar o m\u00e1ximo. Para o jogo de quarta n\u00f3s vamos de avi\u00e3o para tentar nos preservar o m\u00e1ximo. Mas temos que dar aten\u00e7\u00e3o a todas as competi\u00e7\u00f5es\u201d, afirmou o treinador.<\/p>\n<h2 class=\"wp-block-heading\">Log\u00edstica<\/h2>\n<p>O Vit\u00f3ria definiu que a viagem para Juazeiro ser\u00e1 na ter\u00e7a-feira (14), \u00e0s 17h, em voo fretado, desembarcando no aeroporto de Petrolina. O jogo entre Juazeirense e Vit\u00f3ria ser\u00e1 \u00e0s 21h30 desta quarta-feira (15).<\/p>\n<\/div>\n","protected":false},"excerpt":{"rendered":"<p>Heider Mota\u00a0 &#8211;\u00a0 Carpini fala em esfor\u00e7os da diretoria para proporcionar uma melhor log\u00edstica devido ao calend\u00e1rio apertado Foto: Victor Ferreira\/EC Vit\u00f3ria Ap\u00f3s fazer no s\u00e1bado (11) seu primeiro jogo na temporada, somente oito dias ap\u00f3s a apresenta\u00e7\u00e3o do elenco, o Vit\u00f3ria j\u00e1 encara uma viagem longa na segunda rodada do Baiano: vai enfrentar a Juazeirense no est\u00e1dio Adauto Morais. Para o jogo, o t\u00e9cnico Thiago Carpini revelou em coletiva que o Vit\u00f3ria viajar\u00e1 de avi\u00e3o para reduzir o cansa\u00e7o que seria uma longa viagem de \u00f4nibus de Salvador a Juazeiro. \u201cTalvez fosse mais c\u00f4modo ao Vit\u00f3ria que atletas da base iniciassem o estadual, mas nossa atitude demonstra respeito \u00e0 competi\u00e7\u00e3o e mostra como valorizamos o Campeonato Baiano. Entramos com&hellip; <\/p>\n","protected":false},"author":2,"featured_media":360095,"comment_status":"open","ping_status":"open","sticky":false,"template":"","format":"standard","meta":{"_acf_changed":false,"footnotes":""},"categories":[8],"tags":[],"class_list":["post-385224","post","type-post","status-publish","format-standard","has-post-thumbnail","hentry","category-esportes"],"acf":[],"yoast_head":"<!-- This site is optimized with the Yoast SEO plugin v27.4 - https:\/\/yoast.com\/product\/yoast-seo-wordpress\/ -->\n<title>Vit\u00f3ria desembarcara em Petrolina para enfrentar a Juazeirense - Blog do Farn\u00e9sio<\/title>\n<meta name=\"robots\" content=\"index, follow, max-snippet:-1, max-image-preview:large, max-video-preview:-1\" \/>\n<link rel=\"canonical\" href=\"https:\/\/blogdofarnesio.com.br\/?p=385224\" \/>\n<meta property=\"og:locale\" content=\"pt_BR\" \/>\n<meta property=\"og:type\" content=\"article\" \/>\n<meta property=\"og:title\" content=\"Vit\u00f3ria desembarcara em Petrolina para enfrentar a Juazeirense - Blog do Farn\u00e9sio\" \/>\n<meta property=\"og:description\" content=\"Heider Mota\u00a0 &#8211;\u00a0 Carpini fala em esfor\u00e7os da diretoria para proporcionar uma melhor log\u00edstica devido ao calend\u00e1rio apertado Foto: Victor Ferreira\/EC Vit\u00f3ria Ap\u00f3s fazer no s\u00e1bado (11) seu primeiro jogo na temporada, somente oito dias ap\u00f3s a apresenta\u00e7\u00e3o do elenco, o Vit\u00f3ria j\u00e1 encara uma viagem longa na segunda rodada do Baiano: vai enfrentar a Juazeirense no est\u00e1dio Adauto Morais. Para o jogo, o t\u00e9cnico Thiago Carpini revelou em coletiva que o Vit\u00f3ria viajar\u00e1 de avi\u00e3o para reduzir o cansa\u00e7o que seria uma longa viagem de \u00f4nibus de Salvador a Juazeiro. \u201cTalvez fosse mais c\u00f4modo ao Vit\u00f3ria que atletas da base iniciassem o estadual, mas nossa atitude demonstra respeito \u00e0 competi\u00e7\u00e3o e mostra como valorizamos o Campeonato Baiano. Entramos com&hellip;\" \/>\n<meta property=\"og:url\" content=\"https:\/\/blogdofarnesio.com.br\/?p=385224\" \/>\n<meta property=\"og:site_name\" content=\"Blog do Farn\u00e9sio\" \/>\n<meta property=\"article:publisher\" content=\"https:\/\/www.facebook.com\/BlogQuerSaberPolitica\/\" \/>\n<meta property=\"article:author\" content=\"https:\/\/www.facebook.com\/?ref=tn_tnmn\" \/>\n<meta property=\"article:published_time\" content=\"2025-01-14T18:03:37+00:00\" \/>\n<meta property=\"og:image\" content=\"https:\/\/blogdofarnesio.com.br\/wp-content\/uploads\/2024\/01\/blogqspvitoria-x-juazeirense.jpg\" \/>\n\t<meta property=\"og:image:width\" content=\"623\" \/>\n\t<meta property=\"og:image:height\" content=\"356\" \/>\n\t<meta property=\"og:image:type\" content=\"image\/jpeg\" \/>\n<meta name=\"author\" content=\"Farn\u00e9sio\" \/>\n<meta name=\"twitter:card\" content=\"summary_large_image\" \/>\n<meta name=\"twitter:label1\" content=\"Escrito por\" \/>\n\t<meta name=\"twitter:data1\" content=\"Farn\u00e9sio\" \/>\n\t<meta name=\"twitter:label2\" content=\"Est. tempo de leitura\" \/>\n\t<meta name=\"twitter:data2\" content=\"2 minutos\" \/>\n<script type=\"application\/ld+json\" class=\"yoast-schema-graph\">{\"@context\":\"https:\\\/\\\/schema.org\",\"@graph\":[{\"@type\":\"Article\",\"@id\":\"https:\\\/\\\/blogdofarnesio.com.br\\\/?p=385224#article\",\"isPartOf\":{\"@id\":\"https:\\\/\\\/blogdofarnesio.com.br\\\/?p=385224\"},\"author\":{\"name\":\"Farn\u00e9sio\",\"@id\":\"https:\\\/\\\/blogdofarnesio.com.br\\\/#\\\/schema\\\/person\\\/bb9b23ae3ad0609ce8df7b6c9e76824d\"},\"headline\":\"Vit\u00f3ria desembarcara em Petrolina para enfrentar a Juazeirense\",\"datePublished\":\"2025-01-14T18:03:37+00:00\",\"mainEntityOfPage\":{\"@id\":\"https:\\\/\\\/blogdofarnesio.com.br\\\/?p=385224\"},\"wordCount\":236,\"commentCount\":0,\"publisher\":{\"@id\":\"https:\\\/\\\/blogdofarnesio.com.br\\\/#organization\"},\"image\":{\"@id\":\"https:\\\/\\\/blogdofarnesio.com.br\\\/?p=385224#primaryimage\"},\"thumbnailUrl\":\"https:\\\/\\\/blogdofarnesio.com.br\\\/wp-content\\\/uploads\\\/2024\\\/01\\\/blogqspvitoria-x-juazeirense.jpg\",\"articleSection\":[\"Esportes\"],\"inLanguage\":\"pt-BR\",\"potentialAction\":[{\"@type\":\"CommentAction\",\"name\":\"Comment\",\"target\":[\"https:\\\/\\\/blogdofarnesio.com.br\\\/?p=385224#respond\"]}]},{\"@type\":\"WebPage\",\"@id\":\"https:\\\/\\\/blogdofarnesio.com.br\\\/?p=385224\",\"url\":\"https:\\\/\\\/blogdofarnesio.com.br\\\/?p=385224\",\"name\":\"Vit\u00f3ria desembarcara em Petrolina para enfrentar a Juazeirense - Blog do Farn\u00e9sio\",\"isPartOf\":{\"@id\":\"https:\\\/\\\/blogdofarnesio.com.br\\\/#website\"},\"primaryImageOfPage\":{\"@id\":\"https:\\\/\\\/blogdofarnesio.com.br\\\/?p=385224#primaryimage\"},\"image\":{\"@id\":\"https:\\\/\\\/blogdofarnesio.com.br\\\/?p=385224#primaryimage\"},\"thumbnailUrl\":\"https:\\\/\\\/blogdofarnesio.com.br\\\/wp-content\\\/uploads\\\/2024\\\/01\\\/blogqspvitoria-x-juazeirense.jpg\",\"datePublished\":\"2025-01-14T18:03:37+00:00\",\"breadcrumb\":{\"@id\":\"https:\\\/\\\/blogdofarnesio.com.br\\\/?p=385224#breadcrumb\"},\"inLanguage\":\"pt-BR\",\"potentialAction\":[{\"@type\":\"ReadAction\",\"target\":[\"https:\\\/\\\/blogdofarnesio.com.br\\\/?p=385224\"]}]},{\"@type\":\"ImageObject\",\"inLanguage\":\"pt-BR\",\"@id\":\"https:\\\/\\\/blogdofarnesio.com.br\\\/?p=385224#primaryimage\",\"url\":\"https:\\\/\\\/blogdofarnesio.com.br\\\/wp-content\\\/uploads\\\/2024\\\/01\\\/blogqspvitoria-x-juazeirense.jpg\",\"contentUrl\":\"https:\\\/\\\/blogdofarnesio.com.br\\\/wp-content\\\/uploads\\\/2024\\\/01\\\/blogqspvitoria-x-juazeirense.jpg\",\"width\":623,\"height\":356},{\"@type\":\"BreadcrumbList\",\"@id\":\"https:\\\/\\\/blogdofarnesio.com.br\\\/?p=385224#breadcrumb\",\"itemListElement\":[{\"@type\":\"ListItem\",\"position\":1,\"name\":\"In\u00edcio\",\"item\":\"https:\\\/\\\/blogdofarnesio.com.br\\\/\"},{\"@type\":\"ListItem\",\"position\":2,\"name\":\"Vit\u00f3ria desembarcara em Petrolina para enfrentar a Juazeirense\"}]},{\"@type\":\"WebSite\",\"@id\":\"https:\\\/\\\/blogdofarnesio.com.br\\\/#website\",\"url\":\"https:\\\/\\\/blogdofarnesio.com.br\\\/\",\"name\":\"Blog do Farn\u00e9sio\",\"description\":\"Quer Saber Pol\u00edtica?\",\"publisher\":{\"@id\":\"https:\\\/\\\/blogdofarnesio.com.br\\\/#organization\"},\"potentialAction\":[{\"@type\":\"SearchAction\",\"target\":{\"@type\":\"EntryPoint\",\"urlTemplate\":\"https:\\\/\\\/blogdofarnesio.com.br\\\/?s={search_term_string}\"},\"query-input\":{\"@type\":\"PropertyValueSpecification\",\"valueRequired\":true,\"valueName\":\"search_term_string\"}}],\"inLanguage\":\"pt-BR\"},{\"@type\":\"Organization\",\"@id\":\"https:\\\/\\\/blogdofarnesio.com.br\\\/#organization\",\"name\":\"Blog do Farn\u00e9sio\",\"url\":\"https:\\\/\\\/blogdofarnesio.com.br\\\/\",\"logo\":{\"@type\":\"ImageObject\",\"inLanguage\":\"pt-BR\",\"@id\":\"https:\\\/\\\/blogdofarnesio.com.br\\\/#\\\/schema\\\/logo\\\/image\\\/\",\"url\":\"https:\\\/\\\/blogdofarnesio.com.br\\\/wp-content\\\/uploads\\\/2026\\\/03\\\/cropped-logo_new-1.png\",\"contentUrl\":\"https:\\\/\\\/blogdofarnesio.com.br\\\/wp-content\\\/uploads\\\/2026\\\/03\\\/cropped-logo_new-1.png\",\"width\":881,\"height\":685,\"caption\":\"Blog do Farn\u00e9sio\"},\"image\":{\"@id\":\"https:\\\/\\\/blogdofarnesio.com.br\\\/#\\\/schema\\\/logo\\\/image\\\/\"},\"sameAs\":[\"https:\\\/\\\/www.facebook.com\\\/BlogQuerSaberPolitica\\\/\"]},{\"@type\":\"Person\",\"@id\":\"https:\\\/\\\/blogdofarnesio.com.br\\\/#\\\/schema\\\/person\\\/bb9b23ae3ad0609ce8df7b6c9e76824d\",\"name\":\"Farn\u00e9sio\",\"image\":{\"@type\":\"ImageObject\",\"inLanguage\":\"pt-BR\",\"@id\":\"https:\\\/\\\/secure.gravatar.com\\\/avatar\\\/986aa4c61ccdb66f8555bf88fc2a65609d00bcabd4d2d94377a727547345cbca?s=96&d=mm&r=g\",\"url\":\"https:\\\/\\\/secure.gravatar.com\\\/avatar\\\/986aa4c61ccdb66f8555bf88fc2a65609d00bcabd4d2d94377a727547345cbca?s=96&d=mm&r=g\",\"contentUrl\":\"https:\\\/\\\/secure.gravatar.com\\\/avatar\\\/986aa4c61ccdb66f8555bf88fc2a65609d00bcabd4d2d94377a727547345cbca?s=96&d=mm&r=g\",\"caption\":\"Farn\u00e9sio\"},\"description\":\"Radialista blogueiro, chegou a Petrolina\\\/Juazeiro em setembro de 1980, Farn\u00e9sio Silva \u00e9 de Arapiraca-Alagoas.\",\"sameAs\":[\"http:\\\/\\\/blogdofarnesio.com.br\",\"https:\\\/\\\/www.facebook.com\\\/?ref=tn_tnmn\",\"https:\\\/\\\/www.instagram.com\\\/?utm_source=pwa_homescreen\",\"https:\\\/\\\/youtube.com.br\\\/\"],\"url\":\"https:\\\/\\\/blogdofarnesio.com.br\\\/?author=2\"}]}<\/script>\n<!-- \/ Yoast SEO plugin. -->","yoast_head_json":{"title":"Vit\u00f3ria desembarcara em Petrolina para enfrentar a Juazeirense - Blog do Farn\u00e9sio","robots":{"index":"index","follow":"follow","max-snippet":"max-snippet:-1","max-image-preview":"max-image-preview:large","max-video-preview":"max-video-preview:-1"},"canonical":"https:\/\/blogdofarnesio.com.br\/?p=385224","og_locale":"pt_BR","og_type":"article","og_title":"Vit\u00f3ria desembarcara em Petrolina para enfrentar a Juazeirense - Blog do Farn\u00e9sio","og_description":"Heider Mota\u00a0 &#8211;\u00a0 Carpini fala em esfor\u00e7os da diretoria para proporcionar uma melhor log\u00edstica devido ao calend\u00e1rio apertado Foto: Victor Ferreira\/EC Vit\u00f3ria Ap\u00f3s fazer no s\u00e1bado (11) seu primeiro jogo na temporada, somente oito dias ap\u00f3s a apresenta\u00e7\u00e3o do elenco, o Vit\u00f3ria j\u00e1 encara uma viagem longa na segunda rodada do Baiano: vai enfrentar a Juazeirense no est\u00e1dio Adauto Morais. Para o jogo, o t\u00e9cnico Thiago Carpini revelou em coletiva que o Vit\u00f3ria viajar\u00e1 de avi\u00e3o para reduzir o cansa\u00e7o que seria uma longa viagem de \u00f4nibus de Salvador a Juazeiro. \u201cTalvez fosse mais c\u00f4modo ao Vit\u00f3ria que atletas da base iniciassem o estadual, mas nossa atitude demonstra respeito \u00e0 competi\u00e7\u00e3o e mostra como valorizamos o Campeonato Baiano. Entramos com&hellip;","og_url":"https:\/\/blogdofarnesio.com.br\/?p=385224","og_site_name":"Blog do Farn\u00e9sio","article_publisher":"https:\/\/www.facebook.com\/BlogQuerSaberPolitica\/","article_author":"https:\/\/www.facebook.com\/?ref=tn_tnmn","article_published_time":"2025-01-14T18:03:37+00:00","og_image":[{"width":623,"height":356,"url":"https:\/\/blogdofarnesio.com.br\/wp-content\/uploads\/2024\/01\/blogqspvitoria-x-juazeirense.jpg","type":"image\/jpeg"}],"author":"Farn\u00e9sio","twitter_card":"summary_large_image","twitter_misc":{"Escrito por":"Farn\u00e9sio","Est. tempo de leitura":"2 minutos"},"schema":{"@context":"https:\/\/schema.org","@graph":[{"@type":"Article","@id":"https:\/\/blogdofarnesio.com.br\/?p=385224#article","isPartOf":{"@id":"https:\/\/blogdofarnesio.com.br\/?p=385224"},"author":{"name":"Farn\u00e9sio","@id":"https:\/\/blogdofarnesio.com.br\/#\/schema\/person\/bb9b23ae3ad0609ce8df7b6c9e76824d"},"headline":"Vit\u00f3ria desembarcara em Petrolina para enfrentar a Juazeirense","datePublished":"2025-01-14T18:03:37+00:00","mainEntityOfPage":{"@id":"https:\/\/blogdofarnesio.com.br\/?p=385224"},"wordCount":236,"commentCount":0,"publisher":{"@id":"https:\/\/blogdofarnesio.com.br\/#organization"},"image":{"@id":"https:\/\/blogdofarnesio.com.br\/?p=385224#primaryimage"},"thumbnailUrl":"https:\/\/blogdofarnesio.com.br\/wp-content\/uploads\/2024\/01\/blogqspvitoria-x-juazeirense.jpg","articleSection":["Esportes"],"inLanguage":"pt-BR","potentialAction":[{"@type":"CommentAction","name":"Comment","target":["https:\/\/blogdofarnesio.com.br\/?p=385224#respond"]}]},{"@type":"WebPage","@id":"https:\/\/blogdofarnesio.com.br\/?p=385224","url":"https:\/\/blogdofarnesio.com.br\/?p=385224","name":"Vit\u00f3ria desembarcara em Petrolina para enfrentar a Juazeirense - Blog do Farn\u00e9sio","isPartOf":{"@id":"https:\/\/blogdofarnesio.com.br\/#website"},"primaryImageOfPage":{"@id":"https:\/\/blogdofarnesio.com.br\/?p=385224#primaryimage"},"image":{"@id":"https:\/\/blogdofarnesio.com.br\/?p=385224#primaryimage"},"thumbnailUrl":"https:\/\/blogdofarnesio.com.br\/wp-content\/uploads\/2024\/01\/blogqspvitoria-x-juazeirense.jpg","datePublished":"2025-01-14T18:03:37+00:00","breadcrumb":{"@id":"https:\/\/blogdofarnesio.com.br\/?p=385224#breadcrumb"},"inLanguage":"pt-BR","potentialAction":[{"@type":"ReadAction","target":["https:\/\/blogdofarnesio.com.br\/?p=385224"]}]},{"@type":"ImageObject","inLanguage":"pt-BR","@id":"https:\/\/blogdofarnesio.com.br\/?p=385224#primaryimage","url":"https:\/\/blogdofarnesio.com.br\/wp-content\/uploads\/2024\/01\/blogqspvitoria-x-juazeirense.jpg","contentUrl":"https:\/\/blogdofarnesio.com.br\/wp-content\/uploads\/2024\/01\/blogqspvitoria-x-juazeirense.jpg","width":623,"height":356},{"@type":"BreadcrumbList","@id":"https:\/\/blogdofarnesio.com.br\/?p=385224#breadcrumb","itemListElement":[{"@type":"ListItem","position":1,"name":"In\u00edcio","item":"https:\/\/blogdofarnesio.com.br\/"},{"@type":"ListItem","position":2,"name":"Vit\u00f3ria desembarcara em Petrolina para enfrentar a Juazeirense"}]},{"@type":"WebSite","@id":"https:\/\/blogdofarnesio.com.br\/#website","url":"https:\/\/blogdofarnesio.com.br\/","name":"Blog do Farn\u00e9sio","description":"Quer Saber Pol\u00edtica?","publisher":{"@id":"https:\/\/blogdofarnesio.com.br\/#organization"},"potentialAction":[{"@type":"SearchAction","target":{"@type":"EntryPoint","urlTemplate":"https:\/\/blogdofarnesio.com.br\/?s={search_term_string}"},"query-input":{"@type":"PropertyValueSpecification","valueRequired":true,"valueName":"search_term_string"}}],"inLanguage":"pt-BR"},{"@type":"Organization","@id":"https:\/\/blogdofarnesio.com.br\/#organization","name":"Blog do Farn\u00e9sio","url":"https:\/\/blogdofarnesio.com.br\/","logo":{"@type":"ImageObject","inLanguage":"pt-BR","@id":"https:\/\/blogdofarnesio.com.br\/#\/schema\/logo\/image\/","url":"https:\/\/blogdofarnesio.com.br\/wp-content\/uploads\/2026\/03\/cropped-logo_new-1.png","contentUrl":"https:\/\/blogdofarnesio.com.br\/wp-content\/uploads\/2026\/03\/cropped-logo_new-1.png","width":881,"height":685,"caption":"Blog do Farn\u00e9sio"},"image":{"@id":"https:\/\/blogdofarnesio.com.br\/#\/schema\/logo\/image\/"},"sameAs":["https:\/\/www.facebook.com\/BlogQuerSaberPolitica\/"]},{"@type":"Person","@id":"https:\/\/blogdofarnesio.com.br\/#\/schema\/person\/bb9b23ae3ad0609ce8df7b6c9e76824d","name":"Farn\u00e9sio","image":{"@type":"ImageObject","inLanguage":"pt-BR","@id":"https:\/\/secure.gravatar.com\/avatar\/986aa4c61ccdb66f8555bf88fc2a65609d00bcabd4d2d94377a727547345cbca?s=96&d=mm&r=g","url":"https:\/\/secure.gravatar.com\/avatar\/986aa4c61ccdb66f8555bf88fc2a65609d00bcabd4d2d94377a727547345cbca?s=96&d=mm&r=g","contentUrl":"https:\/\/secure.gravatar.com\/avatar\/986aa4c61ccdb66f8555bf88fc2a65609d00bcabd4d2d94377a727547345cbca?s=96&d=mm&r=g","caption":"Farn\u00e9sio"},"description":"Radialista blogueiro, chegou a Petrolina\/Juazeiro em setembro de 1980, Farn\u00e9sio Silva \u00e9 de Arapiraca-Alagoas.","sameAs":["http:\/\/blogdofarnesio.com.br","https:\/\/www.facebook.com\/?ref=tn_tnmn","https:\/\/www.instagram.com\/?utm_source=pwa_homescreen","https:\/\/youtube.com.br\/"],"url":"https:\/\/blogdofarnesio.com.br\/?author=2"}]}},"_links":{"self":[{"href":"https:\/\/blogdofarnesio.com.br\/index.php?rest_route=\/wp\/v2\/posts\/385224","targetHints":{"allow":["GET"]}}],"collection":[{"href":"https:\/\/blogdofarnesio.com.br\/index.php?rest_route=\/wp\/v2\/posts"}],"about":[{"href":"https:\/\/blogdofarnesio.com.br\/index.php?rest_route=\/wp\/v2\/types\/post"}],"author":[{"embeddable":true,"href":"https:\/\/blogdofarnesio.com.br\/index.php?rest_route=\/wp\/v2\/users\/2"}],"replies":[{"embeddable":true,"href":"https:\/\/blogdofarnesio.com.br\/index.php?rest_route=%2Fwp%2Fv2%2Fcomments&post=385224"}],"version-history":[{"count":0,"href":"https:\/\/blogdofarnesio.com.br\/index.php?rest_route=\/wp\/v2\/posts\/385224\/revisions"}],"wp:featuredmedia":[{"embeddable":true,"href":"https:\/\/blogdofarnesio.com.br\/index.php?rest_route=\/wp\/v2\/media\/360095"}],"wp:attachment":[{"href":"https:\/\/blogdofarnesio.com.br\/index.php?rest_route=%2Fwp%2Fv2%2Fmedia&parent=385224"}],"wp:term":[{"taxonomy":"category","embeddable":true,"href":"https:\/\/blogdofarnesio.com.br\/index.php?rest_route=%2Fwp%2Fv2%2Fcategories&post=385224"},{"taxonomy":"post_tag","embeddable":true,"href":"https:\/\/blogdofarnesio.com.br\/index.php?rest_route=%2Fwp%2Fv2%2Ftags&post=385224"}],"curies":[{"name":"wp","href":"https:\/\/api.w.org\/{rel}","templated":true}]}}