{"id":385063,"date":"2025-01-13T16:04:06","date_gmt":"2025-01-13T19:04:06","guid":{"rendered":"https:\/\/blogdofarnesio.com.br\/?p=385063"},"modified":"2025-01-13T11:45:22","modified_gmt":"2025-01-13T14:45:22","slug":"prefeitura-de-lagoa-grande-convoca-servidores-municipais-para-recadastramento-anote-calendario","status":"publish","type":"post","link":"https:\/\/blogdofarnesio.com.br\/?p=385063","title":{"rendered":"Prefeitura de Lagoa Grande convoca servidores municipais para recadastramento. Anote calend\u00e1rio"},"content":{"rendered":"<div id=\"container\" class=\"hfeed wpbf-page\">\n<div class=\"elementor elementor-15 elementor-location-header\" data-elementor-type=\"header\" data-elementor-id=\"15\" data-elementor-post-type=\"elementor_library\">\n<section class=\"elementor-section elementor-top-section elementor-element elementor-element-ac5768d elementor-section-height-min-height elementor-section-boxed elementor-section-height-default elementor-section-items-middle\" data-id=\"ac5768d\" data-element_type=\"section\" data-settings=\"{&quot;jet_parallax_layout_list&quot;:[{&quot;jet_parallax_layout_image&quot;:{&quot;url&quot;:&quot;&quot;,&quot;id&quot;:&quot;&quot;,&quot;size&quot;:&quot;&quot;},&quot;_id&quot;:&quot;e0c8a76&quot;,&quot;jet_parallax_layout_image_tablet&quot;:{&quot;url&quot;:&quot;&quot;,&quot;id&quot;:&quot;&quot;,&quot;size&quot;:&quot;&quot;},&quot;jet_parallax_layout_image_mobile&quot;:{&quot;url&quot;:&quot;&quot;,&quot;id&quot;:&quot;&quot;,&quot;size&quot;:&quot;&quot;},&quot;jet_parallax_layout_speed&quot;:{&quot;unit&quot;:&quot;%&quot;,&quot;size&quot;:50,&quot;sizes&quot;:[]},&quot;jet_parallax_layout_type&quot;:&quot;scroll&quot;,&quot;jet_parallax_layout_direction&quot;:null,&quot;jet_parallax_layout_fx_direction&quot;:null,&quot;jet_parallax_layout_z_index&quot;:&quot;&quot;,&quot;jet_parallax_layout_bg_x&quot;:50,&quot;jet_parallax_layout_bg_x_tablet&quot;:&quot;&quot;,&quot;jet_parallax_layout_bg_x_mobile&quot;:&quot;&quot;,&quot;jet_parallax_layout_bg_y&quot;:50,&quot;jet_parallax_layout_bg_y_tablet&quot;:&quot;&quot;,&quot;jet_parallax_layout_bg_y_mobile&quot;:&quot;&quot;,&quot;jet_parallax_layout_bg_size&quot;:&quot;auto&quot;,&quot;jet_parallax_layout_bg_size_tablet&quot;:&quot;&quot;,&quot;jet_parallax_layout_bg_size_mobile&quot;:&quot;&quot;,&quot;jet_parallax_layout_animation_prop&quot;:&quot;transform&quot;,&quot;jet_parallax_layout_on&quot;:[&quot;desktop&quot;,&quot;tablet&quot;]}],&quot;background_background&quot;:&quot;classic&quot;}\">\n<div class=\"elementor-container elementor-column-gap-default\">\n<div class=\"elementor-column elementor-col-11 elementor-top-column elementor-element elementor-element-544b9ff\" data-id=\"544b9ff\" data-element_type=\"column\">\n<div class=\"elementor-widget-wrap elementor-element-populated\"><\/div>\n<\/div>\n<\/div>\n<\/section>\n<\/div>\n<div class=\"elementor elementor-2195 elementor-location-single post-6270 post type-post status-publish format-standard has-post-thumbnail hentry category-noticias category-secretaria-de-governo wpbf-post\" data-elementor-type=\"single-post\" data-elementor-id=\"2195\" data-elementor-post-type=\"elementor_library\">\n<section class=\"elementor-section elementor-top-section elementor-element elementor-element-41c206ed elementor-section-boxed elementor-section-height-default elementor-section-height-default\" data-id=\"41c206ed\" data-element_type=\"section\" data-settings=\"{&quot;jet_parallax_layout_list&quot;:[{&quot;_id&quot;:&quot;0e5f184&quot;,&quot;jet_parallax_layout_image&quot;:{&quot;url&quot;:&quot;&quot;,&quot;id&quot;:&quot;&quot;,&quot;size&quot;:&quot;&quot;},&quot;jet_parallax_layout_image_tablet&quot;:{&quot;url&quot;:&quot;&quot;,&quot;id&quot;:&quot;&quot;,&quot;size&quot;:&quot;&quot;},&quot;jet_parallax_layout_image_mobile&quot;:{&quot;url&quot;:&quot;&quot;,&quot;id&quot;:&quot;&quot;,&quot;size&quot;:&quot;&quot;},&quot;jet_parallax_layout_speed&quot;:{&quot;unit&quot;:&quot;%&quot;,&quot;size&quot;:50,&quot;sizes&quot;:[]},&quot;jet_parallax_layout_type&quot;:&quot;scroll&quot;,&quot;jet_parallax_layout_direction&quot;:null,&quot;jet_parallax_layout_fx_direction&quot;:null,&quot;jet_parallax_layout_z_index&quot;:&quot;&quot;,&quot;jet_parallax_layout_bg_x&quot;:50,&quot;jet_parallax_layout_bg_x_tablet&quot;:&quot;&quot;,&quot;jet_parallax_layout_bg_x_mobile&quot;:&quot;&quot;,&quot;jet_parallax_layout_bg_y&quot;:50,&quot;jet_parallax_layout_bg_y_tablet&quot;:&quot;&quot;,&quot;jet_parallax_layout_bg_y_mobile&quot;:&quot;&quot;,&quot;jet_parallax_layout_bg_size&quot;:&quot;auto&quot;,&quot;jet_parallax_layout_bg_size_tablet&quot;:&quot;&quot;,&quot;jet_parallax_layout_bg_size_mobile&quot;:&quot;&quot;,&quot;jet_parallax_layout_animation_prop&quot;:&quot;transform&quot;,&quot;jet_parallax_layout_on&quot;:[&quot;desktop&quot;,&quot;tablet&quot;]}]}\">\n<div class=\"elementor-container elementor-column-gap-default\">\n<div class=\"elementor-column elementor-col-100 elementor-top-column elementor-element elementor-element-202fb297\" data-id=\"202fb297\" data-element_type=\"column\">\n<div class=\"elementor-widget-wrap elementor-element-populated\">\n<section class=\"elementor-section elementor-inner-section elementor-element elementor-element-7431630c elementor-section-content-middle elementor-section-boxed elementor-section-height-default elementor-section-height-default\" data-id=\"7431630c\" data-element_type=\"section\" data-settings=\"{&quot;background_background&quot;:&quot;classic&quot;,&quot;jet_parallax_layout_list&quot;:[{&quot;_id&quot;:&quot;51c0af5&quot;,&quot;jet_parallax_layout_image&quot;:{&quot;url&quot;:&quot;&quot;,&quot;id&quot;:&quot;&quot;,&quot;size&quot;:&quot;&quot;},&quot;jet_parallax_layout_image_tablet&quot;:{&quot;url&quot;:&quot;&quot;,&quot;id&quot;:&quot;&quot;,&quot;size&quot;:&quot;&quot;},&quot;jet_parallax_layout_image_mobile&quot;:{&quot;url&quot;:&quot;&quot;,&quot;id&quot;:&quot;&quot;,&quot;size&quot;:&quot;&quot;},&quot;jet_parallax_layout_speed&quot;:{&quot;unit&quot;:&quot;%&quot;,&quot;size&quot;:50,&quot;sizes&quot;:[]},&quot;jet_parallax_layout_type&quot;:&quot;scroll&quot;,&quot;jet_parallax_layout_direction&quot;:null,&quot;jet_parallax_layout_fx_direction&quot;:null,&quot;jet_parallax_layout_z_index&quot;:&quot;&quot;,&quot;jet_parallax_layout_bg_x&quot;:50,&quot;jet_parallax_layout_bg_x_tablet&quot;:&quot;&quot;,&quot;jet_parallax_layout_bg_x_mobile&quot;:&quot;&quot;,&quot;jet_parallax_layout_bg_y&quot;:50,&quot;jet_parallax_layout_bg_y_tablet&quot;:&quot;&quot;,&quot;jet_parallax_layout_bg_y_mobile&quot;:&quot;&quot;,&quot;jet_parallax_layout_bg_size&quot;:&quot;auto&quot;,&quot;jet_parallax_layout_bg_size_tablet&quot;:&quot;&quot;,&quot;jet_parallax_layout_bg_size_mobile&quot;:&quot;&quot;,&quot;jet_parallax_layout_animation_prop&quot;:&quot;transform&quot;,&quot;jet_parallax_layout_on&quot;:[&quot;desktop&quot;,&quot;tablet&quot;]}]}\">\n<div class=\"elementor-container elementor-column-gap-default\">\n<div class=\"elementor-column elementor-col-50 elementor-inner-column elementor-element elementor-element-5470ca5d\" data-id=\"5470ca5d\" data-element_type=\"column\">\n<div class=\"elementor-widget-wrap elementor-element-populated\">\n<div class=\"elementor-element elementor-element-4028fd3d elementor-widget elementor-widget-html\" data-id=\"4028fd3d\" data-element_type=\"widget\" data-widget_type=\"html.default\">Com a necessidade de implanta\u00e7\u00e3o de um novo sistema de gest\u00e3o de pessoal e atualiza\u00e7\u00e3o dos dados cadastrais dos servidores de cargos efetivos ou est\u00e1veis ativos, a Prefeitura de Lagoa Grande convoca todos os servidores, em car\u00e1ter obrigat\u00f3rio, para o recadastramento funcional.<\/div>\n<\/div>\n<\/div>\n<\/div>\n<\/section>\n<section class=\"elementor-section elementor-inner-section elementor-element elementor-element-571c2f6c elementor-section-boxed elementor-section-height-default elementor-section-height-default\" data-id=\"571c2f6c\" data-element_type=\"section\" data-settings=\"{&quot;background_background&quot;:&quot;classic&quot;,&quot;jet_parallax_layout_list&quot;:[{&quot;_id&quot;:&quot;203dbb3&quot;,&quot;jet_parallax_layout_image&quot;:{&quot;url&quot;:&quot;&quot;,&quot;id&quot;:&quot;&quot;,&quot;size&quot;:&quot;&quot;},&quot;jet_parallax_layout_image_tablet&quot;:{&quot;url&quot;:&quot;&quot;,&quot;id&quot;:&quot;&quot;,&quot;size&quot;:&quot;&quot;},&quot;jet_parallax_layout_image_mobile&quot;:{&quot;url&quot;:&quot;&quot;,&quot;id&quot;:&quot;&quot;,&quot;size&quot;:&quot;&quot;},&quot;jet_parallax_layout_speed&quot;:{&quot;unit&quot;:&quot;%&quot;,&quot;size&quot;:50,&quot;sizes&quot;:[]},&quot;jet_parallax_layout_type&quot;:&quot;scroll&quot;,&quot;jet_parallax_layout_direction&quot;:null,&quot;jet_parallax_layout_fx_direction&quot;:null,&quot;jet_parallax_layout_z_index&quot;:&quot;&quot;,&quot;jet_parallax_layout_bg_x&quot;:50,&quot;jet_parallax_layout_bg_x_tablet&quot;:&quot;&quot;,&quot;jet_parallax_layout_bg_x_mobile&quot;:&quot;&quot;,&quot;jet_parallax_layout_bg_y&quot;:50,&quot;jet_parallax_layout_bg_y_tablet&quot;:&quot;&quot;,&quot;jet_parallax_layout_bg_y_mobile&quot;:&quot;&quot;,&quot;jet_parallax_layout_bg_size&quot;:&quot;auto&quot;,&quot;jet_parallax_layout_bg_size_tablet&quot;:&quot;&quot;,&quot;jet_parallax_layout_bg_size_mobile&quot;:&quot;&quot;,&quot;jet_parallax_layout_animation_prop&quot;:&quot;transform&quot;,&quot;jet_parallax_layout_on&quot;:[&quot;desktop&quot;,&quot;tablet&quot;]}]}\">\n<div class=\"elementor-container elementor-column-gap-default\">\n<div class=\"elementor-column elementor-col-100 elementor-inner-column elementor-element elementor-element-5128a8a0\" data-id=\"5128a8a0\" data-element_type=\"column\">\n<div class=\"elementor-widget-wrap elementor-element-populated\">\n<div class=\"elementor-element elementor-element-5e5e1e29 elementor-widget elementor-widget-theme-post-content\" data-id=\"5e5e1e29\" data-element_type=\"widget\" data-widget_type=\"theme-post-content.default\">\n<div class=\"elementor-widget-container\">\n<p>A convoca\u00e7\u00e3o dos servidores est\u00e1 de acordo com o Decreto 005\/2025 e o per\u00edodo ser\u00e1 de 13 a 31 de janeiro, na sede da Secretaria de Educa\u00e7\u00e3o e Cultura \u2013 SEDUC, localizada na rua Dom Id\u00edlio, n\u00ba 1085, Centro, com o seguinte cronograma:<\/p>\n<ul>\n<li>13 e 14\/01\u00a0 Secretarias de Governo, Assist\u00eancia Social e Or\u00e7amento, Planejamento e Gest\u00e3o, Gabinete, CEAVE, ADMA, Procuradoria-geral e Controle Interno;<\/li>\n<li>15 e 16\/01 \u2013 Secretarias de Agricultura e Desenvolvimento do Interior e Infraestrutura e Meio Ambiente;<\/li>\n<li>17 e 20\/01 \u2013 Secretaria de Sa\u00fade;<\/li>\n<li>21 e 22\/01 \u2013 Secretaria de Educa\u00e7\u00e3o e Cultura, servidores vinculados a outras Secretarias e demais \u00f3rg\u00e3os da administra\u00e7\u00e3o direta e indireta do Munic\u00edpio, n\u00e3o compreendidas nos t\u00f3picos anteriores, e servidores cedidos.<\/li>\n<\/ul>\n<p>O servidor deve comparecer no hor\u00e1rio de 8h \u00e0s 16h, portando os documentos relacionados conforme descrito em decreto\/edital,\u00a0<strong>DISPON\u00cdVEL ABAIXO<\/strong>\u00a0e, ser\u00e1 afixado nas secretarias municipais e na Sede da Prefeitura.<\/p>\n<p>O n\u00e3o comparecimento, implicar\u00e1 em suspens\u00e3o tempor\u00e1ria dos vencimentos.\u00a0Os servidores poder\u00e3o imprimir a ficha funcional, anexo abaixo, e levar preenchida para agilizar o processo de recadastramento.<\/p>\n<h3>DECRETO\/EDITAL<\/h3>\n<div class=\"pdfemb-viewer\">\n<div class=\"pdfemb-inner-div-wantmobile-fswrap pdfemb-wantmobile\">\n<div class=\"pdfemb-wantmobile-fsarea\">View in Full Screen<\/div>\n<\/div>\n<div class=\"pdfemb-inner-div-wantmobile pdfemb-wantmobile\"><\/div>\n<div class=\"pdfemb-pagescontainer scrollbar-none\">\n<div class=\"pdfemb-inner-div pdfemb-page1\">\n<p>&nbsp;<\/p>\n<div class=\"textLayer pdfembTextLayer\"><\/div>\n<\/div>\n<div class=\"pdfemb-inner-div pdfemb-page2\">\n<p>&nbsp;<\/p>\n<div class=\"textLayer pdfembTextLayer\"><\/div>\n<\/div>\n<div class=\"pdfemb-inner-div pdfemb-page3\">\n<p>&nbsp;<\/p>\n<div class=\"textLayer pdfembTextLayer\"><\/div>\n<\/div>\n<div class=\"pdfemb-inner-div pdfemb-page4\">\n<p>&nbsp;<\/p>\n<div class=\"textLayer pdfembTextLayer\"><\/div>\n<\/div>\n<div class=\"pdfemb-inner-div pdfemb-page5\"><\/div>\n<\/div>\n<\/div>\n<h3>FICHA FUNCIONAL<\/h3>\n<div class=\"pdfemb-viewer\">\n<div class=\"pdfemb-inner-div-wantmobile-fswrap pdfemb-wantmobile\">\n<div class=\"pdfemb-wantmobile-fsarea\">View in Full Screen<\/div>\n<\/div>\n<div class=\"pdfemb-inner-div-wantmobile pdfemb-wantmobile\"><\/div>\n<div class=\"pdfemb-pagescontainer scrollbar-none\">\n<div class=\"pdfemb-inner-div pdfemb-page1\">\n<p>&nbsp;<\/p>\n<div class=\"textLayer pdfembTextLayer\"><\/div>\n<\/div>\n<\/div>\n<\/div>\n<\/div>\n<\/div>\n<\/div>\n<\/div>\n<\/div>\n<\/section>\n<\/div>\n<\/div>\n<\/div>\n<\/section>\n<\/div>\n<div class=\"elementor elementor-73 elementor-location-footer\" data-elementor-type=\"footer\" data-elementor-id=\"73\" data-elementor-post-type=\"elementor_library\">\n<section class=\"elementor-section elementor-top-section elementor-element elementor-element-0a25381 elementor-section-boxed elementor-section-height-default elementor-section-height-default\" data-id=\"0a25381\" data-element_type=\"section\" data-settings=\"{&quot;jet_parallax_layout_list&quot;:[{&quot;jet_parallax_layout_image&quot;:{&quot;url&quot;:&quot;&quot;,&quot;id&quot;:&quot;&quot;,&quot;size&quot;:&quot;&quot;},&quot;_id&quot;:&quot;978652a&quot;,&quot;jet_parallax_layout_image_tablet&quot;:{&quot;url&quot;:&quot;&quot;,&quot;id&quot;:&quot;&quot;,&quot;size&quot;:&quot;&quot;},&quot;jet_parallax_layout_image_mobile&quot;:{&quot;url&quot;:&quot;&quot;,&quot;id&quot;:&quot;&quot;,&quot;size&quot;:&quot;&quot;},&quot;jet_parallax_layout_speed&quot;:{&quot;unit&quot;:&quot;%&quot;,&quot;size&quot;:50,&quot;sizes&quot;:[]},&quot;jet_parallax_layout_type&quot;:&quot;scroll&quot;,&quot;jet_parallax_layout_direction&quot;:null,&quot;jet_parallax_layout_fx_direction&quot;:null,&quot;jet_parallax_layout_z_index&quot;:&quot;&quot;,&quot;jet_parallax_layout_bg_x&quot;:50,&quot;jet_parallax_layout_bg_x_tablet&quot;:&quot;&quot;,&quot;jet_parallax_layout_bg_x_mobile&quot;:&quot;&quot;,&quot;jet_parallax_layout_bg_y&quot;:50,&quot;jet_parallax_layout_bg_y_tablet&quot;:&quot;&quot;,&quot;jet_parallax_layout_bg_y_mobile&quot;:&quot;&quot;,&quot;jet_parallax_layout_bg_size&quot;:&quot;auto&quot;,&quot;jet_parallax_layout_bg_size_tablet&quot;:&quot;&quot;,&quot;jet_parallax_layout_bg_size_mobile&quot;:&quot;&quot;,&quot;jet_parallax_layout_animation_prop&quot;:&quot;transform&quot;,&quot;jet_parallax_layout_on&quot;:[&quot;desktop&quot;,&quot;tablet&quot;]}],&quot;background_background&quot;:&quot;classic&quot;}\">\n<div class=\"elementor-container elementor-column-gap-default\">\n<div class=\"elementor-column elementor-col-100 elementor-top-column elementor-element elementor-element-f80944c\" data-id=\"f80944c\" data-element_type=\"column\">\n<div class=\"elementor-widget-wrap elementor-element-populated\">\n<div class=\"elementor-element elementor-element-ecad616 elementor-widget elementor-widget-menu-anchor\" data-id=\"ecad616\" data-element_type=\"widget\" data-widget_type=\"menu-anchor.default\">\n<div class=\"elementor-widget-container\">\n<div id=\"rodape\" class=\"elementor-menu-anchor\"><\/div>\n<\/div>\n<\/div>\n<div class=\"elementor-element elementor-element-f5e9579 elementor-icon-list--layout-inline elementor-align-center elementor-list-item-link-full_width elementor-widget elementor-widget-icon-list\" data-id=\"f5e9579\" data-element_type=\"widget\" data-widget_type=\"icon-list.default\">\n<div class=\"elementor-widget-container\">\n<ul class=\"elementor-icon-list-items elementor-inline-items\">\n<li class=\"elementor-icon-list-item elementor-inline-item\"><a href=\"https:\/\/lagoagrande.pe.gov.br\/acessibilidade\/\"><i class=\"fas fa-wheelchair\" aria-hidden=\"true\"><\/i><span class=\"elementor-icon-list-text\">Acessibilidade<\/span><\/a><\/li>\n<li class=\"elementor-icon-list-item elementor-inline-item\"><a href=\"https:\/\/lagoagrande.pe.gov.br\/perguntas-frequentes\/\"><i class=\"fas fa-question\" aria-hidden=\"true\"><\/i><span class=\"elementor-icon-list-text\">Perguntas Frequentes<\/span><\/a><\/li>\n<li class=\"elementor-icon-list-item elementor-inline-item\"><a href=\"https:\/\/lagoagrande.pe.gov.br\/glossario\/\"><i class=\"fas fa-book\" aria-hidden=\"true\"><\/i><span class=\"elementor-icon-list-text\">Gloss\u00e1rio<\/span><\/a><\/li>\n<\/ul>\n<\/div>\n<\/div>\n<div class=\"elementor-element elementor-element-14046f5 elementor-shape-circle elementor-grid-0 e-grid-align-center elementor-widget elementor-widget-social-icons\" data-id=\"14046f5\" data-element_type=\"widget\" data-widget_type=\"social-icons.default\">\n<div class=\"elementor-widget-container\">\n<div class=\"elementor-social-icons-wrapper elementor-grid\"><span class=\"elementor-grid-item\"><a class=\"elementor-icon elementor-social-icon elementor-social-icon-home elementor-repeater-item-e1d23cf\" href=\"https:\/\/lagoagrande.pe.gov.br\/\" target=\"_blank\" rel=\"noopener\"><span class=\"elementor-screen-only\">Home<\/span><i class=\"fas fa-home\"><\/i><\/a><\/span>\u00a0<span class=\"elementor-grid-item\"><a class=\"elementor-icon elementor-social-icon elementor-social-icon-envelope elementor-repeater-item-3610218\" href=\"http:\/\/lagoagrande.pe.gov.br\/webmail\" target=\"_blank\" rel=\"noopener\"><span class=\"elementor-screen-only\">Envelope<\/span><i class=\"fas fa-envelope\"><\/i><\/a><\/span>\u00a0<span class=\"elementor-grid-item\"><a class=\"elementor-icon elementor-social-icon elementor-social-icon-facebook elementor-repeater-item-1971879\" href=\"https:\/\/www.facebook.com\/prefeituramlg\" target=\"_blank\" rel=\"noopener\"><span class=\"elementor-screen-only\">Facebook<\/span><i class=\"fab fa-facebook\"><\/i><\/a><\/span>\u00a0<span class=\"elementor-grid-item\"><a class=\"elementor-icon elementor-social-icon elementor-social-icon-instagram elementor-repeater-item-ff6d8cc\" href=\"https:\/\/www.instagram.com\/pref_mlg\/\" target=\"_blank\" rel=\"noopener\"><span class=\"elementor-screen-only\">Instagram<\/span><i class=\"fab fa-instagram\"><\/i><\/a><\/span>\u00a0<span class=\"elementor-grid-item\"><a class=\"elementor-icon elementor-social-icon elementor-social-icon-youtube elementor-repeater-item-741638c\" href=\"https:\/\/www.youtube.com\/channel\/UCAwZoK0hxaNLVCdF0g7fsaw\/featured\" target=\"_blank\" rel=\"noopener\"><span class=\"elementor-screen-only\">Youtube<\/span><i class=\"fab fa-youtube\"><\/i><\/a><\/span>\u00a0<span class=\"elementor-grid-item\"><a class=\"elementor-icon elementor-social-icon elementor-social-icon-sitemap elementor-repeater-item-92d32b1\" href=\"https:\/\/lagoagrande.pe.gov.br\/mapa-do-site\/\" target=\"_blank\" rel=\"noopener\"><span class=\"elementor-screen-only\">Sitemap<\/span><i class=\"fas fa-sitemap\"><\/i><\/a><\/span>\u00a0<span class=\"elementor-grid-item\"><a class=\"elementor-icon elementor-social-icon elementor-social-icon-at elementor-repeater-item-9c26e96\" href=\"https:\/\/lagoagrande.pe.gov.br\/webmail\" target=\"_blank\" rel=\"noopener\"><span class=\"elementor-screen-only\">At<\/span><i class=\"fas fa-at\"><\/i><\/a><\/span><\/div>\n<\/div>\n<\/div>\n<div class=\"elementor-element elementor-element-9be1fcc elementor-widget elementor-widget-text-editor\" data-id=\"9be1fcc\" data-element_type=\"widget\" data-widget_type=\"text-editor.default\">\n<div class=\"elementor-widget-container\">\n<p><strong>SEDE DA PREFEITURA.<\/strong><br \/>\nAV. da Uva e do Vinho n\u00ba 40 \u2013 1 andar<br \/>\nCentro \u2013 Lagoa Grande\/PE.<\/p>\n<p><strong>Telefone:<\/strong>\u00a0(87) 3869-9447<br \/>\n<strong>Email<\/strong>: pmlg@lagoagrande.pe.gov.br<br \/>\n<strong>Expediente<\/strong>: Segunda a Sexta das 8h \u00e0s 16h<\/p>\n<\/div>\n<\/div>\n<\/div>\n<\/div>\n<\/div>\n<\/section>\n<section class=\"elementor-section elementor-top-section elementor-element elementor-element-e6faa93 elementor-section-boxed elementor-section-height-default elementor-section-height-default\" data-id=\"e6faa93\" data-element_type=\"section\" data-settings=\"{&quot;jet_parallax_layout_list&quot;:[{&quot;jet_parallax_layout_image&quot;:{&quot;url&quot;:&quot;&quot;,&quot;id&quot;:&quot;&quot;,&quot;size&quot;:&quot;&quot;},&quot;_id&quot;:&quot;4cb6307&quot;,&quot;jet_parallax_layout_image_tablet&quot;:{&quot;url&quot;:&quot;&quot;,&quot;id&quot;:&quot;&quot;,&quot;size&quot;:&quot;&quot;},&quot;jet_parallax_layout_image_mobile&quot;:{&quot;url&quot;:&quot;&quot;,&quot;id&quot;:&quot;&quot;,&quot;size&quot;:&quot;&quot;},&quot;jet_parallax_layout_speed&quot;:{&quot;unit&quot;:&quot;%&quot;,&quot;size&quot;:50,&quot;sizes&quot;:[]},&quot;jet_parallax_layout_type&quot;:&quot;scroll&quot;,&quot;jet_parallax_layout_direction&quot;:null,&quot;jet_parallax_layout_fx_direction&quot;:null,&quot;jet_parallax_layout_z_index&quot;:&quot;&quot;,&quot;jet_parallax_layout_bg_x&quot;:50,&quot;jet_parallax_layout_bg_x_tablet&quot;:&quot;&quot;,&quot;jet_parallax_layout_bg_x_mobile&quot;:&quot;&quot;,&quot;jet_parallax_layout_bg_y&quot;:50,&quot;jet_parallax_layout_bg_y_tablet&quot;:&quot;&quot;,&quot;jet_parallax_layout_bg_y_mobile&quot;:&quot;&quot;,&quot;jet_parallax_layout_bg_size&quot;:&quot;auto&quot;,&quot;jet_parallax_layout_bg_size_tablet&quot;:&quot;&quot;,&quot;jet_parallax_layout_bg_size_mobile&quot;:&quot;&quot;,&quot;jet_parallax_layout_animation_prop&quot;:&quot;transform&quot;,&quot;jet_parallax_layout_on&quot;:[&quot;desktop&quot;,&quot;tablet&quot;]}],&quot;background_background&quot;:&quot;classic&quot;}\">\n<div class=\"elementor-container elementor-column-gap-default\">\n<div class=\"elementor-column elementor-col-50 elementor-top-column elementor-element elementor-element-b2472a3\" data-id=\"b2472a3\" data-element_type=\"column\">\n<div class=\"elementor-widget-wrap elementor-element-populated\">\n<div class=\"elementor-element elementor-element-28be8c1 elementor-widget elementor-widget-heading\" data-id=\"28be8c1\" data-element_type=\"widget\" data-widget_type=\"heading.default\">\n<div class=\"elementor-widget-container\">\n<h2 class=\"elementor-heading-title elementor-size-default\">\u00a9 2025 Prefeitura Municipal de Lagoa Grande \u2013 PE<\/h2>\n<\/div>\n<\/div>\n<\/div>\n<\/div>\n<div class=\"elementor-column elementor-col-50 elementor-top-column elementor-element elementor-element-9cfbf2d\" data-id=\"9cfbf2d\" data-element_type=\"column\">\n<div class=\"elementor-widget-wrap elementor-element-populated\">\n<div class=\"elementor-element elementor-element-c416d0d elementor-widget elementor-widget-image\" data-id=\"c416d0d\" data-element_type=\"widget\" data-widget_type=\"image.default\">\n<div class=\"elementor-widget-container\"><a href=\"https:\/\/csinformatica.org\/\" target=\"_blank\" rel=\"noopener\"><img loading=\"lazy\" decoding=\"async\" class=\"attachment-large size-large wp-image-87\" src=\"https:\/\/lagoagrande.pe.gov.br\/wp-content\/uploads\/2022\/01\/cs-1.png\" alt=\"\" width=\"50\" height=\"26\" \/><\/a><\/div>\n<\/div>\n<\/div>\n<\/div>\n<\/div>\n<\/section>\n<\/div>\n<\/div>\n<div id=\"cookie-law-info-bar\" data-nosnippet=\"true\" data-cli-style=\"cli-style-v2\">\n<div class=\"cli-bar-container cli-style-v2\">\n<div class=\"cli-bar-message\">N\u00f3s utilizamos Cookies para melhorar sua experi\u00eancia em nosso site. Ao continuar no site, consideramos que voc\u00ea est\u00e1 de acordo com nossa Pol\u00edtica de Privacidade e Cookies.\u00a0<a id=\"CONSTANT_OPEN_URL\" class=\"cli-plugin-main-link\" href=\"https:\/\/lagoagrande.pe.gov.br\/politica-de-privacidade\/\" target=\"_blank\" rel=\"noopener\">Pol\u00edtica de privacidade<\/a><\/div>\n<p><a id=\"wt-cli-accept-all-btn\" class=\"wt-cli-element medium cli-plugin-button wt-cli-accept-all-btn cookie_action_close_header cli_action_button\" role=\"button\" data-cli_action=\"accept_all\"><\/a>Aceitar<\/p>\n<div class=\"cli-bar-btn_container\"><\/div>\n<\/div>\n<\/div>\n<p><a class=\"scrolltop\" rel=\"nofollow\" data-scrolltop-value=\"400\"><span class=\"screen-reader-text\">Rolar para o topo<\/span><i class=\"wpbff wpbff-arrow-up\"><\/i><\/a><\/p>\n","protected":false},"excerpt":{"rendered":"<p>Com a necessidade de implanta\u00e7\u00e3o de um novo sistema de gest\u00e3o de pessoal e atualiza\u00e7\u00e3o dos dados cadastrais dos servidores de cargos efetivos ou est\u00e1veis ativos, a Prefeitura de Lagoa Grande convoca todos os servidores, em car\u00e1ter obrigat\u00f3rio, para o recadastramento funcional. A convoca\u00e7\u00e3o dos servidores est\u00e1 de acordo com o Decreto 005\/2025 e o per\u00edodo ser\u00e1 de 13 a 31 de janeiro, na sede da Secretaria de Educa\u00e7\u00e3o e Cultura \u2013 SEDUC, localizada na rua Dom Id\u00edlio, n\u00ba 1085, Centro, com o seguinte cronograma: 13 e 14\/01\u00a0 Secretarias de Governo, Assist\u00eancia Social e Or\u00e7amento, Planejamento e Gest\u00e3o, Gabinete, CEAVE, ADMA, Procuradoria-geral e Controle Interno; 15 e 16\/01 \u2013 Secretarias de Agricultura e Desenvolvimento do Interior e Infraestrutura e Meio&hellip; <\/p>\n","protected":false},"author":2,"featured_media":385146,"comment_status":"open","ping_status":"open","sticky":false,"template":"","format":"standard","meta":{"_acf_changed":false,"footnotes":""},"categories":[27,19],"tags":[],"class_list":["post-385063","post","type-post","status-publish","format-standard","has-post-thumbnail","hentry","category-cidades","category-servidores"],"acf":[],"yoast_head":"<!-- This site is optimized with the Yoast SEO plugin v27.4 - https:\/\/yoast.com\/product\/yoast-seo-wordpress\/ -->\n<title>Prefeitura de Lagoa Grande convoca servidores municipais para recadastramento. Anote calend\u00e1rio - Blog do Farn\u00e9sio<\/title>\n<meta name=\"robots\" content=\"index, follow, max-snippet:-1, max-image-preview:large, max-video-preview:-1\" \/>\n<link rel=\"canonical\" href=\"https:\/\/blogdofarnesio.com.br\/?p=385063\" \/>\n<meta property=\"og:locale\" content=\"pt_BR\" \/>\n<meta property=\"og:type\" content=\"article\" \/>\n<meta property=\"og:title\" content=\"Prefeitura de Lagoa Grande convoca servidores municipais para recadastramento. Anote calend\u00e1rio - Blog do Farn\u00e9sio\" \/>\n<meta property=\"og:description\" content=\"Com a necessidade de implanta\u00e7\u00e3o de um novo sistema de gest\u00e3o de pessoal e atualiza\u00e7\u00e3o dos dados cadastrais dos servidores de cargos efetivos ou est\u00e1veis ativos, a Prefeitura de Lagoa Grande convoca todos os servidores, em car\u00e1ter obrigat\u00f3rio, para o recadastramento funcional. A convoca\u00e7\u00e3o dos servidores est\u00e1 de acordo com o Decreto 005\/2025 e o per\u00edodo ser\u00e1 de 13 a 31 de janeiro, na sede da Secretaria de Educa\u00e7\u00e3o e Cultura \u2013 SEDUC, localizada na rua Dom Id\u00edlio, n\u00ba 1085, Centro, com o seguinte cronograma: 13 e 14\/01\u00a0 Secretarias de Governo, Assist\u00eancia Social e Or\u00e7amento, Planejamento e Gest\u00e3o, Gabinete, CEAVE, ADMA, Procuradoria-geral e Controle Interno; 15 e 16\/01 \u2013 Secretarias de Agricultura e Desenvolvimento do Interior e Infraestrutura e Meio&hellip;\" \/>\n<meta property=\"og:url\" content=\"https:\/\/blogdofarnesio.com.br\/?p=385063\" \/>\n<meta property=\"og:site_name\" content=\"Blog do Farn\u00e9sio\" \/>\n<meta property=\"article:publisher\" content=\"https:\/\/www.facebook.com\/BlogQuerSaberPolitica\/\" \/>\n<meta property=\"article:author\" content=\"https:\/\/www.facebook.com\/?ref=tn_tnmn\" \/>\n<meta property=\"article:published_time\" content=\"2025-01-13T19:04:06+00:00\" \/>\n<meta property=\"og:image\" content=\"https:\/\/blogdofarnesio.com.br\/wp-content\/uploads\/2025\/01\/blogqsprecadastramento-lgrande.jpg\" \/>\n\t<meta property=\"og:image:width\" content=\"700\" \/>\n\t<meta property=\"og:image:height\" content=\"400\" \/>\n\t<meta property=\"og:image:type\" content=\"image\/jpeg\" \/>\n<meta name=\"author\" content=\"Farn\u00e9sio\" \/>\n<meta name=\"twitter:card\" content=\"summary_large_image\" \/>\n<meta name=\"twitter:label1\" content=\"Escrito por\" \/>\n\t<meta name=\"twitter:data1\" content=\"Farn\u00e9sio\" \/>\n\t<meta name=\"twitter:label2\" content=\"Est. tempo de leitura\" \/>\n\t<meta name=\"twitter:data2\" content=\"3 minutos\" \/>\n<script type=\"application\/ld+json\" class=\"yoast-schema-graph\">{\"@context\":\"https:\\\/\\\/schema.org\",\"@graph\":[{\"@type\":\"Article\",\"@id\":\"https:\\\/\\\/blogdofarnesio.com.br\\\/?p=385063#article\",\"isPartOf\":{\"@id\":\"https:\\\/\\\/blogdofarnesio.com.br\\\/?p=385063\"},\"author\":{\"name\":\"Farn\u00e9sio\",\"@id\":\"https:\\\/\\\/blogdofarnesio.com.br\\\/#\\\/schema\\\/person\\\/bb9b23ae3ad0609ce8df7b6c9e76824d\"},\"headline\":\"Prefeitura de Lagoa Grande convoca servidores municipais para recadastramento. Anote calend\u00e1rio\",\"datePublished\":\"2025-01-13T19:04:06+00:00\",\"mainEntityOfPage\":{\"@id\":\"https:\\\/\\\/blogdofarnesio.com.br\\\/?p=385063\"},\"wordCount\":346,\"commentCount\":0,\"publisher\":{\"@id\":\"https:\\\/\\\/blogdofarnesio.com.br\\\/#organization\"},\"image\":{\"@id\":\"https:\\\/\\\/blogdofarnesio.com.br\\\/?p=385063#primaryimage\"},\"thumbnailUrl\":\"https:\\\/\\\/blogdofarnesio.com.br\\\/wp-content\\\/uploads\\\/2025\\\/01\\\/blogqsprecadastramento-lgrande.jpg\",\"articleSection\":[\"Cidades\",\"Servidores\"],\"inLanguage\":\"pt-BR\",\"potentialAction\":[{\"@type\":\"CommentAction\",\"name\":\"Comment\",\"target\":[\"https:\\\/\\\/blogdofarnesio.com.br\\\/?p=385063#respond\"]}]},{\"@type\":\"WebPage\",\"@id\":\"https:\\\/\\\/blogdofarnesio.com.br\\\/?p=385063\",\"url\":\"https:\\\/\\\/blogdofarnesio.com.br\\\/?p=385063\",\"name\":\"Prefeitura de Lagoa Grande convoca servidores municipais para recadastramento. Anote calend\u00e1rio - Blog do Farn\u00e9sio\",\"isPartOf\":{\"@id\":\"https:\\\/\\\/blogdofarnesio.com.br\\\/#website\"},\"primaryImageOfPage\":{\"@id\":\"https:\\\/\\\/blogdofarnesio.com.br\\\/?p=385063#primaryimage\"},\"image\":{\"@id\":\"https:\\\/\\\/blogdofarnesio.com.br\\\/?p=385063#primaryimage\"},\"thumbnailUrl\":\"https:\\\/\\\/blogdofarnesio.com.br\\\/wp-content\\\/uploads\\\/2025\\\/01\\\/blogqsprecadastramento-lgrande.jpg\",\"datePublished\":\"2025-01-13T19:04:06+00:00\",\"breadcrumb\":{\"@id\":\"https:\\\/\\\/blogdofarnesio.com.br\\\/?p=385063#breadcrumb\"},\"inLanguage\":\"pt-BR\",\"potentialAction\":[{\"@type\":\"ReadAction\",\"target\":[\"https:\\\/\\\/blogdofarnesio.com.br\\\/?p=385063\"]}]},{\"@type\":\"ImageObject\",\"inLanguage\":\"pt-BR\",\"@id\":\"https:\\\/\\\/blogdofarnesio.com.br\\\/?p=385063#primaryimage\",\"url\":\"https:\\\/\\\/blogdofarnesio.com.br\\\/wp-content\\\/uploads\\\/2025\\\/01\\\/blogqsprecadastramento-lgrande.jpg\",\"contentUrl\":\"https:\\\/\\\/blogdofarnesio.com.br\\\/wp-content\\\/uploads\\\/2025\\\/01\\\/blogqsprecadastramento-lgrande.jpg\",\"width\":700,\"height\":400},{\"@type\":\"BreadcrumbList\",\"@id\":\"https:\\\/\\\/blogdofarnesio.com.br\\\/?p=385063#breadcrumb\",\"itemListElement\":[{\"@type\":\"ListItem\",\"position\":1,\"name\":\"In\u00edcio\",\"item\":\"https:\\\/\\\/blogdofarnesio.com.br\\\/\"},{\"@type\":\"ListItem\",\"position\":2,\"name\":\"Prefeitura de Lagoa Grande convoca servidores municipais para recadastramento. Anote calend\u00e1rio\"}]},{\"@type\":\"WebSite\",\"@id\":\"https:\\\/\\\/blogdofarnesio.com.br\\\/#website\",\"url\":\"https:\\\/\\\/blogdofarnesio.com.br\\\/\",\"name\":\"Blog do Farn\u00e9sio\",\"description\":\"Quer Saber Pol\u00edtica?\",\"publisher\":{\"@id\":\"https:\\\/\\\/blogdofarnesio.com.br\\\/#organization\"},\"potentialAction\":[{\"@type\":\"SearchAction\",\"target\":{\"@type\":\"EntryPoint\",\"urlTemplate\":\"https:\\\/\\\/blogdofarnesio.com.br\\\/?s={search_term_string}\"},\"query-input\":{\"@type\":\"PropertyValueSpecification\",\"valueRequired\":true,\"valueName\":\"search_term_string\"}}],\"inLanguage\":\"pt-BR\"},{\"@type\":\"Organization\",\"@id\":\"https:\\\/\\\/blogdofarnesio.com.br\\\/#organization\",\"name\":\"Blog do Farn\u00e9sio\",\"url\":\"https:\\\/\\\/blogdofarnesio.com.br\\\/\",\"logo\":{\"@type\":\"ImageObject\",\"inLanguage\":\"pt-BR\",\"@id\":\"https:\\\/\\\/blogdofarnesio.com.br\\\/#\\\/schema\\\/logo\\\/image\\\/\",\"url\":\"https:\\\/\\\/blogdofarnesio.com.br\\\/wp-content\\\/uploads\\\/2026\\\/03\\\/cropped-logo_new-1.png\",\"contentUrl\":\"https:\\\/\\\/blogdofarnesio.com.br\\\/wp-content\\\/uploads\\\/2026\\\/03\\\/cropped-logo_new-1.png\",\"width\":881,\"height\":685,\"caption\":\"Blog do Farn\u00e9sio\"},\"image\":{\"@id\":\"https:\\\/\\\/blogdofarnesio.com.br\\\/#\\\/schema\\\/logo\\\/image\\\/\"},\"sameAs\":[\"https:\\\/\\\/www.facebook.com\\\/BlogQuerSaberPolitica\\\/\"]},{\"@type\":\"Person\",\"@id\":\"https:\\\/\\\/blogdofarnesio.com.br\\\/#\\\/schema\\\/person\\\/bb9b23ae3ad0609ce8df7b6c9e76824d\",\"name\":\"Farn\u00e9sio\",\"image\":{\"@type\":\"ImageObject\",\"inLanguage\":\"pt-BR\",\"@id\":\"https:\\\/\\\/secure.gravatar.com\\\/avatar\\\/986aa4c61ccdb66f8555bf88fc2a65609d00bcabd4d2d94377a727547345cbca?s=96&d=mm&r=g\",\"url\":\"https:\\\/\\\/secure.gravatar.com\\\/avatar\\\/986aa4c61ccdb66f8555bf88fc2a65609d00bcabd4d2d94377a727547345cbca?s=96&d=mm&r=g\",\"contentUrl\":\"https:\\\/\\\/secure.gravatar.com\\\/avatar\\\/986aa4c61ccdb66f8555bf88fc2a65609d00bcabd4d2d94377a727547345cbca?s=96&d=mm&r=g\",\"caption\":\"Farn\u00e9sio\"},\"description\":\"Radialista blogueiro, chegou a Petrolina\\\/Juazeiro em setembro de 1980, Farn\u00e9sio Silva \u00e9 de Arapiraca-Alagoas.\",\"sameAs\":[\"http:\\\/\\\/blogdofarnesio.com.br\",\"https:\\\/\\\/www.facebook.com\\\/?ref=tn_tnmn\",\"https:\\\/\\\/www.instagram.com\\\/?utm_source=pwa_homescreen\",\"https:\\\/\\\/youtube.com.br\\\/\"],\"url\":\"https:\\\/\\\/blogdofarnesio.com.br\\\/?author=2\"}]}<\/script>\n<!-- \/ Yoast SEO plugin. -->","yoast_head_json":{"title":"Prefeitura de Lagoa Grande convoca servidores municipais para recadastramento. Anote calend\u00e1rio - Blog do Farn\u00e9sio","robots":{"index":"index","follow":"follow","max-snippet":"max-snippet:-1","max-image-preview":"max-image-preview:large","max-video-preview":"max-video-preview:-1"},"canonical":"https:\/\/blogdofarnesio.com.br\/?p=385063","og_locale":"pt_BR","og_type":"article","og_title":"Prefeitura de Lagoa Grande convoca servidores municipais para recadastramento. Anote calend\u00e1rio - Blog do Farn\u00e9sio","og_description":"Com a necessidade de implanta\u00e7\u00e3o de um novo sistema de gest\u00e3o de pessoal e atualiza\u00e7\u00e3o dos dados cadastrais dos servidores de cargos efetivos ou est\u00e1veis ativos, a Prefeitura de Lagoa Grande convoca todos os servidores, em car\u00e1ter obrigat\u00f3rio, para o recadastramento funcional. A convoca\u00e7\u00e3o dos servidores est\u00e1 de acordo com o Decreto 005\/2025 e o per\u00edodo ser\u00e1 de 13 a 31 de janeiro, na sede da Secretaria de Educa\u00e7\u00e3o e Cultura \u2013 SEDUC, localizada na rua Dom Id\u00edlio, n\u00ba 1085, Centro, com o seguinte cronograma: 13 e 14\/01\u00a0 Secretarias de Governo, Assist\u00eancia Social e Or\u00e7amento, Planejamento e Gest\u00e3o, Gabinete, CEAVE, ADMA, Procuradoria-geral e Controle Interno; 15 e 16\/01 \u2013 Secretarias de Agricultura e Desenvolvimento do Interior e Infraestrutura e Meio&hellip;","og_url":"https:\/\/blogdofarnesio.com.br\/?p=385063","og_site_name":"Blog do Farn\u00e9sio","article_publisher":"https:\/\/www.facebook.com\/BlogQuerSaberPolitica\/","article_author":"https:\/\/www.facebook.com\/?ref=tn_tnmn","article_published_time":"2025-01-13T19:04:06+00:00","og_image":[{"width":700,"height":400,"url":"https:\/\/blogdofarnesio.com.br\/wp-content\/uploads\/2025\/01\/blogqsprecadastramento-lgrande.jpg","type":"image\/jpeg"}],"author":"Farn\u00e9sio","twitter_card":"summary_large_image","twitter_misc":{"Escrito por":"Farn\u00e9sio","Est. tempo de leitura":"3 minutos"},"schema":{"@context":"https:\/\/schema.org","@graph":[{"@type":"Article","@id":"https:\/\/blogdofarnesio.com.br\/?p=385063#article","isPartOf":{"@id":"https:\/\/blogdofarnesio.com.br\/?p=385063"},"author":{"name":"Farn\u00e9sio","@id":"https:\/\/blogdofarnesio.com.br\/#\/schema\/person\/bb9b23ae3ad0609ce8df7b6c9e76824d"},"headline":"Prefeitura de Lagoa Grande convoca servidores municipais para recadastramento. Anote calend\u00e1rio","datePublished":"2025-01-13T19:04:06+00:00","mainEntityOfPage":{"@id":"https:\/\/blogdofarnesio.com.br\/?p=385063"},"wordCount":346,"commentCount":0,"publisher":{"@id":"https:\/\/blogdofarnesio.com.br\/#organization"},"image":{"@id":"https:\/\/blogdofarnesio.com.br\/?p=385063#primaryimage"},"thumbnailUrl":"https:\/\/blogdofarnesio.com.br\/wp-content\/uploads\/2025\/01\/blogqsprecadastramento-lgrande.jpg","articleSection":["Cidades","Servidores"],"inLanguage":"pt-BR","potentialAction":[{"@type":"CommentAction","name":"Comment","target":["https:\/\/blogdofarnesio.com.br\/?p=385063#respond"]}]},{"@type":"WebPage","@id":"https:\/\/blogdofarnesio.com.br\/?p=385063","url":"https:\/\/blogdofarnesio.com.br\/?p=385063","name":"Prefeitura de Lagoa Grande convoca servidores municipais para recadastramento. Anote calend\u00e1rio - Blog do Farn\u00e9sio","isPartOf":{"@id":"https:\/\/blogdofarnesio.com.br\/#website"},"primaryImageOfPage":{"@id":"https:\/\/blogdofarnesio.com.br\/?p=385063#primaryimage"},"image":{"@id":"https:\/\/blogdofarnesio.com.br\/?p=385063#primaryimage"},"thumbnailUrl":"https:\/\/blogdofarnesio.com.br\/wp-content\/uploads\/2025\/01\/blogqsprecadastramento-lgrande.jpg","datePublished":"2025-01-13T19:04:06+00:00","breadcrumb":{"@id":"https:\/\/blogdofarnesio.com.br\/?p=385063#breadcrumb"},"inLanguage":"pt-BR","potentialAction":[{"@type":"ReadAction","target":["https:\/\/blogdofarnesio.com.br\/?p=385063"]}]},{"@type":"ImageObject","inLanguage":"pt-BR","@id":"https:\/\/blogdofarnesio.com.br\/?p=385063#primaryimage","url":"https:\/\/blogdofarnesio.com.br\/wp-content\/uploads\/2025\/01\/blogqsprecadastramento-lgrande.jpg","contentUrl":"https:\/\/blogdofarnesio.com.br\/wp-content\/uploads\/2025\/01\/blogqsprecadastramento-lgrande.jpg","width":700,"height":400},{"@type":"BreadcrumbList","@id":"https:\/\/blogdofarnesio.com.br\/?p=385063#breadcrumb","itemListElement":[{"@type":"ListItem","position":1,"name":"In\u00edcio","item":"https:\/\/blogdofarnesio.com.br\/"},{"@type":"ListItem","position":2,"name":"Prefeitura de Lagoa Grande convoca servidores municipais para recadastramento. Anote calend\u00e1rio"}]},{"@type":"WebSite","@id":"https:\/\/blogdofarnesio.com.br\/#website","url":"https:\/\/blogdofarnesio.com.br\/","name":"Blog do Farn\u00e9sio","description":"Quer Saber Pol\u00edtica?","publisher":{"@id":"https:\/\/blogdofarnesio.com.br\/#organization"},"potentialAction":[{"@type":"SearchAction","target":{"@type":"EntryPoint","urlTemplate":"https:\/\/blogdofarnesio.com.br\/?s={search_term_string}"},"query-input":{"@type":"PropertyValueSpecification","valueRequired":true,"valueName":"search_term_string"}}],"inLanguage":"pt-BR"},{"@type":"Organization","@id":"https:\/\/blogdofarnesio.com.br\/#organization","name":"Blog do Farn\u00e9sio","url":"https:\/\/blogdofarnesio.com.br\/","logo":{"@type":"ImageObject","inLanguage":"pt-BR","@id":"https:\/\/blogdofarnesio.com.br\/#\/schema\/logo\/image\/","url":"https:\/\/blogdofarnesio.com.br\/wp-content\/uploads\/2026\/03\/cropped-logo_new-1.png","contentUrl":"https:\/\/blogdofarnesio.com.br\/wp-content\/uploads\/2026\/03\/cropped-logo_new-1.png","width":881,"height":685,"caption":"Blog do Farn\u00e9sio"},"image":{"@id":"https:\/\/blogdofarnesio.com.br\/#\/schema\/logo\/image\/"},"sameAs":["https:\/\/www.facebook.com\/BlogQuerSaberPolitica\/"]},{"@type":"Person","@id":"https:\/\/blogdofarnesio.com.br\/#\/schema\/person\/bb9b23ae3ad0609ce8df7b6c9e76824d","name":"Farn\u00e9sio","image":{"@type":"ImageObject","inLanguage":"pt-BR","@id":"https:\/\/secure.gravatar.com\/avatar\/986aa4c61ccdb66f8555bf88fc2a65609d00bcabd4d2d94377a727547345cbca?s=96&d=mm&r=g","url":"https:\/\/secure.gravatar.com\/avatar\/986aa4c61ccdb66f8555bf88fc2a65609d00bcabd4d2d94377a727547345cbca?s=96&d=mm&r=g","contentUrl":"https:\/\/secure.gravatar.com\/avatar\/986aa4c61ccdb66f8555bf88fc2a65609d00bcabd4d2d94377a727547345cbca?s=96&d=mm&r=g","caption":"Farn\u00e9sio"},"description":"Radialista blogueiro, chegou a Petrolina\/Juazeiro em setembro de 1980, Farn\u00e9sio Silva \u00e9 de Arapiraca-Alagoas.","sameAs":["http:\/\/blogdofarnesio.com.br","https:\/\/www.facebook.com\/?ref=tn_tnmn","https:\/\/www.instagram.com\/?utm_source=pwa_homescreen","https:\/\/youtube.com.br\/"],"url":"https:\/\/blogdofarnesio.com.br\/?author=2"}]}},"_links":{"self":[{"href":"https:\/\/blogdofarnesio.com.br\/index.php?rest_route=\/wp\/v2\/posts\/385063","targetHints":{"allow":["GET"]}}],"collection":[{"href":"https:\/\/blogdofarnesio.com.br\/index.php?rest_route=\/wp\/v2\/posts"}],"about":[{"href":"https:\/\/blogdofarnesio.com.br\/index.php?rest_route=\/wp\/v2\/types\/post"}],"author":[{"embeddable":true,"href":"https:\/\/blogdofarnesio.com.br\/index.php?rest_route=\/wp\/v2\/users\/2"}],"replies":[{"embeddable":true,"href":"https:\/\/blogdofarnesio.com.br\/index.php?rest_route=%2Fwp%2Fv2%2Fcomments&post=385063"}],"version-history":[{"count":0,"href":"https:\/\/blogdofarnesio.com.br\/index.php?rest_route=\/wp\/v2\/posts\/385063\/revisions"}],"wp:featuredmedia":[{"embeddable":true,"href":"https:\/\/blogdofarnesio.com.br\/index.php?rest_route=\/wp\/v2\/media\/385146"}],"wp:attachment":[{"href":"https:\/\/blogdofarnesio.com.br\/index.php?rest_route=%2Fwp%2Fv2%2Fmedia&parent=385063"}],"wp:term":[{"taxonomy":"category","embeddable":true,"href":"https:\/\/blogdofarnesio.com.br\/index.php?rest_route=%2Fwp%2Fv2%2Fcategories&post=385063"},{"taxonomy":"post_tag","embeddable":true,"href":"https:\/\/blogdofarnesio.com.br\/index.php?rest_route=%2Fwp%2Fv2%2Ftags&post=385063"}],"curies":[{"name":"wp","href":"https:\/\/api.w.org\/{rel}","templated":true}]}}