{"id":385034,"date":"2025-01-11T10:00:11","date_gmt":"2025-01-11T13:00:11","guid":{"rendered":"https:\/\/blogdofarnesio.com.br\/?p=385034"},"modified":"2025-01-11T08:26:59","modified_gmt":"2025-01-11T11:26:59","slug":"aplb-sindicato-se-reune-com-nova-secretaria-de-educacao-para-tratar-de-assunto-relevantes-aos-trabalhadores-em-educacao-de-juazeiro","status":"publish","type":"post","link":"https:\/\/blogdofarnesio.com.br\/?p=385034","title":{"rendered":"APLB Sindicato se re\u00fane com nova secret\u00e1ria de educa\u00e7\u00e3o para tratar de assunto relevantes aos trabalhadores em educa\u00e7\u00e3o de Juazeiro"},"content":{"rendered":"<p>A APLB Sindicato participou da primeira reuni\u00e3o com a nova secret\u00e1ria de educa\u00e7\u00e3o Maeve Melo que falou sobre como recebeu a secretaria da antiga gest\u00e3o e tamb\u00e9m tratou de assuntos de interesse dos trabalhadores em educa\u00e7\u00e3o.<\/p>\n<p>A reuni\u00e3o teve como pauta principal assuntos pendentes a exemplo do pagamento do abono f\u00e9rias e o reajuste de 6,27% para a categoria.<\/p>\n<p>De acordo com o diretor da APLB Sindicato, Gilmar Nery, infelizmente o abono f\u00e9rias n\u00e3o ter\u00e1 como ser pago hoje, 10 de janeiro, devido \u00e0 aus\u00eancia de recursos, al\u00e9m de problemas t\u00e9cnicos relacionados \u00e0 assinaturas com as ag\u00eancias banc\u00e1rias.<\/p>\n<p>\u201cVamos acompanhar e, assim que o recurso chegar, que pode ser na pr\u00f3xima semana, avisaremos a todos. Lembramos que a folha do abono gira em torno de R$ 6 milh\u00f5es e hoje s\u00f3 tem em caixa R $2 milh\u00f5es\u201d, explica Gilmar.<\/p>\n<p>Ele ressalta ainda que outro ponto de pauta importante discutido foi o reajuste de 6,27 %, que teve proposta levada pela dire\u00e7\u00e3o da APLB Sindicato de que seja, na verdade, de 10%, para an\u00e1lise do governo municipal.<\/p>\n<p>\u201cNossa inten\u00e7\u00e3o \u00e9 que essa proposta sirva para corrigir perdas do governo passado, quando a categoria tinha 33,24%, mas s\u00f3 recebeu 26%, ocasionando perdas.<\/p>\n<p>Al\u00e9m disso, houve o que foi reivindicado no final do ano passado, por isso sugerimos que, para recompor, o reajuste pode ser de 10%. A secret\u00e1ria recebeu a proposta, mas n\u00e3o houve uma resposta oficial, pois ainda depende de estudo acerca dos recursos\u201d, esclarece o diretor da APLB.<\/p>\n<p>Gilmar afirmou que a reuni\u00e3o foi muito produtiva e muitos outros pontos que j\u00e1 haviam sido expostos, foram levados \u00e0 discuss\u00e3o. \u201cNa ocasi\u00e3o aproveitamos para desejar \u00e0 secret\u00e1ria um trabalho proveitoso nesse in\u00edcio de governo.<\/p>\n<p>Pedimos aos nossos colegas, companheiros da educa\u00e7\u00e3o, que confiem no trabalho desenvolvido pela APLB Sindicato, que est\u00e1 tratando de todas as quest\u00f5es relevantes, vamos acompanhar dia a dia os andamentos e informar a todos sobre a data correta do pagamento do abono f\u00e9rias que, infelizmente, n\u00e3o foi cumprido pelo governo passado.<\/p>\n<p>Temos a confian\u00e7a de que a nova gest\u00e3o est\u00e1 trabalhando para que os repasse sejam feitos, a qualquer momento\u201d, finaliza Gilmar Nery.<\/p>\n","protected":false},"excerpt":{"rendered":"<p>A APLB Sindicato participou da primeira reuni\u00e3o com a nova secret\u00e1ria de educa\u00e7\u00e3o Maeve Melo que falou sobre como recebeu a secretaria da antiga gest\u00e3o e tamb\u00e9m tratou de assuntos de interesse dos trabalhadores em educa\u00e7\u00e3o. A reuni\u00e3o teve como pauta principal assuntos pendentes a exemplo do pagamento do abono f\u00e9rias e o reajuste de 6,27% para a categoria. De acordo com o diretor da APLB Sindicato, Gilmar Nery, infelizmente o abono f\u00e9rias n\u00e3o ter\u00e1 como ser pago hoje, 10 de janeiro, devido \u00e0 aus\u00eancia de recursos, al\u00e9m de problemas t\u00e9cnicos relacionados \u00e0 assinaturas com as ag\u00eancias banc\u00e1rias. \u201cVamos acompanhar e, assim que o recurso chegar, que pode ser na pr\u00f3xima semana, avisaremos a todos. Lembramos que a folha do&hellip; <\/p>\n","protected":false},"author":2,"featured_media":300408,"comment_status":"open","ping_status":"open","sticky":false,"template":"","format":"standard","meta":{"_acf_changed":false,"footnotes":""},"categories":[43],"tags":[],"class_list":["post-385034","post","type-post","status-publish","format-standard","has-post-thumbnail","hentry","category-sem-categoria"],"acf":[],"yoast_head":"<!-- This site is optimized with the Yoast SEO plugin v27.4 - https:\/\/yoast.com\/product\/yoast-seo-wordpress\/ -->\n<title>APLB Sindicato se re\u00fane com nova secret\u00e1ria de educa\u00e7\u00e3o para tratar de assunto relevantes aos trabalhadores em educa\u00e7\u00e3o de Juazeiro - Blog do Farn\u00e9sio<\/title>\n<meta name=\"robots\" content=\"index, follow, max-snippet:-1, max-image-preview:large, max-video-preview:-1\" \/>\n<link rel=\"canonical\" href=\"https:\/\/blogdofarnesio.com.br\/?p=385034\" \/>\n<meta property=\"og:locale\" content=\"pt_BR\" \/>\n<meta property=\"og:type\" content=\"article\" \/>\n<meta property=\"og:title\" content=\"APLB Sindicato se re\u00fane com nova secret\u00e1ria de educa\u00e7\u00e3o para tratar de assunto relevantes aos trabalhadores em educa\u00e7\u00e3o de Juazeiro - Blog do Farn\u00e9sio\" \/>\n<meta property=\"og:description\" content=\"A APLB Sindicato participou da primeira reuni\u00e3o com a nova secret\u00e1ria de educa\u00e7\u00e3o Maeve Melo que falou sobre como recebeu a secretaria da antiga gest\u00e3o e tamb\u00e9m tratou de assuntos de interesse dos trabalhadores em educa\u00e7\u00e3o. A reuni\u00e3o teve como pauta principal assuntos pendentes a exemplo do pagamento do abono f\u00e9rias e o reajuste de 6,27% para a categoria. De acordo com o diretor da APLB Sindicato, Gilmar Nery, infelizmente o abono f\u00e9rias n\u00e3o ter\u00e1 como ser pago hoje, 10 de janeiro, devido \u00e0 aus\u00eancia de recursos, al\u00e9m de problemas t\u00e9cnicos relacionados \u00e0 assinaturas com as ag\u00eancias banc\u00e1rias. \u201cVamos acompanhar e, assim que o recurso chegar, que pode ser na pr\u00f3xima semana, avisaremos a todos. Lembramos que a folha do&hellip;\" \/>\n<meta property=\"og:url\" content=\"https:\/\/blogdofarnesio.com.br\/?p=385034\" \/>\n<meta property=\"og:site_name\" content=\"Blog do Farn\u00e9sio\" \/>\n<meta property=\"article:publisher\" content=\"https:\/\/www.facebook.com\/BlogQuerSaberPolitica\/\" \/>\n<meta property=\"article:author\" content=\"https:\/\/www.facebook.com\/?ref=tn_tnmn\" \/>\n<meta property=\"article:published_time\" content=\"2025-01-11T13:00:11+00:00\" \/>\n<meta property=\"og:image\" content=\"https:\/\/blogdofarnesio.com.br\/wp-content\/uploads\/2021\/11\/Logo-APLB-e1637319718775.jpeg\" \/>\n\t<meta property=\"og:image:width\" content=\"680\" \/>\n\t<meta property=\"og:image:height\" content=\"554\" \/>\n\t<meta property=\"og:image:type\" content=\"image\/jpeg\" \/>\n<meta name=\"author\" content=\"Farn\u00e9sio\" \/>\n<meta name=\"twitter:card\" content=\"summary_large_image\" \/>\n<meta name=\"twitter:label1\" content=\"Escrito por\" \/>\n\t<meta name=\"twitter:data1\" content=\"Farn\u00e9sio\" \/>\n\t<meta name=\"twitter:label2\" content=\"Est. tempo de leitura\" \/>\n\t<meta name=\"twitter:data2\" content=\"3 minutos\" \/>\n<script type=\"application\/ld+json\" class=\"yoast-schema-graph\">{\"@context\":\"https:\\\/\\\/schema.org\",\"@graph\":[{\"@type\":\"Article\",\"@id\":\"https:\\\/\\\/blogdofarnesio.com.br\\\/?p=385034#article\",\"isPartOf\":{\"@id\":\"https:\\\/\\\/blogdofarnesio.com.br\\\/?p=385034\"},\"author\":{\"name\":\"Farn\u00e9sio\",\"@id\":\"https:\\\/\\\/blogdofarnesio.com.br\\\/#\\\/schema\\\/person\\\/bb9b23ae3ad0609ce8df7b6c9e76824d\"},\"headline\":\"APLB Sindicato se re\u00fane com nova secret\u00e1ria de educa\u00e7\u00e3o para tratar de assunto relevantes aos trabalhadores em educa\u00e7\u00e3o de Juazeiro\",\"datePublished\":\"2025-01-11T13:00:11+00:00\",\"mainEntityOfPage\":{\"@id\":\"https:\\\/\\\/blogdofarnesio.com.br\\\/?p=385034\"},\"wordCount\":400,\"commentCount\":0,\"publisher\":{\"@id\":\"https:\\\/\\\/blogdofarnesio.com.br\\\/#organization\"},\"image\":{\"@id\":\"https:\\\/\\\/blogdofarnesio.com.br\\\/?p=385034#primaryimage\"},\"thumbnailUrl\":\"https:\\\/\\\/blogdofarnesio.com.br\\\/wp-content\\\/uploads\\\/2021\\\/11\\\/Logo-APLB-e1637319718775.jpeg\",\"inLanguage\":\"pt-BR\",\"potentialAction\":[{\"@type\":\"CommentAction\",\"name\":\"Comment\",\"target\":[\"https:\\\/\\\/blogdofarnesio.com.br\\\/?p=385034#respond\"]}]},{\"@type\":\"WebPage\",\"@id\":\"https:\\\/\\\/blogdofarnesio.com.br\\\/?p=385034\",\"url\":\"https:\\\/\\\/blogdofarnesio.com.br\\\/?p=385034\",\"name\":\"APLB Sindicato se re\u00fane com nova secret\u00e1ria de educa\u00e7\u00e3o para tratar de assunto relevantes aos trabalhadores em educa\u00e7\u00e3o de Juazeiro - Blog do Farn\u00e9sio\",\"isPartOf\":{\"@id\":\"https:\\\/\\\/blogdofarnesio.com.br\\\/#website\"},\"primaryImageOfPage\":{\"@id\":\"https:\\\/\\\/blogdofarnesio.com.br\\\/?p=385034#primaryimage\"},\"image\":{\"@id\":\"https:\\\/\\\/blogdofarnesio.com.br\\\/?p=385034#primaryimage\"},\"thumbnailUrl\":\"https:\\\/\\\/blogdofarnesio.com.br\\\/wp-content\\\/uploads\\\/2021\\\/11\\\/Logo-APLB-e1637319718775.jpeg\",\"datePublished\":\"2025-01-11T13:00:11+00:00\",\"breadcrumb\":{\"@id\":\"https:\\\/\\\/blogdofarnesio.com.br\\\/?p=385034#breadcrumb\"},\"inLanguage\":\"pt-BR\",\"potentialAction\":[{\"@type\":\"ReadAction\",\"target\":[\"https:\\\/\\\/blogdofarnesio.com.br\\\/?p=385034\"]}]},{\"@type\":\"ImageObject\",\"inLanguage\":\"pt-BR\",\"@id\":\"https:\\\/\\\/blogdofarnesio.com.br\\\/?p=385034#primaryimage\",\"url\":\"https:\\\/\\\/blogdofarnesio.com.br\\\/wp-content\\\/uploads\\\/2021\\\/11\\\/Logo-APLB-e1637319718775.jpeg\",\"contentUrl\":\"https:\\\/\\\/blogdofarnesio.com.br\\\/wp-content\\\/uploads\\\/2021\\\/11\\\/Logo-APLB-e1637319718775.jpeg\",\"width\":680,\"height\":554},{\"@type\":\"BreadcrumbList\",\"@id\":\"https:\\\/\\\/blogdofarnesio.com.br\\\/?p=385034#breadcrumb\",\"itemListElement\":[{\"@type\":\"ListItem\",\"position\":1,\"name\":\"In\u00edcio\",\"item\":\"https:\\\/\\\/blogdofarnesio.com.br\\\/\"},{\"@type\":\"ListItem\",\"position\":2,\"name\":\"APLB Sindicato se re\u00fane com nova secret\u00e1ria de educa\u00e7\u00e3o para tratar de assunto relevantes aos trabalhadores em educa\u00e7\u00e3o de Juazeiro\"}]},{\"@type\":\"WebSite\",\"@id\":\"https:\\\/\\\/blogdofarnesio.com.br\\\/#website\",\"url\":\"https:\\\/\\\/blogdofarnesio.com.br\\\/\",\"name\":\"Blog do Farn\u00e9sio\",\"description\":\"Quer Saber Pol\u00edtica?\",\"publisher\":{\"@id\":\"https:\\\/\\\/blogdofarnesio.com.br\\\/#organization\"},\"potentialAction\":[{\"@type\":\"SearchAction\",\"target\":{\"@type\":\"EntryPoint\",\"urlTemplate\":\"https:\\\/\\\/blogdofarnesio.com.br\\\/?s={search_term_string}\"},\"query-input\":{\"@type\":\"PropertyValueSpecification\",\"valueRequired\":true,\"valueName\":\"search_term_string\"}}],\"inLanguage\":\"pt-BR\"},{\"@type\":\"Organization\",\"@id\":\"https:\\\/\\\/blogdofarnesio.com.br\\\/#organization\",\"name\":\"Blog do Farn\u00e9sio\",\"url\":\"https:\\\/\\\/blogdofarnesio.com.br\\\/\",\"logo\":{\"@type\":\"ImageObject\",\"inLanguage\":\"pt-BR\",\"@id\":\"https:\\\/\\\/blogdofarnesio.com.br\\\/#\\\/schema\\\/logo\\\/image\\\/\",\"url\":\"https:\\\/\\\/blogdofarnesio.com.br\\\/wp-content\\\/uploads\\\/2026\\\/03\\\/cropped-logo_new-1.png\",\"contentUrl\":\"https:\\\/\\\/blogdofarnesio.com.br\\\/wp-content\\\/uploads\\\/2026\\\/03\\\/cropped-logo_new-1.png\",\"width\":881,\"height\":685,\"caption\":\"Blog do Farn\u00e9sio\"},\"image\":{\"@id\":\"https:\\\/\\\/blogdofarnesio.com.br\\\/#\\\/schema\\\/logo\\\/image\\\/\"},\"sameAs\":[\"https:\\\/\\\/www.facebook.com\\\/BlogQuerSaberPolitica\\\/\"]},{\"@type\":\"Person\",\"@id\":\"https:\\\/\\\/blogdofarnesio.com.br\\\/#\\\/schema\\\/person\\\/bb9b23ae3ad0609ce8df7b6c9e76824d\",\"name\":\"Farn\u00e9sio\",\"image\":{\"@type\":\"ImageObject\",\"inLanguage\":\"pt-BR\",\"@id\":\"https:\\\/\\\/secure.gravatar.com\\\/avatar\\\/986aa4c61ccdb66f8555bf88fc2a65609d00bcabd4d2d94377a727547345cbca?s=96&d=mm&r=g\",\"url\":\"https:\\\/\\\/secure.gravatar.com\\\/avatar\\\/986aa4c61ccdb66f8555bf88fc2a65609d00bcabd4d2d94377a727547345cbca?s=96&d=mm&r=g\",\"contentUrl\":\"https:\\\/\\\/secure.gravatar.com\\\/avatar\\\/986aa4c61ccdb66f8555bf88fc2a65609d00bcabd4d2d94377a727547345cbca?s=96&d=mm&r=g\",\"caption\":\"Farn\u00e9sio\"},\"description\":\"Radialista blogueiro, chegou a Petrolina\\\/Juazeiro em setembro de 1980, Farn\u00e9sio Silva \u00e9 de Arapiraca-Alagoas.\",\"sameAs\":[\"http:\\\/\\\/blogdofarnesio.com.br\",\"https:\\\/\\\/www.facebook.com\\\/?ref=tn_tnmn\",\"https:\\\/\\\/www.instagram.com\\\/?utm_source=pwa_homescreen\",\"https:\\\/\\\/youtube.com.br\\\/\"],\"url\":\"https:\\\/\\\/blogdofarnesio.com.br\\\/?author=2\"}]}<\/script>\n<!-- \/ Yoast SEO plugin. -->","yoast_head_json":{"title":"APLB Sindicato se re\u00fane com nova secret\u00e1ria de educa\u00e7\u00e3o para tratar de assunto relevantes aos trabalhadores em educa\u00e7\u00e3o de Juazeiro - Blog do Farn\u00e9sio","robots":{"index":"index","follow":"follow","max-snippet":"max-snippet:-1","max-image-preview":"max-image-preview:large","max-video-preview":"max-video-preview:-1"},"canonical":"https:\/\/blogdofarnesio.com.br\/?p=385034","og_locale":"pt_BR","og_type":"article","og_title":"APLB Sindicato se re\u00fane com nova secret\u00e1ria de educa\u00e7\u00e3o para tratar de assunto relevantes aos trabalhadores em educa\u00e7\u00e3o de Juazeiro - Blog do Farn\u00e9sio","og_description":"A APLB Sindicato participou da primeira reuni\u00e3o com a nova secret\u00e1ria de educa\u00e7\u00e3o Maeve Melo que falou sobre como recebeu a secretaria da antiga gest\u00e3o e tamb\u00e9m tratou de assuntos de interesse dos trabalhadores em educa\u00e7\u00e3o. A reuni\u00e3o teve como pauta principal assuntos pendentes a exemplo do pagamento do abono f\u00e9rias e o reajuste de 6,27% para a categoria. De acordo com o diretor da APLB Sindicato, Gilmar Nery, infelizmente o abono f\u00e9rias n\u00e3o ter\u00e1 como ser pago hoje, 10 de janeiro, devido \u00e0 aus\u00eancia de recursos, al\u00e9m de problemas t\u00e9cnicos relacionados \u00e0 assinaturas com as ag\u00eancias banc\u00e1rias. \u201cVamos acompanhar e, assim que o recurso chegar, que pode ser na pr\u00f3xima semana, avisaremos a todos. Lembramos que a folha do&hellip;","og_url":"https:\/\/blogdofarnesio.com.br\/?p=385034","og_site_name":"Blog do Farn\u00e9sio","article_publisher":"https:\/\/www.facebook.com\/BlogQuerSaberPolitica\/","article_author":"https:\/\/www.facebook.com\/?ref=tn_tnmn","article_published_time":"2025-01-11T13:00:11+00:00","og_image":[{"width":680,"height":554,"url":"https:\/\/blogdofarnesio.com.br\/wp-content\/uploads\/2021\/11\/Logo-APLB-e1637319718775.jpeg","type":"image\/jpeg"}],"author":"Farn\u00e9sio","twitter_card":"summary_large_image","twitter_misc":{"Escrito por":"Farn\u00e9sio","Est. tempo de leitura":"3 minutos"},"schema":{"@context":"https:\/\/schema.org","@graph":[{"@type":"Article","@id":"https:\/\/blogdofarnesio.com.br\/?p=385034#article","isPartOf":{"@id":"https:\/\/blogdofarnesio.com.br\/?p=385034"},"author":{"name":"Farn\u00e9sio","@id":"https:\/\/blogdofarnesio.com.br\/#\/schema\/person\/bb9b23ae3ad0609ce8df7b6c9e76824d"},"headline":"APLB Sindicato se re\u00fane com nova secret\u00e1ria de educa\u00e7\u00e3o para tratar de assunto relevantes aos trabalhadores em educa\u00e7\u00e3o de Juazeiro","datePublished":"2025-01-11T13:00:11+00:00","mainEntityOfPage":{"@id":"https:\/\/blogdofarnesio.com.br\/?p=385034"},"wordCount":400,"commentCount":0,"publisher":{"@id":"https:\/\/blogdofarnesio.com.br\/#organization"},"image":{"@id":"https:\/\/blogdofarnesio.com.br\/?p=385034#primaryimage"},"thumbnailUrl":"https:\/\/blogdofarnesio.com.br\/wp-content\/uploads\/2021\/11\/Logo-APLB-e1637319718775.jpeg","inLanguage":"pt-BR","potentialAction":[{"@type":"CommentAction","name":"Comment","target":["https:\/\/blogdofarnesio.com.br\/?p=385034#respond"]}]},{"@type":"WebPage","@id":"https:\/\/blogdofarnesio.com.br\/?p=385034","url":"https:\/\/blogdofarnesio.com.br\/?p=385034","name":"APLB Sindicato se re\u00fane com nova secret\u00e1ria de educa\u00e7\u00e3o para tratar de assunto relevantes aos trabalhadores em educa\u00e7\u00e3o de Juazeiro - Blog do Farn\u00e9sio","isPartOf":{"@id":"https:\/\/blogdofarnesio.com.br\/#website"},"primaryImageOfPage":{"@id":"https:\/\/blogdofarnesio.com.br\/?p=385034#primaryimage"},"image":{"@id":"https:\/\/blogdofarnesio.com.br\/?p=385034#primaryimage"},"thumbnailUrl":"https:\/\/blogdofarnesio.com.br\/wp-content\/uploads\/2021\/11\/Logo-APLB-e1637319718775.jpeg","datePublished":"2025-01-11T13:00:11+00:00","breadcrumb":{"@id":"https:\/\/blogdofarnesio.com.br\/?p=385034#breadcrumb"},"inLanguage":"pt-BR","potentialAction":[{"@type":"ReadAction","target":["https:\/\/blogdofarnesio.com.br\/?p=385034"]}]},{"@type":"ImageObject","inLanguage":"pt-BR","@id":"https:\/\/blogdofarnesio.com.br\/?p=385034#primaryimage","url":"https:\/\/blogdofarnesio.com.br\/wp-content\/uploads\/2021\/11\/Logo-APLB-e1637319718775.jpeg","contentUrl":"https:\/\/blogdofarnesio.com.br\/wp-content\/uploads\/2021\/11\/Logo-APLB-e1637319718775.jpeg","width":680,"height":554},{"@type":"BreadcrumbList","@id":"https:\/\/blogdofarnesio.com.br\/?p=385034#breadcrumb","itemListElement":[{"@type":"ListItem","position":1,"name":"In\u00edcio","item":"https:\/\/blogdofarnesio.com.br\/"},{"@type":"ListItem","position":2,"name":"APLB Sindicato se re\u00fane com nova secret\u00e1ria de educa\u00e7\u00e3o para tratar de assunto relevantes aos trabalhadores em educa\u00e7\u00e3o de Juazeiro"}]},{"@type":"WebSite","@id":"https:\/\/blogdofarnesio.com.br\/#website","url":"https:\/\/blogdofarnesio.com.br\/","name":"Blog do Farn\u00e9sio","description":"Quer Saber Pol\u00edtica?","publisher":{"@id":"https:\/\/blogdofarnesio.com.br\/#organization"},"potentialAction":[{"@type":"SearchAction","target":{"@type":"EntryPoint","urlTemplate":"https:\/\/blogdofarnesio.com.br\/?s={search_term_string}"},"query-input":{"@type":"PropertyValueSpecification","valueRequired":true,"valueName":"search_term_string"}}],"inLanguage":"pt-BR"},{"@type":"Organization","@id":"https:\/\/blogdofarnesio.com.br\/#organization","name":"Blog do Farn\u00e9sio","url":"https:\/\/blogdofarnesio.com.br\/","logo":{"@type":"ImageObject","inLanguage":"pt-BR","@id":"https:\/\/blogdofarnesio.com.br\/#\/schema\/logo\/image\/","url":"https:\/\/blogdofarnesio.com.br\/wp-content\/uploads\/2026\/03\/cropped-logo_new-1.png","contentUrl":"https:\/\/blogdofarnesio.com.br\/wp-content\/uploads\/2026\/03\/cropped-logo_new-1.png","width":881,"height":685,"caption":"Blog do Farn\u00e9sio"},"image":{"@id":"https:\/\/blogdofarnesio.com.br\/#\/schema\/logo\/image\/"},"sameAs":["https:\/\/www.facebook.com\/BlogQuerSaberPolitica\/"]},{"@type":"Person","@id":"https:\/\/blogdofarnesio.com.br\/#\/schema\/person\/bb9b23ae3ad0609ce8df7b6c9e76824d","name":"Farn\u00e9sio","image":{"@type":"ImageObject","inLanguage":"pt-BR","@id":"https:\/\/secure.gravatar.com\/avatar\/986aa4c61ccdb66f8555bf88fc2a65609d00bcabd4d2d94377a727547345cbca?s=96&d=mm&r=g","url":"https:\/\/secure.gravatar.com\/avatar\/986aa4c61ccdb66f8555bf88fc2a65609d00bcabd4d2d94377a727547345cbca?s=96&d=mm&r=g","contentUrl":"https:\/\/secure.gravatar.com\/avatar\/986aa4c61ccdb66f8555bf88fc2a65609d00bcabd4d2d94377a727547345cbca?s=96&d=mm&r=g","caption":"Farn\u00e9sio"},"description":"Radialista blogueiro, chegou a Petrolina\/Juazeiro em setembro de 1980, Farn\u00e9sio Silva \u00e9 de Arapiraca-Alagoas.","sameAs":["http:\/\/blogdofarnesio.com.br","https:\/\/www.facebook.com\/?ref=tn_tnmn","https:\/\/www.instagram.com\/?utm_source=pwa_homescreen","https:\/\/youtube.com.br\/"],"url":"https:\/\/blogdofarnesio.com.br\/?author=2"}]}},"_links":{"self":[{"href":"https:\/\/blogdofarnesio.com.br\/index.php?rest_route=\/wp\/v2\/posts\/385034","targetHints":{"allow":["GET"]}}],"collection":[{"href":"https:\/\/blogdofarnesio.com.br\/index.php?rest_route=\/wp\/v2\/posts"}],"about":[{"href":"https:\/\/blogdofarnesio.com.br\/index.php?rest_route=\/wp\/v2\/types\/post"}],"author":[{"embeddable":true,"href":"https:\/\/blogdofarnesio.com.br\/index.php?rest_route=\/wp\/v2\/users\/2"}],"replies":[{"embeddable":true,"href":"https:\/\/blogdofarnesio.com.br\/index.php?rest_route=%2Fwp%2Fv2%2Fcomments&post=385034"}],"version-history":[{"count":0,"href":"https:\/\/blogdofarnesio.com.br\/index.php?rest_route=\/wp\/v2\/posts\/385034\/revisions"}],"wp:featuredmedia":[{"embeddable":true,"href":"https:\/\/blogdofarnesio.com.br\/index.php?rest_route=\/wp\/v2\/media\/300408"}],"wp:attachment":[{"href":"https:\/\/blogdofarnesio.com.br\/index.php?rest_route=%2Fwp%2Fv2%2Fmedia&parent=385034"}],"wp:term":[{"taxonomy":"category","embeddable":true,"href":"https:\/\/blogdofarnesio.com.br\/index.php?rest_route=%2Fwp%2Fv2%2Fcategories&post=385034"},{"taxonomy":"post_tag","embeddable":true,"href":"https:\/\/blogdofarnesio.com.br\/index.php?rest_route=%2Fwp%2Fv2%2Ftags&post=385034"}],"curies":[{"name":"wp","href":"https:\/\/api.w.org\/{rel}","templated":true}]}}