{"id":384820,"date":"2025-01-11T09:00:16","date_gmt":"2025-01-11T12:00:16","guid":{"rendered":"https:\/\/blogdofarnesio.com.br\/?p=384820"},"modified":"2025-01-10T18:05:48","modified_gmt":"2025-01-10T21:05:48","slug":"fera-sertaneja-estreia-hoje-no-pernambucano-fora-de-casa-contra-o-nautico-nos-aflitos-pela-1a-rodada-do-pernambucano","status":"publish","type":"post","link":"https:\/\/blogdofarnesio.com.br\/?p=384820","title":{"rendered":"Fera Sertaneja estreia hoje no Pernambucano fora de casa contra o N\u00e1utico nos aflitos"},"content":{"rendered":"<p><a href=\"https:\/\/www.instagram.com\/petrolinasfc\/\" target=\"_blank\" rel=\"noopener\">Petrolina<\/a> e N\u00e1utico travam um duelo neste s\u00e1bado (11), que valer\u00e1 pela estreia de ambos no Campeonato Pernambucano e na temporada 2025.<\/p>\n<p>Para o duelo contra o Timbu, a Fera Sertaneja chega com um t\u00e9cnico portugu\u00eas entre suas armas e v\u00e1rias caras novas no elenco em rela\u00e7\u00e3o ao ano de 2024.<\/p>\n<p>A grande novidade do Petrolina para esta temporada \u00e9 mesmo contrata\u00e7\u00e3o do jovem treinador\u00a0<a href=\"https:\/\/ne45.com.br\/2024\/10\/11\/petrolina-contrata-tecnico-rui-sacramento\/\">Rui Sacramento, portugu\u00eas de apenas 39 anos<\/a>.\u00a0Em seu curr\u00edculo, o profissional tem passagens por Marinhense, Trofense e Potimonense, todos de Portugal. Esta ser\u00e1 a sua primeira experi\u00eancia no futebol brasileiro.<\/p>\n<p>Para formar o elenco deste ano, a Fera Sertaneja tamb\u00e9m apostou em v\u00e1rias caras novas. Ao todo, o clube anunciou 24 contrata\u00e7\u00f5es. Dois refor\u00e7os para o gol, cinco para a zaga, tr\u00eas para lateral, quatro volantes, cinco meias, al\u00e9m de outros cinco atacantes.<\/p>\n<h2>Jogadores contratados pelo Petrolina<\/h2>\n<ul>\n<li><strong>Goleiros:<\/strong>\u00a0Andr\u00e9 Lucas e Sales;<\/li>\n<li><strong>Zagueiros:<\/strong>\u00a0Daniel Oliveira, Caio Bacarin, Vinicius Brito, Joilson e Isaque;<\/li>\n<li><strong>Lat. Direitos:<\/strong>\u00a0Marquinhos e Augusto;<\/li>\n<li><strong>Lat. Esquerdo:<\/strong>\u00a0Neto;<\/li>\n<li><strong>Volantes:<\/strong>\u00a0Juan C\u00e1ssio, Kiko, Piau\u00ed e Jo\u00e3o Neto;<\/li>\n<li><strong>Meias:<\/strong>\u00a0Vitinho, Valdeir, Nildo Petrolina, Alvaro Vieira e Adriel;<\/li>\n<li><strong>Atacantes:<\/strong>\u00a0\u00c9dson, Gleydson, Yonder Vargas, Tiaguinho e Vit\u00e3o.<\/li>\n<\/ul>\n<div id=\"attachment_207356\" class=\"wp-caption alignnone\">\n<p><img loading=\"lazy\" decoding=\"async\" class=\"aligncenter wp-image-207356 size-medium\" title=\"Portugu\u00eas no comando, caras novas e pr\u00e9-temporada: como chega o Petrolina para o duelo contra o N\u00e1utico 1\" src=\"https:\/\/ne45.com.br\/wp-content\/uploads\/2025\/01\/Design-sem-nome-2025-01-07T150839.577-600x338.jpg\" alt=\"Rui Sacramento, t\u00e9cnico do Petrolina\" width=\"600\" height=\"338\" aria-describedby=\"caption-attachment-207356\" \/><\/p>\n<p id=\"caption-attachment-207356\" class=\"wp-caption-text\">\u00a0 \u00a0 \u00a0 \u00a0 \u00a0 \u00a0 \u00a0 \u00a0 \u00a0 \u00a0 \u00a0 \u00a0 \u00a0 \u00a0 \u00a0 \u00a0 \u00a0 \u00a0 \u00a0 \u00a0 \u00a0 \u00a0 \u00a0 \u00a0 \u00a0 \u00a0 \u00a0 \u00a0 \u00a0 \u00a0 \u00a0 \u00a0 \u00a0 \u00a0 \u00a0 \u00a0 \u00a0 \u00a0 \u00a0 Tec Rui Sacramento\u00a0 \u00a0Foto: Divulga\u00e7\u00e3o\/PSFC<\/p>\n<\/div>\n<p>Preferindo um logo tempo de prepara\u00e7\u00e3o, o Tigre optou por iniciar a sua pr\u00e9-temporada ainda no final de novembro, exatamente no dia 25.<\/p>\n<p>No per\u00edodo, al\u00e9m de testes f\u00edsicos, a clube realizou um jogo-treino contra o Juazeirense, no Est\u00e1dio Adauto Moraes. A partida terminou com o placar de 1 x 0 para o time de Juazeiro.<\/p>\n<p><iframe id=\"instagram-embed-0\" class=\"instagram-media instagram-media-rendered\" src=\"https:\/\/www.instagram.com\/p\/DDVuheYtLFN\/embed\/captioned\/?cr=1&amp;v=14&amp;wp=540&amp;rd=https%3A%2F%2Fne45.com.br&amp;rp=%2F2025%2F01%2F07%2Fpetrolina-duelo-x-nautico-pernambucano%2F#%7B%22ci%22%3A0%2C%22os%22%3A1405.0999999996275%2C%22ls%22%3A179.19999999925494%2C%22le%22%3A933.3999999994412%7D\" height=\"834\" frameborder=\"0\" scrolling=\"no\" allowfullscreen=\"allowfullscreen\" data-instgrm-payload-id=\"instagram-media-payload-0\" data-mce-fragment=\"1\"><\/iframe><\/p>\n<h2>Petrolina em 2025<\/h2>\n<p>Diferente do ano passado, a Fera Sertaneja n\u00e3o conquistou as vagas para a S\u00e9rie D e nem para a Copa do Brasil em 2025. Por conta disso, o clube ficou com o calend\u00e1rio menos preenchido. Sendo assim, nesta temporada, o Tigre disputar\u00e1 apenas o Campeonato Pernambucano.<\/p>\n<p>N\u00e1utico e Petrolina se enfrentam neste s\u00e1bado (11), \u00e0s 16h30, no Est\u00e1dio dos Aflitos.<\/p>\n","protected":false},"excerpt":{"rendered":"<p>Petrolina e N\u00e1utico travam um duelo neste s\u00e1bado (11), que valer\u00e1 pela estreia de ambos no Campeonato Pernambucano e na temporada 2025. Para o duelo contra o Timbu, a Fera Sertaneja chega com um t\u00e9cnico portugu\u00eas entre suas armas e v\u00e1rias caras novas no elenco em rela\u00e7\u00e3o ao ano de 2024. A grande novidade do Petrolina para esta temporada \u00e9 mesmo contrata\u00e7\u00e3o do jovem treinador\u00a0Rui Sacramento, portugu\u00eas de apenas 39 anos.\u00a0Em seu curr\u00edculo, o profissional tem passagens por Marinhense, Trofense e Potimonense, todos de Portugal. Esta ser\u00e1 a sua primeira experi\u00eancia no futebol brasileiro. Para formar o elenco deste ano, a Fera Sertaneja tamb\u00e9m apostou em v\u00e1rias caras novas. Ao todo, o clube anunciou 24 contrata\u00e7\u00f5es. Dois refor\u00e7os para o&hellip; <\/p>\n","protected":false},"author":2,"featured_media":384821,"comment_status":"open","ping_status":"open","sticky":false,"template":"","format":"standard","meta":{"_acf_changed":false,"footnotes":""},"categories":[8],"tags":[],"class_list":["post-384820","post","type-post","status-publish","format-standard","has-post-thumbnail","hentry","category-esportes"],"acf":[],"yoast_head":"<!-- This site is optimized with the Yoast SEO plugin v27.4 - https:\/\/yoast.com\/product\/yoast-seo-wordpress\/ -->\n<title>Fera Sertaneja estreia hoje no Pernambucano fora de casa contra o N\u00e1utico nos aflitos - Blog do Farn\u00e9sio<\/title>\n<meta name=\"robots\" content=\"index, follow, max-snippet:-1, max-image-preview:large, max-video-preview:-1\" \/>\n<link rel=\"canonical\" href=\"https:\/\/blogdofarnesio.com.br\/?p=384820\" \/>\n<meta property=\"og:locale\" content=\"pt_BR\" \/>\n<meta property=\"og:type\" content=\"article\" \/>\n<meta property=\"og:title\" content=\"Fera Sertaneja estreia hoje no Pernambucano fora de casa contra o N\u00e1utico nos aflitos - Blog do Farn\u00e9sio\" \/>\n<meta property=\"og:description\" content=\"Petrolina e N\u00e1utico travam um duelo neste s\u00e1bado (11), que valer\u00e1 pela estreia de ambos no Campeonato Pernambucano e na temporada 2025. Para o duelo contra o Timbu, a Fera Sertaneja chega com um t\u00e9cnico portugu\u00eas entre suas armas e v\u00e1rias caras novas no elenco em rela\u00e7\u00e3o ao ano de 2024. A grande novidade do Petrolina para esta temporada \u00e9 mesmo contrata\u00e7\u00e3o do jovem treinador\u00a0Rui Sacramento, portugu\u00eas de apenas 39 anos.\u00a0Em seu curr\u00edculo, o profissional tem passagens por Marinhense, Trofense e Potimonense, todos de Portugal. Esta ser\u00e1 a sua primeira experi\u00eancia no futebol brasileiro. Para formar o elenco deste ano, a Fera Sertaneja tamb\u00e9m apostou em v\u00e1rias caras novas. Ao todo, o clube anunciou 24 contrata\u00e7\u00f5es. Dois refor\u00e7os para o&hellip;\" \/>\n<meta property=\"og:url\" content=\"https:\/\/blogdofarnesio.com.br\/?p=384820\" \/>\n<meta property=\"og:site_name\" content=\"Blog do Farn\u00e9sio\" \/>\n<meta property=\"article:publisher\" content=\"https:\/\/www.facebook.com\/BlogQuerSaberPolitica\/\" \/>\n<meta property=\"article:author\" content=\"https:\/\/www.facebook.com\/?ref=tn_tnmn\" \/>\n<meta property=\"article:published_time\" content=\"2025-01-11T12:00:16+00:00\" \/>\n<meta property=\"og:image\" content=\"https:\/\/blogdofarnesio.com.br\/wp-content\/uploads\/2025\/01\/blogqspfera-petrolina-tec-rui-sacramento.png\" \/>\n\t<meta property=\"og:image:width\" content=\"607\" \/>\n\t<meta property=\"og:image:height\" content=\"385\" \/>\n\t<meta property=\"og:image:type\" content=\"image\/png\" \/>\n<meta name=\"author\" content=\"Farn\u00e9sio\" \/>\n<meta name=\"twitter:card\" content=\"summary_large_image\" \/>\n<meta name=\"twitter:label1\" content=\"Escrito por\" \/>\n\t<meta name=\"twitter:data1\" content=\"Farn\u00e9sio\" \/>\n\t<meta name=\"twitter:label2\" content=\"Est. tempo de leitura\" \/>\n\t<meta name=\"twitter:data2\" content=\"3 minutos\" \/>\n<script type=\"application\/ld+json\" class=\"yoast-schema-graph\">{\"@context\":\"https:\\\/\\\/schema.org\",\"@graph\":[{\"@type\":\"Article\",\"@id\":\"https:\\\/\\\/blogdofarnesio.com.br\\\/?p=384820#article\",\"isPartOf\":{\"@id\":\"https:\\\/\\\/blogdofarnesio.com.br\\\/?p=384820\"},\"author\":{\"name\":\"Farn\u00e9sio\",\"@id\":\"https:\\\/\\\/blogdofarnesio.com.br\\\/#\\\/schema\\\/person\\\/bb9b23ae3ad0609ce8df7b6c9e76824d\"},\"headline\":\"Fera Sertaneja estreia hoje no Pernambucano fora de casa contra o N\u00e1utico nos aflitos\",\"datePublished\":\"2025-01-11T12:00:16+00:00\",\"mainEntityOfPage\":{\"@id\":\"https:\\\/\\\/blogdofarnesio.com.br\\\/?p=384820\"},\"wordCount\":351,\"commentCount\":0,\"publisher\":{\"@id\":\"https:\\\/\\\/blogdofarnesio.com.br\\\/#organization\"},\"image\":{\"@id\":\"https:\\\/\\\/blogdofarnesio.com.br\\\/?p=384820#primaryimage\"},\"thumbnailUrl\":\"https:\\\/\\\/blogdofarnesio.com.br\\\/wp-content\\\/uploads\\\/2025\\\/01\\\/blogqspfera-petrolina-tec-rui-sacramento.png\",\"articleSection\":[\"Esportes\"],\"inLanguage\":\"pt-BR\",\"potentialAction\":[{\"@type\":\"CommentAction\",\"name\":\"Comment\",\"target\":[\"https:\\\/\\\/blogdofarnesio.com.br\\\/?p=384820#respond\"]}]},{\"@type\":\"WebPage\",\"@id\":\"https:\\\/\\\/blogdofarnesio.com.br\\\/?p=384820\",\"url\":\"https:\\\/\\\/blogdofarnesio.com.br\\\/?p=384820\",\"name\":\"Fera Sertaneja estreia hoje no Pernambucano fora de casa contra o N\u00e1utico nos aflitos - Blog do Farn\u00e9sio\",\"isPartOf\":{\"@id\":\"https:\\\/\\\/blogdofarnesio.com.br\\\/#website\"},\"primaryImageOfPage\":{\"@id\":\"https:\\\/\\\/blogdofarnesio.com.br\\\/?p=384820#primaryimage\"},\"image\":{\"@id\":\"https:\\\/\\\/blogdofarnesio.com.br\\\/?p=384820#primaryimage\"},\"thumbnailUrl\":\"https:\\\/\\\/blogdofarnesio.com.br\\\/wp-content\\\/uploads\\\/2025\\\/01\\\/blogqspfera-petrolina-tec-rui-sacramento.png\",\"datePublished\":\"2025-01-11T12:00:16+00:00\",\"breadcrumb\":{\"@id\":\"https:\\\/\\\/blogdofarnesio.com.br\\\/?p=384820#breadcrumb\"},\"inLanguage\":\"pt-BR\",\"potentialAction\":[{\"@type\":\"ReadAction\",\"target\":[\"https:\\\/\\\/blogdofarnesio.com.br\\\/?p=384820\"]}]},{\"@type\":\"ImageObject\",\"inLanguage\":\"pt-BR\",\"@id\":\"https:\\\/\\\/blogdofarnesio.com.br\\\/?p=384820#primaryimage\",\"url\":\"https:\\\/\\\/blogdofarnesio.com.br\\\/wp-content\\\/uploads\\\/2025\\\/01\\\/blogqspfera-petrolina-tec-rui-sacramento.png\",\"contentUrl\":\"https:\\\/\\\/blogdofarnesio.com.br\\\/wp-content\\\/uploads\\\/2025\\\/01\\\/blogqspfera-petrolina-tec-rui-sacramento.png\",\"width\":607,\"height\":385},{\"@type\":\"BreadcrumbList\",\"@id\":\"https:\\\/\\\/blogdofarnesio.com.br\\\/?p=384820#breadcrumb\",\"itemListElement\":[{\"@type\":\"ListItem\",\"position\":1,\"name\":\"In\u00edcio\",\"item\":\"https:\\\/\\\/blogdofarnesio.com.br\\\/\"},{\"@type\":\"ListItem\",\"position\":2,\"name\":\"Fera Sertaneja estreia hoje no Pernambucano fora de casa contra o N\u00e1utico nos aflitos\"}]},{\"@type\":\"WebSite\",\"@id\":\"https:\\\/\\\/blogdofarnesio.com.br\\\/#website\",\"url\":\"https:\\\/\\\/blogdofarnesio.com.br\\\/\",\"name\":\"Blog do Farn\u00e9sio\",\"description\":\"Quer Saber Pol\u00edtica?\",\"publisher\":{\"@id\":\"https:\\\/\\\/blogdofarnesio.com.br\\\/#organization\"},\"potentialAction\":[{\"@type\":\"SearchAction\",\"target\":{\"@type\":\"EntryPoint\",\"urlTemplate\":\"https:\\\/\\\/blogdofarnesio.com.br\\\/?s={search_term_string}\"},\"query-input\":{\"@type\":\"PropertyValueSpecification\",\"valueRequired\":true,\"valueName\":\"search_term_string\"}}],\"inLanguage\":\"pt-BR\"},{\"@type\":\"Organization\",\"@id\":\"https:\\\/\\\/blogdofarnesio.com.br\\\/#organization\",\"name\":\"Blog do Farn\u00e9sio\",\"url\":\"https:\\\/\\\/blogdofarnesio.com.br\\\/\",\"logo\":{\"@type\":\"ImageObject\",\"inLanguage\":\"pt-BR\",\"@id\":\"https:\\\/\\\/blogdofarnesio.com.br\\\/#\\\/schema\\\/logo\\\/image\\\/\",\"url\":\"https:\\\/\\\/blogdofarnesio.com.br\\\/wp-content\\\/uploads\\\/2026\\\/03\\\/cropped-logo_new-1.png\",\"contentUrl\":\"https:\\\/\\\/blogdofarnesio.com.br\\\/wp-content\\\/uploads\\\/2026\\\/03\\\/cropped-logo_new-1.png\",\"width\":881,\"height\":685,\"caption\":\"Blog do Farn\u00e9sio\"},\"image\":{\"@id\":\"https:\\\/\\\/blogdofarnesio.com.br\\\/#\\\/schema\\\/logo\\\/image\\\/\"},\"sameAs\":[\"https:\\\/\\\/www.facebook.com\\\/BlogQuerSaberPolitica\\\/\"]},{\"@type\":\"Person\",\"@id\":\"https:\\\/\\\/blogdofarnesio.com.br\\\/#\\\/schema\\\/person\\\/bb9b23ae3ad0609ce8df7b6c9e76824d\",\"name\":\"Farn\u00e9sio\",\"image\":{\"@type\":\"ImageObject\",\"inLanguage\":\"pt-BR\",\"@id\":\"https:\\\/\\\/secure.gravatar.com\\\/avatar\\\/986aa4c61ccdb66f8555bf88fc2a65609d00bcabd4d2d94377a727547345cbca?s=96&d=mm&r=g\",\"url\":\"https:\\\/\\\/secure.gravatar.com\\\/avatar\\\/986aa4c61ccdb66f8555bf88fc2a65609d00bcabd4d2d94377a727547345cbca?s=96&d=mm&r=g\",\"contentUrl\":\"https:\\\/\\\/secure.gravatar.com\\\/avatar\\\/986aa4c61ccdb66f8555bf88fc2a65609d00bcabd4d2d94377a727547345cbca?s=96&d=mm&r=g\",\"caption\":\"Farn\u00e9sio\"},\"description\":\"Radialista blogueiro, chegou a Petrolina\\\/Juazeiro em setembro de 1980, Farn\u00e9sio Silva \u00e9 de Arapiraca-Alagoas.\",\"sameAs\":[\"http:\\\/\\\/blogdofarnesio.com.br\",\"https:\\\/\\\/www.facebook.com\\\/?ref=tn_tnmn\",\"https:\\\/\\\/www.instagram.com\\\/?utm_source=pwa_homescreen\",\"https:\\\/\\\/youtube.com.br\\\/\"],\"url\":\"https:\\\/\\\/blogdofarnesio.com.br\\\/?author=2\"}]}<\/script>\n<!-- \/ Yoast SEO plugin. -->","yoast_head_json":{"title":"Fera Sertaneja estreia hoje no Pernambucano fora de casa contra o N\u00e1utico nos aflitos - Blog do Farn\u00e9sio","robots":{"index":"index","follow":"follow","max-snippet":"max-snippet:-1","max-image-preview":"max-image-preview:large","max-video-preview":"max-video-preview:-1"},"canonical":"https:\/\/blogdofarnesio.com.br\/?p=384820","og_locale":"pt_BR","og_type":"article","og_title":"Fera Sertaneja estreia hoje no Pernambucano fora de casa contra o N\u00e1utico nos aflitos - Blog do Farn\u00e9sio","og_description":"Petrolina e N\u00e1utico travam um duelo neste s\u00e1bado (11), que valer\u00e1 pela estreia de ambos no Campeonato Pernambucano e na temporada 2025. Para o duelo contra o Timbu, a Fera Sertaneja chega com um t\u00e9cnico portugu\u00eas entre suas armas e v\u00e1rias caras novas no elenco em rela\u00e7\u00e3o ao ano de 2024. A grande novidade do Petrolina para esta temporada \u00e9 mesmo contrata\u00e7\u00e3o do jovem treinador\u00a0Rui Sacramento, portugu\u00eas de apenas 39 anos.\u00a0Em seu curr\u00edculo, o profissional tem passagens por Marinhense, Trofense e Potimonense, todos de Portugal. Esta ser\u00e1 a sua primeira experi\u00eancia no futebol brasileiro. Para formar o elenco deste ano, a Fera Sertaneja tamb\u00e9m apostou em v\u00e1rias caras novas. Ao todo, o clube anunciou 24 contrata\u00e7\u00f5es. Dois refor\u00e7os para o&hellip;","og_url":"https:\/\/blogdofarnesio.com.br\/?p=384820","og_site_name":"Blog do Farn\u00e9sio","article_publisher":"https:\/\/www.facebook.com\/BlogQuerSaberPolitica\/","article_author":"https:\/\/www.facebook.com\/?ref=tn_tnmn","article_published_time":"2025-01-11T12:00:16+00:00","og_image":[{"width":607,"height":385,"url":"https:\/\/blogdofarnesio.com.br\/wp-content\/uploads\/2025\/01\/blogqspfera-petrolina-tec-rui-sacramento.png","type":"image\/png"}],"author":"Farn\u00e9sio","twitter_card":"summary_large_image","twitter_misc":{"Escrito por":"Farn\u00e9sio","Est. tempo de leitura":"3 minutos"},"schema":{"@context":"https:\/\/schema.org","@graph":[{"@type":"Article","@id":"https:\/\/blogdofarnesio.com.br\/?p=384820#article","isPartOf":{"@id":"https:\/\/blogdofarnesio.com.br\/?p=384820"},"author":{"name":"Farn\u00e9sio","@id":"https:\/\/blogdofarnesio.com.br\/#\/schema\/person\/bb9b23ae3ad0609ce8df7b6c9e76824d"},"headline":"Fera Sertaneja estreia hoje no Pernambucano fora de casa contra o N\u00e1utico nos aflitos","datePublished":"2025-01-11T12:00:16+00:00","mainEntityOfPage":{"@id":"https:\/\/blogdofarnesio.com.br\/?p=384820"},"wordCount":351,"commentCount":0,"publisher":{"@id":"https:\/\/blogdofarnesio.com.br\/#organization"},"image":{"@id":"https:\/\/blogdofarnesio.com.br\/?p=384820#primaryimage"},"thumbnailUrl":"https:\/\/blogdofarnesio.com.br\/wp-content\/uploads\/2025\/01\/blogqspfera-petrolina-tec-rui-sacramento.png","articleSection":["Esportes"],"inLanguage":"pt-BR","potentialAction":[{"@type":"CommentAction","name":"Comment","target":["https:\/\/blogdofarnesio.com.br\/?p=384820#respond"]}]},{"@type":"WebPage","@id":"https:\/\/blogdofarnesio.com.br\/?p=384820","url":"https:\/\/blogdofarnesio.com.br\/?p=384820","name":"Fera Sertaneja estreia hoje no Pernambucano fora de casa contra o N\u00e1utico nos aflitos - Blog do Farn\u00e9sio","isPartOf":{"@id":"https:\/\/blogdofarnesio.com.br\/#website"},"primaryImageOfPage":{"@id":"https:\/\/blogdofarnesio.com.br\/?p=384820#primaryimage"},"image":{"@id":"https:\/\/blogdofarnesio.com.br\/?p=384820#primaryimage"},"thumbnailUrl":"https:\/\/blogdofarnesio.com.br\/wp-content\/uploads\/2025\/01\/blogqspfera-petrolina-tec-rui-sacramento.png","datePublished":"2025-01-11T12:00:16+00:00","breadcrumb":{"@id":"https:\/\/blogdofarnesio.com.br\/?p=384820#breadcrumb"},"inLanguage":"pt-BR","potentialAction":[{"@type":"ReadAction","target":["https:\/\/blogdofarnesio.com.br\/?p=384820"]}]},{"@type":"ImageObject","inLanguage":"pt-BR","@id":"https:\/\/blogdofarnesio.com.br\/?p=384820#primaryimage","url":"https:\/\/blogdofarnesio.com.br\/wp-content\/uploads\/2025\/01\/blogqspfera-petrolina-tec-rui-sacramento.png","contentUrl":"https:\/\/blogdofarnesio.com.br\/wp-content\/uploads\/2025\/01\/blogqspfera-petrolina-tec-rui-sacramento.png","width":607,"height":385},{"@type":"BreadcrumbList","@id":"https:\/\/blogdofarnesio.com.br\/?p=384820#breadcrumb","itemListElement":[{"@type":"ListItem","position":1,"name":"In\u00edcio","item":"https:\/\/blogdofarnesio.com.br\/"},{"@type":"ListItem","position":2,"name":"Fera Sertaneja estreia hoje no Pernambucano fora de casa contra o N\u00e1utico nos aflitos"}]},{"@type":"WebSite","@id":"https:\/\/blogdofarnesio.com.br\/#website","url":"https:\/\/blogdofarnesio.com.br\/","name":"Blog do Farn\u00e9sio","description":"Quer Saber Pol\u00edtica?","publisher":{"@id":"https:\/\/blogdofarnesio.com.br\/#organization"},"potentialAction":[{"@type":"SearchAction","target":{"@type":"EntryPoint","urlTemplate":"https:\/\/blogdofarnesio.com.br\/?s={search_term_string}"},"query-input":{"@type":"PropertyValueSpecification","valueRequired":true,"valueName":"search_term_string"}}],"inLanguage":"pt-BR"},{"@type":"Organization","@id":"https:\/\/blogdofarnesio.com.br\/#organization","name":"Blog do Farn\u00e9sio","url":"https:\/\/blogdofarnesio.com.br\/","logo":{"@type":"ImageObject","inLanguage":"pt-BR","@id":"https:\/\/blogdofarnesio.com.br\/#\/schema\/logo\/image\/","url":"https:\/\/blogdofarnesio.com.br\/wp-content\/uploads\/2026\/03\/cropped-logo_new-1.png","contentUrl":"https:\/\/blogdofarnesio.com.br\/wp-content\/uploads\/2026\/03\/cropped-logo_new-1.png","width":881,"height":685,"caption":"Blog do Farn\u00e9sio"},"image":{"@id":"https:\/\/blogdofarnesio.com.br\/#\/schema\/logo\/image\/"},"sameAs":["https:\/\/www.facebook.com\/BlogQuerSaberPolitica\/"]},{"@type":"Person","@id":"https:\/\/blogdofarnesio.com.br\/#\/schema\/person\/bb9b23ae3ad0609ce8df7b6c9e76824d","name":"Farn\u00e9sio","image":{"@type":"ImageObject","inLanguage":"pt-BR","@id":"https:\/\/secure.gravatar.com\/avatar\/986aa4c61ccdb66f8555bf88fc2a65609d00bcabd4d2d94377a727547345cbca?s=96&d=mm&r=g","url":"https:\/\/secure.gravatar.com\/avatar\/986aa4c61ccdb66f8555bf88fc2a65609d00bcabd4d2d94377a727547345cbca?s=96&d=mm&r=g","contentUrl":"https:\/\/secure.gravatar.com\/avatar\/986aa4c61ccdb66f8555bf88fc2a65609d00bcabd4d2d94377a727547345cbca?s=96&d=mm&r=g","caption":"Farn\u00e9sio"},"description":"Radialista blogueiro, chegou a Petrolina\/Juazeiro em setembro de 1980, Farn\u00e9sio Silva \u00e9 de Arapiraca-Alagoas.","sameAs":["http:\/\/blogdofarnesio.com.br","https:\/\/www.facebook.com\/?ref=tn_tnmn","https:\/\/www.instagram.com\/?utm_source=pwa_homescreen","https:\/\/youtube.com.br\/"],"url":"https:\/\/blogdofarnesio.com.br\/?author=2"}]}},"_links":{"self":[{"href":"https:\/\/blogdofarnesio.com.br\/index.php?rest_route=\/wp\/v2\/posts\/384820","targetHints":{"allow":["GET"]}}],"collection":[{"href":"https:\/\/blogdofarnesio.com.br\/index.php?rest_route=\/wp\/v2\/posts"}],"about":[{"href":"https:\/\/blogdofarnesio.com.br\/index.php?rest_route=\/wp\/v2\/types\/post"}],"author":[{"embeddable":true,"href":"https:\/\/blogdofarnesio.com.br\/index.php?rest_route=\/wp\/v2\/users\/2"}],"replies":[{"embeddable":true,"href":"https:\/\/blogdofarnesio.com.br\/index.php?rest_route=%2Fwp%2Fv2%2Fcomments&post=384820"}],"version-history":[{"count":0,"href":"https:\/\/blogdofarnesio.com.br\/index.php?rest_route=\/wp\/v2\/posts\/384820\/revisions"}],"wp:featuredmedia":[{"embeddable":true,"href":"https:\/\/blogdofarnesio.com.br\/index.php?rest_route=\/wp\/v2\/media\/384821"}],"wp:attachment":[{"href":"https:\/\/blogdofarnesio.com.br\/index.php?rest_route=%2Fwp%2Fv2%2Fmedia&parent=384820"}],"wp:term":[{"taxonomy":"category","embeddable":true,"href":"https:\/\/blogdofarnesio.com.br\/index.php?rest_route=%2Fwp%2Fv2%2Fcategories&post=384820"},{"taxonomy":"post_tag","embeddable":true,"href":"https:\/\/blogdofarnesio.com.br\/index.php?rest_route=%2Fwp%2Fv2%2Ftags&post=384820"}],"curies":[{"name":"wp","href":"https:\/\/api.w.org\/{rel}","templated":true}]}}