{"id":384812,"date":"2025-01-08T16:04:42","date_gmt":"2025-01-08T19:04:42","guid":{"rendered":"https:\/\/blogdofarnesio.com.br\/?p=384812"},"modified":"2025-01-08T14:58:30","modified_gmt":"2025-01-08T17:58:30","slug":"alerta-pernambuco-tem-aumento-de-282-em-casos-de-covid-19-e-farmacias-registram-falta-de-testes-rapidos","status":"publish","type":"post","link":"https:\/\/blogdofarnesio.com.br\/?p=384812","title":{"rendered":"ALERTA!!! Pernambuco tem aumento de 282% em casos de Covid-19 e farm\u00e1cias registram falta de testes r\u00e1pidos"},"content":{"rendered":"<div class=\"mc-article-header\">\n<div class=\"row content-head mc-column non-featured \">\n<div class=\"title\" data-block-type=\"title\" data-block-id=\"0\"><\/div>\n<div class=\"medium-centered subtitle\">\n<h2><span style=\"font-size: 16px; font-weight: 400;\">Por L\u00edlian Oliveira,\u00a0<\/span><a class=\"multi_signatures\" style=\"font-size: 16px; font-weight: 400;\" href=\"https:\/\/g1.globo.com\/autores\/paulo-veras\/\">Paulo Veras<\/a><span style=\"font-size: 16px; font-weight: 400;\">,\u00a0<\/span><a class=\"multi_signatures\" style=\"font-size: 16px; font-weight: 400;\" href=\"https:\/\/g1.globo.com\/autores\/juliana-cavalcanti\/\">Juliana Cavalcanti<\/a><span style=\"font-size: 16px; font-weight: 400;\">, TV Globo e g1<\/span><\/h2>\n<h2 class=\"content-head__subtitle\"><em>Alta demanda por exames para pessoas com sintomas de gripe e aus\u00eancia de estoque s\u00e3o consideradas as causas. Na rede p\u00fablica de sa\u00fade, testagem acontece em unidades de sa\u00fade da regi\u00e3o metropolitana.<\/em><\/h2>\n<\/div>\n<\/div>\n<\/div>\n<div class=\"mc-article-body\">\n<article>\n<div id=\"chunk-4dig8\">\n<div class=\"mc-column content-text active-extra-styles \" data-block-type=\"unstyled\" data-block-weight=\"48\" data-block-id=\"2\">\n<p class=\" content-text__container \" data-track-category=\"Link no Texto\" data-track-links=\"\" data-mrf-recirculation=\"Mat\u00e9ria - Links no Texto\">O n\u00famero de casos de\u00a0<a class=\"\" href=\"https:\/\/g1.globo.com\/saude\/coronavirus\/\" data-mrf-link=\"https:\/\/g1.globo.com\/saude\/coronavirus\/\">Covid-19<\/a>\u00a0aumentou 282,46% em Pernambuco, na compara\u00e7\u00e3o entre novembro e dezembro de 2024, segundo dados registrados pela Secretaria Estadual de Sa\u00fade. O aumento de pessoas com sintomas da doen\u00e7a est\u00e1 fazendo aumentarem as queixas sobre falta de testes nas farm\u00e1cias do Grande\u00a0<a class=\"\" href=\"https:\/\/g1.globo.com\/pe\/pernambuco\/cidade\/recife\/\" data-mrf-link=\"https:\/\/g1.globo.com\/pe\/pernambuco\/cidade\/recife\/\">Recife<\/a>.<\/p>\n<\/div>\n<\/div>\n<div class=\"wall protected-content\">\n<div id=\"chunk-cl722\">\n<div class=\"mc-column content-text active-extra-styles \" data-block-type=\"unstyled\" data-block-weight=\"34\" data-block-id=\"4\">\n<p class=\" content-text__container \" data-track-category=\"Link no Texto\" data-track-links=\"\" data-mrf-recirculation=\"Mat\u00e9ria - Links no Texto\">Entre os dias 16 e 22 de novembro foram registrados 57 casos leves da doen\u00e7a em Pernambuco, enquanto entre os dias 21 e 27 de dezembro, o n\u00famero saltou para 218 registros no estado.<\/p>\n<\/div>\n<\/div>\n<div id=\"chunk-3t6dd\">\n<div class=\"mc-column content-text active-extra-styles \" data-block-type=\"unstyled\" data-block-weight=\"38\" data-block-id=\"5\">\n<p class=\" content-text__container \" data-track-category=\"Link no Texto\" data-track-links=\"\" data-mrf-recirculation=\"Mat\u00e9ria - Links no Texto\">O aumento no n\u00famero de casos foi percebido pelo setor de farm\u00e1cias, que viu crescer a procura por testes. Segundo o vice-presidente do Sindicato das Farm\u00e1cias de Pernambuco, a dificuldade para encontrar o produto no mercado tem explica\u00e7\u00e3o.<\/p>\n<\/div>\n<\/div>\n<div id=\"chunk-9aopd\">\n<div class=\"content-ads content-ads--reveal\" data-block-type=\"ads\" data-block-id=\"6\"><\/div>\n<\/div>\n<div id=\"chunk-cg0rg\">\n<div class=\"mc-column content-text active-extra-styles \" data-block-type=\"unstyled\" data-block-weight=\"9\" data-block-id=\"7\">\n<p class=\" content-text__container \" data-track-category=\"Link no Texto\" data-track-links=\"\" data-mrf-recirculation=\"Mat\u00e9ria - Links no Texto\">\u2705\u00a0<a class=\"\" href=\"https:\/\/www.whatsapp.com\/channel\/0029Va7wmCV8F2pFDVgE0L2j\" target=\"_blank\" rel=\"noopener\" data-mrf-link=\"https:\/\/www.whatsapp.com\/channel\/0029Va7wmCV8F2pFDVgE0L2j\">Receba no WhatsApp as not\u00edcias do g1 PE<\/a><\/p>\n<\/div>\n<\/div>\n<div id=\"chunk-4btnq\">\n<div class=\"mc-column content-text active-extra-styles \" data-block-type=\"unstyled\" data-block-weight=\"51\" data-block-id=\"8\">\n<p class=\" content-text__container \" data-track-category=\"Link no Texto\" data-track-links=\"\" data-mrf-recirculation=\"Mat\u00e9ria - Links no Texto\">\u201cNo ano passado houve um aumento nos casos de dengue e Covid. Dados da Secretaria Estadual de Sa\u00fade e da Fiocruz mostram isso. Como as pessoas est\u00e3o inseguras e n\u00e3o sabem se est\u00e3o com Covid ou n\u00e3o, elas procuraram os autotestes para ter essa informa\u00e7\u00e3o\u201d, explicou Elias Salom\u00e3o, vice-presidente do Sincofarma.<\/p>\n<\/div>\n<\/div>\n<div id=\"chunk-f0p3e\">\n<div class=\"mc-column content-text active-extra-styles \" data-block-type=\"unstyled\" data-block-weight=\"39\" data-block-id=\"9\">\n<p class=\" content-text__container \" data-track-category=\"Link no Texto\" data-track-links=\"\" data-mrf-recirculation=\"Mat\u00e9ria - Links no Texto\">Segundo Salom\u00e3o, os importadores tamb\u00e9m n\u00e3o estavam preparados para terem estoques do item para atender ao pico de procura que aconteceu nos \u00faltimos dois meses de 2024, o que contribuiu para o desabastecimento de autotestes de Covid no com\u00e9rcio.<\/p>\n<\/div>\n<\/div>\n<div id=\"chunk-89k68\">\n<div class=\"mc-column content-text active-extra-styles \" data-block-type=\"unstyled\" data-block-weight=\"31\" data-block-id=\"10\">\n<p class=\" content-text__container \" data-track-category=\"Link no Texto\" data-track-links=\"\" data-mrf-recirculation=\"Mat\u00e9ria - Links no Texto\">A equipe de reportagem da\u00a0<strong>TV Globo<\/strong>\u00a0circulou em algumas farm\u00e1cias do Recife em busca dos testes para Covid-19. Das cinco visitadas, apenas uma tinha o produto, que custava R$ 35.<\/p>\n<\/div>\n<\/div>\n<div id=\"chunk-5to91\">\n<div class=\"mc-column content-text active-extra-styles \" data-block-type=\"unstyled\" data-block-weight=\"2\" data-block-id=\"11\">\n<p class=\" content-text__container \" data-track-category=\"Link no Texto\" data-track-links=\"\" data-mrf-recirculation=\"Mat\u00e9ria - Links no Texto\"><strong>LEIA TAMB\u00c9M<\/strong><\/p>\n<\/div>\n<\/div>\n<div id=\"chunk-auu0g\">\n<div class=\"mc-column content-text active-extra-styles\" data-block-type=\"raw\" data-block-weight=\"34\" data-block-id=\"12\">\n<ul class=\"content-unordered-list\">\n<li><a class=\"\" href=\"https:\/\/g1.globo.com\/saude\/noticia\/2024\/06\/01\/o-que-muda-na-campanha-de-vacinacao-contra-covid-19-doenca-que-ja-matou-35-mil-brasileiros-em-2024.ghtml\">O que muda na campanha de vacina\u00e7\u00e3o contra covid-19<\/a><\/li>\n<li><a class=\"\" href=\"https:\/\/g1.globo.com\/sp\/campinas-regiao\/noticia\/2023\/12\/16\/covid-19-por-que-descoberta-de-danos-as-usinas-de-energia-das-celulas-pode-abrir-caminho-para-novos-tratamentos.ghtml\">Covid-19: descoberta de danos \u00e0s c\u00e9lulas pode abrir caminho para novos tratamentos<\/a><\/li>\n<li><a class=\"\" href=\"https:\/\/g1.globo.com\/saude\/coronavirus\/vacinas\/noticia\/2023\/10\/31\/covid-vacinacao-passa-a-ser-anual-para-criancas-e-grupos-prioritarios-a-partir-de-2024.ghtml\">Vacina\u00e7\u00e3o contra a Covid passou a ser anual para crian\u00e7as e grupos priorit\u00e1rios<\/a><\/li>\n<\/ul>\n<p>&nbsp;<\/p>\n<\/div>\n<\/div>\n<div id=\"chunk-f14mn\">\n<div class=\"mc-column content-text active-extra-styles \" data-block-type=\"unstyled\" data-block-weight=\"41\" data-block-id=\"13\">\n<p class=\" content-text__container \" data-track-category=\"Link no Texto\" data-track-links=\"\" data-mrf-recirculation=\"Mat\u00e9ria - Links no Texto\">A gestora financeira \u00c9rika Cordeiro ainda est\u00e1 com falta de ar e dores no corpo, ap\u00f3s ter o diagn\u00f3stico de Covid-19 confirmado quadro dias ap\u00f3s um almo\u00e7o em fam\u00edlia no Natal, que contou com a presen\u00e7a de cerca de 15 pessoas.<\/p>\n<\/div>\n<\/div>\n<div id=\"chunk-fl472\">\n<div class=\"content-ads content-ads--reveal\" data-block-type=\"ads\" data-block-id=\"14\"><\/div>\n<\/div>\n<div id=\"chunk-8l8nf\">\n<div class=\"mc-column content-text active-extra-styles \" data-block-type=\"unstyled\" data-block-weight=\"84\" data-block-id=\"15\">\n<p class=\" content-text__container \" data-track-category=\"Link no Texto\" data-track-links=\"\" data-mrf-recirculation=\"Mat\u00e9ria - Links no Texto\">\u201cNo pr\u00f3prio dia 25 \u00e0 tarde, quando chegamos em casa, minha m\u00e3e j\u00e1 come\u00e7ou a sentir os sintomas. Ela estava com dor no corpo e febre e imaginamos que seria uma gripe. Na sexta-feira, eu acordei com o corpo mole e uma leve dor de cabe\u00e7a. A gente n\u00e3o sabia que j\u00e1 tinha outras pessoas da fam\u00edlia que tamb\u00e9m j\u00e1 estavam com alguns sinais da doen\u00e7a\u201d, contou ela, explicando que no dia seguinte \u00e0 confraterniza\u00e7\u00e3o, v\u00e1rios parentes j\u00e1 come\u00e7aram a apresentar ind\u00edcios de gripe.<\/p>\n<\/div>\n<\/div>\n<div id=\"chunk-7hhra\">\n<div class=\"mc-column content-text active-extra-styles \" data-block-type=\"unstyled\" data-block-weight=\"34\" data-block-id=\"16\">\n<p class=\" content-text__container \" data-track-category=\"Link no Texto\" data-track-links=\"\" data-mrf-recirculation=\"Mat\u00e9ria - Links no Texto\">Apesar de mais de sete parentes terem sintomas, apenas tr\u00eas conseguiram comprar os testes r\u00e1pidos em farm\u00e1cias para conferir se estavam com o v\u00edrus. Mesmo procurando em v\u00e1rios estabelecimentos, n\u00e3o havia autotestes para comprar.<\/p>\n<\/div>\n<\/div>\n<div id=\"chunk-c24rd\">\n<div class=\"row medium-uncollapsed content-media content-photo\" data-block-type=\"backstage-photo\" data-block-id=\"17\">\n<div class=\" mc-column content-media__container\">\n<div class=\"content-media-container glb-skeleton-box\">\n<figure class=\"content-media-figure\"><img decoding=\"async\" class=\"i-amphtml-fill-content i-amphtml-replaced-content\" src=\"https:\/\/s2-g1.glbimg.com\/_c1PDTtMREVxhl7D3HjbHazOPqc=\/0x0:1920x1080\/984x0\/smart\/filters:strip_icc()\/i.s3.glbimg.com\/v1\/AUTH_59edd422c0c84a879bd37670ae4f538a\/internal_photos\/bs\/2025\/r\/D\/URPIRJRQ2XyQKvpNeyiQ\/testecovid2.jpeg\" sizes=\"(max-width: 2049px) 648px, 100vw\" srcset=\"https:\/\/s2-g1.glbimg.com\/bkNS8stj_iHdkZFqGQmQRmokOoc=\/0x0:1920x1080\/1000x0\/smart\/filters:strip_icc()\/i.s3.glbimg.com\/v1\/AUTH_59edd422c0c84a879bd37670ae4f538a\/internal_photos\/bs\/2025\/r\/D\/URPIRJRQ2XyQKvpNeyiQ\/testecovid2.jpeg 1000w, https:\/\/s2-g1.glbimg.com\/_c1PDTtMREVxhl7D3HjbHazOPqc=\/0x0:1920x1080\/984x0\/smart\/filters:strip_icc()\/i.s3.glbimg.com\/v1\/AUTH_59edd422c0c84a879bd37670ae4f538a\/internal_photos\/bs\/2025\/r\/D\/URPIRJRQ2XyQKvpNeyiQ\/testecovid2.jpeg 984w, https:\/\/s2-g1.glbimg.com\/GFK2TgXFgQ_FmDCuOQqju6bg5WQ=\/0x0:1920x1080\/640x0\/smart\/filters:strip_icc()\/i.s3.glbimg.com\/v1\/AUTH_59edd422c0c84a879bd37670ae4f538a\/internal_photos\/bs\/2025\/r\/D\/URPIRJRQ2XyQKvpNeyiQ\/testecovid2.jpeg 640w, https:\/\/s2-g1.glbimg.com\/Y413auR2VkfoHtLJT-8MyNplxN0=\/0x0:1920x1080\/600x0\/smart\/filters:strip_icc()\/i.s3.glbimg.com\/v1\/AUTH_59edd422c0c84a879bd37670ae4f538a\/internal_photos\/bs\/2025\/r\/D\/URPIRJRQ2XyQKvpNeyiQ\/testecovid2.jpeg 600w\" alt=\"Imagens de testes r\u00e1pidos de Covid-19 vendidos em farm\u00e1cias \u2014 Foto: Augusto C\u00e9sar\/TV Globo\" \/><\/figure>\n<\/div>\n<p class=\"content-media__description \">Imagens de testes r\u00e1pidos de Covid-19 vendidos em farm\u00e1cias \u2014 Foto: Augusto C\u00e9sar\/TV Globo<\/p>\n<\/div>\n<\/div>\n<\/div>\n<div id=\"chunk-fddrr\">\n<div class=\"content-ads content-ads--reveal\" data-block-type=\"ads\" data-block-id=\"18\"><\/div>\n<\/div>\n<div id=\"chunk-8bq1\">\n<div class=\"mc-column content-text active-extra-styles\" data-block-type=\"raw\" data-block-weight=\"6\" data-block-id=\"19\">\n<div class=\"content-intertitle\">\n<h2>Testagem na rede p\u00fablica de sa\u00fade<\/h2>\n<\/div>\n<p>&nbsp;<\/p>\n<\/div>\n<\/div>\n<div id=\"chunk-d9q06\">\n<div class=\"mc-column content-text active-extra-styles \" data-block-type=\"unstyled\" data-block-weight=\"32\" data-block-id=\"20\">\n<p class=\" content-text__container \" data-track-category=\"Link no Texto\" data-track-links=\"\" data-mrf-recirculation=\"Mat\u00e9ria - Links no Texto\">Na rede p\u00fablica de sa\u00fade, as prefeituras do Recife, de\u00a0<a class=\"\" href=\"https:\/\/g1.globo.com\/pe\/pernambuco\/cidade\/olinda\/\" data-mrf-link=\"https:\/\/g1.globo.com\/pe\/pernambuco\/cidade\/olinda\/\">Olinda<\/a>\u00a0e de\u00a0<a class=\"\" href=\"https:\/\/g1.globo.com\/pe\/pernambuco\/cidade\/jaboatao-dos-guararapes\/\" data-mrf-link=\"https:\/\/g1.globo.com\/pe\/pernambuco\/cidade\/jaboatao-dos-guararapes\/\">Jaboat\u00e3o dos Guararapes<\/a>\u00a0informaram ao\u00a0<a class=\"\" href=\"http:\/\/www.g1.com.br\/pe\" target=\"_blank\" rel=\"noopener\" data-mrf-link=\"http:\/\/www.g1.com.br\/pe\">g1<\/a>\u00a0que os locais de testagem est\u00e3o em funcionamento e que n\u00e3o faltam testes.<\/p>\n<\/div>\n<\/div>\n<div id=\"chunk-3r5np\">\n<div class=\"mc-column content-text active-extra-styles \" data-block-type=\"unstyled\" data-block-weight=\"1\" data-block-id=\"21\">\n<p class=\" content-text__container \" data-track-category=\"Link no Texto\" data-track-links=\"\" data-mrf-recirculation=\"Mat\u00e9ria - Links no Texto\"><strong>Recife<\/strong><\/p>\n<\/div>\n<\/div>\n<div id=\"chunk-cudvs\">\n<div class=\"mc-column content-text active-extra-styles \" data-block-type=\"unstyled\" data-block-weight=\"34\" data-block-id=\"22\">\n<p class=\" content-text__container \" data-track-category=\"Link no Texto\" data-track-links=\"\" data-mrf-recirculation=\"Mat\u00e9ria - Links no Texto\">Segundo a prefeitura do Recife, existem sete pontos de testagem para Covid-19 na cidade. Para realizar o procedimento, \u00e9 preciso agendar pelo aplicativo Conecta Recife e apresentar sintomas gripais. Os locais s\u00e3o os seguintes:<\/p>\n<\/div>\n<\/div>\n<div id=\"chunk-arjno\">\n<div class=\"mc-column content-text active-extra-styles\" data-block-type=\"raw\" data-block-weight=\"78\" data-block-id=\"23\">\n<ul class=\"content-unordered-list\">\n<li>Policl\u00ednica Waldemar de Oliveira: Rua do Pombal, n\u00ba 115, Santo Amaro;<\/li>\n<li>Centro M\u00e9dico Erm\u00edrio de Moraes: Av. Dezessete de Agosto, n\u00ba 2388, Casa Forte;<\/li>\n<li>UPA-E Mustardinha: Rua Major Mario Portela, n\u00ba 279, Mustardinha;<\/li>\n<li>Centro de Sa\u00fade Professor Sebasti\u00e3o Ivo Rabelo: Av. Camp\u00edna Grande, n\u00ba 199, Cohab;<\/li>\n<li>Centro de Sa\u00fade Professor Monteiro de Moraes: Av. Beberibe, n\u00ba 4510, Beberibe;<\/li>\n<li>Policl\u00ednica Clementino Fraga: Rua Japaratuba, n\u00ba 260, Vasco da Gama;<\/li>\n<li>Policl\u00ednica Lessa de Andrade: Estrada dos Rem\u00e9dios, n\u00ba 2416, Madalena.<\/li>\n<\/ul>\n<p>&nbsp;<\/p>\n<\/div>\n<\/div>\n<div id=\"chunk-ai388\">\n<div class=\"mc-column content-text active-extra-styles \" data-block-type=\"unstyled\" data-block-weight=\"7\" data-block-id=\"24\">\n<p class=\" content-text__container \" data-track-category=\"Link no Texto\" data-track-links=\"\" data-mrf-recirculation=\"Mat\u00e9ria - Links no Texto\">Para se vacinar, os pontos dispon\u00edveis s\u00e3o:<\/p>\n<\/div>\n<\/div>\n<div id=\"chunk-e7h0h\">\n<div class=\"mc-column content-text active-extra-styles\" data-block-type=\"raw\" data-block-weight=\"205\" data-block-id=\"25\">\n<ul class=\"content-unordered-list\">\n<li>Imip: Rua dos Coelhos, n\u00ba 300, Boa Vista<\/li>\n<li>USF S\u00e3o Jos\u00e9 do Coque: Av. Central, n\u00ba 10, Ilha Joana Bezerra<\/li>\n<li>Centro de Vacina\u00e7\u00e3o Shopping Boa Vista: Rua do Giriquiti, n\u00ba 48, Boa Vista<\/li>\n<li>Policl\u00ednica Amaury Coutinho &#8211; Rua Iguatu, s\/n, Campina do Barreto<\/li>\n<li>USF Alto do Pascoal: Av. An\u00edbal Ben\u00e9volo, s\/n, Alto Santa Terezinha<\/li>\n<li>UBT Francisco Pugnatari: Estrada do Arraial, n\u00ba 4155, Casa Amarela<\/li>\n<li>USF C\u00f3rrego da Fortuna: Rua Professor Cl\u00e1udio Selva, n\u00ba 49-83, S\u00edtio dos Pintos<\/li>\n<li>USF Vila Arraes: Av. Afonso Olidense, n\u00ba 1513, V\u00e1rzea<\/li>\n<li>Policl\u00ednica Lessa de Andrade: Estrada dos Rem\u00e9dios, n\u00ba 2416, Madalena<\/li>\n<li>UBT Bidu Krause 3A: Travessa Onze de Agosto, Curado<\/li>\n<li>USF+ Jardim S\u00e3o Paulo: Pra\u00e7a de Jardim S\u00e3o Paulo, Jardim S\u00e3o Paulo<\/li>\n<li>Policl\u00ednica Agamenon Magalh\u00e3es: Av. Sul Governador Cid Sampaio, s\/n, Afogados<\/li>\n<li>Centro de Vacina\u00e7\u00e3o Shopping RioMar: Av. Rep\u00fablica do L\u00edbano, n\u00ba 251, Pina<\/li>\n<li>UBT Romildo Gomes: Rua Jalisco, s\/n, Imbiribeira<\/li>\n<li>UBT Djair Brindeiro: Rua Arthur Bruno Schwambach, s\/n, Boa Viagem<\/li>\n<li>Centro de Vacina\u00e7\u00e3o Shopping Recife: Rua Padre Carapuceiro, n\u00ba 777, Boa Viagem<\/li>\n<li>Policl\u00ednica Clementino Fraga: Rua Japaratuba, n\u00ba 260, Vasco da Gama<\/li>\n<li>USF Bruno Maia: Rua Alto do Ref\u00fagio, Nova Descoberta<\/li>\n<li>UBT Ivo Rabelo: Av. Campina Grande, s\/n, UR1, Ibura<\/li>\n<li>UBT Aristarcho de Azevedo: Rua Bahia, n\u00ba 29, Jord\u00e3o<\/li>\n<\/ul>\n<p>&nbsp;<\/p>\n<\/div>\n<\/div>\n<div id=\"chunk-5u0oq\">\n<div class=\"content-ads content-ads--reveal\" data-block-type=\"ads\" data-block-id=\"26\">\n<div id=\"banner_materia__c65926fb-6ae2-48f8-b6e8-15e98726a874\" class=\"tag-manager-publicidade-container mc-has-reveal mc-has-ad-lazyload tag-manager-publicidade-banner_materia__c65926fb-6ae2-48f8-b6e8-15e98726a874 tag-manager-publicidade-container--carregado tag-manager-publicidade-container--visivel\" data-id=\"banner_materia__c65926fb-6ae2-48f8-b6e8-15e98726a874\" data-google-query-id=\"CPne_e2S5ooDFdJNuAQd6PQ7aw\">\n<div id=\"google_ads_iframe_\/95377733\/tvg_G1\/Sua_Regiao&gt;Nordeste&gt;Pernambuco_6__container__\" style=\"box-sizing: inherit; margin: auto; padding: 0px; border: 0pt none; font: inherit; vertical-align: baseline; max-width: 100%; text-align: center; width: 970px; height: 250px;\"><iframe id=\"google_ads_iframe_\/95377733\/tvg_G1\/Sua_Regiao&gt;Nordeste&gt;Pernambuco_6\" style=\"box-sizing: inherit; margin: 0px; padding: 0px; border: 0px; font: inherit; vertical-align: bottom;\" tabindex=\"0\" title=\"3rd party ad content\" name=\"google_ads_iframe_\/95377733\/tvg_G1\/Sua_Regiao&gt;Nordeste&gt;Pernambuco_6\" width=\"970\" height=\"250\" frameborder=\"0\" marginwidth=\"0\" marginheight=\"0\" scrolling=\"no\" aria-label=\"Advertisement\" data-load-complete=\"true\" data-google-container-id=\"8\" data-mce-fragment=\"1\"><\/iframe><\/div>\n<\/div>\n<\/div>\n<\/div>\n<div id=\"chunk-2tvpu\">\n<div class=\"mc-column content-text active-extra-styles \" data-block-type=\"unstyled\" data-block-weight=\"1\" data-block-id=\"27\">\n<p class=\" content-text__container \" data-track-category=\"Link no Texto\" data-track-links=\"\" data-mrf-recirculation=\"Mat\u00e9ria - Links no Texto\"><strong>Olinda<\/strong><\/p>\n<\/div>\n<\/div>\n<div id=\"chunk-7cl54\">\n<div class=\"mc-column content-text active-extra-styles \" data-block-type=\"unstyled\" data-block-weight=\"28\" data-block-id=\"28\">\n<p class=\" content-text__container \" data-track-category=\"Link no Texto\" data-track-links=\"\" data-mrf-recirculation=\"Mat\u00e9ria - Links no Texto\">Em Olinda, o munic\u00edpio mant\u00e9m o\u00a0<span class=\"highlight highlighted\">Centro de Testagem, localizado na Policl\u00ednica Ouro Preto, que funciona na Rua Peixe Agulha, de segunda a sexta-feira, das 08 \u00e0s 16h<\/span>.<\/p>\n<\/div>\n<\/div>\n<div id=\"chunk-pp97\">\n<div class=\"mc-column content-text active-extra-styles \" data-block-type=\"unstyled\" data-block-weight=\"53\" data-block-id=\"29\">\n<p class=\" content-text__container \" data-track-category=\"Link no Texto\" data-track-links=\"\" data-mrf-recirculation=\"Mat\u00e9ria - Links no Texto\">J\u00e1 a vacina\u00e7\u00e3o para a Covid-19 acontece, sem agendamento, em todas as unidades b\u00e1sicas de sa\u00fade e policl\u00ednicas do munic\u00edpio, de segunda a sexta-feira, das 8h \u00e0s 16h, e no ponto de vacina\u00e7\u00e3o do Shopping Patteo (Rua Carmelita Muniz de Ara\u00fajo, n\u00ba 225, Casa Caiada), de segunda a sexta-feira, das 9h \u00e0s 16h.<\/p>\n<\/div>\n<\/div>\n<div id=\"chunk-d8q5l\">\n<div class=\"mc-column content-text active-extra-styles \" data-block-type=\"unstyled\" data-block-weight=\"3\" data-block-id=\"30\">\n<p class=\" content-text__container \" data-track-category=\"Link no Texto\" data-track-links=\"\" data-mrf-recirculation=\"Mat\u00e9ria - Links no Texto\"><strong>Jaboat\u00e3o dos Guararapes<\/strong><\/p>\n<\/div>\n<\/div>\n<div id=\"chunk-5k5a8\">\n<div class=\"mc-column content-text active-extra-styles \" data-block-type=\"unstyled\" data-block-weight=\"9\" data-block-id=\"31\">\n<p class=\" content-text__container \" data-track-category=\"Link no Texto\" data-track-links=\"\" data-mrf-recirculation=\"Mat\u00e9ria - Links no Texto\">Em Jaboat\u00e3o, a testagem \u00e9 disponibilizada nos seguintes locais:<\/p>\n<\/div>\n<\/div>\n<div id=\"chunk-4iv06\">\n<div class=\"mc-column content-text active-extra-styles\" data-block-type=\"raw\" data-block-weight=\"25\" data-block-id=\"32\">\n<ul class=\"content-unordered-list\">\n<li>Policl\u00ednica Mariinha Melo: Rua Cristiano Santos, Vila Rica<\/li>\n<li>Policl\u00ednica Manoel Calheiros: Rua Dois, n\u00ba 17, Curado<\/li>\n<li>Policl\u00ednica Carneiro Lins: Rua Dr. Lu\u00eds Regueira, s\/n, Prazeres<\/li>\n<\/ul>\n<p>&nbsp;<\/p>\n<\/div>\n<\/div>\n<div id=\"chunk-9vde\">\n<div class=\"mc-column content-text active-extra-styles \" data-block-type=\"unstyled\" data-block-weight=\"20\" data-block-id=\"33\">\n<p class=\" content-text__container \" data-track-category=\"Link no Texto\" data-track-links=\"\" data-mrf-recirculation=\"Mat\u00e9ria - Links no Texto\">Para realizar o teste \u00e9 necess\u00e1rio agendar no site Todas as testagens s\u00e3o realizadas mediante agendamento no site\u00a0<a class=\"\" href=\"https:\/\/saudevigilante.jaboatao.pe.gov.br\/\" target=\"_blank\" rel=\"noopener\" data-mrf-link=\"https:\/\/saudevigilante.jaboatao.pe.gov.br\/\">Sa\u00fade Vigilante<\/a>.<\/p>\n<\/div>\n<\/div>\n<div id=\"chunk-1pkc9\">\n<div class=\"mc-column content-text active-extra-styles \" data-block-type=\"unstyled\" data-block-weight=\"8\" data-block-id=\"34\">\n<p class=\" content-text__container \" data-track-category=\"Link no Texto\" data-track-links=\"\" data-mrf-recirculation=\"Mat\u00e9ria - Links no Texto\">J\u00e1 os locais de vacina\u00e7\u00e3o no munic\u00edpio s\u00e3o:<\/p>\n<\/div>\n<\/div>\n<div id=\"chunk-43mn1\">\n<div class=\"mc-column content-text active-extra-styles\" data-block-type=\"raw\" data-block-weight=\"79\" data-block-id=\"35\">\n<ul class=\"content-unordered-list\">\n<li>Policl\u00ednica Mariinha Melo: Rua Cristiano Santos, Vila Rica<\/li>\n<li>Policl\u00ednica C\u00f4nego Pedro: Rua Joaquim Ten\u00f3rio, s\/n &#8211; Cavaleiro<\/li>\n<li>Policl\u00ednica Manoel Calheiros: Rua Dois, n\u00ba 17, Curado<\/li>\n<li>UBT Marcos Freire: Rua Lu\u00eds Barbalho, Marcos Freire<\/li>\n<li>UBT Muribeca dos Guararapes: Rua da Matriz, Muribeca<\/li>\n<li>Policl\u00ednica Carneiro Lins: Rua Dr. Lu\u00eds Regueira, s\/n, Prazeres<\/li>\n<li>UBT Dom H\u00e9lder: Rua Itapor\u00e3, n\u00ba 394-546, Piedade<\/li>\n<li>UBT Praia do Sol: Rua Caxias do Sul, Barra de Jangada<\/li>\n<li>Policl\u00ednica Leopoldina Ten\u00f3rio: Av. Gon\u00e7alves Dias, n\u00ba 1.500, Jardim Jord\u00e3o<\/li>\n<\/ul>\n<\/div>\n<\/div>\n<\/div>\n<\/article>\n<\/div>\n","protected":false},"excerpt":{"rendered":"<p>Por L\u00edlian Oliveira,\u00a0Paulo Veras,\u00a0Juliana Cavalcanti, TV Globo e g1 Alta demanda por exames para pessoas com sintomas de gripe e aus\u00eancia de estoque s\u00e3o consideradas as causas. Na rede p\u00fablica de sa\u00fade, testagem acontece em unidades de sa\u00fade da regi\u00e3o metropolitana. O n\u00famero de casos de\u00a0Covid-19\u00a0aumentou 282,46% em Pernambuco, na compara\u00e7\u00e3o entre novembro e dezembro de 2024, segundo dados registrados pela Secretaria Estadual de Sa\u00fade. O aumento de pessoas com sintomas da doen\u00e7a est\u00e1 fazendo aumentarem as queixas sobre falta de testes nas farm\u00e1cias do Grande\u00a0Recife. Entre os dias 16 e 22 de novembro foram registrados 57 casos leves da doen\u00e7a em Pernambuco, enquanto entre os dias 21 e 27 de dezembro, o n\u00famero saltou para 218 registros no estado.&hellip; <\/p>\n","protected":false},"author":2,"featured_media":292498,"comment_status":"open","ping_status":"open","sticky":false,"template":"","format":"standard","meta":{"_acf_changed":false,"footnotes":""},"categories":[4],"tags":[],"class_list":["post-384812","post","type-post","status-publish","format-standard","has-post-thumbnail","hentry","category-saude"],"acf":[],"yoast_head":"<!-- This site is optimized with the Yoast SEO plugin v27.4 - https:\/\/yoast.com\/product\/yoast-seo-wordpress\/ -->\n<title>ALERTA!!! Pernambuco tem aumento de 282% em casos de Covid-19 e farm\u00e1cias registram falta de testes r\u00e1pidos - Blog do Farn\u00e9sio<\/title>\n<meta name=\"robots\" content=\"index, follow, max-snippet:-1, max-image-preview:large, max-video-preview:-1\" \/>\n<link rel=\"canonical\" href=\"https:\/\/blogdofarnesio.com.br\/?p=384812\" \/>\n<meta property=\"og:locale\" content=\"pt_BR\" \/>\n<meta property=\"og:type\" content=\"article\" \/>\n<meta property=\"og:title\" content=\"ALERTA!!! Pernambuco tem aumento de 282% em casos de Covid-19 e farm\u00e1cias registram falta de testes r\u00e1pidos - Blog do Farn\u00e9sio\" \/>\n<meta property=\"og:description\" content=\"Por L\u00edlian Oliveira,\u00a0Paulo Veras,\u00a0Juliana Cavalcanti, TV Globo e g1 Alta demanda por exames para pessoas com sintomas de gripe e aus\u00eancia de estoque s\u00e3o consideradas as causas. Na rede p\u00fablica de sa\u00fade, testagem acontece em unidades de sa\u00fade da regi\u00e3o metropolitana. O n\u00famero de casos de\u00a0Covid-19\u00a0aumentou 282,46% em Pernambuco, na compara\u00e7\u00e3o entre novembro e dezembro de 2024, segundo dados registrados pela Secretaria Estadual de Sa\u00fade. O aumento de pessoas com sintomas da doen\u00e7a est\u00e1 fazendo aumentarem as queixas sobre falta de testes nas farm\u00e1cias do Grande\u00a0Recife. Entre os dias 16 e 22 de novembro foram registrados 57 casos leves da doen\u00e7a em Pernambuco, enquanto entre os dias 21 e 27 de dezembro, o n\u00famero saltou para 218 registros no estado.&hellip;\" \/>\n<meta property=\"og:url\" content=\"https:\/\/blogdofarnesio.com.br\/?p=384812\" \/>\n<meta property=\"og:site_name\" content=\"Blog do Farn\u00e9sio\" \/>\n<meta property=\"article:publisher\" content=\"https:\/\/www.facebook.com\/BlogQuerSaberPolitica\/\" \/>\n<meta property=\"article:author\" content=\"https:\/\/www.facebook.com\/?ref=tn_tnmn\" \/>\n<meta property=\"article:published_time\" content=\"2025-01-08T19:04:42+00:00\" \/>\n<meta property=\"og:image\" content=\"https:\/\/blogdofarnesio.com.br\/wp-content\/uploads\/2021\/08\/blogqsptesterapido.jpg\" \/>\n\t<meta property=\"og:image:width\" content=\"600\" \/>\n\t<meta property=\"og:image:height\" content=\"337\" \/>\n\t<meta property=\"og:image:type\" content=\"image\/jpeg\" \/>\n<meta name=\"author\" content=\"Farn\u00e9sio\" \/>\n<meta name=\"twitter:card\" content=\"summary_large_image\" \/>\n<meta name=\"twitter:label1\" content=\"Escrito por\" \/>\n\t<meta name=\"twitter:data1\" content=\"Farn\u00e9sio\" \/>\n\t<meta name=\"twitter:label2\" content=\"Est. tempo de leitura\" \/>\n\t<meta name=\"twitter:data2\" content=\"7 minutos\" \/>\n<script type=\"application\/ld+json\" class=\"yoast-schema-graph\">{\"@context\":\"https:\\\/\\\/schema.org\",\"@graph\":[{\"@type\":\"Article\",\"@id\":\"https:\\\/\\\/blogdofarnesio.com.br\\\/?p=384812#article\",\"isPartOf\":{\"@id\":\"https:\\\/\\\/blogdofarnesio.com.br\\\/?p=384812\"},\"author\":{\"name\":\"Farn\u00e9sio\",\"@id\":\"https:\\\/\\\/blogdofarnesio.com.br\\\/#\\\/schema\\\/person\\\/bb9b23ae3ad0609ce8df7b6c9e76824d\"},\"headline\":\"ALERTA!!! Pernambuco tem aumento de 282% em casos de Covid-19 e farm\u00e1cias registram falta de testes r\u00e1pidos\",\"datePublished\":\"2025-01-08T19:04:42+00:00\",\"mainEntityOfPage\":{\"@id\":\"https:\\\/\\\/blogdofarnesio.com.br\\\/?p=384812\"},\"wordCount\":1226,\"commentCount\":0,\"publisher\":{\"@id\":\"https:\\\/\\\/blogdofarnesio.com.br\\\/#organization\"},\"image\":{\"@id\":\"https:\\\/\\\/blogdofarnesio.com.br\\\/?p=384812#primaryimage\"},\"thumbnailUrl\":\"https:\\\/\\\/blogdofarnesio.com.br\\\/wp-content\\\/uploads\\\/2021\\\/08\\\/blogqsptesterapido.jpg\",\"articleSection\":[\"Sa\u00fade\"],\"inLanguage\":\"pt-BR\",\"potentialAction\":[{\"@type\":\"CommentAction\",\"name\":\"Comment\",\"target\":[\"https:\\\/\\\/blogdofarnesio.com.br\\\/?p=384812#respond\"]}]},{\"@type\":\"WebPage\",\"@id\":\"https:\\\/\\\/blogdofarnesio.com.br\\\/?p=384812\",\"url\":\"https:\\\/\\\/blogdofarnesio.com.br\\\/?p=384812\",\"name\":\"ALERTA!!! Pernambuco tem aumento de 282% em casos de Covid-19 e farm\u00e1cias registram falta de testes r\u00e1pidos - Blog do Farn\u00e9sio\",\"isPartOf\":{\"@id\":\"https:\\\/\\\/blogdofarnesio.com.br\\\/#website\"},\"primaryImageOfPage\":{\"@id\":\"https:\\\/\\\/blogdofarnesio.com.br\\\/?p=384812#primaryimage\"},\"image\":{\"@id\":\"https:\\\/\\\/blogdofarnesio.com.br\\\/?p=384812#primaryimage\"},\"thumbnailUrl\":\"https:\\\/\\\/blogdofarnesio.com.br\\\/wp-content\\\/uploads\\\/2021\\\/08\\\/blogqsptesterapido.jpg\",\"datePublished\":\"2025-01-08T19:04:42+00:00\",\"breadcrumb\":{\"@id\":\"https:\\\/\\\/blogdofarnesio.com.br\\\/?p=384812#breadcrumb\"},\"inLanguage\":\"pt-BR\",\"potentialAction\":[{\"@type\":\"ReadAction\",\"target\":[\"https:\\\/\\\/blogdofarnesio.com.br\\\/?p=384812\"]}]},{\"@type\":\"ImageObject\",\"inLanguage\":\"pt-BR\",\"@id\":\"https:\\\/\\\/blogdofarnesio.com.br\\\/?p=384812#primaryimage\",\"url\":\"https:\\\/\\\/blogdofarnesio.com.br\\\/wp-content\\\/uploads\\\/2021\\\/08\\\/blogqsptesterapido.jpg\",\"contentUrl\":\"https:\\\/\\\/blogdofarnesio.com.br\\\/wp-content\\\/uploads\\\/2021\\\/08\\\/blogqsptesterapido.jpg\",\"width\":600,\"height\":337,\"caption\":\"COVID19 test for diagnosis new corona virus\"},{\"@type\":\"BreadcrumbList\",\"@id\":\"https:\\\/\\\/blogdofarnesio.com.br\\\/?p=384812#breadcrumb\",\"itemListElement\":[{\"@type\":\"ListItem\",\"position\":1,\"name\":\"In\u00edcio\",\"item\":\"https:\\\/\\\/blogdofarnesio.com.br\\\/\"},{\"@type\":\"ListItem\",\"position\":2,\"name\":\"ALERTA!!! Pernambuco tem aumento de 282% em casos de Covid-19 e farm\u00e1cias registram falta de testes r\u00e1pidos\"}]},{\"@type\":\"WebSite\",\"@id\":\"https:\\\/\\\/blogdofarnesio.com.br\\\/#website\",\"url\":\"https:\\\/\\\/blogdofarnesio.com.br\\\/\",\"name\":\"Blog do Farn\u00e9sio\",\"description\":\"Quer Saber Pol\u00edtica?\",\"publisher\":{\"@id\":\"https:\\\/\\\/blogdofarnesio.com.br\\\/#organization\"},\"potentialAction\":[{\"@type\":\"SearchAction\",\"target\":{\"@type\":\"EntryPoint\",\"urlTemplate\":\"https:\\\/\\\/blogdofarnesio.com.br\\\/?s={search_term_string}\"},\"query-input\":{\"@type\":\"PropertyValueSpecification\",\"valueRequired\":true,\"valueName\":\"search_term_string\"}}],\"inLanguage\":\"pt-BR\"},{\"@type\":\"Organization\",\"@id\":\"https:\\\/\\\/blogdofarnesio.com.br\\\/#organization\",\"name\":\"Blog do Farn\u00e9sio\",\"url\":\"https:\\\/\\\/blogdofarnesio.com.br\\\/\",\"logo\":{\"@type\":\"ImageObject\",\"inLanguage\":\"pt-BR\",\"@id\":\"https:\\\/\\\/blogdofarnesio.com.br\\\/#\\\/schema\\\/logo\\\/image\\\/\",\"url\":\"https:\\\/\\\/blogdofarnesio.com.br\\\/wp-content\\\/uploads\\\/2026\\\/03\\\/cropped-logo_new-1.png\",\"contentUrl\":\"https:\\\/\\\/blogdofarnesio.com.br\\\/wp-content\\\/uploads\\\/2026\\\/03\\\/cropped-logo_new-1.png\",\"width\":881,\"height\":685,\"caption\":\"Blog do Farn\u00e9sio\"},\"image\":{\"@id\":\"https:\\\/\\\/blogdofarnesio.com.br\\\/#\\\/schema\\\/logo\\\/image\\\/\"},\"sameAs\":[\"https:\\\/\\\/www.facebook.com\\\/BlogQuerSaberPolitica\\\/\"]},{\"@type\":\"Person\",\"@id\":\"https:\\\/\\\/blogdofarnesio.com.br\\\/#\\\/schema\\\/person\\\/bb9b23ae3ad0609ce8df7b6c9e76824d\",\"name\":\"Farn\u00e9sio\",\"image\":{\"@type\":\"ImageObject\",\"inLanguage\":\"pt-BR\",\"@id\":\"https:\\\/\\\/secure.gravatar.com\\\/avatar\\\/986aa4c61ccdb66f8555bf88fc2a65609d00bcabd4d2d94377a727547345cbca?s=96&d=mm&r=g\",\"url\":\"https:\\\/\\\/secure.gravatar.com\\\/avatar\\\/986aa4c61ccdb66f8555bf88fc2a65609d00bcabd4d2d94377a727547345cbca?s=96&d=mm&r=g\",\"contentUrl\":\"https:\\\/\\\/secure.gravatar.com\\\/avatar\\\/986aa4c61ccdb66f8555bf88fc2a65609d00bcabd4d2d94377a727547345cbca?s=96&d=mm&r=g\",\"caption\":\"Farn\u00e9sio\"},\"description\":\"Radialista blogueiro, chegou a Petrolina\\\/Juazeiro em setembro de 1980, Farn\u00e9sio Silva \u00e9 de Arapiraca-Alagoas.\",\"sameAs\":[\"http:\\\/\\\/blogdofarnesio.com.br\",\"https:\\\/\\\/www.facebook.com\\\/?ref=tn_tnmn\",\"https:\\\/\\\/www.instagram.com\\\/?utm_source=pwa_homescreen\",\"https:\\\/\\\/youtube.com.br\\\/\"],\"url\":\"https:\\\/\\\/blogdofarnesio.com.br\\\/?author=2\"}]}<\/script>\n<!-- \/ Yoast SEO plugin. -->","yoast_head_json":{"title":"ALERTA!!! Pernambuco tem aumento de 282% em casos de Covid-19 e farm\u00e1cias registram falta de testes r\u00e1pidos - Blog do Farn\u00e9sio","robots":{"index":"index","follow":"follow","max-snippet":"max-snippet:-1","max-image-preview":"max-image-preview:large","max-video-preview":"max-video-preview:-1"},"canonical":"https:\/\/blogdofarnesio.com.br\/?p=384812","og_locale":"pt_BR","og_type":"article","og_title":"ALERTA!!! Pernambuco tem aumento de 282% em casos de Covid-19 e farm\u00e1cias registram falta de testes r\u00e1pidos - Blog do Farn\u00e9sio","og_description":"Por L\u00edlian Oliveira,\u00a0Paulo Veras,\u00a0Juliana Cavalcanti, TV Globo e g1 Alta demanda por exames para pessoas com sintomas de gripe e aus\u00eancia de estoque s\u00e3o consideradas as causas. Na rede p\u00fablica de sa\u00fade, testagem acontece em unidades de sa\u00fade da regi\u00e3o metropolitana. O n\u00famero de casos de\u00a0Covid-19\u00a0aumentou 282,46% em Pernambuco, na compara\u00e7\u00e3o entre novembro e dezembro de 2024, segundo dados registrados pela Secretaria Estadual de Sa\u00fade. O aumento de pessoas com sintomas da doen\u00e7a est\u00e1 fazendo aumentarem as queixas sobre falta de testes nas farm\u00e1cias do Grande\u00a0Recife. Entre os dias 16 e 22 de novembro foram registrados 57 casos leves da doen\u00e7a em Pernambuco, enquanto entre os dias 21 e 27 de dezembro, o n\u00famero saltou para 218 registros no estado.&hellip;","og_url":"https:\/\/blogdofarnesio.com.br\/?p=384812","og_site_name":"Blog do Farn\u00e9sio","article_publisher":"https:\/\/www.facebook.com\/BlogQuerSaberPolitica\/","article_author":"https:\/\/www.facebook.com\/?ref=tn_tnmn","article_published_time":"2025-01-08T19:04:42+00:00","og_image":[{"width":600,"height":337,"url":"https:\/\/blogdofarnesio.com.br\/wp-content\/uploads\/2021\/08\/blogqsptesterapido.jpg","type":"image\/jpeg"}],"author":"Farn\u00e9sio","twitter_card":"summary_large_image","twitter_misc":{"Escrito por":"Farn\u00e9sio","Est. tempo de leitura":"7 minutos"},"schema":{"@context":"https:\/\/schema.org","@graph":[{"@type":"Article","@id":"https:\/\/blogdofarnesio.com.br\/?p=384812#article","isPartOf":{"@id":"https:\/\/blogdofarnesio.com.br\/?p=384812"},"author":{"name":"Farn\u00e9sio","@id":"https:\/\/blogdofarnesio.com.br\/#\/schema\/person\/bb9b23ae3ad0609ce8df7b6c9e76824d"},"headline":"ALERTA!!! Pernambuco tem aumento de 282% em casos de Covid-19 e farm\u00e1cias registram falta de testes r\u00e1pidos","datePublished":"2025-01-08T19:04:42+00:00","mainEntityOfPage":{"@id":"https:\/\/blogdofarnesio.com.br\/?p=384812"},"wordCount":1226,"commentCount":0,"publisher":{"@id":"https:\/\/blogdofarnesio.com.br\/#organization"},"image":{"@id":"https:\/\/blogdofarnesio.com.br\/?p=384812#primaryimage"},"thumbnailUrl":"https:\/\/blogdofarnesio.com.br\/wp-content\/uploads\/2021\/08\/blogqsptesterapido.jpg","articleSection":["Sa\u00fade"],"inLanguage":"pt-BR","potentialAction":[{"@type":"CommentAction","name":"Comment","target":["https:\/\/blogdofarnesio.com.br\/?p=384812#respond"]}]},{"@type":"WebPage","@id":"https:\/\/blogdofarnesio.com.br\/?p=384812","url":"https:\/\/blogdofarnesio.com.br\/?p=384812","name":"ALERTA!!! Pernambuco tem aumento de 282% em casos de Covid-19 e farm\u00e1cias registram falta de testes r\u00e1pidos - Blog do Farn\u00e9sio","isPartOf":{"@id":"https:\/\/blogdofarnesio.com.br\/#website"},"primaryImageOfPage":{"@id":"https:\/\/blogdofarnesio.com.br\/?p=384812#primaryimage"},"image":{"@id":"https:\/\/blogdofarnesio.com.br\/?p=384812#primaryimage"},"thumbnailUrl":"https:\/\/blogdofarnesio.com.br\/wp-content\/uploads\/2021\/08\/blogqsptesterapido.jpg","datePublished":"2025-01-08T19:04:42+00:00","breadcrumb":{"@id":"https:\/\/blogdofarnesio.com.br\/?p=384812#breadcrumb"},"inLanguage":"pt-BR","potentialAction":[{"@type":"ReadAction","target":["https:\/\/blogdofarnesio.com.br\/?p=384812"]}]},{"@type":"ImageObject","inLanguage":"pt-BR","@id":"https:\/\/blogdofarnesio.com.br\/?p=384812#primaryimage","url":"https:\/\/blogdofarnesio.com.br\/wp-content\/uploads\/2021\/08\/blogqsptesterapido.jpg","contentUrl":"https:\/\/blogdofarnesio.com.br\/wp-content\/uploads\/2021\/08\/blogqsptesterapido.jpg","width":600,"height":337,"caption":"COVID19 test for diagnosis new corona virus"},{"@type":"BreadcrumbList","@id":"https:\/\/blogdofarnesio.com.br\/?p=384812#breadcrumb","itemListElement":[{"@type":"ListItem","position":1,"name":"In\u00edcio","item":"https:\/\/blogdofarnesio.com.br\/"},{"@type":"ListItem","position":2,"name":"ALERTA!!! Pernambuco tem aumento de 282% em casos de Covid-19 e farm\u00e1cias registram falta de testes r\u00e1pidos"}]},{"@type":"WebSite","@id":"https:\/\/blogdofarnesio.com.br\/#website","url":"https:\/\/blogdofarnesio.com.br\/","name":"Blog do Farn\u00e9sio","description":"Quer Saber Pol\u00edtica?","publisher":{"@id":"https:\/\/blogdofarnesio.com.br\/#organization"},"potentialAction":[{"@type":"SearchAction","target":{"@type":"EntryPoint","urlTemplate":"https:\/\/blogdofarnesio.com.br\/?s={search_term_string}"},"query-input":{"@type":"PropertyValueSpecification","valueRequired":true,"valueName":"search_term_string"}}],"inLanguage":"pt-BR"},{"@type":"Organization","@id":"https:\/\/blogdofarnesio.com.br\/#organization","name":"Blog do Farn\u00e9sio","url":"https:\/\/blogdofarnesio.com.br\/","logo":{"@type":"ImageObject","inLanguage":"pt-BR","@id":"https:\/\/blogdofarnesio.com.br\/#\/schema\/logo\/image\/","url":"https:\/\/blogdofarnesio.com.br\/wp-content\/uploads\/2026\/03\/cropped-logo_new-1.png","contentUrl":"https:\/\/blogdofarnesio.com.br\/wp-content\/uploads\/2026\/03\/cropped-logo_new-1.png","width":881,"height":685,"caption":"Blog do Farn\u00e9sio"},"image":{"@id":"https:\/\/blogdofarnesio.com.br\/#\/schema\/logo\/image\/"},"sameAs":["https:\/\/www.facebook.com\/BlogQuerSaberPolitica\/"]},{"@type":"Person","@id":"https:\/\/blogdofarnesio.com.br\/#\/schema\/person\/bb9b23ae3ad0609ce8df7b6c9e76824d","name":"Farn\u00e9sio","image":{"@type":"ImageObject","inLanguage":"pt-BR","@id":"https:\/\/secure.gravatar.com\/avatar\/986aa4c61ccdb66f8555bf88fc2a65609d00bcabd4d2d94377a727547345cbca?s=96&d=mm&r=g","url":"https:\/\/secure.gravatar.com\/avatar\/986aa4c61ccdb66f8555bf88fc2a65609d00bcabd4d2d94377a727547345cbca?s=96&d=mm&r=g","contentUrl":"https:\/\/secure.gravatar.com\/avatar\/986aa4c61ccdb66f8555bf88fc2a65609d00bcabd4d2d94377a727547345cbca?s=96&d=mm&r=g","caption":"Farn\u00e9sio"},"description":"Radialista blogueiro, chegou a Petrolina\/Juazeiro em setembro de 1980, Farn\u00e9sio Silva \u00e9 de Arapiraca-Alagoas.","sameAs":["http:\/\/blogdofarnesio.com.br","https:\/\/www.facebook.com\/?ref=tn_tnmn","https:\/\/www.instagram.com\/?utm_source=pwa_homescreen","https:\/\/youtube.com.br\/"],"url":"https:\/\/blogdofarnesio.com.br\/?author=2"}]}},"_links":{"self":[{"href":"https:\/\/blogdofarnesio.com.br\/index.php?rest_route=\/wp\/v2\/posts\/384812","targetHints":{"allow":["GET"]}}],"collection":[{"href":"https:\/\/blogdofarnesio.com.br\/index.php?rest_route=\/wp\/v2\/posts"}],"about":[{"href":"https:\/\/blogdofarnesio.com.br\/index.php?rest_route=\/wp\/v2\/types\/post"}],"author":[{"embeddable":true,"href":"https:\/\/blogdofarnesio.com.br\/index.php?rest_route=\/wp\/v2\/users\/2"}],"replies":[{"embeddable":true,"href":"https:\/\/blogdofarnesio.com.br\/index.php?rest_route=%2Fwp%2Fv2%2Fcomments&post=384812"}],"version-history":[{"count":0,"href":"https:\/\/blogdofarnesio.com.br\/index.php?rest_route=\/wp\/v2\/posts\/384812\/revisions"}],"wp:featuredmedia":[{"embeddable":true,"href":"https:\/\/blogdofarnesio.com.br\/index.php?rest_route=\/wp\/v2\/media\/292498"}],"wp:attachment":[{"href":"https:\/\/blogdofarnesio.com.br\/index.php?rest_route=%2Fwp%2Fv2%2Fmedia&parent=384812"}],"wp:term":[{"taxonomy":"category","embeddable":true,"href":"https:\/\/blogdofarnesio.com.br\/index.php?rest_route=%2Fwp%2Fv2%2Fcategories&post=384812"},{"taxonomy":"post_tag","embeddable":true,"href":"https:\/\/blogdofarnesio.com.br\/index.php?rest_route=%2Fwp%2Fv2%2Ftags&post=384812"}],"curies":[{"name":"wp","href":"https:\/\/api.w.org\/{rel}","templated":true}]}}