{"id":384588,"date":"2025-01-06T07:30:32","date_gmt":"2025-01-06T10:30:32","guid":{"rendered":"https:\/\/blogdofarnesio.com.br\/?p=384588"},"modified":"2025-01-04T20:03:11","modified_gmt":"2025-01-04T23:03:11","slug":"a-prefeitura-de-petrolina-vai-levar-a-farmacia-da-familia-no-interior-para-12-localidades-rurais-a-partir-de-hoje","status":"publish","type":"post","link":"https:\/\/blogdofarnesio.com.br\/?p=384588","title":{"rendered":"A Prefeitura de Petrolina vai levar a Farm\u00e1cia da Fam\u00edlia no Interior para 12 localidades rurais a partir de hoje"},"content":{"rendered":"<div id=\"nav\">\n<div id=\"speedbump\">\n<div class=\"ObxnS\">\n<div class=\"MefFWe\">\n<div class=\"hbTneb\">\n<div class=\"KkSzKc\">A Prefeitura de Petrolina, atrav\u00e9s da Secretaria de Sa\u00fade, segue com o programa Farm\u00e1cia da Fam\u00edlia no Interior nas \u00e1reas rurais durante este m\u00eas de janeiro.<\/div>\n<div><\/div>\n<div class=\"KkSzKc\">O objetivo da a\u00e7\u00e3o \u00e9 melhorar o acesso \u00e0 sa\u00fade, especialmente atrav\u00e9s da distribui\u00e7\u00e3o de medicamentos e orienta\u00e7\u00e3o dos pacientes sobre a import\u00e2ncia de procurar um profissional para fazer o uso correto de rem\u00e9dios.<\/div>\n<div><\/div>\n<\/div>\n<\/div>\n<\/div>\n<\/div>\n<\/div>\n<div id=\"views\">\n<div id=\"cv_\" class=\" q0CeU  \">\n<div class=\"BMRW0e\">\n<div class=\"uQdvnb\">\n<div class=\"OM62re\">\n<div class=\"Atp2Qd\">\n<div class=\"gmSzme\" data-onclick=\"cvmsgcontainercl+23\">\n<div id=\"cvcmsg_1942ce59fd475910\" class=\"ArwC7c\">\n<div id=\"cvcfullmsg_1942ce59fd475910\" class=\"LnPMz\">\n<div id=\"cvcmsgbod_1942ce59fd475910\" class=\"qgRHze\">\n<div class=\"lR4FQe\">\n<div class=\"IoGNdb Zc0jMc \" dir=\"ltr\">\n<div dir=\"ltr\">\n<div><span>Para serem atendidos, os moradores dever\u00e3o apresentar receita m\u00e9dica dentro do prazo de validade; cart\u00e3o do SUS; documento com foto (v\u00e1lido tamb\u00e9m para o respons\u00e1vel pela retirada do medicamento). O atendimento come\u00e7a \u00e0s 9h em cada localidade.<\/span><\/div>\n<div><\/div>\n<div><span>Cronograma de visitas &#8211; Janeiro de 2025<\/span><\/div>\n<div><span>06\/01 &#8211; Pau Ferro<\/span><\/div>\n<div><span>08\/01 &#8211; Izacol\u00e2ndia<\/span><\/div>\n<div><span>10\/01 &#8211; Rajada<\/span><\/div>\n<div><span>13\/01 &#8211; Nova Descoberta<\/span><\/div>\n<div><span>15\/01 &#8211; Caititu<\/span><\/div>\n<div><span>17\/01 &#8211; N5<\/span><\/div>\n<div><span>20\/01 &#8211; Tapera<\/span><\/div>\n<div><span>22\/01 &#8211; N11<\/span><\/div>\n<div><span>24\/01 &#8211; Uru\u00e1s<\/span><\/div>\n<div><span>27\/01 &#8211; N4 I e II<\/span><\/div>\n<div><span>29\/01 &#8211; C1<\/span><\/div>\n<div><span>31\/01 &#8211; Serrote do Urubu<\/span><\/div>\n<div><\/div>\n<div><span>A iniciativa reflete o compromisso de gest\u00e3o municipal em promover sa\u00fade e qualidade de vida para as comunidades rurais de Petrolina.<\/span><\/div>\n<div><\/div>\n<\/div>\n<\/div>\n<\/div>\n<\/div>\n<\/div>\n<\/div>\n<\/div>\n<\/div>\n<\/div>\n<\/div>\n<\/div>\n<\/div>\n<\/div>\n","protected":false},"excerpt":{"rendered":"<p>A Prefeitura de Petrolina, atrav\u00e9s da Secretaria de Sa\u00fade, segue com o programa Farm\u00e1cia da Fam\u00edlia no Interior nas \u00e1reas rurais durante este m\u00eas de janeiro. O objetivo da a\u00e7\u00e3o \u00e9 melhorar o acesso \u00e0 sa\u00fade, especialmente atrav\u00e9s da distribui\u00e7\u00e3o de medicamentos e orienta\u00e7\u00e3o dos pacientes sobre a import\u00e2ncia de procurar um profissional para fazer o uso correto de rem\u00e9dios. Para serem atendidos, os moradores dever\u00e3o apresentar receita m\u00e9dica dentro do prazo de validade; cart\u00e3o do SUS; documento com foto (v\u00e1lido tamb\u00e9m para o respons\u00e1vel pela retirada do medicamento). O atendimento come\u00e7a \u00e0s 9h em cada localidade. Cronograma de visitas &#8211; Janeiro de 2025 06\/01 &#8211; Pau Ferro 08\/01 &#8211; Izacol\u00e2ndia 10\/01 &#8211; Rajada 13\/01 &#8211; Nova Descoberta 15\/01 &#8211;&hellip; <\/p>\n","protected":false},"author":2,"featured_media":368600,"comment_status":"open","ping_status":"open","sticky":false,"template":"","format":"standard","meta":{"_acf_changed":false,"footnotes":""},"categories":[22,4],"tags":[],"class_list":["post-384588","post","type-post","status-publish","format-standard","has-post-thumbnail","hentry","category-acao-social","category-saude"],"acf":[],"yoast_head":"<!-- This site is optimized with the Yoast SEO plugin v27.4 - https:\/\/yoast.com\/product\/yoast-seo-wordpress\/ -->\n<title>A Prefeitura de Petrolina vai levar a Farm\u00e1cia da Fam\u00edlia no Interior para 12 localidades rurais a partir de hoje - Blog do Farn\u00e9sio<\/title>\n<meta name=\"robots\" content=\"index, follow, max-snippet:-1, max-image-preview:large, max-video-preview:-1\" \/>\n<link rel=\"canonical\" href=\"https:\/\/blogdofarnesio.com.br\/?p=384588\" \/>\n<meta property=\"og:locale\" content=\"pt_BR\" \/>\n<meta property=\"og:type\" content=\"article\" \/>\n<meta property=\"og:title\" content=\"A Prefeitura de Petrolina vai levar a Farm\u00e1cia da Fam\u00edlia no Interior para 12 localidades rurais a partir de hoje - Blog do Farn\u00e9sio\" \/>\n<meta property=\"og:description\" content=\"A Prefeitura de Petrolina, atrav\u00e9s da Secretaria de Sa\u00fade, segue com o programa Farm\u00e1cia da Fam\u00edlia no Interior nas \u00e1reas rurais durante este m\u00eas de janeiro. O objetivo da a\u00e7\u00e3o \u00e9 melhorar o acesso \u00e0 sa\u00fade, especialmente atrav\u00e9s da distribui\u00e7\u00e3o de medicamentos e orienta\u00e7\u00e3o dos pacientes sobre a import\u00e2ncia de procurar um profissional para fazer o uso correto de rem\u00e9dios. Para serem atendidos, os moradores dever\u00e3o apresentar receita m\u00e9dica dentro do prazo de validade; cart\u00e3o do SUS; documento com foto (v\u00e1lido tamb\u00e9m para o respons\u00e1vel pela retirada do medicamento). O atendimento come\u00e7a \u00e0s 9h em cada localidade. Cronograma de visitas &#8211; Janeiro de 2025 06\/01 &#8211; Pau Ferro 08\/01 &#8211; Izacol\u00e2ndia 10\/01 &#8211; Rajada 13\/01 &#8211; Nova Descoberta 15\/01 &#8211;&hellip;\" \/>\n<meta property=\"og:url\" content=\"https:\/\/blogdofarnesio.com.br\/?p=384588\" \/>\n<meta property=\"og:site_name\" content=\"Blog do Farn\u00e9sio\" \/>\n<meta property=\"article:publisher\" content=\"https:\/\/www.facebook.com\/BlogQuerSaberPolitica\/\" \/>\n<meta property=\"article:author\" content=\"https:\/\/www.facebook.com\/?ref=tn_tnmn\" \/>\n<meta property=\"article:published_time\" content=\"2025-01-06T10:30:32+00:00\" \/>\n<meta property=\"og:image\" content=\"https:\/\/blogdofarnesio.com.br\/wp-content\/uploads\/2024\/05\/blogqsppet-Farmacia-da-Familia-no-Interior-1-e1736031597847.jpg\" \/>\n\t<meta property=\"og:image:width\" content=\"600\" \/>\n\t<meta property=\"og:image:height\" content=\"400\" \/>\n\t<meta property=\"og:image:type\" content=\"image\/jpeg\" \/>\n<meta name=\"author\" content=\"Farn\u00e9sio\" \/>\n<meta name=\"twitter:card\" content=\"summary_large_image\" \/>\n<meta name=\"twitter:label1\" content=\"Escrito por\" \/>\n\t<meta name=\"twitter:data1\" content=\"Farn\u00e9sio\" \/>\n\t<meta name=\"twitter:label2\" content=\"Est. tempo de leitura\" \/>\n\t<meta name=\"twitter:data2\" content=\"2 minutos\" \/>\n<script type=\"application\/ld+json\" class=\"yoast-schema-graph\">{\"@context\":\"https:\\\/\\\/schema.org\",\"@graph\":[{\"@type\":\"Article\",\"@id\":\"https:\\\/\\\/blogdofarnesio.com.br\\\/?p=384588#article\",\"isPartOf\":{\"@id\":\"https:\\\/\\\/blogdofarnesio.com.br\\\/?p=384588\"},\"author\":{\"name\":\"Farn\u00e9sio\",\"@id\":\"https:\\\/\\\/blogdofarnesio.com.br\\\/#\\\/schema\\\/person\\\/bb9b23ae3ad0609ce8df7b6c9e76824d\"},\"headline\":\"A Prefeitura de Petrolina vai levar a Farm\u00e1cia da Fam\u00edlia no Interior para 12 localidades rurais a partir de hoje\",\"datePublished\":\"2025-01-06T10:30:32+00:00\",\"mainEntityOfPage\":{\"@id\":\"https:\\\/\\\/blogdofarnesio.com.br\\\/?p=384588\"},\"wordCount\":197,\"commentCount\":0,\"publisher\":{\"@id\":\"https:\\\/\\\/blogdofarnesio.com.br\\\/#organization\"},\"image\":{\"@id\":\"https:\\\/\\\/blogdofarnesio.com.br\\\/?p=384588#primaryimage\"},\"thumbnailUrl\":\"https:\\\/\\\/blogdofarnesio.com.br\\\/wp-content\\\/uploads\\\/2024\\\/05\\\/blogqsppet-Farmacia-da-Familia-no-Interior-1-e1736031597847.jpg\",\"articleSection\":[\"A\u00e7\u00e3o Social\",\"Sa\u00fade\"],\"inLanguage\":\"pt-BR\",\"potentialAction\":[{\"@type\":\"CommentAction\",\"name\":\"Comment\",\"target\":[\"https:\\\/\\\/blogdofarnesio.com.br\\\/?p=384588#respond\"]}]},{\"@type\":\"WebPage\",\"@id\":\"https:\\\/\\\/blogdofarnesio.com.br\\\/?p=384588\",\"url\":\"https:\\\/\\\/blogdofarnesio.com.br\\\/?p=384588\",\"name\":\"A Prefeitura de Petrolina vai levar a Farm\u00e1cia da Fam\u00edlia no Interior para 12 localidades rurais a partir de hoje - Blog do Farn\u00e9sio\",\"isPartOf\":{\"@id\":\"https:\\\/\\\/blogdofarnesio.com.br\\\/#website\"},\"primaryImageOfPage\":{\"@id\":\"https:\\\/\\\/blogdofarnesio.com.br\\\/?p=384588#primaryimage\"},\"image\":{\"@id\":\"https:\\\/\\\/blogdofarnesio.com.br\\\/?p=384588#primaryimage\"},\"thumbnailUrl\":\"https:\\\/\\\/blogdofarnesio.com.br\\\/wp-content\\\/uploads\\\/2024\\\/05\\\/blogqsppet-Farmacia-da-Familia-no-Interior-1-e1736031597847.jpg\",\"datePublished\":\"2025-01-06T10:30:32+00:00\",\"breadcrumb\":{\"@id\":\"https:\\\/\\\/blogdofarnesio.com.br\\\/?p=384588#breadcrumb\"},\"inLanguage\":\"pt-BR\",\"potentialAction\":[{\"@type\":\"ReadAction\",\"target\":[\"https:\\\/\\\/blogdofarnesio.com.br\\\/?p=384588\"]}]},{\"@type\":\"ImageObject\",\"inLanguage\":\"pt-BR\",\"@id\":\"https:\\\/\\\/blogdofarnesio.com.br\\\/?p=384588#primaryimage\",\"url\":\"https:\\\/\\\/blogdofarnesio.com.br\\\/wp-content\\\/uploads\\\/2024\\\/05\\\/blogqsppet-Farmacia-da-Familia-no-Interior-1-e1736031597847.jpg\",\"contentUrl\":\"https:\\\/\\\/blogdofarnesio.com.br\\\/wp-content\\\/uploads\\\/2024\\\/05\\\/blogqsppet-Farmacia-da-Familia-no-Interior-1-e1736031597847.jpg\",\"width\":600,\"height\":400},{\"@type\":\"BreadcrumbList\",\"@id\":\"https:\\\/\\\/blogdofarnesio.com.br\\\/?p=384588#breadcrumb\",\"itemListElement\":[{\"@type\":\"ListItem\",\"position\":1,\"name\":\"In\u00edcio\",\"item\":\"https:\\\/\\\/blogdofarnesio.com.br\\\/\"},{\"@type\":\"ListItem\",\"position\":2,\"name\":\"A Prefeitura de Petrolina vai levar a Farm\u00e1cia da Fam\u00edlia no Interior para 12 localidades rurais a partir de hoje\"}]},{\"@type\":\"WebSite\",\"@id\":\"https:\\\/\\\/blogdofarnesio.com.br\\\/#website\",\"url\":\"https:\\\/\\\/blogdofarnesio.com.br\\\/\",\"name\":\"Blog do Farn\u00e9sio\",\"description\":\"Quer Saber Pol\u00edtica?\",\"publisher\":{\"@id\":\"https:\\\/\\\/blogdofarnesio.com.br\\\/#organization\"},\"potentialAction\":[{\"@type\":\"SearchAction\",\"target\":{\"@type\":\"EntryPoint\",\"urlTemplate\":\"https:\\\/\\\/blogdofarnesio.com.br\\\/?s={search_term_string}\"},\"query-input\":{\"@type\":\"PropertyValueSpecification\",\"valueRequired\":true,\"valueName\":\"search_term_string\"}}],\"inLanguage\":\"pt-BR\"},{\"@type\":\"Organization\",\"@id\":\"https:\\\/\\\/blogdofarnesio.com.br\\\/#organization\",\"name\":\"Blog do Farn\u00e9sio\",\"url\":\"https:\\\/\\\/blogdofarnesio.com.br\\\/\",\"logo\":{\"@type\":\"ImageObject\",\"inLanguage\":\"pt-BR\",\"@id\":\"https:\\\/\\\/blogdofarnesio.com.br\\\/#\\\/schema\\\/logo\\\/image\\\/\",\"url\":\"https:\\\/\\\/blogdofarnesio.com.br\\\/wp-content\\\/uploads\\\/2026\\\/03\\\/cropped-logo_new-1.png\",\"contentUrl\":\"https:\\\/\\\/blogdofarnesio.com.br\\\/wp-content\\\/uploads\\\/2026\\\/03\\\/cropped-logo_new-1.png\",\"width\":881,\"height\":685,\"caption\":\"Blog do Farn\u00e9sio\"},\"image\":{\"@id\":\"https:\\\/\\\/blogdofarnesio.com.br\\\/#\\\/schema\\\/logo\\\/image\\\/\"},\"sameAs\":[\"https:\\\/\\\/www.facebook.com\\\/BlogQuerSaberPolitica\\\/\"]},{\"@type\":\"Person\",\"@id\":\"https:\\\/\\\/blogdofarnesio.com.br\\\/#\\\/schema\\\/person\\\/bb9b23ae3ad0609ce8df7b6c9e76824d\",\"name\":\"Farn\u00e9sio\",\"image\":{\"@type\":\"ImageObject\",\"inLanguage\":\"pt-BR\",\"@id\":\"https:\\\/\\\/secure.gravatar.com\\\/avatar\\\/986aa4c61ccdb66f8555bf88fc2a65609d00bcabd4d2d94377a727547345cbca?s=96&d=mm&r=g\",\"url\":\"https:\\\/\\\/secure.gravatar.com\\\/avatar\\\/986aa4c61ccdb66f8555bf88fc2a65609d00bcabd4d2d94377a727547345cbca?s=96&d=mm&r=g\",\"contentUrl\":\"https:\\\/\\\/secure.gravatar.com\\\/avatar\\\/986aa4c61ccdb66f8555bf88fc2a65609d00bcabd4d2d94377a727547345cbca?s=96&d=mm&r=g\",\"caption\":\"Farn\u00e9sio\"},\"description\":\"Radialista blogueiro, chegou a Petrolina\\\/Juazeiro em setembro de 1980, Farn\u00e9sio Silva \u00e9 de Arapiraca-Alagoas.\",\"sameAs\":[\"http:\\\/\\\/blogdofarnesio.com.br\",\"https:\\\/\\\/www.facebook.com\\\/?ref=tn_tnmn\",\"https:\\\/\\\/www.instagram.com\\\/?utm_source=pwa_homescreen\",\"https:\\\/\\\/youtube.com.br\\\/\"],\"url\":\"https:\\\/\\\/blogdofarnesio.com.br\\\/?author=2\"}]}<\/script>\n<!-- \/ Yoast SEO plugin. -->","yoast_head_json":{"title":"A Prefeitura de Petrolina vai levar a Farm\u00e1cia da Fam\u00edlia no Interior para 12 localidades rurais a partir de hoje - Blog do Farn\u00e9sio","robots":{"index":"index","follow":"follow","max-snippet":"max-snippet:-1","max-image-preview":"max-image-preview:large","max-video-preview":"max-video-preview:-1"},"canonical":"https:\/\/blogdofarnesio.com.br\/?p=384588","og_locale":"pt_BR","og_type":"article","og_title":"A Prefeitura de Petrolina vai levar a Farm\u00e1cia da Fam\u00edlia no Interior para 12 localidades rurais a partir de hoje - Blog do Farn\u00e9sio","og_description":"A Prefeitura de Petrolina, atrav\u00e9s da Secretaria de Sa\u00fade, segue com o programa Farm\u00e1cia da Fam\u00edlia no Interior nas \u00e1reas rurais durante este m\u00eas de janeiro. O objetivo da a\u00e7\u00e3o \u00e9 melhorar o acesso \u00e0 sa\u00fade, especialmente atrav\u00e9s da distribui\u00e7\u00e3o de medicamentos e orienta\u00e7\u00e3o dos pacientes sobre a import\u00e2ncia de procurar um profissional para fazer o uso correto de rem\u00e9dios. Para serem atendidos, os moradores dever\u00e3o apresentar receita m\u00e9dica dentro do prazo de validade; cart\u00e3o do SUS; documento com foto (v\u00e1lido tamb\u00e9m para o respons\u00e1vel pela retirada do medicamento). O atendimento come\u00e7a \u00e0s 9h em cada localidade. Cronograma de visitas &#8211; Janeiro de 2025 06\/01 &#8211; Pau Ferro 08\/01 &#8211; Izacol\u00e2ndia 10\/01 &#8211; Rajada 13\/01 &#8211; Nova Descoberta 15\/01 &#8211;&hellip;","og_url":"https:\/\/blogdofarnesio.com.br\/?p=384588","og_site_name":"Blog do Farn\u00e9sio","article_publisher":"https:\/\/www.facebook.com\/BlogQuerSaberPolitica\/","article_author":"https:\/\/www.facebook.com\/?ref=tn_tnmn","article_published_time":"2025-01-06T10:30:32+00:00","og_image":[{"width":600,"height":400,"url":"https:\/\/blogdofarnesio.com.br\/wp-content\/uploads\/2024\/05\/blogqsppet-Farmacia-da-Familia-no-Interior-1-e1736031597847.jpg","type":"image\/jpeg"}],"author":"Farn\u00e9sio","twitter_card":"summary_large_image","twitter_misc":{"Escrito por":"Farn\u00e9sio","Est. tempo de leitura":"2 minutos"},"schema":{"@context":"https:\/\/schema.org","@graph":[{"@type":"Article","@id":"https:\/\/blogdofarnesio.com.br\/?p=384588#article","isPartOf":{"@id":"https:\/\/blogdofarnesio.com.br\/?p=384588"},"author":{"name":"Farn\u00e9sio","@id":"https:\/\/blogdofarnesio.com.br\/#\/schema\/person\/bb9b23ae3ad0609ce8df7b6c9e76824d"},"headline":"A Prefeitura de Petrolina vai levar a Farm\u00e1cia da Fam\u00edlia no Interior para 12 localidades rurais a partir de hoje","datePublished":"2025-01-06T10:30:32+00:00","mainEntityOfPage":{"@id":"https:\/\/blogdofarnesio.com.br\/?p=384588"},"wordCount":197,"commentCount":0,"publisher":{"@id":"https:\/\/blogdofarnesio.com.br\/#organization"},"image":{"@id":"https:\/\/blogdofarnesio.com.br\/?p=384588#primaryimage"},"thumbnailUrl":"https:\/\/blogdofarnesio.com.br\/wp-content\/uploads\/2024\/05\/blogqsppet-Farmacia-da-Familia-no-Interior-1-e1736031597847.jpg","articleSection":["A\u00e7\u00e3o Social","Sa\u00fade"],"inLanguage":"pt-BR","potentialAction":[{"@type":"CommentAction","name":"Comment","target":["https:\/\/blogdofarnesio.com.br\/?p=384588#respond"]}]},{"@type":"WebPage","@id":"https:\/\/blogdofarnesio.com.br\/?p=384588","url":"https:\/\/blogdofarnesio.com.br\/?p=384588","name":"A Prefeitura de Petrolina vai levar a Farm\u00e1cia da Fam\u00edlia no Interior para 12 localidades rurais a partir de hoje - Blog do Farn\u00e9sio","isPartOf":{"@id":"https:\/\/blogdofarnesio.com.br\/#website"},"primaryImageOfPage":{"@id":"https:\/\/blogdofarnesio.com.br\/?p=384588#primaryimage"},"image":{"@id":"https:\/\/blogdofarnesio.com.br\/?p=384588#primaryimage"},"thumbnailUrl":"https:\/\/blogdofarnesio.com.br\/wp-content\/uploads\/2024\/05\/blogqsppet-Farmacia-da-Familia-no-Interior-1-e1736031597847.jpg","datePublished":"2025-01-06T10:30:32+00:00","breadcrumb":{"@id":"https:\/\/blogdofarnesio.com.br\/?p=384588#breadcrumb"},"inLanguage":"pt-BR","potentialAction":[{"@type":"ReadAction","target":["https:\/\/blogdofarnesio.com.br\/?p=384588"]}]},{"@type":"ImageObject","inLanguage":"pt-BR","@id":"https:\/\/blogdofarnesio.com.br\/?p=384588#primaryimage","url":"https:\/\/blogdofarnesio.com.br\/wp-content\/uploads\/2024\/05\/blogqsppet-Farmacia-da-Familia-no-Interior-1-e1736031597847.jpg","contentUrl":"https:\/\/blogdofarnesio.com.br\/wp-content\/uploads\/2024\/05\/blogqsppet-Farmacia-da-Familia-no-Interior-1-e1736031597847.jpg","width":600,"height":400},{"@type":"BreadcrumbList","@id":"https:\/\/blogdofarnesio.com.br\/?p=384588#breadcrumb","itemListElement":[{"@type":"ListItem","position":1,"name":"In\u00edcio","item":"https:\/\/blogdofarnesio.com.br\/"},{"@type":"ListItem","position":2,"name":"A Prefeitura de Petrolina vai levar a Farm\u00e1cia da Fam\u00edlia no Interior para 12 localidades rurais a partir de hoje"}]},{"@type":"WebSite","@id":"https:\/\/blogdofarnesio.com.br\/#website","url":"https:\/\/blogdofarnesio.com.br\/","name":"Blog do Farn\u00e9sio","description":"Quer Saber Pol\u00edtica?","publisher":{"@id":"https:\/\/blogdofarnesio.com.br\/#organization"},"potentialAction":[{"@type":"SearchAction","target":{"@type":"EntryPoint","urlTemplate":"https:\/\/blogdofarnesio.com.br\/?s={search_term_string}"},"query-input":{"@type":"PropertyValueSpecification","valueRequired":true,"valueName":"search_term_string"}}],"inLanguage":"pt-BR"},{"@type":"Organization","@id":"https:\/\/blogdofarnesio.com.br\/#organization","name":"Blog do Farn\u00e9sio","url":"https:\/\/blogdofarnesio.com.br\/","logo":{"@type":"ImageObject","inLanguage":"pt-BR","@id":"https:\/\/blogdofarnesio.com.br\/#\/schema\/logo\/image\/","url":"https:\/\/blogdofarnesio.com.br\/wp-content\/uploads\/2026\/03\/cropped-logo_new-1.png","contentUrl":"https:\/\/blogdofarnesio.com.br\/wp-content\/uploads\/2026\/03\/cropped-logo_new-1.png","width":881,"height":685,"caption":"Blog do Farn\u00e9sio"},"image":{"@id":"https:\/\/blogdofarnesio.com.br\/#\/schema\/logo\/image\/"},"sameAs":["https:\/\/www.facebook.com\/BlogQuerSaberPolitica\/"]},{"@type":"Person","@id":"https:\/\/blogdofarnesio.com.br\/#\/schema\/person\/bb9b23ae3ad0609ce8df7b6c9e76824d","name":"Farn\u00e9sio","image":{"@type":"ImageObject","inLanguage":"pt-BR","@id":"https:\/\/secure.gravatar.com\/avatar\/986aa4c61ccdb66f8555bf88fc2a65609d00bcabd4d2d94377a727547345cbca?s=96&d=mm&r=g","url":"https:\/\/secure.gravatar.com\/avatar\/986aa4c61ccdb66f8555bf88fc2a65609d00bcabd4d2d94377a727547345cbca?s=96&d=mm&r=g","contentUrl":"https:\/\/secure.gravatar.com\/avatar\/986aa4c61ccdb66f8555bf88fc2a65609d00bcabd4d2d94377a727547345cbca?s=96&d=mm&r=g","caption":"Farn\u00e9sio"},"description":"Radialista blogueiro, chegou a Petrolina\/Juazeiro em setembro de 1980, Farn\u00e9sio Silva \u00e9 de Arapiraca-Alagoas.","sameAs":["http:\/\/blogdofarnesio.com.br","https:\/\/www.facebook.com\/?ref=tn_tnmn","https:\/\/www.instagram.com\/?utm_source=pwa_homescreen","https:\/\/youtube.com.br\/"],"url":"https:\/\/blogdofarnesio.com.br\/?author=2"}]}},"_links":{"self":[{"href":"https:\/\/blogdofarnesio.com.br\/index.php?rest_route=\/wp\/v2\/posts\/384588","targetHints":{"allow":["GET"]}}],"collection":[{"href":"https:\/\/blogdofarnesio.com.br\/index.php?rest_route=\/wp\/v2\/posts"}],"about":[{"href":"https:\/\/blogdofarnesio.com.br\/index.php?rest_route=\/wp\/v2\/types\/post"}],"author":[{"embeddable":true,"href":"https:\/\/blogdofarnesio.com.br\/index.php?rest_route=\/wp\/v2\/users\/2"}],"replies":[{"embeddable":true,"href":"https:\/\/blogdofarnesio.com.br\/index.php?rest_route=%2Fwp%2Fv2%2Fcomments&post=384588"}],"version-history":[{"count":0,"href":"https:\/\/blogdofarnesio.com.br\/index.php?rest_route=\/wp\/v2\/posts\/384588\/revisions"}],"wp:featuredmedia":[{"embeddable":true,"href":"https:\/\/blogdofarnesio.com.br\/index.php?rest_route=\/wp\/v2\/media\/368600"}],"wp:attachment":[{"href":"https:\/\/blogdofarnesio.com.br\/index.php?rest_route=%2Fwp%2Fv2%2Fmedia&parent=384588"}],"wp:term":[{"taxonomy":"category","embeddable":true,"href":"https:\/\/blogdofarnesio.com.br\/index.php?rest_route=%2Fwp%2Fv2%2Fcategories&post=384588"},{"taxonomy":"post_tag","embeddable":true,"href":"https:\/\/blogdofarnesio.com.br\/index.php?rest_route=%2Fwp%2Fv2%2Ftags&post=384588"}],"curies":[{"name":"wp","href":"https:\/\/api.w.org\/{rel}","templated":true}]}}