{"id":384388,"date":"2025-01-01T14:00:24","date_gmt":"2025-01-01T17:00:24","guid":{"rendered":"https:\/\/blogdofarnesio.com.br\/?p=384388"},"modified":"2025-01-01T09:27:05","modified_gmt":"2025-01-01T12:27:05","slug":"prefeito-reeleito-laercio-junior-vice-prefeito-e-vereadores-do-senhor-do-bonfim-serao-empossados-nesta-quarta-feira-1o","status":"publish","type":"post","link":"https:\/\/blogdofarnesio.com.br\/?p=384388","title":{"rendered":"Prefeito reeleito La\u00e9rcio J\u00fanior, vice-prefeito e vereadores do Senhor do Bonfim ser\u00e3o empossados \u200b\u200bnesta quarta-feira (1\u00ba)"},"content":{"rendered":"<p>Nesta quarta-feira, 1\u00ba de janeiro, o prefeito reeleito do Senhor do Bonfim, La\u00e9rcio J\u00fanior, tomar\u00e1 posse para seu segundo mandato em cerim\u00f4nia marcada para \u00e0s 18h na Pra\u00e7a Juracy Magalh\u00e3es, tamb\u00e9m conhecida como Pra\u00e7a da Igreja Cat\u00f3lica.<\/p>\n<p>La\u00e9rcio venceu as elei\u00e7\u00f5es do \u00faltimo pleito realizado em outubro de 2024 com quase 80% dos votos v\u00e1lidos.<\/p>\n<p>Durante o evento, tamb\u00e9m ser\u00e3o empossados \u200b\u200bo vice-prefeito Elizeu Rios, e os vereadores eleitos para a nova legislatura. A solenidade \u00e9 aberta \u00e0 popula\u00e7\u00e3o e marca o in\u00edcio de mais um ciclo administrativo no munic\u00edpio.<\/p>\n<p>La\u00e9rcio J\u00fanior destacou seu compromisso em continuar trabalhando para o desenvolvimento do Senhor do Bonfim. &#8220;Assumo mais uma vez essa responsabilidade com gratid\u00e3o e determina\u00e7\u00e3o.<\/p>\n<p>Nosso compromisso \u00e9 seguir avan\u00e7ando, garantindo melhorias para a vida dos bonfinenses. Estou pronto para mais quatro anos de muito trabalho e dedica\u00e7\u00e3o \u00e0 nossa cidade&#8221;, afirmou o prefeito reeleito.<\/p>\n<p>A posse promete ser um momento de celebra\u00e7\u00f5es e reafirma\u00e7\u00e3o de metas para o futuro do munic\u00edpio. A presen\u00e7a da comunidade \u00e9 esperada como forma de apoio e engajamento no novo ciclo de gest\u00e3o.<\/p>\n<p>&nbsp;<\/p>\n<p>Ascom La\u00e9rcio J\u00fanior<\/p>\n","protected":false},"excerpt":{"rendered":"<p>Nesta quarta-feira, 1\u00ba de janeiro, o prefeito reeleito do Senhor do Bonfim, La\u00e9rcio J\u00fanior, tomar\u00e1 posse para seu segundo mandato em cerim\u00f4nia marcada para \u00e0s 18h na Pra\u00e7a Juracy Magalh\u00e3es, tamb\u00e9m conhecida como Pra\u00e7a da Igreja Cat\u00f3lica. La\u00e9rcio venceu as elei\u00e7\u00f5es do \u00faltimo pleito realizado em outubro de 2024 com quase 80% dos votos v\u00e1lidos. Durante o evento, tamb\u00e9m ser\u00e3o empossados \u200b\u200bo vice-prefeito Elizeu Rios, e os vereadores eleitos para a nova legislatura. A solenidade \u00e9 aberta \u00e0 popula\u00e7\u00e3o e marca o in\u00edcio de mais um ciclo administrativo no munic\u00edpio. La\u00e9rcio J\u00fanior destacou seu compromisso em continuar trabalhando para o desenvolvimento do Senhor do Bonfim. &#8220;Assumo mais uma vez essa responsabilidade com gratid\u00e3o e determina\u00e7\u00e3o. Nosso compromisso \u00e9 seguir avan\u00e7ando,&hellip; <\/p>\n","protected":false},"author":2,"featured_media":384389,"comment_status":"open","ping_status":"open","sticky":false,"template":"","format":"standard","meta":{"_acf_changed":false,"footnotes":""},"categories":[27],"tags":[],"class_list":["post-384388","post","type-post","status-publish","format-standard","has-post-thumbnail","hentry","category-cidades"],"acf":[],"yoast_head":"<!-- This site is optimized with the Yoast SEO plugin v27.4 - https:\/\/yoast.com\/product\/yoast-seo-wordpress\/ -->\n<title>Prefeito reeleito La\u00e9rcio J\u00fanior, vice-prefeito e vereadores do Senhor do Bonfim ser\u00e3o empossados \u200b\u200bnesta quarta-feira (1\u00ba) - Blog do Farn\u00e9sio<\/title>\n<meta name=\"robots\" content=\"index, follow, max-snippet:-1, max-image-preview:large, max-video-preview:-1\" \/>\n<link rel=\"canonical\" href=\"https:\/\/blogdofarnesio.com.br\/?p=384388\" \/>\n<meta property=\"og:locale\" content=\"pt_BR\" \/>\n<meta property=\"og:type\" content=\"article\" \/>\n<meta property=\"og:title\" content=\"Prefeito reeleito La\u00e9rcio J\u00fanior, vice-prefeito e vereadores do Senhor do Bonfim ser\u00e3o empossados \u200b\u200bnesta quarta-feira (1\u00ba) - Blog do Farn\u00e9sio\" \/>\n<meta property=\"og:description\" content=\"Nesta quarta-feira, 1\u00ba de janeiro, o prefeito reeleito do Senhor do Bonfim, La\u00e9rcio J\u00fanior, tomar\u00e1 posse para seu segundo mandato em cerim\u00f4nia marcada para \u00e0s 18h na Pra\u00e7a Juracy Magalh\u00e3es, tamb\u00e9m conhecida como Pra\u00e7a da Igreja Cat\u00f3lica. La\u00e9rcio venceu as elei\u00e7\u00f5es do \u00faltimo pleito realizado em outubro de 2024 com quase 80% dos votos v\u00e1lidos. Durante o evento, tamb\u00e9m ser\u00e3o empossados \u200b\u200bo vice-prefeito Elizeu Rios, e os vereadores eleitos para a nova legislatura. A solenidade \u00e9 aberta \u00e0 popula\u00e7\u00e3o e marca o in\u00edcio de mais um ciclo administrativo no munic\u00edpio. La\u00e9rcio J\u00fanior destacou seu compromisso em continuar trabalhando para o desenvolvimento do Senhor do Bonfim. &#8220;Assumo mais uma vez essa responsabilidade com gratid\u00e3o e determina\u00e7\u00e3o. Nosso compromisso \u00e9 seguir avan\u00e7ando,&hellip;\" \/>\n<meta property=\"og:url\" content=\"https:\/\/blogdofarnesio.com.br\/?p=384388\" \/>\n<meta property=\"og:site_name\" content=\"Blog do Farn\u00e9sio\" \/>\n<meta property=\"article:publisher\" content=\"https:\/\/www.facebook.com\/BlogQuerSaberPolitica\/\" \/>\n<meta property=\"article:author\" content=\"https:\/\/www.facebook.com\/?ref=tn_tnmn\" \/>\n<meta property=\"article:published_time\" content=\"2025-01-01T17:00:24+00:00\" \/>\n<meta property=\"og:image\" content=\"https:\/\/blogdofarnesio.com.br\/wp-content\/uploads\/2025\/01\/WhatsApp-Image-2024-12-31-at-10.37.31-e1735734381370.jpeg\" \/>\n\t<meta property=\"og:image:width\" content=\"500\" \/>\n\t<meta property=\"og:image:height\" content=\"500\" \/>\n\t<meta property=\"og:image:type\" content=\"image\/jpeg\" \/>\n<meta name=\"author\" content=\"Farn\u00e9sio\" \/>\n<meta name=\"twitter:card\" content=\"summary_large_image\" \/>\n<meta name=\"twitter:label1\" content=\"Escrito por\" \/>\n\t<meta name=\"twitter:data1\" content=\"Farn\u00e9sio\" \/>\n\t<meta name=\"twitter:label2\" content=\"Est. tempo de leitura\" \/>\n\t<meta name=\"twitter:data2\" content=\"2 minutos\" \/>\n<script type=\"application\/ld+json\" class=\"yoast-schema-graph\">{\"@context\":\"https:\\\/\\\/schema.org\",\"@graph\":[{\"@type\":\"Article\",\"@id\":\"https:\\\/\\\/blogdofarnesio.com.br\\\/?p=384388#article\",\"isPartOf\":{\"@id\":\"https:\\\/\\\/blogdofarnesio.com.br\\\/?p=384388\"},\"author\":{\"name\":\"Farn\u00e9sio\",\"@id\":\"https:\\\/\\\/blogdofarnesio.com.br\\\/#\\\/schema\\\/person\\\/bb9b23ae3ad0609ce8df7b6c9e76824d\"},\"headline\":\"Prefeito reeleito La\u00e9rcio J\u00fanior, vice-prefeito e vereadores do Senhor do Bonfim ser\u00e3o empossados \u200b\u200bnesta quarta-feira (1\u00ba)\",\"datePublished\":\"2025-01-01T17:00:24+00:00\",\"mainEntityOfPage\":{\"@id\":\"https:\\\/\\\/blogdofarnesio.com.br\\\/?p=384388\"},\"wordCount\":222,\"commentCount\":0,\"publisher\":{\"@id\":\"https:\\\/\\\/blogdofarnesio.com.br\\\/#organization\"},\"image\":{\"@id\":\"https:\\\/\\\/blogdofarnesio.com.br\\\/?p=384388#primaryimage\"},\"thumbnailUrl\":\"https:\\\/\\\/blogdofarnesio.com.br\\\/wp-content\\\/uploads\\\/2025\\\/01\\\/WhatsApp-Image-2024-12-31-at-10.37.31-e1735734381370.jpeg\",\"articleSection\":[\"Cidades\"],\"inLanguage\":\"pt-BR\",\"potentialAction\":[{\"@type\":\"CommentAction\",\"name\":\"Comment\",\"target\":[\"https:\\\/\\\/blogdofarnesio.com.br\\\/?p=384388#respond\"]}]},{\"@type\":\"WebPage\",\"@id\":\"https:\\\/\\\/blogdofarnesio.com.br\\\/?p=384388\",\"url\":\"https:\\\/\\\/blogdofarnesio.com.br\\\/?p=384388\",\"name\":\"Prefeito reeleito La\u00e9rcio J\u00fanior, vice-prefeito e vereadores do Senhor do Bonfim ser\u00e3o empossados \u200b\u200bnesta quarta-feira (1\u00ba) - Blog do Farn\u00e9sio\",\"isPartOf\":{\"@id\":\"https:\\\/\\\/blogdofarnesio.com.br\\\/#website\"},\"primaryImageOfPage\":{\"@id\":\"https:\\\/\\\/blogdofarnesio.com.br\\\/?p=384388#primaryimage\"},\"image\":{\"@id\":\"https:\\\/\\\/blogdofarnesio.com.br\\\/?p=384388#primaryimage\"},\"thumbnailUrl\":\"https:\\\/\\\/blogdofarnesio.com.br\\\/wp-content\\\/uploads\\\/2025\\\/01\\\/WhatsApp-Image-2024-12-31-at-10.37.31-e1735734381370.jpeg\",\"datePublished\":\"2025-01-01T17:00:24+00:00\",\"breadcrumb\":{\"@id\":\"https:\\\/\\\/blogdofarnesio.com.br\\\/?p=384388#breadcrumb\"},\"inLanguage\":\"pt-BR\",\"potentialAction\":[{\"@type\":\"ReadAction\",\"target\":[\"https:\\\/\\\/blogdofarnesio.com.br\\\/?p=384388\"]}]},{\"@type\":\"ImageObject\",\"inLanguage\":\"pt-BR\",\"@id\":\"https:\\\/\\\/blogdofarnesio.com.br\\\/?p=384388#primaryimage\",\"url\":\"https:\\\/\\\/blogdofarnesio.com.br\\\/wp-content\\\/uploads\\\/2025\\\/01\\\/WhatsApp-Image-2024-12-31-at-10.37.31-e1735734381370.jpeg\",\"contentUrl\":\"https:\\\/\\\/blogdofarnesio.com.br\\\/wp-content\\\/uploads\\\/2025\\\/01\\\/WhatsApp-Image-2024-12-31-at-10.37.31-e1735734381370.jpeg\",\"width\":500,\"height\":500},{\"@type\":\"BreadcrumbList\",\"@id\":\"https:\\\/\\\/blogdofarnesio.com.br\\\/?p=384388#breadcrumb\",\"itemListElement\":[{\"@type\":\"ListItem\",\"position\":1,\"name\":\"In\u00edcio\",\"item\":\"https:\\\/\\\/blogdofarnesio.com.br\\\/\"},{\"@type\":\"ListItem\",\"position\":2,\"name\":\"Prefeito reeleito La\u00e9rcio J\u00fanior, vice-prefeito e vereadores do Senhor do Bonfim ser\u00e3o empossados \u200b\u200bnesta quarta-feira (1\u00ba)\"}]},{\"@type\":\"WebSite\",\"@id\":\"https:\\\/\\\/blogdofarnesio.com.br\\\/#website\",\"url\":\"https:\\\/\\\/blogdofarnesio.com.br\\\/\",\"name\":\"Blog do Farn\u00e9sio\",\"description\":\"Quer Saber Pol\u00edtica?\",\"publisher\":{\"@id\":\"https:\\\/\\\/blogdofarnesio.com.br\\\/#organization\"},\"potentialAction\":[{\"@type\":\"SearchAction\",\"target\":{\"@type\":\"EntryPoint\",\"urlTemplate\":\"https:\\\/\\\/blogdofarnesio.com.br\\\/?s={search_term_string}\"},\"query-input\":{\"@type\":\"PropertyValueSpecification\",\"valueRequired\":true,\"valueName\":\"search_term_string\"}}],\"inLanguage\":\"pt-BR\"},{\"@type\":\"Organization\",\"@id\":\"https:\\\/\\\/blogdofarnesio.com.br\\\/#organization\",\"name\":\"Blog do Farn\u00e9sio\",\"url\":\"https:\\\/\\\/blogdofarnesio.com.br\\\/\",\"logo\":{\"@type\":\"ImageObject\",\"inLanguage\":\"pt-BR\",\"@id\":\"https:\\\/\\\/blogdofarnesio.com.br\\\/#\\\/schema\\\/logo\\\/image\\\/\",\"url\":\"https:\\\/\\\/blogdofarnesio.com.br\\\/wp-content\\\/uploads\\\/2026\\\/03\\\/cropped-logo_new-1.png\",\"contentUrl\":\"https:\\\/\\\/blogdofarnesio.com.br\\\/wp-content\\\/uploads\\\/2026\\\/03\\\/cropped-logo_new-1.png\",\"width\":881,\"height\":685,\"caption\":\"Blog do Farn\u00e9sio\"},\"image\":{\"@id\":\"https:\\\/\\\/blogdofarnesio.com.br\\\/#\\\/schema\\\/logo\\\/image\\\/\"},\"sameAs\":[\"https:\\\/\\\/www.facebook.com\\\/BlogQuerSaberPolitica\\\/\"]},{\"@type\":\"Person\",\"@id\":\"https:\\\/\\\/blogdofarnesio.com.br\\\/#\\\/schema\\\/person\\\/bb9b23ae3ad0609ce8df7b6c9e76824d\",\"name\":\"Farn\u00e9sio\",\"image\":{\"@type\":\"ImageObject\",\"inLanguage\":\"pt-BR\",\"@id\":\"https:\\\/\\\/secure.gravatar.com\\\/avatar\\\/986aa4c61ccdb66f8555bf88fc2a65609d00bcabd4d2d94377a727547345cbca?s=96&d=mm&r=g\",\"url\":\"https:\\\/\\\/secure.gravatar.com\\\/avatar\\\/986aa4c61ccdb66f8555bf88fc2a65609d00bcabd4d2d94377a727547345cbca?s=96&d=mm&r=g\",\"contentUrl\":\"https:\\\/\\\/secure.gravatar.com\\\/avatar\\\/986aa4c61ccdb66f8555bf88fc2a65609d00bcabd4d2d94377a727547345cbca?s=96&d=mm&r=g\",\"caption\":\"Farn\u00e9sio\"},\"description\":\"Radialista blogueiro, chegou a Petrolina\\\/Juazeiro em setembro de 1980, Farn\u00e9sio Silva \u00e9 de Arapiraca-Alagoas.\",\"sameAs\":[\"http:\\\/\\\/blogdofarnesio.com.br\",\"https:\\\/\\\/www.facebook.com\\\/?ref=tn_tnmn\",\"https:\\\/\\\/www.instagram.com\\\/?utm_source=pwa_homescreen\",\"https:\\\/\\\/youtube.com.br\\\/\"],\"url\":\"https:\\\/\\\/blogdofarnesio.com.br\\\/?author=2\"}]}<\/script>\n<!-- \/ Yoast SEO plugin. -->","yoast_head_json":{"title":"Prefeito reeleito La\u00e9rcio J\u00fanior, vice-prefeito e vereadores do Senhor do Bonfim ser\u00e3o empossados \u200b\u200bnesta quarta-feira (1\u00ba) - Blog do Farn\u00e9sio","robots":{"index":"index","follow":"follow","max-snippet":"max-snippet:-1","max-image-preview":"max-image-preview:large","max-video-preview":"max-video-preview:-1"},"canonical":"https:\/\/blogdofarnesio.com.br\/?p=384388","og_locale":"pt_BR","og_type":"article","og_title":"Prefeito reeleito La\u00e9rcio J\u00fanior, vice-prefeito e vereadores do Senhor do Bonfim ser\u00e3o empossados \u200b\u200bnesta quarta-feira (1\u00ba) - Blog do Farn\u00e9sio","og_description":"Nesta quarta-feira, 1\u00ba de janeiro, o prefeito reeleito do Senhor do Bonfim, La\u00e9rcio J\u00fanior, tomar\u00e1 posse para seu segundo mandato em cerim\u00f4nia marcada para \u00e0s 18h na Pra\u00e7a Juracy Magalh\u00e3es, tamb\u00e9m conhecida como Pra\u00e7a da Igreja Cat\u00f3lica. La\u00e9rcio venceu as elei\u00e7\u00f5es do \u00faltimo pleito realizado em outubro de 2024 com quase 80% dos votos v\u00e1lidos. Durante o evento, tamb\u00e9m ser\u00e3o empossados \u200b\u200bo vice-prefeito Elizeu Rios, e os vereadores eleitos para a nova legislatura. A solenidade \u00e9 aberta \u00e0 popula\u00e7\u00e3o e marca o in\u00edcio de mais um ciclo administrativo no munic\u00edpio. La\u00e9rcio J\u00fanior destacou seu compromisso em continuar trabalhando para o desenvolvimento do Senhor do Bonfim. &#8220;Assumo mais uma vez essa responsabilidade com gratid\u00e3o e determina\u00e7\u00e3o. Nosso compromisso \u00e9 seguir avan\u00e7ando,&hellip;","og_url":"https:\/\/blogdofarnesio.com.br\/?p=384388","og_site_name":"Blog do Farn\u00e9sio","article_publisher":"https:\/\/www.facebook.com\/BlogQuerSaberPolitica\/","article_author":"https:\/\/www.facebook.com\/?ref=tn_tnmn","article_published_time":"2025-01-01T17:00:24+00:00","og_image":[{"width":500,"height":500,"url":"https:\/\/blogdofarnesio.com.br\/wp-content\/uploads\/2025\/01\/WhatsApp-Image-2024-12-31-at-10.37.31-e1735734381370.jpeg","type":"image\/jpeg"}],"author":"Farn\u00e9sio","twitter_card":"summary_large_image","twitter_misc":{"Escrito por":"Farn\u00e9sio","Est. tempo de leitura":"2 minutos"},"schema":{"@context":"https:\/\/schema.org","@graph":[{"@type":"Article","@id":"https:\/\/blogdofarnesio.com.br\/?p=384388#article","isPartOf":{"@id":"https:\/\/blogdofarnesio.com.br\/?p=384388"},"author":{"name":"Farn\u00e9sio","@id":"https:\/\/blogdofarnesio.com.br\/#\/schema\/person\/bb9b23ae3ad0609ce8df7b6c9e76824d"},"headline":"Prefeito reeleito La\u00e9rcio J\u00fanior, vice-prefeito e vereadores do Senhor do Bonfim ser\u00e3o empossados \u200b\u200bnesta quarta-feira (1\u00ba)","datePublished":"2025-01-01T17:00:24+00:00","mainEntityOfPage":{"@id":"https:\/\/blogdofarnesio.com.br\/?p=384388"},"wordCount":222,"commentCount":0,"publisher":{"@id":"https:\/\/blogdofarnesio.com.br\/#organization"},"image":{"@id":"https:\/\/blogdofarnesio.com.br\/?p=384388#primaryimage"},"thumbnailUrl":"https:\/\/blogdofarnesio.com.br\/wp-content\/uploads\/2025\/01\/WhatsApp-Image-2024-12-31-at-10.37.31-e1735734381370.jpeg","articleSection":["Cidades"],"inLanguage":"pt-BR","potentialAction":[{"@type":"CommentAction","name":"Comment","target":["https:\/\/blogdofarnesio.com.br\/?p=384388#respond"]}]},{"@type":"WebPage","@id":"https:\/\/blogdofarnesio.com.br\/?p=384388","url":"https:\/\/blogdofarnesio.com.br\/?p=384388","name":"Prefeito reeleito La\u00e9rcio J\u00fanior, vice-prefeito e vereadores do Senhor do Bonfim ser\u00e3o empossados \u200b\u200bnesta quarta-feira (1\u00ba) - Blog do Farn\u00e9sio","isPartOf":{"@id":"https:\/\/blogdofarnesio.com.br\/#website"},"primaryImageOfPage":{"@id":"https:\/\/blogdofarnesio.com.br\/?p=384388#primaryimage"},"image":{"@id":"https:\/\/blogdofarnesio.com.br\/?p=384388#primaryimage"},"thumbnailUrl":"https:\/\/blogdofarnesio.com.br\/wp-content\/uploads\/2025\/01\/WhatsApp-Image-2024-12-31-at-10.37.31-e1735734381370.jpeg","datePublished":"2025-01-01T17:00:24+00:00","breadcrumb":{"@id":"https:\/\/blogdofarnesio.com.br\/?p=384388#breadcrumb"},"inLanguage":"pt-BR","potentialAction":[{"@type":"ReadAction","target":["https:\/\/blogdofarnesio.com.br\/?p=384388"]}]},{"@type":"ImageObject","inLanguage":"pt-BR","@id":"https:\/\/blogdofarnesio.com.br\/?p=384388#primaryimage","url":"https:\/\/blogdofarnesio.com.br\/wp-content\/uploads\/2025\/01\/WhatsApp-Image-2024-12-31-at-10.37.31-e1735734381370.jpeg","contentUrl":"https:\/\/blogdofarnesio.com.br\/wp-content\/uploads\/2025\/01\/WhatsApp-Image-2024-12-31-at-10.37.31-e1735734381370.jpeg","width":500,"height":500},{"@type":"BreadcrumbList","@id":"https:\/\/blogdofarnesio.com.br\/?p=384388#breadcrumb","itemListElement":[{"@type":"ListItem","position":1,"name":"In\u00edcio","item":"https:\/\/blogdofarnesio.com.br\/"},{"@type":"ListItem","position":2,"name":"Prefeito reeleito La\u00e9rcio J\u00fanior, vice-prefeito e vereadores do Senhor do Bonfim ser\u00e3o empossados \u200b\u200bnesta quarta-feira (1\u00ba)"}]},{"@type":"WebSite","@id":"https:\/\/blogdofarnesio.com.br\/#website","url":"https:\/\/blogdofarnesio.com.br\/","name":"Blog do Farn\u00e9sio","description":"Quer Saber Pol\u00edtica?","publisher":{"@id":"https:\/\/blogdofarnesio.com.br\/#organization"},"potentialAction":[{"@type":"SearchAction","target":{"@type":"EntryPoint","urlTemplate":"https:\/\/blogdofarnesio.com.br\/?s={search_term_string}"},"query-input":{"@type":"PropertyValueSpecification","valueRequired":true,"valueName":"search_term_string"}}],"inLanguage":"pt-BR"},{"@type":"Organization","@id":"https:\/\/blogdofarnesio.com.br\/#organization","name":"Blog do Farn\u00e9sio","url":"https:\/\/blogdofarnesio.com.br\/","logo":{"@type":"ImageObject","inLanguage":"pt-BR","@id":"https:\/\/blogdofarnesio.com.br\/#\/schema\/logo\/image\/","url":"https:\/\/blogdofarnesio.com.br\/wp-content\/uploads\/2026\/03\/cropped-logo_new-1.png","contentUrl":"https:\/\/blogdofarnesio.com.br\/wp-content\/uploads\/2026\/03\/cropped-logo_new-1.png","width":881,"height":685,"caption":"Blog do Farn\u00e9sio"},"image":{"@id":"https:\/\/blogdofarnesio.com.br\/#\/schema\/logo\/image\/"},"sameAs":["https:\/\/www.facebook.com\/BlogQuerSaberPolitica\/"]},{"@type":"Person","@id":"https:\/\/blogdofarnesio.com.br\/#\/schema\/person\/bb9b23ae3ad0609ce8df7b6c9e76824d","name":"Farn\u00e9sio","image":{"@type":"ImageObject","inLanguage":"pt-BR","@id":"https:\/\/secure.gravatar.com\/avatar\/986aa4c61ccdb66f8555bf88fc2a65609d00bcabd4d2d94377a727547345cbca?s=96&d=mm&r=g","url":"https:\/\/secure.gravatar.com\/avatar\/986aa4c61ccdb66f8555bf88fc2a65609d00bcabd4d2d94377a727547345cbca?s=96&d=mm&r=g","contentUrl":"https:\/\/secure.gravatar.com\/avatar\/986aa4c61ccdb66f8555bf88fc2a65609d00bcabd4d2d94377a727547345cbca?s=96&d=mm&r=g","caption":"Farn\u00e9sio"},"description":"Radialista blogueiro, chegou a Petrolina\/Juazeiro em setembro de 1980, Farn\u00e9sio Silva \u00e9 de Arapiraca-Alagoas.","sameAs":["http:\/\/blogdofarnesio.com.br","https:\/\/www.facebook.com\/?ref=tn_tnmn","https:\/\/www.instagram.com\/?utm_source=pwa_homescreen","https:\/\/youtube.com.br\/"],"url":"https:\/\/blogdofarnesio.com.br\/?author=2"}]}},"_links":{"self":[{"href":"https:\/\/blogdofarnesio.com.br\/index.php?rest_route=\/wp\/v2\/posts\/384388","targetHints":{"allow":["GET"]}}],"collection":[{"href":"https:\/\/blogdofarnesio.com.br\/index.php?rest_route=\/wp\/v2\/posts"}],"about":[{"href":"https:\/\/blogdofarnesio.com.br\/index.php?rest_route=\/wp\/v2\/types\/post"}],"author":[{"embeddable":true,"href":"https:\/\/blogdofarnesio.com.br\/index.php?rest_route=\/wp\/v2\/users\/2"}],"replies":[{"embeddable":true,"href":"https:\/\/blogdofarnesio.com.br\/index.php?rest_route=%2Fwp%2Fv2%2Fcomments&post=384388"}],"version-history":[{"count":0,"href":"https:\/\/blogdofarnesio.com.br\/index.php?rest_route=\/wp\/v2\/posts\/384388\/revisions"}],"wp:featuredmedia":[{"embeddable":true,"href":"https:\/\/blogdofarnesio.com.br\/index.php?rest_route=\/wp\/v2\/media\/384389"}],"wp:attachment":[{"href":"https:\/\/blogdofarnesio.com.br\/index.php?rest_route=%2Fwp%2Fv2%2Fmedia&parent=384388"}],"wp:term":[{"taxonomy":"category","embeddable":true,"href":"https:\/\/blogdofarnesio.com.br\/index.php?rest_route=%2Fwp%2Fv2%2Fcategories&post=384388"},{"taxonomy":"post_tag","embeddable":true,"href":"https:\/\/blogdofarnesio.com.br\/index.php?rest_route=%2Fwp%2Fv2%2Ftags&post=384388"}],"curies":[{"name":"wp","href":"https:\/\/api.w.org\/{rel}","templated":true}]}}