{"id":383695,"date":"2024-12-18T07:42:46","date_gmt":"2024-12-18T10:42:46","guid":{"rendered":"https:\/\/blogdofarnesio.com.br\/?p=383695"},"modified":"2024-12-17T10:34:09","modified_gmt":"2024-12-17T13:34:09","slug":"petrolina-abre-a-partir-de-hoje-18-inscricao-para-processo-seletivo-na-area-de-educacao-com-diversas-oportunidades","status":"publish","type":"post","link":"https:\/\/blogdofarnesio.com.br\/?p=383695","title":{"rendered":"Petrolina abre a partir de hoje (18) inscri\u00e7\u00e3o para processo seletivo na \u00e1rea de Educa\u00e7\u00e3o com diversas oportunidades"},"content":{"rendered":"<div>A Prefeitura de Petrolina, atrav\u00e9s da Secretaria de Educa\u00e7\u00e3o, Cultura e Esportes, inicia nesta quarta-feira (18) as inscri\u00e7\u00f5es para o processo seletivo simplificado voltado \u00e0 contrata\u00e7\u00e3o tempor\u00e1ria de profissionais em diversas \u00e1reas. Essa \u00e9 uma grande oportunidade para quem busca ingressar no servi\u00e7o p\u00fablico em uma das \u00e1reas mais din\u00e2micas e fundamentais para o desenvolvimento local.<\/div>\n<div><\/div>\n<div>Sob a organiza\u00e7\u00e3o da Autarquia Educacional do Vale do S\u00e3o Francisco e Faculdade de Petrolina &#8211; AEVSF\/FACAPE, o certame oferece oportunidades para candidatos com forma\u00e7\u00e3o nos n\u00edveis fundamental, m\u00e9dio, t\u00e9cnico e superior, com inscri\u00e7\u00f5es dispon\u00edveis at\u00e9 o dia 3 de janeiro de 2025.<\/div>\n<div><\/div>\n<div>As oportunidades dispon\u00edveis incluem cargos como professores substitutos, assistentes educacionais, t\u00e9cnicos em edifica\u00e7\u00f5es e inform\u00e1tica, al\u00e9m de auxiliares de cozinha e limpeza, entre outras fun\u00e7\u00f5es. As remunera\u00e7\u00f5es variam de R$ 1.412,00, para posi\u00e7\u00f5es de n\u00edvel fundamental, a R$ 2.638,51, oferecidos aos t\u00e9cnicos em edifica\u00e7\u00f5es. Os interessados devem se inscrever pelo site\u00a0<a href=\"http:\/\/www.facape.br\/concursos\" target=\"_blank\" rel=\"noopener\" data-saferedirecturl=\"https:\/\/www.google.com\/url?q=http:\/\/www.facape.br\/concursos&amp;source=gmail&amp;ust=1734527102456000&amp;usg=AOvVaw3cjGKSPihrmkcXh7PX1wQN\">www.facape.br\/concursos<\/a>. As taxas variam entre R$ 70,00 e R$ 150,00, dependendo do n\u00edvel do cargo pretendido. Quem desejar isen\u00e7\u00e3o da taxa pode solicit\u00e1-la at\u00e9 o dia 20 de dezembro, desde que cumpra os crit\u00e9rios exigidos. A sele\u00e7\u00e3o ser\u00e1 realizada em uma \u00fanica etapa, com prova objetiva prevista para o dia 19 de janeiro de 2025.<\/div>\n<div><\/div>\n<div><b>Inclus\u00e3o e Reserva de Vagas<\/b><\/div>\n<div><\/div>\n<div>H\u00e1 vagas reservadas para pessoas com defici\u00eancia (5%) e para negros e pardos (30%), conforme legisla\u00e7\u00e3o vigente. Os candidatos devem comprovar suas condi\u00e7\u00f5es no momento da inscri\u00e7\u00e3o e em fases posteriores do processo.<\/div>\n<div><\/div>\n<div><b>Calend\u00e1rio e Atendimento<\/b><\/div>\n<div><\/div>\n<div>O edital completo, incluindo informa\u00e7\u00f5es sobre os cart\u00f5es de inscri\u00e7\u00e3o e os locais de prova, estar\u00e1 dispon\u00edvel no site da FACAPE. Para esclarecer d\u00favidas, os candidatos podem entrar em contato pelo e-mail\u00a0<a href=\"mailto:concursopmp@facape.br\" target=\"_blank\" rel=\"noopener\">concursopmp@facape.br<\/a>, pelo WhatsApp (87) 3866-3260 ou pelo telefone (87) 3866-3269.<\/div>\n<div><\/div>\n<div><\/div>\n<div>A Secretaria de Educa\u00e7\u00e3o enfatiza que a contrata\u00e7\u00e3o de novos profissionais n\u00e3o apenas amplia as oportunidades de emprego, mas tamb\u00e9m visa fortalecer ainda mais a qualidade do ensino nas escolas p\u00fablicas, fundamental para o desenvolvimento das futuras gera\u00e7\u00f5es. Com um aumento constante na popula\u00e7\u00e3o e a demanda por educa\u00e7\u00e3o de qualidade, essa sele\u00e7\u00e3o se torna uma oportunidade fundamental para atender \u00e0s necessidades educacionais da comunidade, promovendo um ambiente mais inclusivo e preparado para os desafios contempor\u00e2neos.<\/div>\n<div><\/div>\n","protected":false},"excerpt":{"rendered":"<p>A Prefeitura de Petrolina, atrav\u00e9s da Secretaria de Educa\u00e7\u00e3o, Cultura e Esportes, inicia nesta quarta-feira (18) as inscri\u00e7\u00f5es para o processo seletivo simplificado voltado \u00e0 contrata\u00e7\u00e3o tempor\u00e1ria de profissionais em diversas \u00e1reas. Essa \u00e9 uma grande oportunidade para quem busca ingressar no servi\u00e7o p\u00fablico em uma das \u00e1reas mais din\u00e2micas e fundamentais para o desenvolvimento local. Sob a organiza\u00e7\u00e3o da Autarquia Educacional do Vale do S\u00e3o Francisco e Faculdade de Petrolina &#8211; AEVSF\/FACAPE, o certame oferece oportunidades para candidatos com forma\u00e7\u00e3o nos n\u00edveis fundamental, m\u00e9dio, t\u00e9cnico e superior, com inscri\u00e7\u00f5es dispon\u00edveis at\u00e9 o dia 3 de janeiro de 2025. As oportunidades dispon\u00edveis incluem cargos como professores substitutos, assistentes educacionais, t\u00e9cnicos em edifica\u00e7\u00f5es e inform\u00e1tica, al\u00e9m de auxiliares de cozinha e&hellip; <\/p>\n","protected":false},"author":2,"featured_media":339115,"comment_status":"open","ping_status":"open","sticky":false,"template":"","format":"standard","meta":{"_acf_changed":false,"footnotes":""},"categories":[31],"tags":[],"class_list":["post-383695","post","type-post","status-publish","format-standard","has-post-thumbnail","hentry","category-concursos"],"acf":[],"yoast_head":"<!-- This site is optimized with the Yoast SEO plugin v27.4 - https:\/\/yoast.com\/product\/yoast-seo-wordpress\/ -->\n<title>Petrolina abre a partir de hoje (18) inscri\u00e7\u00e3o para processo seletivo na \u00e1rea de Educa\u00e7\u00e3o com diversas oportunidades - Blog do Farn\u00e9sio<\/title>\n<meta name=\"robots\" content=\"index, follow, max-snippet:-1, max-image-preview:large, max-video-preview:-1\" \/>\n<link rel=\"canonical\" href=\"https:\/\/blogdofarnesio.com.br\/?p=383695\" \/>\n<meta property=\"og:locale\" content=\"pt_BR\" \/>\n<meta property=\"og:type\" content=\"article\" \/>\n<meta property=\"og:title\" content=\"Petrolina abre a partir de hoje (18) inscri\u00e7\u00e3o para processo seletivo na \u00e1rea de Educa\u00e7\u00e3o com diversas oportunidades - Blog do Farn\u00e9sio\" \/>\n<meta property=\"og:description\" content=\"A Prefeitura de Petrolina, atrav\u00e9s da Secretaria de Educa\u00e7\u00e3o, Cultura e Esportes, inicia nesta quarta-feira (18) as inscri\u00e7\u00f5es para o processo seletivo simplificado voltado \u00e0 contrata\u00e7\u00e3o tempor\u00e1ria de profissionais em diversas \u00e1reas. Essa \u00e9 uma grande oportunidade para quem busca ingressar no servi\u00e7o p\u00fablico em uma das \u00e1reas mais din\u00e2micas e fundamentais para o desenvolvimento local. Sob a organiza\u00e7\u00e3o da Autarquia Educacional do Vale do S\u00e3o Francisco e Faculdade de Petrolina &#8211; AEVSF\/FACAPE, o certame oferece oportunidades para candidatos com forma\u00e7\u00e3o nos n\u00edveis fundamental, m\u00e9dio, t\u00e9cnico e superior, com inscri\u00e7\u00f5es dispon\u00edveis at\u00e9 o dia 3 de janeiro de 2025. As oportunidades dispon\u00edveis incluem cargos como professores substitutos, assistentes educacionais, t\u00e9cnicos em edifica\u00e7\u00f5es e inform\u00e1tica, al\u00e9m de auxiliares de cozinha e&hellip;\" \/>\n<meta property=\"og:url\" content=\"https:\/\/blogdofarnesio.com.br\/?p=383695\" \/>\n<meta property=\"og:site_name\" content=\"Blog do Farn\u00e9sio\" \/>\n<meta property=\"article:publisher\" content=\"https:\/\/www.facebook.com\/BlogQuerSaberPolitica\/\" \/>\n<meta property=\"article:author\" content=\"https:\/\/www.facebook.com\/?ref=tn_tnmn\" \/>\n<meta property=\"article:published_time\" content=\"2024-12-18T10:42:46+00:00\" \/>\n<meta property=\"og:image\" content=\"https:\/\/blogdofarnesio.com.br\/wp-content\/uploads\/2023\/04\/blogqsppet-concurso-selecao-e1701710054918.jpg\" \/>\n\t<meta property=\"og:image:width\" content=\"650\" \/>\n\t<meta property=\"og:image:height\" content=\"366\" \/>\n\t<meta property=\"og:image:type\" content=\"image\/jpeg\" \/>\n<meta name=\"author\" content=\"Farn\u00e9sio\" \/>\n<meta name=\"twitter:card\" content=\"summary_large_image\" \/>\n<meta name=\"twitter:label1\" content=\"Escrito por\" \/>\n\t<meta name=\"twitter:data1\" content=\"Farn\u00e9sio\" \/>\n\t<meta name=\"twitter:label2\" content=\"Est. tempo de leitura\" \/>\n\t<meta name=\"twitter:data2\" content=\"3 minutos\" \/>\n<script type=\"application\/ld+json\" class=\"yoast-schema-graph\">{\"@context\":\"https:\\\/\\\/schema.org\",\"@graph\":[{\"@type\":\"Article\",\"@id\":\"https:\\\/\\\/blogdofarnesio.com.br\\\/?p=383695#article\",\"isPartOf\":{\"@id\":\"https:\\\/\\\/blogdofarnesio.com.br\\\/?p=383695\"},\"author\":{\"name\":\"Farn\u00e9sio\",\"@id\":\"https:\\\/\\\/blogdofarnesio.com.br\\\/#\\\/schema\\\/person\\\/bb9b23ae3ad0609ce8df7b6c9e76824d\"},\"headline\":\"Petrolina abre a partir de hoje (18) inscri\u00e7\u00e3o para processo seletivo na \u00e1rea de Educa\u00e7\u00e3o com diversas oportunidades\",\"datePublished\":\"2024-12-18T10:42:46+00:00\",\"mainEntityOfPage\":{\"@id\":\"https:\\\/\\\/blogdofarnesio.com.br\\\/?p=383695\"},\"wordCount\":426,\"commentCount\":0,\"publisher\":{\"@id\":\"https:\\\/\\\/blogdofarnesio.com.br\\\/#organization\"},\"image\":{\"@id\":\"https:\\\/\\\/blogdofarnesio.com.br\\\/?p=383695#primaryimage\"},\"thumbnailUrl\":\"https:\\\/\\\/blogdofarnesio.com.br\\\/wp-content\\\/uploads\\\/2023\\\/04\\\/blogqsppet-concurso-selecao-e1701710054918.jpg\",\"articleSection\":[\"Concursos\"],\"inLanguage\":\"pt-BR\",\"potentialAction\":[{\"@type\":\"CommentAction\",\"name\":\"Comment\",\"target\":[\"https:\\\/\\\/blogdofarnesio.com.br\\\/?p=383695#respond\"]}]},{\"@type\":\"WebPage\",\"@id\":\"https:\\\/\\\/blogdofarnesio.com.br\\\/?p=383695\",\"url\":\"https:\\\/\\\/blogdofarnesio.com.br\\\/?p=383695\",\"name\":\"Petrolina abre a partir de hoje (18) inscri\u00e7\u00e3o para processo seletivo na \u00e1rea de Educa\u00e7\u00e3o com diversas oportunidades - Blog do Farn\u00e9sio\",\"isPartOf\":{\"@id\":\"https:\\\/\\\/blogdofarnesio.com.br\\\/#website\"},\"primaryImageOfPage\":{\"@id\":\"https:\\\/\\\/blogdofarnesio.com.br\\\/?p=383695#primaryimage\"},\"image\":{\"@id\":\"https:\\\/\\\/blogdofarnesio.com.br\\\/?p=383695#primaryimage\"},\"thumbnailUrl\":\"https:\\\/\\\/blogdofarnesio.com.br\\\/wp-content\\\/uploads\\\/2023\\\/04\\\/blogqsppet-concurso-selecao-e1701710054918.jpg\",\"datePublished\":\"2024-12-18T10:42:46+00:00\",\"breadcrumb\":{\"@id\":\"https:\\\/\\\/blogdofarnesio.com.br\\\/?p=383695#breadcrumb\"},\"inLanguage\":\"pt-BR\",\"potentialAction\":[{\"@type\":\"ReadAction\",\"target\":[\"https:\\\/\\\/blogdofarnesio.com.br\\\/?p=383695\"]}]},{\"@type\":\"ImageObject\",\"inLanguage\":\"pt-BR\",\"@id\":\"https:\\\/\\\/blogdofarnesio.com.br\\\/?p=383695#primaryimage\",\"url\":\"https:\\\/\\\/blogdofarnesio.com.br\\\/wp-content\\\/uploads\\\/2023\\\/04\\\/blogqsppet-concurso-selecao-e1701710054918.jpg\",\"contentUrl\":\"https:\\\/\\\/blogdofarnesio.com.br\\\/wp-content\\\/uploads\\\/2023\\\/04\\\/blogqsppet-concurso-selecao-e1701710054918.jpg\",\"width\":650,\"height\":366},{\"@type\":\"BreadcrumbList\",\"@id\":\"https:\\\/\\\/blogdofarnesio.com.br\\\/?p=383695#breadcrumb\",\"itemListElement\":[{\"@type\":\"ListItem\",\"position\":1,\"name\":\"In\u00edcio\",\"item\":\"https:\\\/\\\/blogdofarnesio.com.br\\\/\"},{\"@type\":\"ListItem\",\"position\":2,\"name\":\"Petrolina abre a partir de hoje (18) inscri\u00e7\u00e3o para processo seletivo na \u00e1rea de Educa\u00e7\u00e3o com diversas oportunidades\"}]},{\"@type\":\"WebSite\",\"@id\":\"https:\\\/\\\/blogdofarnesio.com.br\\\/#website\",\"url\":\"https:\\\/\\\/blogdofarnesio.com.br\\\/\",\"name\":\"Blog do Farn\u00e9sio\",\"description\":\"Quer Saber Pol\u00edtica?\",\"publisher\":{\"@id\":\"https:\\\/\\\/blogdofarnesio.com.br\\\/#organization\"},\"potentialAction\":[{\"@type\":\"SearchAction\",\"target\":{\"@type\":\"EntryPoint\",\"urlTemplate\":\"https:\\\/\\\/blogdofarnesio.com.br\\\/?s={search_term_string}\"},\"query-input\":{\"@type\":\"PropertyValueSpecification\",\"valueRequired\":true,\"valueName\":\"search_term_string\"}}],\"inLanguage\":\"pt-BR\"},{\"@type\":\"Organization\",\"@id\":\"https:\\\/\\\/blogdofarnesio.com.br\\\/#organization\",\"name\":\"Blog do Farn\u00e9sio\",\"url\":\"https:\\\/\\\/blogdofarnesio.com.br\\\/\",\"logo\":{\"@type\":\"ImageObject\",\"inLanguage\":\"pt-BR\",\"@id\":\"https:\\\/\\\/blogdofarnesio.com.br\\\/#\\\/schema\\\/logo\\\/image\\\/\",\"url\":\"https:\\\/\\\/blogdofarnesio.com.br\\\/wp-content\\\/uploads\\\/2026\\\/03\\\/cropped-logo_new-1.png\",\"contentUrl\":\"https:\\\/\\\/blogdofarnesio.com.br\\\/wp-content\\\/uploads\\\/2026\\\/03\\\/cropped-logo_new-1.png\",\"width\":881,\"height\":685,\"caption\":\"Blog do Farn\u00e9sio\"},\"image\":{\"@id\":\"https:\\\/\\\/blogdofarnesio.com.br\\\/#\\\/schema\\\/logo\\\/image\\\/\"},\"sameAs\":[\"https:\\\/\\\/www.facebook.com\\\/BlogQuerSaberPolitica\\\/\"]},{\"@type\":\"Person\",\"@id\":\"https:\\\/\\\/blogdofarnesio.com.br\\\/#\\\/schema\\\/person\\\/bb9b23ae3ad0609ce8df7b6c9e76824d\",\"name\":\"Farn\u00e9sio\",\"image\":{\"@type\":\"ImageObject\",\"inLanguage\":\"pt-BR\",\"@id\":\"https:\\\/\\\/secure.gravatar.com\\\/avatar\\\/986aa4c61ccdb66f8555bf88fc2a65609d00bcabd4d2d94377a727547345cbca?s=96&d=mm&r=g\",\"url\":\"https:\\\/\\\/secure.gravatar.com\\\/avatar\\\/986aa4c61ccdb66f8555bf88fc2a65609d00bcabd4d2d94377a727547345cbca?s=96&d=mm&r=g\",\"contentUrl\":\"https:\\\/\\\/secure.gravatar.com\\\/avatar\\\/986aa4c61ccdb66f8555bf88fc2a65609d00bcabd4d2d94377a727547345cbca?s=96&d=mm&r=g\",\"caption\":\"Farn\u00e9sio\"},\"description\":\"Radialista blogueiro, chegou a Petrolina\\\/Juazeiro em setembro de 1980, Farn\u00e9sio Silva \u00e9 de Arapiraca-Alagoas.\",\"sameAs\":[\"http:\\\/\\\/blogdofarnesio.com.br\",\"https:\\\/\\\/www.facebook.com\\\/?ref=tn_tnmn\",\"https:\\\/\\\/www.instagram.com\\\/?utm_source=pwa_homescreen\",\"https:\\\/\\\/youtube.com.br\\\/\"],\"url\":\"https:\\\/\\\/blogdofarnesio.com.br\\\/?author=2\"}]}<\/script>\n<!-- \/ Yoast SEO plugin. -->","yoast_head_json":{"title":"Petrolina abre a partir de hoje (18) inscri\u00e7\u00e3o para processo seletivo na \u00e1rea de Educa\u00e7\u00e3o com diversas oportunidades - Blog do Farn\u00e9sio","robots":{"index":"index","follow":"follow","max-snippet":"max-snippet:-1","max-image-preview":"max-image-preview:large","max-video-preview":"max-video-preview:-1"},"canonical":"https:\/\/blogdofarnesio.com.br\/?p=383695","og_locale":"pt_BR","og_type":"article","og_title":"Petrolina abre a partir de hoje (18) inscri\u00e7\u00e3o para processo seletivo na \u00e1rea de Educa\u00e7\u00e3o com diversas oportunidades - Blog do Farn\u00e9sio","og_description":"A Prefeitura de Petrolina, atrav\u00e9s da Secretaria de Educa\u00e7\u00e3o, Cultura e Esportes, inicia nesta quarta-feira (18) as inscri\u00e7\u00f5es para o processo seletivo simplificado voltado \u00e0 contrata\u00e7\u00e3o tempor\u00e1ria de profissionais em diversas \u00e1reas. Essa \u00e9 uma grande oportunidade para quem busca ingressar no servi\u00e7o p\u00fablico em uma das \u00e1reas mais din\u00e2micas e fundamentais para o desenvolvimento local. Sob a organiza\u00e7\u00e3o da Autarquia Educacional do Vale do S\u00e3o Francisco e Faculdade de Petrolina &#8211; AEVSF\/FACAPE, o certame oferece oportunidades para candidatos com forma\u00e7\u00e3o nos n\u00edveis fundamental, m\u00e9dio, t\u00e9cnico e superior, com inscri\u00e7\u00f5es dispon\u00edveis at\u00e9 o dia 3 de janeiro de 2025. As oportunidades dispon\u00edveis incluem cargos como professores substitutos, assistentes educacionais, t\u00e9cnicos em edifica\u00e7\u00f5es e inform\u00e1tica, al\u00e9m de auxiliares de cozinha e&hellip;","og_url":"https:\/\/blogdofarnesio.com.br\/?p=383695","og_site_name":"Blog do Farn\u00e9sio","article_publisher":"https:\/\/www.facebook.com\/BlogQuerSaberPolitica\/","article_author":"https:\/\/www.facebook.com\/?ref=tn_tnmn","article_published_time":"2024-12-18T10:42:46+00:00","og_image":[{"width":650,"height":366,"url":"https:\/\/blogdofarnesio.com.br\/wp-content\/uploads\/2023\/04\/blogqsppet-concurso-selecao-e1701710054918.jpg","type":"image\/jpeg"}],"author":"Farn\u00e9sio","twitter_card":"summary_large_image","twitter_misc":{"Escrito por":"Farn\u00e9sio","Est. tempo de leitura":"3 minutos"},"schema":{"@context":"https:\/\/schema.org","@graph":[{"@type":"Article","@id":"https:\/\/blogdofarnesio.com.br\/?p=383695#article","isPartOf":{"@id":"https:\/\/blogdofarnesio.com.br\/?p=383695"},"author":{"name":"Farn\u00e9sio","@id":"https:\/\/blogdofarnesio.com.br\/#\/schema\/person\/bb9b23ae3ad0609ce8df7b6c9e76824d"},"headline":"Petrolina abre a partir de hoje (18) inscri\u00e7\u00e3o para processo seletivo na \u00e1rea de Educa\u00e7\u00e3o com diversas oportunidades","datePublished":"2024-12-18T10:42:46+00:00","mainEntityOfPage":{"@id":"https:\/\/blogdofarnesio.com.br\/?p=383695"},"wordCount":426,"commentCount":0,"publisher":{"@id":"https:\/\/blogdofarnesio.com.br\/#organization"},"image":{"@id":"https:\/\/blogdofarnesio.com.br\/?p=383695#primaryimage"},"thumbnailUrl":"https:\/\/blogdofarnesio.com.br\/wp-content\/uploads\/2023\/04\/blogqsppet-concurso-selecao-e1701710054918.jpg","articleSection":["Concursos"],"inLanguage":"pt-BR","potentialAction":[{"@type":"CommentAction","name":"Comment","target":["https:\/\/blogdofarnesio.com.br\/?p=383695#respond"]}]},{"@type":"WebPage","@id":"https:\/\/blogdofarnesio.com.br\/?p=383695","url":"https:\/\/blogdofarnesio.com.br\/?p=383695","name":"Petrolina abre a partir de hoje (18) inscri\u00e7\u00e3o para processo seletivo na \u00e1rea de Educa\u00e7\u00e3o com diversas oportunidades - Blog do Farn\u00e9sio","isPartOf":{"@id":"https:\/\/blogdofarnesio.com.br\/#website"},"primaryImageOfPage":{"@id":"https:\/\/blogdofarnesio.com.br\/?p=383695#primaryimage"},"image":{"@id":"https:\/\/blogdofarnesio.com.br\/?p=383695#primaryimage"},"thumbnailUrl":"https:\/\/blogdofarnesio.com.br\/wp-content\/uploads\/2023\/04\/blogqsppet-concurso-selecao-e1701710054918.jpg","datePublished":"2024-12-18T10:42:46+00:00","breadcrumb":{"@id":"https:\/\/blogdofarnesio.com.br\/?p=383695#breadcrumb"},"inLanguage":"pt-BR","potentialAction":[{"@type":"ReadAction","target":["https:\/\/blogdofarnesio.com.br\/?p=383695"]}]},{"@type":"ImageObject","inLanguage":"pt-BR","@id":"https:\/\/blogdofarnesio.com.br\/?p=383695#primaryimage","url":"https:\/\/blogdofarnesio.com.br\/wp-content\/uploads\/2023\/04\/blogqsppet-concurso-selecao-e1701710054918.jpg","contentUrl":"https:\/\/blogdofarnesio.com.br\/wp-content\/uploads\/2023\/04\/blogqsppet-concurso-selecao-e1701710054918.jpg","width":650,"height":366},{"@type":"BreadcrumbList","@id":"https:\/\/blogdofarnesio.com.br\/?p=383695#breadcrumb","itemListElement":[{"@type":"ListItem","position":1,"name":"In\u00edcio","item":"https:\/\/blogdofarnesio.com.br\/"},{"@type":"ListItem","position":2,"name":"Petrolina abre a partir de hoje (18) inscri\u00e7\u00e3o para processo seletivo na \u00e1rea de Educa\u00e7\u00e3o com diversas oportunidades"}]},{"@type":"WebSite","@id":"https:\/\/blogdofarnesio.com.br\/#website","url":"https:\/\/blogdofarnesio.com.br\/","name":"Blog do Farn\u00e9sio","description":"Quer Saber Pol\u00edtica?","publisher":{"@id":"https:\/\/blogdofarnesio.com.br\/#organization"},"potentialAction":[{"@type":"SearchAction","target":{"@type":"EntryPoint","urlTemplate":"https:\/\/blogdofarnesio.com.br\/?s={search_term_string}"},"query-input":{"@type":"PropertyValueSpecification","valueRequired":true,"valueName":"search_term_string"}}],"inLanguage":"pt-BR"},{"@type":"Organization","@id":"https:\/\/blogdofarnesio.com.br\/#organization","name":"Blog do Farn\u00e9sio","url":"https:\/\/blogdofarnesio.com.br\/","logo":{"@type":"ImageObject","inLanguage":"pt-BR","@id":"https:\/\/blogdofarnesio.com.br\/#\/schema\/logo\/image\/","url":"https:\/\/blogdofarnesio.com.br\/wp-content\/uploads\/2026\/03\/cropped-logo_new-1.png","contentUrl":"https:\/\/blogdofarnesio.com.br\/wp-content\/uploads\/2026\/03\/cropped-logo_new-1.png","width":881,"height":685,"caption":"Blog do Farn\u00e9sio"},"image":{"@id":"https:\/\/blogdofarnesio.com.br\/#\/schema\/logo\/image\/"},"sameAs":["https:\/\/www.facebook.com\/BlogQuerSaberPolitica\/"]},{"@type":"Person","@id":"https:\/\/blogdofarnesio.com.br\/#\/schema\/person\/bb9b23ae3ad0609ce8df7b6c9e76824d","name":"Farn\u00e9sio","image":{"@type":"ImageObject","inLanguage":"pt-BR","@id":"https:\/\/secure.gravatar.com\/avatar\/986aa4c61ccdb66f8555bf88fc2a65609d00bcabd4d2d94377a727547345cbca?s=96&d=mm&r=g","url":"https:\/\/secure.gravatar.com\/avatar\/986aa4c61ccdb66f8555bf88fc2a65609d00bcabd4d2d94377a727547345cbca?s=96&d=mm&r=g","contentUrl":"https:\/\/secure.gravatar.com\/avatar\/986aa4c61ccdb66f8555bf88fc2a65609d00bcabd4d2d94377a727547345cbca?s=96&d=mm&r=g","caption":"Farn\u00e9sio"},"description":"Radialista blogueiro, chegou a Petrolina\/Juazeiro em setembro de 1980, Farn\u00e9sio Silva \u00e9 de Arapiraca-Alagoas.","sameAs":["http:\/\/blogdofarnesio.com.br","https:\/\/www.facebook.com\/?ref=tn_tnmn","https:\/\/www.instagram.com\/?utm_source=pwa_homescreen","https:\/\/youtube.com.br\/"],"url":"https:\/\/blogdofarnesio.com.br\/?author=2"}]}},"_links":{"self":[{"href":"https:\/\/blogdofarnesio.com.br\/index.php?rest_route=\/wp\/v2\/posts\/383695","targetHints":{"allow":["GET"]}}],"collection":[{"href":"https:\/\/blogdofarnesio.com.br\/index.php?rest_route=\/wp\/v2\/posts"}],"about":[{"href":"https:\/\/blogdofarnesio.com.br\/index.php?rest_route=\/wp\/v2\/types\/post"}],"author":[{"embeddable":true,"href":"https:\/\/blogdofarnesio.com.br\/index.php?rest_route=\/wp\/v2\/users\/2"}],"replies":[{"embeddable":true,"href":"https:\/\/blogdofarnesio.com.br\/index.php?rest_route=%2Fwp%2Fv2%2Fcomments&post=383695"}],"version-history":[{"count":0,"href":"https:\/\/blogdofarnesio.com.br\/index.php?rest_route=\/wp\/v2\/posts\/383695\/revisions"}],"wp:featuredmedia":[{"embeddable":true,"href":"https:\/\/blogdofarnesio.com.br\/index.php?rest_route=\/wp\/v2\/media\/339115"}],"wp:attachment":[{"href":"https:\/\/blogdofarnesio.com.br\/index.php?rest_route=%2Fwp%2Fv2%2Fmedia&parent=383695"}],"wp:term":[{"taxonomy":"category","embeddable":true,"href":"https:\/\/blogdofarnesio.com.br\/index.php?rest_route=%2Fwp%2Fv2%2Fcategories&post=383695"},{"taxonomy":"post_tag","embeddable":true,"href":"https:\/\/blogdofarnesio.com.br\/index.php?rest_route=%2Fwp%2Fv2%2Ftags&post=383695"}],"curies":[{"name":"wp","href":"https:\/\/api.w.org\/{rel}","templated":true}]}}