{"id":383668,"date":"2024-12-19T07:20:15","date_gmt":"2024-12-19T10:20:15","guid":{"rendered":"https:\/\/blogdofarnesio.com.br\/?p=383668"},"modified":"2024-12-18T17:47:40","modified_gmt":"2024-12-18T20:47:40","slug":"__trashed-17","status":"publish","type":"post","link":"https:\/\/blogdofarnesio.com.br\/?p=383668","title":{"rendered":"Petrolina &#8211; PE divulga Processo Seletivo com 86 vagas"},"content":{"rendered":"<div>\n<p>A\u00a0<a href=\"https:\/\/petrolina.pe.gov.br\/portal-do-contribuinte\/\" target=\"_blank\" rel=\"noopener\">Prefeitura de Petrolina<\/a> por meio da Secretaria Municipal de Educa\u00e7\u00e3o, Cultura e Esportes esta com inscri\u00e7\u00e3o aberta de Processo Seletivo para contrata\u00e7\u00e3o de profissionais com n\u00edveis fundamental, m\u00e9dio, t\u00e9cnico e superior.<\/p>\n<p>As 86 vagas dispon\u00edveis s\u00e3o para os cargos de: Professor Substituto De Educa\u00e7\u00e3o Infantil (6 vagas); Professor Substituto Do Ensino Fundamental &#8211; Anos Iniciais (21 vagas); Professor Substituto Do Ensino Fundamental &#8211; Anos Finais De Educa\u00e7\u00e3o F\u00edsica (4 vagas); Professor Substituto Do Ensino Fundamental &#8211; Anos Finais De Ci\u00eancias; Professor Substituto Do Ensino Fundamental &#8211; Anos Finais De Geografia (1 vaga); Professor Substituto Do Ensino Fundamental &#8211; Anos Finais De L\u00edngua Portuguesa; Professor Substituto Do Ensino Fundamental &#8211; Anos Finais De Hist\u00f3ria; Professor Substituto Do Ensino Fundamental &#8211; Anos Finais De Matem\u00e1tica; Professor Substituto Do Ensino Fundamental &#8211; Anos Finais De L\u00edngua Inglesa (3 vagas); Professor Substituto De Atendimento Educacional Especializado &#8211; AEE (23 vagas); T\u00e9cnico De Inform\u00e1tica (3 vagas); T\u00e9cnico Em Edifica\u00e7\u00e3o (1 vaga); Assistente Administrativo (3 vagas); Assistente Educacional; Agente De Portaria (2 vagas); Encanador (1 vaga); Eletricista (1 vaga); Auxiliar De Cozinha (14 vagas); Auxiliar De Limpeza (3 vagas).<\/p>\n<p>As remunera\u00e7\u00f5es variam de acordo com o n\u00edvel de escolaridade, sendo R$ 1.412,00 a R$ 2.638,51 e a carga hor\u00e1ria ser\u00e1 de 20 a 40 horas semanais.<\/p>\n<p>As inscri\u00e7\u00f5es ser\u00e3o realizadas no per\u00edodo de 18 de dezembro de 2024 a 3 de janeiro de 2025, exclusivamente pela internet atrav\u00e9s do site\u00a0<a href=\"http:\/\/www.facape.br\/concursos\/\" target=\"_blank\" rel=\"noopener\">Facape<\/a>. A taxa de inscri\u00e7\u00e3o varia de R$ 70,00 a R$ 150,00, de acordo com o cargo.<\/p>\n<p>O processo de sele\u00e7\u00e3o ser\u00e1 realizado em etapa \u00fanica, por meio de prova objetiva com 30 quest\u00f5es, de car\u00e1ter classificat\u00f3rio e eliminat\u00f3rio. As provas est\u00e3o previstas para o dia 19 de janeiro de 2025.<\/p>\n<p>O prazo de validade do processo seletivo ser\u00e1 de um ano, prorrog\u00e1vel por igual per\u00edodo. As vagas ser\u00e3o disponibilizadas tanto para a zona urbana quanto rural do munic\u00edpio, de acordo com as demandas da Secretaria Municipal de Educa\u00e7\u00e3o.<\/p>\n<p>Os assuntos espec\u00edficos podem consultar o edital completo em nosso site e da FACAPE para mais informa\u00e7\u00f5es sobre requisitos, documenta\u00e7\u00e3o necess\u00e1ria e conte\u00fado program\u00e1tico das provas.<\/p>\n<\/div>\n<address class=\"vcard author\">Jornalista:\u00a0<span class=\"fn\">Thamires Fernandes<\/span><\/address>\n","protected":false},"excerpt":{"rendered":"<p>A\u00a0Prefeitura de Petrolina por meio da Secretaria Municipal de Educa\u00e7\u00e3o, Cultura e Esportes esta com inscri\u00e7\u00e3o aberta de Processo Seletivo para contrata\u00e7\u00e3o de profissionais com n\u00edveis fundamental, m\u00e9dio, t\u00e9cnico e superior. As 86 vagas dispon\u00edveis s\u00e3o para os cargos de: Professor Substituto De Educa\u00e7\u00e3o Infantil (6 vagas); Professor Substituto Do Ensino Fundamental &#8211; Anos Iniciais (21 vagas); Professor Substituto Do Ensino Fundamental &#8211; Anos Finais De Educa\u00e7\u00e3o F\u00edsica (4 vagas); Professor Substituto Do Ensino Fundamental &#8211; Anos Finais De Ci\u00eancias; Professor Substituto Do Ensino Fundamental &#8211; Anos Finais De Geografia (1 vaga); Professor Substituto Do Ensino Fundamental &#8211; Anos Finais De L\u00edngua Portuguesa; Professor Substituto Do Ensino Fundamental &#8211; Anos Finais De Hist\u00f3ria; Professor Substituto Do Ensino Fundamental &#8211; Anos&hellip; <\/p>\n","protected":false},"author":2,"featured_media":180785,"comment_status":"open","ping_status":"open","sticky":false,"template":"","format":"standard","meta":{"_acf_changed":false,"footnotes":""},"categories":[43],"tags":[],"class_list":["post-383668","post","type-post","status-publish","format-standard","has-post-thumbnail","hentry","category-sem-categoria"],"acf":[],"yoast_head":"<!-- This site is optimized with the Yoast SEO plugin v27.4 - https:\/\/yoast.com\/product\/yoast-seo-wordpress\/ -->\n<title>Petrolina - PE divulga Processo Seletivo com 86 vagas - Blog do Farn\u00e9sio<\/title>\n<meta name=\"robots\" content=\"index, follow, max-snippet:-1, max-image-preview:large, max-video-preview:-1\" \/>\n<link rel=\"canonical\" href=\"https:\/\/blogdofarnesio.com.br\/?p=383668\" \/>\n<meta property=\"og:locale\" content=\"pt_BR\" \/>\n<meta property=\"og:type\" content=\"article\" \/>\n<meta property=\"og:title\" content=\"Petrolina - PE divulga Processo Seletivo com 86 vagas - Blog do Farn\u00e9sio\" \/>\n<meta property=\"og:description\" content=\"A\u00a0Prefeitura de Petrolina por meio da Secretaria Municipal de Educa\u00e7\u00e3o, Cultura e Esportes esta com inscri\u00e7\u00e3o aberta de Processo Seletivo para contrata\u00e7\u00e3o de profissionais com n\u00edveis fundamental, m\u00e9dio, t\u00e9cnico e superior. As 86 vagas dispon\u00edveis s\u00e3o para os cargos de: Professor Substituto De Educa\u00e7\u00e3o Infantil (6 vagas); Professor Substituto Do Ensino Fundamental &#8211; Anos Iniciais (21 vagas); Professor Substituto Do Ensino Fundamental &#8211; Anos Finais De Educa\u00e7\u00e3o F\u00edsica (4 vagas); Professor Substituto Do Ensino Fundamental &#8211; Anos Finais De Ci\u00eancias; Professor Substituto Do Ensino Fundamental &#8211; Anos Finais De Geografia (1 vaga); Professor Substituto Do Ensino Fundamental &#8211; Anos Finais De L\u00edngua Portuguesa; Professor Substituto Do Ensino Fundamental &#8211; Anos Finais De Hist\u00f3ria; Professor Substituto Do Ensino Fundamental &#8211; Anos&hellip;\" \/>\n<meta property=\"og:url\" content=\"https:\/\/blogdofarnesio.com.br\/?p=383668\" \/>\n<meta property=\"og:site_name\" content=\"Blog do Farn\u00e9sio\" \/>\n<meta property=\"article:publisher\" content=\"https:\/\/www.facebook.com\/BlogQuerSaberPolitica\/\" \/>\n<meta property=\"article:author\" content=\"https:\/\/www.facebook.com\/?ref=tn_tnmn\" \/>\n<meta property=\"article:published_time\" content=\"2024-12-19T10:20:15+00:00\" \/>\n<meta property=\"og:image\" content=\"https:\/\/blogdofarnesio.com.br\/wp-content\/uploads\/2017\/11\/blogqspsele\u00e7\u00e3o-professores0.jpg\" \/>\n\t<meta property=\"og:image:width\" content=\"400\" \/>\n\t<meta property=\"og:image:height\" content=\"230\" \/>\n\t<meta property=\"og:image:type\" content=\"image\/jpeg\" \/>\n<meta name=\"author\" content=\"Farn\u00e9sio\" \/>\n<meta name=\"twitter:card\" content=\"summary_large_image\" \/>\n<meta name=\"twitter:label1\" content=\"Escrito por\" \/>\n\t<meta name=\"twitter:data1\" content=\"Farn\u00e9sio\" \/>\n\t<meta name=\"twitter:label2\" content=\"Est. tempo de leitura\" \/>\n\t<meta name=\"twitter:data2\" content=\"3 minutos\" \/>\n<script type=\"application\/ld+json\" class=\"yoast-schema-graph\">{\"@context\":\"https:\\\/\\\/schema.org\",\"@graph\":[{\"@type\":\"Article\",\"@id\":\"https:\\\/\\\/blogdofarnesio.com.br\\\/?p=383668#article\",\"isPartOf\":{\"@id\":\"https:\\\/\\\/blogdofarnesio.com.br\\\/?p=383668\"},\"author\":{\"name\":\"Farn\u00e9sio\",\"@id\":\"https:\\\/\\\/blogdofarnesio.com.br\\\/#\\\/schema\\\/person\\\/bb9b23ae3ad0609ce8df7b6c9e76824d\"},\"headline\":\"Petrolina &#8211; PE divulga Processo Seletivo com 86 vagas\",\"datePublished\":\"2024-12-19T10:20:15+00:00\",\"mainEntityOfPage\":{\"@id\":\"https:\\\/\\\/blogdofarnesio.com.br\\\/?p=383668\"},\"wordCount\":378,\"commentCount\":0,\"publisher\":{\"@id\":\"https:\\\/\\\/blogdofarnesio.com.br\\\/#organization\"},\"image\":{\"@id\":\"https:\\\/\\\/blogdofarnesio.com.br\\\/?p=383668#primaryimage\"},\"thumbnailUrl\":\"https:\\\/\\\/blogdofarnesio.com.br\\\/wp-content\\\/uploads\\\/2017\\\/11\\\/blogqspsele\u00e7\u00e3o-professores0.jpg\",\"inLanguage\":\"pt-BR\",\"potentialAction\":[{\"@type\":\"CommentAction\",\"name\":\"Comment\",\"target\":[\"https:\\\/\\\/blogdofarnesio.com.br\\\/?p=383668#respond\"]}]},{\"@type\":\"WebPage\",\"@id\":\"https:\\\/\\\/blogdofarnesio.com.br\\\/?p=383668\",\"url\":\"https:\\\/\\\/blogdofarnesio.com.br\\\/?p=383668\",\"name\":\"Petrolina - PE divulga Processo Seletivo com 86 vagas - Blog do Farn\u00e9sio\",\"isPartOf\":{\"@id\":\"https:\\\/\\\/blogdofarnesio.com.br\\\/#website\"},\"primaryImageOfPage\":{\"@id\":\"https:\\\/\\\/blogdofarnesio.com.br\\\/?p=383668#primaryimage\"},\"image\":{\"@id\":\"https:\\\/\\\/blogdofarnesio.com.br\\\/?p=383668#primaryimage\"},\"thumbnailUrl\":\"https:\\\/\\\/blogdofarnesio.com.br\\\/wp-content\\\/uploads\\\/2017\\\/11\\\/blogqspsele\u00e7\u00e3o-professores0.jpg\",\"datePublished\":\"2024-12-19T10:20:15+00:00\",\"breadcrumb\":{\"@id\":\"https:\\\/\\\/blogdofarnesio.com.br\\\/?p=383668#breadcrumb\"},\"inLanguage\":\"pt-BR\",\"potentialAction\":[{\"@type\":\"ReadAction\",\"target\":[\"https:\\\/\\\/blogdofarnesio.com.br\\\/?p=383668\"]}]},{\"@type\":\"ImageObject\",\"inLanguage\":\"pt-BR\",\"@id\":\"https:\\\/\\\/blogdofarnesio.com.br\\\/?p=383668#primaryimage\",\"url\":\"https:\\\/\\\/blogdofarnesio.com.br\\\/wp-content\\\/uploads\\\/2017\\\/11\\\/blogqspsele\u00e7\u00e3o-professores0.jpg\",\"contentUrl\":\"https:\\\/\\\/blogdofarnesio.com.br\\\/wp-content\\\/uploads\\\/2017\\\/11\\\/blogqspsele\u00e7\u00e3o-professores0.jpg\",\"width\":400,\"height\":230},{\"@type\":\"BreadcrumbList\",\"@id\":\"https:\\\/\\\/blogdofarnesio.com.br\\\/?p=383668#breadcrumb\",\"itemListElement\":[{\"@type\":\"ListItem\",\"position\":1,\"name\":\"In\u00edcio\",\"item\":\"https:\\\/\\\/blogdofarnesio.com.br\\\/\"},{\"@type\":\"ListItem\",\"position\":2,\"name\":\"Petrolina &#8211; PE divulga Processo Seletivo com 86 vagas\"}]},{\"@type\":\"WebSite\",\"@id\":\"https:\\\/\\\/blogdofarnesio.com.br\\\/#website\",\"url\":\"https:\\\/\\\/blogdofarnesio.com.br\\\/\",\"name\":\"Blog do Farn\u00e9sio\",\"description\":\"Quer Saber Pol\u00edtica?\",\"publisher\":{\"@id\":\"https:\\\/\\\/blogdofarnesio.com.br\\\/#organization\"},\"potentialAction\":[{\"@type\":\"SearchAction\",\"target\":{\"@type\":\"EntryPoint\",\"urlTemplate\":\"https:\\\/\\\/blogdofarnesio.com.br\\\/?s={search_term_string}\"},\"query-input\":{\"@type\":\"PropertyValueSpecification\",\"valueRequired\":true,\"valueName\":\"search_term_string\"}}],\"inLanguage\":\"pt-BR\"},{\"@type\":\"Organization\",\"@id\":\"https:\\\/\\\/blogdofarnesio.com.br\\\/#organization\",\"name\":\"Blog do Farn\u00e9sio\",\"url\":\"https:\\\/\\\/blogdofarnesio.com.br\\\/\",\"logo\":{\"@type\":\"ImageObject\",\"inLanguage\":\"pt-BR\",\"@id\":\"https:\\\/\\\/blogdofarnesio.com.br\\\/#\\\/schema\\\/logo\\\/image\\\/\",\"url\":\"https:\\\/\\\/blogdofarnesio.com.br\\\/wp-content\\\/uploads\\\/2026\\\/03\\\/cropped-logo_new-1.png\",\"contentUrl\":\"https:\\\/\\\/blogdofarnesio.com.br\\\/wp-content\\\/uploads\\\/2026\\\/03\\\/cropped-logo_new-1.png\",\"width\":881,\"height\":685,\"caption\":\"Blog do Farn\u00e9sio\"},\"image\":{\"@id\":\"https:\\\/\\\/blogdofarnesio.com.br\\\/#\\\/schema\\\/logo\\\/image\\\/\"},\"sameAs\":[\"https:\\\/\\\/www.facebook.com\\\/BlogQuerSaberPolitica\\\/\"]},{\"@type\":\"Person\",\"@id\":\"https:\\\/\\\/blogdofarnesio.com.br\\\/#\\\/schema\\\/person\\\/bb9b23ae3ad0609ce8df7b6c9e76824d\",\"name\":\"Farn\u00e9sio\",\"image\":{\"@type\":\"ImageObject\",\"inLanguage\":\"pt-BR\",\"@id\":\"https:\\\/\\\/secure.gravatar.com\\\/avatar\\\/986aa4c61ccdb66f8555bf88fc2a65609d00bcabd4d2d94377a727547345cbca?s=96&d=mm&r=g\",\"url\":\"https:\\\/\\\/secure.gravatar.com\\\/avatar\\\/986aa4c61ccdb66f8555bf88fc2a65609d00bcabd4d2d94377a727547345cbca?s=96&d=mm&r=g\",\"contentUrl\":\"https:\\\/\\\/secure.gravatar.com\\\/avatar\\\/986aa4c61ccdb66f8555bf88fc2a65609d00bcabd4d2d94377a727547345cbca?s=96&d=mm&r=g\",\"caption\":\"Farn\u00e9sio\"},\"description\":\"Radialista blogueiro, chegou a Petrolina\\\/Juazeiro em setembro de 1980, Farn\u00e9sio Silva \u00e9 de Arapiraca-Alagoas.\",\"sameAs\":[\"http:\\\/\\\/blogdofarnesio.com.br\",\"https:\\\/\\\/www.facebook.com\\\/?ref=tn_tnmn\",\"https:\\\/\\\/www.instagram.com\\\/?utm_source=pwa_homescreen\",\"https:\\\/\\\/youtube.com.br\\\/\"],\"url\":\"https:\\\/\\\/blogdofarnesio.com.br\\\/?author=2\"}]}<\/script>\n<!-- \/ Yoast SEO plugin. -->","yoast_head_json":{"title":"Petrolina - PE divulga Processo Seletivo com 86 vagas - Blog do Farn\u00e9sio","robots":{"index":"index","follow":"follow","max-snippet":"max-snippet:-1","max-image-preview":"max-image-preview:large","max-video-preview":"max-video-preview:-1"},"canonical":"https:\/\/blogdofarnesio.com.br\/?p=383668","og_locale":"pt_BR","og_type":"article","og_title":"Petrolina - PE divulga Processo Seletivo com 86 vagas - Blog do Farn\u00e9sio","og_description":"A\u00a0Prefeitura de Petrolina por meio da Secretaria Municipal de Educa\u00e7\u00e3o, Cultura e Esportes esta com inscri\u00e7\u00e3o aberta de Processo Seletivo para contrata\u00e7\u00e3o de profissionais com n\u00edveis fundamental, m\u00e9dio, t\u00e9cnico e superior. As 86 vagas dispon\u00edveis s\u00e3o para os cargos de: Professor Substituto De Educa\u00e7\u00e3o Infantil (6 vagas); Professor Substituto Do Ensino Fundamental &#8211; Anos Iniciais (21 vagas); Professor Substituto Do Ensino Fundamental &#8211; Anos Finais De Educa\u00e7\u00e3o F\u00edsica (4 vagas); Professor Substituto Do Ensino Fundamental &#8211; Anos Finais De Ci\u00eancias; Professor Substituto Do Ensino Fundamental &#8211; Anos Finais De Geografia (1 vaga); Professor Substituto Do Ensino Fundamental &#8211; Anos Finais De L\u00edngua Portuguesa; Professor Substituto Do Ensino Fundamental &#8211; Anos Finais De Hist\u00f3ria; Professor Substituto Do Ensino Fundamental &#8211; Anos&hellip;","og_url":"https:\/\/blogdofarnesio.com.br\/?p=383668","og_site_name":"Blog do Farn\u00e9sio","article_publisher":"https:\/\/www.facebook.com\/BlogQuerSaberPolitica\/","article_author":"https:\/\/www.facebook.com\/?ref=tn_tnmn","article_published_time":"2024-12-19T10:20:15+00:00","og_image":[{"width":400,"height":230,"url":"https:\/\/blogdofarnesio.com.br\/wp-content\/uploads\/2017\/11\/blogqspsele\u00e7\u00e3o-professores0.jpg","type":"image\/jpeg"}],"author":"Farn\u00e9sio","twitter_card":"summary_large_image","twitter_misc":{"Escrito por":"Farn\u00e9sio","Est. tempo de leitura":"3 minutos"},"schema":{"@context":"https:\/\/schema.org","@graph":[{"@type":"Article","@id":"https:\/\/blogdofarnesio.com.br\/?p=383668#article","isPartOf":{"@id":"https:\/\/blogdofarnesio.com.br\/?p=383668"},"author":{"name":"Farn\u00e9sio","@id":"https:\/\/blogdofarnesio.com.br\/#\/schema\/person\/bb9b23ae3ad0609ce8df7b6c9e76824d"},"headline":"Petrolina &#8211; PE divulga Processo Seletivo com 86 vagas","datePublished":"2024-12-19T10:20:15+00:00","mainEntityOfPage":{"@id":"https:\/\/blogdofarnesio.com.br\/?p=383668"},"wordCount":378,"commentCount":0,"publisher":{"@id":"https:\/\/blogdofarnesio.com.br\/#organization"},"image":{"@id":"https:\/\/blogdofarnesio.com.br\/?p=383668#primaryimage"},"thumbnailUrl":"https:\/\/blogdofarnesio.com.br\/wp-content\/uploads\/2017\/11\/blogqspsele\u00e7\u00e3o-professores0.jpg","inLanguage":"pt-BR","potentialAction":[{"@type":"CommentAction","name":"Comment","target":["https:\/\/blogdofarnesio.com.br\/?p=383668#respond"]}]},{"@type":"WebPage","@id":"https:\/\/blogdofarnesio.com.br\/?p=383668","url":"https:\/\/blogdofarnesio.com.br\/?p=383668","name":"Petrolina - PE divulga Processo Seletivo com 86 vagas - Blog do Farn\u00e9sio","isPartOf":{"@id":"https:\/\/blogdofarnesio.com.br\/#website"},"primaryImageOfPage":{"@id":"https:\/\/blogdofarnesio.com.br\/?p=383668#primaryimage"},"image":{"@id":"https:\/\/blogdofarnesio.com.br\/?p=383668#primaryimage"},"thumbnailUrl":"https:\/\/blogdofarnesio.com.br\/wp-content\/uploads\/2017\/11\/blogqspsele\u00e7\u00e3o-professores0.jpg","datePublished":"2024-12-19T10:20:15+00:00","breadcrumb":{"@id":"https:\/\/blogdofarnesio.com.br\/?p=383668#breadcrumb"},"inLanguage":"pt-BR","potentialAction":[{"@type":"ReadAction","target":["https:\/\/blogdofarnesio.com.br\/?p=383668"]}]},{"@type":"ImageObject","inLanguage":"pt-BR","@id":"https:\/\/blogdofarnesio.com.br\/?p=383668#primaryimage","url":"https:\/\/blogdofarnesio.com.br\/wp-content\/uploads\/2017\/11\/blogqspsele\u00e7\u00e3o-professores0.jpg","contentUrl":"https:\/\/blogdofarnesio.com.br\/wp-content\/uploads\/2017\/11\/blogqspsele\u00e7\u00e3o-professores0.jpg","width":400,"height":230},{"@type":"BreadcrumbList","@id":"https:\/\/blogdofarnesio.com.br\/?p=383668#breadcrumb","itemListElement":[{"@type":"ListItem","position":1,"name":"In\u00edcio","item":"https:\/\/blogdofarnesio.com.br\/"},{"@type":"ListItem","position":2,"name":"Petrolina &#8211; PE divulga Processo Seletivo com 86 vagas"}]},{"@type":"WebSite","@id":"https:\/\/blogdofarnesio.com.br\/#website","url":"https:\/\/blogdofarnesio.com.br\/","name":"Blog do Farn\u00e9sio","description":"Quer Saber Pol\u00edtica?","publisher":{"@id":"https:\/\/blogdofarnesio.com.br\/#organization"},"potentialAction":[{"@type":"SearchAction","target":{"@type":"EntryPoint","urlTemplate":"https:\/\/blogdofarnesio.com.br\/?s={search_term_string}"},"query-input":{"@type":"PropertyValueSpecification","valueRequired":true,"valueName":"search_term_string"}}],"inLanguage":"pt-BR"},{"@type":"Organization","@id":"https:\/\/blogdofarnesio.com.br\/#organization","name":"Blog do Farn\u00e9sio","url":"https:\/\/blogdofarnesio.com.br\/","logo":{"@type":"ImageObject","inLanguage":"pt-BR","@id":"https:\/\/blogdofarnesio.com.br\/#\/schema\/logo\/image\/","url":"https:\/\/blogdofarnesio.com.br\/wp-content\/uploads\/2026\/03\/cropped-logo_new-1.png","contentUrl":"https:\/\/blogdofarnesio.com.br\/wp-content\/uploads\/2026\/03\/cropped-logo_new-1.png","width":881,"height":685,"caption":"Blog do Farn\u00e9sio"},"image":{"@id":"https:\/\/blogdofarnesio.com.br\/#\/schema\/logo\/image\/"},"sameAs":["https:\/\/www.facebook.com\/BlogQuerSaberPolitica\/"]},{"@type":"Person","@id":"https:\/\/blogdofarnesio.com.br\/#\/schema\/person\/bb9b23ae3ad0609ce8df7b6c9e76824d","name":"Farn\u00e9sio","image":{"@type":"ImageObject","inLanguage":"pt-BR","@id":"https:\/\/secure.gravatar.com\/avatar\/986aa4c61ccdb66f8555bf88fc2a65609d00bcabd4d2d94377a727547345cbca?s=96&d=mm&r=g","url":"https:\/\/secure.gravatar.com\/avatar\/986aa4c61ccdb66f8555bf88fc2a65609d00bcabd4d2d94377a727547345cbca?s=96&d=mm&r=g","contentUrl":"https:\/\/secure.gravatar.com\/avatar\/986aa4c61ccdb66f8555bf88fc2a65609d00bcabd4d2d94377a727547345cbca?s=96&d=mm&r=g","caption":"Farn\u00e9sio"},"description":"Radialista blogueiro, chegou a Petrolina\/Juazeiro em setembro de 1980, Farn\u00e9sio Silva \u00e9 de Arapiraca-Alagoas.","sameAs":["http:\/\/blogdofarnesio.com.br","https:\/\/www.facebook.com\/?ref=tn_tnmn","https:\/\/www.instagram.com\/?utm_source=pwa_homescreen","https:\/\/youtube.com.br\/"],"url":"https:\/\/blogdofarnesio.com.br\/?author=2"}]}},"_links":{"self":[{"href":"https:\/\/blogdofarnesio.com.br\/index.php?rest_route=\/wp\/v2\/posts\/383668","targetHints":{"allow":["GET"]}}],"collection":[{"href":"https:\/\/blogdofarnesio.com.br\/index.php?rest_route=\/wp\/v2\/posts"}],"about":[{"href":"https:\/\/blogdofarnesio.com.br\/index.php?rest_route=\/wp\/v2\/types\/post"}],"author":[{"embeddable":true,"href":"https:\/\/blogdofarnesio.com.br\/index.php?rest_route=\/wp\/v2\/users\/2"}],"replies":[{"embeddable":true,"href":"https:\/\/blogdofarnesio.com.br\/index.php?rest_route=%2Fwp%2Fv2%2Fcomments&post=383668"}],"version-history":[{"count":0,"href":"https:\/\/blogdofarnesio.com.br\/index.php?rest_route=\/wp\/v2\/posts\/383668\/revisions"}],"wp:featuredmedia":[{"embeddable":true,"href":"https:\/\/blogdofarnesio.com.br\/index.php?rest_route=\/wp\/v2\/media\/180785"}],"wp:attachment":[{"href":"https:\/\/blogdofarnesio.com.br\/index.php?rest_route=%2Fwp%2Fv2%2Fmedia&parent=383668"}],"wp:term":[{"taxonomy":"category","embeddable":true,"href":"https:\/\/blogdofarnesio.com.br\/index.php?rest_route=%2Fwp%2Fv2%2Fcategories&post=383668"},{"taxonomy":"post_tag","embeddable":true,"href":"https:\/\/blogdofarnesio.com.br\/index.php?rest_route=%2Fwp%2Fv2%2Ftags&post=383668"}],"curies":[{"name":"wp","href":"https:\/\/api.w.org\/{rel}","templated":true}]}}