{"id":383483,"date":"2024-12-15T11:32:42","date_gmt":"2024-12-15T14:32:42","guid":{"rendered":"https:\/\/blogdofarnesio.com.br\/?p=383483"},"modified":"2024-12-15T09:20:50","modified_gmt":"2024-12-15T12:20:50","slug":"prisao-do-rei-do-lixo-provoca-panico-na-prefeitura-de-salvador","status":"publish","type":"post","link":"https:\/\/blogdofarnesio.com.br\/?p=383483","title":{"rendered":"Pris\u00e3o do \u201cRei do Lixo\u201d provoca p\u00e2nico na Prefeitura de Salvador"},"content":{"rendered":"<header class=\"styles__Head-sc-20qlq5-1 bbMyaj\">\n<nav class=\"MenuWrapper-sc-oovkh1-0 gcBmsF\" data-mrf-recirculation=\"Menu\">\n<div class=\"MenuWrapper__Container-sc-oovkh1-1 jJlsdx\"><\/div>\n<\/nav>\n<\/header>\n<div class=\"NoticiaInternaWrapper-sc-481g5p-0 cZkWqa categoria__colunas\">\n<div class=\"Grid__Container-sc-owmjhw-0 dqQxhb\">\n<div class=\"Grid__Row-sc-owmjhw-1 cqmWHV\">\n<div class=\"Grid__Col-sc-owmjhw-2 BGIlG\">\n<article class=\"Grid__Row-sc-owmjhw-1 hXiIKi\">\n<div class=\"Grid__Col-sc-owmjhw-2 jxWCJw\">\n<header class=\"Grid__Col-sc-owmjhw-2 ivaiSK\">\n<div class=\"CabecalhoColunasWrapper__CabecalhoColunistaWrapper-sc-rfoeyr-0 eyCWhk bloco__cabecalhoColunista\">\n<div class=\"CabecalhoColunasWrapper__Autor-sc-rfoeyr-2 ctyZuP wrapper__autor wrapper-igor-gadelha\">\n<div class=\"Grid__Row-sc-owmjhw-1 cUGnsH grid__row\">\n<div class=\"Grid__Col-sc-owmjhw-2 jaahyQ\">\n<div class=\"CabecalhoColunasWrapper__FigureWrapper-sc-rfoeyr-3 bDKvAq wrapper-figure wrapper-figure__igor-gadelha\"><a href=\"https:\/\/www.metropoles.com\/colunas\/igor-gadelha\" target=\"_top\">Igor Gadelha &#8211;\u00a0<\/a><\/div>\n<\/div>\n<\/div>\n<\/div>\n<\/div>\n<div class=\"HeaderNoticiaWrapper-sc-4exe2y-0 DvlZk colunas-wrapper\">\n<h2 class=\"Text__TextBase-sc-1d75gww-0 jhEviD noticiaCabecalho__subtitulo\"><em>Pris\u00e3o do empres\u00e1rio Marcos Moura, conhecido como \u201cRei do Lixo\u201d, provocou p\u00e2nico na Prefeitura de Salvador, comandada pelo Uni\u00e3o Brasil<\/em><\/h2>\n<\/div>\n<\/header>\n<div class=\"Grid__Col-sc-owmjhw-2 cgtvGh\">\n<div class=\"ConteudoNoticiaWrapper-sc-19fsm27-0 hIDPRr m-content\">\n<div class=\"ConteudoNoticiaWrapper__Artigo-sc-19fsm27-1 iZYHrO\">\n<p>A pris\u00e3o pela\u00a0<a href=\"https:\/\/www.gov.br\/pf\/pt-br\" target=\"_blank\" rel=\"noopener\">Pol\u00edcia Federal<\/a>\u00a0do empres\u00e1rio Marcos Moura, conhecido como \u201cRei do Lixo da Bahia\u201d, provocou p\u00e2nico na Prefeitura de Salvador, comandada atualmente por\u00a0<a href=\"https:\/\/www.metropoles.com\/brasil\/bruno-reis-e-reeleito-prefeito-de-salvador\" target=\"_blank\" rel=\"noopener\">Bruno Reis<\/a> (Uni\u00e3o Brasil).<\/p>\n<p data-gtm-vis-recent-on-screen104869357_94=\"5776\" data-gtm-vis-first-on-screen104869357_94=\"5776\" data-gtm-vis-total-visible-time104869357_94=\"100\" data-gtm-vis-has-fired104869357_94=\"1\">Preso na\u00a0<a href=\"https:\/\/www.gov.br\/cgu\/pt-br\/assuntos\/noticias\/2024\/12\/operacao-overclean-cgu-pf-mpf-e-receita-desmontam-esquema-que-desviou-r-1-4-bilhao-do-dnocs-na-bahia\" target=\"_blank\" rel=\"noopener\">Opera\u00e7\u00e3o Overclean<\/a>, o \u201cRei do Lixo\u201d \u00e9 dono da\u00a0<a href=\"http:\/\/www.mmlimpezaurbana.com.br\/empresa\/\" target=\"_blank\" rel=\"noopener\">MM Consultoria Constru\u00e7\u00f5es e Servi\u00e7os<\/a>, empresa que tem contratos bilion\u00e1rios com a gest\u00e3o da capital baiana e com prefeituras administradas pelo\u00a0<a href=\"https:\/\/uniaobrasil.org.br\/\" target=\"_blank\" rel=\"noopener\">Uni\u00e3o Brasil<\/a>.<\/p>\n<div class=\"splide-container\">\n<div class=\"pre-slider\">\n<div class=\"splide__thumb-list\">\n<div class=\"splide__slide\">\n<div class=\"splide__total-images\">3 imagens<\/div>\n<p><img decoding=\"async\" title=\"Ele \u00e9 amigo de ACM Neto...\" src=\"https:\/\/fly.metroimg.com\/upload\/q_85,w_180\/https:\/\/uploads.metroimg.com\/wp-content\/uploads\/2023\/11\/29233429\/ACM-Neto-2-1.jpg\" alt=\"Ele \u00e9 amigo de ACM Neto...\" \/><\/p>\n<\/div>\n<div class=\"splide__slide\"><img decoding=\"async\" title=\"... e do presidente do Uni\u00e3o Brasil, Ant\u00f4nio Rueda\" src=\"https:\/\/fly.metroimg.com\/upload\/q_85,w_180\/https:\/\/uploads.metroimg.com\/wp-content\/uploads\/2024\/05\/07100931\/advogado-antonio-rueda-presidente-uniao-brasil.jpeg\" alt=\"... e do presidente do Uni\u00e3o Brasil, Ant\u00f4nio Rueda\" \/><\/div>\n<\/div>\n<\/div>\n<\/div>\n<p>Segundo apurou a coluna, a a\u00e7\u00e3o da PF causou rebuli\u00e7o na Prefeitura de Salvador na ter\u00e7a-feira (11\/12). Membros do alto escal\u00e3o da gest\u00e3o Bruno Reis se dizem apreensivos e temem que a opera\u00e7\u00e3o chegue no prefeito.<\/p>\n<p>A opera\u00e7\u00e3o j\u00e1 come\u00e7ou a atingir o baixo clero da prefeitura. Na pr\u00f3pria ter\u00e7a, o diretor de Administra\u00e7\u00e3o da Secretaria Municipal de Educa\u00e7\u00e3o de Salvador, Flavio Henrique Pimenta, foi preso.<\/p>\n<p>Segundo a investiga\u00e7\u00e3o, Pimenta foi preso acusado de passar informa\u00e7\u00f5es privilegiadas para uma das empresas envolvidas no esquema. O servidor foi exonerado do cargo no mesmo dia.<\/p>\n<h4>O \u201cRei do Lixo\u201d e o Uni\u00e3o Brasil<\/h4>\n<p>O \u201cRei do Lixo\u201d foi detido na mesma opera\u00e7\u00e3o da PF que tamb\u00e9m prendeu Francisquinho Nascimento, primo do atual l\u00edder do Uni\u00e3o Brasil na C\u00e2mara, o deputado<a href=\"https:\/\/www.metropoles.com\/tag\/elmar-nascimento\" target=\"_blank\" rel=\"noopener\">\u00a0Elmar Nascimento<\/a>\u00a0(BA).<\/p>\n<p>Quando os policiais federais chegaram ao endere\u00e7o de Francisquinho,\u00a0<a href=\"https:\/\/www.metropoles.com\/brasil\/quem-e-o-vereador-que-jogou-dinheiro-pela-janela-ao-ser-preso\" target=\"_blank\" rel=\"noopener\">o primo de Elmar jogou uma sacola com R$ 200 mil pela janela<\/a>. A a\u00e7\u00e3o foi flagrada pela PF.<\/p>\n<p>A MM Consultoria Constru\u00e7\u00f5es e Servi\u00e7os, empresa de Marcos, \u00e9 especializada em servi\u00e7os de limpeza urbana. A companhia tamb\u00e9m foi alvo das buscas feitas pelos policiais federais.<\/p>\n<p>Filiado ao Uni\u00e3o Brasil, o empres\u00e1rio \u00e9 amigo dos principais caciques do partido. Entre eles, do ex-prefeito de Salvador ACM Neto e do presidente nacional da sigla, Ant\u00f4nio Rueda.<\/p>\n<\/div>\n<\/div>\n<\/div>\n<\/div>\n<\/article>\n<\/div>\n<\/div>\n<\/div>\n<\/div>\n","protected":false},"excerpt":{"rendered":"<p>Igor Gadelha &#8211;\u00a0 Pris\u00e3o do empres\u00e1rio Marcos Moura, conhecido como \u201cRei do Lixo\u201d, provocou p\u00e2nico na Prefeitura de Salvador, comandada pelo Uni\u00e3o Brasil A pris\u00e3o pela\u00a0Pol\u00edcia Federal\u00a0do empres\u00e1rio Marcos Moura, conhecido como \u201cRei do Lixo da Bahia\u201d, provocou p\u00e2nico na Prefeitura de Salvador, comandada atualmente por\u00a0Bruno Reis (Uni\u00e3o Brasil). Preso na\u00a0Opera\u00e7\u00e3o Overclean, o \u201cRei do Lixo\u201d \u00e9 dono da\u00a0MM Consultoria Constru\u00e7\u00f5es e Servi\u00e7os, empresa que tem contratos bilion\u00e1rios com a gest\u00e3o da capital baiana e com prefeituras administradas pelo\u00a0Uni\u00e3o Brasil. 3 imagens Segundo apurou a coluna, a a\u00e7\u00e3o da PF causou rebuli\u00e7o na Prefeitura de Salvador na ter\u00e7a-feira (11\/12). Membros do alto escal\u00e3o da gest\u00e3o Bruno Reis se dizem apreensivos e temem que a opera\u00e7\u00e3o chegue no prefeito. A opera\u00e7\u00e3o&hellip; <\/p>\n","protected":false},"author":2,"featured_media":383545,"comment_status":"open","ping_status":"open","sticky":false,"template":"","format":"standard","meta":{"_acf_changed":false,"footnotes":""},"categories":[9],"tags":[],"class_list":["post-383483","post","type-post","status-publish","format-standard","has-post-thumbnail","hentry","category-policia"],"acf":[],"yoast_head":"<!-- This site is optimized with the Yoast SEO plugin v27.4 - https:\/\/yoast.com\/product\/yoast-seo-wordpress\/ -->\n<title>Pris\u00e3o do \u201cRei do Lixo\u201d provoca p\u00e2nico na Prefeitura de Salvador - Blog do Farn\u00e9sio<\/title>\n<meta name=\"robots\" content=\"index, follow, max-snippet:-1, max-image-preview:large, max-video-preview:-1\" \/>\n<link rel=\"canonical\" href=\"https:\/\/blogdofarnesio.com.br\/?p=383483\" \/>\n<meta property=\"og:locale\" content=\"pt_BR\" \/>\n<meta property=\"og:type\" content=\"article\" \/>\n<meta property=\"og:title\" content=\"Pris\u00e3o do \u201cRei do Lixo\u201d provoca p\u00e2nico na Prefeitura de Salvador - Blog do Farn\u00e9sio\" \/>\n<meta property=\"og:description\" content=\"Igor Gadelha &#8211;\u00a0 Pris\u00e3o do empres\u00e1rio Marcos Moura, conhecido como \u201cRei do Lixo\u201d, provocou p\u00e2nico na Prefeitura de Salvador, comandada pelo Uni\u00e3o Brasil A pris\u00e3o pela\u00a0Pol\u00edcia Federal\u00a0do empres\u00e1rio Marcos Moura, conhecido como \u201cRei do Lixo da Bahia\u201d, provocou p\u00e2nico na Prefeitura de Salvador, comandada atualmente por\u00a0Bruno Reis (Uni\u00e3o Brasil). Preso na\u00a0Opera\u00e7\u00e3o Overclean, o \u201cRei do Lixo\u201d \u00e9 dono da\u00a0MM Consultoria Constru\u00e7\u00f5es e Servi\u00e7os, empresa que tem contratos bilion\u00e1rios com a gest\u00e3o da capital baiana e com prefeituras administradas pelo\u00a0Uni\u00e3o Brasil. 3 imagens Segundo apurou a coluna, a a\u00e7\u00e3o da PF causou rebuli\u00e7o na Prefeitura de Salvador na ter\u00e7a-feira (11\/12). Membros do alto escal\u00e3o da gest\u00e3o Bruno Reis se dizem apreensivos e temem que a opera\u00e7\u00e3o chegue no prefeito. A opera\u00e7\u00e3o&hellip;\" \/>\n<meta property=\"og:url\" content=\"https:\/\/blogdofarnesio.com.br\/?p=383483\" \/>\n<meta property=\"og:site_name\" content=\"Blog do Farn\u00e9sio\" \/>\n<meta property=\"article:publisher\" content=\"https:\/\/www.facebook.com\/BlogQuerSaberPolitica\/\" \/>\n<meta property=\"article:author\" content=\"https:\/\/www.facebook.com\/?ref=tn_tnmn\" \/>\n<meta property=\"article:published_time\" content=\"2024-12-15T14:32:42+00:00\" \/>\n<meta name=\"author\" content=\"Farn\u00e9sio\" \/>\n<meta name=\"twitter:card\" content=\"summary_large_image\" \/>\n<meta name=\"twitter:label1\" content=\"Escrito por\" \/>\n\t<meta name=\"twitter:data1\" content=\"Farn\u00e9sio\" \/>\n\t<meta name=\"twitter:label2\" content=\"Est. tempo de leitura\" \/>\n\t<meta name=\"twitter:data2\" content=\"3 minutos\" \/>\n<script type=\"application\/ld+json\" class=\"yoast-schema-graph\">{\"@context\":\"https:\\\/\\\/schema.org\",\"@graph\":[{\"@type\":\"Article\",\"@id\":\"https:\\\/\\\/blogdofarnesio.com.br\\\/?p=383483#article\",\"isPartOf\":{\"@id\":\"https:\\\/\\\/blogdofarnesio.com.br\\\/?p=383483\"},\"author\":{\"name\":\"Farn\u00e9sio\",\"@id\":\"https:\\\/\\\/blogdofarnesio.com.br\\\/#\\\/schema\\\/person\\\/bb9b23ae3ad0609ce8df7b6c9e76824d\"},\"headline\":\"Pris\u00e3o do \u201cRei do Lixo\u201d provoca p\u00e2nico na Prefeitura de Salvador\",\"datePublished\":\"2024-12-15T14:32:42+00:00\",\"mainEntityOfPage\":{\"@id\":\"https:\\\/\\\/blogdofarnesio.com.br\\\/?p=383483\"},\"wordCount\":354,\"commentCount\":0,\"publisher\":{\"@id\":\"https:\\\/\\\/blogdofarnesio.com.br\\\/#organization\"},\"image\":{\"@id\":\"https:\\\/\\\/blogdofarnesio.com.br\\\/?p=383483#primaryimage\"},\"thumbnailUrl\":\"https:\\\/\\\/blogdofarnesio.com.br\\\/wp-content\\\/uploads\\\/2024\\\/12\\\/blogqsprei-do-lixo.avif\",\"articleSection\":[\"Pol\u00edcia\"],\"inLanguage\":\"pt-BR\",\"potentialAction\":[{\"@type\":\"CommentAction\",\"name\":\"Comment\",\"target\":[\"https:\\\/\\\/blogdofarnesio.com.br\\\/?p=383483#respond\"]}]},{\"@type\":\"WebPage\",\"@id\":\"https:\\\/\\\/blogdofarnesio.com.br\\\/?p=383483\",\"url\":\"https:\\\/\\\/blogdofarnesio.com.br\\\/?p=383483\",\"name\":\"Pris\u00e3o do \u201cRei do Lixo\u201d provoca p\u00e2nico na Prefeitura de Salvador - Blog do Farn\u00e9sio\",\"isPartOf\":{\"@id\":\"https:\\\/\\\/blogdofarnesio.com.br\\\/#website\"},\"primaryImageOfPage\":{\"@id\":\"https:\\\/\\\/blogdofarnesio.com.br\\\/?p=383483#primaryimage\"},\"image\":{\"@id\":\"https:\\\/\\\/blogdofarnesio.com.br\\\/?p=383483#primaryimage\"},\"thumbnailUrl\":\"https:\\\/\\\/blogdofarnesio.com.br\\\/wp-content\\\/uploads\\\/2024\\\/12\\\/blogqsprei-do-lixo.avif\",\"datePublished\":\"2024-12-15T14:32:42+00:00\",\"breadcrumb\":{\"@id\":\"https:\\\/\\\/blogdofarnesio.com.br\\\/?p=383483#breadcrumb\"},\"inLanguage\":\"pt-BR\",\"potentialAction\":[{\"@type\":\"ReadAction\",\"target\":[\"https:\\\/\\\/blogdofarnesio.com.br\\\/?p=383483\"]}]},{\"@type\":\"ImageObject\",\"inLanguage\":\"pt-BR\",\"@id\":\"https:\\\/\\\/blogdofarnesio.com.br\\\/?p=383483#primaryimage\",\"url\":\"https:\\\/\\\/blogdofarnesio.com.br\\\/wp-content\\\/uploads\\\/2024\\\/12\\\/blogqsprei-do-lixo.avif\",\"contentUrl\":\"https:\\\/\\\/blogdofarnesio.com.br\\\/wp-content\\\/uploads\\\/2024\\\/12\\\/blogqsprei-do-lixo.avif\",\"width\":600,\"height\":386},{\"@type\":\"BreadcrumbList\",\"@id\":\"https:\\\/\\\/blogdofarnesio.com.br\\\/?p=383483#breadcrumb\",\"itemListElement\":[{\"@type\":\"ListItem\",\"position\":1,\"name\":\"In\u00edcio\",\"item\":\"https:\\\/\\\/blogdofarnesio.com.br\\\/\"},{\"@type\":\"ListItem\",\"position\":2,\"name\":\"Pris\u00e3o do \u201cRei do Lixo\u201d provoca p\u00e2nico na Prefeitura de Salvador\"}]},{\"@type\":\"WebSite\",\"@id\":\"https:\\\/\\\/blogdofarnesio.com.br\\\/#website\",\"url\":\"https:\\\/\\\/blogdofarnesio.com.br\\\/\",\"name\":\"Blog do Farn\u00e9sio\",\"description\":\"Quer Saber Pol\u00edtica?\",\"publisher\":{\"@id\":\"https:\\\/\\\/blogdofarnesio.com.br\\\/#organization\"},\"potentialAction\":[{\"@type\":\"SearchAction\",\"target\":{\"@type\":\"EntryPoint\",\"urlTemplate\":\"https:\\\/\\\/blogdofarnesio.com.br\\\/?s={search_term_string}\"},\"query-input\":{\"@type\":\"PropertyValueSpecification\",\"valueRequired\":true,\"valueName\":\"search_term_string\"}}],\"inLanguage\":\"pt-BR\"},{\"@type\":\"Organization\",\"@id\":\"https:\\\/\\\/blogdofarnesio.com.br\\\/#organization\",\"name\":\"Blog do Farn\u00e9sio\",\"url\":\"https:\\\/\\\/blogdofarnesio.com.br\\\/\",\"logo\":{\"@type\":\"ImageObject\",\"inLanguage\":\"pt-BR\",\"@id\":\"https:\\\/\\\/blogdofarnesio.com.br\\\/#\\\/schema\\\/logo\\\/image\\\/\",\"url\":\"https:\\\/\\\/blogdofarnesio.com.br\\\/wp-content\\\/uploads\\\/2026\\\/03\\\/cropped-logo_new-1.png\",\"contentUrl\":\"https:\\\/\\\/blogdofarnesio.com.br\\\/wp-content\\\/uploads\\\/2026\\\/03\\\/cropped-logo_new-1.png\",\"width\":881,\"height\":685,\"caption\":\"Blog do Farn\u00e9sio\"},\"image\":{\"@id\":\"https:\\\/\\\/blogdofarnesio.com.br\\\/#\\\/schema\\\/logo\\\/image\\\/\"},\"sameAs\":[\"https:\\\/\\\/www.facebook.com\\\/BlogQuerSaberPolitica\\\/\"]},{\"@type\":\"Person\",\"@id\":\"https:\\\/\\\/blogdofarnesio.com.br\\\/#\\\/schema\\\/person\\\/bb9b23ae3ad0609ce8df7b6c9e76824d\",\"name\":\"Farn\u00e9sio\",\"image\":{\"@type\":\"ImageObject\",\"inLanguage\":\"pt-BR\",\"@id\":\"https:\\\/\\\/secure.gravatar.com\\\/avatar\\\/986aa4c61ccdb66f8555bf88fc2a65609d00bcabd4d2d94377a727547345cbca?s=96&d=mm&r=g\",\"url\":\"https:\\\/\\\/secure.gravatar.com\\\/avatar\\\/986aa4c61ccdb66f8555bf88fc2a65609d00bcabd4d2d94377a727547345cbca?s=96&d=mm&r=g\",\"contentUrl\":\"https:\\\/\\\/secure.gravatar.com\\\/avatar\\\/986aa4c61ccdb66f8555bf88fc2a65609d00bcabd4d2d94377a727547345cbca?s=96&d=mm&r=g\",\"caption\":\"Farn\u00e9sio\"},\"description\":\"Radialista blogueiro, chegou a Petrolina\\\/Juazeiro em setembro de 1980, Farn\u00e9sio Silva \u00e9 de Arapiraca-Alagoas.\",\"sameAs\":[\"http:\\\/\\\/blogdofarnesio.com.br\",\"https:\\\/\\\/www.facebook.com\\\/?ref=tn_tnmn\",\"https:\\\/\\\/www.instagram.com\\\/?utm_source=pwa_homescreen\",\"https:\\\/\\\/youtube.com.br\\\/\"],\"url\":\"https:\\\/\\\/blogdofarnesio.com.br\\\/?author=2\"}]}<\/script>\n<!-- \/ Yoast SEO plugin. -->","yoast_head_json":{"title":"Pris\u00e3o do \u201cRei do Lixo\u201d provoca p\u00e2nico na Prefeitura de Salvador - Blog do Farn\u00e9sio","robots":{"index":"index","follow":"follow","max-snippet":"max-snippet:-1","max-image-preview":"max-image-preview:large","max-video-preview":"max-video-preview:-1"},"canonical":"https:\/\/blogdofarnesio.com.br\/?p=383483","og_locale":"pt_BR","og_type":"article","og_title":"Pris\u00e3o do \u201cRei do Lixo\u201d provoca p\u00e2nico na Prefeitura de Salvador - Blog do Farn\u00e9sio","og_description":"Igor Gadelha &#8211;\u00a0 Pris\u00e3o do empres\u00e1rio Marcos Moura, conhecido como \u201cRei do Lixo\u201d, provocou p\u00e2nico na Prefeitura de Salvador, comandada pelo Uni\u00e3o Brasil A pris\u00e3o pela\u00a0Pol\u00edcia Federal\u00a0do empres\u00e1rio Marcos Moura, conhecido como \u201cRei do Lixo da Bahia\u201d, provocou p\u00e2nico na Prefeitura de Salvador, comandada atualmente por\u00a0Bruno Reis (Uni\u00e3o Brasil). Preso na\u00a0Opera\u00e7\u00e3o Overclean, o \u201cRei do Lixo\u201d \u00e9 dono da\u00a0MM Consultoria Constru\u00e7\u00f5es e Servi\u00e7os, empresa que tem contratos bilion\u00e1rios com a gest\u00e3o da capital baiana e com prefeituras administradas pelo\u00a0Uni\u00e3o Brasil. 3 imagens Segundo apurou a coluna, a a\u00e7\u00e3o da PF causou rebuli\u00e7o na Prefeitura de Salvador na ter\u00e7a-feira (11\/12). Membros do alto escal\u00e3o da gest\u00e3o Bruno Reis se dizem apreensivos e temem que a opera\u00e7\u00e3o chegue no prefeito. A opera\u00e7\u00e3o&hellip;","og_url":"https:\/\/blogdofarnesio.com.br\/?p=383483","og_site_name":"Blog do Farn\u00e9sio","article_publisher":"https:\/\/www.facebook.com\/BlogQuerSaberPolitica\/","article_author":"https:\/\/www.facebook.com\/?ref=tn_tnmn","article_published_time":"2024-12-15T14:32:42+00:00","author":"Farn\u00e9sio","twitter_card":"summary_large_image","twitter_misc":{"Escrito por":"Farn\u00e9sio","Est. tempo de leitura":"3 minutos"},"schema":{"@context":"https:\/\/schema.org","@graph":[{"@type":"Article","@id":"https:\/\/blogdofarnesio.com.br\/?p=383483#article","isPartOf":{"@id":"https:\/\/blogdofarnesio.com.br\/?p=383483"},"author":{"name":"Farn\u00e9sio","@id":"https:\/\/blogdofarnesio.com.br\/#\/schema\/person\/bb9b23ae3ad0609ce8df7b6c9e76824d"},"headline":"Pris\u00e3o do \u201cRei do Lixo\u201d provoca p\u00e2nico na Prefeitura de Salvador","datePublished":"2024-12-15T14:32:42+00:00","mainEntityOfPage":{"@id":"https:\/\/blogdofarnesio.com.br\/?p=383483"},"wordCount":354,"commentCount":0,"publisher":{"@id":"https:\/\/blogdofarnesio.com.br\/#organization"},"image":{"@id":"https:\/\/blogdofarnesio.com.br\/?p=383483#primaryimage"},"thumbnailUrl":"https:\/\/blogdofarnesio.com.br\/wp-content\/uploads\/2024\/12\/blogqsprei-do-lixo.avif","articleSection":["Pol\u00edcia"],"inLanguage":"pt-BR","potentialAction":[{"@type":"CommentAction","name":"Comment","target":["https:\/\/blogdofarnesio.com.br\/?p=383483#respond"]}]},{"@type":"WebPage","@id":"https:\/\/blogdofarnesio.com.br\/?p=383483","url":"https:\/\/blogdofarnesio.com.br\/?p=383483","name":"Pris\u00e3o do \u201cRei do Lixo\u201d provoca p\u00e2nico na Prefeitura de Salvador - Blog do Farn\u00e9sio","isPartOf":{"@id":"https:\/\/blogdofarnesio.com.br\/#website"},"primaryImageOfPage":{"@id":"https:\/\/blogdofarnesio.com.br\/?p=383483#primaryimage"},"image":{"@id":"https:\/\/blogdofarnesio.com.br\/?p=383483#primaryimage"},"thumbnailUrl":"https:\/\/blogdofarnesio.com.br\/wp-content\/uploads\/2024\/12\/blogqsprei-do-lixo.avif","datePublished":"2024-12-15T14:32:42+00:00","breadcrumb":{"@id":"https:\/\/blogdofarnesio.com.br\/?p=383483#breadcrumb"},"inLanguage":"pt-BR","potentialAction":[{"@type":"ReadAction","target":["https:\/\/blogdofarnesio.com.br\/?p=383483"]}]},{"@type":"ImageObject","inLanguage":"pt-BR","@id":"https:\/\/blogdofarnesio.com.br\/?p=383483#primaryimage","url":"https:\/\/blogdofarnesio.com.br\/wp-content\/uploads\/2024\/12\/blogqsprei-do-lixo.avif","contentUrl":"https:\/\/blogdofarnesio.com.br\/wp-content\/uploads\/2024\/12\/blogqsprei-do-lixo.avif","width":600,"height":386},{"@type":"BreadcrumbList","@id":"https:\/\/blogdofarnesio.com.br\/?p=383483#breadcrumb","itemListElement":[{"@type":"ListItem","position":1,"name":"In\u00edcio","item":"https:\/\/blogdofarnesio.com.br\/"},{"@type":"ListItem","position":2,"name":"Pris\u00e3o do \u201cRei do Lixo\u201d provoca p\u00e2nico na Prefeitura de Salvador"}]},{"@type":"WebSite","@id":"https:\/\/blogdofarnesio.com.br\/#website","url":"https:\/\/blogdofarnesio.com.br\/","name":"Blog do Farn\u00e9sio","description":"Quer Saber Pol\u00edtica?","publisher":{"@id":"https:\/\/blogdofarnesio.com.br\/#organization"},"potentialAction":[{"@type":"SearchAction","target":{"@type":"EntryPoint","urlTemplate":"https:\/\/blogdofarnesio.com.br\/?s={search_term_string}"},"query-input":{"@type":"PropertyValueSpecification","valueRequired":true,"valueName":"search_term_string"}}],"inLanguage":"pt-BR"},{"@type":"Organization","@id":"https:\/\/blogdofarnesio.com.br\/#organization","name":"Blog do Farn\u00e9sio","url":"https:\/\/blogdofarnesio.com.br\/","logo":{"@type":"ImageObject","inLanguage":"pt-BR","@id":"https:\/\/blogdofarnesio.com.br\/#\/schema\/logo\/image\/","url":"https:\/\/blogdofarnesio.com.br\/wp-content\/uploads\/2026\/03\/cropped-logo_new-1.png","contentUrl":"https:\/\/blogdofarnesio.com.br\/wp-content\/uploads\/2026\/03\/cropped-logo_new-1.png","width":881,"height":685,"caption":"Blog do Farn\u00e9sio"},"image":{"@id":"https:\/\/blogdofarnesio.com.br\/#\/schema\/logo\/image\/"},"sameAs":["https:\/\/www.facebook.com\/BlogQuerSaberPolitica\/"]},{"@type":"Person","@id":"https:\/\/blogdofarnesio.com.br\/#\/schema\/person\/bb9b23ae3ad0609ce8df7b6c9e76824d","name":"Farn\u00e9sio","image":{"@type":"ImageObject","inLanguage":"pt-BR","@id":"https:\/\/secure.gravatar.com\/avatar\/986aa4c61ccdb66f8555bf88fc2a65609d00bcabd4d2d94377a727547345cbca?s=96&d=mm&r=g","url":"https:\/\/secure.gravatar.com\/avatar\/986aa4c61ccdb66f8555bf88fc2a65609d00bcabd4d2d94377a727547345cbca?s=96&d=mm&r=g","contentUrl":"https:\/\/secure.gravatar.com\/avatar\/986aa4c61ccdb66f8555bf88fc2a65609d00bcabd4d2d94377a727547345cbca?s=96&d=mm&r=g","caption":"Farn\u00e9sio"},"description":"Radialista blogueiro, chegou a Petrolina\/Juazeiro em setembro de 1980, Farn\u00e9sio Silva \u00e9 de Arapiraca-Alagoas.","sameAs":["http:\/\/blogdofarnesio.com.br","https:\/\/www.facebook.com\/?ref=tn_tnmn","https:\/\/www.instagram.com\/?utm_source=pwa_homescreen","https:\/\/youtube.com.br\/"],"url":"https:\/\/blogdofarnesio.com.br\/?author=2"}]}},"_links":{"self":[{"href":"https:\/\/blogdofarnesio.com.br\/index.php?rest_route=\/wp\/v2\/posts\/383483","targetHints":{"allow":["GET"]}}],"collection":[{"href":"https:\/\/blogdofarnesio.com.br\/index.php?rest_route=\/wp\/v2\/posts"}],"about":[{"href":"https:\/\/blogdofarnesio.com.br\/index.php?rest_route=\/wp\/v2\/types\/post"}],"author":[{"embeddable":true,"href":"https:\/\/blogdofarnesio.com.br\/index.php?rest_route=\/wp\/v2\/users\/2"}],"replies":[{"embeddable":true,"href":"https:\/\/blogdofarnesio.com.br\/index.php?rest_route=%2Fwp%2Fv2%2Fcomments&post=383483"}],"version-history":[{"count":0,"href":"https:\/\/blogdofarnesio.com.br\/index.php?rest_route=\/wp\/v2\/posts\/383483\/revisions"}],"wp:featuredmedia":[{"embeddable":true,"href":"https:\/\/blogdofarnesio.com.br\/index.php?rest_route=\/wp\/v2\/media\/383545"}],"wp:attachment":[{"href":"https:\/\/blogdofarnesio.com.br\/index.php?rest_route=%2Fwp%2Fv2%2Fmedia&parent=383483"}],"wp:term":[{"taxonomy":"category","embeddable":true,"href":"https:\/\/blogdofarnesio.com.br\/index.php?rest_route=%2Fwp%2Fv2%2Fcategories&post=383483"},{"taxonomy":"post_tag","embeddable":true,"href":"https:\/\/blogdofarnesio.com.br\/index.php?rest_route=%2Fwp%2Fv2%2Ftags&post=383483"}],"curies":[{"name":"wp","href":"https:\/\/api.w.org\/{rel}","templated":true}]}}