{"id":382738,"date":"2024-12-04T14:42:56","date_gmt":"2024-12-04T17:42:56","guid":{"rendered":"https:\/\/blogdofarnesio.com.br\/?p=382738"},"modified":"2024-12-04T10:21:08","modified_gmt":"2024-12-04T13:21:08","slug":"unidade-movel-odontologica-de-juazeiro-ja-realizou-mais-de-9-mil-atendimentos-e-fortalece-saude-bucal-no-municipio","status":"publish","type":"post","link":"https:\/\/blogdofarnesio.com.br\/2024\/12\/unidade-movel-odontologica-de-juazeiro-ja-realizou-mais-de-9-mil-atendimentos-e-fortalece-saude-bucal-no-municipio\/","title":{"rendered":"Unidade M\u00f3vel Odontol\u00f3gica de Juazeiro realizou mais de 9 mil atendimentos e fortalece sa\u00fade bucal no munic\u00edpio"},"content":{"rendered":"<p style=\"font-weight: 400;\">A Unidade M\u00f3vel Odontol\u00f3gica de Juazeiro (UMO) \u00e9 mais uma iniciativa pioneira da Prefeitura de Juazeiro, por meio da Secretaria de Sa\u00fade (Sesau). Custeada com recursos pr\u00f3prios, a UMO foi implantada em fevereiro de 2022, e tem como objetivo dar suporte \u00e0s Unidades B\u00e1sicas de Sa\u00fade (UBSs) que est\u00e3o em reforma ou com os equipamentos em manuten\u00e7\u00e3o, e \u00e1reas descobertas ou distantes das UBSs.<\/p>\n<p style=\"font-weight: 400;\">A unidade que realiza procedimentos como restaura\u00e7\u00f5es, extra\u00e7\u00f5es dent\u00e1rias, limpezas, aplica\u00e7\u00e3o de Fl\u00faor al\u00e9m dos encaminhamentos para o Centro de Especialidades Odontol\u00f3gicas (CEO), j\u00e1 soma mais de mais de 9 mil atendimentos em tr\u00eas anos. A UMO tamb\u00e9m d\u00e1 suporte aos Residenciais, comunidades quilombolas, e equipamentos de assist\u00eancia social do munic\u00edpio o Centro POP, que atende a popula\u00e7\u00e3o em situa\u00e7\u00e3o de rua, Lar S\u00e3o Vicente, Pastoral da Mulher, APAE, entre outros. Ainda na atual gest\u00e3o foram recuperados cerca de 30 consult\u00f3rios odontol\u00f3gicos.<\/p>\n<p style=\"font-weight: 400;\">&#8220;A sa\u00fade \u00e9 uma prioridade em nossa gest\u00e3o, e com a sa\u00fade bucal n\u00e3o \u00e9 diferente, porque entendemos que cuidar do sorriso das pessoas \u00e9 cuidar da sua qualidade de vida. A Unidade M\u00f3vel Odontol\u00f3gica \u00e9 um exemplo do nosso compromisso em levar atendimento digno e de qualidade a todas as comunidades, especialmente as mais distantes ou em situa\u00e7\u00e3o de vulnerabilidade. Investimos muito em equipamentos, profissionais e a\u00e7\u00f5es que garantam mais sa\u00fade e bem-estar para o povo de Juazeiro&#8221;, destaca a prefeita Suzana Ramos.<\/p>\n<p style=\"font-weight: 400;\">Sa\u00fade Bucal<\/p>\n<p style=\"font-weight: 400;\">Ao todo, Juazeiro conta com 53 consult\u00f3rios odontol\u00f3gicos na Aten\u00e7\u00e3o B\u00e1sica, com 30 atendimentos eletivos e mais 23 para atendimento de urg\u00eancia. A Prefeitura de Juazeiro adquiriu durante a atual gest\u00e3o novos equipamentos e materiais, al\u00e9m de reativar mais de 30 consult\u00f3rios que estavam sem funcionamento.<\/p>\n<p style=\"font-weight: 400;\">CEO<\/p>\n<p style=\"font-weight: 400;\">Juazeiro possui dois Centros de Especialidades Odontol\u00f3gicas (CEOs): o CEO Jo\u00e3o Paulo II (Tipo 3), que possui 13 especialistas, e o CEO Centro (Tipo 2). O CEO realiza atendimento odontol\u00f3gico de especialidades como: pr\u00f3tese, odontopediatria, cirurgia, endodontia e periodontia, al\u00e9m de atendimento cl\u00ednico e a especialidade em Disfun\u00e7\u00e3o Temporomandibular (DTM). O CEO Centro est\u00e1 em reforma e fica localizado no bairro Maria Gorete, \u00e1rea central de Juazeiro para facilitar o acesso da popula\u00e7\u00e3o.<\/p>\n<p style=\"font-weight: 400;\">Servi\u00e7os diversos<\/p>\n<p style=\"font-weight: 400;\">Al\u00e9m dos atendimentos cl\u00ednicos ofertados pelas equipes de sa\u00fade bucal, outras atividades s\u00e3o desenvolvidas como a promo\u00e7\u00e3o da sa\u00fade bucal, realizadas mensalmente por todas as equipes, incluindo escova\u00e7\u00e3o supervisionada, aplica\u00e7\u00e3o t\u00f3pica de fl\u00faor e palestras educativas.<\/p>\n","protected":false},"excerpt":{"rendered":"<p>A Unidade M\u00f3vel Odontol\u00f3gica de Juazeiro (UMO) \u00e9 mais uma iniciativa pioneira da Prefeitura de Juazeiro, por meio da Secretaria de Sa\u00fade (Sesau). Custeada com recursos pr\u00f3prios, a UMO foi implantada em fevereiro de 2022, e tem como objetivo dar suporte \u00e0s Unidades B\u00e1sicas de Sa\u00fade (UBSs) que est\u00e3o em reforma ou com os equipamentos em manuten\u00e7\u00e3o, e \u00e1reas descobertas ou distantes das UBSs. A unidade que realiza procedimentos como restaura\u00e7\u00f5es, extra\u00e7\u00f5es dent\u00e1rias, limpezas, aplica\u00e7\u00e3o de Fl\u00faor al\u00e9m dos encaminhamentos para o Centro de Especialidades Odontol\u00f3gicas (CEO), j\u00e1 soma mais de mais de 9 mil atendimentos em tr\u00eas anos. A UMO tamb\u00e9m d\u00e1 suporte aos Residenciais, comunidades quilombolas, e equipamentos de assist\u00eancia social do munic\u00edpio o Centro POP, que atende&hellip; <\/p>\n","protected":false},"author":2,"featured_media":382739,"comment_status":"open","ping_status":"open","sticky":false,"template":"","format":"standard","meta":{"_acf_changed":false,"footnotes":""},"categories":[44,4,43],"tags":[],"class_list":["post-382738","post","type-post","status-publish","format-standard","has-post-thumbnail","hentry","category-administracao","category-saude","category-sem-categoria"],"acf":[],"yoast_head":"<!-- This site is optimized with the Yoast SEO plugin v27.5 - https:\/\/yoast.com\/product\/yoast-seo-wordpress\/ -->\n<title>Unidade M\u00f3vel Odontol\u00f3gica de Juazeiro realizou mais de 9 mil atendimentos e fortalece sa\u00fade bucal no munic\u00edpio - Blog do Farn\u00e9sio<\/title>\n<meta name=\"robots\" content=\"index, follow, max-snippet:-1, max-image-preview:large, max-video-preview:-1\" \/>\n<link rel=\"canonical\" href=\"https:\/\/blogdofarnesio.com.br\/2024\/12\/unidade-movel-odontologica-de-juazeiro-ja-realizou-mais-de-9-mil-atendimentos-e-fortalece-saude-bucal-no-municipio\/\" \/>\n<meta property=\"og:locale\" content=\"pt_BR\" \/>\n<meta property=\"og:type\" content=\"article\" \/>\n<meta property=\"og:title\" content=\"Unidade M\u00f3vel Odontol\u00f3gica de Juazeiro realizou mais de 9 mil atendimentos e fortalece sa\u00fade bucal no munic\u00edpio - Blog do Farn\u00e9sio\" \/>\n<meta property=\"og:description\" content=\"A Unidade M\u00f3vel Odontol\u00f3gica de Juazeiro (UMO) \u00e9 mais uma iniciativa pioneira da Prefeitura de Juazeiro, por meio da Secretaria de Sa\u00fade (Sesau). Custeada com recursos pr\u00f3prios, a UMO foi implantada em fevereiro de 2022, e tem como objetivo dar suporte \u00e0s Unidades B\u00e1sicas de Sa\u00fade (UBSs) que est\u00e3o em reforma ou com os equipamentos em manuten\u00e7\u00e3o, e \u00e1reas descobertas ou distantes das UBSs. A unidade que realiza procedimentos como restaura\u00e7\u00f5es, extra\u00e7\u00f5es dent\u00e1rias, limpezas, aplica\u00e7\u00e3o de Fl\u00faor al\u00e9m dos encaminhamentos para o Centro de Especialidades Odontol\u00f3gicas (CEO), j\u00e1 soma mais de mais de 9 mil atendimentos em tr\u00eas anos. A UMO tamb\u00e9m d\u00e1 suporte aos Residenciais, comunidades quilombolas, e equipamentos de assist\u00eancia social do munic\u00edpio o Centro POP, que atende&hellip;\" \/>\n<meta property=\"og:url\" content=\"https:\/\/blogdofarnesio.com.br\/2024\/12\/unidade-movel-odontologica-de-juazeiro-ja-realizou-mais-de-9-mil-atendimentos-e-fortalece-saude-bucal-no-municipio\/\" \/>\n<meta property=\"og:site_name\" content=\"Blog do Farn\u00e9sio\" \/>\n<meta property=\"article:publisher\" content=\"https:\/\/www.facebook.com\/BlogQuerSaberPolitica\/\" \/>\n<meta property=\"article:author\" content=\"https:\/\/www.facebook.com\/?ref=tn_tnmn\" \/>\n<meta property=\"article:published_time\" content=\"2024-12-04T17:42:56+00:00\" \/>\n<meta property=\"og:image\" content=\"https:\/\/blogdofarnesio.com.br\/wp-content\/uploads\/2024\/12\/blogqspjua-movel-odontologico-e1733318321509.jpeg\" \/>\n\t<meta property=\"og:image:width\" content=\"600\" \/>\n\t<meta property=\"og:image:height\" content=\"336\" \/>\n\t<meta property=\"og:image:type\" content=\"image\/jpeg\" \/>\n<meta name=\"author\" content=\"Farn\u00e9sio\" \/>\n<meta name=\"twitter:card\" content=\"summary_large_image\" \/>\n<meta name=\"twitter:label1\" content=\"Escrito por\" \/>\n\t<meta name=\"twitter:data1\" content=\"Farn\u00e9sio\" \/>\n\t<meta name=\"twitter:label2\" content=\"Est. tempo de leitura\" \/>\n\t<meta name=\"twitter:data2\" content=\"3 minutos\" \/>\n<script type=\"application\/ld+json\" class=\"yoast-schema-graph\">{\"@context\":\"https:\\\/\\\/schema.org\",\"@graph\":[{\"@type\":\"Article\",\"@id\":\"https:\\\/\\\/blogdofarnesio.com.br\\\/2024\\\/12\\\/unidade-movel-odontologica-de-juazeiro-ja-realizou-mais-de-9-mil-atendimentos-e-fortalece-saude-bucal-no-municipio\\\/#article\",\"isPartOf\":{\"@id\":\"https:\\\/\\\/blogdofarnesio.com.br\\\/2024\\\/12\\\/unidade-movel-odontologica-de-juazeiro-ja-realizou-mais-de-9-mil-atendimentos-e-fortalece-saude-bucal-no-municipio\\\/\"},\"author\":{\"name\":\"Farn\u00e9sio\",\"@id\":\"https:\\\/\\\/blogdofarnesio.com.br\\\/#\\\/schema\\\/person\\\/bb9b23ae3ad0609ce8df7b6c9e76824d\"},\"headline\":\"Unidade M\u00f3vel Odontol\u00f3gica de Juazeiro realizou mais de 9 mil atendimentos e fortalece sa\u00fade bucal no munic\u00edpio\",\"datePublished\":\"2024-12-04T17:42:56+00:00\",\"mainEntityOfPage\":{\"@id\":\"https:\\\/\\\/blogdofarnesio.com.br\\\/2024\\\/12\\\/unidade-movel-odontologica-de-juazeiro-ja-realizou-mais-de-9-mil-atendimentos-e-fortalece-saude-bucal-no-municipio\\\/\"},\"wordCount\":457,\"commentCount\":0,\"publisher\":{\"@id\":\"https:\\\/\\\/blogdofarnesio.com.br\\\/#organization\"},\"image\":{\"@id\":\"https:\\\/\\\/blogdofarnesio.com.br\\\/2024\\\/12\\\/unidade-movel-odontologica-de-juazeiro-ja-realizou-mais-de-9-mil-atendimentos-e-fortalece-saude-bucal-no-municipio\\\/#primaryimage\"},\"thumbnailUrl\":\"https:\\\/\\\/blogdofarnesio.com.br\\\/wp-content\\\/uploads\\\/2024\\\/12\\\/blogqspjua-movel-odontologico-e1733318321509.jpeg\",\"articleSection\":[\"Administra\u00e7\u00e3o\",\"Sa\u00fade\"],\"inLanguage\":\"pt-BR\",\"potentialAction\":[{\"@type\":\"CommentAction\",\"name\":\"Comment\",\"target\":[\"https:\\\/\\\/blogdofarnesio.com.br\\\/2024\\\/12\\\/unidade-movel-odontologica-de-juazeiro-ja-realizou-mais-de-9-mil-atendimentos-e-fortalece-saude-bucal-no-municipio\\\/#respond\"]}]},{\"@type\":\"WebPage\",\"@id\":\"https:\\\/\\\/blogdofarnesio.com.br\\\/2024\\\/12\\\/unidade-movel-odontologica-de-juazeiro-ja-realizou-mais-de-9-mil-atendimentos-e-fortalece-saude-bucal-no-municipio\\\/\",\"url\":\"https:\\\/\\\/blogdofarnesio.com.br\\\/2024\\\/12\\\/unidade-movel-odontologica-de-juazeiro-ja-realizou-mais-de-9-mil-atendimentos-e-fortalece-saude-bucal-no-municipio\\\/\",\"name\":\"Unidade M\u00f3vel Odontol\u00f3gica de Juazeiro realizou mais de 9 mil atendimentos e fortalece sa\u00fade bucal no munic\u00edpio - Blog do Farn\u00e9sio\",\"isPartOf\":{\"@id\":\"https:\\\/\\\/blogdofarnesio.com.br\\\/#website\"},\"primaryImageOfPage\":{\"@id\":\"https:\\\/\\\/blogdofarnesio.com.br\\\/2024\\\/12\\\/unidade-movel-odontologica-de-juazeiro-ja-realizou-mais-de-9-mil-atendimentos-e-fortalece-saude-bucal-no-municipio\\\/#primaryimage\"},\"image\":{\"@id\":\"https:\\\/\\\/blogdofarnesio.com.br\\\/2024\\\/12\\\/unidade-movel-odontologica-de-juazeiro-ja-realizou-mais-de-9-mil-atendimentos-e-fortalece-saude-bucal-no-municipio\\\/#primaryimage\"},\"thumbnailUrl\":\"https:\\\/\\\/blogdofarnesio.com.br\\\/wp-content\\\/uploads\\\/2024\\\/12\\\/blogqspjua-movel-odontologico-e1733318321509.jpeg\",\"datePublished\":\"2024-12-04T17:42:56+00:00\",\"breadcrumb\":{\"@id\":\"https:\\\/\\\/blogdofarnesio.com.br\\\/2024\\\/12\\\/unidade-movel-odontologica-de-juazeiro-ja-realizou-mais-de-9-mil-atendimentos-e-fortalece-saude-bucal-no-municipio\\\/#breadcrumb\"},\"inLanguage\":\"pt-BR\",\"potentialAction\":[{\"@type\":\"ReadAction\",\"target\":[\"https:\\\/\\\/blogdofarnesio.com.br\\\/2024\\\/12\\\/unidade-movel-odontologica-de-juazeiro-ja-realizou-mais-de-9-mil-atendimentos-e-fortalece-saude-bucal-no-municipio\\\/\"]}]},{\"@type\":\"ImageObject\",\"inLanguage\":\"pt-BR\",\"@id\":\"https:\\\/\\\/blogdofarnesio.com.br\\\/2024\\\/12\\\/unidade-movel-odontologica-de-juazeiro-ja-realizou-mais-de-9-mil-atendimentos-e-fortalece-saude-bucal-no-municipio\\\/#primaryimage\",\"url\":\"https:\\\/\\\/blogdofarnesio.com.br\\\/wp-content\\\/uploads\\\/2024\\\/12\\\/blogqspjua-movel-odontologico-e1733318321509.jpeg\",\"contentUrl\":\"https:\\\/\\\/blogdofarnesio.com.br\\\/wp-content\\\/uploads\\\/2024\\\/12\\\/blogqspjua-movel-odontologico-e1733318321509.jpeg\",\"width\":600,\"height\":336},{\"@type\":\"BreadcrumbList\",\"@id\":\"https:\\\/\\\/blogdofarnesio.com.br\\\/2024\\\/12\\\/unidade-movel-odontologica-de-juazeiro-ja-realizou-mais-de-9-mil-atendimentos-e-fortalece-saude-bucal-no-municipio\\\/#breadcrumb\",\"itemListElement\":[{\"@type\":\"ListItem\",\"position\":1,\"name\":\"In\u00edcio\",\"item\":\"https:\\\/\\\/blogdofarnesio.com.br\\\/\"},{\"@type\":\"ListItem\",\"position\":2,\"name\":\"Unidade M\u00f3vel Odontol\u00f3gica de Juazeiro realizou mais de 9 mil atendimentos e fortalece sa\u00fade bucal no munic\u00edpio\"}]},{\"@type\":\"WebSite\",\"@id\":\"https:\\\/\\\/blogdofarnesio.com.br\\\/#website\",\"url\":\"https:\\\/\\\/blogdofarnesio.com.br\\\/\",\"name\":\"Blog do Farn\u00e9sio\",\"description\":\"Quer Saber Pol\u00edtica?\",\"publisher\":{\"@id\":\"https:\\\/\\\/blogdofarnesio.com.br\\\/#organization\"},\"potentialAction\":[{\"@type\":\"SearchAction\",\"target\":{\"@type\":\"EntryPoint\",\"urlTemplate\":\"https:\\\/\\\/blogdofarnesio.com.br\\\/?s={search_term_string}\"},\"query-input\":{\"@type\":\"PropertyValueSpecification\",\"valueRequired\":true,\"valueName\":\"search_term_string\"}}],\"inLanguage\":\"pt-BR\"},{\"@type\":\"Organization\",\"@id\":\"https:\\\/\\\/blogdofarnesio.com.br\\\/#organization\",\"name\":\"Blog do Farn\u00e9sio\",\"url\":\"https:\\\/\\\/blogdofarnesio.com.br\\\/\",\"logo\":{\"@type\":\"ImageObject\",\"inLanguage\":\"pt-BR\",\"@id\":\"https:\\\/\\\/blogdofarnesio.com.br\\\/#\\\/schema\\\/logo\\\/image\\\/\",\"url\":\"https:\\\/\\\/blogdofarnesio.com.br\\\/wp-content\\\/uploads\\\/2026\\\/03\\\/cropped-logo_new-1.png\",\"contentUrl\":\"https:\\\/\\\/blogdofarnesio.com.br\\\/wp-content\\\/uploads\\\/2026\\\/03\\\/cropped-logo_new-1.png\",\"width\":881,\"height\":685,\"caption\":\"Blog do Farn\u00e9sio\"},\"image\":{\"@id\":\"https:\\\/\\\/blogdofarnesio.com.br\\\/#\\\/schema\\\/logo\\\/image\\\/\"},\"sameAs\":[\"https:\\\/\\\/www.facebook.com\\\/BlogQuerSaberPolitica\\\/\"]},{\"@type\":\"Person\",\"@id\":\"https:\\\/\\\/blogdofarnesio.com.br\\\/#\\\/schema\\\/person\\\/bb9b23ae3ad0609ce8df7b6c9e76824d\",\"name\":\"Farn\u00e9sio\",\"image\":{\"@type\":\"ImageObject\",\"inLanguage\":\"pt-BR\",\"@id\":\"https:\\\/\\\/secure.gravatar.com\\\/avatar\\\/986aa4c61ccdb66f8555bf88fc2a65609d00bcabd4d2d94377a727547345cbca?s=96&d=mm&r=g\",\"url\":\"https:\\\/\\\/secure.gravatar.com\\\/avatar\\\/986aa4c61ccdb66f8555bf88fc2a65609d00bcabd4d2d94377a727547345cbca?s=96&d=mm&r=g\",\"contentUrl\":\"https:\\\/\\\/secure.gravatar.com\\\/avatar\\\/986aa4c61ccdb66f8555bf88fc2a65609d00bcabd4d2d94377a727547345cbca?s=96&d=mm&r=g\",\"caption\":\"Farn\u00e9sio\"},\"description\":\"Radialista blogueiro, chegou a Petrolina\\\/Juazeiro em setembro de 1980, Farn\u00e9sio Silva \u00e9 de Arapiraca-Alagoas.\",\"sameAs\":[\"http:\\\/\\\/blogdofarnesio.com.br\",\"https:\\\/\\\/www.facebook.com\\\/?ref=tn_tnmn\",\"https:\\\/\\\/www.instagram.com\\\/?utm_source=pwa_homescreen\",\"https:\\\/\\\/youtube.com.br\\\/\"],\"url\":\"https:\\\/\\\/blogdofarnesio.com.br\\\/author\\\/farnesio-2\\\/\"}]}<\/script>\n<!-- \/ Yoast SEO plugin. -->","yoast_head_json":{"title":"Unidade M\u00f3vel Odontol\u00f3gica de Juazeiro realizou mais de 9 mil atendimentos e fortalece sa\u00fade bucal no munic\u00edpio - Blog do Farn\u00e9sio","robots":{"index":"index","follow":"follow","max-snippet":"max-snippet:-1","max-image-preview":"max-image-preview:large","max-video-preview":"max-video-preview:-1"},"canonical":"https:\/\/blogdofarnesio.com.br\/2024\/12\/unidade-movel-odontologica-de-juazeiro-ja-realizou-mais-de-9-mil-atendimentos-e-fortalece-saude-bucal-no-municipio\/","og_locale":"pt_BR","og_type":"article","og_title":"Unidade M\u00f3vel Odontol\u00f3gica de Juazeiro realizou mais de 9 mil atendimentos e fortalece sa\u00fade bucal no munic\u00edpio - Blog do Farn\u00e9sio","og_description":"A Unidade M\u00f3vel Odontol\u00f3gica de Juazeiro (UMO) \u00e9 mais uma iniciativa pioneira da Prefeitura de Juazeiro, por meio da Secretaria de Sa\u00fade (Sesau). Custeada com recursos pr\u00f3prios, a UMO foi implantada em fevereiro de 2022, e tem como objetivo dar suporte \u00e0s Unidades B\u00e1sicas de Sa\u00fade (UBSs) que est\u00e3o em reforma ou com os equipamentos em manuten\u00e7\u00e3o, e \u00e1reas descobertas ou distantes das UBSs. A unidade que realiza procedimentos como restaura\u00e7\u00f5es, extra\u00e7\u00f5es dent\u00e1rias, limpezas, aplica\u00e7\u00e3o de Fl\u00faor al\u00e9m dos encaminhamentos para o Centro de Especialidades Odontol\u00f3gicas (CEO), j\u00e1 soma mais de mais de 9 mil atendimentos em tr\u00eas anos. A UMO tamb\u00e9m d\u00e1 suporte aos Residenciais, comunidades quilombolas, e equipamentos de assist\u00eancia social do munic\u00edpio o Centro POP, que atende&hellip;","og_url":"https:\/\/blogdofarnesio.com.br\/2024\/12\/unidade-movel-odontologica-de-juazeiro-ja-realizou-mais-de-9-mil-atendimentos-e-fortalece-saude-bucal-no-municipio\/","og_site_name":"Blog do Farn\u00e9sio","article_publisher":"https:\/\/www.facebook.com\/BlogQuerSaberPolitica\/","article_author":"https:\/\/www.facebook.com\/?ref=tn_tnmn","article_published_time":"2024-12-04T17:42:56+00:00","og_image":[{"width":600,"height":336,"url":"https:\/\/blogdofarnesio.com.br\/wp-content\/uploads\/2024\/12\/blogqspjua-movel-odontologico-e1733318321509.jpeg","type":"image\/jpeg"}],"author":"Farn\u00e9sio","twitter_card":"summary_large_image","twitter_misc":{"Escrito por":"Farn\u00e9sio","Est. tempo de leitura":"3 minutos"},"schema":{"@context":"https:\/\/schema.org","@graph":[{"@type":"Article","@id":"https:\/\/blogdofarnesio.com.br\/2024\/12\/unidade-movel-odontologica-de-juazeiro-ja-realizou-mais-de-9-mil-atendimentos-e-fortalece-saude-bucal-no-municipio\/#article","isPartOf":{"@id":"https:\/\/blogdofarnesio.com.br\/2024\/12\/unidade-movel-odontologica-de-juazeiro-ja-realizou-mais-de-9-mil-atendimentos-e-fortalece-saude-bucal-no-municipio\/"},"author":{"name":"Farn\u00e9sio","@id":"https:\/\/blogdofarnesio.com.br\/#\/schema\/person\/bb9b23ae3ad0609ce8df7b6c9e76824d"},"headline":"Unidade M\u00f3vel Odontol\u00f3gica de Juazeiro realizou mais de 9 mil atendimentos e fortalece sa\u00fade bucal no munic\u00edpio","datePublished":"2024-12-04T17:42:56+00:00","mainEntityOfPage":{"@id":"https:\/\/blogdofarnesio.com.br\/2024\/12\/unidade-movel-odontologica-de-juazeiro-ja-realizou-mais-de-9-mil-atendimentos-e-fortalece-saude-bucal-no-municipio\/"},"wordCount":457,"commentCount":0,"publisher":{"@id":"https:\/\/blogdofarnesio.com.br\/#organization"},"image":{"@id":"https:\/\/blogdofarnesio.com.br\/2024\/12\/unidade-movel-odontologica-de-juazeiro-ja-realizou-mais-de-9-mil-atendimentos-e-fortalece-saude-bucal-no-municipio\/#primaryimage"},"thumbnailUrl":"https:\/\/blogdofarnesio.com.br\/wp-content\/uploads\/2024\/12\/blogqspjua-movel-odontologico-e1733318321509.jpeg","articleSection":["Administra\u00e7\u00e3o","Sa\u00fade"],"inLanguage":"pt-BR","potentialAction":[{"@type":"CommentAction","name":"Comment","target":["https:\/\/blogdofarnesio.com.br\/2024\/12\/unidade-movel-odontologica-de-juazeiro-ja-realizou-mais-de-9-mil-atendimentos-e-fortalece-saude-bucal-no-municipio\/#respond"]}]},{"@type":"WebPage","@id":"https:\/\/blogdofarnesio.com.br\/2024\/12\/unidade-movel-odontologica-de-juazeiro-ja-realizou-mais-de-9-mil-atendimentos-e-fortalece-saude-bucal-no-municipio\/","url":"https:\/\/blogdofarnesio.com.br\/2024\/12\/unidade-movel-odontologica-de-juazeiro-ja-realizou-mais-de-9-mil-atendimentos-e-fortalece-saude-bucal-no-municipio\/","name":"Unidade M\u00f3vel Odontol\u00f3gica de Juazeiro realizou mais de 9 mil atendimentos e fortalece sa\u00fade bucal no munic\u00edpio - Blog do Farn\u00e9sio","isPartOf":{"@id":"https:\/\/blogdofarnesio.com.br\/#website"},"primaryImageOfPage":{"@id":"https:\/\/blogdofarnesio.com.br\/2024\/12\/unidade-movel-odontologica-de-juazeiro-ja-realizou-mais-de-9-mil-atendimentos-e-fortalece-saude-bucal-no-municipio\/#primaryimage"},"image":{"@id":"https:\/\/blogdofarnesio.com.br\/2024\/12\/unidade-movel-odontologica-de-juazeiro-ja-realizou-mais-de-9-mil-atendimentos-e-fortalece-saude-bucal-no-municipio\/#primaryimage"},"thumbnailUrl":"https:\/\/blogdofarnesio.com.br\/wp-content\/uploads\/2024\/12\/blogqspjua-movel-odontologico-e1733318321509.jpeg","datePublished":"2024-12-04T17:42:56+00:00","breadcrumb":{"@id":"https:\/\/blogdofarnesio.com.br\/2024\/12\/unidade-movel-odontologica-de-juazeiro-ja-realizou-mais-de-9-mil-atendimentos-e-fortalece-saude-bucal-no-municipio\/#breadcrumb"},"inLanguage":"pt-BR","potentialAction":[{"@type":"ReadAction","target":["https:\/\/blogdofarnesio.com.br\/2024\/12\/unidade-movel-odontologica-de-juazeiro-ja-realizou-mais-de-9-mil-atendimentos-e-fortalece-saude-bucal-no-municipio\/"]}]},{"@type":"ImageObject","inLanguage":"pt-BR","@id":"https:\/\/blogdofarnesio.com.br\/2024\/12\/unidade-movel-odontologica-de-juazeiro-ja-realizou-mais-de-9-mil-atendimentos-e-fortalece-saude-bucal-no-municipio\/#primaryimage","url":"https:\/\/blogdofarnesio.com.br\/wp-content\/uploads\/2024\/12\/blogqspjua-movel-odontologico-e1733318321509.jpeg","contentUrl":"https:\/\/blogdofarnesio.com.br\/wp-content\/uploads\/2024\/12\/blogqspjua-movel-odontologico-e1733318321509.jpeg","width":600,"height":336},{"@type":"BreadcrumbList","@id":"https:\/\/blogdofarnesio.com.br\/2024\/12\/unidade-movel-odontologica-de-juazeiro-ja-realizou-mais-de-9-mil-atendimentos-e-fortalece-saude-bucal-no-municipio\/#breadcrumb","itemListElement":[{"@type":"ListItem","position":1,"name":"In\u00edcio","item":"https:\/\/blogdofarnesio.com.br\/"},{"@type":"ListItem","position":2,"name":"Unidade M\u00f3vel Odontol\u00f3gica de Juazeiro realizou mais de 9 mil atendimentos e fortalece sa\u00fade bucal no munic\u00edpio"}]},{"@type":"WebSite","@id":"https:\/\/blogdofarnesio.com.br\/#website","url":"https:\/\/blogdofarnesio.com.br\/","name":"Blog do Farn\u00e9sio","description":"Quer Saber Pol\u00edtica?","publisher":{"@id":"https:\/\/blogdofarnesio.com.br\/#organization"},"potentialAction":[{"@type":"SearchAction","target":{"@type":"EntryPoint","urlTemplate":"https:\/\/blogdofarnesio.com.br\/?s={search_term_string}"},"query-input":{"@type":"PropertyValueSpecification","valueRequired":true,"valueName":"search_term_string"}}],"inLanguage":"pt-BR"},{"@type":"Organization","@id":"https:\/\/blogdofarnesio.com.br\/#organization","name":"Blog do Farn\u00e9sio","url":"https:\/\/blogdofarnesio.com.br\/","logo":{"@type":"ImageObject","inLanguage":"pt-BR","@id":"https:\/\/blogdofarnesio.com.br\/#\/schema\/logo\/image\/","url":"https:\/\/blogdofarnesio.com.br\/wp-content\/uploads\/2026\/03\/cropped-logo_new-1.png","contentUrl":"https:\/\/blogdofarnesio.com.br\/wp-content\/uploads\/2026\/03\/cropped-logo_new-1.png","width":881,"height":685,"caption":"Blog do Farn\u00e9sio"},"image":{"@id":"https:\/\/blogdofarnesio.com.br\/#\/schema\/logo\/image\/"},"sameAs":["https:\/\/www.facebook.com\/BlogQuerSaberPolitica\/"]},{"@type":"Person","@id":"https:\/\/blogdofarnesio.com.br\/#\/schema\/person\/bb9b23ae3ad0609ce8df7b6c9e76824d","name":"Farn\u00e9sio","image":{"@type":"ImageObject","inLanguage":"pt-BR","@id":"https:\/\/secure.gravatar.com\/avatar\/986aa4c61ccdb66f8555bf88fc2a65609d00bcabd4d2d94377a727547345cbca?s=96&d=mm&r=g","url":"https:\/\/secure.gravatar.com\/avatar\/986aa4c61ccdb66f8555bf88fc2a65609d00bcabd4d2d94377a727547345cbca?s=96&d=mm&r=g","contentUrl":"https:\/\/secure.gravatar.com\/avatar\/986aa4c61ccdb66f8555bf88fc2a65609d00bcabd4d2d94377a727547345cbca?s=96&d=mm&r=g","caption":"Farn\u00e9sio"},"description":"Radialista blogueiro, chegou a Petrolina\/Juazeiro em setembro de 1980, Farn\u00e9sio Silva \u00e9 de Arapiraca-Alagoas.","sameAs":["http:\/\/blogdofarnesio.com.br","https:\/\/www.facebook.com\/?ref=tn_tnmn","https:\/\/www.instagram.com\/?utm_source=pwa_homescreen","https:\/\/youtube.com.br\/"],"url":"https:\/\/blogdofarnesio.com.br\/author\/farnesio-2\/"}]}},"_links":{"self":[{"href":"https:\/\/blogdofarnesio.com.br\/wp-json\/wp\/v2\/posts\/382738","targetHints":{"allow":["GET"]}}],"collection":[{"href":"https:\/\/blogdofarnesio.com.br\/wp-json\/wp\/v2\/posts"}],"about":[{"href":"https:\/\/blogdofarnesio.com.br\/wp-json\/wp\/v2\/types\/post"}],"author":[{"embeddable":true,"href":"https:\/\/blogdofarnesio.com.br\/wp-json\/wp\/v2\/users\/2"}],"replies":[{"embeddable":true,"href":"https:\/\/blogdofarnesio.com.br\/wp-json\/wp\/v2\/comments?post=382738"}],"version-history":[{"count":0,"href":"https:\/\/blogdofarnesio.com.br\/wp-json\/wp\/v2\/posts\/382738\/revisions"}],"wp:featuredmedia":[{"embeddable":true,"href":"https:\/\/blogdofarnesio.com.br\/wp-json\/wp\/v2\/media\/382739"}],"wp:attachment":[{"href":"https:\/\/blogdofarnesio.com.br\/wp-json\/wp\/v2\/media?parent=382738"}],"wp:term":[{"taxonomy":"category","embeddable":true,"href":"https:\/\/blogdofarnesio.com.br\/wp-json\/wp\/v2\/categories?post=382738"},{"taxonomy":"post_tag","embeddable":true,"href":"https:\/\/blogdofarnesio.com.br\/wp-json\/wp\/v2\/tags?post=382738"}],"curies":[{"name":"wp","href":"https:\/\/api.w.org\/{rel}","templated":true}]}}