{"id":382671,"date":"2024-12-03T17:06:13","date_gmt":"2024-12-03T20:06:13","guid":{"rendered":"https:\/\/blogdofarnesio.com.br\/?p=382671"},"modified":"2024-12-03T16:07:36","modified_gmt":"2024-12-03T19:07:36","slug":"governo-de-pernambuco-distribui-mais-de-10-mil-notebooks-a-professores-da-rede-estadual","status":"publish","type":"post","link":"https:\/\/blogdofarnesio.com.br\/?p=382671","title":{"rendered":"Governo de Pernambuco distribui mais de 10 mil notebooks a professores da rede estadual"},"content":{"rendered":"<div><span style=\"font-family: Arial; font-size: medium;\">O Governo de Pernambuco vai beneficiar os professores da rede estadual com a entrega de mais de 10 mil notebooks. A iniciativa faz parte do PE + Digital e \u00e9 mais uma a\u00e7\u00e3o do Juntos pela Educa\u00e7\u00e3o, que est\u00e1 investindo cerca de R$ 5,5 bilh\u00f5es em todo o Estado.\u00a0<\/span><\/div>\n<div><span style=\"font-family: Arial; font-size: medium;\">\u00a0<\/span><\/div>\n<div><span style=\"font-family: Arial; font-size: medium;\">&#8220;A entrega de mais de 10 mil notebooks aos professores da rede estadual de ensino \u00e9 mais uma a\u00e7\u00e3o de valoriza\u00e7\u00e3o dos servidores da educa\u00e7\u00e3o de Pernambuco. Recentemente, de maneira pioneira, garantimos que 110 professores pernambucanos fa\u00e7am interc\u00e2mbio em quatro pa\u00edses por meio do Programa Ganhe o Mundo Professor. Desde 2023, tamb\u00e9m nomeamos mais de 9.500 novos profissionais da educa\u00e7\u00e3o, dos quais 3.565 s\u00e3o professores&#8221;, destacou a governadora Raquel Lyra.<\/span><\/div>\n<div><span style=\"font-family: Arial; font-size: medium;\">\u00a0<\/span><\/div>\n<div><span style=\"font-family: Arial; font-size: medium;\">Para o recebimento dos notebooks, os professores devem se inscrever no site\u00a0<a href=\"https:\/\/pemaisdigital.pe.gov.br\/\" target=\"_blank\" rel=\"noopener\" data-saferedirecturl=\"https:\/\/www.google.com\/url?q=https:\/\/pemaisdigital.pe.gov.br\/&amp;source=gmail&amp;ust=1733337962296000&amp;usg=AOvVaw0QNIVTu14vYkTGpONB8Fbs\">https:\/\/pemaisdigital.pe.gov.<wbr \/>br\/<\/a>\u00a0usando seu login usual do portal do servidor, no per\u00edodo de 03 a 17 de dezembro. Ao todo, ser\u00e3o entregues 10.010 aparelhos.<\/span><\/div>\n<div><span style=\"font-family: Arial; font-size: medium;\">\u00a0<\/span><\/div>\n<div><span style=\"font-family: Arial; font-size: medium;\">\u201cA entrega dos notebooks representa um passo significativo para garantir que os professores tenham acesso \u00e0s ferramentas necess\u00e1rias para desempenhar suas fun\u00e7\u00f5es de maneira mais eficiente\u201d, pontuou Alexandre Schneider.\u00a0<\/span><\/div>\n<div><span style=\"font-family: Arial; font-size: medium;\">\u00a0<\/span><\/div>\n<div><span style=\"font-family: Arial; font-size: medium;\">Professores que receberam notebooks em anos anteriores (a partir de 2021), ter\u00e3o progressivamente os equipamentos substitu\u00eddos nas pr\u00f3ximas etapas.<\/span><\/div>\n<div><span style=\"font-family: Arial; font-size: medium;\">\u00a0<\/span><\/div>\n<div><span style=\"font-family: Arial; font-size: medium;\">O PE + Digital consiste no desenvolvimento das compet\u00eancias digitais dos profissionais que se encontrem em efetivo exerc\u00edcio no \u00e2mbito da Secretaria de Educa\u00e7\u00e3o e Esportes (SEE).<\/span><\/div>\n<div><span style=\"font-family: Arial; font-size: medium;\">\u00a0<\/span><\/div>\n<div><span style=\"font-family: Arial; font-size: medium;\"><b>INVESTIMENTOS\u00a0<\/b>\u2013 Nos \u00faltimos meses, o Governo do Estado fez importantes an\u00fancios na \u00e1rea educacional. Em celebra\u00e7\u00e3o aos 120 anos de nascimento do mestre Capiba, por exemplo, a gest\u00e3o estadual destinou o uso da Casa Capiba, localizada no Recife, ao Conservat\u00f3rio Pernambucano de M\u00fasica (CPM), vinculado \u00e0 SEE. A gest\u00e3o estadual tamb\u00e9m ir\u00e1 restaurar o edif\u00edcio do Liceu de Artes e Of\u00edcios para instala\u00e7\u00e3o de uma nova Escola T\u00e9cnica Estadual (ETE), com cursos voltados \u00e0 Economia Criativa. Outra a\u00e7\u00e3o importante \u00e9 a restaura\u00e7\u00e3o da antiga F\u00e1brica Tacaruna. O equipamento, ap\u00f3s ser revitalizado, abrigar\u00e1 o Centro de Forma\u00e7\u00e3o dos Profissionais da Educa\u00e7\u00e3o de Pernambuco (CEFORPE) e a Escola T\u00e9cnica de Hotelaria e Gastronomia de Pernambuco.<\/span><\/div>\n<div><span style=\"font-family: Arial; font-size: medium;\">\u00a0<\/span><\/div>\n<div><span style=\"font-family: Arial; font-size: medium;\">Foto: Filipe Jord\u00e3o\/SEE<\/span><\/div>\n<div><\/div>\n","protected":false},"excerpt":{"rendered":"<p>O Governo de Pernambuco vai beneficiar os professores da rede estadual com a entrega de mais de 10 mil notebooks. A iniciativa faz parte do PE + Digital e \u00e9 mais uma a\u00e7\u00e3o do Juntos pela Educa\u00e7\u00e3o, que est\u00e1 investindo cerca de R$ 5,5 bilh\u00f5es em todo o Estado.\u00a0 \u00a0 &#8220;A entrega de mais de 10 mil notebooks aos professores da rede estadual de ensino \u00e9 mais uma a\u00e7\u00e3o de valoriza\u00e7\u00e3o dos servidores da educa\u00e7\u00e3o de Pernambuco. Recentemente, de maneira pioneira, garantimos que 110 professores pernambucanos fa\u00e7am interc\u00e2mbio em quatro pa\u00edses por meio do Programa Ganhe o Mundo Professor. Desde 2023, tamb\u00e9m nomeamos mais de 9.500 novos profissionais da educa\u00e7\u00e3o, dos quais 3.565 s\u00e3o professores&#8221;, destacou a governadora Raquel Lyra.&hellip; <\/p>\n","protected":false},"author":2,"featured_media":382672,"comment_status":"open","ping_status":"open","sticky":false,"template":"","format":"standard","meta":{"_acf_changed":false,"footnotes":""},"categories":[44],"tags":[],"class_list":["post-382671","post","type-post","status-publish","format-standard","has-post-thumbnail","hentry","category-administracao"],"acf":[],"yoast_head":"<!-- This site is optimized with the Yoast SEO plugin v27.4 - https:\/\/yoast.com\/product\/yoast-seo-wordpress\/ -->\n<title>Governo de Pernambuco distribui mais de 10 mil notebooks a professores da rede estadual - Blog do Farn\u00e9sio<\/title>\n<meta name=\"robots\" content=\"index, follow, max-snippet:-1, max-image-preview:large, max-video-preview:-1\" \/>\n<link rel=\"canonical\" href=\"https:\/\/blogdofarnesio.com.br\/?p=382671\" \/>\n<meta property=\"og:locale\" content=\"pt_BR\" \/>\n<meta property=\"og:type\" content=\"article\" \/>\n<meta property=\"og:title\" content=\"Governo de Pernambuco distribui mais de 10 mil notebooks a professores da rede estadual - Blog do Farn\u00e9sio\" \/>\n<meta property=\"og:description\" content=\"O Governo de Pernambuco vai beneficiar os professores da rede estadual com a entrega de mais de 10 mil notebooks. A iniciativa faz parte do PE + Digital e \u00e9 mais uma a\u00e7\u00e3o do Juntos pela Educa\u00e7\u00e3o, que est\u00e1 investindo cerca de R$ 5,5 bilh\u00f5es em todo o Estado.\u00a0 \u00a0 &#8220;A entrega de mais de 10 mil notebooks aos professores da rede estadual de ensino \u00e9 mais uma a\u00e7\u00e3o de valoriza\u00e7\u00e3o dos servidores da educa\u00e7\u00e3o de Pernambuco. Recentemente, de maneira pioneira, garantimos que 110 professores pernambucanos fa\u00e7am interc\u00e2mbio em quatro pa\u00edses por meio do Programa Ganhe o Mundo Professor. Desde 2023, tamb\u00e9m nomeamos mais de 9.500 novos profissionais da educa\u00e7\u00e3o, dos quais 3.565 s\u00e3o professores&#8221;, destacou a governadora Raquel Lyra.&hellip;\" \/>\n<meta property=\"og:url\" content=\"https:\/\/blogdofarnesio.com.br\/?p=382671\" \/>\n<meta property=\"og:site_name\" content=\"Blog do Farn\u00e9sio\" \/>\n<meta property=\"article:publisher\" content=\"https:\/\/www.facebook.com\/BlogQuerSaberPolitica\/\" \/>\n<meta property=\"article:author\" content=\"https:\/\/www.facebook.com\/?ref=tn_tnmn\" \/>\n<meta property=\"article:published_time\" content=\"2024-12-03T20:06:13+00:00\" \/>\n<meta property=\"og:image\" content=\"https:\/\/blogdofarnesio.com.br\/wp-content\/uploads\/2024\/12\/blogqspdoacao-notebooksFilipe-Jordao-SEE-Governo-PE-1-e1733252829386.jpeg\" \/>\n\t<meta property=\"og:image:width\" content=\"560\" \/>\n\t<meta property=\"og:image:height\" content=\"373\" \/>\n\t<meta property=\"og:image:type\" content=\"image\/jpeg\" \/>\n<meta name=\"author\" content=\"Farn\u00e9sio\" \/>\n<meta name=\"twitter:card\" content=\"summary_large_image\" \/>\n<meta name=\"twitter:label1\" content=\"Escrito por\" \/>\n\t<meta name=\"twitter:data1\" content=\"Farn\u00e9sio\" \/>\n\t<meta name=\"twitter:label2\" content=\"Est. tempo de leitura\" \/>\n\t<meta name=\"twitter:data2\" content=\"3 minutos\" \/>\n<script type=\"application\/ld+json\" class=\"yoast-schema-graph\">{\"@context\":\"https:\\\/\\\/schema.org\",\"@graph\":[{\"@type\":\"Article\",\"@id\":\"https:\\\/\\\/blogdofarnesio.com.br\\\/?p=382671#article\",\"isPartOf\":{\"@id\":\"https:\\\/\\\/blogdofarnesio.com.br\\\/?p=382671\"},\"author\":{\"name\":\"Farn\u00e9sio\",\"@id\":\"https:\\\/\\\/blogdofarnesio.com.br\\\/#\\\/schema\\\/person\\\/bb9b23ae3ad0609ce8df7b6c9e76824d\"},\"headline\":\"Governo de Pernambuco distribui mais de 10 mil notebooks a professores da rede estadual\",\"datePublished\":\"2024-12-03T20:06:13+00:00\",\"mainEntityOfPage\":{\"@id\":\"https:\\\/\\\/blogdofarnesio.com.br\\\/?p=382671\"},\"wordCount\":385,\"commentCount\":0,\"publisher\":{\"@id\":\"https:\\\/\\\/blogdofarnesio.com.br\\\/#organization\"},\"image\":{\"@id\":\"https:\\\/\\\/blogdofarnesio.com.br\\\/?p=382671#primaryimage\"},\"thumbnailUrl\":\"https:\\\/\\\/blogdofarnesio.com.br\\\/wp-content\\\/uploads\\\/2024\\\/12\\\/blogqspdoacao-notebooksFilipe-Jordao-SEE-Governo-PE-1-e1733252829386.jpeg\",\"articleSection\":[\"Administra\u00e7\u00e3o\"],\"inLanguage\":\"pt-BR\",\"potentialAction\":[{\"@type\":\"CommentAction\",\"name\":\"Comment\",\"target\":[\"https:\\\/\\\/blogdofarnesio.com.br\\\/?p=382671#respond\"]}]},{\"@type\":\"WebPage\",\"@id\":\"https:\\\/\\\/blogdofarnesio.com.br\\\/?p=382671\",\"url\":\"https:\\\/\\\/blogdofarnesio.com.br\\\/?p=382671\",\"name\":\"Governo de Pernambuco distribui mais de 10 mil notebooks a professores da rede estadual - Blog do Farn\u00e9sio\",\"isPartOf\":{\"@id\":\"https:\\\/\\\/blogdofarnesio.com.br\\\/#website\"},\"primaryImageOfPage\":{\"@id\":\"https:\\\/\\\/blogdofarnesio.com.br\\\/?p=382671#primaryimage\"},\"image\":{\"@id\":\"https:\\\/\\\/blogdofarnesio.com.br\\\/?p=382671#primaryimage\"},\"thumbnailUrl\":\"https:\\\/\\\/blogdofarnesio.com.br\\\/wp-content\\\/uploads\\\/2024\\\/12\\\/blogqspdoacao-notebooksFilipe-Jordao-SEE-Governo-PE-1-e1733252829386.jpeg\",\"datePublished\":\"2024-12-03T20:06:13+00:00\",\"breadcrumb\":{\"@id\":\"https:\\\/\\\/blogdofarnesio.com.br\\\/?p=382671#breadcrumb\"},\"inLanguage\":\"pt-BR\",\"potentialAction\":[{\"@type\":\"ReadAction\",\"target\":[\"https:\\\/\\\/blogdofarnesio.com.br\\\/?p=382671\"]}]},{\"@type\":\"ImageObject\",\"inLanguage\":\"pt-BR\",\"@id\":\"https:\\\/\\\/blogdofarnesio.com.br\\\/?p=382671#primaryimage\",\"url\":\"https:\\\/\\\/blogdofarnesio.com.br\\\/wp-content\\\/uploads\\\/2024\\\/12\\\/blogqspdoacao-notebooksFilipe-Jordao-SEE-Governo-PE-1-e1733252829386.jpeg\",\"contentUrl\":\"https:\\\/\\\/blogdofarnesio.com.br\\\/wp-content\\\/uploads\\\/2024\\\/12\\\/blogqspdoacao-notebooksFilipe-Jordao-SEE-Governo-PE-1-e1733252829386.jpeg\",\"width\":560,\"height\":373},{\"@type\":\"BreadcrumbList\",\"@id\":\"https:\\\/\\\/blogdofarnesio.com.br\\\/?p=382671#breadcrumb\",\"itemListElement\":[{\"@type\":\"ListItem\",\"position\":1,\"name\":\"In\u00edcio\",\"item\":\"https:\\\/\\\/blogdofarnesio.com.br\\\/\"},{\"@type\":\"ListItem\",\"position\":2,\"name\":\"Governo de Pernambuco distribui mais de 10 mil notebooks a professores da rede estadual\"}]},{\"@type\":\"WebSite\",\"@id\":\"https:\\\/\\\/blogdofarnesio.com.br\\\/#website\",\"url\":\"https:\\\/\\\/blogdofarnesio.com.br\\\/\",\"name\":\"Blog do Farn\u00e9sio\",\"description\":\"Quer Saber Pol\u00edtica?\",\"publisher\":{\"@id\":\"https:\\\/\\\/blogdofarnesio.com.br\\\/#organization\"},\"potentialAction\":[{\"@type\":\"SearchAction\",\"target\":{\"@type\":\"EntryPoint\",\"urlTemplate\":\"https:\\\/\\\/blogdofarnesio.com.br\\\/?s={search_term_string}\"},\"query-input\":{\"@type\":\"PropertyValueSpecification\",\"valueRequired\":true,\"valueName\":\"search_term_string\"}}],\"inLanguage\":\"pt-BR\"},{\"@type\":\"Organization\",\"@id\":\"https:\\\/\\\/blogdofarnesio.com.br\\\/#organization\",\"name\":\"Blog do Farn\u00e9sio\",\"url\":\"https:\\\/\\\/blogdofarnesio.com.br\\\/\",\"logo\":{\"@type\":\"ImageObject\",\"inLanguage\":\"pt-BR\",\"@id\":\"https:\\\/\\\/blogdofarnesio.com.br\\\/#\\\/schema\\\/logo\\\/image\\\/\",\"url\":\"https:\\\/\\\/blogdofarnesio.com.br\\\/wp-content\\\/uploads\\\/2026\\\/03\\\/cropped-logo_new-1.png\",\"contentUrl\":\"https:\\\/\\\/blogdofarnesio.com.br\\\/wp-content\\\/uploads\\\/2026\\\/03\\\/cropped-logo_new-1.png\",\"width\":881,\"height\":685,\"caption\":\"Blog do Farn\u00e9sio\"},\"image\":{\"@id\":\"https:\\\/\\\/blogdofarnesio.com.br\\\/#\\\/schema\\\/logo\\\/image\\\/\"},\"sameAs\":[\"https:\\\/\\\/www.facebook.com\\\/BlogQuerSaberPolitica\\\/\"]},{\"@type\":\"Person\",\"@id\":\"https:\\\/\\\/blogdofarnesio.com.br\\\/#\\\/schema\\\/person\\\/bb9b23ae3ad0609ce8df7b6c9e76824d\",\"name\":\"Farn\u00e9sio\",\"image\":{\"@type\":\"ImageObject\",\"inLanguage\":\"pt-BR\",\"@id\":\"https:\\\/\\\/secure.gravatar.com\\\/avatar\\\/986aa4c61ccdb66f8555bf88fc2a65609d00bcabd4d2d94377a727547345cbca?s=96&d=mm&r=g\",\"url\":\"https:\\\/\\\/secure.gravatar.com\\\/avatar\\\/986aa4c61ccdb66f8555bf88fc2a65609d00bcabd4d2d94377a727547345cbca?s=96&d=mm&r=g\",\"contentUrl\":\"https:\\\/\\\/secure.gravatar.com\\\/avatar\\\/986aa4c61ccdb66f8555bf88fc2a65609d00bcabd4d2d94377a727547345cbca?s=96&d=mm&r=g\",\"caption\":\"Farn\u00e9sio\"},\"description\":\"Radialista blogueiro, chegou a Petrolina\\\/Juazeiro em setembro de 1980, Farn\u00e9sio Silva \u00e9 de Arapiraca-Alagoas.\",\"sameAs\":[\"http:\\\/\\\/blogdofarnesio.com.br\",\"https:\\\/\\\/www.facebook.com\\\/?ref=tn_tnmn\",\"https:\\\/\\\/www.instagram.com\\\/?utm_source=pwa_homescreen\",\"https:\\\/\\\/youtube.com.br\\\/\"],\"url\":\"https:\\\/\\\/blogdofarnesio.com.br\\\/?author=2\"}]}<\/script>\n<!-- \/ Yoast SEO plugin. -->","yoast_head_json":{"title":"Governo de Pernambuco distribui mais de 10 mil notebooks a professores da rede estadual - Blog do Farn\u00e9sio","robots":{"index":"index","follow":"follow","max-snippet":"max-snippet:-1","max-image-preview":"max-image-preview:large","max-video-preview":"max-video-preview:-1"},"canonical":"https:\/\/blogdofarnesio.com.br\/?p=382671","og_locale":"pt_BR","og_type":"article","og_title":"Governo de Pernambuco distribui mais de 10 mil notebooks a professores da rede estadual - Blog do Farn\u00e9sio","og_description":"O Governo de Pernambuco vai beneficiar os professores da rede estadual com a entrega de mais de 10 mil notebooks. A iniciativa faz parte do PE + Digital e \u00e9 mais uma a\u00e7\u00e3o do Juntos pela Educa\u00e7\u00e3o, que est\u00e1 investindo cerca de R$ 5,5 bilh\u00f5es em todo o Estado.\u00a0 \u00a0 &#8220;A entrega de mais de 10 mil notebooks aos professores da rede estadual de ensino \u00e9 mais uma a\u00e7\u00e3o de valoriza\u00e7\u00e3o dos servidores da educa\u00e7\u00e3o de Pernambuco. Recentemente, de maneira pioneira, garantimos que 110 professores pernambucanos fa\u00e7am interc\u00e2mbio em quatro pa\u00edses por meio do Programa Ganhe o Mundo Professor. Desde 2023, tamb\u00e9m nomeamos mais de 9.500 novos profissionais da educa\u00e7\u00e3o, dos quais 3.565 s\u00e3o professores&#8221;, destacou a governadora Raquel Lyra.&hellip;","og_url":"https:\/\/blogdofarnesio.com.br\/?p=382671","og_site_name":"Blog do Farn\u00e9sio","article_publisher":"https:\/\/www.facebook.com\/BlogQuerSaberPolitica\/","article_author":"https:\/\/www.facebook.com\/?ref=tn_tnmn","article_published_time":"2024-12-03T20:06:13+00:00","og_image":[{"width":560,"height":373,"url":"https:\/\/blogdofarnesio.com.br\/wp-content\/uploads\/2024\/12\/blogqspdoacao-notebooksFilipe-Jordao-SEE-Governo-PE-1-e1733252829386.jpeg","type":"image\/jpeg"}],"author":"Farn\u00e9sio","twitter_card":"summary_large_image","twitter_misc":{"Escrito por":"Farn\u00e9sio","Est. tempo de leitura":"3 minutos"},"schema":{"@context":"https:\/\/schema.org","@graph":[{"@type":"Article","@id":"https:\/\/blogdofarnesio.com.br\/?p=382671#article","isPartOf":{"@id":"https:\/\/blogdofarnesio.com.br\/?p=382671"},"author":{"name":"Farn\u00e9sio","@id":"https:\/\/blogdofarnesio.com.br\/#\/schema\/person\/bb9b23ae3ad0609ce8df7b6c9e76824d"},"headline":"Governo de Pernambuco distribui mais de 10 mil notebooks a professores da rede estadual","datePublished":"2024-12-03T20:06:13+00:00","mainEntityOfPage":{"@id":"https:\/\/blogdofarnesio.com.br\/?p=382671"},"wordCount":385,"commentCount":0,"publisher":{"@id":"https:\/\/blogdofarnesio.com.br\/#organization"},"image":{"@id":"https:\/\/blogdofarnesio.com.br\/?p=382671#primaryimage"},"thumbnailUrl":"https:\/\/blogdofarnesio.com.br\/wp-content\/uploads\/2024\/12\/blogqspdoacao-notebooksFilipe-Jordao-SEE-Governo-PE-1-e1733252829386.jpeg","articleSection":["Administra\u00e7\u00e3o"],"inLanguage":"pt-BR","potentialAction":[{"@type":"CommentAction","name":"Comment","target":["https:\/\/blogdofarnesio.com.br\/?p=382671#respond"]}]},{"@type":"WebPage","@id":"https:\/\/blogdofarnesio.com.br\/?p=382671","url":"https:\/\/blogdofarnesio.com.br\/?p=382671","name":"Governo de Pernambuco distribui mais de 10 mil notebooks a professores da rede estadual - Blog do Farn\u00e9sio","isPartOf":{"@id":"https:\/\/blogdofarnesio.com.br\/#website"},"primaryImageOfPage":{"@id":"https:\/\/blogdofarnesio.com.br\/?p=382671#primaryimage"},"image":{"@id":"https:\/\/blogdofarnesio.com.br\/?p=382671#primaryimage"},"thumbnailUrl":"https:\/\/blogdofarnesio.com.br\/wp-content\/uploads\/2024\/12\/blogqspdoacao-notebooksFilipe-Jordao-SEE-Governo-PE-1-e1733252829386.jpeg","datePublished":"2024-12-03T20:06:13+00:00","breadcrumb":{"@id":"https:\/\/blogdofarnesio.com.br\/?p=382671#breadcrumb"},"inLanguage":"pt-BR","potentialAction":[{"@type":"ReadAction","target":["https:\/\/blogdofarnesio.com.br\/?p=382671"]}]},{"@type":"ImageObject","inLanguage":"pt-BR","@id":"https:\/\/blogdofarnesio.com.br\/?p=382671#primaryimage","url":"https:\/\/blogdofarnesio.com.br\/wp-content\/uploads\/2024\/12\/blogqspdoacao-notebooksFilipe-Jordao-SEE-Governo-PE-1-e1733252829386.jpeg","contentUrl":"https:\/\/blogdofarnesio.com.br\/wp-content\/uploads\/2024\/12\/blogqspdoacao-notebooksFilipe-Jordao-SEE-Governo-PE-1-e1733252829386.jpeg","width":560,"height":373},{"@type":"BreadcrumbList","@id":"https:\/\/blogdofarnesio.com.br\/?p=382671#breadcrumb","itemListElement":[{"@type":"ListItem","position":1,"name":"In\u00edcio","item":"https:\/\/blogdofarnesio.com.br\/"},{"@type":"ListItem","position":2,"name":"Governo de Pernambuco distribui mais de 10 mil notebooks a professores da rede estadual"}]},{"@type":"WebSite","@id":"https:\/\/blogdofarnesio.com.br\/#website","url":"https:\/\/blogdofarnesio.com.br\/","name":"Blog do Farn\u00e9sio","description":"Quer Saber Pol\u00edtica?","publisher":{"@id":"https:\/\/blogdofarnesio.com.br\/#organization"},"potentialAction":[{"@type":"SearchAction","target":{"@type":"EntryPoint","urlTemplate":"https:\/\/blogdofarnesio.com.br\/?s={search_term_string}"},"query-input":{"@type":"PropertyValueSpecification","valueRequired":true,"valueName":"search_term_string"}}],"inLanguage":"pt-BR"},{"@type":"Organization","@id":"https:\/\/blogdofarnesio.com.br\/#organization","name":"Blog do Farn\u00e9sio","url":"https:\/\/blogdofarnesio.com.br\/","logo":{"@type":"ImageObject","inLanguage":"pt-BR","@id":"https:\/\/blogdofarnesio.com.br\/#\/schema\/logo\/image\/","url":"https:\/\/blogdofarnesio.com.br\/wp-content\/uploads\/2026\/03\/cropped-logo_new-1.png","contentUrl":"https:\/\/blogdofarnesio.com.br\/wp-content\/uploads\/2026\/03\/cropped-logo_new-1.png","width":881,"height":685,"caption":"Blog do Farn\u00e9sio"},"image":{"@id":"https:\/\/blogdofarnesio.com.br\/#\/schema\/logo\/image\/"},"sameAs":["https:\/\/www.facebook.com\/BlogQuerSaberPolitica\/"]},{"@type":"Person","@id":"https:\/\/blogdofarnesio.com.br\/#\/schema\/person\/bb9b23ae3ad0609ce8df7b6c9e76824d","name":"Farn\u00e9sio","image":{"@type":"ImageObject","inLanguage":"pt-BR","@id":"https:\/\/secure.gravatar.com\/avatar\/986aa4c61ccdb66f8555bf88fc2a65609d00bcabd4d2d94377a727547345cbca?s=96&d=mm&r=g","url":"https:\/\/secure.gravatar.com\/avatar\/986aa4c61ccdb66f8555bf88fc2a65609d00bcabd4d2d94377a727547345cbca?s=96&d=mm&r=g","contentUrl":"https:\/\/secure.gravatar.com\/avatar\/986aa4c61ccdb66f8555bf88fc2a65609d00bcabd4d2d94377a727547345cbca?s=96&d=mm&r=g","caption":"Farn\u00e9sio"},"description":"Radialista blogueiro, chegou a Petrolina\/Juazeiro em setembro de 1980, Farn\u00e9sio Silva \u00e9 de Arapiraca-Alagoas.","sameAs":["http:\/\/blogdofarnesio.com.br","https:\/\/www.facebook.com\/?ref=tn_tnmn","https:\/\/www.instagram.com\/?utm_source=pwa_homescreen","https:\/\/youtube.com.br\/"],"url":"https:\/\/blogdofarnesio.com.br\/?author=2"}]}},"_links":{"self":[{"href":"https:\/\/blogdofarnesio.com.br\/index.php?rest_route=\/wp\/v2\/posts\/382671","targetHints":{"allow":["GET"]}}],"collection":[{"href":"https:\/\/blogdofarnesio.com.br\/index.php?rest_route=\/wp\/v2\/posts"}],"about":[{"href":"https:\/\/blogdofarnesio.com.br\/index.php?rest_route=\/wp\/v2\/types\/post"}],"author":[{"embeddable":true,"href":"https:\/\/blogdofarnesio.com.br\/index.php?rest_route=\/wp\/v2\/users\/2"}],"replies":[{"embeddable":true,"href":"https:\/\/blogdofarnesio.com.br\/index.php?rest_route=%2Fwp%2Fv2%2Fcomments&post=382671"}],"version-history":[{"count":0,"href":"https:\/\/blogdofarnesio.com.br\/index.php?rest_route=\/wp\/v2\/posts\/382671\/revisions"}],"wp:featuredmedia":[{"embeddable":true,"href":"https:\/\/blogdofarnesio.com.br\/index.php?rest_route=\/wp\/v2\/media\/382672"}],"wp:attachment":[{"href":"https:\/\/blogdofarnesio.com.br\/index.php?rest_route=%2Fwp%2Fv2%2Fmedia&parent=382671"}],"wp:term":[{"taxonomy":"category","embeddable":true,"href":"https:\/\/blogdofarnesio.com.br\/index.php?rest_route=%2Fwp%2Fv2%2Fcategories&post=382671"},{"taxonomy":"post_tag","embeddable":true,"href":"https:\/\/blogdofarnesio.com.br\/index.php?rest_route=%2Fwp%2Fv2%2Ftags&post=382671"}],"curies":[{"name":"wp","href":"https:\/\/api.w.org\/{rel}","templated":true}]}}