{"id":382657,"date":"2024-12-04T07:42:25","date_gmt":"2024-12-04T10:42:25","guid":{"rendered":"https:\/\/blogdofarnesio.com.br\/?p=382657"},"modified":"2024-12-03T17:09:01","modified_gmt":"2024-12-03T20:09:01","slug":"associacao-petrolinense-de-atletismo-busca-o-tri-no-campeonato-brasileiro-paralimpico","status":"publish","type":"post","link":"https:\/\/blogdofarnesio.com.br\/?p=382657","title":{"rendered":"Associa\u00e7\u00e3o Petrolinense de Atletismo busca o tri no Campeonato Brasileiro Paral\u00edmpico"},"content":{"rendered":"<div>\n<p><em>Entre sexta-feira (6) e domingo (8), a APA &#8211; campe\u00e3 em 2022 e 2023 &#8211; estar\u00e1 no Centro de Treinamento Paral\u00edmpico Brasileiro, com uma delega\u00e7\u00e3o de mais de 60 integrantes, entre paratletas, comiss\u00e3o t\u00e9cnica e staff<\/em><\/p>\n<\/div>\n<div>\n<div>\n<div>\n<div>\n<div>\n<div>\n<div>\n<div>\n<p>Atual bicampe\u00e3 do Campeonato Brasileiro de Atletismo Paral\u00edmpico, a equipe da Associa\u00e7\u00e3o Petrolinense de Atletismo (APA) viaja para S\u00e3o Paulo\u2013SP nesta quinta-feira (5) em busca do tricampeonato. A edi\u00e7\u00e3o 2024 da competi\u00e7\u00e3o ser\u00e1 realizada entre sexta-feira (6) e domingo (8), no Centro de Treinamento Paral\u00edmpico Brasileiro, na capital paulista.<\/p>\n<p>A delega\u00e7\u00e3o da APA conta com mais de 60 integrantes, entre paratletas, comiss\u00e3o t\u00e9cnica e staff.<\/p>\n<p><img loading=\"lazy\" decoding=\"async\" class=\"aligncenter wp-image-382662 size-full\" src=\"https:\/\/blogdofarnesio.com.br\/wp-content\/uploads\/2024\/12\/APA-bicampea-do-Brasileiro-1-e1733252288198.jpg\" alt=\"\" width=\"525\" height=\"309\" \/>No Brasileiro, a APA comemorou os t\u00edtulos de 2022 e 2023. No ano passado, n\u00e3o deu chances aos advers\u00e1rios e liderou a classifica\u00e7\u00e3o desde o primeiro dia de provas. O time terminou o campeonato com 45 medalhas, sendo 19 de ouro, 11 de prata e 15 de bronze. Al\u00e9m disso, a equipe estabeleceu quatro novos recordes da competi\u00e7\u00e3o. Em 2022, na conquista in\u00e9dita, foram 13 ouros, nove pratas e nove bronzes,\u00a0totalizando 31 medalhas.<\/p>\n<p>\u201cFinalizamos a etapa de nossa prepara\u00e7\u00e3o aqui em Petrolina, antes da viagem para S\u00e3o Paulo, ap\u00f3s treinos intensos e com foco total no Brasileiro. Estamos prontos para mais esse desafio, seguindo firme em busca de novas vit\u00f3rias\u201d, afirma o diretor-executivo e coordenador de projetos da APA, Natanael Barros, chefe da delega\u00e7\u00e3o no Brasileiro.<\/p>\n<p>O coordenador t\u00e9cnico da equipe \u00e9 Marciano Barros. Entre os atletas, um dos destaques nesta disputa de 2024 \u00e9 Samira Brito &#8211; Classe T36 (atletas com paralisia cerebral) &#8211; finalista nas provas dos 100m e 200m nas Paralimp\u00edadas de Paris (2024) e medalhista de prata nos 200m no Parapan-Americano, em Santiago, no Chile (2023).<\/p>\n<p>Destaque, tamb\u00e9m, para Sandro Varelo (foto em destaque)- Classe F55 (atletas com defici\u00eancia nos membros inferiores) &#8211; medalha de ouro na prova de lan\u00e7amento de dardo e bronze no arremesso de peso no Parapan-Americano de Santiago.<\/p>\n<p><img loading=\"lazy\" decoding=\"async\" class=\"aligncenter wp-image-382660 size-full\" src=\"https:\/\/blogdofarnesio.com.br\/wp-content\/uploads\/2024\/12\/blogqspapa-Sivaldo-Santos-e1733252037934.jpg\" alt=\"\" width=\"569\" height=\"445\" \/> Sivaldo Santos &#8211; Classe T12 (atletas com baixa vis\u00e3o) &#8211; medalha de bronze na prova dos 1500m e bronze nos 5000m no Parapan-Americano de Santiago.<\/p>\n<p><img loading=\"lazy\" decoding=\"async\" class=\"aligncenter wp-image-382658 size-full\" src=\"https:\/\/blogdofarnesio.com.br\/wp-content\/uploads\/2024\/12\/blogqspapa-Antonio-Carlos-de-Brito-e-o-guia-Laercio-Lima-esq.-para-dir-e1733252122551.jpg\" alt=\"\" width=\"500\" height=\"333\" \/>Ant\u00f4nio Carlos de Brito &#8211; Classe T11 (atletas com defici\u00eancia visual total) &#8211; atual bicampe\u00e3o brasileiro da prova dos 5000m.<\/p>\n<p><img loading=\"lazy\" decoding=\"async\" class=\"aligncenter wp-image-382659 size-full\" src=\"https:\/\/blogdofarnesio.com.br\/wp-content\/uploads\/2024\/12\/blogqspapa-Alanny-Santos-e1733252200207.jpg\" alt=\"\" width=\"500\" height=\"513\" \/> Alany Santos &#8211; Classe T20 (atletas com defici\u00eancia intelectual) &#8211; medalha de ouro na prova dos 400m e no Salto em Dist\u00e2ncia e prata nos 1500m na Gymnasiade, no Bahrein (2024).<\/p>\n<p>&nbsp;<\/p>\n<p><strong>Ascom\u00a0APA<\/strong><\/p>\n<\/div>\n<\/div>\n<\/div>\n<\/div>\n<\/div>\n<\/div>\n<\/div>\n<\/div>\n","protected":false},"excerpt":{"rendered":"<p>Entre sexta-feira (6) e domingo (8), a APA &#8211; campe\u00e3 em 2022 e 2023 &#8211; estar\u00e1 no Centro de Treinamento Paral\u00edmpico Brasileiro, com uma delega\u00e7\u00e3o de mais de 60 integrantes, entre paratletas, comiss\u00e3o t\u00e9cnica e staff Atual bicampe\u00e3 do Campeonato Brasileiro de Atletismo Paral\u00edmpico, a equipe da Associa\u00e7\u00e3o Petrolinense de Atletismo (APA) viaja para S\u00e3o Paulo\u2013SP nesta quinta-feira (5) em busca do tricampeonato. A edi\u00e7\u00e3o 2024 da competi\u00e7\u00e3o ser\u00e1 realizada entre sexta-feira (6) e domingo (8), no Centro de Treinamento Paral\u00edmpico Brasileiro, na capital paulista. A delega\u00e7\u00e3o da APA conta com mais de 60 integrantes, entre paratletas, comiss\u00e3o t\u00e9cnica e staff. No Brasileiro, a APA comemorou os t\u00edtulos de 2022 e 2023. No ano passado, n\u00e3o deu chances aos advers\u00e1rios&hellip; <\/p>\n","protected":false},"author":2,"featured_media":382661,"comment_status":"open","ping_status":"open","sticky":false,"template":"","format":"standard","meta":{"_acf_changed":false,"footnotes":""},"categories":[8],"tags":[],"class_list":["post-382657","post","type-post","status-publish","format-standard","has-post-thumbnail","hentry","category-esportes"],"acf":[],"yoast_head":"<!-- This site is optimized with the Yoast SEO plugin v27.4 - https:\/\/yoast.com\/product\/yoast-seo-wordpress\/ -->\n<title>Associa\u00e7\u00e3o Petrolinense de Atletismo busca o tri no Campeonato Brasileiro Paral\u00edmpico - Blog do Farn\u00e9sio<\/title>\n<meta name=\"robots\" content=\"index, follow, max-snippet:-1, max-image-preview:large, max-video-preview:-1\" \/>\n<link rel=\"canonical\" href=\"https:\/\/blogdofarnesio.com.br\/?p=382657\" \/>\n<meta property=\"og:locale\" content=\"pt_BR\" \/>\n<meta property=\"og:type\" content=\"article\" \/>\n<meta property=\"og:title\" content=\"Associa\u00e7\u00e3o Petrolinense de Atletismo busca o tri no Campeonato Brasileiro Paral\u00edmpico - Blog do Farn\u00e9sio\" \/>\n<meta property=\"og:description\" content=\"Entre sexta-feira (6) e domingo (8), a APA &#8211; campe\u00e3 em 2022 e 2023 &#8211; estar\u00e1 no Centro de Treinamento Paral\u00edmpico Brasileiro, com uma delega\u00e7\u00e3o de mais de 60 integrantes, entre paratletas, comiss\u00e3o t\u00e9cnica e staff Atual bicampe\u00e3 do Campeonato Brasileiro de Atletismo Paral\u00edmpico, a equipe da Associa\u00e7\u00e3o Petrolinense de Atletismo (APA) viaja para S\u00e3o Paulo\u2013SP nesta quinta-feira (5) em busca do tricampeonato. A edi\u00e7\u00e3o 2024 da competi\u00e7\u00e3o ser\u00e1 realizada entre sexta-feira (6) e domingo (8), no Centro de Treinamento Paral\u00edmpico Brasileiro, na capital paulista. A delega\u00e7\u00e3o da APA conta com mais de 60 integrantes, entre paratletas, comiss\u00e3o t\u00e9cnica e staff. No Brasileiro, a APA comemorou os t\u00edtulos de 2022 e 2023. No ano passado, n\u00e3o deu chances aos advers\u00e1rios&hellip;\" \/>\n<meta property=\"og:url\" content=\"https:\/\/blogdofarnesio.com.br\/?p=382657\" \/>\n<meta property=\"og:site_name\" content=\"Blog do Farn\u00e9sio\" \/>\n<meta property=\"article:publisher\" content=\"https:\/\/www.facebook.com\/BlogQuerSaberPolitica\/\" \/>\n<meta property=\"article:author\" content=\"https:\/\/www.facebook.com\/?ref=tn_tnmn\" \/>\n<meta property=\"article:published_time\" content=\"2024-12-04T10:42:25+00:00\" \/>\n<meta property=\"og:image\" content=\"https:\/\/blogdofarnesio.com.br\/wp-content\/uploads\/2024\/12\/blogqspapa-Sandro-Varelo-e1733251900830.jpg\" \/>\n\t<meta property=\"og:image:width\" content=\"540\" \/>\n\t<meta property=\"og:image:height\" content=\"348\" \/>\n\t<meta property=\"og:image:type\" content=\"image\/jpeg\" \/>\n<meta name=\"author\" content=\"Farn\u00e9sio\" \/>\n<meta name=\"twitter:card\" content=\"summary_large_image\" \/>\n<meta name=\"twitter:label1\" content=\"Escrito por\" \/>\n\t<meta name=\"twitter:data1\" content=\"Farn\u00e9sio\" \/>\n\t<meta name=\"twitter:label2\" content=\"Est. tempo de leitura\" \/>\n\t<meta name=\"twitter:data2\" content=\"4 minutos\" \/>\n<script type=\"application\/ld+json\" class=\"yoast-schema-graph\">{\"@context\":\"https:\\\/\\\/schema.org\",\"@graph\":[{\"@type\":\"Article\",\"@id\":\"https:\\\/\\\/blogdofarnesio.com.br\\\/?p=382657#article\",\"isPartOf\":{\"@id\":\"https:\\\/\\\/blogdofarnesio.com.br\\\/?p=382657\"},\"author\":{\"name\":\"Farn\u00e9sio\",\"@id\":\"https:\\\/\\\/blogdofarnesio.com.br\\\/#\\\/schema\\\/person\\\/bb9b23ae3ad0609ce8df7b6c9e76824d\"},\"headline\":\"Associa\u00e7\u00e3o Petrolinense de Atletismo busca o tri no Campeonato Brasileiro Paral\u00edmpico\",\"datePublished\":\"2024-12-04T10:42:25+00:00\",\"mainEntityOfPage\":{\"@id\":\"https:\\\/\\\/blogdofarnesio.com.br\\\/?p=382657\"},\"wordCount\":423,\"commentCount\":0,\"publisher\":{\"@id\":\"https:\\\/\\\/blogdofarnesio.com.br\\\/#organization\"},\"image\":{\"@id\":\"https:\\\/\\\/blogdofarnesio.com.br\\\/?p=382657#primaryimage\"},\"thumbnailUrl\":\"https:\\\/\\\/blogdofarnesio.com.br\\\/wp-content\\\/uploads\\\/2024\\\/12\\\/blogqspapa-Sandro-Varelo-e1733251900830.jpg\",\"articleSection\":[\"Esportes\"],\"inLanguage\":\"pt-BR\",\"potentialAction\":[{\"@type\":\"CommentAction\",\"name\":\"Comment\",\"target\":[\"https:\\\/\\\/blogdofarnesio.com.br\\\/?p=382657#respond\"]}]},{\"@type\":\"WebPage\",\"@id\":\"https:\\\/\\\/blogdofarnesio.com.br\\\/?p=382657\",\"url\":\"https:\\\/\\\/blogdofarnesio.com.br\\\/?p=382657\",\"name\":\"Associa\u00e7\u00e3o Petrolinense de Atletismo busca o tri no Campeonato Brasileiro Paral\u00edmpico - Blog do Farn\u00e9sio\",\"isPartOf\":{\"@id\":\"https:\\\/\\\/blogdofarnesio.com.br\\\/#website\"},\"primaryImageOfPage\":{\"@id\":\"https:\\\/\\\/blogdofarnesio.com.br\\\/?p=382657#primaryimage\"},\"image\":{\"@id\":\"https:\\\/\\\/blogdofarnesio.com.br\\\/?p=382657#primaryimage\"},\"thumbnailUrl\":\"https:\\\/\\\/blogdofarnesio.com.br\\\/wp-content\\\/uploads\\\/2024\\\/12\\\/blogqspapa-Sandro-Varelo-e1733251900830.jpg\",\"datePublished\":\"2024-12-04T10:42:25+00:00\",\"breadcrumb\":{\"@id\":\"https:\\\/\\\/blogdofarnesio.com.br\\\/?p=382657#breadcrumb\"},\"inLanguage\":\"pt-BR\",\"potentialAction\":[{\"@type\":\"ReadAction\",\"target\":[\"https:\\\/\\\/blogdofarnesio.com.br\\\/?p=382657\"]}]},{\"@type\":\"ImageObject\",\"inLanguage\":\"pt-BR\",\"@id\":\"https:\\\/\\\/blogdofarnesio.com.br\\\/?p=382657#primaryimage\",\"url\":\"https:\\\/\\\/blogdofarnesio.com.br\\\/wp-content\\\/uploads\\\/2024\\\/12\\\/blogqspapa-Sandro-Varelo-e1733251900830.jpg\",\"contentUrl\":\"https:\\\/\\\/blogdofarnesio.com.br\\\/wp-content\\\/uploads\\\/2024\\\/12\\\/blogqspapa-Sandro-Varelo-e1733251900830.jpg\",\"width\":540,\"height\":348},{\"@type\":\"BreadcrumbList\",\"@id\":\"https:\\\/\\\/blogdofarnesio.com.br\\\/?p=382657#breadcrumb\",\"itemListElement\":[{\"@type\":\"ListItem\",\"position\":1,\"name\":\"In\u00edcio\",\"item\":\"https:\\\/\\\/blogdofarnesio.com.br\\\/\"},{\"@type\":\"ListItem\",\"position\":2,\"name\":\"Associa\u00e7\u00e3o Petrolinense de Atletismo busca o tri no Campeonato Brasileiro Paral\u00edmpico\"}]},{\"@type\":\"WebSite\",\"@id\":\"https:\\\/\\\/blogdofarnesio.com.br\\\/#website\",\"url\":\"https:\\\/\\\/blogdofarnesio.com.br\\\/\",\"name\":\"Blog do Farn\u00e9sio\",\"description\":\"Quer Saber Pol\u00edtica?\",\"publisher\":{\"@id\":\"https:\\\/\\\/blogdofarnesio.com.br\\\/#organization\"},\"potentialAction\":[{\"@type\":\"SearchAction\",\"target\":{\"@type\":\"EntryPoint\",\"urlTemplate\":\"https:\\\/\\\/blogdofarnesio.com.br\\\/?s={search_term_string}\"},\"query-input\":{\"@type\":\"PropertyValueSpecification\",\"valueRequired\":true,\"valueName\":\"search_term_string\"}}],\"inLanguage\":\"pt-BR\"},{\"@type\":\"Organization\",\"@id\":\"https:\\\/\\\/blogdofarnesio.com.br\\\/#organization\",\"name\":\"Blog do Farn\u00e9sio\",\"url\":\"https:\\\/\\\/blogdofarnesio.com.br\\\/\",\"logo\":{\"@type\":\"ImageObject\",\"inLanguage\":\"pt-BR\",\"@id\":\"https:\\\/\\\/blogdofarnesio.com.br\\\/#\\\/schema\\\/logo\\\/image\\\/\",\"url\":\"https:\\\/\\\/blogdofarnesio.com.br\\\/wp-content\\\/uploads\\\/2026\\\/03\\\/cropped-logo_new-1.png\",\"contentUrl\":\"https:\\\/\\\/blogdofarnesio.com.br\\\/wp-content\\\/uploads\\\/2026\\\/03\\\/cropped-logo_new-1.png\",\"width\":881,\"height\":685,\"caption\":\"Blog do Farn\u00e9sio\"},\"image\":{\"@id\":\"https:\\\/\\\/blogdofarnesio.com.br\\\/#\\\/schema\\\/logo\\\/image\\\/\"},\"sameAs\":[\"https:\\\/\\\/www.facebook.com\\\/BlogQuerSaberPolitica\\\/\"]},{\"@type\":\"Person\",\"@id\":\"https:\\\/\\\/blogdofarnesio.com.br\\\/#\\\/schema\\\/person\\\/bb9b23ae3ad0609ce8df7b6c9e76824d\",\"name\":\"Farn\u00e9sio\",\"image\":{\"@type\":\"ImageObject\",\"inLanguage\":\"pt-BR\",\"@id\":\"https:\\\/\\\/secure.gravatar.com\\\/avatar\\\/986aa4c61ccdb66f8555bf88fc2a65609d00bcabd4d2d94377a727547345cbca?s=96&d=mm&r=g\",\"url\":\"https:\\\/\\\/secure.gravatar.com\\\/avatar\\\/986aa4c61ccdb66f8555bf88fc2a65609d00bcabd4d2d94377a727547345cbca?s=96&d=mm&r=g\",\"contentUrl\":\"https:\\\/\\\/secure.gravatar.com\\\/avatar\\\/986aa4c61ccdb66f8555bf88fc2a65609d00bcabd4d2d94377a727547345cbca?s=96&d=mm&r=g\",\"caption\":\"Farn\u00e9sio\"},\"description\":\"Radialista blogueiro, chegou a Petrolina\\\/Juazeiro em setembro de 1980, Farn\u00e9sio Silva \u00e9 de Arapiraca-Alagoas.\",\"sameAs\":[\"http:\\\/\\\/blogdofarnesio.com.br\",\"https:\\\/\\\/www.facebook.com\\\/?ref=tn_tnmn\",\"https:\\\/\\\/www.instagram.com\\\/?utm_source=pwa_homescreen\",\"https:\\\/\\\/youtube.com.br\\\/\"],\"url\":\"https:\\\/\\\/blogdofarnesio.com.br\\\/?author=2\"}]}<\/script>\n<!-- \/ Yoast SEO plugin. -->","yoast_head_json":{"title":"Associa\u00e7\u00e3o Petrolinense de Atletismo busca o tri no Campeonato Brasileiro Paral\u00edmpico - Blog do Farn\u00e9sio","robots":{"index":"index","follow":"follow","max-snippet":"max-snippet:-1","max-image-preview":"max-image-preview:large","max-video-preview":"max-video-preview:-1"},"canonical":"https:\/\/blogdofarnesio.com.br\/?p=382657","og_locale":"pt_BR","og_type":"article","og_title":"Associa\u00e7\u00e3o Petrolinense de Atletismo busca o tri no Campeonato Brasileiro Paral\u00edmpico - Blog do Farn\u00e9sio","og_description":"Entre sexta-feira (6) e domingo (8), a APA &#8211; campe\u00e3 em 2022 e 2023 &#8211; estar\u00e1 no Centro de Treinamento Paral\u00edmpico Brasileiro, com uma delega\u00e7\u00e3o de mais de 60 integrantes, entre paratletas, comiss\u00e3o t\u00e9cnica e staff Atual bicampe\u00e3 do Campeonato Brasileiro de Atletismo Paral\u00edmpico, a equipe da Associa\u00e7\u00e3o Petrolinense de Atletismo (APA) viaja para S\u00e3o Paulo\u2013SP nesta quinta-feira (5) em busca do tricampeonato. A edi\u00e7\u00e3o 2024 da competi\u00e7\u00e3o ser\u00e1 realizada entre sexta-feira (6) e domingo (8), no Centro de Treinamento Paral\u00edmpico Brasileiro, na capital paulista. A delega\u00e7\u00e3o da APA conta com mais de 60 integrantes, entre paratletas, comiss\u00e3o t\u00e9cnica e staff. No Brasileiro, a APA comemorou os t\u00edtulos de 2022 e 2023. No ano passado, n\u00e3o deu chances aos advers\u00e1rios&hellip;","og_url":"https:\/\/blogdofarnesio.com.br\/?p=382657","og_site_name":"Blog do Farn\u00e9sio","article_publisher":"https:\/\/www.facebook.com\/BlogQuerSaberPolitica\/","article_author":"https:\/\/www.facebook.com\/?ref=tn_tnmn","article_published_time":"2024-12-04T10:42:25+00:00","og_image":[{"width":540,"height":348,"url":"https:\/\/blogdofarnesio.com.br\/wp-content\/uploads\/2024\/12\/blogqspapa-Sandro-Varelo-e1733251900830.jpg","type":"image\/jpeg"}],"author":"Farn\u00e9sio","twitter_card":"summary_large_image","twitter_misc":{"Escrito por":"Farn\u00e9sio","Est. tempo de leitura":"4 minutos"},"schema":{"@context":"https:\/\/schema.org","@graph":[{"@type":"Article","@id":"https:\/\/blogdofarnesio.com.br\/?p=382657#article","isPartOf":{"@id":"https:\/\/blogdofarnesio.com.br\/?p=382657"},"author":{"name":"Farn\u00e9sio","@id":"https:\/\/blogdofarnesio.com.br\/#\/schema\/person\/bb9b23ae3ad0609ce8df7b6c9e76824d"},"headline":"Associa\u00e7\u00e3o Petrolinense de Atletismo busca o tri no Campeonato Brasileiro Paral\u00edmpico","datePublished":"2024-12-04T10:42:25+00:00","mainEntityOfPage":{"@id":"https:\/\/blogdofarnesio.com.br\/?p=382657"},"wordCount":423,"commentCount":0,"publisher":{"@id":"https:\/\/blogdofarnesio.com.br\/#organization"},"image":{"@id":"https:\/\/blogdofarnesio.com.br\/?p=382657#primaryimage"},"thumbnailUrl":"https:\/\/blogdofarnesio.com.br\/wp-content\/uploads\/2024\/12\/blogqspapa-Sandro-Varelo-e1733251900830.jpg","articleSection":["Esportes"],"inLanguage":"pt-BR","potentialAction":[{"@type":"CommentAction","name":"Comment","target":["https:\/\/blogdofarnesio.com.br\/?p=382657#respond"]}]},{"@type":"WebPage","@id":"https:\/\/blogdofarnesio.com.br\/?p=382657","url":"https:\/\/blogdofarnesio.com.br\/?p=382657","name":"Associa\u00e7\u00e3o Petrolinense de Atletismo busca o tri no Campeonato Brasileiro Paral\u00edmpico - Blog do Farn\u00e9sio","isPartOf":{"@id":"https:\/\/blogdofarnesio.com.br\/#website"},"primaryImageOfPage":{"@id":"https:\/\/blogdofarnesio.com.br\/?p=382657#primaryimage"},"image":{"@id":"https:\/\/blogdofarnesio.com.br\/?p=382657#primaryimage"},"thumbnailUrl":"https:\/\/blogdofarnesio.com.br\/wp-content\/uploads\/2024\/12\/blogqspapa-Sandro-Varelo-e1733251900830.jpg","datePublished":"2024-12-04T10:42:25+00:00","breadcrumb":{"@id":"https:\/\/blogdofarnesio.com.br\/?p=382657#breadcrumb"},"inLanguage":"pt-BR","potentialAction":[{"@type":"ReadAction","target":["https:\/\/blogdofarnesio.com.br\/?p=382657"]}]},{"@type":"ImageObject","inLanguage":"pt-BR","@id":"https:\/\/blogdofarnesio.com.br\/?p=382657#primaryimage","url":"https:\/\/blogdofarnesio.com.br\/wp-content\/uploads\/2024\/12\/blogqspapa-Sandro-Varelo-e1733251900830.jpg","contentUrl":"https:\/\/blogdofarnesio.com.br\/wp-content\/uploads\/2024\/12\/blogqspapa-Sandro-Varelo-e1733251900830.jpg","width":540,"height":348},{"@type":"BreadcrumbList","@id":"https:\/\/blogdofarnesio.com.br\/?p=382657#breadcrumb","itemListElement":[{"@type":"ListItem","position":1,"name":"In\u00edcio","item":"https:\/\/blogdofarnesio.com.br\/"},{"@type":"ListItem","position":2,"name":"Associa\u00e7\u00e3o Petrolinense de Atletismo busca o tri no Campeonato Brasileiro Paral\u00edmpico"}]},{"@type":"WebSite","@id":"https:\/\/blogdofarnesio.com.br\/#website","url":"https:\/\/blogdofarnesio.com.br\/","name":"Blog do Farn\u00e9sio","description":"Quer Saber Pol\u00edtica?","publisher":{"@id":"https:\/\/blogdofarnesio.com.br\/#organization"},"potentialAction":[{"@type":"SearchAction","target":{"@type":"EntryPoint","urlTemplate":"https:\/\/blogdofarnesio.com.br\/?s={search_term_string}"},"query-input":{"@type":"PropertyValueSpecification","valueRequired":true,"valueName":"search_term_string"}}],"inLanguage":"pt-BR"},{"@type":"Organization","@id":"https:\/\/blogdofarnesio.com.br\/#organization","name":"Blog do Farn\u00e9sio","url":"https:\/\/blogdofarnesio.com.br\/","logo":{"@type":"ImageObject","inLanguage":"pt-BR","@id":"https:\/\/blogdofarnesio.com.br\/#\/schema\/logo\/image\/","url":"https:\/\/blogdofarnesio.com.br\/wp-content\/uploads\/2026\/03\/cropped-logo_new-1.png","contentUrl":"https:\/\/blogdofarnesio.com.br\/wp-content\/uploads\/2026\/03\/cropped-logo_new-1.png","width":881,"height":685,"caption":"Blog do Farn\u00e9sio"},"image":{"@id":"https:\/\/blogdofarnesio.com.br\/#\/schema\/logo\/image\/"},"sameAs":["https:\/\/www.facebook.com\/BlogQuerSaberPolitica\/"]},{"@type":"Person","@id":"https:\/\/blogdofarnesio.com.br\/#\/schema\/person\/bb9b23ae3ad0609ce8df7b6c9e76824d","name":"Farn\u00e9sio","image":{"@type":"ImageObject","inLanguage":"pt-BR","@id":"https:\/\/secure.gravatar.com\/avatar\/986aa4c61ccdb66f8555bf88fc2a65609d00bcabd4d2d94377a727547345cbca?s=96&d=mm&r=g","url":"https:\/\/secure.gravatar.com\/avatar\/986aa4c61ccdb66f8555bf88fc2a65609d00bcabd4d2d94377a727547345cbca?s=96&d=mm&r=g","contentUrl":"https:\/\/secure.gravatar.com\/avatar\/986aa4c61ccdb66f8555bf88fc2a65609d00bcabd4d2d94377a727547345cbca?s=96&d=mm&r=g","caption":"Farn\u00e9sio"},"description":"Radialista blogueiro, chegou a Petrolina\/Juazeiro em setembro de 1980, Farn\u00e9sio Silva \u00e9 de Arapiraca-Alagoas.","sameAs":["http:\/\/blogdofarnesio.com.br","https:\/\/www.facebook.com\/?ref=tn_tnmn","https:\/\/www.instagram.com\/?utm_source=pwa_homescreen","https:\/\/youtube.com.br\/"],"url":"https:\/\/blogdofarnesio.com.br\/?author=2"}]}},"_links":{"self":[{"href":"https:\/\/blogdofarnesio.com.br\/index.php?rest_route=\/wp\/v2\/posts\/382657","targetHints":{"allow":["GET"]}}],"collection":[{"href":"https:\/\/blogdofarnesio.com.br\/index.php?rest_route=\/wp\/v2\/posts"}],"about":[{"href":"https:\/\/blogdofarnesio.com.br\/index.php?rest_route=\/wp\/v2\/types\/post"}],"author":[{"embeddable":true,"href":"https:\/\/blogdofarnesio.com.br\/index.php?rest_route=\/wp\/v2\/users\/2"}],"replies":[{"embeddable":true,"href":"https:\/\/blogdofarnesio.com.br\/index.php?rest_route=%2Fwp%2Fv2%2Fcomments&post=382657"}],"version-history":[{"count":0,"href":"https:\/\/blogdofarnesio.com.br\/index.php?rest_route=\/wp\/v2\/posts\/382657\/revisions"}],"wp:featuredmedia":[{"embeddable":true,"href":"https:\/\/blogdofarnesio.com.br\/index.php?rest_route=\/wp\/v2\/media\/382661"}],"wp:attachment":[{"href":"https:\/\/blogdofarnesio.com.br\/index.php?rest_route=%2Fwp%2Fv2%2Fmedia&parent=382657"}],"wp:term":[{"taxonomy":"category","embeddable":true,"href":"https:\/\/blogdofarnesio.com.br\/index.php?rest_route=%2Fwp%2Fv2%2Fcategories&post=382657"},{"taxonomy":"post_tag","embeddable":true,"href":"https:\/\/blogdofarnesio.com.br\/index.php?rest_route=%2Fwp%2Fv2%2Ftags&post=382657"}],"curies":[{"name":"wp","href":"https:\/\/api.w.org\/{rel}","templated":true}]}}