{"id":382651,"date":"2024-12-04T07:20:43","date_gmt":"2024-12-04T10:20:43","guid":{"rendered":"https:\/\/blogdofarnesio.com.br\/?p=382651"},"modified":"2024-12-03T17:08:10","modified_gmt":"2024-12-03T20:08:10","slug":"fim-do-ano-cerca-de-950-vagas-de-trabalho-devem-ser-abertas-em-juazeiro","status":"publish","type":"post","link":"https:\/\/blogdofarnesio.com.br\/2024\/12\/fim-do-ano-cerca-de-950-vagas-de-trabalho-devem-ser-abertas-em-juazeiro\/","title":{"rendered":"Fim do ano: Cerca de 950 vagas de trabalho devem ser abertas em Juazeiro"},"content":{"rendered":"<p>Com as proximidades das comemora\u00e7\u00f5es de fim de ano, oportunidades de emprego tempor\u00e1rio aquecem o mercado de trabalho em Juazeiro.<\/p>\n<p>Impulsionada pelo aumento da demanda durante as festividades, a previs\u00e3o \u00e9 a abertura de 950 novas vagas no com\u00e9rcio da cidade, j\u00e1 que o com\u00e9rcio e o setor de servi\u00e7os no Brasil s\u00e3o os mais movimentados nesta \u00e9poca do ano, estimando 110 mil vagas tempor\u00e1rias, informais, efetivas ou terceirizadas, 16,18% a mais do que em 2023, at\u00e9 final de dezembro.<\/p>\n<p>S\u00e3o dados de uma pesquisa realizada pela Confedera\u00e7\u00e3o Nacional de Dirigentes Lojistas (CNDL) e pelo Servi\u00e7o de Prote\u00e7\u00e3o ao Cr\u00e9dito (SPC Brasil).<\/p>\n<p>O presidente da CDL Juazeiro, Murilo Matos, destaca a import\u00e2ncia das vagas tempor\u00e1rias para a economia. \u201cAs vagas tempor\u00e1rias s\u00e3o fundamentais para aquecer a economia no fim do ano e representam uma oportunidade valiosa para os trabalhadores demonstrarem suas habilidades e buscarem uma coloca\u00e7\u00e3o fixa\u201d. Ainda segundo Matos, \u201cas vagas em Juazeiro tamb\u00e9m representam uma oportunidade de recupera\u00e7\u00e3o do com\u00e9rcio local, que enfrentou um per\u00edodo dif\u00edcil nos \u00faltimos anos\u201d.<\/p>\n<p>Como as posi\u00e7\u00f5es dispon\u00edveis abrangem diversos setores, especialmente com\u00e9rcio, log\u00edstica e servi\u00e7os, para o gerente da CDL, \u00c9liton Oliveira, \u201ca expectativa \u00e9 que essas contrata\u00e7\u00f5es ajudem a movimentar a economia do com\u00e9rcio varejista e de servi\u00e7os de Juazeiro, proporcionando oportunidades para aqueles que buscam recoloca\u00e7\u00e3o no mercado de trabalho e, ao mesmo tempo, refor\u00e7ando o quadro de funcion\u00e1rios das empresas para atender a demanda do final de ano.\u201d<\/p>\n<p>Modalidades de contrata\u00e7\u00e3o<\/p>\n<p>Uma pesquisa recente da CDL aponta que 62% dos empregadores pretendem contratar sem carteira assinada, 38% com registro formal e 20% por meio de empresas terceirizadas. Sendo a maioria das vagas para trabalho presencial (91%), com apenas 3% sendo para home office e 6% para o modelo h\u00edbrido. As fun\u00e7\u00f5es mais procuradas incluem vendedores (46%), ajudantes (24%) e cabeleireiros (15%), seguidos por recepcionistas, manicures, caixas e balconistas, todos com 10% de inten\u00e7\u00e3o de contrata\u00e7\u00e3o.<\/p>\n<p>M\u00f4nia Ramos \u2013 Jornalista<br \/>\nAscom<\/p>\n","protected":false},"excerpt":{"rendered":"<p>Com as proximidades das comemora\u00e7\u00f5es de fim de ano, oportunidades de emprego tempor\u00e1rio aquecem o mercado de trabalho em Juazeiro. Impulsionada pelo aumento da demanda durante as festividades, a previs\u00e3o \u00e9 a abertura de 950 novas vagas no com\u00e9rcio da cidade, j\u00e1 que o com\u00e9rcio e o setor de servi\u00e7os no Brasil s\u00e3o os mais movimentados nesta \u00e9poca do ano, estimando 110 mil vagas tempor\u00e1rias, informais, efetivas ou terceirizadas, 16,18% a mais do que em 2023, at\u00e9 final de dezembro. S\u00e3o dados de uma pesquisa realizada pela Confedera\u00e7\u00e3o Nacional de Dirigentes Lojistas (CNDL) e pelo Servi\u00e7o de Prote\u00e7\u00e3o ao Cr\u00e9dito (SPC Brasil). O presidente da CDL Juazeiro, Murilo Matos, destaca a import\u00e2ncia das vagas tempor\u00e1rias para a economia. \u201cAs vagas&hellip; <\/p>\n","protected":false},"author":2,"featured_media":352137,"comment_status":"open","ping_status":"open","sticky":false,"template":"","format":"standard","meta":{"_acf_changed":false,"footnotes":""},"categories":[20],"tags":[],"class_list":["post-382651","post","type-post","status-publish","format-standard","has-post-thumbnail","hentry","category-economia"],"acf":[],"yoast_head":"<!-- This site is optimized with the Yoast SEO plugin v27.5 - https:\/\/yoast.com\/product\/yoast-seo-wordpress\/ -->\n<title>Fim do ano: Cerca de 950 vagas de trabalho devem ser abertas em Juazeiro - Blog do Farn\u00e9sio<\/title>\n<meta name=\"robots\" content=\"index, follow, max-snippet:-1, max-image-preview:large, max-video-preview:-1\" \/>\n<link rel=\"canonical\" href=\"https:\/\/blogdofarnesio.com.br\/2024\/12\/fim-do-ano-cerca-de-950-vagas-de-trabalho-devem-ser-abertas-em-juazeiro\/\" \/>\n<meta property=\"og:locale\" content=\"pt_BR\" \/>\n<meta property=\"og:type\" content=\"article\" \/>\n<meta property=\"og:title\" content=\"Fim do ano: Cerca de 950 vagas de trabalho devem ser abertas em Juazeiro - Blog do Farn\u00e9sio\" \/>\n<meta property=\"og:description\" content=\"Com as proximidades das comemora\u00e7\u00f5es de fim de ano, oportunidades de emprego tempor\u00e1rio aquecem o mercado de trabalho em Juazeiro. Impulsionada pelo aumento da demanda durante as festividades, a previs\u00e3o \u00e9 a abertura de 950 novas vagas no com\u00e9rcio da cidade, j\u00e1 que o com\u00e9rcio e o setor de servi\u00e7os no Brasil s\u00e3o os mais movimentados nesta \u00e9poca do ano, estimando 110 mil vagas tempor\u00e1rias, informais, efetivas ou terceirizadas, 16,18% a mais do que em 2023, at\u00e9 final de dezembro. S\u00e3o dados de uma pesquisa realizada pela Confedera\u00e7\u00e3o Nacional de Dirigentes Lojistas (CNDL) e pelo Servi\u00e7o de Prote\u00e7\u00e3o ao Cr\u00e9dito (SPC Brasil). O presidente da CDL Juazeiro, Murilo Matos, destaca a import\u00e2ncia das vagas tempor\u00e1rias para a economia. \u201cAs vagas&hellip;\" \/>\n<meta property=\"og:url\" content=\"https:\/\/blogdofarnesio.com.br\/2024\/12\/fim-do-ano-cerca-de-950-vagas-de-trabalho-devem-ser-abertas-em-juazeiro\/\" \/>\n<meta property=\"og:site_name\" content=\"Blog do Farn\u00e9sio\" \/>\n<meta property=\"article:publisher\" content=\"https:\/\/www.facebook.com\/BlogQuerSaberPolitica\/\" \/>\n<meta property=\"article:author\" content=\"https:\/\/www.facebook.com\/?ref=tn_tnmn\" \/>\n<meta property=\"article:published_time\" content=\"2024-12-04T10:20:43+00:00\" \/>\n<meta property=\"og:image\" content=\"https:\/\/blogdofarnesio.com.br\/wp-content\/uploads\/2023\/10\/Procon-inicia-operacao-Dia-das-Criancas-e-fiscaliza-centro-comercial-de-Juazeiro-5-e1696768690293.jpeg\" \/>\n\t<meta property=\"og:image:width\" content=\"520\" \/>\n\t<meta property=\"og:image:height\" content=\"390\" \/>\n\t<meta property=\"og:image:type\" content=\"image\/jpeg\" \/>\n<meta name=\"author\" content=\"Farn\u00e9sio\" \/>\n<meta name=\"twitter:card\" content=\"summary_large_image\" \/>\n<meta name=\"twitter:label1\" content=\"Escrito por\" \/>\n\t<meta name=\"twitter:data1\" content=\"Farn\u00e9sio\" \/>\n\t<meta name=\"twitter:label2\" content=\"Est. tempo de leitura\" \/>\n\t<meta name=\"twitter:data2\" content=\"2 minutos\" \/>\n<script type=\"application\/ld+json\" class=\"yoast-schema-graph\">{\"@context\":\"https:\\\/\\\/schema.org\",\"@graph\":[{\"@type\":\"Article\",\"@id\":\"https:\\\/\\\/blogdofarnesio.com.br\\\/2024\\\/12\\\/fim-do-ano-cerca-de-950-vagas-de-trabalho-devem-ser-abertas-em-juazeiro\\\/#article\",\"isPartOf\":{\"@id\":\"https:\\\/\\\/blogdofarnesio.com.br\\\/2024\\\/12\\\/fim-do-ano-cerca-de-950-vagas-de-trabalho-devem-ser-abertas-em-juazeiro\\\/\"},\"author\":{\"name\":\"Farn\u00e9sio\",\"@id\":\"https:\\\/\\\/blogdofarnesio.com.br\\\/#\\\/schema\\\/person\\\/bb9b23ae3ad0609ce8df7b6c9e76824d\"},\"headline\":\"Fim do ano: Cerca de 950 vagas de trabalho devem ser abertas em Juazeiro\",\"datePublished\":\"2024-12-04T10:20:43+00:00\",\"mainEntityOfPage\":{\"@id\":\"https:\\\/\\\/blogdofarnesio.com.br\\\/2024\\\/12\\\/fim-do-ano-cerca-de-950-vagas-de-trabalho-devem-ser-abertas-em-juazeiro\\\/\"},\"wordCount\":357,\"commentCount\":0,\"publisher\":{\"@id\":\"https:\\\/\\\/blogdofarnesio.com.br\\\/#organization\"},\"image\":{\"@id\":\"https:\\\/\\\/blogdofarnesio.com.br\\\/2024\\\/12\\\/fim-do-ano-cerca-de-950-vagas-de-trabalho-devem-ser-abertas-em-juazeiro\\\/#primaryimage\"},\"thumbnailUrl\":\"https:\\\/\\\/blogdofarnesio.com.br\\\/wp-content\\\/uploads\\\/2023\\\/10\\\/Procon-inicia-operacao-Dia-das-Criancas-e-fiscaliza-centro-comercial-de-Juazeiro-5-e1696768690293.jpeg\",\"articleSection\":[\"Economia\"],\"inLanguage\":\"pt-BR\",\"potentialAction\":[{\"@type\":\"CommentAction\",\"name\":\"Comment\",\"target\":[\"https:\\\/\\\/blogdofarnesio.com.br\\\/2024\\\/12\\\/fim-do-ano-cerca-de-950-vagas-de-trabalho-devem-ser-abertas-em-juazeiro\\\/#respond\"]}]},{\"@type\":\"WebPage\",\"@id\":\"https:\\\/\\\/blogdofarnesio.com.br\\\/2024\\\/12\\\/fim-do-ano-cerca-de-950-vagas-de-trabalho-devem-ser-abertas-em-juazeiro\\\/\",\"url\":\"https:\\\/\\\/blogdofarnesio.com.br\\\/2024\\\/12\\\/fim-do-ano-cerca-de-950-vagas-de-trabalho-devem-ser-abertas-em-juazeiro\\\/\",\"name\":\"Fim do ano: Cerca de 950 vagas de trabalho devem ser abertas em Juazeiro - Blog do Farn\u00e9sio\",\"isPartOf\":{\"@id\":\"https:\\\/\\\/blogdofarnesio.com.br\\\/#website\"},\"primaryImageOfPage\":{\"@id\":\"https:\\\/\\\/blogdofarnesio.com.br\\\/2024\\\/12\\\/fim-do-ano-cerca-de-950-vagas-de-trabalho-devem-ser-abertas-em-juazeiro\\\/#primaryimage\"},\"image\":{\"@id\":\"https:\\\/\\\/blogdofarnesio.com.br\\\/2024\\\/12\\\/fim-do-ano-cerca-de-950-vagas-de-trabalho-devem-ser-abertas-em-juazeiro\\\/#primaryimage\"},\"thumbnailUrl\":\"https:\\\/\\\/blogdofarnesio.com.br\\\/wp-content\\\/uploads\\\/2023\\\/10\\\/Procon-inicia-operacao-Dia-das-Criancas-e-fiscaliza-centro-comercial-de-Juazeiro-5-e1696768690293.jpeg\",\"datePublished\":\"2024-12-04T10:20:43+00:00\",\"breadcrumb\":{\"@id\":\"https:\\\/\\\/blogdofarnesio.com.br\\\/2024\\\/12\\\/fim-do-ano-cerca-de-950-vagas-de-trabalho-devem-ser-abertas-em-juazeiro\\\/#breadcrumb\"},\"inLanguage\":\"pt-BR\",\"potentialAction\":[{\"@type\":\"ReadAction\",\"target\":[\"https:\\\/\\\/blogdofarnesio.com.br\\\/2024\\\/12\\\/fim-do-ano-cerca-de-950-vagas-de-trabalho-devem-ser-abertas-em-juazeiro\\\/\"]}]},{\"@type\":\"ImageObject\",\"inLanguage\":\"pt-BR\",\"@id\":\"https:\\\/\\\/blogdofarnesio.com.br\\\/2024\\\/12\\\/fim-do-ano-cerca-de-950-vagas-de-trabalho-devem-ser-abertas-em-juazeiro\\\/#primaryimage\",\"url\":\"https:\\\/\\\/blogdofarnesio.com.br\\\/wp-content\\\/uploads\\\/2023\\\/10\\\/Procon-inicia-operacao-Dia-das-Criancas-e-fiscaliza-centro-comercial-de-Juazeiro-5-e1696768690293.jpeg\",\"contentUrl\":\"https:\\\/\\\/blogdofarnesio.com.br\\\/wp-content\\\/uploads\\\/2023\\\/10\\\/Procon-inicia-operacao-Dia-das-Criancas-e-fiscaliza-centro-comercial-de-Juazeiro-5-e1696768690293.jpeg\",\"width\":520,\"height\":390},{\"@type\":\"BreadcrumbList\",\"@id\":\"https:\\\/\\\/blogdofarnesio.com.br\\\/2024\\\/12\\\/fim-do-ano-cerca-de-950-vagas-de-trabalho-devem-ser-abertas-em-juazeiro\\\/#breadcrumb\",\"itemListElement\":[{\"@type\":\"ListItem\",\"position\":1,\"name\":\"In\u00edcio\",\"item\":\"https:\\\/\\\/blogdofarnesio.com.br\\\/\"},{\"@type\":\"ListItem\",\"position\":2,\"name\":\"Fim do ano: Cerca de 950 vagas de trabalho devem ser abertas em Juazeiro\"}]},{\"@type\":\"WebSite\",\"@id\":\"https:\\\/\\\/blogdofarnesio.com.br\\\/#website\",\"url\":\"https:\\\/\\\/blogdofarnesio.com.br\\\/\",\"name\":\"Blog do Farn\u00e9sio\",\"description\":\"Quer Saber Pol\u00edtica?\",\"publisher\":{\"@id\":\"https:\\\/\\\/blogdofarnesio.com.br\\\/#organization\"},\"potentialAction\":[{\"@type\":\"SearchAction\",\"target\":{\"@type\":\"EntryPoint\",\"urlTemplate\":\"https:\\\/\\\/blogdofarnesio.com.br\\\/?s={search_term_string}\"},\"query-input\":{\"@type\":\"PropertyValueSpecification\",\"valueRequired\":true,\"valueName\":\"search_term_string\"}}],\"inLanguage\":\"pt-BR\"},{\"@type\":\"Organization\",\"@id\":\"https:\\\/\\\/blogdofarnesio.com.br\\\/#organization\",\"name\":\"Blog do Farn\u00e9sio\",\"url\":\"https:\\\/\\\/blogdofarnesio.com.br\\\/\",\"logo\":{\"@type\":\"ImageObject\",\"inLanguage\":\"pt-BR\",\"@id\":\"https:\\\/\\\/blogdofarnesio.com.br\\\/#\\\/schema\\\/logo\\\/image\\\/\",\"url\":\"https:\\\/\\\/blogdofarnesio.com.br\\\/wp-content\\\/uploads\\\/2026\\\/03\\\/cropped-logo_new-1.png\",\"contentUrl\":\"https:\\\/\\\/blogdofarnesio.com.br\\\/wp-content\\\/uploads\\\/2026\\\/03\\\/cropped-logo_new-1.png\",\"width\":881,\"height\":685,\"caption\":\"Blog do Farn\u00e9sio\"},\"image\":{\"@id\":\"https:\\\/\\\/blogdofarnesio.com.br\\\/#\\\/schema\\\/logo\\\/image\\\/\"},\"sameAs\":[\"https:\\\/\\\/www.facebook.com\\\/BlogQuerSaberPolitica\\\/\"]},{\"@type\":\"Person\",\"@id\":\"https:\\\/\\\/blogdofarnesio.com.br\\\/#\\\/schema\\\/person\\\/bb9b23ae3ad0609ce8df7b6c9e76824d\",\"name\":\"Farn\u00e9sio\",\"image\":{\"@type\":\"ImageObject\",\"inLanguage\":\"pt-BR\",\"@id\":\"https:\\\/\\\/secure.gravatar.com\\\/avatar\\\/986aa4c61ccdb66f8555bf88fc2a65609d00bcabd4d2d94377a727547345cbca?s=96&d=mm&r=g\",\"url\":\"https:\\\/\\\/secure.gravatar.com\\\/avatar\\\/986aa4c61ccdb66f8555bf88fc2a65609d00bcabd4d2d94377a727547345cbca?s=96&d=mm&r=g\",\"contentUrl\":\"https:\\\/\\\/secure.gravatar.com\\\/avatar\\\/986aa4c61ccdb66f8555bf88fc2a65609d00bcabd4d2d94377a727547345cbca?s=96&d=mm&r=g\",\"caption\":\"Farn\u00e9sio\"},\"description\":\"Radialista blogueiro, chegou a Petrolina\\\/Juazeiro em setembro de 1980, Farn\u00e9sio Silva \u00e9 de Arapiraca-Alagoas.\",\"sameAs\":[\"http:\\\/\\\/blogdofarnesio.com.br\",\"https:\\\/\\\/www.facebook.com\\\/?ref=tn_tnmn\",\"https:\\\/\\\/www.instagram.com\\\/?utm_source=pwa_homescreen\",\"https:\\\/\\\/youtube.com.br\\\/\"],\"url\":\"https:\\\/\\\/blogdofarnesio.com.br\\\/author\\\/farnesio-2\\\/\"}]}<\/script>\n<!-- \/ Yoast SEO plugin. -->","yoast_head_json":{"title":"Fim do ano: Cerca de 950 vagas de trabalho devem ser abertas em Juazeiro - Blog do Farn\u00e9sio","robots":{"index":"index","follow":"follow","max-snippet":"max-snippet:-1","max-image-preview":"max-image-preview:large","max-video-preview":"max-video-preview:-1"},"canonical":"https:\/\/blogdofarnesio.com.br\/2024\/12\/fim-do-ano-cerca-de-950-vagas-de-trabalho-devem-ser-abertas-em-juazeiro\/","og_locale":"pt_BR","og_type":"article","og_title":"Fim do ano: Cerca de 950 vagas de trabalho devem ser abertas em Juazeiro - Blog do Farn\u00e9sio","og_description":"Com as proximidades das comemora\u00e7\u00f5es de fim de ano, oportunidades de emprego tempor\u00e1rio aquecem o mercado de trabalho em Juazeiro. Impulsionada pelo aumento da demanda durante as festividades, a previs\u00e3o \u00e9 a abertura de 950 novas vagas no com\u00e9rcio da cidade, j\u00e1 que o com\u00e9rcio e o setor de servi\u00e7os no Brasil s\u00e3o os mais movimentados nesta \u00e9poca do ano, estimando 110 mil vagas tempor\u00e1rias, informais, efetivas ou terceirizadas, 16,18% a mais do que em 2023, at\u00e9 final de dezembro. S\u00e3o dados de uma pesquisa realizada pela Confedera\u00e7\u00e3o Nacional de Dirigentes Lojistas (CNDL) e pelo Servi\u00e7o de Prote\u00e7\u00e3o ao Cr\u00e9dito (SPC Brasil). O presidente da CDL Juazeiro, Murilo Matos, destaca a import\u00e2ncia das vagas tempor\u00e1rias para a economia. \u201cAs vagas&hellip;","og_url":"https:\/\/blogdofarnesio.com.br\/2024\/12\/fim-do-ano-cerca-de-950-vagas-de-trabalho-devem-ser-abertas-em-juazeiro\/","og_site_name":"Blog do Farn\u00e9sio","article_publisher":"https:\/\/www.facebook.com\/BlogQuerSaberPolitica\/","article_author":"https:\/\/www.facebook.com\/?ref=tn_tnmn","article_published_time":"2024-12-04T10:20:43+00:00","og_image":[{"width":520,"height":390,"url":"https:\/\/blogdofarnesio.com.br\/wp-content\/uploads\/2023\/10\/Procon-inicia-operacao-Dia-das-Criancas-e-fiscaliza-centro-comercial-de-Juazeiro-5-e1696768690293.jpeg","type":"image\/jpeg"}],"author":"Farn\u00e9sio","twitter_card":"summary_large_image","twitter_misc":{"Escrito por":"Farn\u00e9sio","Est. tempo de leitura":"2 minutos"},"schema":{"@context":"https:\/\/schema.org","@graph":[{"@type":"Article","@id":"https:\/\/blogdofarnesio.com.br\/2024\/12\/fim-do-ano-cerca-de-950-vagas-de-trabalho-devem-ser-abertas-em-juazeiro\/#article","isPartOf":{"@id":"https:\/\/blogdofarnesio.com.br\/2024\/12\/fim-do-ano-cerca-de-950-vagas-de-trabalho-devem-ser-abertas-em-juazeiro\/"},"author":{"name":"Farn\u00e9sio","@id":"https:\/\/blogdofarnesio.com.br\/#\/schema\/person\/bb9b23ae3ad0609ce8df7b6c9e76824d"},"headline":"Fim do ano: Cerca de 950 vagas de trabalho devem ser abertas em Juazeiro","datePublished":"2024-12-04T10:20:43+00:00","mainEntityOfPage":{"@id":"https:\/\/blogdofarnesio.com.br\/2024\/12\/fim-do-ano-cerca-de-950-vagas-de-trabalho-devem-ser-abertas-em-juazeiro\/"},"wordCount":357,"commentCount":0,"publisher":{"@id":"https:\/\/blogdofarnesio.com.br\/#organization"},"image":{"@id":"https:\/\/blogdofarnesio.com.br\/2024\/12\/fim-do-ano-cerca-de-950-vagas-de-trabalho-devem-ser-abertas-em-juazeiro\/#primaryimage"},"thumbnailUrl":"https:\/\/blogdofarnesio.com.br\/wp-content\/uploads\/2023\/10\/Procon-inicia-operacao-Dia-das-Criancas-e-fiscaliza-centro-comercial-de-Juazeiro-5-e1696768690293.jpeg","articleSection":["Economia"],"inLanguage":"pt-BR","potentialAction":[{"@type":"CommentAction","name":"Comment","target":["https:\/\/blogdofarnesio.com.br\/2024\/12\/fim-do-ano-cerca-de-950-vagas-de-trabalho-devem-ser-abertas-em-juazeiro\/#respond"]}]},{"@type":"WebPage","@id":"https:\/\/blogdofarnesio.com.br\/2024\/12\/fim-do-ano-cerca-de-950-vagas-de-trabalho-devem-ser-abertas-em-juazeiro\/","url":"https:\/\/blogdofarnesio.com.br\/2024\/12\/fim-do-ano-cerca-de-950-vagas-de-trabalho-devem-ser-abertas-em-juazeiro\/","name":"Fim do ano: Cerca de 950 vagas de trabalho devem ser abertas em Juazeiro - Blog do Farn\u00e9sio","isPartOf":{"@id":"https:\/\/blogdofarnesio.com.br\/#website"},"primaryImageOfPage":{"@id":"https:\/\/blogdofarnesio.com.br\/2024\/12\/fim-do-ano-cerca-de-950-vagas-de-trabalho-devem-ser-abertas-em-juazeiro\/#primaryimage"},"image":{"@id":"https:\/\/blogdofarnesio.com.br\/2024\/12\/fim-do-ano-cerca-de-950-vagas-de-trabalho-devem-ser-abertas-em-juazeiro\/#primaryimage"},"thumbnailUrl":"https:\/\/blogdofarnesio.com.br\/wp-content\/uploads\/2023\/10\/Procon-inicia-operacao-Dia-das-Criancas-e-fiscaliza-centro-comercial-de-Juazeiro-5-e1696768690293.jpeg","datePublished":"2024-12-04T10:20:43+00:00","breadcrumb":{"@id":"https:\/\/blogdofarnesio.com.br\/2024\/12\/fim-do-ano-cerca-de-950-vagas-de-trabalho-devem-ser-abertas-em-juazeiro\/#breadcrumb"},"inLanguage":"pt-BR","potentialAction":[{"@type":"ReadAction","target":["https:\/\/blogdofarnesio.com.br\/2024\/12\/fim-do-ano-cerca-de-950-vagas-de-trabalho-devem-ser-abertas-em-juazeiro\/"]}]},{"@type":"ImageObject","inLanguage":"pt-BR","@id":"https:\/\/blogdofarnesio.com.br\/2024\/12\/fim-do-ano-cerca-de-950-vagas-de-trabalho-devem-ser-abertas-em-juazeiro\/#primaryimage","url":"https:\/\/blogdofarnesio.com.br\/wp-content\/uploads\/2023\/10\/Procon-inicia-operacao-Dia-das-Criancas-e-fiscaliza-centro-comercial-de-Juazeiro-5-e1696768690293.jpeg","contentUrl":"https:\/\/blogdofarnesio.com.br\/wp-content\/uploads\/2023\/10\/Procon-inicia-operacao-Dia-das-Criancas-e-fiscaliza-centro-comercial-de-Juazeiro-5-e1696768690293.jpeg","width":520,"height":390},{"@type":"BreadcrumbList","@id":"https:\/\/blogdofarnesio.com.br\/2024\/12\/fim-do-ano-cerca-de-950-vagas-de-trabalho-devem-ser-abertas-em-juazeiro\/#breadcrumb","itemListElement":[{"@type":"ListItem","position":1,"name":"In\u00edcio","item":"https:\/\/blogdofarnesio.com.br\/"},{"@type":"ListItem","position":2,"name":"Fim do ano: Cerca de 950 vagas de trabalho devem ser abertas em Juazeiro"}]},{"@type":"WebSite","@id":"https:\/\/blogdofarnesio.com.br\/#website","url":"https:\/\/blogdofarnesio.com.br\/","name":"Blog do Farn\u00e9sio","description":"Quer Saber Pol\u00edtica?","publisher":{"@id":"https:\/\/blogdofarnesio.com.br\/#organization"},"potentialAction":[{"@type":"SearchAction","target":{"@type":"EntryPoint","urlTemplate":"https:\/\/blogdofarnesio.com.br\/?s={search_term_string}"},"query-input":{"@type":"PropertyValueSpecification","valueRequired":true,"valueName":"search_term_string"}}],"inLanguage":"pt-BR"},{"@type":"Organization","@id":"https:\/\/blogdofarnesio.com.br\/#organization","name":"Blog do Farn\u00e9sio","url":"https:\/\/blogdofarnesio.com.br\/","logo":{"@type":"ImageObject","inLanguage":"pt-BR","@id":"https:\/\/blogdofarnesio.com.br\/#\/schema\/logo\/image\/","url":"https:\/\/blogdofarnesio.com.br\/wp-content\/uploads\/2026\/03\/cropped-logo_new-1.png","contentUrl":"https:\/\/blogdofarnesio.com.br\/wp-content\/uploads\/2026\/03\/cropped-logo_new-1.png","width":881,"height":685,"caption":"Blog do Farn\u00e9sio"},"image":{"@id":"https:\/\/blogdofarnesio.com.br\/#\/schema\/logo\/image\/"},"sameAs":["https:\/\/www.facebook.com\/BlogQuerSaberPolitica\/"]},{"@type":"Person","@id":"https:\/\/blogdofarnesio.com.br\/#\/schema\/person\/bb9b23ae3ad0609ce8df7b6c9e76824d","name":"Farn\u00e9sio","image":{"@type":"ImageObject","inLanguage":"pt-BR","@id":"https:\/\/secure.gravatar.com\/avatar\/986aa4c61ccdb66f8555bf88fc2a65609d00bcabd4d2d94377a727547345cbca?s=96&d=mm&r=g","url":"https:\/\/secure.gravatar.com\/avatar\/986aa4c61ccdb66f8555bf88fc2a65609d00bcabd4d2d94377a727547345cbca?s=96&d=mm&r=g","contentUrl":"https:\/\/secure.gravatar.com\/avatar\/986aa4c61ccdb66f8555bf88fc2a65609d00bcabd4d2d94377a727547345cbca?s=96&d=mm&r=g","caption":"Farn\u00e9sio"},"description":"Radialista blogueiro, chegou a Petrolina\/Juazeiro em setembro de 1980, Farn\u00e9sio Silva \u00e9 de Arapiraca-Alagoas.","sameAs":["http:\/\/blogdofarnesio.com.br","https:\/\/www.facebook.com\/?ref=tn_tnmn","https:\/\/www.instagram.com\/?utm_source=pwa_homescreen","https:\/\/youtube.com.br\/"],"url":"https:\/\/blogdofarnesio.com.br\/author\/farnesio-2\/"}]}},"_links":{"self":[{"href":"https:\/\/blogdofarnesio.com.br\/wp-json\/wp\/v2\/posts\/382651","targetHints":{"allow":["GET"]}}],"collection":[{"href":"https:\/\/blogdofarnesio.com.br\/wp-json\/wp\/v2\/posts"}],"about":[{"href":"https:\/\/blogdofarnesio.com.br\/wp-json\/wp\/v2\/types\/post"}],"author":[{"embeddable":true,"href":"https:\/\/blogdofarnesio.com.br\/wp-json\/wp\/v2\/users\/2"}],"replies":[{"embeddable":true,"href":"https:\/\/blogdofarnesio.com.br\/wp-json\/wp\/v2\/comments?post=382651"}],"version-history":[{"count":0,"href":"https:\/\/blogdofarnesio.com.br\/wp-json\/wp\/v2\/posts\/382651\/revisions"}],"wp:featuredmedia":[{"embeddable":true,"href":"https:\/\/blogdofarnesio.com.br\/wp-json\/wp\/v2\/media\/352137"}],"wp:attachment":[{"href":"https:\/\/blogdofarnesio.com.br\/wp-json\/wp\/v2\/media?parent=382651"}],"wp:term":[{"taxonomy":"category","embeddable":true,"href":"https:\/\/blogdofarnesio.com.br\/wp-json\/wp\/v2\/categories?post=382651"},{"taxonomy":"post_tag","embeddable":true,"href":"https:\/\/blogdofarnesio.com.br\/wp-json\/wp\/v2\/tags?post=382651"}],"curies":[{"name":"wp","href":"https:\/\/api.w.org\/{rel}","templated":true}]}}