{"id":382604,"date":"2024-12-03T15:44:21","date_gmt":"2024-12-03T18:44:21","guid":{"rendered":"https:\/\/blogdofarnesio.com.br\/?p=382604"},"modified":"2024-12-03T11:13:17","modified_gmt":"2024-12-03T14:13:17","slug":"unidade-movel-medica-vai-levar-atendimento-de-saude-para-20-localidades-da-zona-rural-de-petrolina-em-dezembro","status":"publish","type":"post","link":"https:\/\/blogdofarnesio.com.br\/2024\/12\/unidade-movel-medica-vai-levar-atendimento-de-saude-para-20-localidades-da-zona-rural-de-petrolina-em-dezembro\/","title":{"rendered":"Unidade M\u00f3vel M\u00e9dica vai levar atendimento de sa\u00fade para 20 localidades da zona rural de Petrolina em dezembro"},"content":{"rendered":"<div>A Prefeitura de Petrolina, atrav\u00e9s da Secretaria de Sa\u00fade, ir\u00e1 levar neste m\u00eas de dezembro, atendimento m\u00e9dico para 20 localidades da zona rural do munic\u00edpio. De janeiro a outubro de 2024, a equipe de sa\u00fade da Unidade M\u00f3vel, realizou mais de 2000 atendimentos entre os quatro cantos da \u00e1rea rural do munic\u00edpio.<\/div>\n<div><\/div>\n<div><\/div>\n<div>O objetivo da modalidade m\u00f3vel de servi\u00e7o m\u00e9dico, \u00e9 promover mais acessibilidade aos servi\u00e7os de sa\u00fade para a popula\u00e7\u00e3o que reside distante da sede. Para ter acesso aos servi\u00e7os, n\u00e3o \u00e9 necess\u00e1rio realizar agendamento, basta apresentar um documento de identifica\u00e7\u00e3o com foto, cart\u00e3o SUS ou CPF. O atendimento tem in\u00edcio \u00e0s 8h.<\/div>\n<div><\/div>\n<div><strong>Seguem abaixo, datas e locais de atendimento:<\/strong><\/div>\n<div><\/div>\n<div>03\/12- Cacimba do Bonfim<\/div>\n<div><\/div>\n<div>04\/12- Po\u00e7o da Cruz<\/div>\n<div><\/div>\n<div>05\/12- Serra da Santa<\/div>\n<div><\/div>\n<div>06\/12- Rio Verde<\/div>\n<div><\/div>\n<div>09\/12- Mirador<\/div>\n<div><\/div>\n<div>10\/12-Mandacaru<\/div>\n<div><\/div>\n<div>11\/12- N02<\/div>\n<div><\/div>\n<div>12\/12- S\u00edtio Mudubim-<\/div>\n<div><\/div>\n<div>13\/12- Assentamento Fortaleza<\/div>\n<div><\/div>\n<div>16\/12- Po\u00e7o do Angico<\/div>\n<div><\/div>\n<div>17\/12- Satisfeito I<\/div>\n<div><\/div>\n<div>18\/12- Assentamento Lindolfo Silva<\/div>\n<div><\/div>\n<div>19\/12- S\u00edtio Coelho<\/div>\n<div><\/div>\n<div>20\/12- Inhuma<\/div>\n<div><\/div>\n<div>23\/12-Caldeir\u00e3o<\/div>\n<div><\/div>\n<div>26\/12- Satisfeito II<\/div>\n<div><\/div>\n<div>27\/12- KM 45<\/div>\n<div><\/div>\n<div>30\/12-Assentamento Mandacaru<\/div>\n<div><\/div>\n<div>31\/12- Assentamento Gavi\u00e3o<\/div>\n<div><\/div>\n","protected":false},"excerpt":{"rendered":"<p>A Prefeitura de Petrolina, atrav\u00e9s da Secretaria de Sa\u00fade, ir\u00e1 levar neste m\u00eas de dezembro, atendimento m\u00e9dico para 20 localidades da zona rural do munic\u00edpio. De janeiro a outubro de 2024, a equipe de sa\u00fade da Unidade M\u00f3vel, realizou mais de 2000 atendimentos entre os quatro cantos da \u00e1rea rural do munic\u00edpio. O objetivo da modalidade m\u00f3vel de servi\u00e7o m\u00e9dico, \u00e9 promover mais acessibilidade aos servi\u00e7os de sa\u00fade para a popula\u00e7\u00e3o que reside distante da sede. Para ter acesso aos servi\u00e7os, n\u00e3o \u00e9 necess\u00e1rio realizar agendamento, basta apresentar um documento de identifica\u00e7\u00e3o com foto, cart\u00e3o SUS ou CPF. O atendimento tem in\u00edcio \u00e0s 8h. Seguem abaixo, datas e locais de atendimento: 03\/12- Cacimba do Bonfim 04\/12- Po\u00e7o da Cruz 05\/12-&hellip; <\/p>\n","protected":false},"author":2,"featured_media":292650,"comment_status":"open","ping_status":"open","sticky":false,"template":"","format":"standard","meta":{"_acf_changed":false,"footnotes":""},"categories":[4],"tags":[],"class_list":["post-382604","post","type-post","status-publish","format-standard","has-post-thumbnail","hentry","category-saude"],"acf":[],"yoast_head":"<!-- This site is optimized with the Yoast SEO plugin v27.5 - https:\/\/yoast.com\/product\/yoast-seo-wordpress\/ -->\n<title>Unidade M\u00f3vel M\u00e9dica vai levar atendimento de sa\u00fade para 20 localidades da zona rural de Petrolina em dezembro - Blog do Farn\u00e9sio<\/title>\n<meta name=\"robots\" content=\"index, follow, max-snippet:-1, max-image-preview:large, max-video-preview:-1\" \/>\n<link rel=\"canonical\" href=\"https:\/\/blogdofarnesio.com.br\/2024\/12\/unidade-movel-medica-vai-levar-atendimento-de-saude-para-20-localidades-da-zona-rural-de-petrolina-em-dezembro\/\" \/>\n<meta property=\"og:locale\" content=\"pt_BR\" \/>\n<meta property=\"og:type\" content=\"article\" \/>\n<meta property=\"og:title\" content=\"Unidade M\u00f3vel M\u00e9dica vai levar atendimento de sa\u00fade para 20 localidades da zona rural de Petrolina em dezembro - Blog do Farn\u00e9sio\" \/>\n<meta property=\"og:description\" content=\"A Prefeitura de Petrolina, atrav\u00e9s da Secretaria de Sa\u00fade, ir\u00e1 levar neste m\u00eas de dezembro, atendimento m\u00e9dico para 20 localidades da zona rural do munic\u00edpio. De janeiro a outubro de 2024, a equipe de sa\u00fade da Unidade M\u00f3vel, realizou mais de 2000 atendimentos entre os quatro cantos da \u00e1rea rural do munic\u00edpio. O objetivo da modalidade m\u00f3vel de servi\u00e7o m\u00e9dico, \u00e9 promover mais acessibilidade aos servi\u00e7os de sa\u00fade para a popula\u00e7\u00e3o que reside distante da sede. Para ter acesso aos servi\u00e7os, n\u00e3o \u00e9 necess\u00e1rio realizar agendamento, basta apresentar um documento de identifica\u00e7\u00e3o com foto, cart\u00e3o SUS ou CPF. O atendimento tem in\u00edcio \u00e0s 8h. Seguem abaixo, datas e locais de atendimento: 03\/12- Cacimba do Bonfim 04\/12- Po\u00e7o da Cruz 05\/12-&hellip;\" \/>\n<meta property=\"og:url\" content=\"https:\/\/blogdofarnesio.com.br\/2024\/12\/unidade-movel-medica-vai-levar-atendimento-de-saude-para-20-localidades-da-zona-rural-de-petrolina-em-dezembro\/\" \/>\n<meta property=\"og:site_name\" content=\"Blog do Farn\u00e9sio\" \/>\n<meta property=\"article:publisher\" content=\"https:\/\/www.facebook.com\/BlogQuerSaberPolitica\/\" \/>\n<meta property=\"article:author\" content=\"https:\/\/www.facebook.com\/?ref=tn_tnmn\" \/>\n<meta property=\"article:published_time\" content=\"2024-12-03T18:44:21+00:00\" \/>\n<meta property=\"og:image\" content=\"https:\/\/blogdofarnesio.com.br\/wp-content\/uploads\/2021\/08\/blogqsppet-unidade-movel-vacina-influenza.jpeg\" \/>\n\t<meta property=\"og:image:width\" content=\"640\" \/>\n\t<meta property=\"og:image:height\" content=\"360\" \/>\n\t<meta property=\"og:image:type\" content=\"image\/jpeg\" \/>\n<meta name=\"author\" content=\"Farn\u00e9sio\" \/>\n<meta name=\"twitter:card\" content=\"summary_large_image\" \/>\n<meta name=\"twitter:label1\" content=\"Escrito por\" \/>\n\t<meta name=\"twitter:data1\" content=\"Farn\u00e9sio\" \/>\n\t<meta name=\"twitter:label2\" content=\"Est. tempo de leitura\" \/>\n\t<meta name=\"twitter:data2\" content=\"2 minutos\" \/>\n<script type=\"application\/ld+json\" class=\"yoast-schema-graph\">{\"@context\":\"https:\\\/\\\/schema.org\",\"@graph\":[{\"@type\":\"Article\",\"@id\":\"https:\\\/\\\/blogdofarnesio.com.br\\\/2024\\\/12\\\/unidade-movel-medica-vai-levar-atendimento-de-saude-para-20-localidades-da-zona-rural-de-petrolina-em-dezembro\\\/#article\",\"isPartOf\":{\"@id\":\"https:\\\/\\\/blogdofarnesio.com.br\\\/2024\\\/12\\\/unidade-movel-medica-vai-levar-atendimento-de-saude-para-20-localidades-da-zona-rural-de-petrolina-em-dezembro\\\/\"},\"author\":{\"name\":\"Farn\u00e9sio\",\"@id\":\"https:\\\/\\\/blogdofarnesio.com.br\\\/#\\\/schema\\\/person\\\/bb9b23ae3ad0609ce8df7b6c9e76824d\"},\"headline\":\"Unidade M\u00f3vel M\u00e9dica vai levar atendimento de sa\u00fade para 20 localidades da zona rural de Petrolina em dezembro\",\"datePublished\":\"2024-12-03T18:44:21+00:00\",\"mainEntityOfPage\":{\"@id\":\"https:\\\/\\\/blogdofarnesio.com.br\\\/2024\\\/12\\\/unidade-movel-medica-vai-levar-atendimento-de-saude-para-20-localidades-da-zona-rural-de-petrolina-em-dezembro\\\/\"},\"wordCount\":205,\"commentCount\":0,\"publisher\":{\"@id\":\"https:\\\/\\\/blogdofarnesio.com.br\\\/#organization\"},\"image\":{\"@id\":\"https:\\\/\\\/blogdofarnesio.com.br\\\/2024\\\/12\\\/unidade-movel-medica-vai-levar-atendimento-de-saude-para-20-localidades-da-zona-rural-de-petrolina-em-dezembro\\\/#primaryimage\"},\"thumbnailUrl\":\"https:\\\/\\\/blogdofarnesio.com.br\\\/wp-content\\\/uploads\\\/2021\\\/08\\\/blogqsppet-unidade-movel-vacina-influenza.jpeg\",\"articleSection\":[\"Sa\u00fade\"],\"inLanguage\":\"pt-BR\",\"potentialAction\":[{\"@type\":\"CommentAction\",\"name\":\"Comment\",\"target\":[\"https:\\\/\\\/blogdofarnesio.com.br\\\/2024\\\/12\\\/unidade-movel-medica-vai-levar-atendimento-de-saude-para-20-localidades-da-zona-rural-de-petrolina-em-dezembro\\\/#respond\"]}]},{\"@type\":\"WebPage\",\"@id\":\"https:\\\/\\\/blogdofarnesio.com.br\\\/2024\\\/12\\\/unidade-movel-medica-vai-levar-atendimento-de-saude-para-20-localidades-da-zona-rural-de-petrolina-em-dezembro\\\/\",\"url\":\"https:\\\/\\\/blogdofarnesio.com.br\\\/2024\\\/12\\\/unidade-movel-medica-vai-levar-atendimento-de-saude-para-20-localidades-da-zona-rural-de-petrolina-em-dezembro\\\/\",\"name\":\"Unidade M\u00f3vel M\u00e9dica vai levar atendimento de sa\u00fade para 20 localidades da zona rural de Petrolina em dezembro - Blog do Farn\u00e9sio\",\"isPartOf\":{\"@id\":\"https:\\\/\\\/blogdofarnesio.com.br\\\/#website\"},\"primaryImageOfPage\":{\"@id\":\"https:\\\/\\\/blogdofarnesio.com.br\\\/2024\\\/12\\\/unidade-movel-medica-vai-levar-atendimento-de-saude-para-20-localidades-da-zona-rural-de-petrolina-em-dezembro\\\/#primaryimage\"},\"image\":{\"@id\":\"https:\\\/\\\/blogdofarnesio.com.br\\\/2024\\\/12\\\/unidade-movel-medica-vai-levar-atendimento-de-saude-para-20-localidades-da-zona-rural-de-petrolina-em-dezembro\\\/#primaryimage\"},\"thumbnailUrl\":\"https:\\\/\\\/blogdofarnesio.com.br\\\/wp-content\\\/uploads\\\/2021\\\/08\\\/blogqsppet-unidade-movel-vacina-influenza.jpeg\",\"datePublished\":\"2024-12-03T18:44:21+00:00\",\"breadcrumb\":{\"@id\":\"https:\\\/\\\/blogdofarnesio.com.br\\\/2024\\\/12\\\/unidade-movel-medica-vai-levar-atendimento-de-saude-para-20-localidades-da-zona-rural-de-petrolina-em-dezembro\\\/#breadcrumb\"},\"inLanguage\":\"pt-BR\",\"potentialAction\":[{\"@type\":\"ReadAction\",\"target\":[\"https:\\\/\\\/blogdofarnesio.com.br\\\/2024\\\/12\\\/unidade-movel-medica-vai-levar-atendimento-de-saude-para-20-localidades-da-zona-rural-de-petrolina-em-dezembro\\\/\"]}]},{\"@type\":\"ImageObject\",\"inLanguage\":\"pt-BR\",\"@id\":\"https:\\\/\\\/blogdofarnesio.com.br\\\/2024\\\/12\\\/unidade-movel-medica-vai-levar-atendimento-de-saude-para-20-localidades-da-zona-rural-de-petrolina-em-dezembro\\\/#primaryimage\",\"url\":\"https:\\\/\\\/blogdofarnesio.com.br\\\/wp-content\\\/uploads\\\/2021\\\/08\\\/blogqsppet-unidade-movel-vacina-influenza.jpeg\",\"contentUrl\":\"https:\\\/\\\/blogdofarnesio.com.br\\\/wp-content\\\/uploads\\\/2021\\\/08\\\/blogqsppet-unidade-movel-vacina-influenza.jpeg\",\"width\":640,\"height\":360},{\"@type\":\"BreadcrumbList\",\"@id\":\"https:\\\/\\\/blogdofarnesio.com.br\\\/2024\\\/12\\\/unidade-movel-medica-vai-levar-atendimento-de-saude-para-20-localidades-da-zona-rural-de-petrolina-em-dezembro\\\/#breadcrumb\",\"itemListElement\":[{\"@type\":\"ListItem\",\"position\":1,\"name\":\"In\u00edcio\",\"item\":\"https:\\\/\\\/blogdofarnesio.com.br\\\/\"},{\"@type\":\"ListItem\",\"position\":2,\"name\":\"Unidade M\u00f3vel M\u00e9dica vai levar atendimento de sa\u00fade para 20 localidades da zona rural de Petrolina em dezembro\"}]},{\"@type\":\"WebSite\",\"@id\":\"https:\\\/\\\/blogdofarnesio.com.br\\\/#website\",\"url\":\"https:\\\/\\\/blogdofarnesio.com.br\\\/\",\"name\":\"Blog do Farn\u00e9sio\",\"description\":\"Quer Saber Pol\u00edtica?\",\"publisher\":{\"@id\":\"https:\\\/\\\/blogdofarnesio.com.br\\\/#organization\"},\"potentialAction\":[{\"@type\":\"SearchAction\",\"target\":{\"@type\":\"EntryPoint\",\"urlTemplate\":\"https:\\\/\\\/blogdofarnesio.com.br\\\/?s={search_term_string}\"},\"query-input\":{\"@type\":\"PropertyValueSpecification\",\"valueRequired\":true,\"valueName\":\"search_term_string\"}}],\"inLanguage\":\"pt-BR\"},{\"@type\":\"Organization\",\"@id\":\"https:\\\/\\\/blogdofarnesio.com.br\\\/#organization\",\"name\":\"Blog do Farn\u00e9sio\",\"url\":\"https:\\\/\\\/blogdofarnesio.com.br\\\/\",\"logo\":{\"@type\":\"ImageObject\",\"inLanguage\":\"pt-BR\",\"@id\":\"https:\\\/\\\/blogdofarnesio.com.br\\\/#\\\/schema\\\/logo\\\/image\\\/\",\"url\":\"https:\\\/\\\/blogdofarnesio.com.br\\\/wp-content\\\/uploads\\\/2026\\\/03\\\/cropped-logo_new-1.png\",\"contentUrl\":\"https:\\\/\\\/blogdofarnesio.com.br\\\/wp-content\\\/uploads\\\/2026\\\/03\\\/cropped-logo_new-1.png\",\"width\":881,\"height\":685,\"caption\":\"Blog do Farn\u00e9sio\"},\"image\":{\"@id\":\"https:\\\/\\\/blogdofarnesio.com.br\\\/#\\\/schema\\\/logo\\\/image\\\/\"},\"sameAs\":[\"https:\\\/\\\/www.facebook.com\\\/BlogQuerSaberPolitica\\\/\"]},{\"@type\":\"Person\",\"@id\":\"https:\\\/\\\/blogdofarnesio.com.br\\\/#\\\/schema\\\/person\\\/bb9b23ae3ad0609ce8df7b6c9e76824d\",\"name\":\"Farn\u00e9sio\",\"image\":{\"@type\":\"ImageObject\",\"inLanguage\":\"pt-BR\",\"@id\":\"https:\\\/\\\/secure.gravatar.com\\\/avatar\\\/986aa4c61ccdb66f8555bf88fc2a65609d00bcabd4d2d94377a727547345cbca?s=96&d=mm&r=g\",\"url\":\"https:\\\/\\\/secure.gravatar.com\\\/avatar\\\/986aa4c61ccdb66f8555bf88fc2a65609d00bcabd4d2d94377a727547345cbca?s=96&d=mm&r=g\",\"contentUrl\":\"https:\\\/\\\/secure.gravatar.com\\\/avatar\\\/986aa4c61ccdb66f8555bf88fc2a65609d00bcabd4d2d94377a727547345cbca?s=96&d=mm&r=g\",\"caption\":\"Farn\u00e9sio\"},\"description\":\"Radialista blogueiro, chegou a Petrolina\\\/Juazeiro em setembro de 1980, Farn\u00e9sio Silva \u00e9 de Arapiraca-Alagoas.\",\"sameAs\":[\"http:\\\/\\\/blogdofarnesio.com.br\",\"https:\\\/\\\/www.facebook.com\\\/?ref=tn_tnmn\",\"https:\\\/\\\/www.instagram.com\\\/?utm_source=pwa_homescreen\",\"https:\\\/\\\/youtube.com.br\\\/\"],\"url\":\"https:\\\/\\\/blogdofarnesio.com.br\\\/author\\\/farnesio-2\\\/\"}]}<\/script>\n<!-- \/ Yoast SEO plugin. -->","yoast_head_json":{"title":"Unidade M\u00f3vel M\u00e9dica vai levar atendimento de sa\u00fade para 20 localidades da zona rural de Petrolina em dezembro - Blog do Farn\u00e9sio","robots":{"index":"index","follow":"follow","max-snippet":"max-snippet:-1","max-image-preview":"max-image-preview:large","max-video-preview":"max-video-preview:-1"},"canonical":"https:\/\/blogdofarnesio.com.br\/2024\/12\/unidade-movel-medica-vai-levar-atendimento-de-saude-para-20-localidades-da-zona-rural-de-petrolina-em-dezembro\/","og_locale":"pt_BR","og_type":"article","og_title":"Unidade M\u00f3vel M\u00e9dica vai levar atendimento de sa\u00fade para 20 localidades da zona rural de Petrolina em dezembro - Blog do Farn\u00e9sio","og_description":"A Prefeitura de Petrolina, atrav\u00e9s da Secretaria de Sa\u00fade, ir\u00e1 levar neste m\u00eas de dezembro, atendimento m\u00e9dico para 20 localidades da zona rural do munic\u00edpio. De janeiro a outubro de 2024, a equipe de sa\u00fade da Unidade M\u00f3vel, realizou mais de 2000 atendimentos entre os quatro cantos da \u00e1rea rural do munic\u00edpio. O objetivo da modalidade m\u00f3vel de servi\u00e7o m\u00e9dico, \u00e9 promover mais acessibilidade aos servi\u00e7os de sa\u00fade para a popula\u00e7\u00e3o que reside distante da sede. Para ter acesso aos servi\u00e7os, n\u00e3o \u00e9 necess\u00e1rio realizar agendamento, basta apresentar um documento de identifica\u00e7\u00e3o com foto, cart\u00e3o SUS ou CPF. O atendimento tem in\u00edcio \u00e0s 8h. Seguem abaixo, datas e locais de atendimento: 03\/12- Cacimba do Bonfim 04\/12- Po\u00e7o da Cruz 05\/12-&hellip;","og_url":"https:\/\/blogdofarnesio.com.br\/2024\/12\/unidade-movel-medica-vai-levar-atendimento-de-saude-para-20-localidades-da-zona-rural-de-petrolina-em-dezembro\/","og_site_name":"Blog do Farn\u00e9sio","article_publisher":"https:\/\/www.facebook.com\/BlogQuerSaberPolitica\/","article_author":"https:\/\/www.facebook.com\/?ref=tn_tnmn","article_published_time":"2024-12-03T18:44:21+00:00","og_image":[{"width":640,"height":360,"url":"https:\/\/blogdofarnesio.com.br\/wp-content\/uploads\/2021\/08\/blogqsppet-unidade-movel-vacina-influenza.jpeg","type":"image\/jpeg"}],"author":"Farn\u00e9sio","twitter_card":"summary_large_image","twitter_misc":{"Escrito por":"Farn\u00e9sio","Est. tempo de leitura":"2 minutos"},"schema":{"@context":"https:\/\/schema.org","@graph":[{"@type":"Article","@id":"https:\/\/blogdofarnesio.com.br\/2024\/12\/unidade-movel-medica-vai-levar-atendimento-de-saude-para-20-localidades-da-zona-rural-de-petrolina-em-dezembro\/#article","isPartOf":{"@id":"https:\/\/blogdofarnesio.com.br\/2024\/12\/unidade-movel-medica-vai-levar-atendimento-de-saude-para-20-localidades-da-zona-rural-de-petrolina-em-dezembro\/"},"author":{"name":"Farn\u00e9sio","@id":"https:\/\/blogdofarnesio.com.br\/#\/schema\/person\/bb9b23ae3ad0609ce8df7b6c9e76824d"},"headline":"Unidade M\u00f3vel M\u00e9dica vai levar atendimento de sa\u00fade para 20 localidades da zona rural de Petrolina em dezembro","datePublished":"2024-12-03T18:44:21+00:00","mainEntityOfPage":{"@id":"https:\/\/blogdofarnesio.com.br\/2024\/12\/unidade-movel-medica-vai-levar-atendimento-de-saude-para-20-localidades-da-zona-rural-de-petrolina-em-dezembro\/"},"wordCount":205,"commentCount":0,"publisher":{"@id":"https:\/\/blogdofarnesio.com.br\/#organization"},"image":{"@id":"https:\/\/blogdofarnesio.com.br\/2024\/12\/unidade-movel-medica-vai-levar-atendimento-de-saude-para-20-localidades-da-zona-rural-de-petrolina-em-dezembro\/#primaryimage"},"thumbnailUrl":"https:\/\/blogdofarnesio.com.br\/wp-content\/uploads\/2021\/08\/blogqsppet-unidade-movel-vacina-influenza.jpeg","articleSection":["Sa\u00fade"],"inLanguage":"pt-BR","potentialAction":[{"@type":"CommentAction","name":"Comment","target":["https:\/\/blogdofarnesio.com.br\/2024\/12\/unidade-movel-medica-vai-levar-atendimento-de-saude-para-20-localidades-da-zona-rural-de-petrolina-em-dezembro\/#respond"]}]},{"@type":"WebPage","@id":"https:\/\/blogdofarnesio.com.br\/2024\/12\/unidade-movel-medica-vai-levar-atendimento-de-saude-para-20-localidades-da-zona-rural-de-petrolina-em-dezembro\/","url":"https:\/\/blogdofarnesio.com.br\/2024\/12\/unidade-movel-medica-vai-levar-atendimento-de-saude-para-20-localidades-da-zona-rural-de-petrolina-em-dezembro\/","name":"Unidade M\u00f3vel M\u00e9dica vai levar atendimento de sa\u00fade para 20 localidades da zona rural de Petrolina em dezembro - Blog do Farn\u00e9sio","isPartOf":{"@id":"https:\/\/blogdofarnesio.com.br\/#website"},"primaryImageOfPage":{"@id":"https:\/\/blogdofarnesio.com.br\/2024\/12\/unidade-movel-medica-vai-levar-atendimento-de-saude-para-20-localidades-da-zona-rural-de-petrolina-em-dezembro\/#primaryimage"},"image":{"@id":"https:\/\/blogdofarnesio.com.br\/2024\/12\/unidade-movel-medica-vai-levar-atendimento-de-saude-para-20-localidades-da-zona-rural-de-petrolina-em-dezembro\/#primaryimage"},"thumbnailUrl":"https:\/\/blogdofarnesio.com.br\/wp-content\/uploads\/2021\/08\/blogqsppet-unidade-movel-vacina-influenza.jpeg","datePublished":"2024-12-03T18:44:21+00:00","breadcrumb":{"@id":"https:\/\/blogdofarnesio.com.br\/2024\/12\/unidade-movel-medica-vai-levar-atendimento-de-saude-para-20-localidades-da-zona-rural-de-petrolina-em-dezembro\/#breadcrumb"},"inLanguage":"pt-BR","potentialAction":[{"@type":"ReadAction","target":["https:\/\/blogdofarnesio.com.br\/2024\/12\/unidade-movel-medica-vai-levar-atendimento-de-saude-para-20-localidades-da-zona-rural-de-petrolina-em-dezembro\/"]}]},{"@type":"ImageObject","inLanguage":"pt-BR","@id":"https:\/\/blogdofarnesio.com.br\/2024\/12\/unidade-movel-medica-vai-levar-atendimento-de-saude-para-20-localidades-da-zona-rural-de-petrolina-em-dezembro\/#primaryimage","url":"https:\/\/blogdofarnesio.com.br\/wp-content\/uploads\/2021\/08\/blogqsppet-unidade-movel-vacina-influenza.jpeg","contentUrl":"https:\/\/blogdofarnesio.com.br\/wp-content\/uploads\/2021\/08\/blogqsppet-unidade-movel-vacina-influenza.jpeg","width":640,"height":360},{"@type":"BreadcrumbList","@id":"https:\/\/blogdofarnesio.com.br\/2024\/12\/unidade-movel-medica-vai-levar-atendimento-de-saude-para-20-localidades-da-zona-rural-de-petrolina-em-dezembro\/#breadcrumb","itemListElement":[{"@type":"ListItem","position":1,"name":"In\u00edcio","item":"https:\/\/blogdofarnesio.com.br\/"},{"@type":"ListItem","position":2,"name":"Unidade M\u00f3vel M\u00e9dica vai levar atendimento de sa\u00fade para 20 localidades da zona rural de Petrolina em dezembro"}]},{"@type":"WebSite","@id":"https:\/\/blogdofarnesio.com.br\/#website","url":"https:\/\/blogdofarnesio.com.br\/","name":"Blog do Farn\u00e9sio","description":"Quer Saber Pol\u00edtica?","publisher":{"@id":"https:\/\/blogdofarnesio.com.br\/#organization"},"potentialAction":[{"@type":"SearchAction","target":{"@type":"EntryPoint","urlTemplate":"https:\/\/blogdofarnesio.com.br\/?s={search_term_string}"},"query-input":{"@type":"PropertyValueSpecification","valueRequired":true,"valueName":"search_term_string"}}],"inLanguage":"pt-BR"},{"@type":"Organization","@id":"https:\/\/blogdofarnesio.com.br\/#organization","name":"Blog do Farn\u00e9sio","url":"https:\/\/blogdofarnesio.com.br\/","logo":{"@type":"ImageObject","inLanguage":"pt-BR","@id":"https:\/\/blogdofarnesio.com.br\/#\/schema\/logo\/image\/","url":"https:\/\/blogdofarnesio.com.br\/wp-content\/uploads\/2026\/03\/cropped-logo_new-1.png","contentUrl":"https:\/\/blogdofarnesio.com.br\/wp-content\/uploads\/2026\/03\/cropped-logo_new-1.png","width":881,"height":685,"caption":"Blog do Farn\u00e9sio"},"image":{"@id":"https:\/\/blogdofarnesio.com.br\/#\/schema\/logo\/image\/"},"sameAs":["https:\/\/www.facebook.com\/BlogQuerSaberPolitica\/"]},{"@type":"Person","@id":"https:\/\/blogdofarnesio.com.br\/#\/schema\/person\/bb9b23ae3ad0609ce8df7b6c9e76824d","name":"Farn\u00e9sio","image":{"@type":"ImageObject","inLanguage":"pt-BR","@id":"https:\/\/secure.gravatar.com\/avatar\/986aa4c61ccdb66f8555bf88fc2a65609d00bcabd4d2d94377a727547345cbca?s=96&d=mm&r=g","url":"https:\/\/secure.gravatar.com\/avatar\/986aa4c61ccdb66f8555bf88fc2a65609d00bcabd4d2d94377a727547345cbca?s=96&d=mm&r=g","contentUrl":"https:\/\/secure.gravatar.com\/avatar\/986aa4c61ccdb66f8555bf88fc2a65609d00bcabd4d2d94377a727547345cbca?s=96&d=mm&r=g","caption":"Farn\u00e9sio"},"description":"Radialista blogueiro, chegou a Petrolina\/Juazeiro em setembro de 1980, Farn\u00e9sio Silva \u00e9 de Arapiraca-Alagoas.","sameAs":["http:\/\/blogdofarnesio.com.br","https:\/\/www.facebook.com\/?ref=tn_tnmn","https:\/\/www.instagram.com\/?utm_source=pwa_homescreen","https:\/\/youtube.com.br\/"],"url":"https:\/\/blogdofarnesio.com.br\/author\/farnesio-2\/"}]}},"_links":{"self":[{"href":"https:\/\/blogdofarnesio.com.br\/wp-json\/wp\/v2\/posts\/382604","targetHints":{"allow":["GET"]}}],"collection":[{"href":"https:\/\/blogdofarnesio.com.br\/wp-json\/wp\/v2\/posts"}],"about":[{"href":"https:\/\/blogdofarnesio.com.br\/wp-json\/wp\/v2\/types\/post"}],"author":[{"embeddable":true,"href":"https:\/\/blogdofarnesio.com.br\/wp-json\/wp\/v2\/users\/2"}],"replies":[{"embeddable":true,"href":"https:\/\/blogdofarnesio.com.br\/wp-json\/wp\/v2\/comments?post=382604"}],"version-history":[{"count":0,"href":"https:\/\/blogdofarnesio.com.br\/wp-json\/wp\/v2\/posts\/382604\/revisions"}],"wp:featuredmedia":[{"embeddable":true,"href":"https:\/\/blogdofarnesio.com.br\/wp-json\/wp\/v2\/media\/292650"}],"wp:attachment":[{"href":"https:\/\/blogdofarnesio.com.br\/wp-json\/wp\/v2\/media?parent=382604"}],"wp:term":[{"taxonomy":"category","embeddable":true,"href":"https:\/\/blogdofarnesio.com.br\/wp-json\/wp\/v2\/categories?post=382604"},{"taxonomy":"post_tag","embeddable":true,"href":"https:\/\/blogdofarnesio.com.br\/wp-json\/wp\/v2\/tags?post=382604"}],"curies":[{"name":"wp","href":"https:\/\/api.w.org\/{rel}","templated":true}]}}